{"id":17158,"date":"2015-08-04T20:44:45","date_gmt":"2015-08-05T01:44:45","guid":{"rendered":"http:\/\/www.lospoliticosveracruz.com.mx\/?p=17158"},"modified":"2015-08-04T20:48:01","modified_gmt":"2015-08-05T01:48:01","slug":"como-saldra-duarte-del-bache","status":"publish","type":"post","link":"https:\/\/lospoliticosveracruz.com\/?p=17158","title":{"rendered":"Pepe Yunes sacar\u00e1 chispas"},"content":{"rendered":"<p><a href=\"http:\/\/www.lospoliticosveracruz.com.mx\/wp-content\/uploads\/2015\/04\/Javier-Duarte.jpg\"><img loading=\"lazy\" decoding=\"async\" class=\"alignnone size-medium wp-image-15776\" src=\"http:\/\/www.lospoliticosveracruz.com.mx\/wp-content\/uploads\/2015\/04\/Javier-Duarte-300x200.jpg\" alt=\"Javier Duarte\" width=\"300\" height=\"200\" \/><\/a><\/p>\n<p><strong>\u00c1lvaro Belin Andrade<\/strong><br \/>\n<em>Hora Libre<\/em><\/p>\n<p>Quienes buscan el pend\u00f3n rumbo a la gubernatura de dos a\u00f1os una vez que concluya la gesti\u00f3n duartista parecen estar bien definidos, al menos del lado del PRI, aunque es cierto que no ser\u00e1 sino hasta finales de este a\u00f1o o en los primeros dos meses del pr\u00f3ximo cuando se sepa qui\u00e9n gana la rifa del tigre.<\/p>\n<p>Mientras los gallos fidelistas (Lagos-Carvallo-Silva) esperan con ansias que se les abra el escaparate del Palacio Legislativo de San L\u00e1zaro para mostrarse y balconearse, y Gerardo Buganza recrea el mito de su poder\u00edo, labrando su candidatura \u2018independiente\u2019, los senadores H\u00e9ctor y Jos\u00e9 Francisco Yunes consolidan posiciones en todo el estado.<\/p>\n<p>Es cierto que mantienen inalterable su alianza y saben que deben combatir las maniobras que el grupo fidelista intentar\u00e1 para evitar que un Yunes (cualquiera: priista o blanquiazul, chole\u00f1o o perote\u00f1o) gobierne la entidad. Pero hay que reconocer que son diferentes, que no fueron hechos con las mismas herramientas y materiales.<\/p>\n<p>H\u00e9ctor parece desesperado. Detr\u00e1s de su sonrisa y su confianza de que las encuestas lo tienen en la parte m\u00e1s alta, se esconde la inquietud de no ser el elegido, no por Javier Duarte, que poco har\u00e1 para que lo sea (aunque le ha apoyado con la infraestructura y log\u00edstica del gobierno) sino por el presidente Enrique Pe\u00f1a Nieto.<\/p>\n<p>Hay en su composici\u00f3n pol\u00edtica un elemento que puede ser afortunado o fatal: su cercan\u00eda con Manlio Fabio Beltrones, quien dif\u00edcilmente conseguir\u00e1 la dirigencia nacional del PRI porque no es la figura que Pe\u00f1a quiere para la sucesi\u00f3n presidencial de 2018.<\/p>\n<p>Para sustituir a C\u00e9sar Camacho, la apuesta pe\u00f1ista es el treinta\u00f1ero Aurelio Nu\u00f1o Mayer, el poderoso jefe de la Oficina de la Presidencia, y este mi\u00e9rcoles podr\u00eda salir la convocatoria para elegir al nuevo dirigente nacional y ponerse en juego la apuesta mexiquense.<\/p>\n<p>H\u00e9ctor Yunes se jacta de su cercan\u00eda con el pol\u00edtico sonorense, quien no solo busca la presidencia del PRI sino catapultarse para ser sucesor de Pe\u00f1a en 2018.<\/p>\n<p>Jos\u00e9 Francisco Yunes Zorrilla, por su parte, es cercano al m\u00e1s cercano a Pe\u00f1a, Luis Videgaray, secretario de Hacienda y Cr\u00e9dito P\u00fablico, quien podr\u00eda ser la apuesta del Presidente de la Rep\u00fablica para sucederle.<\/p>\n<p>Tambi\u00e9n tiene datos al parecer irrefutables de que puntea las preferencias entre los posibles del PRI, pero no est\u00e1 desesperado. Sabe que la decisi\u00f3n se encuentra en Los Pinos y puede que las cosas sean fortalecer lo m\u00e1s pronto posible un estado como Veracruz, tan importante en t\u00e9rminos electorales, y por ello puede ser impulsado para la minigubernatura.<\/p>\n<p>O dejar pasar a H\u00e9ctor para apuntalarlo a \u00e9l rumbo a la gubernatura de 6 a\u00f1os en concordancia con los comicios federales de 2018, cuando es posible que vaya como abanderado priista su amigo Luis Videgaray.<\/p>\n<p>De la charla que sostuvo el senador Jos\u00e9 Yunes con varios columnistas, adem\u00e1s de su disposici\u00f3n al di\u00e1logo pude observar contundencia en sus convicciones.<\/p>\n<p>Sabe que H\u00e9ctor puede ser el elegido, que en su favor puede ir toda la maquinaria gubernamental duartista y, por ello, tenga una posici\u00f3n de privilegio para la postulaci\u00f3n; si eso sucede, no se opondr\u00e1 y lo apoyar\u00e1 a todo lo que da.<\/p>\n<p>Pero dijo algo que lo dibuja a plenitud (un trazo que en los meses recientes se hab\u00eda mantenido oculto por lo tenue): si la nominaci\u00f3n no recae en \u00e9l porque se hayan metido las manos negras del fidelismo, porque se haya hecho una campa\u00f1a negra para anularlo o vetarlo, entonces todos conoceremos a un Pepe Yunes diferente. Y sacar\u00e1 chispas.<\/p>\n<p>Tanto Aurelio Nu\u00f1o en el PRI nacional y la hipot\u00e9tica asunci\u00f3n de Luis Videgaray a la candidatura presidencial como la incorporaci\u00f3n (en 2016 o 2018) del senador Pepe Yunes como candidato gubernamental, son se\u00f1ales de que el PRI buscar\u00e1 convencer al mayor contingente de votantes en dos a\u00f1os.<\/p>\n<p>En 2018 votar\u00e1n por primera vez 14 millones de j\u00f3venes que habr\u00e1n cumplido su mayor\u00eda de edad; si a ellos agregamos, como escribe Ciro G\u00f3mez Leyva en El Universal, los 28 millones que entonces tendr\u00e1n menos de 27 a\u00f1os o los 39 millones que ser\u00e1n menores de 32, ya imaginaremos qui\u00e9nes pueden llegar con un lenguaje y un discursos convincente para esa jornada importante en el escenario pol\u00edtico del pa\u00eds.<\/p>\n<p>Ya seguiremos con esta l\u00ednea de reflexi\u00f3n.<\/p>\n<p>&nbsp;<\/p>\n<p><strong>\u00bfC\u00f3mo saldr\u00e1 Duarte del bache?<\/strong><\/p>\n<p>&nbsp;<\/p>\n<p>Algo debe hacer, y pronto, Javier Duarte de Ochoa para recuperarse de uno de los m\u00e1s profundos baches en que ha ca\u00eddo su figura pol\u00edtica, su investidura como gobernador y, si lo tiene, su proyecto pol\u00edtico.<\/p>\n<p>El asesinato del fotoperiodista Rub\u00e9n Espinosa Becerril y la activista pol\u00edtica Nadia Vera P\u00e9rez en el Distrito Federal ha tomado un giro extraordinario: nunca como en esta ocasi\u00f3n, la atenci\u00f3n y el repudio de medios de comunicaci\u00f3n, partidos pol\u00edticos y organizaciones sociales del pa\u00eds y el extranjero e, incluso, gobiernos y organismos multilaterales como la ONU, hab\u00edan llamado tanto la atenci\u00f3n sobre la aparente responsabilidad del gobierno veracruzano en los hechos, sea por comisi\u00f3n o por omisi\u00f3n.<\/p>\n<p>Que no haya sido en Veracruz sino en el DF, lejos de restarle responsabilidad, le ha dado una enorme notoriedad, exposici\u00f3n medi\u00e1tica y el repudio generalizado, incluso de periodistas tradicionalmente alineados como Guadalupe Loaeza (asalariada varios a\u00f1os de su gobierno a trav\u00e9s de la televisi\u00f3n p\u00fablica) que han terminado por expresar su estupefacci\u00f3n ante un escenario de tanta violencia (multihomicidio, feminicidios, atentado a la libertad de expresi\u00f3n) como en el que perdi\u00f3 la vida Rub\u00e9n Espinosa.<\/p>\n<p>Y es que no solo ha sido ese dantesco episodio el que ha puesto a Javier Duarte y, m\u00e1s recientemente a su secretario de Seguridad P\u00fablica Arturo Berm\u00fadez, en el ojo del hurac\u00e1n. Lo que pasa es que es el periodista n\u00famero 15 durante su gesti\u00f3n\u2026 y contando.<\/p>\n<p>Si su gobierno, pese a ello, hubiera mostrado:<\/p>\n<p>1) Voluntad pol\u00edtica para investigar a fondo los casos y hubiera dado con los responsables, evitando con ello la impunidad que es est\u00edmulo para repetir los reporticidios (si se me permite la expresi\u00f3n), y<\/p>\n<p>2) Acompa\u00f1amiento y protecci\u00f3n para los periodistas m\u00e1s vulnerables y en riesgo\u2026<\/p>\n<p>\u2026la opini\u00f3n p\u00fablica no ser\u00eda tan pr\u00f3diga en acusaciones y sospechas.<\/p>\n<p>Hay gobernadores que salen pronto de este tipo de crisis pol\u00edticas, que afrontan las circunstancias negativas que los encierran y los ponen a la defensiva mediante actos de avanzada voluntad en que ponen en juego a toda la estructura gubernamental para afrontar el problema que m\u00e1s lacera a la poblaci\u00f3n.<\/p>\n<p>Ciertamente, esos personajes tienen como respaldo argumentos s\u00f3lidos en materia de conducci\u00f3n pol\u00edtica, un importante repertorio de obras p\u00fablicas que han servido de resorte para impulsar el crecimiento econ\u00f3mico de su entidad, programas sociales que han permitido contener la pobreza e, incluso, disminuir el porcentaje de la poblaci\u00f3n que se cuantifica debajo de la l\u00ednea de flotaci\u00f3n, recursos para atender los rezagos y para implantar programas de vanguardia en materia de desarrollo.<\/p>\n<p>Nada de eso puede invocar Javier Duarte.<\/p>\n<p>La deuda p\u00fablica no solo no ha disminuido sino que se ha convertido en un c\u00e1ncer durante su gobierno.<\/p>\n<p>Ello ha llevado a la quiebra de buena parte de las empresas veracruzanas, lo que ha provocado la p\u00e9rdida de miles de empleos y el hundimiento de peque\u00f1os negocios.<\/p>\n<p>La ausencia de programas de apoyo al campo ha hecho que el antiguo granero veracruzano se convierta en un erial y que los campesinos destinen su actividad a una agricultura de subsistencia, que abandonen los cultivos para salir a la b\u00fasqueda de empleos fuera de la entidad y, en muchos casos, ofreciendo sus parcelas a arrendatarios.<\/p>\n<p>La pobreza y la pobreza extrema han experimentado en los \u00faltimos dos a\u00f1os un crecimiento inusitado, aunque explicable, incorporando a medio mill\u00f3n de veracruzanos a esa porci\u00f3n que ya representa m\u00e1s de la mitad de la poblaci\u00f3n que sobrevive con menos de los ingresos m\u00ednimos para no morir de hambre.<\/p>\n<p>Antes de salir al escenario p\u00fablico, Javier Duarte debe sentarse con sus expertos (si los tiene) para definir un nuevo rumbo que norme los \u00faltimos meses de su gobierno. Dejar que la crisis pase sola puede ser fatal.<\/p>\n","protected":false},"excerpt":{"rendered":"<p>\u00c1lvaro Belin Andrade Hora Libre Quienes buscan el pend\u00f3n rumbo a la gubernatura de dos a\u00f1os una vez que concluya la gesti\u00f3n duartista parecen estar bien definidos, al menos del lado del PRI, aunque es cierto que no ser\u00e1 sino hasta finales de este a\u00f1o o en los primeros dos meses del pr\u00f3ximo cuando se [&hellip;]<\/p>\n","protected":false},"author":2,"featured_media":0,"comment_status":"open","ping_status":"open","sticky":false,"template":"","format":"standard","meta":{"tdm_status":"","tdm_grid_status":"","footnotes":""},"categories":[70],"tags":[260,3107,3089],"class_list":{"0":"post-17158","1":"post","2":"type-post","3":"status-publish","4":"format-standard","6":"category-de-opinion","7":"tag-javier-duarte-de-ochoa","8":"tag-nadia-vera-perez","9":"tag-ruben-espinosa-becerril"},"yoast_head":"<!-- This site is optimized with the Yoast SEO plugin v27.4 - https:\/\/yoast.com\/product\/yoast-seo-wordpress\/ -->\n<title>Pepe Yunes sacar\u00e1 chispas - Los pol\u00edticos Veracruz<\/title>\n<meta name=\"robots\" content=\"index, follow, max-snippet:-1, max-image-preview:large, max-video-preview:-1\" \/>\n<link rel=\"canonical\" href=\"https:\/\/lospoliticosveracruz.com\/?p=17158\" \/>\n<meta property=\"og:locale\" content=\"es_ES\" \/>\n<meta property=\"og:type\" content=\"article\" \/>\n<meta property=\"og:title\" content=\"Pepe Yunes sacar\u00e1 chispas - Los pol\u00edticos Veracruz\" \/>\n<meta property=\"og:description\" content=\"\u00c1lvaro Belin Andrade Hora Libre Quienes buscan el pend\u00f3n rumbo a la gubernatura de dos a\u00f1os una vez que concluya la gesti\u00f3n duartista parecen estar bien definidos, al menos del lado del PRI, aunque es cierto que no ser\u00e1 sino hasta finales de este a\u00f1o o en los primeros dos meses del pr\u00f3ximo cuando se [&hellip;]\" \/>\n<meta property=\"og:url\" content=\"https:\/\/lospoliticosveracruz.com\/?p=17158\" \/>\n<meta property=\"og:site_name\" content=\"Los pol\u00edticos Veracruz\" \/>\n<meta property=\"article:publisher\" content=\"https:\/\/www.facebook.com\/people\/Notimemes-de-los-Polticos\/61565672886568\/\" \/>\n<meta property=\"article:published_time\" content=\"2015-08-05T01:44:45+00:00\" \/>\n<meta property=\"article:modified_time\" content=\"2015-08-05T01:48:01+00:00\" \/>\n<meta property=\"og:image\" content=\"http:\/\/www.lospoliticosveracruz.com.mx\/wp-content\/uploads\/2015\/04\/Javier-Duarte-300x200.jpg\" \/>\n<meta name=\"author\" content=\"Lo viste en Los Pol\u00edticos\" \/>\n<meta name=\"twitter:card\" content=\"summary_large_image\" \/>\n<meta name=\"twitter:creator\" content=\"@LosPoliticosVer\" \/>\n<meta name=\"twitter:site\" content=\"@LosPoliticosVer\" \/>\n<meta name=\"twitter:label1\" content=\"Escrito por\" \/>\n\t<meta name=\"twitter:data1\" content=\"Lo viste en Los Pol\u00edticos\" \/>\n\t<meta name=\"twitter:label2\" content=\"Tiempo de lectura\" \/>\n\t<meta name=\"twitter:data2\" content=\"7 minutos\" \/>\n<script type=\"application\/ld+json\" class=\"yoast-schema-graph\">{\"@context\":\"https:\\\/\\\/schema.org\",\"@graph\":[{\"@type\":\"Article\",\"@id\":\"https:\\\/\\\/lospoliticosveracruz.com\\\/?p=17158#article\",\"isPartOf\":{\"@id\":\"https:\\\/\\\/lospoliticosveracruz.com\\\/?p=17158\"},\"author\":{\"name\":\"Lo viste en Los Pol\u00edticos\",\"@id\":\"https:\\\/\\\/lospoliticosveracruz.com\\\/#\\\/schema\\\/person\\\/b8702bb0e538456e6efd07080bf2a4a2\"},\"headline\":\"Pepe Yunes sacar\u00e1 chispas\",\"datePublished\":\"2015-08-05T01:44:45+00:00\",\"dateModified\":\"2015-08-05T01:48:01+00:00\",\"mainEntityOfPage\":{\"@id\":\"https:\\\/\\\/lospoliticosveracruz.com\\\/?p=17158\"},\"wordCount\":1470,\"commentCount\":0,\"publisher\":{\"@id\":\"https:\\\/\\\/lospoliticosveracruz.com\\\/#organization\"},\"image\":{\"@id\":\"https:\\\/\\\/lospoliticosveracruz.com\\\/?p=17158#primaryimage\"},\"thumbnailUrl\":\"http:\\\/\\\/www.lospoliticosveracruz.com.mx\\\/wp-content\\\/uploads\\\/2015\\\/04\\\/Javier-Duarte-300x200.jpg\",\"keywords\":[\"Javier Duarte de Ochoa\",\"Nadia Vera P\u00e9rez\",\"Rub\u00e9n Espinosa Becerril\"],\"articleSection\":[\"De Opini\u00f3n\"],\"inLanguage\":\"es\",\"potentialAction\":[{\"@type\":\"CommentAction\",\"name\":\"Comment\",\"target\":[\"https:\\\/\\\/lospoliticosveracruz.com\\\/?p=17158#respond\"]}]},{\"@type\":\"WebPage\",\"@id\":\"https:\\\/\\\/lospoliticosveracruz.com\\\/?p=17158\",\"url\":\"https:\\\/\\\/lospoliticosveracruz.com\\\/?p=17158\",\"name\":\"Pepe Yunes sacar\u00e1 chispas - Los pol\u00edticos Veracruz\",\"isPartOf\":{\"@id\":\"https:\\\/\\\/lospoliticosveracruz.com\\\/#website\"},\"primaryImageOfPage\":{\"@id\":\"https:\\\/\\\/lospoliticosveracruz.com\\\/?p=17158#primaryimage\"},\"image\":{\"@id\":\"https:\\\/\\\/lospoliticosveracruz.com\\\/?p=17158#primaryimage\"},\"thumbnailUrl\":\"http:\\\/\\\/www.lospoliticosveracruz.com.mx\\\/wp-content\\\/uploads\\\/2015\\\/04\\\/Javier-Duarte-300x200.jpg\",\"datePublished\":\"2015-08-05T01:44:45+00:00\",\"dateModified\":\"2015-08-05T01:48:01+00:00\",\"breadcrumb\":{\"@id\":\"https:\\\/\\\/lospoliticosveracruz.com\\\/?p=17158#breadcrumb\"},\"inLanguage\":\"es\",\"potentialAction\":[{\"@type\":\"ReadAction\",\"target\":[\"https:\\\/\\\/lospoliticosveracruz.com\\\/?p=17158\"]}]},{\"@type\":\"ImageObject\",\"inLanguage\":\"es\",\"@id\":\"https:\\\/\\\/lospoliticosveracruz.com\\\/?p=17158#primaryimage\",\"url\":\"http:\\\/\\\/www.lospoliticosveracruz.com.mx\\\/wp-content\\\/uploads\\\/2015\\\/04\\\/Javier-Duarte-300x200.jpg\",\"contentUrl\":\"http:\\\/\\\/www.lospoliticosveracruz.com.mx\\\/wp-content\\\/uploads\\\/2015\\\/04\\\/Javier-Duarte-300x200.jpg\"},{\"@type\":\"BreadcrumbList\",\"@id\":\"https:\\\/\\\/lospoliticosveracruz.com\\\/?p=17158#breadcrumb\",\"itemListElement\":[{\"@type\":\"ListItem\",\"position\":1,\"name\":\"Portada\",\"item\":\"https:\\\/\\\/lospoliticosveracruz.com\\\/\"},{\"@type\":\"ListItem\",\"position\":2,\"name\":\"Pepe Yunes sacar\u00e1 chispas\"}]},{\"@type\":\"WebSite\",\"@id\":\"https:\\\/\\\/lospoliticosveracruz.com\\\/#website\",\"url\":\"https:\\\/\\\/lospoliticosveracruz.com\\\/\",\"name\":\"Los pol\u00edticos Veracruz\",\"description\":\"\",\"publisher\":{\"@id\":\"https:\\\/\\\/lospoliticosveracruz.com\\\/#organization\"},\"potentialAction\":[{\"@type\":\"SearchAction\",\"target\":{\"@type\":\"EntryPoint\",\"urlTemplate\":\"https:\\\/\\\/lospoliticosveracruz.com\\\/?s={search_term_string}\"},\"query-input\":{\"@type\":\"PropertyValueSpecification\",\"valueRequired\":true,\"valueName\":\"search_term_string\"}}],\"inLanguage\":\"es\"},{\"@type\":\"Organization\",\"@id\":\"https:\\\/\\\/lospoliticosveracruz.com\\\/#organization\",\"name\":\"Los pol\u00edticos Veracruz\",\"url\":\"https:\\\/\\\/lospoliticosveracruz.com\\\/\",\"logo\":{\"@type\":\"ImageObject\",\"inLanguage\":\"es\",\"@id\":\"https:\\\/\\\/lospoliticosveracruz.com\\\/#\\\/schema\\\/logo\\\/image\\\/\",\"url\":\"https:\\\/\\\/lospoliticosveracruz.com\\\/wp-content\\\/uploads\\\/2025\\\/12\\\/Logo-Nuevo-LOS-POLITICOS-1.jpg\",\"contentUrl\":\"https:\\\/\\\/lospoliticosveracruz.com\\\/wp-content\\\/uploads\\\/2025\\\/12\\\/Logo-Nuevo-LOS-POLITICOS-1.jpg\",\"width\":260,\"height\":70,\"caption\":\"Los pol\u00edticos Veracruz\"},\"image\":{\"@id\":\"https:\\\/\\\/lospoliticosveracruz.com\\\/#\\\/schema\\\/logo\\\/image\\\/\"},\"sameAs\":[\"https:\\\/\\\/www.facebook.com\\\/people\\\/Notimemes-de-los-Polticos\\\/61565672886568\\\/\",\"https:\\\/\\\/x.com\\\/LosPoliticosVer\"]},{\"@type\":\"Person\",\"@id\":\"https:\\\/\\\/lospoliticosveracruz.com\\\/#\\\/schema\\\/person\\\/b8702bb0e538456e6efd07080bf2a4a2\",\"name\":\"Lo viste en Los Pol\u00edticos\",\"image\":{\"@type\":\"ImageObject\",\"inLanguage\":\"es\",\"@id\":\"https:\\\/\\\/secure.gravatar.com\\\/avatar\\\/3a8de04a2656d44082be478bd6c086daa447c4651605818287b9532d3d0bd435?s=96&d=mm&r=g\",\"url\":\"https:\\\/\\\/secure.gravatar.com\\\/avatar\\\/3a8de04a2656d44082be478bd6c086daa447c4651605818287b9532d3d0bd435?s=96&d=mm&r=g\",\"contentUrl\":\"https:\\\/\\\/secure.gravatar.com\\\/avatar\\\/3a8de04a2656d44082be478bd6c086daa447c4651605818287b9532d3d0bd435?s=96&d=mm&r=g\",\"caption\":\"Lo viste en Los Pol\u00edticos\"},\"url\":\"https:\\\/\\\/lospoliticosveracruz.com\\\/?author=2\"}]}<\/script>\n<!-- \/ Yoast SEO plugin. -->","yoast_head_json":{"title":"Pepe Yunes sacar\u00e1 chispas - Los pol\u00edticos Veracruz","robots":{"index":"index","follow":"follow","max-snippet":"max-snippet:-1","max-image-preview":"max-image-preview:large","max-video-preview":"max-video-preview:-1"},"canonical":"https:\/\/lospoliticosveracruz.com\/?p=17158","og_locale":"es_ES","og_type":"article","og_title":"Pepe Yunes sacar\u00e1 chispas - Los pol\u00edticos Veracruz","og_description":"\u00c1lvaro Belin Andrade Hora Libre Quienes buscan el pend\u00f3n rumbo a la gubernatura de dos a\u00f1os una vez que concluya la gesti\u00f3n duartista parecen estar bien definidos, al menos del lado del PRI, aunque es cierto que no ser\u00e1 sino hasta finales de este a\u00f1o o en los primeros dos meses del pr\u00f3ximo cuando se [&hellip;]","og_url":"https:\/\/lospoliticosveracruz.com\/?p=17158","og_site_name":"Los pol\u00edticos Veracruz","article_publisher":"https:\/\/www.facebook.com\/people\/Notimemes-de-los-Polticos\/61565672886568\/","article_published_time":"2015-08-05T01:44:45+00:00","article_modified_time":"2015-08-05T01:48:01+00:00","og_image":[{"url":"http:\/\/www.lospoliticosveracruz.com.mx\/wp-content\/uploads\/2015\/04\/Javier-Duarte-300x200.jpg","type":"","width":"","height":""}],"author":"Lo viste en Los Pol\u00edticos","twitter_card":"summary_large_image","twitter_creator":"@LosPoliticosVer","twitter_site":"@LosPoliticosVer","twitter_misc":{"Escrito por":"Lo viste en Los Pol\u00edticos","Tiempo de lectura":"7 minutos"},"schema":{"@context":"https:\/\/schema.org","@graph":[{"@type":"Article","@id":"https:\/\/lospoliticosveracruz.com\/?p=17158#article","isPartOf":{"@id":"https:\/\/lospoliticosveracruz.com\/?p=17158"},"author":{"name":"Lo viste en Los Pol\u00edticos","@id":"https:\/\/lospoliticosveracruz.com\/#\/schema\/person\/b8702bb0e538456e6efd07080bf2a4a2"},"headline":"Pepe Yunes sacar\u00e1 chispas","datePublished":"2015-08-05T01:44:45+00:00","dateModified":"2015-08-05T01:48:01+00:00","mainEntityOfPage":{"@id":"https:\/\/lospoliticosveracruz.com\/?p=17158"},"wordCount":1470,"commentCount":0,"publisher":{"@id":"https:\/\/lospoliticosveracruz.com\/#organization"},"image":{"@id":"https:\/\/lospoliticosveracruz.com\/?p=17158#primaryimage"},"thumbnailUrl":"http:\/\/www.lospoliticosveracruz.com.mx\/wp-content\/uploads\/2015\/04\/Javier-Duarte-300x200.jpg","keywords":["Javier Duarte de Ochoa","Nadia Vera P\u00e9rez","Rub\u00e9n Espinosa Becerril"],"articleSection":["De Opini\u00f3n"],"inLanguage":"es","potentialAction":[{"@type":"CommentAction","name":"Comment","target":["https:\/\/lospoliticosveracruz.com\/?p=17158#respond"]}]},{"@type":"WebPage","@id":"https:\/\/lospoliticosveracruz.com\/?p=17158","url":"https:\/\/lospoliticosveracruz.com\/?p=17158","name":"Pepe Yunes sacar\u00e1 chispas - Los pol\u00edticos Veracruz","isPartOf":{"@id":"https:\/\/lospoliticosveracruz.com\/#website"},"primaryImageOfPage":{"@id":"https:\/\/lospoliticosveracruz.com\/?p=17158#primaryimage"},"image":{"@id":"https:\/\/lospoliticosveracruz.com\/?p=17158#primaryimage"},"thumbnailUrl":"http:\/\/www.lospoliticosveracruz.com.mx\/wp-content\/uploads\/2015\/04\/Javier-Duarte-300x200.jpg","datePublished":"2015-08-05T01:44:45+00:00","dateModified":"2015-08-05T01:48:01+00:00","breadcrumb":{"@id":"https:\/\/lospoliticosveracruz.com\/?p=17158#breadcrumb"},"inLanguage":"es","potentialAction":[{"@type":"ReadAction","target":["https:\/\/lospoliticosveracruz.com\/?p=17158"]}]},{"@type":"ImageObject","inLanguage":"es","@id":"https:\/\/lospoliticosveracruz.com\/?p=17158#primaryimage","url":"http:\/\/www.lospoliticosveracruz.com.mx\/wp-content\/uploads\/2015\/04\/Javier-Duarte-300x200.jpg","contentUrl":"http:\/\/www.lospoliticosveracruz.com.mx\/wp-content\/uploads\/2015\/04\/Javier-Duarte-300x200.jpg"},{"@type":"BreadcrumbList","@id":"https:\/\/lospoliticosveracruz.com\/?p=17158#breadcrumb","itemListElement":[{"@type":"ListItem","position":1,"name":"Portada","item":"https:\/\/lospoliticosveracruz.com\/"},{"@type":"ListItem","position":2,"name":"Pepe Yunes sacar\u00e1 chispas"}]},{"@type":"WebSite","@id":"https:\/\/lospoliticosveracruz.com\/#website","url":"https:\/\/lospoliticosveracruz.com\/","name":"Los pol\u00edticos Veracruz","description":"","publisher":{"@id":"https:\/\/lospoliticosveracruz.com\/#organization"},"potentialAction":[{"@type":"SearchAction","target":{"@type":"EntryPoint","urlTemplate":"https:\/\/lospoliticosveracruz.com\/?s={search_term_string}"},"query-input":{"@type":"PropertyValueSpecification","valueRequired":true,"valueName":"search_term_string"}}],"inLanguage":"es"},{"@type":"Organization","@id":"https:\/\/lospoliticosveracruz.com\/#organization","name":"Los pol\u00edticos Veracruz","url":"https:\/\/lospoliticosveracruz.com\/","logo":{"@type":"ImageObject","inLanguage":"es","@id":"https:\/\/lospoliticosveracruz.com\/#\/schema\/logo\/image\/","url":"https:\/\/lospoliticosveracruz.com\/wp-content\/uploads\/2025\/12\/Logo-Nuevo-LOS-POLITICOS-1.jpg","contentUrl":"https:\/\/lospoliticosveracruz.com\/wp-content\/uploads\/2025\/12\/Logo-Nuevo-LOS-POLITICOS-1.jpg","width":260,"height":70,"caption":"Los pol\u00edticos Veracruz"},"image":{"@id":"https:\/\/lospoliticosveracruz.com\/#\/schema\/logo\/image\/"},"sameAs":["https:\/\/www.facebook.com\/people\/Notimemes-de-los-Polticos\/61565672886568\/","https:\/\/x.com\/LosPoliticosVer"]},{"@type":"Person","@id":"https:\/\/lospoliticosveracruz.com\/#\/schema\/person\/b8702bb0e538456e6efd07080bf2a4a2","name":"Lo viste en Los Pol\u00edticos","image":{"@type":"ImageObject","inLanguage":"es","@id":"https:\/\/secure.gravatar.com\/avatar\/3a8de04a2656d44082be478bd6c086daa447c4651605818287b9532d3d0bd435?s=96&d=mm&r=g","url":"https:\/\/secure.gravatar.com\/avatar\/3a8de04a2656d44082be478bd6c086daa447c4651605818287b9532d3d0bd435?s=96&d=mm&r=g","contentUrl":"https:\/\/secure.gravatar.com\/avatar\/3a8de04a2656d44082be478bd6c086daa447c4651605818287b9532d3d0bd435?s=96&d=mm&r=g","caption":"Lo viste en Los Pol\u00edticos"},"url":"https:\/\/lospoliticosveracruz.com\/?author=2"}]}},"_links":{"self":[{"href":"https:\/\/lospoliticosveracruz.com\/index.php?rest_route=\/wp\/v2\/posts\/17158","targetHints":{"allow":["GET"]}}],"collection":[{"href":"https:\/\/lospoliticosveracruz.com\/index.php?rest_route=\/wp\/v2\/posts"}],"about":[{"href":"https:\/\/lospoliticosveracruz.com\/index.php?rest_route=\/wp\/v2\/types\/post"}],"author":[{"embeddable":true,"href":"https:\/\/lospoliticosveracruz.com\/index.php?rest_route=\/wp\/v2\/users\/2"}],"replies":[{"embeddable":true,"href":"https:\/\/lospoliticosveracruz.com\/index.php?rest_route=%2Fwp%2Fv2%2Fcomments&post=17158"}],"version-history":[{"count":2,"href":"https:\/\/lospoliticosveracruz.com\/index.php?rest_route=\/wp\/v2\/posts\/17158\/revisions"}],"predecessor-version":[{"id":17160,"href":"https:\/\/lospoliticosveracruz.com\/index.php?rest_route=\/wp\/v2\/posts\/17158\/revisions\/17160"}],"wp:attachment":[{"href":"https:\/\/lospoliticosveracruz.com\/index.php?rest_route=%2Fwp%2Fv2%2Fmedia&parent=17158"}],"wp:term":[{"taxonomy":"category","embeddable":true,"href":"https:\/\/lospoliticosveracruz.com\/index.php?rest_route=%2Fwp%2Fv2%2Fcategories&post=17158"},{"taxonomy":"post_tag","embeddable":true,"href":"https:\/\/lospoliticosveracruz.com\/index.php?rest_route=%2Fwp%2Fv2%2Ftags&post=17158"}],"curies":[{"name":"wp","href":"https:\/\/api.w.org\/{rel}","templated":true}]}}