{"id":17181,"date":"2015-08-05T19:49:39","date_gmt":"2015-08-06T00:49:39","guid":{"rendered":"http:\/\/www.lospoliticosveracruz.com.mx\/?p=17181"},"modified":"2015-08-05T19:49:39","modified_gmt":"2015-08-06T00:49:39","slug":"condena-a-epn-por-multihomicidio","status":"publish","type":"post","link":"https:\/\/lospoliticosveracruz.com\/?p=17181","title":{"rendered":"Condena a EPN por multihomicidio"},"content":{"rendered":"<p><a href=\"http:\/\/www.lospoliticosveracruz.com.mx\/wp-content\/uploads\/2015\/08\/Narvarte1.jpg\"><img loading=\"lazy\" decoding=\"async\" class=\"alignnone size-medium wp-image-17182\" src=\"http:\/\/www.lospoliticosveracruz.com.mx\/wp-content\/uploads\/2015\/08\/Narvarte1-300x199.jpg\" alt=\"Narvarte\" width=\"300\" height=\"199\" \/><\/a><\/p>\n<blockquote><p>* Legisladores contra Duarte\u00a0* Ni el PRI lo defendi\u00f3<\/p><\/blockquote>\n<p><strong>Marco Antonio Aguirre Rodr\u00edguez<\/strong><\/p>\n<p><em>M\u00edsticos y Terrenales<\/em><\/p>\n<p>El \u201cmultihomicidio de la Narvarte\u201d, como le han dado en llamar, hizo brotar una vez m\u00e1s el bajo nivel de credibilidad y estima que existe hacia la administraci\u00f3n de Enrique Pe\u00f1a Nieto, lo cual en mucho es propiciado por el gobierno de Javier Duarte, al menos en lo que respecta a la resoluci\u00f3n de cr\u00edmenes contra periodistas.<br \/>\nEl multihomicidio fue condenado por organismos multinacionales representativos de gobiernos, como la Organizaci\u00f3n de las Naciones Unidas (ONU), la Organizaci\u00f3n de Estados Americanos (OEA) y la Uni\u00f3n Europea.<br \/>\nEl deterioro de credibilidad del gobierno de Enrique Pe\u00f1a Nieto y la sospecha de que la administraci\u00f3n de Javier Duarte esta involucrada o por lo menos tolera los cr\u00edmenes contra periodistas, llev\u00f3 a que la mayor\u00eda de los partidos pol\u00edticos integrantes de la Comisi\u00f3n Permanente del Congreso de la Uni\u00f3n, pidan que se esclarezcan los hechos y que no queden en la impunidad, como ha ocurrido con los casos de los asesinatos de otros 13 periodistas, y la mayor\u00eda de los partidos pidieron que Javier Duarte comparezca para explicar el estado que guardan las investigaciones de los cr\u00edmenes.<br \/>\nLa Comisi\u00f3n Permanente emiti\u00f3 una \u201ccondena por el tr\u00e1gico homicidio del foto periodista Rub\u00e9n Espinosa, y los tr\u00e1gicos feminicidios de la activista social Nadia vera y de tres mujeres m\u00e1s\u201d y se pronunci\u00f3 por su esclarecimiento\u201d, ante lo cual inst\u00f3 al gobierno del DF a realizar las indagatorias correspondientes \u201ca fin de esclarecer con prontitud estos lamentables hechos y castigar con severidad a los responsables\u201d.<br \/>\nLa reputaci\u00f3n de Javier Duarte de su no protecci\u00f3n a periodistas e incluso de tolerar estos cr\u00edmenes, se da porque son 14 los casos de periodistas que trabajaban en Veracruz, asesinados durante su gobierno\u2026 Y en ninguno hay condena contra los culpables y si en la mayor\u00eda de los casos existe una total falta de informaci\u00f3n.<br \/>\nLa condena de la ONU lleg\u00f3 directamente a trav\u00e9s de la directora general de la UNESCO, Irina Bokova, quien este 5 de agosto pidi\u00f3 que el crimen contra Rub\u00e9n Espinosa, y las otras 4 personas, se investigue a fondo y no quede impune.<br \/>\nLos hechos los presumi\u00f3 como un intento de suprimir la libertad de prensa y por lo mismo pidi\u00f3 que debe ser indagado y que los responsables deben rendir cuentas ante la justicia: \u201cTenemos que respaldar a los periodistas valientes que trabajan para mantener informados a los ciudadanos\u201d, apunt\u00f3 Bokova.<br \/>\nAntes la Oficina en M\u00e9xico del Alto Comisionado de la ONU para los Derechos Humanos expres\u00f3 su \u201ccondena m\u00e1s firme\u201d ante el asesinato m\u00faltiple, y en el cual las cinco v\u00edctimas ten\u00edan marcas de tortura que inclu\u00edan violencia sexual.<br \/>\nPor su parte la Delegaci\u00f3n de la Uni\u00f3n Europea y las Embajadas de los Estados Miembros de la misma condenaron \u201cfirmemente\u201d el asesinato m\u00faltiple e instaron a las autoridades mexicanas competentes a esclarecer los hechos, identificar y juzgar a las personas responsables.<br \/>\nLa delegaci\u00f3n de la Uni\u00f3n Europea tambi\u00e9n enfatiz\u00f3 en que se esclarezcan los motivos por los cuales el fotoperiodista sali\u00f3 de Veracruz en junio pasado.<br \/>\nLa Relator\u00eda Especial para la Libertad de Expresi\u00f3n dependiente de la Comisi\u00f3n Interamericana de Derechos Humanos (CIDH) de la OEA, por su parte, conden\u00f3 el asesinato del reportero gr\u00e1fico de\u00a0Proceso\u00a0y\u00a0Cuartoscuro, e inst\u00f3 al gobierno de M\u00e9xico a investigar el crimen de forma exhaustiva.<br \/>\nLa Relator\u00eda indic\u00f3 que Espinosa, adem\u00e1s de reportero gr\u00e1fico tambi\u00e9n era \u201cun activista que exig\u00eda medidas para prevenir, investigar y sancionar la violencia contra los periodistas\u201d.<br \/>\nRub\u00e9n Espinosa trabaj\u00f3 los \u00faltimos 8 a\u00f1os en Veracruz, hasta que en junio pasado se autoexili\u00f3 del estado por temor de su vida.<br \/>\nEl desprestigio hacia Pe\u00f1a Nieto, al cual lo arrastr\u00f3 irremediablemente la administraci\u00f3n de Javier Duarte, tambi\u00e9n provoc\u00f3 que los grupos parlamentarios, que integran la Comisi\u00f3n Permanente del Congreso de la Uni\u00f3n (y en la que se incluyen tanto el Senado como la C\u00e1mara de Diputados), reclamen que se investigue a fondo los asesinato del fotoperiodista y de las cuatro mujeres y que se detenga a los responsables<br \/>\nLa Comisi\u00f3n Permanente realizo lo que llaman un \u201cdebate pactado\u201d sobre el asesinato.<br \/>\nTodos los grupos parlamentarios, incluso los \u201caliados\u201d del gobierno de Javier Duarte, pidieron que se deslinde la probable responsabilidad del gobierno de Veracruz.<br \/>\nPor el PRI el diputado por Veracruz Jos\u00e9 Alejandro Montano Guzm\u00e1n, pidi\u00f3 un voto de confianza para el Jefe de Gobierno del Distrito Federal, Miguel \u00c1ngel Mancera Espinosa, para esclarecer el caso.<br \/>\nLa diputada Esther Quintana Salinas, del PAN, apunt\u00f3 que el principal problema de las agresiones a los periodistas es la impunidad, porque permite que estos casos se sigan repitiendo, lo que afecta a la democracia en el pa\u00eds.<br \/>\nLos panistas solicitaron ante la Comisi\u00f3n Permanente que Javier Duarte sostenga \u201cuna reuni\u00f3n de trabajo\u201d con los legisladores para que informe los avances que llevan las investigaciones de los homicidios contra periodistas.<br \/>\nVeracruz, record\u00f3, es considerado el lugar m\u00e1s letal de M\u00e9xico para ejercer el periodismo.<br \/>\nPor su parte Armando Rios Piter, del PRD, pidi\u00f3 al jefe de gobierno de la ciudad de M\u00e9xico, que \u201cno mande malas se\u00f1ales a la ciudadan\u00eda\u201d.<br \/>\nEl PRD es uno de los \u201caliados\u201d del gobierno de Javier Duarte, y a\u00fan as\u00ed cuestion\u00f3 su actitud en este caso y expuso que los principales responsables de que haya inseguridad en el pa\u00eds son los funcionarios p\u00fablicos.<br \/>\nLa diputada Lilia Aguilar Gil, del PT, afirm\u00f3 que cuando se ataca a un periodista se violentan derechos colectivos, como la libertad de expresi\u00f3n y el derecho a la informaci\u00f3n que tienen todos los ciudadanos, y exigi\u00f3 que se investigue a fondo en serio, \u201caunque el culpable sea el Estado\u201d.<br \/>\nSubray\u00f3 que urge detener la ola de violencia en contra de los periodistas y que se resuelva cada uno de los casos-<br \/>\nAdem\u00e1s insisti\u00f3 en que la Procuradur\u00eda General de la Rep\u00fablica (PGR) atraiga el caso de Espinosa Becerril.<br \/>\nPor su parte el diputado Danner Gonz\u00e1lez Rodr\u00edguez, del MC, reclam\u00f3 que la investigaci\u00f3n debe orientarse en dos l\u00edneas paralelas, el innegable feminicidio por el asesinato de las cuatro mujeres y el acoso y persecuci\u00f3n que el fotoperiodista hab\u00eda denunciado.<br \/>\nAgreg\u00f3 que desde el a\u00f1o 2000 a la fecha se han registrado en el pa\u00eds 103 asesinatos de periodistas y Veracruz es la entidad que registra mayor n\u00famero de acoso contra estos profesionales.<br \/>\nLa diputada Mar\u00eda San Juana Cerda Franco, de Nueva Alianza, pidi\u00f3 investigar hasta las \u00faltimas consecuencias, sin descartar todas las l\u00edneas de investigaci\u00f3n y asegur\u00f3 que la ciudadan\u00eda demanda que se termine la impunidad.<br \/>\nDurante la presentaci\u00f3n de posicionamientos varios de los legisladores, entre ellos el perredista Miguel Barbosa, mostraron en la solapa del saco un mo\u00f1o negro, que les proporcionaron fotoperiodistas presentes en la sesi\u00f3n.<br \/>\nLuego de que los diputados y senadores aprobaron la declaraci\u00f3n por el multihomicidio del 31 de julio, Miguel Barbosa pidi\u00f3 a los presentes guardar un minuto de silencio en memoria de las cinco personas que fueron asesinadas.<br \/>\nLa Comisi\u00f3n Permanente \u201cconsidera que no habr\u00e1 esclarecimiento de los hechos si no se determinan las causas reales del homicidio y los feminicidios\u201d; pide que se esclarezca si la ejecuci\u00f3n de Rub\u00e9n Espinosa tiene vinculaci\u00f3n o no con su desempe\u00f1o como periodista, y en el caso de Nadia Vera, si tiene que ver con su condici\u00f3n de activista.<br \/>\nDiputados y senadores reclamaron tambi\u00e9n que se esclarezca si en esos homicidios tiene que ver su calidad de desplazados.<br \/>\nDe igual forma, el \u00f3rgano del Congreso \u201cExhorta al Estado mexicano y a sus tres \u00f3rdenes de gobierno para que los asuntos de violaci\u00f3n a derechos humanos de periodistas, se cumplan los principios del esclarecimiento de la verdad, del castigo a los responsables, de la reparaci\u00f3n del da\u00f1o y de las garant\u00edas de no repetici\u00f3n de asuntos de esta naturaleza\u201d.<br \/>\nEn total fueron 14 los puntos de acuerdo presentados en la sesi\u00f3n de la Comisi\u00f3n Permanente, entre los cuales se incluy\u00f3 el texto presentado por el Senador H\u00e9ctor Yunes Landa, quien pidi\u00f3 a la PGR que investigue y castigue a los responsables del asesinato del periodista Rub\u00e9n Espinosa.<br \/>\nPor su parte Fernando Yunes M\u00e1rquez, del PAN, solicit\u00f3 a la misma PGR integrar la averiguaci\u00f3n previa atendiendo las amenazas que Rub\u00e9n Espinosa recibi\u00f3 durante su ejercicio como periodista en el estado de Veracruz.<br \/>\nEn esta posici\u00f3n igualmente coincidi\u00f3 el Senador Marco Antonio Bl\u00e1squez Salinas, del Partido del Trabajo, quien tambi\u00e9n es presidente de la Comisi\u00f3n Especial para dar Seguimiento a las Agresiones contra Periodistas y Medios de Comunicaci\u00f3n, quien adem\u00e1s reclam\u00f3 que la PGR designe a un fiscal especial para este caso, que sea \u00abun profesionista que goce de autonom\u00eda de criterio, alta capacidad de investigaci\u00f3n y profundos conocimientos en materia penal\u00bb.<br \/>\nPor su parte diputados del PRD, encabezados por su coordinador, Miguel Alonso Raya, solicitaron al Mecanismo de Protecci\u00f3n para Personas Defensoras de los Derechos Humanos y Periodistas, de la Secretar\u00eda de Gobernaci\u00f3n, que informe las acciones que ha desarrollado en el \u00faltimo a\u00f1o para garantizar la integridad f\u00edsica y profesional de periodistas, y que en un plazo no mayor de 15 d\u00edas informe espec\u00edficamente las acciones relativas a la protecci\u00f3n del fotoperiodista Rub\u00e9n Espinosa Becerril.<br \/>\nOtros de los legisladores que presentaron puntos de acuerdo similares fueron el Senador perredista Zo\u00e9 Robledo, la Senadora Diva Hadamira Gast\u00e9lum (PRI); los diputados Fernando Rodr\u00edguez Doval y Juan Pablo Adame, la Senadora Mariana G\u00f3mez del Campo (PAN); los senadores Benjam\u00edn Robles Montoya, Ang\u00e9lica de la Pe\u00f1a y Dolores Padierna (PRD); el Diputado Manuel Huerta Ladr\u00f3n de Guevara (Morena); y el Diputado Danner Gonz\u00e1lez (Movimiento Ciudadano).<\/p>\n","protected":false},"excerpt":{"rendered":"<p>* Legisladores contra Duarte\u00a0* Ni el PRI lo defendi\u00f3 Marco Antonio Aguirre Rodr\u00edguez M\u00edsticos y Terrenales El \u201cmultihomicidio de la Narvarte\u201d, como le han dado en llamar, hizo brotar una vez m\u00e1s el bajo nivel de credibilidad y estima que existe hacia la administraci\u00f3n de Enrique Pe\u00f1a Nieto, lo cual en mucho es propiciado por [&hellip;]<\/p>\n","protected":false},"author":2,"featured_media":0,"comment_status":"open","ping_status":"open","sticky":false,"template":"","format":"standard","meta":{"tdm_status":"","tdm_grid_status":"","footnotes":""},"categories":[70],"tags":[260,3115,3093,3100,385,3089],"class_list":{"0":"post-17181","1":"post","2":"type-post","3":"status-publish","4":"format-standard","6":"category-de-opinion","7":"tag-javier-duarte-de-ochoa","8":"tag-multihomicidio","9":"tag-nadia-vera","10":"tag-narvarte","11":"tag-onu","12":"tag-ruben-espinosa-becerril"},"yoast_head":"<!-- This site is optimized with the Yoast SEO plugin v27.4 - https:\/\/yoast.com\/product\/yoast-seo-wordpress\/ -->\n<title>Condena a EPN por multihomicidio - Los pol\u00edticos Veracruz<\/title>\n<meta name=\"robots\" content=\"index, follow, max-snippet:-1, max-image-preview:large, max-video-preview:-1\" \/>\n<link rel=\"canonical\" href=\"https:\/\/lospoliticosveracruz.com\/?p=17181\" \/>\n<meta property=\"og:locale\" content=\"es_ES\" \/>\n<meta property=\"og:type\" content=\"article\" \/>\n<meta property=\"og:title\" content=\"Condena a EPN por multihomicidio - Los pol\u00edticos Veracruz\" \/>\n<meta property=\"og:description\" content=\"* Legisladores contra Duarte\u00a0* Ni el PRI lo defendi\u00f3 Marco Antonio Aguirre Rodr\u00edguez M\u00edsticos y Terrenales El \u201cmultihomicidio de la Narvarte\u201d, como le han dado en llamar, hizo brotar una vez m\u00e1s el bajo nivel de credibilidad y estima que existe hacia la administraci\u00f3n de Enrique Pe\u00f1a Nieto, lo cual en mucho es propiciado por [&hellip;]\" \/>\n<meta property=\"og:url\" content=\"https:\/\/lospoliticosveracruz.com\/?p=17181\" \/>\n<meta property=\"og:site_name\" content=\"Los pol\u00edticos Veracruz\" \/>\n<meta property=\"article:publisher\" content=\"https:\/\/www.facebook.com\/people\/Notimemes-de-los-Polticos\/61565672886568\/\" \/>\n<meta property=\"article:published_time\" content=\"2015-08-06T00:49:39+00:00\" \/>\n<meta property=\"og:image\" content=\"http:\/\/www.lospoliticosveracruz.com.mx\/wp-content\/uploads\/2015\/08\/Narvarte1-300x199.jpg\" \/>\n<meta name=\"author\" content=\"Lo viste en Los Pol\u00edticos\" \/>\n<meta name=\"twitter:card\" content=\"summary_large_image\" \/>\n<meta name=\"twitter:creator\" content=\"@LosPoliticosVer\" \/>\n<meta name=\"twitter:site\" content=\"@LosPoliticosVer\" \/>\n<meta name=\"twitter:label1\" content=\"Escrito por\" \/>\n\t<meta name=\"twitter:data1\" content=\"Lo viste en Los Pol\u00edticos\" \/>\n\t<meta name=\"twitter:label2\" content=\"Tiempo de lectura\" \/>\n\t<meta name=\"twitter:data2\" content=\"9 minutos\" \/>\n<script type=\"application\/ld+json\" class=\"yoast-schema-graph\">{\"@context\":\"https:\\\/\\\/schema.org\",\"@graph\":[{\"@type\":\"Article\",\"@id\":\"https:\\\/\\\/lospoliticosveracruz.com\\\/?p=17181#article\",\"isPartOf\":{\"@id\":\"https:\\\/\\\/lospoliticosveracruz.com\\\/?p=17181\"},\"author\":{\"name\":\"Lo viste en Los Pol\u00edticos\",\"@id\":\"https:\\\/\\\/lospoliticosveracruz.com\\\/#\\\/schema\\\/person\\\/b8702bb0e538456e6efd07080bf2a4a2\"},\"headline\":\"Condena a EPN por multihomicidio\",\"datePublished\":\"2015-08-06T00:49:39+00:00\",\"mainEntityOfPage\":{\"@id\":\"https:\\\/\\\/lospoliticosveracruz.com\\\/?p=17181\"},\"wordCount\":1724,\"commentCount\":0,\"publisher\":{\"@id\":\"https:\\\/\\\/lospoliticosveracruz.com\\\/#organization\"},\"image\":{\"@id\":\"https:\\\/\\\/lospoliticosveracruz.com\\\/?p=17181#primaryimage\"},\"thumbnailUrl\":\"http:\\\/\\\/www.lospoliticosveracruz.com.mx\\\/wp-content\\\/uploads\\\/2015\\\/08\\\/Narvarte1-300x199.jpg\",\"keywords\":[\"Javier Duarte de Ochoa\",\"multihomicidio\",\"Nadia Vera\",\"Narvarte\",\"ONU\",\"Rub\u00e9n Espinosa Becerril\"],\"articleSection\":[\"De Opini\u00f3n\"],\"inLanguage\":\"es\",\"potentialAction\":[{\"@type\":\"CommentAction\",\"name\":\"Comment\",\"target\":[\"https:\\\/\\\/lospoliticosveracruz.com\\\/?p=17181#respond\"]}]},{\"@type\":\"WebPage\",\"@id\":\"https:\\\/\\\/lospoliticosveracruz.com\\\/?p=17181\",\"url\":\"https:\\\/\\\/lospoliticosveracruz.com\\\/?p=17181\",\"name\":\"Condena a EPN por multihomicidio - Los pol\u00edticos Veracruz\",\"isPartOf\":{\"@id\":\"https:\\\/\\\/lospoliticosveracruz.com\\\/#website\"},\"primaryImageOfPage\":{\"@id\":\"https:\\\/\\\/lospoliticosveracruz.com\\\/?p=17181#primaryimage\"},\"image\":{\"@id\":\"https:\\\/\\\/lospoliticosveracruz.com\\\/?p=17181#primaryimage\"},\"thumbnailUrl\":\"http:\\\/\\\/www.lospoliticosveracruz.com.mx\\\/wp-content\\\/uploads\\\/2015\\\/08\\\/Narvarte1-300x199.jpg\",\"datePublished\":\"2015-08-06T00:49:39+00:00\",\"breadcrumb\":{\"@id\":\"https:\\\/\\\/lospoliticosveracruz.com\\\/?p=17181#breadcrumb\"},\"inLanguage\":\"es\",\"potentialAction\":[{\"@type\":\"ReadAction\",\"target\":[\"https:\\\/\\\/lospoliticosveracruz.com\\\/?p=17181\"]}]},{\"@type\":\"ImageObject\",\"inLanguage\":\"es\",\"@id\":\"https:\\\/\\\/lospoliticosveracruz.com\\\/?p=17181#primaryimage\",\"url\":\"http:\\\/\\\/www.lospoliticosveracruz.com.mx\\\/wp-content\\\/uploads\\\/2015\\\/08\\\/Narvarte1-300x199.jpg\",\"contentUrl\":\"http:\\\/\\\/www.lospoliticosveracruz.com.mx\\\/wp-content\\\/uploads\\\/2015\\\/08\\\/Narvarte1-300x199.jpg\"},{\"@type\":\"BreadcrumbList\",\"@id\":\"https:\\\/\\\/lospoliticosveracruz.com\\\/?p=17181#breadcrumb\",\"itemListElement\":[{\"@type\":\"ListItem\",\"position\":1,\"name\":\"Portada\",\"item\":\"https:\\\/\\\/lospoliticosveracruz.com\\\/\"},{\"@type\":\"ListItem\",\"position\":2,\"name\":\"Condena a EPN por multihomicidio\"}]},{\"@type\":\"WebSite\",\"@id\":\"https:\\\/\\\/lospoliticosveracruz.com\\\/#website\",\"url\":\"https:\\\/\\\/lospoliticosveracruz.com\\\/\",\"name\":\"Los pol\u00edticos Veracruz\",\"description\":\"\",\"publisher\":{\"@id\":\"https:\\\/\\\/lospoliticosveracruz.com\\\/#organization\"},\"potentialAction\":[{\"@type\":\"SearchAction\",\"target\":{\"@type\":\"EntryPoint\",\"urlTemplate\":\"https:\\\/\\\/lospoliticosveracruz.com\\\/?s={search_term_string}\"},\"query-input\":{\"@type\":\"PropertyValueSpecification\",\"valueRequired\":true,\"valueName\":\"search_term_string\"}}],\"inLanguage\":\"es\"},{\"@type\":\"Organization\",\"@id\":\"https:\\\/\\\/lospoliticosveracruz.com\\\/#organization\",\"name\":\"Los pol\u00edticos Veracruz\",\"url\":\"https:\\\/\\\/lospoliticosveracruz.com\\\/\",\"logo\":{\"@type\":\"ImageObject\",\"inLanguage\":\"es\",\"@id\":\"https:\\\/\\\/lospoliticosveracruz.com\\\/#\\\/schema\\\/logo\\\/image\\\/\",\"url\":\"https:\\\/\\\/lospoliticosveracruz.com\\\/wp-content\\\/uploads\\\/2025\\\/12\\\/Logo-Nuevo-LOS-POLITICOS-1.jpg\",\"contentUrl\":\"https:\\\/\\\/lospoliticosveracruz.com\\\/wp-content\\\/uploads\\\/2025\\\/12\\\/Logo-Nuevo-LOS-POLITICOS-1.jpg\",\"width\":260,\"height\":70,\"caption\":\"Los pol\u00edticos Veracruz\"},\"image\":{\"@id\":\"https:\\\/\\\/lospoliticosveracruz.com\\\/#\\\/schema\\\/logo\\\/image\\\/\"},\"sameAs\":[\"https:\\\/\\\/www.facebook.com\\\/people\\\/Notimemes-de-los-Polticos\\\/61565672886568\\\/\",\"https:\\\/\\\/x.com\\\/LosPoliticosVer\"]},{\"@type\":\"Person\",\"@id\":\"https:\\\/\\\/lospoliticosveracruz.com\\\/#\\\/schema\\\/person\\\/b8702bb0e538456e6efd07080bf2a4a2\",\"name\":\"Lo viste en Los Pol\u00edticos\",\"image\":{\"@type\":\"ImageObject\",\"inLanguage\":\"es\",\"@id\":\"https:\\\/\\\/secure.gravatar.com\\\/avatar\\\/3a8de04a2656d44082be478bd6c086daa447c4651605818287b9532d3d0bd435?s=96&d=mm&r=g\",\"url\":\"https:\\\/\\\/secure.gravatar.com\\\/avatar\\\/3a8de04a2656d44082be478bd6c086daa447c4651605818287b9532d3d0bd435?s=96&d=mm&r=g\",\"contentUrl\":\"https:\\\/\\\/secure.gravatar.com\\\/avatar\\\/3a8de04a2656d44082be478bd6c086daa447c4651605818287b9532d3d0bd435?s=96&d=mm&r=g\",\"caption\":\"Lo viste en Los Pol\u00edticos\"},\"url\":\"https:\\\/\\\/lospoliticosveracruz.com\\\/?author=2\"}]}<\/script>\n<!-- \/ Yoast SEO plugin. -->","yoast_head_json":{"title":"Condena a EPN por multihomicidio - Los pol\u00edticos Veracruz","robots":{"index":"index","follow":"follow","max-snippet":"max-snippet:-1","max-image-preview":"max-image-preview:large","max-video-preview":"max-video-preview:-1"},"canonical":"https:\/\/lospoliticosveracruz.com\/?p=17181","og_locale":"es_ES","og_type":"article","og_title":"Condena a EPN por multihomicidio - Los pol\u00edticos Veracruz","og_description":"* Legisladores contra Duarte\u00a0* Ni el PRI lo defendi\u00f3 Marco Antonio Aguirre Rodr\u00edguez M\u00edsticos y Terrenales El \u201cmultihomicidio de la Narvarte\u201d, como le han dado en llamar, hizo brotar una vez m\u00e1s el bajo nivel de credibilidad y estima que existe hacia la administraci\u00f3n de Enrique Pe\u00f1a Nieto, lo cual en mucho es propiciado por [&hellip;]","og_url":"https:\/\/lospoliticosveracruz.com\/?p=17181","og_site_name":"Los pol\u00edticos Veracruz","article_publisher":"https:\/\/www.facebook.com\/people\/Notimemes-de-los-Polticos\/61565672886568\/","article_published_time":"2015-08-06T00:49:39+00:00","og_image":[{"url":"http:\/\/www.lospoliticosveracruz.com.mx\/wp-content\/uploads\/2015\/08\/Narvarte1-300x199.jpg","type":"","width":"","height":""}],"author":"Lo viste en Los Pol\u00edticos","twitter_card":"summary_large_image","twitter_creator":"@LosPoliticosVer","twitter_site":"@LosPoliticosVer","twitter_misc":{"Escrito por":"Lo viste en Los Pol\u00edticos","Tiempo de lectura":"9 minutos"},"schema":{"@context":"https:\/\/schema.org","@graph":[{"@type":"Article","@id":"https:\/\/lospoliticosveracruz.com\/?p=17181#article","isPartOf":{"@id":"https:\/\/lospoliticosveracruz.com\/?p=17181"},"author":{"name":"Lo viste en Los Pol\u00edticos","@id":"https:\/\/lospoliticosveracruz.com\/#\/schema\/person\/b8702bb0e538456e6efd07080bf2a4a2"},"headline":"Condena a EPN por multihomicidio","datePublished":"2015-08-06T00:49:39+00:00","mainEntityOfPage":{"@id":"https:\/\/lospoliticosveracruz.com\/?p=17181"},"wordCount":1724,"commentCount":0,"publisher":{"@id":"https:\/\/lospoliticosveracruz.com\/#organization"},"image":{"@id":"https:\/\/lospoliticosveracruz.com\/?p=17181#primaryimage"},"thumbnailUrl":"http:\/\/www.lospoliticosveracruz.com.mx\/wp-content\/uploads\/2015\/08\/Narvarte1-300x199.jpg","keywords":["Javier Duarte de Ochoa","multihomicidio","Nadia Vera","Narvarte","ONU","Rub\u00e9n Espinosa Becerril"],"articleSection":["De Opini\u00f3n"],"inLanguage":"es","potentialAction":[{"@type":"CommentAction","name":"Comment","target":["https:\/\/lospoliticosveracruz.com\/?p=17181#respond"]}]},{"@type":"WebPage","@id":"https:\/\/lospoliticosveracruz.com\/?p=17181","url":"https:\/\/lospoliticosveracruz.com\/?p=17181","name":"Condena a EPN por multihomicidio - Los pol\u00edticos Veracruz","isPartOf":{"@id":"https:\/\/lospoliticosveracruz.com\/#website"},"primaryImageOfPage":{"@id":"https:\/\/lospoliticosveracruz.com\/?p=17181#primaryimage"},"image":{"@id":"https:\/\/lospoliticosveracruz.com\/?p=17181#primaryimage"},"thumbnailUrl":"http:\/\/www.lospoliticosveracruz.com.mx\/wp-content\/uploads\/2015\/08\/Narvarte1-300x199.jpg","datePublished":"2015-08-06T00:49:39+00:00","breadcrumb":{"@id":"https:\/\/lospoliticosveracruz.com\/?p=17181#breadcrumb"},"inLanguage":"es","potentialAction":[{"@type":"ReadAction","target":["https:\/\/lospoliticosveracruz.com\/?p=17181"]}]},{"@type":"ImageObject","inLanguage":"es","@id":"https:\/\/lospoliticosveracruz.com\/?p=17181#primaryimage","url":"http:\/\/www.lospoliticosveracruz.com.mx\/wp-content\/uploads\/2015\/08\/Narvarte1-300x199.jpg","contentUrl":"http:\/\/www.lospoliticosveracruz.com.mx\/wp-content\/uploads\/2015\/08\/Narvarte1-300x199.jpg"},{"@type":"BreadcrumbList","@id":"https:\/\/lospoliticosveracruz.com\/?p=17181#breadcrumb","itemListElement":[{"@type":"ListItem","position":1,"name":"Portada","item":"https:\/\/lospoliticosveracruz.com\/"},{"@type":"ListItem","position":2,"name":"Condena a EPN por multihomicidio"}]},{"@type":"WebSite","@id":"https:\/\/lospoliticosveracruz.com\/#website","url":"https:\/\/lospoliticosveracruz.com\/","name":"Los pol\u00edticos Veracruz","description":"","publisher":{"@id":"https:\/\/lospoliticosveracruz.com\/#organization"},"potentialAction":[{"@type":"SearchAction","target":{"@type":"EntryPoint","urlTemplate":"https:\/\/lospoliticosveracruz.com\/?s={search_term_string}"},"query-input":{"@type":"PropertyValueSpecification","valueRequired":true,"valueName":"search_term_string"}}],"inLanguage":"es"},{"@type":"Organization","@id":"https:\/\/lospoliticosveracruz.com\/#organization","name":"Los pol\u00edticos Veracruz","url":"https:\/\/lospoliticosveracruz.com\/","logo":{"@type":"ImageObject","inLanguage":"es","@id":"https:\/\/lospoliticosveracruz.com\/#\/schema\/logo\/image\/","url":"https:\/\/lospoliticosveracruz.com\/wp-content\/uploads\/2025\/12\/Logo-Nuevo-LOS-POLITICOS-1.jpg","contentUrl":"https:\/\/lospoliticosveracruz.com\/wp-content\/uploads\/2025\/12\/Logo-Nuevo-LOS-POLITICOS-1.jpg","width":260,"height":70,"caption":"Los pol\u00edticos Veracruz"},"image":{"@id":"https:\/\/lospoliticosveracruz.com\/#\/schema\/logo\/image\/"},"sameAs":["https:\/\/www.facebook.com\/people\/Notimemes-de-los-Polticos\/61565672886568\/","https:\/\/x.com\/LosPoliticosVer"]},{"@type":"Person","@id":"https:\/\/lospoliticosveracruz.com\/#\/schema\/person\/b8702bb0e538456e6efd07080bf2a4a2","name":"Lo viste en Los Pol\u00edticos","image":{"@type":"ImageObject","inLanguage":"es","@id":"https:\/\/secure.gravatar.com\/avatar\/3a8de04a2656d44082be478bd6c086daa447c4651605818287b9532d3d0bd435?s=96&d=mm&r=g","url":"https:\/\/secure.gravatar.com\/avatar\/3a8de04a2656d44082be478bd6c086daa447c4651605818287b9532d3d0bd435?s=96&d=mm&r=g","contentUrl":"https:\/\/secure.gravatar.com\/avatar\/3a8de04a2656d44082be478bd6c086daa447c4651605818287b9532d3d0bd435?s=96&d=mm&r=g","caption":"Lo viste en Los Pol\u00edticos"},"url":"https:\/\/lospoliticosveracruz.com\/?author=2"}]}},"_links":{"self":[{"href":"https:\/\/lospoliticosveracruz.com\/index.php?rest_route=\/wp\/v2\/posts\/17181","targetHints":{"allow":["GET"]}}],"collection":[{"href":"https:\/\/lospoliticosveracruz.com\/index.php?rest_route=\/wp\/v2\/posts"}],"about":[{"href":"https:\/\/lospoliticosveracruz.com\/index.php?rest_route=\/wp\/v2\/types\/post"}],"author":[{"embeddable":true,"href":"https:\/\/lospoliticosveracruz.com\/index.php?rest_route=\/wp\/v2\/users\/2"}],"replies":[{"embeddable":true,"href":"https:\/\/lospoliticosveracruz.com\/index.php?rest_route=%2Fwp%2Fv2%2Fcomments&post=17181"}],"version-history":[{"count":1,"href":"https:\/\/lospoliticosveracruz.com\/index.php?rest_route=\/wp\/v2\/posts\/17181\/revisions"}],"predecessor-version":[{"id":17183,"href":"https:\/\/lospoliticosveracruz.com\/index.php?rest_route=\/wp\/v2\/posts\/17181\/revisions\/17183"}],"wp:attachment":[{"href":"https:\/\/lospoliticosveracruz.com\/index.php?rest_route=%2Fwp%2Fv2%2Fmedia&parent=17181"}],"wp:term":[{"taxonomy":"category","embeddable":true,"href":"https:\/\/lospoliticosveracruz.com\/index.php?rest_route=%2Fwp%2Fv2%2Fcategories&post=17181"},{"taxonomy":"post_tag","embeddable":true,"href":"https:\/\/lospoliticosveracruz.com\/index.php?rest_route=%2Fwp%2Fv2%2Ftags&post=17181"}],"curies":[{"name":"wp","href":"https:\/\/api.w.org\/{rel}","templated":true}]}}