{"id":17232,"date":"2015-08-09T19:03:20","date_gmt":"2015-08-10T00:03:20","guid":{"rendered":"http:\/\/www.lospoliticosveracruz.com.mx\/?p=17232"},"modified":"2015-08-09T19:03:20","modified_gmt":"2015-08-10T00:03:20","slug":"partidos-de-la-insana-cercania-a-la-lucha-intestina","status":"publish","type":"post","link":"https:\/\/lospoliticosveracruz.com\/?p=17232","title":{"rendered":"Partidos, de la insana cercan\u00eda a la lucha intestina"},"content":{"rendered":"<p><a href=\"http:\/\/www.lospoliticosveracruz.com.mx\/wp-content\/uploads\/2015\/08\/Manlio-Fabio-Beltrones-Pe\u00f1a-Nieto.jpg\"><img loading=\"lazy\" decoding=\"async\" class=\"alignnone size-medium wp-image-17233\" src=\"http:\/\/www.lospoliticosveracruz.com.mx\/wp-content\/uploads\/2015\/08\/Manlio-Fabio-Beltrones-Pe\u00f1a-Nieto-300x203.jpg\" alt=\"Manlio Fabio Beltrones Pe\u00f1a Nieto\" width=\"300\" height=\"203\" \/><\/a><\/p>\n<p><strong>\u00c1lvaro Belin Andrade<\/strong><\/p>\n<p><em>Hora Libre<\/em><\/p>\n<p>Con un dirigente nacional cuyo cambio no se presta a ninguna vicisitud pues lo determina su principal amanuense, Andr\u00e9s Manuel L\u00f3pez Obrador, Morena no parece que tenga en puerta conflicto interior alguno. En efecto, aunque ya se escuchan las campanas para despedir a Mart\u00ed Batres Guadarrama, un dirigente a modo que permite al Peje moverse en campa\u00f1a sin atender asuntos pedestres, lo cierto es que quien quede ser\u00e1 producto de una orden superior.<br \/>\nLo mismo ocurre en el Partido Revolucionario Institucional (PRI), donde la asunci\u00f3n de Manlio Fabio Beltrones, negociada con el mismo presidente Enrique Pe\u00f1a Nieto, no solo cay\u00f3 como una pieza ajustada sino incluso parece que fortalecer\u00e1 la figura presidencial. El propio sonorense ha anunciado el fin de la llamada \u2018sana lejan\u00eda\u2019, impuesta por el \u00faltimo presidente de la era priista, Ernesto Zedillo, y la vuelta al PRI unido y monol\u00edtico, cuyas decisiones m\u00e1s importantes emanan directamente de Los Pinos.<br \/>\nPor el contrario, el Partido de la Revoluci\u00f3n Democr\u00e1tica enfrentar\u00e1 un cambio anticipado, urgente en su dirigencia nacional (a la que le restaban meses para concluir su gesti\u00f3n estatutaria), luego de que Carlos Navarrete se vio obligado a poner su cabeza en el centro de la mesa en una maniobra desesperada por detener la ca\u00edda vertical de un partido cuyo \u00fanico basti\u00f3n, el Distrito Federal, seguramente perder\u00e1 en los pr\u00f3ximos comicios de Jefe de Gobierno en 2018, si no hacen nada por contener su desprestigio y el crecimiento de Morena.<br \/>\nEl otro grande, el Partido Acci\u00f3n Nacional, vive otro m\u00e1s de sus trompicados procesos internos para elegir a su dirigente nacional, con la participaci\u00f3n de un joven panista, el diputado Ricardo Anaya Cort\u00e9s, quien ha mostrado fisuras en su comportamiento que le han llevado incluso a titubear ante los ataques por corrupci\u00f3n esgrimidos por su oponente, el senador Javier Corral, a quien sin embargo no dejar\u00e1n llegar porque confrontar\u00eda a la nueva generaci\u00f3n de panistas congraciados con el poder, la fortuna y la corrupci\u00f3n. El pr\u00f3ximo domingo 16 de agosto podr\u00edamos confirmar la carrera ascendente de Anaya.<br \/>\nEl caso del PRD parece el m\u00e1s complicado. La imposici\u00f3n en la dirigencia nacional de uno m\u00e1s del grupo de los Chuchos, una especie de banda que domina hace a\u00f1os los destinos del PRD, no hizo sino apresurar la salida de importantes cuadros que, o se incorporaron a Morena con Andr\u00e9s Manuel, o simplemente se la juegan por la libre, manifest\u00e1ndose como una verdadera roca en el zapato de quienes han llevado al partido hist\u00f3rico de la izquierda a su sometimiento al PRI, desde el Pacto por M\u00e9xico, y que dif\u00edcilmente reencontrar\u00e1 el camino para el cambio pol\u00edtico del pa\u00eds.<\/p>\n<p><strong>Van por 12 gobiernos estatales<\/strong><\/p>\n<p>Como vemos, los principales partidos pol\u00edticos del pa\u00eds (PAN, PRI, PRD y Morena) renovar\u00e1n sus mandos con miras a su participaci\u00f3n en los comicios de 2016, en que habr\u00e1 cambios en los gobiernos de 12 estados del pa\u00eds, y en los que casi 27 millones de personas tendr\u00e1n derecho a emitir su sufragio.<br \/>\nSe trata de las elecciones locales m\u00e1s importantes y m\u00e1s numerosas, luego de que en 2015 se renovara el poder ejecutivo en nueve estados. No solo porque son m\u00e1s las entidades, con varios estados en que puede romperse el predominio de un partido pol\u00edtico (como el caso de Veracruz), sino por el n\u00famero de votantes que podr\u00e1n acudir a las urnas.<br \/>\nLlama la atenci\u00f3n Veracruz, la entidad con el mayor padr\u00f3n electoral de entre las que tendr\u00e1n que elegir a un nuevo Gobernador, con 5.6 millones de ciudadanos registrados. Y es que en el \u00e1mbito nacional consideran ya que ser\u00e1 una batalla a muerte entre el PRI y el PAN.<br \/>\nMientras en 2010 Javier Duarte, de la coalici\u00f3n PRI-PVEM, obtuvo m\u00e1s del 43 por ciento de los votos que le permitieron acceder al poder (ya hemos visto con qu\u00e9 aciagos resultados) venciendo al PAN (con Miguel \u00c1ngel Yunes Linares) que alcanz\u00f3 el 41 por ciento, para 2015 los n\u00fameros han variado: el PRI y el PVEM lograron el 36 por ciento de la votaci\u00f3n (6.5 puntos porcentuales menos que en 2010). Ciertamente, al PAN le fue peor porque apenas obtuvo el 23.7 por ciento, una ca\u00edda cercana a los 17 puntos porcentuales.<br \/>\nDe ah\u00ed que la posibilidad de que el PRD una fuerzas con el PAN en una alianza por sacar al PRI del Palacio de Gobierno puede redundar en la primera alternancia del poder en Veracruz, porque en los recientes comicios la izquierda en su conjunto (PRD, Morena, Movimiento Ciudadano, PT) obtuvo m\u00e1s del 30 por ciento de los votos.<br \/>\nLos otros estados en que habr\u00e1 cambio de gobernadores son: Aguascalientes, Chihuahua, Durango, Hidalgo, Oaxaca (por cuyo gobierno apostar\u00e1 Morena su credibilidad pol\u00edtica ali\u00e1ndose con la secci\u00f3n 22 del sindicato magisterial), Puebla (cuyo gobernador saliente, Rafael Moreno Valle, pr\u00e1cticamente se da como seguro candidato presidencial panista en 2018), Quintana Roo, Sinaloa, Tlaxcala, Tamaulipas y Zacatecas.<\/p>\n<p><strong>Luis Arturo Ramos, de pu\u00f1o y letra<\/strong><\/p>\n<p>De nueva cuenta, el escritor minatitleco Luis Arturo Ramos ha prendido sobre su figura las candelas editoriales con una nueva novela, De pu\u00f1o y letra, donde la b\u00fasqueda de un manuscrito del poeta Orlando Pascasio desvela al trasnochado poeta-detective Bayardo Arizpe.<br \/>\nEste mi\u00e9rcoles 12, a las siete de la noche, en el auditorio del \u00c1gora de la Ciudad hablar\u00e1n de esta obra narrativa Mario Mu\u00f1oz, Guadalupe Flores, Itzel Guevara, Lucy Ortiz y V\u00edctor Hugo V\u00e1zquez.<br \/>\n\u00abBayardo Arizpe es un poeta-detective que se niega a usar celular, computadora o tarjeta de cr\u00e9dito para no hacerle juego al capitalismo y se re\u00fane con sus amigos en una cantina del centro de la ciudad de M\u00e9xico dentro de un grupo que han denominado \u2018Los Lapidarios\u2019\u00bb.<br \/>\nReconocido escritor y un gran amigo, Luis Arturo Ramos ha publicado Violeta-Per\u00fa (1979), Intramuros (1983), Este era un gato (1988), La mujer que quiso ser Dios (2000) y Mickey y sus amigos (2010), entre otros libros.<br \/>\nDel libro que se presentar\u00e1 este mi\u00e9rcoles, el egresado de Letras Espa\u00f1olas de la UV, quien ha impartido c\u00e1tedra en la Universidad de Missouri y actualmente coordina la maestr\u00eda en Creaci\u00f3n Literaria en la Universidad de Texas en El Paso, se\u00f1ala<br \/>\n\u00abTen\u00eda que inventar un personaje que es un detective, que tambi\u00e9n es poeta. Nunca lo entrevistan en canal 22 o no le dan becas de Conaculta, pero tiene su lugar; es soltero adem\u00e1s, pero tambi\u00e9n los solteros comen, se dedica a dar talleres literarios, a vender libros usados y tambi\u00e9n a descubrir ad\u00falteros. Este es mi personaje central, se mete a buscar el famoso libro y ah\u00ed le van a pasar una serie de situaciones\u201d.<br \/>\nNo se pierda la presentaci\u00f3n ni vaya a dejar de comprar un ejemplar de la \u00faltima novela de Luis Arturo Ramos.<\/p>\n","protected":false},"excerpt":{"rendered":"<p>\u00c1lvaro Belin Andrade Hora Libre Con un dirigente nacional cuyo cambio no se presta a ninguna vicisitud pues lo determina su principal amanuense, Andr\u00e9s Manuel L\u00f3pez Obrador, Morena no parece que tenga en puerta conflicto interior alguno. En efecto, aunque ya se escuchan las campanas para despedir a Mart\u00ed Batres Guadarrama, un dirigente a modo [&hellip;]<\/p>\n","protected":false},"author":2,"featured_media":0,"comment_status":"open","ping_status":"open","sticky":false,"template":"","format":"standard","meta":{"tdm_status":"","tdm_grid_status":"","footnotes":""},"categories":[70],"tags":[618,281,3086,617,3134,3135],"class_list":{"0":"post-17232","1":"post","2":"type-post","3":"status-publish","4":"format-standard","6":"category-de-opinion","7":"tag-andres-manuel-lopez-obrador","8":"tag-enrique-pena-nieto","9":"tag-javier-corral","10":"tag-manlio-fabio-beltrones","11":"tag-marti-batres-guadarrama","12":"tag-ricardo-anaya-cortes"},"yoast_head":"<!-- This site is optimized with the Yoast SEO plugin v27.4 - https:\/\/yoast.com\/product\/yoast-seo-wordpress\/ -->\n<title>Partidos, de la insana cercan\u00eda a la lucha intestina - Los pol\u00edticos Veracruz<\/title>\n<meta name=\"robots\" content=\"index, follow, max-snippet:-1, max-image-preview:large, max-video-preview:-1\" \/>\n<link rel=\"canonical\" href=\"https:\/\/lospoliticosveracruz.com\/?p=17232\" \/>\n<meta property=\"og:locale\" content=\"es_ES\" \/>\n<meta property=\"og:type\" content=\"article\" \/>\n<meta property=\"og:title\" content=\"Partidos, de la insana cercan\u00eda a la lucha intestina - Los pol\u00edticos Veracruz\" \/>\n<meta property=\"og:description\" content=\"\u00c1lvaro Belin Andrade Hora Libre Con un dirigente nacional cuyo cambio no se presta a ninguna vicisitud pues lo determina su principal amanuense, Andr\u00e9s Manuel L\u00f3pez Obrador, Morena no parece que tenga en puerta conflicto interior alguno. En efecto, aunque ya se escuchan las campanas para despedir a Mart\u00ed Batres Guadarrama, un dirigente a modo [&hellip;]\" \/>\n<meta property=\"og:url\" content=\"https:\/\/lospoliticosveracruz.com\/?p=17232\" \/>\n<meta property=\"og:site_name\" content=\"Los pol\u00edticos Veracruz\" \/>\n<meta property=\"article:publisher\" content=\"https:\/\/www.facebook.com\/people\/Notimemes-de-los-Polticos\/61565672886568\/\" \/>\n<meta property=\"article:published_time\" content=\"2015-08-10T00:03:20+00:00\" \/>\n<meta property=\"og:image\" content=\"https:\/\/lospoliticosveracruz.com\/wp-content\/uploads\/2016\/07\/Logo-Dor.jpg\" \/>\n\t<meta property=\"og:image:width\" content=\"200\" \/>\n\t<meta property=\"og:image:height\" content=\"200\" \/>\n\t<meta property=\"og:image:type\" content=\"image\/jpeg\" \/>\n<meta name=\"author\" content=\"Lo viste en Los Pol\u00edticos\" \/>\n<meta name=\"twitter:card\" content=\"summary_large_image\" \/>\n<meta name=\"twitter:creator\" content=\"@LosPoliticosVer\" \/>\n<meta name=\"twitter:site\" content=\"@LosPoliticosVer\" \/>\n<meta name=\"twitter:label1\" content=\"Escrito por\" \/>\n\t<meta name=\"twitter:data1\" content=\"Lo viste en Los Pol\u00edticos\" \/>\n\t<meta name=\"twitter:label2\" content=\"Tiempo de lectura\" \/>\n\t<meta name=\"twitter:data2\" content=\"6 minutos\" \/>\n<script type=\"application\/ld+json\" class=\"yoast-schema-graph\">{\"@context\":\"https:\\\/\\\/schema.org\",\"@graph\":[{\"@type\":\"Article\",\"@id\":\"https:\\\/\\\/lospoliticosveracruz.com\\\/?p=17232#article\",\"isPartOf\":{\"@id\":\"https:\\\/\\\/lospoliticosveracruz.com\\\/?p=17232\"},\"author\":{\"name\":\"Lo viste en Los Pol\u00edticos\",\"@id\":\"https:\\\/\\\/lospoliticosveracruz.com\\\/#\\\/schema\\\/person\\\/b8702bb0e538456e6efd07080bf2a4a2\"},\"headline\":\"Partidos, de la insana cercan\u00eda a la lucha intestina\",\"datePublished\":\"2015-08-10T00:03:20+00:00\",\"mainEntityOfPage\":{\"@id\":\"https:\\\/\\\/lospoliticosveracruz.com\\\/?p=17232\"},\"wordCount\":1188,\"commentCount\":0,\"publisher\":{\"@id\":\"https:\\\/\\\/lospoliticosveracruz.com\\\/#organization\"},\"keywords\":[\"Andr\u00e9s Manuel L\u00f3pez Obrador\",\"Enrique Pe\u00f1a Nieto\",\"Javier Corral\",\"Manlio Fabio Beltrones\",\"Mart\u00ed Batres Guadarrama\",\"Ricardo Anaya Cort\u00e9s\"],\"articleSection\":[\"De Opini\u00f3n\"],\"inLanguage\":\"es\",\"potentialAction\":[{\"@type\":\"CommentAction\",\"name\":\"Comment\",\"target\":[\"https:\\\/\\\/lospoliticosveracruz.com\\\/?p=17232#respond\"]}]},{\"@type\":\"WebPage\",\"@id\":\"https:\\\/\\\/lospoliticosveracruz.com\\\/?p=17232\",\"url\":\"https:\\\/\\\/lospoliticosveracruz.com\\\/?p=17232\",\"name\":\"Partidos, de la insana cercan\u00eda a la lucha intestina - Los pol\u00edticos Veracruz\",\"isPartOf\":{\"@id\":\"https:\\\/\\\/lospoliticosveracruz.com\\\/#website\"},\"datePublished\":\"2015-08-10T00:03:20+00:00\",\"breadcrumb\":{\"@id\":\"https:\\\/\\\/lospoliticosveracruz.com\\\/?p=17232#breadcrumb\"},\"inLanguage\":\"es\",\"potentialAction\":[{\"@type\":\"ReadAction\",\"target\":[\"https:\\\/\\\/lospoliticosveracruz.com\\\/?p=17232\"]}]},{\"@type\":\"BreadcrumbList\",\"@id\":\"https:\\\/\\\/lospoliticosveracruz.com\\\/?p=17232#breadcrumb\",\"itemListElement\":[{\"@type\":\"ListItem\",\"position\":1,\"name\":\"Portada\",\"item\":\"https:\\\/\\\/lospoliticosveracruz.com\\\/\"},{\"@type\":\"ListItem\",\"position\":2,\"name\":\"Partidos, de la insana cercan\u00eda a la lucha intestina\"}]},{\"@type\":\"WebSite\",\"@id\":\"https:\\\/\\\/lospoliticosveracruz.com\\\/#website\",\"url\":\"https:\\\/\\\/lospoliticosveracruz.com\\\/\",\"name\":\"Los pol\u00edticos Veracruz\",\"description\":\"\",\"publisher\":{\"@id\":\"https:\\\/\\\/lospoliticosveracruz.com\\\/#organization\"},\"potentialAction\":[{\"@type\":\"SearchAction\",\"target\":{\"@type\":\"EntryPoint\",\"urlTemplate\":\"https:\\\/\\\/lospoliticosveracruz.com\\\/?s={search_term_string}\"},\"query-input\":{\"@type\":\"PropertyValueSpecification\",\"valueRequired\":true,\"valueName\":\"search_term_string\"}}],\"inLanguage\":\"es\"},{\"@type\":\"Organization\",\"@id\":\"https:\\\/\\\/lospoliticosveracruz.com\\\/#organization\",\"name\":\"Los pol\u00edticos Veracruz\",\"url\":\"https:\\\/\\\/lospoliticosveracruz.com\\\/\",\"logo\":{\"@type\":\"ImageObject\",\"inLanguage\":\"es\",\"@id\":\"https:\\\/\\\/lospoliticosveracruz.com\\\/#\\\/schema\\\/logo\\\/image\\\/\",\"url\":\"https:\\\/\\\/lospoliticosveracruz.com\\\/wp-content\\\/uploads\\\/2025\\\/12\\\/Logo-Nuevo-LOS-POLITICOS-1.jpg\",\"contentUrl\":\"https:\\\/\\\/lospoliticosveracruz.com\\\/wp-content\\\/uploads\\\/2025\\\/12\\\/Logo-Nuevo-LOS-POLITICOS-1.jpg\",\"width\":260,\"height\":70,\"caption\":\"Los pol\u00edticos Veracruz\"},\"image\":{\"@id\":\"https:\\\/\\\/lospoliticosveracruz.com\\\/#\\\/schema\\\/logo\\\/image\\\/\"},\"sameAs\":[\"https:\\\/\\\/www.facebook.com\\\/people\\\/Notimemes-de-los-Polticos\\\/61565672886568\\\/\",\"https:\\\/\\\/x.com\\\/LosPoliticosVer\"]},{\"@type\":\"Person\",\"@id\":\"https:\\\/\\\/lospoliticosveracruz.com\\\/#\\\/schema\\\/person\\\/b8702bb0e538456e6efd07080bf2a4a2\",\"name\":\"Lo viste en Los Pol\u00edticos\",\"image\":{\"@type\":\"ImageObject\",\"inLanguage\":\"es\",\"@id\":\"https:\\\/\\\/secure.gravatar.com\\\/avatar\\\/3a8de04a2656d44082be478bd6c086daa447c4651605818287b9532d3d0bd435?s=96&d=mm&r=g\",\"url\":\"https:\\\/\\\/secure.gravatar.com\\\/avatar\\\/3a8de04a2656d44082be478bd6c086daa447c4651605818287b9532d3d0bd435?s=96&d=mm&r=g\",\"contentUrl\":\"https:\\\/\\\/secure.gravatar.com\\\/avatar\\\/3a8de04a2656d44082be478bd6c086daa447c4651605818287b9532d3d0bd435?s=96&d=mm&r=g\",\"caption\":\"Lo viste en Los Pol\u00edticos\"},\"url\":\"https:\\\/\\\/lospoliticosveracruz.com\\\/?author=2\"}]}<\/script>\n<!-- \/ Yoast SEO plugin. -->","yoast_head_json":{"title":"Partidos, de la insana cercan\u00eda a la lucha intestina - Los pol\u00edticos Veracruz","robots":{"index":"index","follow":"follow","max-snippet":"max-snippet:-1","max-image-preview":"max-image-preview:large","max-video-preview":"max-video-preview:-1"},"canonical":"https:\/\/lospoliticosveracruz.com\/?p=17232","og_locale":"es_ES","og_type":"article","og_title":"Partidos, de la insana cercan\u00eda a la lucha intestina - Los pol\u00edticos Veracruz","og_description":"\u00c1lvaro Belin Andrade Hora Libre Con un dirigente nacional cuyo cambio no se presta a ninguna vicisitud pues lo determina su principal amanuense, Andr\u00e9s Manuel L\u00f3pez Obrador, Morena no parece que tenga en puerta conflicto interior alguno. En efecto, aunque ya se escuchan las campanas para despedir a Mart\u00ed Batres Guadarrama, un dirigente a modo [&hellip;]","og_url":"https:\/\/lospoliticosveracruz.com\/?p=17232","og_site_name":"Los pol\u00edticos Veracruz","article_publisher":"https:\/\/www.facebook.com\/people\/Notimemes-de-los-Polticos\/61565672886568\/","article_published_time":"2015-08-10T00:03:20+00:00","og_image":[{"width":200,"height":200,"url":"https:\/\/lospoliticosveracruz.com\/wp-content\/uploads\/2016\/07\/Logo-Dor.jpg","type":"image\/jpeg"}],"author":"Lo viste en Los Pol\u00edticos","twitter_card":"summary_large_image","twitter_creator":"@LosPoliticosVer","twitter_site":"@LosPoliticosVer","twitter_misc":{"Escrito por":"Lo viste en Los Pol\u00edticos","Tiempo de lectura":"6 minutos"},"schema":{"@context":"https:\/\/schema.org","@graph":[{"@type":"Article","@id":"https:\/\/lospoliticosveracruz.com\/?p=17232#article","isPartOf":{"@id":"https:\/\/lospoliticosveracruz.com\/?p=17232"},"author":{"name":"Lo viste en Los Pol\u00edticos","@id":"https:\/\/lospoliticosveracruz.com\/#\/schema\/person\/b8702bb0e538456e6efd07080bf2a4a2"},"headline":"Partidos, de la insana cercan\u00eda a la lucha intestina","datePublished":"2015-08-10T00:03:20+00:00","mainEntityOfPage":{"@id":"https:\/\/lospoliticosveracruz.com\/?p=17232"},"wordCount":1188,"commentCount":0,"publisher":{"@id":"https:\/\/lospoliticosveracruz.com\/#organization"},"keywords":["Andr\u00e9s Manuel L\u00f3pez Obrador","Enrique Pe\u00f1a Nieto","Javier Corral","Manlio Fabio Beltrones","Mart\u00ed Batres Guadarrama","Ricardo Anaya Cort\u00e9s"],"articleSection":["De Opini\u00f3n"],"inLanguage":"es","potentialAction":[{"@type":"CommentAction","name":"Comment","target":["https:\/\/lospoliticosveracruz.com\/?p=17232#respond"]}]},{"@type":"WebPage","@id":"https:\/\/lospoliticosveracruz.com\/?p=17232","url":"https:\/\/lospoliticosveracruz.com\/?p=17232","name":"Partidos, de la insana cercan\u00eda a la lucha intestina - Los pol\u00edticos Veracruz","isPartOf":{"@id":"https:\/\/lospoliticosveracruz.com\/#website"},"datePublished":"2015-08-10T00:03:20+00:00","breadcrumb":{"@id":"https:\/\/lospoliticosveracruz.com\/?p=17232#breadcrumb"},"inLanguage":"es","potentialAction":[{"@type":"ReadAction","target":["https:\/\/lospoliticosveracruz.com\/?p=17232"]}]},{"@type":"BreadcrumbList","@id":"https:\/\/lospoliticosveracruz.com\/?p=17232#breadcrumb","itemListElement":[{"@type":"ListItem","position":1,"name":"Portada","item":"https:\/\/lospoliticosveracruz.com\/"},{"@type":"ListItem","position":2,"name":"Partidos, de la insana cercan\u00eda a la lucha intestina"}]},{"@type":"WebSite","@id":"https:\/\/lospoliticosveracruz.com\/#website","url":"https:\/\/lospoliticosveracruz.com\/","name":"Los pol\u00edticos Veracruz","description":"","publisher":{"@id":"https:\/\/lospoliticosveracruz.com\/#organization"},"potentialAction":[{"@type":"SearchAction","target":{"@type":"EntryPoint","urlTemplate":"https:\/\/lospoliticosveracruz.com\/?s={search_term_string}"},"query-input":{"@type":"PropertyValueSpecification","valueRequired":true,"valueName":"search_term_string"}}],"inLanguage":"es"},{"@type":"Organization","@id":"https:\/\/lospoliticosveracruz.com\/#organization","name":"Los pol\u00edticos Veracruz","url":"https:\/\/lospoliticosveracruz.com\/","logo":{"@type":"ImageObject","inLanguage":"es","@id":"https:\/\/lospoliticosveracruz.com\/#\/schema\/logo\/image\/","url":"https:\/\/lospoliticosveracruz.com\/wp-content\/uploads\/2025\/12\/Logo-Nuevo-LOS-POLITICOS-1.jpg","contentUrl":"https:\/\/lospoliticosveracruz.com\/wp-content\/uploads\/2025\/12\/Logo-Nuevo-LOS-POLITICOS-1.jpg","width":260,"height":70,"caption":"Los pol\u00edticos Veracruz"},"image":{"@id":"https:\/\/lospoliticosveracruz.com\/#\/schema\/logo\/image\/"},"sameAs":["https:\/\/www.facebook.com\/people\/Notimemes-de-los-Polticos\/61565672886568\/","https:\/\/x.com\/LosPoliticosVer"]},{"@type":"Person","@id":"https:\/\/lospoliticosveracruz.com\/#\/schema\/person\/b8702bb0e538456e6efd07080bf2a4a2","name":"Lo viste en Los Pol\u00edticos","image":{"@type":"ImageObject","inLanguage":"es","@id":"https:\/\/secure.gravatar.com\/avatar\/3a8de04a2656d44082be478bd6c086daa447c4651605818287b9532d3d0bd435?s=96&d=mm&r=g","url":"https:\/\/secure.gravatar.com\/avatar\/3a8de04a2656d44082be478bd6c086daa447c4651605818287b9532d3d0bd435?s=96&d=mm&r=g","contentUrl":"https:\/\/secure.gravatar.com\/avatar\/3a8de04a2656d44082be478bd6c086daa447c4651605818287b9532d3d0bd435?s=96&d=mm&r=g","caption":"Lo viste en Los Pol\u00edticos"},"url":"https:\/\/lospoliticosveracruz.com\/?author=2"}]}},"_links":{"self":[{"href":"https:\/\/lospoliticosveracruz.com\/index.php?rest_route=\/wp\/v2\/posts\/17232","targetHints":{"allow":["GET"]}}],"collection":[{"href":"https:\/\/lospoliticosveracruz.com\/index.php?rest_route=\/wp\/v2\/posts"}],"about":[{"href":"https:\/\/lospoliticosveracruz.com\/index.php?rest_route=\/wp\/v2\/types\/post"}],"author":[{"embeddable":true,"href":"https:\/\/lospoliticosveracruz.com\/index.php?rest_route=\/wp\/v2\/users\/2"}],"replies":[{"embeddable":true,"href":"https:\/\/lospoliticosveracruz.com\/index.php?rest_route=%2Fwp%2Fv2%2Fcomments&post=17232"}],"version-history":[{"count":1,"href":"https:\/\/lospoliticosveracruz.com\/index.php?rest_route=\/wp\/v2\/posts\/17232\/revisions"}],"predecessor-version":[{"id":17234,"href":"https:\/\/lospoliticosveracruz.com\/index.php?rest_route=\/wp\/v2\/posts\/17232\/revisions\/17234"}],"wp:attachment":[{"href":"https:\/\/lospoliticosveracruz.com\/index.php?rest_route=%2Fwp%2Fv2%2Fmedia&parent=17232"}],"wp:term":[{"taxonomy":"category","embeddable":true,"href":"https:\/\/lospoliticosveracruz.com\/index.php?rest_route=%2Fwp%2Fv2%2Fcategories&post=17232"},{"taxonomy":"post_tag","embeddable":true,"href":"https:\/\/lospoliticosveracruz.com\/index.php?rest_route=%2Fwp%2Fv2%2Ftags&post=17232"}],"curies":[{"name":"wp","href":"https:\/\/api.w.org\/{rel}","templated":true}]}}