{"id":17235,"date":"2015-08-09T19:51:20","date_gmt":"2015-08-10T00:51:20","guid":{"rendered":"http:\/\/www.lospoliticosveracruz.com.mx\/?p=17235"},"modified":"2015-08-09T19:51:20","modified_gmt":"2015-08-10T00:51:20","slug":"gubernatura-2016-2024","status":"publish","type":"post","link":"https:\/\/lospoliticosveracruz.com\/?p=17235","title":{"rendered":"\u00bfGubernatura 2016-2024?"},"content":{"rendered":"<p><a href=\"http:\/\/www.lospoliticosveracruz.com.mx\/wp-content\/uploads\/2015\/07\/Senado-Pepe-Yunes-1a.-plana-1-e1437668399598.jpg\"><img loading=\"lazy\" decoding=\"async\" class=\"alignnone size-medium wp-image-16996\" src=\"http:\/\/www.lospoliticosveracruz.com.mx\/wp-content\/uploads\/2015\/07\/Senado-Pepe-Yunes-1a.-plana-1-300x199.jpg\" alt=\"Senado-Pepe-Yunes-1a.-plana-1\" width=\"300\" height=\"199\" \/><\/a><\/p>\n<p><strong>Pablo Jair Ortega<\/strong><\/p>\n<p><em>Columna sin nombre<\/em><\/p>\n<p>Especialistas en econom\u00eda sugirieron en su momento que lo mejor para Veracruz hubiese sido una gubernatura de 8 a\u00f1os, especialmente porque una de dos a\u00f1os no es suficiente tiempo para solucionar los grandes problemas econ\u00f3micos de Veracruz y apenas sentar\u00eda las bases para ir reconstruyendo la esperanza de una nueva etapa.<\/p>\n<p>Al menos as\u00ed era la apuesta de varios sectores, aunque debemos decir que en las \u00faltimas semanas algunos ya han visto fluir dinero y a destrabarse conflictos de orden administrativo.<\/p>\n<p>El tema de la gubernatura de dos a\u00f1os y luego la de 6, en este sentido, ser\u00eda m\u00e1s en la apuesta de lo personal, del ego por saber qui\u00e9n se impondr\u00eda por encabezar la primera magistratura de Veracruz, pero la realidad cr\u00edtica nos lleva a que es necesario pensar m\u00e1s all\u00e1 del personaje, del responsable directo de la soluci\u00f3n o problema pendiente.<\/p>\n<p>En este sentido por eso es viable el proyecto que los senadores H\u00e9ctor y Pepe Yunes llevan juntos, pues ambos han manifestado su inter\u00e9s por un proyecto de largo plazo necesario para Veracruz, m\u00e1s all\u00e1 de las ambiciones personales por encabezar un proyecto real de 6 a\u00f1os como ser\u00eda una gubernatura decente.<\/p>\n<p>El proyecto en este caso debe ser pensado en la forma de una gubernatura de 8 a\u00f1os, a largo plazo, para que Veracruz retome nuevamente el camino de las finanzas sanas, las deudas limpias (o por lo menos reducidas) y con verdaderos proyectos de bienestar social.<\/p>\n<p>Porque tambi\u00e9n es sabido que el proyecto de los dos a\u00f1os era una mera extensi\u00f3n para salvaguardar los intereses y cuentas del actual grupo gobernante. Que dicha mini gubernatura estaba dise\u00f1ada para la llegada de alguien muy af\u00edn para proteger los intereses y cuentas p\u00fablicas de dicho grupo, pero la realidad es que no se ve un puntero real dentro de ellos y los senadores tienen rato que se est\u00e1n promoviendo y llevan todo el \u00e1nimo del altiplano.<\/p>\n<p>Aqu\u00ed tambi\u00e9n cabe apuntar que si bien se dec\u00eda que Enrique Pe\u00f1a Nieto se encontraba debilitado y sin autoridad moral para meter las manos en la sucesi\u00f3n gubernamental de Veracruz por los recientes eventos como la fuga del Chapo Guzm\u00e1n, la llegada a casi 17 pesos del valor del d\u00f3lar y esc\u00e1ndalos que no terminan como la Casa Blanca o los 43 desaparecidos de Ayotzinapa, los esc\u00e1ndalos y problemas en Veracruz no dejaban de ser igual o peores, pero estaban siendo opacados por el panorama nacional.<\/p>\n<p>Ante esto, los asesinatos del fotoperiodista Rub\u00e9n Espinosa y de la activista Nadia Vera, nuevamente pusieron los ojos en Veracruz. Sin ser jarochos nativos, el exilio de ambos en el Distrito Federal nuevamente volvi\u00f3 a colocar a la entidad como la m\u00e1s peligrosa para ejercer el periodismo y porque un comando golpe\u00f3 con sa\u00f1a a estudiantes\/activistas unas horas antes de las elecciones federales, donde todo apunta a que se trat\u00f3 de un grupo especialmente entrenado, protegido, con objetivos claros de desarmar cualquier intento de protesta, pero a final de cuentas ilegal.<\/p>\n<p>Y es que si bien no se puede culpar a ligera y mucho menos sin pruebas de la madriza en Xalapa o de la masacre en la colonia Narvarte donde fallecieron Rub\u00e9n y Nadia, los gobernantes tampoco se pueden deslindar en lo absoluto de responsabilidades: ambas v\u00edctimas huyeron de Veracruz al Distrito Federal temerosos por lo que pudiera pasarles. Que si no mantuvieron su locaci\u00f3n oculta como hubiese sido mejor, ya es otra historia.<\/p>\n<p>Pero el exilio de Rub\u00e9n y Nadia s\u00ed aplica una responsabilidad pol\u00edtica, pues las garant\u00edas de seguridad, paz y vigilancia son tareas que implican directamente al Estado, y tanto Veracruz como el Distrito Federal, han fallado en esa materia, pues mientras algunos sectores veracruzanos como el empresarial claman seguridad, en la capital del pa\u00eds se han incrementado los delitos; por ejemplo, reportes period\u00edsticos indican que entre las 10 colonias con m\u00e1s delincuencia en el DF, est\u00e1 precisamente la Narvarte.<\/p>\n<p>De que hay responsabilidad hist\u00f3rica de la clase pol\u00edtica, la hay. Nadie en su sano juicio quiere huir, pero cuando nuestra vida o la de nuestros seres queridos peligra, claro que es v\u00e1lido el exilio, aunque existan otras opciones como las medidas cautelares de protecci\u00f3n que, seg\u00fan versiones period\u00edsticas, Rub\u00e9n rechaz\u00f3.<\/p>\n<p>El asunto es que el brutal homicidio de Rub\u00e9n y Vera golpe\u00f3 fuertemente al Gobierno de Veracruz y temas como \u00e9ste son el Tal\u00f3n de Aquiles de la actual administraci\u00f3n, cuyo estigma ser\u00e1 muy dif\u00edcil de olvidar en el futuro pol\u00edtico inmediato de la sucesi\u00f3n gubernamental.<\/p>\n<p><strong>CONSTELACIONES POL\u00cdTICAS<\/strong><\/p>\n<p>Pero la historia tambi\u00e9n nos obliga a voltear las extra\u00f1as coincidencias\u2026 \u201cConstelaciones familiares\u201d, les llaman los hol\u00edsticos.<\/p>\n<p>La llegada de Manlio Fabio Beltrones al PRI nacional, seg\u00fan analistas, lo pone en la antesala de la candidatura tricolor a la Presidencia de la Rep\u00fablica; y esto por el p\u00fablico conocimiento de que al sonorense le late su corazoncito por Los Pinos.<\/p>\n<p>Manlio fue el alumno m\u00e1s aventajado del ilustre veracruzano Fernando Guti\u00e9rrez Barrios (amado por muchos, odiados por otros m\u00e1s), quien siendo gobernador de Veracruz (1986-1988) fue llamado por Carlos Salinas de Gortari para ocupar el cargo de secretario de Gobernaci\u00f3n. Guti\u00e9rrez Barrios se convertir\u00eda as\u00ed en el primer mandatario de dos a\u00f1os y tampoco le dio tiempo para hacer grandes obras; todav\u00eda fue rechazado por el gabinete salinista tecn\u00f3crata por no pertenecer a su grupo: s\u00ed, as\u00ed como Manlio con Osorio Chong y Videgaray Caso en el presente.<\/p>\n<p>No obstante, Manlio desde ahora se ve como el fuerte aspirante del PRI a suceder a Pe\u00f1a Nieto en la Presidencia y ah\u00ed un veracruzano podr\u00eda ser nuevamente llamado al gabinete por quien, en teor\u00eda, podr\u00eda ser el futuro presidente de M\u00e9xico.<\/p>\n<p>Y s\u00ed, nos referimos a H\u00e9ctor Yunes Landa, hombre muy cercano al sonorense, como tambi\u00e9n es ahorita muy cercano a Los Pinos.<\/p>\n<p>Quiz\u00e1s H\u00e9ctor sea quien inicie la nueva etapa de 8 a\u00f1os como gobernador en Veracruz y d\u00e9 los primeros pasos para sanear y recomponer todo lo que est\u00e1 mal como lo ha dicho reiteradamente en sus discursos: que el que meti\u00f3 mano al caj\u00f3n tendr\u00e1 que devolver lo que se llev\u00f3.<\/p>\n<p>De ah\u00ed, si Manlio llega a Los Pinos en 2018, H\u00e9ctor podr\u00eda estar en el gabinete federal sin problema alguno, y con puente directo de ayuda a Pepe Yunes, que tendr\u00eda la oportunidad de continuar el proyecto de 8 a\u00f1os en la gubernatura de 6.<\/p>\n<p>Pero todo esto es teor\u00eda, pura imaginaci\u00f3n de un periodista desvelado, as\u00ed que no haga caso a rumores.<\/p>\n<p><strong>MEGAMARCHA POR LA PAZ EN XALAPA<\/strong><\/p>\n<p>A trav\u00e9s de redes sociales se ha invitado a la ciudadan\u00eda en general a una Megamarcha por la Paz en Veracruz, que iniciar\u00e1 a las 17:00 horas en la Plaza Lerdo de Xalapa. Seg\u00fan informaci\u00f3n difundida a trav\u00e9s de estos medios, quienes asistan deber\u00e1n ir vestidos de totalmente blanco y portar una flor \u00abpara exigir la paz en el territorio veracruzano\u00bb. Aunque no se especifica qui\u00e9n convoca a dicha manifestaci\u00f3n, la mayor parte de la difusi\u00f3n proviene de activistas en internet, as\u00ed como de grupos como el Comit\u00e9 Universitario de Lucha, que se ha encargado de informar sobre actividades de protesta en Xalapa. Este mismo grupo ha denunciado hostigamiento y acoso de parte de corporaciones policiacas a ra\u00edz del asesinato de la activista Nadia Vera y del fotoperiodista Rub\u00e9n Espinosa.<\/p>\n","protected":false},"excerpt":{"rendered":"<p>Pablo Jair Ortega Columna sin nombre Especialistas en econom\u00eda sugirieron en su momento que lo mejor para Veracruz hubiese sido una gubernatura de 8 a\u00f1os, especialmente porque una de dos a\u00f1os no es suficiente tiempo para solucionar los grandes problemas econ\u00f3micos de Veracruz y apenas sentar\u00eda las bases para ir reconstruyendo la esperanza de una [&hellip;]<\/p>\n","protected":false},"author":2,"featured_media":0,"comment_status":"open","ping_status":"open","sticky":false,"template":"","format":"standard","meta":{"tdm_status":"","tdm_grid_status":"","footnotes":""},"categories":[70],"tags":[348,227],"class_list":{"0":"post-17235","1":"post","2":"type-post","3":"status-publish","4":"format-standard","6":"category-de-opinion","7":"tag-hector-yunes-landa","8":"tag-jose-yunes-zorrilla"},"yoast_head":"<!-- This site is optimized with the Yoast SEO plugin v27.4 - https:\/\/yoast.com\/product\/yoast-seo-wordpress\/ -->\n<title>\u00bfGubernatura 2016-2024? - Los pol\u00edticos Veracruz<\/title>\n<meta name=\"robots\" content=\"index, follow, max-snippet:-1, max-image-preview:large, max-video-preview:-1\" \/>\n<link rel=\"canonical\" href=\"https:\/\/lospoliticosveracruz.com\/?p=17235\" \/>\n<meta property=\"og:locale\" content=\"es_ES\" \/>\n<meta property=\"og:type\" content=\"article\" \/>\n<meta property=\"og:title\" content=\"\u00bfGubernatura 2016-2024? - Los pol\u00edticos Veracruz\" \/>\n<meta property=\"og:description\" content=\"Pablo Jair Ortega Columna sin nombre Especialistas en econom\u00eda sugirieron en su momento que lo mejor para Veracruz hubiese sido una gubernatura de 8 a\u00f1os, especialmente porque una de dos a\u00f1os no es suficiente tiempo para solucionar los grandes problemas econ\u00f3micos de Veracruz y apenas sentar\u00eda las bases para ir reconstruyendo la esperanza de una [&hellip;]\" \/>\n<meta property=\"og:url\" content=\"https:\/\/lospoliticosveracruz.com\/?p=17235\" \/>\n<meta property=\"og:site_name\" content=\"Los pol\u00edticos Veracruz\" \/>\n<meta property=\"article:publisher\" content=\"https:\/\/www.facebook.com\/people\/Notimemes-de-los-Polticos\/61565672886568\/\" \/>\n<meta property=\"article:published_time\" content=\"2015-08-10T00:51:20+00:00\" \/>\n<meta property=\"og:image\" content=\"http:\/\/www.lospoliticosveracruz.com.mx\/wp-content\/uploads\/2015\/07\/Senado-Pepe-Yunes-1a.-plana-1-300x199.jpg\" \/>\n<meta name=\"author\" content=\"Lo viste en Los Pol\u00edticos\" \/>\n<meta name=\"twitter:card\" content=\"summary_large_image\" \/>\n<meta name=\"twitter:creator\" content=\"@LosPoliticosVer\" \/>\n<meta name=\"twitter:site\" content=\"@LosPoliticosVer\" \/>\n<meta name=\"twitter:label1\" content=\"Escrito por\" \/>\n\t<meta name=\"twitter:data1\" content=\"Lo viste en Los Pol\u00edticos\" \/>\n\t<meta name=\"twitter:label2\" content=\"Tiempo de lectura\" \/>\n\t<meta name=\"twitter:data2\" content=\"7 minutos\" \/>\n<script type=\"application\/ld+json\" class=\"yoast-schema-graph\">{\"@context\":\"https:\\\/\\\/schema.org\",\"@graph\":[{\"@type\":\"Article\",\"@id\":\"https:\\\/\\\/lospoliticosveracruz.com\\\/?p=17235#article\",\"isPartOf\":{\"@id\":\"https:\\\/\\\/lospoliticosveracruz.com\\\/?p=17235\"},\"author\":{\"name\":\"Lo viste en Los Pol\u00edticos\",\"@id\":\"https:\\\/\\\/lospoliticosveracruz.com\\\/#\\\/schema\\\/person\\\/b8702bb0e538456e6efd07080bf2a4a2\"},\"headline\":\"\u00bfGubernatura 2016-2024?\",\"datePublished\":\"2015-08-10T00:51:20+00:00\",\"mainEntityOfPage\":{\"@id\":\"https:\\\/\\\/lospoliticosveracruz.com\\\/?p=17235\"},\"wordCount\":1310,\"commentCount\":0,\"publisher\":{\"@id\":\"https:\\\/\\\/lospoliticosveracruz.com\\\/#organization\"},\"image\":{\"@id\":\"https:\\\/\\\/lospoliticosveracruz.com\\\/?p=17235#primaryimage\"},\"thumbnailUrl\":\"http:\\\/\\\/www.lospoliticosveracruz.com.mx\\\/wp-content\\\/uploads\\\/2015\\\/07\\\/Senado-Pepe-Yunes-1a.-plana-1-300x199.jpg\",\"keywords\":[\"H\u00e9ctor Yunes Landa\",\"Jos\u00e9 Yunes Zorrilla\"],\"articleSection\":[\"De Opini\u00f3n\"],\"inLanguage\":\"es\",\"potentialAction\":[{\"@type\":\"CommentAction\",\"name\":\"Comment\",\"target\":[\"https:\\\/\\\/lospoliticosveracruz.com\\\/?p=17235#respond\"]}]},{\"@type\":\"WebPage\",\"@id\":\"https:\\\/\\\/lospoliticosveracruz.com\\\/?p=17235\",\"url\":\"https:\\\/\\\/lospoliticosveracruz.com\\\/?p=17235\",\"name\":\"\u00bfGubernatura 2016-2024? - Los pol\u00edticos Veracruz\",\"isPartOf\":{\"@id\":\"https:\\\/\\\/lospoliticosveracruz.com\\\/#website\"},\"primaryImageOfPage\":{\"@id\":\"https:\\\/\\\/lospoliticosveracruz.com\\\/?p=17235#primaryimage\"},\"image\":{\"@id\":\"https:\\\/\\\/lospoliticosveracruz.com\\\/?p=17235#primaryimage\"},\"thumbnailUrl\":\"http:\\\/\\\/www.lospoliticosveracruz.com.mx\\\/wp-content\\\/uploads\\\/2015\\\/07\\\/Senado-Pepe-Yunes-1a.-plana-1-300x199.jpg\",\"datePublished\":\"2015-08-10T00:51:20+00:00\",\"breadcrumb\":{\"@id\":\"https:\\\/\\\/lospoliticosveracruz.com\\\/?p=17235#breadcrumb\"},\"inLanguage\":\"es\",\"potentialAction\":[{\"@type\":\"ReadAction\",\"target\":[\"https:\\\/\\\/lospoliticosveracruz.com\\\/?p=17235\"]}]},{\"@type\":\"ImageObject\",\"inLanguage\":\"es\",\"@id\":\"https:\\\/\\\/lospoliticosveracruz.com\\\/?p=17235#primaryimage\",\"url\":\"http:\\\/\\\/www.lospoliticosveracruz.com.mx\\\/wp-content\\\/uploads\\\/2015\\\/07\\\/Senado-Pepe-Yunes-1a.-plana-1-300x199.jpg\",\"contentUrl\":\"http:\\\/\\\/www.lospoliticosveracruz.com.mx\\\/wp-content\\\/uploads\\\/2015\\\/07\\\/Senado-Pepe-Yunes-1a.-plana-1-300x199.jpg\"},{\"@type\":\"BreadcrumbList\",\"@id\":\"https:\\\/\\\/lospoliticosveracruz.com\\\/?p=17235#breadcrumb\",\"itemListElement\":[{\"@type\":\"ListItem\",\"position\":1,\"name\":\"Portada\",\"item\":\"https:\\\/\\\/lospoliticosveracruz.com\\\/\"},{\"@type\":\"ListItem\",\"position\":2,\"name\":\"\u00bfGubernatura 2016-2024?\"}]},{\"@type\":\"WebSite\",\"@id\":\"https:\\\/\\\/lospoliticosveracruz.com\\\/#website\",\"url\":\"https:\\\/\\\/lospoliticosveracruz.com\\\/\",\"name\":\"Los pol\u00edticos Veracruz\",\"description\":\"\",\"publisher\":{\"@id\":\"https:\\\/\\\/lospoliticosveracruz.com\\\/#organization\"},\"potentialAction\":[{\"@type\":\"SearchAction\",\"target\":{\"@type\":\"EntryPoint\",\"urlTemplate\":\"https:\\\/\\\/lospoliticosveracruz.com\\\/?s={search_term_string}\"},\"query-input\":{\"@type\":\"PropertyValueSpecification\",\"valueRequired\":true,\"valueName\":\"search_term_string\"}}],\"inLanguage\":\"es\"},{\"@type\":\"Organization\",\"@id\":\"https:\\\/\\\/lospoliticosveracruz.com\\\/#organization\",\"name\":\"Los pol\u00edticos Veracruz\",\"url\":\"https:\\\/\\\/lospoliticosveracruz.com\\\/\",\"logo\":{\"@type\":\"ImageObject\",\"inLanguage\":\"es\",\"@id\":\"https:\\\/\\\/lospoliticosveracruz.com\\\/#\\\/schema\\\/logo\\\/image\\\/\",\"url\":\"https:\\\/\\\/lospoliticosveracruz.com\\\/wp-content\\\/uploads\\\/2025\\\/12\\\/Logo-Nuevo-LOS-POLITICOS-1.jpg\",\"contentUrl\":\"https:\\\/\\\/lospoliticosveracruz.com\\\/wp-content\\\/uploads\\\/2025\\\/12\\\/Logo-Nuevo-LOS-POLITICOS-1.jpg\",\"width\":260,\"height\":70,\"caption\":\"Los pol\u00edticos Veracruz\"},\"image\":{\"@id\":\"https:\\\/\\\/lospoliticosveracruz.com\\\/#\\\/schema\\\/logo\\\/image\\\/\"},\"sameAs\":[\"https:\\\/\\\/www.facebook.com\\\/people\\\/Notimemes-de-los-Polticos\\\/61565672886568\\\/\",\"https:\\\/\\\/x.com\\\/LosPoliticosVer\"]},{\"@type\":\"Person\",\"@id\":\"https:\\\/\\\/lospoliticosveracruz.com\\\/#\\\/schema\\\/person\\\/b8702bb0e538456e6efd07080bf2a4a2\",\"name\":\"Lo viste en Los Pol\u00edticos\",\"image\":{\"@type\":\"ImageObject\",\"inLanguage\":\"es\",\"@id\":\"https:\\\/\\\/secure.gravatar.com\\\/avatar\\\/3a8de04a2656d44082be478bd6c086daa447c4651605818287b9532d3d0bd435?s=96&d=mm&r=g\",\"url\":\"https:\\\/\\\/secure.gravatar.com\\\/avatar\\\/3a8de04a2656d44082be478bd6c086daa447c4651605818287b9532d3d0bd435?s=96&d=mm&r=g\",\"contentUrl\":\"https:\\\/\\\/secure.gravatar.com\\\/avatar\\\/3a8de04a2656d44082be478bd6c086daa447c4651605818287b9532d3d0bd435?s=96&d=mm&r=g\",\"caption\":\"Lo viste en Los Pol\u00edticos\"},\"url\":\"https:\\\/\\\/lospoliticosveracruz.com\\\/?author=2\"}]}<\/script>\n<!-- \/ Yoast SEO plugin. -->","yoast_head_json":{"title":"\u00bfGubernatura 2016-2024? - Los pol\u00edticos Veracruz","robots":{"index":"index","follow":"follow","max-snippet":"max-snippet:-1","max-image-preview":"max-image-preview:large","max-video-preview":"max-video-preview:-1"},"canonical":"https:\/\/lospoliticosveracruz.com\/?p=17235","og_locale":"es_ES","og_type":"article","og_title":"\u00bfGubernatura 2016-2024? - Los pol\u00edticos Veracruz","og_description":"Pablo Jair Ortega Columna sin nombre Especialistas en econom\u00eda sugirieron en su momento que lo mejor para Veracruz hubiese sido una gubernatura de 8 a\u00f1os, especialmente porque una de dos a\u00f1os no es suficiente tiempo para solucionar los grandes problemas econ\u00f3micos de Veracruz y apenas sentar\u00eda las bases para ir reconstruyendo la esperanza de una [&hellip;]","og_url":"https:\/\/lospoliticosveracruz.com\/?p=17235","og_site_name":"Los pol\u00edticos Veracruz","article_publisher":"https:\/\/www.facebook.com\/people\/Notimemes-de-los-Polticos\/61565672886568\/","article_published_time":"2015-08-10T00:51:20+00:00","og_image":[{"url":"http:\/\/www.lospoliticosveracruz.com.mx\/wp-content\/uploads\/2015\/07\/Senado-Pepe-Yunes-1a.-plana-1-300x199.jpg","type":"","width":"","height":""}],"author":"Lo viste en Los Pol\u00edticos","twitter_card":"summary_large_image","twitter_creator":"@LosPoliticosVer","twitter_site":"@LosPoliticosVer","twitter_misc":{"Escrito por":"Lo viste en Los Pol\u00edticos","Tiempo de lectura":"7 minutos"},"schema":{"@context":"https:\/\/schema.org","@graph":[{"@type":"Article","@id":"https:\/\/lospoliticosveracruz.com\/?p=17235#article","isPartOf":{"@id":"https:\/\/lospoliticosveracruz.com\/?p=17235"},"author":{"name":"Lo viste en Los Pol\u00edticos","@id":"https:\/\/lospoliticosveracruz.com\/#\/schema\/person\/b8702bb0e538456e6efd07080bf2a4a2"},"headline":"\u00bfGubernatura 2016-2024?","datePublished":"2015-08-10T00:51:20+00:00","mainEntityOfPage":{"@id":"https:\/\/lospoliticosveracruz.com\/?p=17235"},"wordCount":1310,"commentCount":0,"publisher":{"@id":"https:\/\/lospoliticosveracruz.com\/#organization"},"image":{"@id":"https:\/\/lospoliticosveracruz.com\/?p=17235#primaryimage"},"thumbnailUrl":"http:\/\/www.lospoliticosveracruz.com.mx\/wp-content\/uploads\/2015\/07\/Senado-Pepe-Yunes-1a.-plana-1-300x199.jpg","keywords":["H\u00e9ctor Yunes Landa","Jos\u00e9 Yunes Zorrilla"],"articleSection":["De Opini\u00f3n"],"inLanguage":"es","potentialAction":[{"@type":"CommentAction","name":"Comment","target":["https:\/\/lospoliticosveracruz.com\/?p=17235#respond"]}]},{"@type":"WebPage","@id":"https:\/\/lospoliticosveracruz.com\/?p=17235","url":"https:\/\/lospoliticosveracruz.com\/?p=17235","name":"\u00bfGubernatura 2016-2024? - Los pol\u00edticos Veracruz","isPartOf":{"@id":"https:\/\/lospoliticosveracruz.com\/#website"},"primaryImageOfPage":{"@id":"https:\/\/lospoliticosveracruz.com\/?p=17235#primaryimage"},"image":{"@id":"https:\/\/lospoliticosveracruz.com\/?p=17235#primaryimage"},"thumbnailUrl":"http:\/\/www.lospoliticosveracruz.com.mx\/wp-content\/uploads\/2015\/07\/Senado-Pepe-Yunes-1a.-plana-1-300x199.jpg","datePublished":"2015-08-10T00:51:20+00:00","breadcrumb":{"@id":"https:\/\/lospoliticosveracruz.com\/?p=17235#breadcrumb"},"inLanguage":"es","potentialAction":[{"@type":"ReadAction","target":["https:\/\/lospoliticosveracruz.com\/?p=17235"]}]},{"@type":"ImageObject","inLanguage":"es","@id":"https:\/\/lospoliticosveracruz.com\/?p=17235#primaryimage","url":"http:\/\/www.lospoliticosveracruz.com.mx\/wp-content\/uploads\/2015\/07\/Senado-Pepe-Yunes-1a.-plana-1-300x199.jpg","contentUrl":"http:\/\/www.lospoliticosveracruz.com.mx\/wp-content\/uploads\/2015\/07\/Senado-Pepe-Yunes-1a.-plana-1-300x199.jpg"},{"@type":"BreadcrumbList","@id":"https:\/\/lospoliticosveracruz.com\/?p=17235#breadcrumb","itemListElement":[{"@type":"ListItem","position":1,"name":"Portada","item":"https:\/\/lospoliticosveracruz.com\/"},{"@type":"ListItem","position":2,"name":"\u00bfGubernatura 2016-2024?"}]},{"@type":"WebSite","@id":"https:\/\/lospoliticosveracruz.com\/#website","url":"https:\/\/lospoliticosveracruz.com\/","name":"Los pol\u00edticos Veracruz","description":"","publisher":{"@id":"https:\/\/lospoliticosveracruz.com\/#organization"},"potentialAction":[{"@type":"SearchAction","target":{"@type":"EntryPoint","urlTemplate":"https:\/\/lospoliticosveracruz.com\/?s={search_term_string}"},"query-input":{"@type":"PropertyValueSpecification","valueRequired":true,"valueName":"search_term_string"}}],"inLanguage":"es"},{"@type":"Organization","@id":"https:\/\/lospoliticosveracruz.com\/#organization","name":"Los pol\u00edticos Veracruz","url":"https:\/\/lospoliticosveracruz.com\/","logo":{"@type":"ImageObject","inLanguage":"es","@id":"https:\/\/lospoliticosveracruz.com\/#\/schema\/logo\/image\/","url":"https:\/\/lospoliticosveracruz.com\/wp-content\/uploads\/2025\/12\/Logo-Nuevo-LOS-POLITICOS-1.jpg","contentUrl":"https:\/\/lospoliticosveracruz.com\/wp-content\/uploads\/2025\/12\/Logo-Nuevo-LOS-POLITICOS-1.jpg","width":260,"height":70,"caption":"Los pol\u00edticos Veracruz"},"image":{"@id":"https:\/\/lospoliticosveracruz.com\/#\/schema\/logo\/image\/"},"sameAs":["https:\/\/www.facebook.com\/people\/Notimemes-de-los-Polticos\/61565672886568\/","https:\/\/x.com\/LosPoliticosVer"]},{"@type":"Person","@id":"https:\/\/lospoliticosveracruz.com\/#\/schema\/person\/b8702bb0e538456e6efd07080bf2a4a2","name":"Lo viste en Los Pol\u00edticos","image":{"@type":"ImageObject","inLanguage":"es","@id":"https:\/\/secure.gravatar.com\/avatar\/3a8de04a2656d44082be478bd6c086daa447c4651605818287b9532d3d0bd435?s=96&d=mm&r=g","url":"https:\/\/secure.gravatar.com\/avatar\/3a8de04a2656d44082be478bd6c086daa447c4651605818287b9532d3d0bd435?s=96&d=mm&r=g","contentUrl":"https:\/\/secure.gravatar.com\/avatar\/3a8de04a2656d44082be478bd6c086daa447c4651605818287b9532d3d0bd435?s=96&d=mm&r=g","caption":"Lo viste en Los Pol\u00edticos"},"url":"https:\/\/lospoliticosveracruz.com\/?author=2"}]}},"_links":{"self":[{"href":"https:\/\/lospoliticosveracruz.com\/index.php?rest_route=\/wp\/v2\/posts\/17235","targetHints":{"allow":["GET"]}}],"collection":[{"href":"https:\/\/lospoliticosveracruz.com\/index.php?rest_route=\/wp\/v2\/posts"}],"about":[{"href":"https:\/\/lospoliticosveracruz.com\/index.php?rest_route=\/wp\/v2\/types\/post"}],"author":[{"embeddable":true,"href":"https:\/\/lospoliticosveracruz.com\/index.php?rest_route=\/wp\/v2\/users\/2"}],"replies":[{"embeddable":true,"href":"https:\/\/lospoliticosveracruz.com\/index.php?rest_route=%2Fwp%2Fv2%2Fcomments&post=17235"}],"version-history":[{"count":1,"href":"https:\/\/lospoliticosveracruz.com\/index.php?rest_route=\/wp\/v2\/posts\/17235\/revisions"}],"predecessor-version":[{"id":17236,"href":"https:\/\/lospoliticosveracruz.com\/index.php?rest_route=\/wp\/v2\/posts\/17235\/revisions\/17236"}],"wp:attachment":[{"href":"https:\/\/lospoliticosveracruz.com\/index.php?rest_route=%2Fwp%2Fv2%2Fmedia&parent=17235"}],"wp:term":[{"taxonomy":"category","embeddable":true,"href":"https:\/\/lospoliticosveracruz.com\/index.php?rest_route=%2Fwp%2Fv2%2Fcategories&post=17235"},{"taxonomy":"post_tag","embeddable":true,"href":"https:\/\/lospoliticosveracruz.com\/index.php?rest_route=%2Fwp%2Fv2%2Ftags&post=17235"}],"curies":[{"name":"wp","href":"https:\/\/api.w.org\/{rel}","templated":true}]}}