{"id":17237,"date":"2015-08-09T20:57:53","date_gmt":"2015-08-10T01:57:53","guid":{"rendered":"http:\/\/www.lospoliticosveracruz.com.mx\/?p=17237"},"modified":"2015-08-09T20:57:53","modified_gmt":"2015-08-10T01:57:53","slug":"prd-reacomodo-y-busqueda-de-alianzas","status":"publish","type":"post","link":"https:\/\/lospoliticosveracruz.com\/?p=17237","title":{"rendered":"PRD, reacomodo y b\u00fasqueda de alianzas"},"content":{"rendered":"<p><a href=\"http:\/\/www.lospoliticosveracruz.com.mx\/wp-content\/uploads\/2014\/11\/prd-crisis.jpg\"><img loading=\"lazy\" decoding=\"async\" class=\"alignnone size-medium wp-image-13483\" src=\"http:\/\/www.lospoliticosveracruz.com.mx\/wp-content\/uploads\/2014\/11\/prd-crisis-300x172.jpg\" alt=\"prd-crisis\" width=\"300\" height=\"172\" \/><\/a><\/p>\n<p><strong>Luis Alberto Romero<\/strong><\/p>\n<p><em>Hora Cero<\/em><\/p>\n<p>Ya pasaron 26 a\u00f1os de que los partidos Mexicano Socialista, Mexicano de los Trabajadores, Socialista Unificado de M\u00e9xico, Popular Revolucionario y Socialista de los trabajadores, as\u00ed como el Movimiento Revolucionario del Pueblo y la Uni\u00f3n de la Izquierda Comunista decidieron unirse para fundar lo que hoy conocemos como el Partido de la Revoluci\u00f3n Democr\u00e1tica.<br \/>\nActualmente, el Sol Azteca es gobierno en Distrito Federal, con Miguel \u00c1ngel Mancera; Morelos, con Graco Ram\u00edrez Garrido; Tabasco, con Arturo N\u00fa\u00f1ez Jim\u00e9nez; y Michoac\u00e1n, donde el primero de octubre rendir\u00e1 protesta Silvano Aureoles Conejo.<br \/>\nSiendo un partido en el que es com\u00fan la divisi\u00f3n, el enfrentamiento entre grupos y la coexistencia de tribus casi antrop\u00f3fagas, no resultan extra\u00f1as las fracturas internas ni las renuncias de militantes destacados.<br \/>\nHasta hoy, cuatro ex dirigentes nacionales del PRD han dejado dicho partido: Porfirio Mu\u00f1oz Ledo, Rosario Robles Berlanga, Andr\u00e9s Manuel L\u00f3pez Obrador y Cuauht\u00e9moc C\u00e1rdenas Sol\u00f3rzano.<br \/>\nSi bien no se trata de una renuncia a la militancia, este fin de semana pr\u00e1cticamente se oficializ\u00f3 la anunciada salida de Carlos Navarrete de la dirigencia nacional; con \u00e9l se va un Comit\u00e9 Ejecutivo Nacional que entreg\u00f3 malas cuentas a su partido en el pasado proceso electoral. No llegaron siquiera al 11 por ciento de la votaci\u00f3n total y ello fue aprovechado por pr\u00e1cticamente todas las tribus que est\u00e1n en contra de la corriente Nueva Izquierda, que ha sido predominante desde 2008.<br \/>\nLo importante del reciente Consejo Nacional del PRD, sin embargo, no fue el reacomodo, porque ya estaba anunciada la salida de Navarrete Ruiz (que se concretar\u00e1 entre el 17 y el 20 de septiembre), sino el tema del relevo generacional en la dirigencia y, sobre todo, el de las alianzas con otras fuerzas pol\u00edticas. Aunque se afirm\u00f3 en la reuni\u00f3n del perredismo nacional que se dar\u00e1 prioridad a las coaliciones con partidos de izquierda, no se descarta que en algunos estados del pa\u00eds, el Sol Azteca participe en alianza con Acci\u00f3n Nacional en el proceso de 2016.<br \/>\nEn 12 estados del pa\u00eds\u2013Veracruz entre ellos\u2013 habr\u00e1 elecciones locales el pr\u00f3ximo a\u00f1o; si el PRD determina ir en alianza con el PAN y otras fuerzas pol\u00edticas menores, el panorama para el PRI podr\u00eda ser sumamente complicado y la tarea para el candidato pri\u00edsta, sin importar de quien se trate, ser\u00e1 algo muy parecido a una misi\u00f3n imposible.<\/p>\n<p><strong>Chilchotla, el lucro por el agua<\/strong><br \/>\nAl ver la informaci\u00f3n que presume que el agua que se consume en Xalapa no es potable, la primera expresi\u00f3n que salta es de incredulidad, por diversas razones, tan s\u00f3lo bastar\u00eda imaginar la epidemia de enfermedades gastrointestinales que permanentemente padecer\u00edan los xalape\u00f1os; por otro lado, en la capital del estado, donde residen todos los servicios p\u00fablicos del gobierno estatal, estar\u00edan pr\u00e1cticamente colapsados por la mala calidad del agua; y para terminar, suponer que las autoridades xalape\u00f1as nos despacharan el agua tal y como les llega de Puebla es un absurdo.<br \/>\nLo que quiere Valent\u00edn Medel Hern\u00e1ndez, alcalde de Chilchotla, Puebla, es espantar con el petate del muerto para sacar dinero; incluso, ya sali\u00f3 el peine y quiere que Xalapa le haga tres plantas potabilizadoras de agua, eso s\u00ed, porque all\u00e1 en su municipio no puede tratar el agua. Mejor que busque en otro lugar el dinero que requiere para solventar la acusaci\u00f3n por desv\u00edo de fondos federales por m\u00e1s de 54 millones de pesos en la campa\u00f1a electoral y luego que se preocupe por la salud de los xalape\u00f1os.<\/p>\n<p><strong>M\u00e9rito ambiental<\/strong><br \/>\nEl ayuntamiento de Tuxpan fue notificado sobre el Premio al M\u00e9rito Ambiental 2015, que obtuvo gracias al trabajo realizado para rescatar la laguna El Ensue\u00f1o, un cuerpo de agua que tiene una extensi\u00f3n de casi 20 hect\u00e1reas.<br \/>\nEsa laguna estaba cubierta totalmente por maleza acu\u00e1tica, lechuguilla, situaci\u00f3n que afectaba a m\u00e1s de 2 mil habitantes de las comunidades El Higueral, Boca del Monte, Buenos Aires y Ojite.<br \/>\nDebido a ello, el gobierno municipal que encabeza Ra\u00fal Ruiz D\u00edaz destin\u00f3 una inversi\u00f3n cercana a 7 millones de pesos para el rescate de ese recurso, con la intenci\u00f3n de preservar el entorno ambiental, cuidar el ecosistema y reactivar la econom\u00eda y el desarrollo tur\u00edstico de esas cuatro comunidades, cuyos habitantes enfrentan problemas de pobreza y el desempleo. A esas acciones se debe el reconocimiento.<br \/>\nAyer, en m\u00e1s acciones de cuidado al entorno, ese ayuntamiento entreg\u00f3 m\u00e1s de 2 mil \u00e1rboles maderables y frutales para abatir el problema de la deforestaci\u00f3n.<br \/>\nA la fecha, en Tuxpan ya han sembrado 12 mil \u00e1rboles de cedro, caoba, jobo y ojite. @luisromero85<\/p>\n","protected":false},"excerpt":{"rendered":"<p>Luis Alberto Romero Hora Cero Ya pasaron 26 a\u00f1os de que los partidos Mexicano Socialista, Mexicano de los Trabajadores, Socialista Unificado de M\u00e9xico, Popular Revolucionario y Socialista de los trabajadores, as\u00ed como el Movimiento Revolucionario del Pueblo y la Uni\u00f3n de la Izquierda Comunista decidieron unirse para fundar lo que hoy conocemos como el Partido [&hellip;]<\/p>\n","protected":false},"author":2,"featured_media":0,"comment_status":"open","ping_status":"open","sticky":false,"template":"","format":"standard","meta":{"tdm_status":"","tdm_grid_status":"","footnotes":""},"categories":[70],"tags":[1034,107],"class_list":{"0":"post-17237","1":"post","2":"type-post","3":"status-publish","4":"format-standard","6":"category-de-opinion","7":"tag-miguel-angel-mancera","8":"tag-prd"},"yoast_head":"<!-- This site is optimized with the Yoast SEO plugin v27.4 - https:\/\/yoast.com\/product\/yoast-seo-wordpress\/ -->\n<title>PRD, reacomodo y b\u00fasqueda de alianzas - Los pol\u00edticos Veracruz<\/title>\n<meta name=\"robots\" content=\"index, follow, max-snippet:-1, max-image-preview:large, max-video-preview:-1\" \/>\n<link rel=\"canonical\" href=\"https:\/\/lospoliticosveracruz.com\/?p=17237\" \/>\n<meta property=\"og:locale\" content=\"es_ES\" \/>\n<meta property=\"og:type\" content=\"article\" \/>\n<meta property=\"og:title\" content=\"PRD, reacomodo y b\u00fasqueda de alianzas - Los pol\u00edticos Veracruz\" \/>\n<meta property=\"og:description\" content=\"Luis Alberto Romero Hora Cero Ya pasaron 26 a\u00f1os de que los partidos Mexicano Socialista, Mexicano de los Trabajadores, Socialista Unificado de M\u00e9xico, Popular Revolucionario y Socialista de los trabajadores, as\u00ed como el Movimiento Revolucionario del Pueblo y la Uni\u00f3n de la Izquierda Comunista decidieron unirse para fundar lo que hoy conocemos como el Partido [&hellip;]\" \/>\n<meta property=\"og:url\" content=\"https:\/\/lospoliticosveracruz.com\/?p=17237\" \/>\n<meta property=\"og:site_name\" content=\"Los pol\u00edticos Veracruz\" \/>\n<meta property=\"article:publisher\" content=\"https:\/\/www.facebook.com\/people\/Notimemes-de-los-Polticos\/61565672886568\/\" \/>\n<meta property=\"article:published_time\" content=\"2015-08-10T01:57:53+00:00\" \/>\n<meta property=\"og:image\" content=\"http:\/\/www.lospoliticosveracruz.com.mx\/wp-content\/uploads\/2014\/11\/prd-crisis-300x172.jpg\" \/>\n<meta name=\"author\" content=\"Lo viste en Los Pol\u00edticos\" \/>\n<meta name=\"twitter:card\" content=\"summary_large_image\" \/>\n<meta name=\"twitter:creator\" content=\"@LosPoliticosVer\" \/>\n<meta name=\"twitter:site\" content=\"@LosPoliticosVer\" \/>\n<meta name=\"twitter:label1\" content=\"Escrito por\" \/>\n\t<meta name=\"twitter:data1\" content=\"Lo viste en Los Pol\u00edticos\" \/>\n\t<meta name=\"twitter:label2\" content=\"Tiempo de lectura\" \/>\n\t<meta name=\"twitter:data2\" content=\"4 minutos\" \/>\n<script type=\"application\/ld+json\" class=\"yoast-schema-graph\">{\"@context\":\"https:\\\/\\\/schema.org\",\"@graph\":[{\"@type\":\"Article\",\"@id\":\"https:\\\/\\\/lospoliticosveracruz.com\\\/?p=17237#article\",\"isPartOf\":{\"@id\":\"https:\\\/\\\/lospoliticosveracruz.com\\\/?p=17237\"},\"author\":{\"name\":\"Lo viste en Los Pol\u00edticos\",\"@id\":\"https:\\\/\\\/lospoliticosveracruz.com\\\/#\\\/schema\\\/person\\\/b8702bb0e538456e6efd07080bf2a4a2\"},\"headline\":\"PRD, reacomodo y b\u00fasqueda de alianzas\",\"datePublished\":\"2015-08-10T01:57:53+00:00\",\"mainEntityOfPage\":{\"@id\":\"https:\\\/\\\/lospoliticosveracruz.com\\\/?p=17237\"},\"wordCount\":816,\"commentCount\":0,\"publisher\":{\"@id\":\"https:\\\/\\\/lospoliticosveracruz.com\\\/#organization\"},\"image\":{\"@id\":\"https:\\\/\\\/lospoliticosveracruz.com\\\/?p=17237#primaryimage\"},\"thumbnailUrl\":\"http:\\\/\\\/www.lospoliticosveracruz.com.mx\\\/wp-content\\\/uploads\\\/2014\\\/11\\\/prd-crisis-300x172.jpg\",\"keywords\":[\"Miguel \u00c1ngel Mancera\",\"PRD\"],\"articleSection\":[\"De Opini\u00f3n\"],\"inLanguage\":\"es\",\"potentialAction\":[{\"@type\":\"CommentAction\",\"name\":\"Comment\",\"target\":[\"https:\\\/\\\/lospoliticosveracruz.com\\\/?p=17237#respond\"]}]},{\"@type\":\"WebPage\",\"@id\":\"https:\\\/\\\/lospoliticosveracruz.com\\\/?p=17237\",\"url\":\"https:\\\/\\\/lospoliticosveracruz.com\\\/?p=17237\",\"name\":\"PRD, reacomodo y b\u00fasqueda de alianzas - Los pol\u00edticos Veracruz\",\"isPartOf\":{\"@id\":\"https:\\\/\\\/lospoliticosveracruz.com\\\/#website\"},\"primaryImageOfPage\":{\"@id\":\"https:\\\/\\\/lospoliticosveracruz.com\\\/?p=17237#primaryimage\"},\"image\":{\"@id\":\"https:\\\/\\\/lospoliticosveracruz.com\\\/?p=17237#primaryimage\"},\"thumbnailUrl\":\"http:\\\/\\\/www.lospoliticosveracruz.com.mx\\\/wp-content\\\/uploads\\\/2014\\\/11\\\/prd-crisis-300x172.jpg\",\"datePublished\":\"2015-08-10T01:57:53+00:00\",\"breadcrumb\":{\"@id\":\"https:\\\/\\\/lospoliticosveracruz.com\\\/?p=17237#breadcrumb\"},\"inLanguage\":\"es\",\"potentialAction\":[{\"@type\":\"ReadAction\",\"target\":[\"https:\\\/\\\/lospoliticosveracruz.com\\\/?p=17237\"]}]},{\"@type\":\"ImageObject\",\"inLanguage\":\"es\",\"@id\":\"https:\\\/\\\/lospoliticosveracruz.com\\\/?p=17237#primaryimage\",\"url\":\"http:\\\/\\\/www.lospoliticosveracruz.com.mx\\\/wp-content\\\/uploads\\\/2014\\\/11\\\/prd-crisis-300x172.jpg\",\"contentUrl\":\"http:\\\/\\\/www.lospoliticosveracruz.com.mx\\\/wp-content\\\/uploads\\\/2014\\\/11\\\/prd-crisis-300x172.jpg\"},{\"@type\":\"BreadcrumbList\",\"@id\":\"https:\\\/\\\/lospoliticosveracruz.com\\\/?p=17237#breadcrumb\",\"itemListElement\":[{\"@type\":\"ListItem\",\"position\":1,\"name\":\"Portada\",\"item\":\"https:\\\/\\\/lospoliticosveracruz.com\\\/\"},{\"@type\":\"ListItem\",\"position\":2,\"name\":\"PRD, reacomodo y b\u00fasqueda de alianzas\"}]},{\"@type\":\"WebSite\",\"@id\":\"https:\\\/\\\/lospoliticosveracruz.com\\\/#website\",\"url\":\"https:\\\/\\\/lospoliticosveracruz.com\\\/\",\"name\":\"Los pol\u00edticos Veracruz\",\"description\":\"\",\"publisher\":{\"@id\":\"https:\\\/\\\/lospoliticosveracruz.com\\\/#organization\"},\"potentialAction\":[{\"@type\":\"SearchAction\",\"target\":{\"@type\":\"EntryPoint\",\"urlTemplate\":\"https:\\\/\\\/lospoliticosveracruz.com\\\/?s={search_term_string}\"},\"query-input\":{\"@type\":\"PropertyValueSpecification\",\"valueRequired\":true,\"valueName\":\"search_term_string\"}}],\"inLanguage\":\"es\"},{\"@type\":\"Organization\",\"@id\":\"https:\\\/\\\/lospoliticosveracruz.com\\\/#organization\",\"name\":\"Los pol\u00edticos Veracruz\",\"url\":\"https:\\\/\\\/lospoliticosveracruz.com\\\/\",\"logo\":{\"@type\":\"ImageObject\",\"inLanguage\":\"es\",\"@id\":\"https:\\\/\\\/lospoliticosveracruz.com\\\/#\\\/schema\\\/logo\\\/image\\\/\",\"url\":\"https:\\\/\\\/lospoliticosveracruz.com\\\/wp-content\\\/uploads\\\/2025\\\/12\\\/Logo-Nuevo-LOS-POLITICOS-1.jpg\",\"contentUrl\":\"https:\\\/\\\/lospoliticosveracruz.com\\\/wp-content\\\/uploads\\\/2025\\\/12\\\/Logo-Nuevo-LOS-POLITICOS-1.jpg\",\"width\":260,\"height\":70,\"caption\":\"Los pol\u00edticos Veracruz\"},\"image\":{\"@id\":\"https:\\\/\\\/lospoliticosveracruz.com\\\/#\\\/schema\\\/logo\\\/image\\\/\"},\"sameAs\":[\"https:\\\/\\\/www.facebook.com\\\/people\\\/Notimemes-de-los-Polticos\\\/61565672886568\\\/\",\"https:\\\/\\\/x.com\\\/LosPoliticosVer\"]},{\"@type\":\"Person\",\"@id\":\"https:\\\/\\\/lospoliticosveracruz.com\\\/#\\\/schema\\\/person\\\/b8702bb0e538456e6efd07080bf2a4a2\",\"name\":\"Lo viste en Los Pol\u00edticos\",\"image\":{\"@type\":\"ImageObject\",\"inLanguage\":\"es\",\"@id\":\"https:\\\/\\\/secure.gravatar.com\\\/avatar\\\/3a8de04a2656d44082be478bd6c086daa447c4651605818287b9532d3d0bd435?s=96&d=mm&r=g\",\"url\":\"https:\\\/\\\/secure.gravatar.com\\\/avatar\\\/3a8de04a2656d44082be478bd6c086daa447c4651605818287b9532d3d0bd435?s=96&d=mm&r=g\",\"contentUrl\":\"https:\\\/\\\/secure.gravatar.com\\\/avatar\\\/3a8de04a2656d44082be478bd6c086daa447c4651605818287b9532d3d0bd435?s=96&d=mm&r=g\",\"caption\":\"Lo viste en Los Pol\u00edticos\"},\"url\":\"https:\\\/\\\/lospoliticosveracruz.com\\\/?author=2\"}]}<\/script>\n<!-- \/ Yoast SEO plugin. -->","yoast_head_json":{"title":"PRD, reacomodo y b\u00fasqueda de alianzas - Los pol\u00edticos Veracruz","robots":{"index":"index","follow":"follow","max-snippet":"max-snippet:-1","max-image-preview":"max-image-preview:large","max-video-preview":"max-video-preview:-1"},"canonical":"https:\/\/lospoliticosveracruz.com\/?p=17237","og_locale":"es_ES","og_type":"article","og_title":"PRD, reacomodo y b\u00fasqueda de alianzas - Los pol\u00edticos Veracruz","og_description":"Luis Alberto Romero Hora Cero Ya pasaron 26 a\u00f1os de que los partidos Mexicano Socialista, Mexicano de los Trabajadores, Socialista Unificado de M\u00e9xico, Popular Revolucionario y Socialista de los trabajadores, as\u00ed como el Movimiento Revolucionario del Pueblo y la Uni\u00f3n de la Izquierda Comunista decidieron unirse para fundar lo que hoy conocemos como el Partido [&hellip;]","og_url":"https:\/\/lospoliticosveracruz.com\/?p=17237","og_site_name":"Los pol\u00edticos Veracruz","article_publisher":"https:\/\/www.facebook.com\/people\/Notimemes-de-los-Polticos\/61565672886568\/","article_published_time":"2015-08-10T01:57:53+00:00","og_image":[{"url":"http:\/\/www.lospoliticosveracruz.com.mx\/wp-content\/uploads\/2014\/11\/prd-crisis-300x172.jpg","type":"","width":"","height":""}],"author":"Lo viste en Los Pol\u00edticos","twitter_card":"summary_large_image","twitter_creator":"@LosPoliticosVer","twitter_site":"@LosPoliticosVer","twitter_misc":{"Escrito por":"Lo viste en Los Pol\u00edticos","Tiempo de lectura":"4 minutos"},"schema":{"@context":"https:\/\/schema.org","@graph":[{"@type":"Article","@id":"https:\/\/lospoliticosveracruz.com\/?p=17237#article","isPartOf":{"@id":"https:\/\/lospoliticosveracruz.com\/?p=17237"},"author":{"name":"Lo viste en Los Pol\u00edticos","@id":"https:\/\/lospoliticosveracruz.com\/#\/schema\/person\/b8702bb0e538456e6efd07080bf2a4a2"},"headline":"PRD, reacomodo y b\u00fasqueda de alianzas","datePublished":"2015-08-10T01:57:53+00:00","mainEntityOfPage":{"@id":"https:\/\/lospoliticosveracruz.com\/?p=17237"},"wordCount":816,"commentCount":0,"publisher":{"@id":"https:\/\/lospoliticosveracruz.com\/#organization"},"image":{"@id":"https:\/\/lospoliticosveracruz.com\/?p=17237#primaryimage"},"thumbnailUrl":"http:\/\/www.lospoliticosveracruz.com.mx\/wp-content\/uploads\/2014\/11\/prd-crisis-300x172.jpg","keywords":["Miguel \u00c1ngel Mancera","PRD"],"articleSection":["De Opini\u00f3n"],"inLanguage":"es","potentialAction":[{"@type":"CommentAction","name":"Comment","target":["https:\/\/lospoliticosveracruz.com\/?p=17237#respond"]}]},{"@type":"WebPage","@id":"https:\/\/lospoliticosveracruz.com\/?p=17237","url":"https:\/\/lospoliticosveracruz.com\/?p=17237","name":"PRD, reacomodo y b\u00fasqueda de alianzas - Los pol\u00edticos Veracruz","isPartOf":{"@id":"https:\/\/lospoliticosveracruz.com\/#website"},"primaryImageOfPage":{"@id":"https:\/\/lospoliticosveracruz.com\/?p=17237#primaryimage"},"image":{"@id":"https:\/\/lospoliticosveracruz.com\/?p=17237#primaryimage"},"thumbnailUrl":"http:\/\/www.lospoliticosveracruz.com.mx\/wp-content\/uploads\/2014\/11\/prd-crisis-300x172.jpg","datePublished":"2015-08-10T01:57:53+00:00","breadcrumb":{"@id":"https:\/\/lospoliticosveracruz.com\/?p=17237#breadcrumb"},"inLanguage":"es","potentialAction":[{"@type":"ReadAction","target":["https:\/\/lospoliticosveracruz.com\/?p=17237"]}]},{"@type":"ImageObject","inLanguage":"es","@id":"https:\/\/lospoliticosveracruz.com\/?p=17237#primaryimage","url":"http:\/\/www.lospoliticosveracruz.com.mx\/wp-content\/uploads\/2014\/11\/prd-crisis-300x172.jpg","contentUrl":"http:\/\/www.lospoliticosveracruz.com.mx\/wp-content\/uploads\/2014\/11\/prd-crisis-300x172.jpg"},{"@type":"BreadcrumbList","@id":"https:\/\/lospoliticosveracruz.com\/?p=17237#breadcrumb","itemListElement":[{"@type":"ListItem","position":1,"name":"Portada","item":"https:\/\/lospoliticosveracruz.com\/"},{"@type":"ListItem","position":2,"name":"PRD, reacomodo y b\u00fasqueda de alianzas"}]},{"@type":"WebSite","@id":"https:\/\/lospoliticosveracruz.com\/#website","url":"https:\/\/lospoliticosveracruz.com\/","name":"Los pol\u00edticos Veracruz","description":"","publisher":{"@id":"https:\/\/lospoliticosveracruz.com\/#organization"},"potentialAction":[{"@type":"SearchAction","target":{"@type":"EntryPoint","urlTemplate":"https:\/\/lospoliticosveracruz.com\/?s={search_term_string}"},"query-input":{"@type":"PropertyValueSpecification","valueRequired":true,"valueName":"search_term_string"}}],"inLanguage":"es"},{"@type":"Organization","@id":"https:\/\/lospoliticosveracruz.com\/#organization","name":"Los pol\u00edticos Veracruz","url":"https:\/\/lospoliticosveracruz.com\/","logo":{"@type":"ImageObject","inLanguage":"es","@id":"https:\/\/lospoliticosveracruz.com\/#\/schema\/logo\/image\/","url":"https:\/\/lospoliticosveracruz.com\/wp-content\/uploads\/2025\/12\/Logo-Nuevo-LOS-POLITICOS-1.jpg","contentUrl":"https:\/\/lospoliticosveracruz.com\/wp-content\/uploads\/2025\/12\/Logo-Nuevo-LOS-POLITICOS-1.jpg","width":260,"height":70,"caption":"Los pol\u00edticos Veracruz"},"image":{"@id":"https:\/\/lospoliticosveracruz.com\/#\/schema\/logo\/image\/"},"sameAs":["https:\/\/www.facebook.com\/people\/Notimemes-de-los-Polticos\/61565672886568\/","https:\/\/x.com\/LosPoliticosVer"]},{"@type":"Person","@id":"https:\/\/lospoliticosveracruz.com\/#\/schema\/person\/b8702bb0e538456e6efd07080bf2a4a2","name":"Lo viste en Los Pol\u00edticos","image":{"@type":"ImageObject","inLanguage":"es","@id":"https:\/\/secure.gravatar.com\/avatar\/3a8de04a2656d44082be478bd6c086daa447c4651605818287b9532d3d0bd435?s=96&d=mm&r=g","url":"https:\/\/secure.gravatar.com\/avatar\/3a8de04a2656d44082be478bd6c086daa447c4651605818287b9532d3d0bd435?s=96&d=mm&r=g","contentUrl":"https:\/\/secure.gravatar.com\/avatar\/3a8de04a2656d44082be478bd6c086daa447c4651605818287b9532d3d0bd435?s=96&d=mm&r=g","caption":"Lo viste en Los Pol\u00edticos"},"url":"https:\/\/lospoliticosveracruz.com\/?author=2"}]}},"_links":{"self":[{"href":"https:\/\/lospoliticosveracruz.com\/index.php?rest_route=\/wp\/v2\/posts\/17237","targetHints":{"allow":["GET"]}}],"collection":[{"href":"https:\/\/lospoliticosveracruz.com\/index.php?rest_route=\/wp\/v2\/posts"}],"about":[{"href":"https:\/\/lospoliticosveracruz.com\/index.php?rest_route=\/wp\/v2\/types\/post"}],"author":[{"embeddable":true,"href":"https:\/\/lospoliticosveracruz.com\/index.php?rest_route=\/wp\/v2\/users\/2"}],"replies":[{"embeddable":true,"href":"https:\/\/lospoliticosveracruz.com\/index.php?rest_route=%2Fwp%2Fv2%2Fcomments&post=17237"}],"version-history":[{"count":2,"href":"https:\/\/lospoliticosveracruz.com\/index.php?rest_route=\/wp\/v2\/posts\/17237\/revisions"}],"predecessor-version":[{"id":17239,"href":"https:\/\/lospoliticosveracruz.com\/index.php?rest_route=\/wp\/v2\/posts\/17237\/revisions\/17239"}],"wp:attachment":[{"href":"https:\/\/lospoliticosveracruz.com\/index.php?rest_route=%2Fwp%2Fv2%2Fmedia&parent=17237"}],"wp:term":[{"taxonomy":"category","embeddable":true,"href":"https:\/\/lospoliticosveracruz.com\/index.php?rest_route=%2Fwp%2Fv2%2Fcategories&post=17237"},{"taxonomy":"post_tag","embeddable":true,"href":"https:\/\/lospoliticosveracruz.com\/index.php?rest_route=%2Fwp%2Fv2%2Ftags&post=17237"}],"curies":[{"name":"wp","href":"https:\/\/api.w.org\/{rel}","templated":true}]}}