{"id":17321,"date":"2015-08-13T22:03:38","date_gmt":"2015-08-14T03:03:38","guid":{"rendered":"http:\/\/www.lospoliticosveracruz.com.mx\/?p=17321"},"modified":"2015-08-13T22:03:38","modified_gmt":"2015-08-14T03:03:38","slug":"narvarte-abella-y-orizaba","status":"publish","type":"post","link":"https:\/\/lospoliticosveracruz.com\/?p=17321","title":{"rendered":"Narvarte, Abella y Orizaba"},"content":{"rendered":"<p><a href=\"http:\/\/www.lospoliticosveracruz.com.mx\/wp-content\/uploads\/2015\/08\/Juan-Santos.jpg\"><img loading=\"lazy\" decoding=\"async\" class=\"alignnone size-medium wp-image-17322\" src=\"http:\/\/www.lospoliticosveracruz.com.mx\/wp-content\/uploads\/2015\/08\/Juan-Santos-300x196.jpg\" alt=\"Juan Santos\" width=\"300\" height=\"196\" \/><\/a><br \/>\n<strong>Salvador Mu\u00f1oz<\/strong><\/p>\n<p><em>Los Pol\u00edticos<\/em><\/p>\n<p>Tres noticias en este d\u00eda para la reflexi\u00f3n:<br \/>\nLa primera: dan positivos los ex\u00e1menes toxicol\u00f3gicos para Rub\u00e9n Espinosa y Nadia Vera.<br \/>\nAs\u00ed lo dieron a conocer algunos medios de comunicaci\u00f3n, entre ellos la p\u00e1gina web de L\u00f3pez D\u00f3riga, que para que no haya pierde, lleva sus apellidos: www.lopezdoriga.com.<br \/>\nSeg\u00fan la informaci\u00f3n, Rub\u00e9n hab\u00eda consumido coca y marihuana y Nadia s\u00f3lo marihuana.<br \/>\nLo primero que vi fue la defensa que hicieron en las redes: \u201cTratan de desprestigiarlos\u2026 tratan de criminalizarlos\u2026\u201d<br \/>\nDe vuelta otra vez la pasi\u00f3n\u2026<br \/>\nSe\u00f1ores, consumir marihuana, coca\u00edna, anfetaminas o alcohol, o todo junto, no es motivo para satanizar a ninguna persona, a menos que atente contra un tercero o incluso, contra su persona.<br \/>\nVamos, el hecho de que hayan consumido las sustancias no es motivo para hacerles un juicio ni a favor ni en contra\u2026 es parte del proceso de la necropsia.<br \/>\nLo que s\u00ed debe preocupar es saber que la Procuradur\u00eda General de Justicia del DF filtra esta informaci\u00f3n con la intenci\u00f3n total de \u201cda\u00f1ar\u201d la imagen de Rub\u00e9n y Nadia con un argumento tan endeble como el consumir estupefacientes, pero lo suficientemente eficaz ante una sociedad corta de razonamiento y de criterio. El positivo en dicho examen, insisto, ni te hace criminal ni es causal para que te maten.<br \/>\nII<br \/>\nLa segunda: En Orizaba, un grupo delincuencial entra a un bar y mata a seis personas, entre ellas, a un Jefe y Subjefe de la Plaza (narco) as\u00ed como al reportero Juan Heriberto Santos. En el lugar de los hechos, igual se encontraban dos reporteros del diario cordob\u00e9s El Buen Tono, de los m\u00e1s cr\u00edticos del Gobierno estatal\u2026 bueno, siendo sinceros, le tira a todo lo que se mueve\u2026 hasta a los de su misma familia.<br \/>\nLa pregunta inicial era \u00bfqu\u00e9 hac\u00eda el ex corresponsal de Telever en ese lugar y los otros dos reporteros?<br \/>\nLa respuesta que uno quisiera: Estaban en la hora y lugar equivocados. Sin embargo, Jos\u00e9 Abella, uno de los directivos de El Buen Tono, da a conocer su versi\u00f3n de los hechos en entrevista en \u201cRadio F\u00f3rmula\u201d, tras haber platicado con sus ex-reporteros Enrique Rivas y Guillermo Ramos, que ya fueron cesados.<br \/>\nVa por frases:<br \/>\n* \u201cNo es atentado contra los periodistas\u201d<br \/>\n* \u201c\u00bfQu\u00e9 hac\u00edan mis reporteros con el jefe de plaza?\u201d<br \/>\n* \u201cMentira que en fuego cruzado mataron al de Televisa\u201d.<br \/>\n* Juan Heriberto Santos \u201cera el que repart\u00eda el dinero de los zetas a los reporteros de la policiaca para que omitieran las notas\u201d.<br \/>\n* Los ex reporteros de El Buen Tono \u201cdicen que llegaron a visitar a su amigo el de Televisa. No sab\u00edan qui\u00e9nes eran los otros\u201d.<br \/>\n* \u201cNo se trata de un ataque contra el periodismo veracruzano. No defiendo al Gobierno\u201d.<br \/>\n* \u201cMis reporteros no ten\u00edan nada que hacer. Tomaban con el jefe de Plaza. Ya fueron cesados\u201d.<br \/>\n* \u201cMuchos (periodistas) son delincuentes con plumas, extorsionan a alcaldes\u2026\u201d<br \/>\nEs evidente que Jos\u00e9 Abella es empresario y cuida \u201cel prestigio\u201d de su peri\u00f3dico al cesar de manera fulminante a los reporteros que, de acuerdo a la entrevista que da el directivo, estaban involucrados de una forma u otra, con el crimen organizado. Se entiende que al ser empresario sabe que hay responsabilidades con el cese de los reporteros como lo es una justa liquidaci\u00f3n y est\u00e1 el entendido igual en los reporteros que deben de demandar tal, as\u00ed como si creen que Abella los difam\u00f3 y calumni\u00f3, interponer denuncia en las instancias correspondientes.<br \/>\n\u00bfQu\u00e9 estaban haciendo los reporteros en la madrugada del crimen en La Taberna de Orizaba? Si hab\u00edan terminado su labor, al final, creo que es cosa que al due\u00f1o poco le importa\u2026 pero en estos momentos, a las autoridades judiciales s\u00ed.<br \/>\nIII<br \/>\nLa tercera: Y mientras Orizaba se sacud\u00eda con la media docena de muertos en un antro, en la Sur 45, un atentado contra un periodista se daba por parte de la Polic\u00eda Municipal \u00bfpor instrucciones del Director de Gobernaci\u00f3n del ayuntamiento local?<br \/>\n\u2013Compadre\u2013 le hablo a mi amigo para conocer de cerca lo ocurrido en Orizaba \u2013\u00bfC\u00f3mo est\u00e1s?<br \/>\n\u2013\u00a1Bien madreado!, compadre\u2026<br \/>\n\u2013\u00bfMucho trabajo por lo ocurrido en La Taberna?<br \/>\n\u2013\u00a1No! \u00a1Me madrearon los polic\u00edas de Ram\u00f3n Heredia!<br \/>\nRam\u00f3n Heredia, director de Gobernaci\u00f3n del Ayuntamiento chayotero y adem\u00e1s due\u00f1o de Gas Mapache, es conocido en la zona por su conflictivo car\u00e1cter, tan as\u00ed, que no respeta ni a su misma familia, sea hermano o madre.<br \/>\n\u2013\u00bfQu\u00e9 pas\u00f3?\u2013 Y el tema de La Taberna se fue a segundo t\u00e9rmino:<br \/>\n\u201cCirculaba a las 11 de la noche para acudir con unos amigos en la Sur 45, pero la calle estaba bloqueada por polic\u00edas por instrucciones de Ram\u00f3n Heredia&#8230; al parecer, a determinada hora, la orden es que no pasen veh\u00edculos por su casa&#8230;<br \/>\n\u201cUn polic\u00eda se acerc\u00f3 a la ventanilla para decirme que estaba prohibido el paso por esa calle, y le dije que ten\u00eda que ir a unas cuantas casas, que me dejara pasar\u2026 y como me dec\u00eda que no, que avanzo y el poli, con manos y tolete, le pegaba a mi carro. Metros m\u00e1s adelante, vi que no ten\u00eda nada el carro, y entr\u00e9 a la casa.<br \/>\n\u201cA las dos de la ma\u00f1ana, un intenso movimiento se registr\u00f3 en la calle. Ya sab\u00eda lo que hab\u00eda ocurrido. Pero cuando vi cuatro patrullas con sirena a todo lo que da, me asom\u00e9 temiendo que la persecuci\u00f3n hubiera llegado hasta ac\u00e1 cuando vi que una gr\u00faa estaba enganchando mi coche. De inmediato sal\u00ed para reclamar y seis polic\u00edas trataron de detenerme\u2026<br \/>\n\u2013\u00bfBajo qu\u00e9 cargo?\u2013 pregunt\u00f3 mientras forcejeaba neg\u00e1ndose a que le pusieran las esposas.<br \/>\n\u2013\u00a1Por atropellar a un polic\u00eda!\u2013 le respondieron.<br \/>\n\u2013\u00bfAtropellar? \u00a1Si hasta me golpe\u00f3 el carro!<br \/>\nGolpes, jalones as\u00ed como insultos, fue lo que escuch\u00f3 hasta llegar a los separos de la polic\u00eda donde lo mantuvieron hasta cuanto pudieron, pues nunca hubo polic\u00eda atropellado.<br \/>\nMi compadre dice que interpondr\u00e1 denuncia contra las autoridades municipales\u2026<br \/>\n\u2013\u00bfPuedo contar tu historia?<br \/>\n\u2013S\u00ed, pero no pongas mi nombre\u2026 ya la situaci\u00f3n est\u00e1 muy ca\u00f1ona para que siga habiendo m\u00e1s broncas\u2026 pero de que pongo denuncia, la pongo.<\/p>\n<p>smcainito@gmail.com<\/p>\n","protected":false},"excerpt":{"rendered":"<p>Salvador Mu\u00f1oz Los Pol\u00edticos Tres noticias en este d\u00eda para la reflexi\u00f3n: La primera: dan positivos los ex\u00e1menes toxicol\u00f3gicos para Rub\u00e9n Espinosa y Nadia Vera. As\u00ed lo dieron a conocer algunos medios de comunicaci\u00f3n, entre ellos la p\u00e1gina web de L\u00f3pez D\u00f3riga, que para que no haya pierde, lleva sus apellidos: www.lopezdoriga.com. Seg\u00fan la informaci\u00f3n, [&hellip;]<\/p>\n","protected":false},"author":2,"featured_media":0,"comment_status":"open","ping_status":"open","sticky":false,"template":"","format":"standard","meta":{"tdm_status":"","tdm_grid_status":"","footnotes":""},"categories":[70],"tags":[3162,3164,3166,3165,3161,3093,1639,3163,3167,3095],"class_list":{"0":"post-17321","1":"post","2":"type-post","3":"status-publish","4":"format-standard","6":"category-de-opinion","7":"tag-cocaina","8":"tag-el-buen-tono","9":"tag-jose-abella","10":"tag-juan-heriberto-santos","11":"tag-marihuana","12":"tag-nadia-vera","13":"tag-orizaba","14":"tag-procuraduria-df","15":"tag-ramon-heredia","16":"tag-ruben-espinosa"},"yoast_head":"<!-- This site is optimized with the Yoast SEO plugin v27.4 - https:\/\/yoast.com\/product\/yoast-seo-wordpress\/ -->\n<title>Narvarte, Abella y Orizaba - Los pol\u00edticos Veracruz<\/title>\n<meta name=\"robots\" content=\"index, follow, max-snippet:-1, max-image-preview:large, max-video-preview:-1\" \/>\n<link rel=\"canonical\" href=\"https:\/\/lospoliticosveracruz.com\/?p=17321\" \/>\n<meta property=\"og:locale\" content=\"es_ES\" \/>\n<meta property=\"og:type\" content=\"article\" \/>\n<meta property=\"og:title\" content=\"Narvarte, Abella y Orizaba - Los pol\u00edticos Veracruz\" \/>\n<meta property=\"og:description\" content=\"Salvador Mu\u00f1oz Los Pol\u00edticos Tres noticias en este d\u00eda para la reflexi\u00f3n: La primera: dan positivos los ex\u00e1menes toxicol\u00f3gicos para Rub\u00e9n Espinosa y Nadia Vera. As\u00ed lo dieron a conocer algunos medios de comunicaci\u00f3n, entre ellos la p\u00e1gina web de L\u00f3pez D\u00f3riga, que para que no haya pierde, lleva sus apellidos: www.lopezdoriga.com. Seg\u00fan la informaci\u00f3n, [&hellip;]\" \/>\n<meta property=\"og:url\" content=\"https:\/\/lospoliticosveracruz.com\/?p=17321\" \/>\n<meta property=\"og:site_name\" content=\"Los pol\u00edticos Veracruz\" \/>\n<meta property=\"article:publisher\" content=\"https:\/\/www.facebook.com\/people\/Notimemes-de-los-Polticos\/61565672886568\/\" \/>\n<meta property=\"article:published_time\" content=\"2015-08-14T03:03:38+00:00\" \/>\n<meta property=\"og:image\" content=\"http:\/\/www.lospoliticosveracruz.com.mx\/wp-content\/uploads\/2015\/08\/Juan-Santos-300x196.jpg\" \/>\n<meta name=\"author\" content=\"Lo viste en Los Pol\u00edticos\" \/>\n<meta name=\"twitter:card\" content=\"summary_large_image\" \/>\n<meta name=\"twitter:creator\" content=\"@LosPoliticosVer\" \/>\n<meta name=\"twitter:site\" content=\"@LosPoliticosVer\" \/>\n<meta name=\"twitter:label1\" content=\"Escrito por\" \/>\n\t<meta name=\"twitter:data1\" content=\"Lo viste en Los Pol\u00edticos\" \/>\n\t<meta name=\"twitter:label2\" content=\"Tiempo de lectura\" \/>\n\t<meta name=\"twitter:data2\" content=\"5 minutos\" \/>\n<script type=\"application\/ld+json\" class=\"yoast-schema-graph\">{\"@context\":\"https:\\\/\\\/schema.org\",\"@graph\":[{\"@type\":\"Article\",\"@id\":\"https:\\\/\\\/lospoliticosveracruz.com\\\/?p=17321#article\",\"isPartOf\":{\"@id\":\"https:\\\/\\\/lospoliticosveracruz.com\\\/?p=17321\"},\"author\":{\"name\":\"Lo viste en Los Pol\u00edticos\",\"@id\":\"https:\\\/\\\/lospoliticosveracruz.com\\\/#\\\/schema\\\/person\\\/b8702bb0e538456e6efd07080bf2a4a2\"},\"headline\":\"Narvarte, Abella y Orizaba\",\"datePublished\":\"2015-08-14T03:03:38+00:00\",\"mainEntityOfPage\":{\"@id\":\"https:\\\/\\\/lospoliticosveracruz.com\\\/?p=17321\"},\"wordCount\":1086,\"commentCount\":0,\"publisher\":{\"@id\":\"https:\\\/\\\/lospoliticosveracruz.com\\\/#organization\"},\"image\":{\"@id\":\"https:\\\/\\\/lospoliticosveracruz.com\\\/?p=17321#primaryimage\"},\"thumbnailUrl\":\"http:\\\/\\\/www.lospoliticosveracruz.com.mx\\\/wp-content\\\/uploads\\\/2015\\\/08\\\/Juan-Santos-300x196.jpg\",\"keywords\":[\"coca\u00edna\",\"El Buen Tono\",\"Jos\u00e9 Abella\",\"Juan Heriberto Santos\",\"marihuana\",\"Nadia Vera\",\"Orizaba\",\"Procuradur\u00eda DF\",\"Ram\u00f3n Heredia\",\"Rub\u00e9n Espinosa\"],\"articleSection\":[\"De Opini\u00f3n\"],\"inLanguage\":\"es\",\"potentialAction\":[{\"@type\":\"CommentAction\",\"name\":\"Comment\",\"target\":[\"https:\\\/\\\/lospoliticosveracruz.com\\\/?p=17321#respond\"]}]},{\"@type\":\"WebPage\",\"@id\":\"https:\\\/\\\/lospoliticosveracruz.com\\\/?p=17321\",\"url\":\"https:\\\/\\\/lospoliticosveracruz.com\\\/?p=17321\",\"name\":\"Narvarte, Abella y Orizaba - Los pol\u00edticos Veracruz\",\"isPartOf\":{\"@id\":\"https:\\\/\\\/lospoliticosveracruz.com\\\/#website\"},\"primaryImageOfPage\":{\"@id\":\"https:\\\/\\\/lospoliticosveracruz.com\\\/?p=17321#primaryimage\"},\"image\":{\"@id\":\"https:\\\/\\\/lospoliticosveracruz.com\\\/?p=17321#primaryimage\"},\"thumbnailUrl\":\"http:\\\/\\\/www.lospoliticosveracruz.com.mx\\\/wp-content\\\/uploads\\\/2015\\\/08\\\/Juan-Santos-300x196.jpg\",\"datePublished\":\"2015-08-14T03:03:38+00:00\",\"breadcrumb\":{\"@id\":\"https:\\\/\\\/lospoliticosveracruz.com\\\/?p=17321#breadcrumb\"},\"inLanguage\":\"es\",\"potentialAction\":[{\"@type\":\"ReadAction\",\"target\":[\"https:\\\/\\\/lospoliticosveracruz.com\\\/?p=17321\"]}]},{\"@type\":\"ImageObject\",\"inLanguage\":\"es\",\"@id\":\"https:\\\/\\\/lospoliticosveracruz.com\\\/?p=17321#primaryimage\",\"url\":\"http:\\\/\\\/www.lospoliticosveracruz.com.mx\\\/wp-content\\\/uploads\\\/2015\\\/08\\\/Juan-Santos-300x196.jpg\",\"contentUrl\":\"http:\\\/\\\/www.lospoliticosveracruz.com.mx\\\/wp-content\\\/uploads\\\/2015\\\/08\\\/Juan-Santos-300x196.jpg\"},{\"@type\":\"BreadcrumbList\",\"@id\":\"https:\\\/\\\/lospoliticosveracruz.com\\\/?p=17321#breadcrumb\",\"itemListElement\":[{\"@type\":\"ListItem\",\"position\":1,\"name\":\"Portada\",\"item\":\"https:\\\/\\\/lospoliticosveracruz.com\\\/\"},{\"@type\":\"ListItem\",\"position\":2,\"name\":\"Narvarte, Abella y Orizaba\"}]},{\"@type\":\"WebSite\",\"@id\":\"https:\\\/\\\/lospoliticosveracruz.com\\\/#website\",\"url\":\"https:\\\/\\\/lospoliticosveracruz.com\\\/\",\"name\":\"Los pol\u00edticos Veracruz\",\"description\":\"\",\"publisher\":{\"@id\":\"https:\\\/\\\/lospoliticosveracruz.com\\\/#organization\"},\"potentialAction\":[{\"@type\":\"SearchAction\",\"target\":{\"@type\":\"EntryPoint\",\"urlTemplate\":\"https:\\\/\\\/lospoliticosveracruz.com\\\/?s={search_term_string}\"},\"query-input\":{\"@type\":\"PropertyValueSpecification\",\"valueRequired\":true,\"valueName\":\"search_term_string\"}}],\"inLanguage\":\"es\"},{\"@type\":\"Organization\",\"@id\":\"https:\\\/\\\/lospoliticosveracruz.com\\\/#organization\",\"name\":\"Los pol\u00edticos Veracruz\",\"url\":\"https:\\\/\\\/lospoliticosveracruz.com\\\/\",\"logo\":{\"@type\":\"ImageObject\",\"inLanguage\":\"es\",\"@id\":\"https:\\\/\\\/lospoliticosveracruz.com\\\/#\\\/schema\\\/logo\\\/image\\\/\",\"url\":\"https:\\\/\\\/lospoliticosveracruz.com\\\/wp-content\\\/uploads\\\/2025\\\/12\\\/Logo-Nuevo-LOS-POLITICOS-1.jpg\",\"contentUrl\":\"https:\\\/\\\/lospoliticosveracruz.com\\\/wp-content\\\/uploads\\\/2025\\\/12\\\/Logo-Nuevo-LOS-POLITICOS-1.jpg\",\"width\":260,\"height\":70,\"caption\":\"Los pol\u00edticos Veracruz\"},\"image\":{\"@id\":\"https:\\\/\\\/lospoliticosveracruz.com\\\/#\\\/schema\\\/logo\\\/image\\\/\"},\"sameAs\":[\"https:\\\/\\\/www.facebook.com\\\/people\\\/Notimemes-de-los-Polticos\\\/61565672886568\\\/\",\"https:\\\/\\\/x.com\\\/LosPoliticosVer\"]},{\"@type\":\"Person\",\"@id\":\"https:\\\/\\\/lospoliticosveracruz.com\\\/#\\\/schema\\\/person\\\/b8702bb0e538456e6efd07080bf2a4a2\",\"name\":\"Lo viste en Los Pol\u00edticos\",\"image\":{\"@type\":\"ImageObject\",\"inLanguage\":\"es\",\"@id\":\"https:\\\/\\\/secure.gravatar.com\\\/avatar\\\/3a8de04a2656d44082be478bd6c086daa447c4651605818287b9532d3d0bd435?s=96&d=mm&r=g\",\"url\":\"https:\\\/\\\/secure.gravatar.com\\\/avatar\\\/3a8de04a2656d44082be478bd6c086daa447c4651605818287b9532d3d0bd435?s=96&d=mm&r=g\",\"contentUrl\":\"https:\\\/\\\/secure.gravatar.com\\\/avatar\\\/3a8de04a2656d44082be478bd6c086daa447c4651605818287b9532d3d0bd435?s=96&d=mm&r=g\",\"caption\":\"Lo viste en Los Pol\u00edticos\"},\"url\":\"https:\\\/\\\/lospoliticosveracruz.com\\\/?author=2\"}]}<\/script>\n<!-- \/ Yoast SEO plugin. -->","yoast_head_json":{"title":"Narvarte, Abella y Orizaba - Los pol\u00edticos Veracruz","robots":{"index":"index","follow":"follow","max-snippet":"max-snippet:-1","max-image-preview":"max-image-preview:large","max-video-preview":"max-video-preview:-1"},"canonical":"https:\/\/lospoliticosveracruz.com\/?p=17321","og_locale":"es_ES","og_type":"article","og_title":"Narvarte, Abella y Orizaba - Los pol\u00edticos Veracruz","og_description":"Salvador Mu\u00f1oz Los Pol\u00edticos Tres noticias en este d\u00eda para la reflexi\u00f3n: La primera: dan positivos los ex\u00e1menes toxicol\u00f3gicos para Rub\u00e9n Espinosa y Nadia Vera. As\u00ed lo dieron a conocer algunos medios de comunicaci\u00f3n, entre ellos la p\u00e1gina web de L\u00f3pez D\u00f3riga, que para que no haya pierde, lleva sus apellidos: www.lopezdoriga.com. Seg\u00fan la informaci\u00f3n, [&hellip;]","og_url":"https:\/\/lospoliticosveracruz.com\/?p=17321","og_site_name":"Los pol\u00edticos Veracruz","article_publisher":"https:\/\/www.facebook.com\/people\/Notimemes-de-los-Polticos\/61565672886568\/","article_published_time":"2015-08-14T03:03:38+00:00","og_image":[{"url":"http:\/\/www.lospoliticosveracruz.com.mx\/wp-content\/uploads\/2015\/08\/Juan-Santos-300x196.jpg","type":"","width":"","height":""}],"author":"Lo viste en Los Pol\u00edticos","twitter_card":"summary_large_image","twitter_creator":"@LosPoliticosVer","twitter_site":"@LosPoliticosVer","twitter_misc":{"Escrito por":"Lo viste en Los Pol\u00edticos","Tiempo de lectura":"5 minutos"},"schema":{"@context":"https:\/\/schema.org","@graph":[{"@type":"Article","@id":"https:\/\/lospoliticosveracruz.com\/?p=17321#article","isPartOf":{"@id":"https:\/\/lospoliticosveracruz.com\/?p=17321"},"author":{"name":"Lo viste en Los Pol\u00edticos","@id":"https:\/\/lospoliticosveracruz.com\/#\/schema\/person\/b8702bb0e538456e6efd07080bf2a4a2"},"headline":"Narvarte, Abella y Orizaba","datePublished":"2015-08-14T03:03:38+00:00","mainEntityOfPage":{"@id":"https:\/\/lospoliticosveracruz.com\/?p=17321"},"wordCount":1086,"commentCount":0,"publisher":{"@id":"https:\/\/lospoliticosveracruz.com\/#organization"},"image":{"@id":"https:\/\/lospoliticosveracruz.com\/?p=17321#primaryimage"},"thumbnailUrl":"http:\/\/www.lospoliticosveracruz.com.mx\/wp-content\/uploads\/2015\/08\/Juan-Santos-300x196.jpg","keywords":["coca\u00edna","El Buen Tono","Jos\u00e9 Abella","Juan Heriberto Santos","marihuana","Nadia Vera","Orizaba","Procuradur\u00eda DF","Ram\u00f3n Heredia","Rub\u00e9n Espinosa"],"articleSection":["De Opini\u00f3n"],"inLanguage":"es","potentialAction":[{"@type":"CommentAction","name":"Comment","target":["https:\/\/lospoliticosveracruz.com\/?p=17321#respond"]}]},{"@type":"WebPage","@id":"https:\/\/lospoliticosveracruz.com\/?p=17321","url":"https:\/\/lospoliticosveracruz.com\/?p=17321","name":"Narvarte, Abella y Orizaba - Los pol\u00edticos Veracruz","isPartOf":{"@id":"https:\/\/lospoliticosveracruz.com\/#website"},"primaryImageOfPage":{"@id":"https:\/\/lospoliticosveracruz.com\/?p=17321#primaryimage"},"image":{"@id":"https:\/\/lospoliticosveracruz.com\/?p=17321#primaryimage"},"thumbnailUrl":"http:\/\/www.lospoliticosveracruz.com.mx\/wp-content\/uploads\/2015\/08\/Juan-Santos-300x196.jpg","datePublished":"2015-08-14T03:03:38+00:00","breadcrumb":{"@id":"https:\/\/lospoliticosveracruz.com\/?p=17321#breadcrumb"},"inLanguage":"es","potentialAction":[{"@type":"ReadAction","target":["https:\/\/lospoliticosveracruz.com\/?p=17321"]}]},{"@type":"ImageObject","inLanguage":"es","@id":"https:\/\/lospoliticosveracruz.com\/?p=17321#primaryimage","url":"http:\/\/www.lospoliticosveracruz.com.mx\/wp-content\/uploads\/2015\/08\/Juan-Santos-300x196.jpg","contentUrl":"http:\/\/www.lospoliticosveracruz.com.mx\/wp-content\/uploads\/2015\/08\/Juan-Santos-300x196.jpg"},{"@type":"BreadcrumbList","@id":"https:\/\/lospoliticosveracruz.com\/?p=17321#breadcrumb","itemListElement":[{"@type":"ListItem","position":1,"name":"Portada","item":"https:\/\/lospoliticosveracruz.com\/"},{"@type":"ListItem","position":2,"name":"Narvarte, Abella y Orizaba"}]},{"@type":"WebSite","@id":"https:\/\/lospoliticosveracruz.com\/#website","url":"https:\/\/lospoliticosveracruz.com\/","name":"Los pol\u00edticos Veracruz","description":"","publisher":{"@id":"https:\/\/lospoliticosveracruz.com\/#organization"},"potentialAction":[{"@type":"SearchAction","target":{"@type":"EntryPoint","urlTemplate":"https:\/\/lospoliticosveracruz.com\/?s={search_term_string}"},"query-input":{"@type":"PropertyValueSpecification","valueRequired":true,"valueName":"search_term_string"}}],"inLanguage":"es"},{"@type":"Organization","@id":"https:\/\/lospoliticosveracruz.com\/#organization","name":"Los pol\u00edticos Veracruz","url":"https:\/\/lospoliticosveracruz.com\/","logo":{"@type":"ImageObject","inLanguage":"es","@id":"https:\/\/lospoliticosveracruz.com\/#\/schema\/logo\/image\/","url":"https:\/\/lospoliticosveracruz.com\/wp-content\/uploads\/2025\/12\/Logo-Nuevo-LOS-POLITICOS-1.jpg","contentUrl":"https:\/\/lospoliticosveracruz.com\/wp-content\/uploads\/2025\/12\/Logo-Nuevo-LOS-POLITICOS-1.jpg","width":260,"height":70,"caption":"Los pol\u00edticos Veracruz"},"image":{"@id":"https:\/\/lospoliticosveracruz.com\/#\/schema\/logo\/image\/"},"sameAs":["https:\/\/www.facebook.com\/people\/Notimemes-de-los-Polticos\/61565672886568\/","https:\/\/x.com\/LosPoliticosVer"]},{"@type":"Person","@id":"https:\/\/lospoliticosveracruz.com\/#\/schema\/person\/b8702bb0e538456e6efd07080bf2a4a2","name":"Lo viste en Los Pol\u00edticos","image":{"@type":"ImageObject","inLanguage":"es","@id":"https:\/\/secure.gravatar.com\/avatar\/3a8de04a2656d44082be478bd6c086daa447c4651605818287b9532d3d0bd435?s=96&d=mm&r=g","url":"https:\/\/secure.gravatar.com\/avatar\/3a8de04a2656d44082be478bd6c086daa447c4651605818287b9532d3d0bd435?s=96&d=mm&r=g","contentUrl":"https:\/\/secure.gravatar.com\/avatar\/3a8de04a2656d44082be478bd6c086daa447c4651605818287b9532d3d0bd435?s=96&d=mm&r=g","caption":"Lo viste en Los Pol\u00edticos"},"url":"https:\/\/lospoliticosveracruz.com\/?author=2"}]}},"_links":{"self":[{"href":"https:\/\/lospoliticosveracruz.com\/index.php?rest_route=\/wp\/v2\/posts\/17321","targetHints":{"allow":["GET"]}}],"collection":[{"href":"https:\/\/lospoliticosveracruz.com\/index.php?rest_route=\/wp\/v2\/posts"}],"about":[{"href":"https:\/\/lospoliticosveracruz.com\/index.php?rest_route=\/wp\/v2\/types\/post"}],"author":[{"embeddable":true,"href":"https:\/\/lospoliticosveracruz.com\/index.php?rest_route=\/wp\/v2\/users\/2"}],"replies":[{"embeddable":true,"href":"https:\/\/lospoliticosveracruz.com\/index.php?rest_route=%2Fwp%2Fv2%2Fcomments&post=17321"}],"version-history":[{"count":1,"href":"https:\/\/lospoliticosveracruz.com\/index.php?rest_route=\/wp\/v2\/posts\/17321\/revisions"}],"predecessor-version":[{"id":17323,"href":"https:\/\/lospoliticosveracruz.com\/index.php?rest_route=\/wp\/v2\/posts\/17321\/revisions\/17323"}],"wp:attachment":[{"href":"https:\/\/lospoliticosveracruz.com\/index.php?rest_route=%2Fwp%2Fv2%2Fmedia&parent=17321"}],"wp:term":[{"taxonomy":"category","embeddable":true,"href":"https:\/\/lospoliticosveracruz.com\/index.php?rest_route=%2Fwp%2Fv2%2Fcategories&post=17321"},{"taxonomy":"post_tag","embeddable":true,"href":"https:\/\/lospoliticosveracruz.com\/index.php?rest_route=%2Fwp%2Fv2%2Ftags&post=17321"}],"curies":[{"name":"wp","href":"https:\/\/api.w.org\/{rel}","templated":true}]}}