{"id":17340,"date":"2015-08-16T22:18:35","date_gmt":"2015-08-17T03:18:35","guid":{"rendered":"http:\/\/www.lospoliticosveracruz.com.mx\/?p=17340"},"modified":"2015-08-16T22:18:35","modified_gmt":"2015-08-17T03:18:35","slug":"el-dolar-de-pena-nieto","status":"publish","type":"post","link":"https:\/\/lospoliticosveracruz.com\/?p=17340","title":{"rendered":"El d\u00f3lar de Pe\u00f1a Nieto"},"content":{"rendered":"<p><a href=\"http:\/\/www.lospoliticosveracruz.com.mx\/wp-content\/uploads\/2015\/08\/Pe\u00f1a-Nieto.jpg\"><img loading=\"lazy\" decoding=\"async\" class=\"alignnone size-medium wp-image-17341\" src=\"http:\/\/www.lospoliticosveracruz.com.mx\/wp-content\/uploads\/2015\/08\/Pe\u00f1a-Nieto-300x200.jpg\" alt=\"Pe\u00f1a Nieto\" width=\"300\" height=\"200\" \/><\/a><\/p>\n<p><strong>Brenda Caballero<\/strong><br \/>\n<em>N\u00fameros Rojos<\/em><\/p>\n<p>\u00bfEs bueno o malo que suba el d\u00f3lar? Nos preguntamos cada vez que se anuncia el tipo de cambio en la televisi\u00f3n, la radio o el internet.<br \/>\nHace varios d\u00edas, el tipo de cambio en bancos del DF lleg\u00f3 a 16.77 pesos por d\u00f3lar. Hay a quienes les es intramuscular, es decir, no les afecta que sube o baje, pues no compran d\u00f3lares, dicen; otros piensan que ahora tendr\u00e1n que pagar a los bancos donde tienen su ahorro en d\u00f3lares, por el tipo de cambio. Los que est\u00e1n pr\u00f3ximos a viajar al extranjero o a lugares mexicanos que cobran en d\u00f3lares, definitivamente se quiebran la cabeza pensando en que les saldr\u00e1 m\u00e1s caro.<br \/>\nTodo depende a quien se le pregunte. Por ejemplo, los mexicanos que exportan a Estados Unidos, estar\u00e1n felices pues el tipo de cambio alto incentiva sus operaciones.<br \/>\nEl Gobierno Federal tambi\u00e9n se ha beneficiado, pues el alza en el tipo de cambio ha ayudado a subsanar lo que dejar\u00e1 de ingresar por un menor precio del petr\u00f3leo y una baja de la producci\u00f3n del mismo. Aunque claro, al parecer, ese dinero no se gastar\u00e1 de manera impactante en el crecimiento del pa\u00eds puesto que hace cinco d\u00edas se volvi\u00f3 a ajustar, reduci\u00e9ndose a una tasa de 1.7 a 2.5 por ciento. En pocas palabras: no creceremos.<br \/>\nContrario a lo anterior, los que se ven afectados son personas que importan, pues se reflejar\u00e1 en el aumento de precio, que se ver\u00e1 antes de que termine el a\u00f1o, pues a\u00fan hay mercanc\u00edas en sus inventarios.<br \/>\nEl fin de semana, mientras participaba en un Marat\u00f3n, el presidente Pe\u00f1a Nieto dijo que es positiva la devaluaci\u00f3n del peso, ya que esto atraer\u00e1 m\u00e1s turismo extranjero al pa\u00eds poni\u00e9ndolo en condiciones de mayor competitividad.<br \/>\nPero \u00bfQu\u00e9 pasa con aquellos lugares que no son tur\u00edsticos? Definitivamente s\u00ed debe preocuparnos, aunque dijeran por all\u00ed: \u201cno para quitarnos el sue\u00f1o\u201d.<br \/>\nCon esta devaluaci\u00f3n del peso ante el d\u00f3lar, debemos estar conscientes que algunos productos incrementar\u00e1n sus precios aproximadamente un 5 por ciento, entre los que se encuentran: equipos de c\u00f3mputo, autopartes, motores y camiones, accesorios electr\u00f3nicos y de maquinaria, metales no ferrosos, medicamentos, productos qu\u00edmicos, productos de pl\u00e1stico, acero, cart\u00f3n, papel, hierro, equipo de generaci\u00f3n de energ\u00eda el\u00e9ctrica y el hule.<br \/>\nA partir de noviembre se pronostica que subir\u00e1 el pan blanco y el dulce entre 8 y 10 por ciento debido al impacto del d\u00f3lar en los insumos. Otros productos que se negocian en d\u00f3lares son el trigo y la melaza. Los muebles se estima que incrementen su precio entre un 3 y 5 por ciento por los insumos importados (herrajes, tableros, textiles y madera).<br \/>\nLuego entonces, s\u00ed afectar\u00e1 a nuestros bolsillos, aunque muchos digan que no hay de qu\u00e9 preocuparse y el Presidente diga que hay peores pa\u00edses que M\u00e9xico. Al final, los mexicanos pagaremos el peor impuesto de todos: la inflaci\u00f3n.<\/p>\n<p>Email:caballero_brenda@hotmail.com<\/p>\n","protected":false},"excerpt":{"rendered":"<p>Brenda Caballero N\u00fameros Rojos \u00bfEs bueno o malo que suba el d\u00f3lar? Nos preguntamos cada vez que se anuncia el tipo de cambio en la televisi\u00f3n, la radio o el internet. Hace varios d\u00edas, el tipo de cambio en bancos del DF lleg\u00f3 a 16.77 pesos por d\u00f3lar. Hay a quienes les es intramuscular, es [&hellip;]<\/p>\n","protected":false},"author":2,"featured_media":0,"comment_status":"open","ping_status":"open","sticky":false,"template":"","format":"standard","meta":{"tdm_status":"","tdm_grid_status":"","footnotes":""},"categories":[70],"tags":[3175,281],"class_list":{"0":"post-17340","1":"post","2":"type-post","3":"status-publish","4":"format-standard","6":"category-de-opinion","7":"tag-dolar","8":"tag-enrique-pena-nieto"},"yoast_head":"<!-- This site is optimized with the Yoast SEO plugin v27.4 - https:\/\/yoast.com\/product\/yoast-seo-wordpress\/ -->\n<title>El d\u00f3lar de Pe\u00f1a Nieto - Los pol\u00edticos Veracruz<\/title>\n<meta name=\"robots\" content=\"index, follow, max-snippet:-1, max-image-preview:large, max-video-preview:-1\" \/>\n<link rel=\"canonical\" href=\"https:\/\/lospoliticosveracruz.com\/?p=17340\" \/>\n<meta property=\"og:locale\" content=\"es_ES\" \/>\n<meta property=\"og:type\" content=\"article\" \/>\n<meta property=\"og:title\" content=\"El d\u00f3lar de Pe\u00f1a Nieto - Los pol\u00edticos Veracruz\" \/>\n<meta property=\"og:description\" content=\"Brenda Caballero N\u00fameros Rojos \u00bfEs bueno o malo que suba el d\u00f3lar? Nos preguntamos cada vez que se anuncia el tipo de cambio en la televisi\u00f3n, la radio o el internet. Hace varios d\u00edas, el tipo de cambio en bancos del DF lleg\u00f3 a 16.77 pesos por d\u00f3lar. Hay a quienes les es intramuscular, es [&hellip;]\" \/>\n<meta property=\"og:url\" content=\"https:\/\/lospoliticosveracruz.com\/?p=17340\" \/>\n<meta property=\"og:site_name\" content=\"Los pol\u00edticos Veracruz\" \/>\n<meta property=\"article:publisher\" content=\"https:\/\/www.facebook.com\/people\/Notimemes-de-los-Polticos\/61565672886568\/\" \/>\n<meta property=\"article:published_time\" content=\"2015-08-17T03:18:35+00:00\" \/>\n<meta property=\"og:image\" content=\"https:\/\/lospoliticosveracruz.com\/wp-content\/uploads\/2016\/07\/Logo-Dor.jpg\" \/>\n\t<meta property=\"og:image:width\" content=\"200\" \/>\n\t<meta property=\"og:image:height\" content=\"200\" \/>\n\t<meta property=\"og:image:type\" content=\"image\/jpeg\" \/>\n<meta name=\"author\" content=\"Lo viste en Los Pol\u00edticos\" \/>\n<meta name=\"twitter:card\" content=\"summary_large_image\" \/>\n<meta name=\"twitter:creator\" content=\"@LosPoliticosVer\" \/>\n<meta name=\"twitter:site\" content=\"@LosPoliticosVer\" \/>\n<meta name=\"twitter:label1\" content=\"Escrito por\" \/>\n\t<meta name=\"twitter:data1\" content=\"Lo viste en Los Pol\u00edticos\" \/>\n\t<meta name=\"twitter:label2\" content=\"Tiempo de lectura\" \/>\n\t<meta name=\"twitter:data2\" content=\"3 minutos\" \/>\n<script type=\"application\/ld+json\" class=\"yoast-schema-graph\">{\"@context\":\"https:\\\/\\\/schema.org\",\"@graph\":[{\"@type\":\"Article\",\"@id\":\"https:\\\/\\\/lospoliticosveracruz.com\\\/?p=17340#article\",\"isPartOf\":{\"@id\":\"https:\\\/\\\/lospoliticosveracruz.com\\\/?p=17340\"},\"author\":{\"name\":\"Lo viste en Los Pol\u00edticos\",\"@id\":\"https:\\\/\\\/lospoliticosveracruz.com\\\/#\\\/schema\\\/person\\\/b8702bb0e538456e6efd07080bf2a4a2\"},\"headline\":\"El d\u00f3lar de Pe\u00f1a Nieto\",\"datePublished\":\"2015-08-17T03:18:35+00:00\",\"mainEntityOfPage\":{\"@id\":\"https:\\\/\\\/lospoliticosveracruz.com\\\/?p=17340\"},\"wordCount\":533,\"commentCount\":0,\"publisher\":{\"@id\":\"https:\\\/\\\/lospoliticosveracruz.com\\\/#organization\"},\"keywords\":[\"d\u00f3lar\",\"Enrique Pe\u00f1a Nieto\"],\"articleSection\":[\"De Opini\u00f3n\"],\"inLanguage\":\"es\",\"potentialAction\":[{\"@type\":\"CommentAction\",\"name\":\"Comment\",\"target\":[\"https:\\\/\\\/lospoliticosveracruz.com\\\/?p=17340#respond\"]}]},{\"@type\":\"WebPage\",\"@id\":\"https:\\\/\\\/lospoliticosveracruz.com\\\/?p=17340\",\"url\":\"https:\\\/\\\/lospoliticosveracruz.com\\\/?p=17340\",\"name\":\"El d\u00f3lar de Pe\u00f1a Nieto - Los pol\u00edticos Veracruz\",\"isPartOf\":{\"@id\":\"https:\\\/\\\/lospoliticosveracruz.com\\\/#website\"},\"datePublished\":\"2015-08-17T03:18:35+00:00\",\"breadcrumb\":{\"@id\":\"https:\\\/\\\/lospoliticosveracruz.com\\\/?p=17340#breadcrumb\"},\"inLanguage\":\"es\",\"potentialAction\":[{\"@type\":\"ReadAction\",\"target\":[\"https:\\\/\\\/lospoliticosveracruz.com\\\/?p=17340\"]}]},{\"@type\":\"BreadcrumbList\",\"@id\":\"https:\\\/\\\/lospoliticosveracruz.com\\\/?p=17340#breadcrumb\",\"itemListElement\":[{\"@type\":\"ListItem\",\"position\":1,\"name\":\"Portada\",\"item\":\"https:\\\/\\\/lospoliticosveracruz.com\\\/\"},{\"@type\":\"ListItem\",\"position\":2,\"name\":\"El d\u00f3lar de Pe\u00f1a Nieto\"}]},{\"@type\":\"WebSite\",\"@id\":\"https:\\\/\\\/lospoliticosveracruz.com\\\/#website\",\"url\":\"https:\\\/\\\/lospoliticosveracruz.com\\\/\",\"name\":\"Los pol\u00edticos Veracruz\",\"description\":\"\",\"publisher\":{\"@id\":\"https:\\\/\\\/lospoliticosveracruz.com\\\/#organization\"},\"potentialAction\":[{\"@type\":\"SearchAction\",\"target\":{\"@type\":\"EntryPoint\",\"urlTemplate\":\"https:\\\/\\\/lospoliticosveracruz.com\\\/?s={search_term_string}\"},\"query-input\":{\"@type\":\"PropertyValueSpecification\",\"valueRequired\":true,\"valueName\":\"search_term_string\"}}],\"inLanguage\":\"es\"},{\"@type\":\"Organization\",\"@id\":\"https:\\\/\\\/lospoliticosveracruz.com\\\/#organization\",\"name\":\"Los pol\u00edticos Veracruz\",\"url\":\"https:\\\/\\\/lospoliticosveracruz.com\\\/\",\"logo\":{\"@type\":\"ImageObject\",\"inLanguage\":\"es\",\"@id\":\"https:\\\/\\\/lospoliticosveracruz.com\\\/#\\\/schema\\\/logo\\\/image\\\/\",\"url\":\"https:\\\/\\\/lospoliticosveracruz.com\\\/wp-content\\\/uploads\\\/2025\\\/12\\\/Logo-Nuevo-LOS-POLITICOS-1.jpg\",\"contentUrl\":\"https:\\\/\\\/lospoliticosveracruz.com\\\/wp-content\\\/uploads\\\/2025\\\/12\\\/Logo-Nuevo-LOS-POLITICOS-1.jpg\",\"width\":260,\"height\":70,\"caption\":\"Los pol\u00edticos Veracruz\"},\"image\":{\"@id\":\"https:\\\/\\\/lospoliticosveracruz.com\\\/#\\\/schema\\\/logo\\\/image\\\/\"},\"sameAs\":[\"https:\\\/\\\/www.facebook.com\\\/people\\\/Notimemes-de-los-Polticos\\\/61565672886568\\\/\",\"https:\\\/\\\/x.com\\\/LosPoliticosVer\"]},{\"@type\":\"Person\",\"@id\":\"https:\\\/\\\/lospoliticosveracruz.com\\\/#\\\/schema\\\/person\\\/b8702bb0e538456e6efd07080bf2a4a2\",\"name\":\"Lo viste en Los Pol\u00edticos\",\"image\":{\"@type\":\"ImageObject\",\"inLanguage\":\"es\",\"@id\":\"https:\\\/\\\/secure.gravatar.com\\\/avatar\\\/3a8de04a2656d44082be478bd6c086daa447c4651605818287b9532d3d0bd435?s=96&d=mm&r=g\",\"url\":\"https:\\\/\\\/secure.gravatar.com\\\/avatar\\\/3a8de04a2656d44082be478bd6c086daa447c4651605818287b9532d3d0bd435?s=96&d=mm&r=g\",\"contentUrl\":\"https:\\\/\\\/secure.gravatar.com\\\/avatar\\\/3a8de04a2656d44082be478bd6c086daa447c4651605818287b9532d3d0bd435?s=96&d=mm&r=g\",\"caption\":\"Lo viste en Los Pol\u00edticos\"},\"url\":\"https:\\\/\\\/lospoliticosveracruz.com\\\/?author=2\"}]}<\/script>\n<!-- \/ Yoast SEO plugin. -->","yoast_head_json":{"title":"El d\u00f3lar de Pe\u00f1a Nieto - Los pol\u00edticos Veracruz","robots":{"index":"index","follow":"follow","max-snippet":"max-snippet:-1","max-image-preview":"max-image-preview:large","max-video-preview":"max-video-preview:-1"},"canonical":"https:\/\/lospoliticosveracruz.com\/?p=17340","og_locale":"es_ES","og_type":"article","og_title":"El d\u00f3lar de Pe\u00f1a Nieto - Los pol\u00edticos Veracruz","og_description":"Brenda Caballero N\u00fameros Rojos \u00bfEs bueno o malo que suba el d\u00f3lar? Nos preguntamos cada vez que se anuncia el tipo de cambio en la televisi\u00f3n, la radio o el internet. Hace varios d\u00edas, el tipo de cambio en bancos del DF lleg\u00f3 a 16.77 pesos por d\u00f3lar. Hay a quienes les es intramuscular, es [&hellip;]","og_url":"https:\/\/lospoliticosveracruz.com\/?p=17340","og_site_name":"Los pol\u00edticos Veracruz","article_publisher":"https:\/\/www.facebook.com\/people\/Notimemes-de-los-Polticos\/61565672886568\/","article_published_time":"2015-08-17T03:18:35+00:00","og_image":[{"width":200,"height":200,"url":"https:\/\/lospoliticosveracruz.com\/wp-content\/uploads\/2016\/07\/Logo-Dor.jpg","type":"image\/jpeg"}],"author":"Lo viste en Los Pol\u00edticos","twitter_card":"summary_large_image","twitter_creator":"@LosPoliticosVer","twitter_site":"@LosPoliticosVer","twitter_misc":{"Escrito por":"Lo viste en Los Pol\u00edticos","Tiempo de lectura":"3 minutos"},"schema":{"@context":"https:\/\/schema.org","@graph":[{"@type":"Article","@id":"https:\/\/lospoliticosveracruz.com\/?p=17340#article","isPartOf":{"@id":"https:\/\/lospoliticosveracruz.com\/?p=17340"},"author":{"name":"Lo viste en Los Pol\u00edticos","@id":"https:\/\/lospoliticosveracruz.com\/#\/schema\/person\/b8702bb0e538456e6efd07080bf2a4a2"},"headline":"El d\u00f3lar de Pe\u00f1a Nieto","datePublished":"2015-08-17T03:18:35+00:00","mainEntityOfPage":{"@id":"https:\/\/lospoliticosveracruz.com\/?p=17340"},"wordCount":533,"commentCount":0,"publisher":{"@id":"https:\/\/lospoliticosveracruz.com\/#organization"},"keywords":["d\u00f3lar","Enrique Pe\u00f1a Nieto"],"articleSection":["De Opini\u00f3n"],"inLanguage":"es","potentialAction":[{"@type":"CommentAction","name":"Comment","target":["https:\/\/lospoliticosveracruz.com\/?p=17340#respond"]}]},{"@type":"WebPage","@id":"https:\/\/lospoliticosveracruz.com\/?p=17340","url":"https:\/\/lospoliticosveracruz.com\/?p=17340","name":"El d\u00f3lar de Pe\u00f1a Nieto - Los pol\u00edticos Veracruz","isPartOf":{"@id":"https:\/\/lospoliticosveracruz.com\/#website"},"datePublished":"2015-08-17T03:18:35+00:00","breadcrumb":{"@id":"https:\/\/lospoliticosveracruz.com\/?p=17340#breadcrumb"},"inLanguage":"es","potentialAction":[{"@type":"ReadAction","target":["https:\/\/lospoliticosveracruz.com\/?p=17340"]}]},{"@type":"BreadcrumbList","@id":"https:\/\/lospoliticosveracruz.com\/?p=17340#breadcrumb","itemListElement":[{"@type":"ListItem","position":1,"name":"Portada","item":"https:\/\/lospoliticosveracruz.com\/"},{"@type":"ListItem","position":2,"name":"El d\u00f3lar de Pe\u00f1a Nieto"}]},{"@type":"WebSite","@id":"https:\/\/lospoliticosveracruz.com\/#website","url":"https:\/\/lospoliticosveracruz.com\/","name":"Los pol\u00edticos Veracruz","description":"","publisher":{"@id":"https:\/\/lospoliticosveracruz.com\/#organization"},"potentialAction":[{"@type":"SearchAction","target":{"@type":"EntryPoint","urlTemplate":"https:\/\/lospoliticosveracruz.com\/?s={search_term_string}"},"query-input":{"@type":"PropertyValueSpecification","valueRequired":true,"valueName":"search_term_string"}}],"inLanguage":"es"},{"@type":"Organization","@id":"https:\/\/lospoliticosveracruz.com\/#organization","name":"Los pol\u00edticos Veracruz","url":"https:\/\/lospoliticosveracruz.com\/","logo":{"@type":"ImageObject","inLanguage":"es","@id":"https:\/\/lospoliticosveracruz.com\/#\/schema\/logo\/image\/","url":"https:\/\/lospoliticosveracruz.com\/wp-content\/uploads\/2025\/12\/Logo-Nuevo-LOS-POLITICOS-1.jpg","contentUrl":"https:\/\/lospoliticosveracruz.com\/wp-content\/uploads\/2025\/12\/Logo-Nuevo-LOS-POLITICOS-1.jpg","width":260,"height":70,"caption":"Los pol\u00edticos Veracruz"},"image":{"@id":"https:\/\/lospoliticosveracruz.com\/#\/schema\/logo\/image\/"},"sameAs":["https:\/\/www.facebook.com\/people\/Notimemes-de-los-Polticos\/61565672886568\/","https:\/\/x.com\/LosPoliticosVer"]},{"@type":"Person","@id":"https:\/\/lospoliticosveracruz.com\/#\/schema\/person\/b8702bb0e538456e6efd07080bf2a4a2","name":"Lo viste en Los Pol\u00edticos","image":{"@type":"ImageObject","inLanguage":"es","@id":"https:\/\/secure.gravatar.com\/avatar\/3a8de04a2656d44082be478bd6c086daa447c4651605818287b9532d3d0bd435?s=96&d=mm&r=g","url":"https:\/\/secure.gravatar.com\/avatar\/3a8de04a2656d44082be478bd6c086daa447c4651605818287b9532d3d0bd435?s=96&d=mm&r=g","contentUrl":"https:\/\/secure.gravatar.com\/avatar\/3a8de04a2656d44082be478bd6c086daa447c4651605818287b9532d3d0bd435?s=96&d=mm&r=g","caption":"Lo viste en Los Pol\u00edticos"},"url":"https:\/\/lospoliticosveracruz.com\/?author=2"}]}},"_links":{"self":[{"href":"https:\/\/lospoliticosveracruz.com\/index.php?rest_route=\/wp\/v2\/posts\/17340","targetHints":{"allow":["GET"]}}],"collection":[{"href":"https:\/\/lospoliticosveracruz.com\/index.php?rest_route=\/wp\/v2\/posts"}],"about":[{"href":"https:\/\/lospoliticosveracruz.com\/index.php?rest_route=\/wp\/v2\/types\/post"}],"author":[{"embeddable":true,"href":"https:\/\/lospoliticosveracruz.com\/index.php?rest_route=\/wp\/v2\/users\/2"}],"replies":[{"embeddable":true,"href":"https:\/\/lospoliticosveracruz.com\/index.php?rest_route=%2Fwp%2Fv2%2Fcomments&post=17340"}],"version-history":[{"count":1,"href":"https:\/\/lospoliticosveracruz.com\/index.php?rest_route=\/wp\/v2\/posts\/17340\/revisions"}],"predecessor-version":[{"id":17342,"href":"https:\/\/lospoliticosveracruz.com\/index.php?rest_route=\/wp\/v2\/posts\/17340\/revisions\/17342"}],"wp:attachment":[{"href":"https:\/\/lospoliticosveracruz.com\/index.php?rest_route=%2Fwp%2Fv2%2Fmedia&parent=17340"}],"wp:term":[{"taxonomy":"category","embeddable":true,"href":"https:\/\/lospoliticosveracruz.com\/index.php?rest_route=%2Fwp%2Fv2%2Fcategories&post=17340"},{"taxonomy":"post_tag","embeddable":true,"href":"https:\/\/lospoliticosveracruz.com\/index.php?rest_route=%2Fwp%2Fv2%2Ftags&post=17340"}],"curies":[{"name":"wp","href":"https:\/\/api.w.org\/{rel}","templated":true}]}}