{"id":17394,"date":"2015-08-19T20:54:01","date_gmt":"2015-08-20T01:54:01","guid":{"rendered":"http:\/\/www.lospoliticosveracruz.com.mx\/?p=17394"},"modified":"2015-08-19T20:54:01","modified_gmt":"2015-08-20T01:54:01","slug":"accion-nacional-la-fractura-interna","status":"publish","type":"post","link":"https:\/\/lospoliticosveracruz.com\/?p=17394","title":{"rendered":"Acci\u00f3n Nacional, la fractura interna"},"content":{"rendered":"<p><b><a href=\"http:\/\/www.lospoliticosveracruz.com.mx\/wp-content\/uploads\/2015\/08\/PAN.jpg\"><img loading=\"lazy\" decoding=\"async\" class=\"alignnone size-medium wp-image-17395\" src=\"http:\/\/www.lospoliticosveracruz.com.mx\/wp-content\/uploads\/2015\/08\/PAN-300x200.jpg\" alt=\"PAN\" width=\"300\" height=\"200\" \/><\/a><\/b><\/p>\n<p><strong>Luis Alberto Romero<\/strong><\/p>\n<p><em>Hora Cero<\/em><\/p>\n<p>&nbsp;<\/p>\n<p>Molestos, dos de los principales l\u00edderes del Acci\u00f3n Nacional en Veracruz, representantes de los grupos que tienen la hegemon\u00eda interna en dicho partido, encararon al dirigente formal del blanquiazul, Jos\u00e9 Mancha Alarc\u00f3n, a quien reprocharon el incumplimiento de los compromisos establecidos en la negociaci\u00f3n para integrar las carteras del comit\u00e9 estatal.<\/p>\n<p>En la mesa de una cafeter\u00eda ubicada en una de las plazas comerciales de Monte Magno, en la capital veracruzana, estaban el diputado federal V\u00edctor Serralde Mart\u00ednez; el ex dirigente estatal, Enrique Cambranis Torres, cabeza de uno de los m\u00e1s fuertes y representativos grupos del panismo; y el propio Jos\u00e9 Mancha.<\/p>\n<p>Hubo se\u00f1alamientos y reproches por el uso de los recursos del partido para el fortalecimiento de la fracci\u00f3n interna que intenta formar el presidente del comit\u00e9 estatal, que env\u00eda emisarios a los municipios de la entidad para convencer a simpatizantes de los dos grupos citados para que se unan al movimiento del dirigente, hoy circunstancialmente aliado del grupo Boca del R\u00edo.<\/p>\n<p>En la reuni\u00f3n, celebrada el pasado s\u00e1bado 8 de agosto, tanto Cambranis como Serralde exigieron la entrega de las posiciones pactadas en los acuerdos de hace once meses, en septiembre de 2014, en el marco de la integraci\u00f3n de la planilla de unidad que encabezar\u00eda al panismo veracruzano.<\/p>\n<p>Jos\u00e9 Mancha no s\u00f3lo habr\u00eda deshonrado su palabra, sino que pr\u00e1cticamente tambi\u00e9n respondi\u00f3 con un reto:\u00a0<em>h\u00e1ganle como quieran<\/em>; error de c\u00e1lculo porque con el af\u00e1n de mantener las seis posiciones que tiene en el comit\u00e9 estatal, termin\u00f3 por dar la espalda al grupo que le impuls\u00f3 para que llegara como tercero en discordia a la dirigencia que hoy ocupa y, de paso, cantar su enfrentamiento con dos grupos que, juntos, tienen a 75 de los 100 consejeros estatales del partido y a 8 de las 12 posiciones en la Comisi\u00f3n Permanente; es una alianza \u2013la de Cambranis\/Serralde\u2013 que se convertir\u00e1 en un dolor de cabeza para el actual dirigente.<strong>\u00a0<\/strong><\/p>\n<p><strong>Uso discrecional de recursos<\/strong><\/p>\n<p>As\u00ed, enfrentado a sus antiguos aliados, Mancha Alarc\u00f3n busc\u00f3 pactar entonces con el grupo Boca del R\u00edo; mientras, Serralde y Cambranis comenzaron por acumular las pruebas del uso discrecional de los 75 millones de pesos que ejerce este a\u00f1o el comit\u00e9 estatal del blanquiazul; esto es, m\u00e1s del doble de lo que recibi\u00f3 el partido en los a\u00f1os anteriores.<\/p>\n<p>Entre los se\u00f1alamientos que se han acumulado contra el actual presidente del comit\u00e9 estatal panista se encuentra la falta de la celebraci\u00f3n de sesiones tanto en el Consejo Estatal como en la Comisi\u00f3n Permanente; por ello, los grupos m\u00e1s fuertes al interior del partido habr\u00edan solicitado la intervenci\u00f3n del Comit\u00e9 Ejecutivo Nacional.<\/p>\n<p>Lo peor es el tema de los recursos y la transparencia en la rendici\u00f3n de las cuentas; para efectos de la fiscalizaci\u00f3n del dinero que gasta, el comit\u00e9 estatal del PAN no ha recibido la aprobaci\u00f3n de la Comisi\u00f3n de Vigilancia durante los primeros dos trimestres del a\u00f1o; sin esas firmas, la llegada de recursos del comit\u00e9 nacional estar\u00eda en riesgo.<\/p>\n<p>En s\u00edntesis, las acusaciones contra la gesti\u00f3n de Mancha Alarc\u00f3n giran en torno a tres puntos: el uso poco claro de los recursos del partido; el incumplimiento de los acuerdos; y los nombramientos de colaboradores de manera discrecional.<\/p>\n<p>De igual manera, a esos se\u00f1alamientos se suma el tema de las alianzas con otras fuerzas pol\u00edticas. Este mi\u00e9rcoles, Jos\u00e9 de Jes\u00fas Mancha se reuni\u00f3 p\u00fablicamente con el dirigente de Alternativa Veracruzana, Alfredo Tress; antes, sin p\u00fablico, lo hab\u00eda hecho con el perredista Rogelio Franco; sin embargo, ni el Comit\u00e9 Ejecutivo Nacional ni en Consejo Pol\u00edtico estatal del PAN han dado luz verde para explorar esa posibilidad, lo que tambi\u00e9n caus\u00f3 molestia en los grupos que hoy est\u00e1n enfrentados al dirigente del partido en la entidad.<\/p>\n<p><strong>Los bandazos de Tress<\/strong><\/p>\n<p>Hablando del tema de la alianza entre partidos, por la ma\u00f1ana, el dirigente de Alternativa Veracruzana, Alfredo Tress Jim\u00e9nez, se reuni\u00f3 con el dirigente estatal del Partido Acci\u00f3n Nacional, Jos\u00e9 Mancha; presentes tambi\u00e9n, los diputados panistas Joaqu\u00edn Guzm\u00e1n Avil\u00e9s y Francisco Fuentes Urrutia.<\/p>\n<p>Ah\u00ed, Mancha Alarc\u00f3n anunci\u00f3 el intento de alianza entre PAN y AVE de cara a las elecciones estatales de 2016; y revel\u00f3 que en esas pl\u00e1ticas estaba incluido el Partido de la Revoluci\u00f3n Democr\u00e1tica, cuyo dirigente, Rogelio Franco Cast\u00e1n, se encontraba a unos metros del lugar pero no asisti\u00f3 a la reuni\u00f3n a la que tambi\u00e9n habr\u00eda sido invitado.<\/p>\n<p>Unas horas despu\u00e9s de la conferencia en un c\u00e9ntrico caf\u00e9 de Xalapa, se manej\u00f3 una fotograf\u00eda en la que aparece el dirigente de AVE junto al gobernador veracruzano. La frase que acompa\u00f1a a la foto no podr\u00eda ser m\u00e1s reveladora del posible jal\u00f3n de orejas a Tress: \u201cLa \u00fanica alianza es con el gobernador Javier Duarte\u201d.<\/p>\n","protected":false},"excerpt":{"rendered":"<p>Luis Alberto Romero Hora Cero &nbsp; Molestos, dos de los principales l\u00edderes del Acci\u00f3n Nacional en Veracruz, representantes de los grupos que tienen la hegemon\u00eda interna en dicho partido, encararon al dirigente formal del blanquiazul, Jos\u00e9 Mancha Alarc\u00f3n, a quien reprocharon el incumplimiento de los compromisos establecidos en la negociaci\u00f3n para integrar las carteras del [&hellip;]<\/p>\n","protected":false},"author":2,"featured_media":0,"comment_status":"open","ping_status":"open","sticky":false,"template":"","format":"standard","meta":{"tdm_status":"","tdm_grid_status":"","footnotes":""},"categories":[70],"tags":[2399,1998,266],"class_list":{"0":"post-17394","1":"post","2":"type-post","3":"status-publish","4":"format-standard","6":"category-de-opinion","7":"tag-enrique-cambranis-torres","8":"tag-jose-mancha","9":"tag-pan"},"yoast_head":"<!-- This site is optimized with the Yoast SEO plugin v27.4 - https:\/\/yoast.com\/product\/yoast-seo-wordpress\/ -->\n<title>Acci\u00f3n Nacional, la fractura interna - Los pol\u00edticos Veracruz<\/title>\n<meta name=\"robots\" content=\"index, follow, max-snippet:-1, max-image-preview:large, max-video-preview:-1\" \/>\n<link rel=\"canonical\" href=\"https:\/\/lospoliticosveracruz.com\/?p=17394\" \/>\n<meta property=\"og:locale\" content=\"es_ES\" \/>\n<meta property=\"og:type\" content=\"article\" \/>\n<meta property=\"og:title\" content=\"Acci\u00f3n Nacional, la fractura interna - Los pol\u00edticos Veracruz\" \/>\n<meta property=\"og:description\" content=\"Luis Alberto Romero Hora Cero &nbsp; Molestos, dos de los principales l\u00edderes del Acci\u00f3n Nacional en Veracruz, representantes de los grupos que tienen la hegemon\u00eda interna en dicho partido, encararon al dirigente formal del blanquiazul, Jos\u00e9 Mancha Alarc\u00f3n, a quien reprocharon el incumplimiento de los compromisos establecidos en la negociaci\u00f3n para integrar las carteras del [&hellip;]\" \/>\n<meta property=\"og:url\" content=\"https:\/\/lospoliticosveracruz.com\/?p=17394\" \/>\n<meta property=\"og:site_name\" content=\"Los pol\u00edticos Veracruz\" \/>\n<meta property=\"article:publisher\" content=\"https:\/\/www.facebook.com\/people\/Notimemes-de-los-Polticos\/61565672886568\/\" \/>\n<meta property=\"article:published_time\" content=\"2015-08-20T01:54:01+00:00\" \/>\n<meta property=\"og:image\" content=\"http:\/\/www.lospoliticosveracruz.com.mx\/wp-content\/uploads\/2015\/08\/PAN-300x200.jpg\" \/>\n<meta name=\"author\" content=\"Lo viste en Los Pol\u00edticos\" \/>\n<meta name=\"twitter:card\" content=\"summary_large_image\" \/>\n<meta name=\"twitter:creator\" content=\"@LosPoliticosVer\" \/>\n<meta name=\"twitter:site\" content=\"@LosPoliticosVer\" \/>\n<meta name=\"twitter:label1\" content=\"Escrito por\" \/>\n\t<meta name=\"twitter:data1\" content=\"Lo viste en Los Pol\u00edticos\" \/>\n\t<meta name=\"twitter:label2\" content=\"Tiempo de lectura\" \/>\n\t<meta name=\"twitter:data2\" content=\"4 minutos\" \/>\n<script type=\"application\/ld+json\" class=\"yoast-schema-graph\">{\"@context\":\"https:\\\/\\\/schema.org\",\"@graph\":[{\"@type\":\"Article\",\"@id\":\"https:\\\/\\\/lospoliticosveracruz.com\\\/?p=17394#article\",\"isPartOf\":{\"@id\":\"https:\\\/\\\/lospoliticosveracruz.com\\\/?p=17394\"},\"author\":{\"name\":\"Lo viste en Los Pol\u00edticos\",\"@id\":\"https:\\\/\\\/lospoliticosveracruz.com\\\/#\\\/schema\\\/person\\\/b8702bb0e538456e6efd07080bf2a4a2\"},\"headline\":\"Acci\u00f3n Nacional, la fractura interna\",\"datePublished\":\"2015-08-20T01:54:01+00:00\",\"mainEntityOfPage\":{\"@id\":\"https:\\\/\\\/lospoliticosveracruz.com\\\/?p=17394\"},\"wordCount\":865,\"commentCount\":0,\"publisher\":{\"@id\":\"https:\\\/\\\/lospoliticosveracruz.com\\\/#organization\"},\"image\":{\"@id\":\"https:\\\/\\\/lospoliticosveracruz.com\\\/?p=17394#primaryimage\"},\"thumbnailUrl\":\"http:\\\/\\\/www.lospoliticosveracruz.com.mx\\\/wp-content\\\/uploads\\\/2015\\\/08\\\/PAN-300x200.jpg\",\"keywords\":[\"Enrique Cambranis Torres\",\"Jos\u00e9 Mancha\",\"PAN\"],\"articleSection\":[\"De Opini\u00f3n\"],\"inLanguage\":\"es\",\"potentialAction\":[{\"@type\":\"CommentAction\",\"name\":\"Comment\",\"target\":[\"https:\\\/\\\/lospoliticosveracruz.com\\\/?p=17394#respond\"]}]},{\"@type\":\"WebPage\",\"@id\":\"https:\\\/\\\/lospoliticosveracruz.com\\\/?p=17394\",\"url\":\"https:\\\/\\\/lospoliticosveracruz.com\\\/?p=17394\",\"name\":\"Acci\u00f3n Nacional, la fractura interna - Los pol\u00edticos Veracruz\",\"isPartOf\":{\"@id\":\"https:\\\/\\\/lospoliticosveracruz.com\\\/#website\"},\"primaryImageOfPage\":{\"@id\":\"https:\\\/\\\/lospoliticosveracruz.com\\\/?p=17394#primaryimage\"},\"image\":{\"@id\":\"https:\\\/\\\/lospoliticosveracruz.com\\\/?p=17394#primaryimage\"},\"thumbnailUrl\":\"http:\\\/\\\/www.lospoliticosveracruz.com.mx\\\/wp-content\\\/uploads\\\/2015\\\/08\\\/PAN-300x200.jpg\",\"datePublished\":\"2015-08-20T01:54:01+00:00\",\"breadcrumb\":{\"@id\":\"https:\\\/\\\/lospoliticosveracruz.com\\\/?p=17394#breadcrumb\"},\"inLanguage\":\"es\",\"potentialAction\":[{\"@type\":\"ReadAction\",\"target\":[\"https:\\\/\\\/lospoliticosveracruz.com\\\/?p=17394\"]}]},{\"@type\":\"ImageObject\",\"inLanguage\":\"es\",\"@id\":\"https:\\\/\\\/lospoliticosveracruz.com\\\/?p=17394#primaryimage\",\"url\":\"http:\\\/\\\/www.lospoliticosveracruz.com.mx\\\/wp-content\\\/uploads\\\/2015\\\/08\\\/PAN-300x200.jpg\",\"contentUrl\":\"http:\\\/\\\/www.lospoliticosveracruz.com.mx\\\/wp-content\\\/uploads\\\/2015\\\/08\\\/PAN-300x200.jpg\"},{\"@type\":\"BreadcrumbList\",\"@id\":\"https:\\\/\\\/lospoliticosveracruz.com\\\/?p=17394#breadcrumb\",\"itemListElement\":[{\"@type\":\"ListItem\",\"position\":1,\"name\":\"Portada\",\"item\":\"https:\\\/\\\/lospoliticosveracruz.com\\\/\"},{\"@type\":\"ListItem\",\"position\":2,\"name\":\"Acci\u00f3n Nacional, la fractura interna\"}]},{\"@type\":\"WebSite\",\"@id\":\"https:\\\/\\\/lospoliticosveracruz.com\\\/#website\",\"url\":\"https:\\\/\\\/lospoliticosveracruz.com\\\/\",\"name\":\"Los pol\u00edticos Veracruz\",\"description\":\"\",\"publisher\":{\"@id\":\"https:\\\/\\\/lospoliticosveracruz.com\\\/#organization\"},\"potentialAction\":[{\"@type\":\"SearchAction\",\"target\":{\"@type\":\"EntryPoint\",\"urlTemplate\":\"https:\\\/\\\/lospoliticosveracruz.com\\\/?s={search_term_string}\"},\"query-input\":{\"@type\":\"PropertyValueSpecification\",\"valueRequired\":true,\"valueName\":\"search_term_string\"}}],\"inLanguage\":\"es\"},{\"@type\":\"Organization\",\"@id\":\"https:\\\/\\\/lospoliticosveracruz.com\\\/#organization\",\"name\":\"Los pol\u00edticos Veracruz\",\"url\":\"https:\\\/\\\/lospoliticosveracruz.com\\\/\",\"logo\":{\"@type\":\"ImageObject\",\"inLanguage\":\"es\",\"@id\":\"https:\\\/\\\/lospoliticosveracruz.com\\\/#\\\/schema\\\/logo\\\/image\\\/\",\"url\":\"https:\\\/\\\/lospoliticosveracruz.com\\\/wp-content\\\/uploads\\\/2025\\\/12\\\/Logo-Nuevo-LOS-POLITICOS-1.jpg\",\"contentUrl\":\"https:\\\/\\\/lospoliticosveracruz.com\\\/wp-content\\\/uploads\\\/2025\\\/12\\\/Logo-Nuevo-LOS-POLITICOS-1.jpg\",\"width\":260,\"height\":70,\"caption\":\"Los pol\u00edticos Veracruz\"},\"image\":{\"@id\":\"https:\\\/\\\/lospoliticosveracruz.com\\\/#\\\/schema\\\/logo\\\/image\\\/\"},\"sameAs\":[\"https:\\\/\\\/www.facebook.com\\\/people\\\/Notimemes-de-los-Polticos\\\/61565672886568\\\/\",\"https:\\\/\\\/x.com\\\/LosPoliticosVer\"]},{\"@type\":\"Person\",\"@id\":\"https:\\\/\\\/lospoliticosveracruz.com\\\/#\\\/schema\\\/person\\\/b8702bb0e538456e6efd07080bf2a4a2\",\"name\":\"Lo viste en Los Pol\u00edticos\",\"image\":{\"@type\":\"ImageObject\",\"inLanguage\":\"es\",\"@id\":\"https:\\\/\\\/secure.gravatar.com\\\/avatar\\\/3a8de04a2656d44082be478bd6c086daa447c4651605818287b9532d3d0bd435?s=96&d=mm&r=g\",\"url\":\"https:\\\/\\\/secure.gravatar.com\\\/avatar\\\/3a8de04a2656d44082be478bd6c086daa447c4651605818287b9532d3d0bd435?s=96&d=mm&r=g\",\"contentUrl\":\"https:\\\/\\\/secure.gravatar.com\\\/avatar\\\/3a8de04a2656d44082be478bd6c086daa447c4651605818287b9532d3d0bd435?s=96&d=mm&r=g\",\"caption\":\"Lo viste en Los Pol\u00edticos\"},\"url\":\"https:\\\/\\\/lospoliticosveracruz.com\\\/?author=2\"}]}<\/script>\n<!-- \/ Yoast SEO plugin. -->","yoast_head_json":{"title":"Acci\u00f3n Nacional, la fractura interna - Los pol\u00edticos Veracruz","robots":{"index":"index","follow":"follow","max-snippet":"max-snippet:-1","max-image-preview":"max-image-preview:large","max-video-preview":"max-video-preview:-1"},"canonical":"https:\/\/lospoliticosveracruz.com\/?p=17394","og_locale":"es_ES","og_type":"article","og_title":"Acci\u00f3n Nacional, la fractura interna - Los pol\u00edticos Veracruz","og_description":"Luis Alberto Romero Hora Cero &nbsp; Molestos, dos de los principales l\u00edderes del Acci\u00f3n Nacional en Veracruz, representantes de los grupos que tienen la hegemon\u00eda interna en dicho partido, encararon al dirigente formal del blanquiazul, Jos\u00e9 Mancha Alarc\u00f3n, a quien reprocharon el incumplimiento de los compromisos establecidos en la negociaci\u00f3n para integrar las carteras del [&hellip;]","og_url":"https:\/\/lospoliticosveracruz.com\/?p=17394","og_site_name":"Los pol\u00edticos Veracruz","article_publisher":"https:\/\/www.facebook.com\/people\/Notimemes-de-los-Polticos\/61565672886568\/","article_published_time":"2015-08-20T01:54:01+00:00","og_image":[{"url":"http:\/\/www.lospoliticosveracruz.com.mx\/wp-content\/uploads\/2015\/08\/PAN-300x200.jpg","type":"","width":"","height":""}],"author":"Lo viste en Los Pol\u00edticos","twitter_card":"summary_large_image","twitter_creator":"@LosPoliticosVer","twitter_site":"@LosPoliticosVer","twitter_misc":{"Escrito por":"Lo viste en Los Pol\u00edticos","Tiempo de lectura":"4 minutos"},"schema":{"@context":"https:\/\/schema.org","@graph":[{"@type":"Article","@id":"https:\/\/lospoliticosveracruz.com\/?p=17394#article","isPartOf":{"@id":"https:\/\/lospoliticosveracruz.com\/?p=17394"},"author":{"name":"Lo viste en Los Pol\u00edticos","@id":"https:\/\/lospoliticosveracruz.com\/#\/schema\/person\/b8702bb0e538456e6efd07080bf2a4a2"},"headline":"Acci\u00f3n Nacional, la fractura interna","datePublished":"2015-08-20T01:54:01+00:00","mainEntityOfPage":{"@id":"https:\/\/lospoliticosveracruz.com\/?p=17394"},"wordCount":865,"commentCount":0,"publisher":{"@id":"https:\/\/lospoliticosveracruz.com\/#organization"},"image":{"@id":"https:\/\/lospoliticosveracruz.com\/?p=17394#primaryimage"},"thumbnailUrl":"http:\/\/www.lospoliticosveracruz.com.mx\/wp-content\/uploads\/2015\/08\/PAN-300x200.jpg","keywords":["Enrique Cambranis Torres","Jos\u00e9 Mancha","PAN"],"articleSection":["De Opini\u00f3n"],"inLanguage":"es","potentialAction":[{"@type":"CommentAction","name":"Comment","target":["https:\/\/lospoliticosveracruz.com\/?p=17394#respond"]}]},{"@type":"WebPage","@id":"https:\/\/lospoliticosveracruz.com\/?p=17394","url":"https:\/\/lospoliticosveracruz.com\/?p=17394","name":"Acci\u00f3n Nacional, la fractura interna - Los pol\u00edticos Veracruz","isPartOf":{"@id":"https:\/\/lospoliticosveracruz.com\/#website"},"primaryImageOfPage":{"@id":"https:\/\/lospoliticosveracruz.com\/?p=17394#primaryimage"},"image":{"@id":"https:\/\/lospoliticosveracruz.com\/?p=17394#primaryimage"},"thumbnailUrl":"http:\/\/www.lospoliticosveracruz.com.mx\/wp-content\/uploads\/2015\/08\/PAN-300x200.jpg","datePublished":"2015-08-20T01:54:01+00:00","breadcrumb":{"@id":"https:\/\/lospoliticosveracruz.com\/?p=17394#breadcrumb"},"inLanguage":"es","potentialAction":[{"@type":"ReadAction","target":["https:\/\/lospoliticosveracruz.com\/?p=17394"]}]},{"@type":"ImageObject","inLanguage":"es","@id":"https:\/\/lospoliticosveracruz.com\/?p=17394#primaryimage","url":"http:\/\/www.lospoliticosveracruz.com.mx\/wp-content\/uploads\/2015\/08\/PAN-300x200.jpg","contentUrl":"http:\/\/www.lospoliticosveracruz.com.mx\/wp-content\/uploads\/2015\/08\/PAN-300x200.jpg"},{"@type":"BreadcrumbList","@id":"https:\/\/lospoliticosveracruz.com\/?p=17394#breadcrumb","itemListElement":[{"@type":"ListItem","position":1,"name":"Portada","item":"https:\/\/lospoliticosveracruz.com\/"},{"@type":"ListItem","position":2,"name":"Acci\u00f3n Nacional, la fractura interna"}]},{"@type":"WebSite","@id":"https:\/\/lospoliticosveracruz.com\/#website","url":"https:\/\/lospoliticosveracruz.com\/","name":"Los pol\u00edticos Veracruz","description":"","publisher":{"@id":"https:\/\/lospoliticosveracruz.com\/#organization"},"potentialAction":[{"@type":"SearchAction","target":{"@type":"EntryPoint","urlTemplate":"https:\/\/lospoliticosveracruz.com\/?s={search_term_string}"},"query-input":{"@type":"PropertyValueSpecification","valueRequired":true,"valueName":"search_term_string"}}],"inLanguage":"es"},{"@type":"Organization","@id":"https:\/\/lospoliticosveracruz.com\/#organization","name":"Los pol\u00edticos Veracruz","url":"https:\/\/lospoliticosveracruz.com\/","logo":{"@type":"ImageObject","inLanguage":"es","@id":"https:\/\/lospoliticosveracruz.com\/#\/schema\/logo\/image\/","url":"https:\/\/lospoliticosveracruz.com\/wp-content\/uploads\/2025\/12\/Logo-Nuevo-LOS-POLITICOS-1.jpg","contentUrl":"https:\/\/lospoliticosveracruz.com\/wp-content\/uploads\/2025\/12\/Logo-Nuevo-LOS-POLITICOS-1.jpg","width":260,"height":70,"caption":"Los pol\u00edticos Veracruz"},"image":{"@id":"https:\/\/lospoliticosveracruz.com\/#\/schema\/logo\/image\/"},"sameAs":["https:\/\/www.facebook.com\/people\/Notimemes-de-los-Polticos\/61565672886568\/","https:\/\/x.com\/LosPoliticosVer"]},{"@type":"Person","@id":"https:\/\/lospoliticosveracruz.com\/#\/schema\/person\/b8702bb0e538456e6efd07080bf2a4a2","name":"Lo viste en Los Pol\u00edticos","image":{"@type":"ImageObject","inLanguage":"es","@id":"https:\/\/secure.gravatar.com\/avatar\/3a8de04a2656d44082be478bd6c086daa447c4651605818287b9532d3d0bd435?s=96&d=mm&r=g","url":"https:\/\/secure.gravatar.com\/avatar\/3a8de04a2656d44082be478bd6c086daa447c4651605818287b9532d3d0bd435?s=96&d=mm&r=g","contentUrl":"https:\/\/secure.gravatar.com\/avatar\/3a8de04a2656d44082be478bd6c086daa447c4651605818287b9532d3d0bd435?s=96&d=mm&r=g","caption":"Lo viste en Los Pol\u00edticos"},"url":"https:\/\/lospoliticosveracruz.com\/?author=2"}]}},"_links":{"self":[{"href":"https:\/\/lospoliticosveracruz.com\/index.php?rest_route=\/wp\/v2\/posts\/17394","targetHints":{"allow":["GET"]}}],"collection":[{"href":"https:\/\/lospoliticosveracruz.com\/index.php?rest_route=\/wp\/v2\/posts"}],"about":[{"href":"https:\/\/lospoliticosveracruz.com\/index.php?rest_route=\/wp\/v2\/types\/post"}],"author":[{"embeddable":true,"href":"https:\/\/lospoliticosveracruz.com\/index.php?rest_route=\/wp\/v2\/users\/2"}],"replies":[{"embeddable":true,"href":"https:\/\/lospoliticosveracruz.com\/index.php?rest_route=%2Fwp%2Fv2%2Fcomments&post=17394"}],"version-history":[{"count":1,"href":"https:\/\/lospoliticosveracruz.com\/index.php?rest_route=\/wp\/v2\/posts\/17394\/revisions"}],"predecessor-version":[{"id":17396,"href":"https:\/\/lospoliticosveracruz.com\/index.php?rest_route=\/wp\/v2\/posts\/17394\/revisions\/17396"}],"wp:attachment":[{"href":"https:\/\/lospoliticosveracruz.com\/index.php?rest_route=%2Fwp%2Fv2%2Fmedia&parent=17394"}],"wp:term":[{"taxonomy":"category","embeddable":true,"href":"https:\/\/lospoliticosveracruz.com\/index.php?rest_route=%2Fwp%2Fv2%2Fcategories&post=17394"},{"taxonomy":"post_tag","embeddable":true,"href":"https:\/\/lospoliticosveracruz.com\/index.php?rest_route=%2Fwp%2Fv2%2Ftags&post=17394"}],"curies":[{"name":"wp","href":"https:\/\/api.w.org\/{rel}","templated":true}]}}