{"id":17397,"date":"2015-08-19T21:40:03","date_gmt":"2015-08-20T02:40:03","guid":{"rendered":"http:\/\/www.lospoliticosveracruz.com.mx\/?p=17397"},"modified":"2015-08-19T21:41:41","modified_gmt":"2015-08-20T02:41:41","slug":"paco-garrido-y-la-deuda","status":"publish","type":"post","link":"https:\/\/lospoliticosveracruz.com\/?p=17397","title":{"rendered":"Paco Garrido y la deuda"},"content":{"rendered":"<p><a href=\"http:\/\/www.lospoliticosveracruz.com.mx\/wp-content\/uploads\/2015\/08\/Francisco-Garrido1.jpg\"><img loading=\"lazy\" decoding=\"async\" class=\"alignnone size-medium wp-image-17398\" src=\"http:\/\/www.lospoliticosveracruz.com.mx\/wp-content\/uploads\/2015\/08\/Francisco-Garrido1-300x200.jpg\" alt=\"Francisco Garrido\" width=\"300\" height=\"200\" \/><\/a><\/p>\n<p><strong>Brenda Caballero<\/strong><br \/>\n<em>N\u00fameros Rojos<\/em><\/p>\n<p>\u00bfSabe usted a cu\u00e1nto asciende la deuda de los veracruzanos actualmente? \u00bfQu\u00e9 piensa de los diputados? \u00bfSabe qu\u00e9 est\u00e1n haciendo por los ciudadanos de Veracruz?<br \/>\nEstas son algunas de las preguntas que nos hacemos todos los d\u00edas al ver la situaci\u00f3n econ\u00f3mica en que vivimos y escuchar frecuentemente que Veracruz est\u00e1 endeudado, que no tiene para pagar sus deudas y pasivos.<br \/>\nDefinitivamente quisi\u00e9ramos o\u00edr respuestas que nos dijeran la verdad para evitar pensar que son cifras maquilladas con las que s\u00f3lo nos quieren ver la cara.<br \/>\nIncluso deseamos que aquel diputado por el que votamos en las elecciones pasadas nos defendiera, representara; fuera un factor de presi\u00f3n y de cambio; no s\u00f3lo un leventa-dedos o \u201cempleado\u201d de Gobierno del Estado como muchos ciudadanos piensan.<br \/>\nCreo que el diputado del AVE, Francisco Garrido S\u00e1nchez, Presidente de la Comisi\u00f3n de Vigilancia del Congreso local, quiere hacer la diferencia, pues se fue a poner frente a los miembros de Otero Ciudadano para platicar del trabajo que est\u00e1 realizando en el Congreso Local.<br \/>\nGarrido S\u00e1nchez hace hincapi\u00e9 de la p\u00e9sima percepci\u00f3n de los ciudadanos hacia los diputados y manifiesta que desde que tom\u00f3 posesi\u00f3n a su cargo, ha mandado se\u00f1ales para poner un alto a un tema milenario: la corrupci\u00f3n.<br \/>\nAfirma que se present\u00f3 una reforma constitucional, pues durante sus recorridos por 97 municipios del estado, le han preguntado constantemente \u00bfc\u00f3mo es posible que quien tiene el manejo de los recursos p\u00fablicos, tenga tantas salidas y tantas fases para poder solventar y justificar los recursos de los veracruzanos? mientras que las empresas que generan los empleos tienen todos los d\u00edas encima al SAT, IMSS, Infonavit y todos los compromisos como el 2 por ciento a la n\u00f3mina y la n\u00f3mina de los empleados?<br \/>\nAnte el reclamo ciudadano, el diputado les da la raz\u00f3n y a trav\u00e9s de la comisi\u00f3n que preside, deciden acortar los tiempos de la entrega de cuenta p\u00fablica para que de dos a\u00f1os pase a ocho meses y hacer m\u00e1s eficiente la fiscalizaci\u00f3n en el estado, motivo por el que se plantea una nueva Ley de Fiscalizaci\u00f3n, la cual fue votada por todos los partidos hace 20 d\u00edas y fue avalada por la Auditor\u00eda Superior de la Federaci\u00f3n, siendo Veracruz el primer estado en llevar a cabo esto.<br \/>\nIndica que se han capacitado a los 212 alcaldes, al s\u00edndico, a regidores, directores de las diferentes \u00e1reas de los Ayuntamientos, pues en la percepci\u00f3n ciudadana, se piensa que s\u00f3lo se observa a los Ayuntamientos peque\u00f1os.<br \/>\nEn realidad, manifiesta que la Comisi\u00f3n que preside y el \u00d3rgano Fiscalizador no buscan que s\u00f3lo haya denuncias de los presidentes municipales en el MP, sino que los recursos que se tienen, se apliquen de manera eficiente en obras y acciones en beneficio de los todos los ciudadanos.<br \/>\nActualmente, para abatir la corrupci\u00f3n y opacidad en el manejo de los recursos, se ha tenido que especificar en d\u00f3nde aplicar\u00e1n el 95 por ciento de las participaciones federales que reciben los municipios as\u00ed como al tipo de obra y el monto a invertir, evitando as\u00ed que los alcaldes hagan obras de relumbr\u00f3n o pavimenten la calle frente a su casa y se centren en dar mayor importancia a abatir la pobreza y la marginaci\u00f3n.<br \/>\nDe igual manera, aplica para los recursos que maneja el gobierno estatal con el prop\u00f3sito de que las obras vayan de la mano con las municipales.<br \/>\nEs importante destacar que, anteriormente, la Auditoria Superior de la Federaci\u00f3n s\u00f3lo hac\u00eda una muestra aleatoria de cinco a ocho municipios; actualmente se revisa la cuenta p\u00fablica 2014 a cien Municipios.<br \/>\nCon respecto al t\u00fanel sumergido, abund\u00f3 que se tiene claro que tiene presunto da\u00f1o patrimonial en los a\u00f1os 2012 y 2013 y se espera que los recursos, mediante acuerdo que se realice, se regresen al Fideicomiso del t\u00fanel para que los veracruzanos los utilicen en otras obras o acciones.<br \/>\nHablando de otras leyes promulgadas, como la de Tr\u00e1nsito, mencion\u00f3 que este jueves, a las nueve de la ma\u00f1ana, se reunir\u00e1 con integrantes de las C\u00e1maras Empresariales y el Secretario de Seguridad P\u00fablica para tratar nuevamente los montos de las multas.<br \/>\nCon respecto a la deuda p\u00fablica del estado y de los 212 Ayuntamientos, asegur\u00f3 que a finales de agosto, el Orfis deber\u00e1 entregar el monto total de la deuda contratada a trav\u00e9s de los bancos, as\u00ed como el monto con deudores y contratistas que se tiene en el estado, comprometi\u00e9ndose que en el momento que se tenga la informaci\u00f3n, darla a conocer a las C\u00e1maras Empresariales para su discusi\u00f3n correspondiente.<br \/>\nNo descart\u00f3 llamar al contralor Ricardo Garc\u00eda para que con la deuda p\u00fablica que se tiene contratada con proveedores y contratistas, haga un reconocimiento p\u00fablico de lo que se tiene como pasivo. Al hablar de la cifra, mencion\u00f3 que s\u00f3lo se tiene reflejado 44 mil millones de pesos, que es lo que se contrat\u00f3 con bancos; que se ha renegociado y que en esta legislatura afirm\u00f3 no se ha contratado un solo centavo m\u00e1s como deuda p\u00fablica.<br \/>\nCelebr\u00f3 la Nueva Ley que acaba de aprobar el presidente relativa al control de deuda de los estados y municipios, ya que cualquier entidad o ayuntamiento que contrate deuda, la tiene que liquidar tres meses antes de que concluya su administraci\u00f3n, as\u00ed como \u00e9sta debe ser autorizada por el Congreso de la Uni\u00f3n para ver si est\u00e1 en condiciones de contrataci\u00f3n de deuda p\u00fablica pues no debe ser contratada para pagos de pasivos, sino para temas de productividad.<br \/>\n\u00bfA cu\u00e1nto asciende la deuda? \u00bfcu\u00e1nto debemos los veracruzanos? \u201cA finales de agosto tendremos la respuesta\u201d, respond\u00eda una y otra vez; \u201ctenemos que esperar el informe\u201d. Seguramente, ante la misma pregunta reiterada, tanto a \u00e9l como a nosotros nos urge la respuesta. Habr\u00e1 que esperar,como dice Paco Garrido, el fin de mes\u2026<\/p>\n<p>Email:caballero_brenda@hotmail.com<\/p>\n","protected":false},"excerpt":{"rendered":"<p>Brenda Caballero N\u00fameros Rojos \u00bfSabe usted a cu\u00e1nto asciende la deuda de los veracruzanos actualmente? \u00bfQu\u00e9 piensa de los diputados? \u00bfSabe qu\u00e9 est\u00e1n haciendo por los ciudadanos de Veracruz? Estas son algunas de las preguntas que nos hacemos todos los d\u00edas al ver la situaci\u00f3n econ\u00f3mica en que vivimos y escuchar frecuentemente que Veracruz est\u00e1 [&hellip;]<\/p>\n","protected":false},"author":2,"featured_media":0,"comment_status":"open","ping_status":"open","sticky":false,"template":"","format":"standard","meta":{"tdm_status":"","tdm_grid_status":"","footnotes":""},"categories":[70],"tags":[595,1356,195],"class_list":{"0":"post-17397","1":"post","2":"type-post","3":"status-publish","4":"format-standard","6":"category-de-opinion","7":"tag-deuda","8":"tag-francisco-garrido-sanchez","9":"tag-veracruz"},"yoast_head":"<!-- This site is optimized with the Yoast SEO plugin v27.4 - https:\/\/yoast.com\/product\/yoast-seo-wordpress\/ -->\n<title>Paco Garrido y la deuda - Los pol\u00edticos Veracruz<\/title>\n<meta name=\"robots\" content=\"index, follow, max-snippet:-1, max-image-preview:large, max-video-preview:-1\" \/>\n<link rel=\"canonical\" href=\"https:\/\/lospoliticosveracruz.com\/?p=17397\" \/>\n<meta property=\"og:locale\" content=\"es_ES\" \/>\n<meta property=\"og:type\" content=\"article\" \/>\n<meta property=\"og:title\" content=\"Paco Garrido y la deuda - Los pol\u00edticos Veracruz\" \/>\n<meta property=\"og:description\" content=\"Brenda Caballero N\u00fameros Rojos \u00bfSabe usted a cu\u00e1nto asciende la deuda de los veracruzanos actualmente? \u00bfQu\u00e9 piensa de los diputados? \u00bfSabe qu\u00e9 est\u00e1n haciendo por los ciudadanos de Veracruz? Estas son algunas de las preguntas que nos hacemos todos los d\u00edas al ver la situaci\u00f3n econ\u00f3mica en que vivimos y escuchar frecuentemente que Veracruz est\u00e1 [&hellip;]\" \/>\n<meta property=\"og:url\" content=\"https:\/\/lospoliticosveracruz.com\/?p=17397\" \/>\n<meta property=\"og:site_name\" content=\"Los pol\u00edticos Veracruz\" \/>\n<meta property=\"article:publisher\" content=\"https:\/\/www.facebook.com\/people\/Notimemes-de-los-Polticos\/61565672886568\/\" \/>\n<meta property=\"article:published_time\" content=\"2015-08-20T02:40:03+00:00\" \/>\n<meta property=\"article:modified_time\" content=\"2015-08-20T02:41:41+00:00\" \/>\n<meta property=\"og:image\" content=\"http:\/\/www.lospoliticosveracruz.com.mx\/wp-content\/uploads\/2015\/08\/Francisco-Garrido1-300x200.jpg\" \/>\n<meta name=\"author\" content=\"Lo viste en Los Pol\u00edticos\" \/>\n<meta name=\"twitter:card\" content=\"summary_large_image\" \/>\n<meta name=\"twitter:creator\" content=\"@LosPoliticosVer\" \/>\n<meta name=\"twitter:site\" content=\"@LosPoliticosVer\" \/>\n<meta name=\"twitter:label1\" content=\"Escrito por\" \/>\n\t<meta name=\"twitter:data1\" content=\"Lo viste en Los Pol\u00edticos\" \/>\n\t<meta name=\"twitter:label2\" content=\"Tiempo de lectura\" \/>\n\t<meta name=\"twitter:data2\" content=\"5 minutos\" \/>\n<script type=\"application\/ld+json\" class=\"yoast-schema-graph\">{\"@context\":\"https:\\\/\\\/schema.org\",\"@graph\":[{\"@type\":\"Article\",\"@id\":\"https:\\\/\\\/lospoliticosveracruz.com\\\/?p=17397#article\",\"isPartOf\":{\"@id\":\"https:\\\/\\\/lospoliticosveracruz.com\\\/?p=17397\"},\"author\":{\"name\":\"Lo viste en Los Pol\u00edticos\",\"@id\":\"https:\\\/\\\/lospoliticosveracruz.com\\\/#\\\/schema\\\/person\\\/b8702bb0e538456e6efd07080bf2a4a2\"},\"headline\":\"Paco Garrido y la deuda\",\"datePublished\":\"2015-08-20T02:40:03+00:00\",\"dateModified\":\"2015-08-20T02:41:41+00:00\",\"mainEntityOfPage\":{\"@id\":\"https:\\\/\\\/lospoliticosveracruz.com\\\/?p=17397\"},\"wordCount\":1043,\"commentCount\":0,\"publisher\":{\"@id\":\"https:\\\/\\\/lospoliticosveracruz.com\\\/#organization\"},\"image\":{\"@id\":\"https:\\\/\\\/lospoliticosveracruz.com\\\/?p=17397#primaryimage\"},\"thumbnailUrl\":\"http:\\\/\\\/www.lospoliticosveracruz.com.mx\\\/wp-content\\\/uploads\\\/2015\\\/08\\\/Francisco-Garrido1-300x200.jpg\",\"keywords\":[\"deuda\",\"Francisco Garrido S\u00e1nchez\",\"Veracruz\"],\"articleSection\":[\"De Opini\u00f3n\"],\"inLanguage\":\"es\",\"potentialAction\":[{\"@type\":\"CommentAction\",\"name\":\"Comment\",\"target\":[\"https:\\\/\\\/lospoliticosveracruz.com\\\/?p=17397#respond\"]}]},{\"@type\":\"WebPage\",\"@id\":\"https:\\\/\\\/lospoliticosveracruz.com\\\/?p=17397\",\"url\":\"https:\\\/\\\/lospoliticosveracruz.com\\\/?p=17397\",\"name\":\"Paco Garrido y la deuda - Los pol\u00edticos Veracruz\",\"isPartOf\":{\"@id\":\"https:\\\/\\\/lospoliticosveracruz.com\\\/#website\"},\"primaryImageOfPage\":{\"@id\":\"https:\\\/\\\/lospoliticosveracruz.com\\\/?p=17397#primaryimage\"},\"image\":{\"@id\":\"https:\\\/\\\/lospoliticosveracruz.com\\\/?p=17397#primaryimage\"},\"thumbnailUrl\":\"http:\\\/\\\/www.lospoliticosveracruz.com.mx\\\/wp-content\\\/uploads\\\/2015\\\/08\\\/Francisco-Garrido1-300x200.jpg\",\"datePublished\":\"2015-08-20T02:40:03+00:00\",\"dateModified\":\"2015-08-20T02:41:41+00:00\",\"breadcrumb\":{\"@id\":\"https:\\\/\\\/lospoliticosveracruz.com\\\/?p=17397#breadcrumb\"},\"inLanguage\":\"es\",\"potentialAction\":[{\"@type\":\"ReadAction\",\"target\":[\"https:\\\/\\\/lospoliticosveracruz.com\\\/?p=17397\"]}]},{\"@type\":\"ImageObject\",\"inLanguage\":\"es\",\"@id\":\"https:\\\/\\\/lospoliticosveracruz.com\\\/?p=17397#primaryimage\",\"url\":\"http:\\\/\\\/www.lospoliticosveracruz.com.mx\\\/wp-content\\\/uploads\\\/2015\\\/08\\\/Francisco-Garrido1-300x200.jpg\",\"contentUrl\":\"http:\\\/\\\/www.lospoliticosveracruz.com.mx\\\/wp-content\\\/uploads\\\/2015\\\/08\\\/Francisco-Garrido1-300x200.jpg\"},{\"@type\":\"BreadcrumbList\",\"@id\":\"https:\\\/\\\/lospoliticosveracruz.com\\\/?p=17397#breadcrumb\",\"itemListElement\":[{\"@type\":\"ListItem\",\"position\":1,\"name\":\"Portada\",\"item\":\"https:\\\/\\\/lospoliticosveracruz.com\\\/\"},{\"@type\":\"ListItem\",\"position\":2,\"name\":\"Paco Garrido y la deuda\"}]},{\"@type\":\"WebSite\",\"@id\":\"https:\\\/\\\/lospoliticosveracruz.com\\\/#website\",\"url\":\"https:\\\/\\\/lospoliticosveracruz.com\\\/\",\"name\":\"Los pol\u00edticos Veracruz\",\"description\":\"\",\"publisher\":{\"@id\":\"https:\\\/\\\/lospoliticosveracruz.com\\\/#organization\"},\"potentialAction\":[{\"@type\":\"SearchAction\",\"target\":{\"@type\":\"EntryPoint\",\"urlTemplate\":\"https:\\\/\\\/lospoliticosveracruz.com\\\/?s={search_term_string}\"},\"query-input\":{\"@type\":\"PropertyValueSpecification\",\"valueRequired\":true,\"valueName\":\"search_term_string\"}}],\"inLanguage\":\"es\"},{\"@type\":\"Organization\",\"@id\":\"https:\\\/\\\/lospoliticosveracruz.com\\\/#organization\",\"name\":\"Los pol\u00edticos Veracruz\",\"url\":\"https:\\\/\\\/lospoliticosveracruz.com\\\/\",\"logo\":{\"@type\":\"ImageObject\",\"inLanguage\":\"es\",\"@id\":\"https:\\\/\\\/lospoliticosveracruz.com\\\/#\\\/schema\\\/logo\\\/image\\\/\",\"url\":\"https:\\\/\\\/lospoliticosveracruz.com\\\/wp-content\\\/uploads\\\/2025\\\/12\\\/Logo-Nuevo-LOS-POLITICOS-1.jpg\",\"contentUrl\":\"https:\\\/\\\/lospoliticosveracruz.com\\\/wp-content\\\/uploads\\\/2025\\\/12\\\/Logo-Nuevo-LOS-POLITICOS-1.jpg\",\"width\":260,\"height\":70,\"caption\":\"Los pol\u00edticos Veracruz\"},\"image\":{\"@id\":\"https:\\\/\\\/lospoliticosveracruz.com\\\/#\\\/schema\\\/logo\\\/image\\\/\"},\"sameAs\":[\"https:\\\/\\\/www.facebook.com\\\/people\\\/Notimemes-de-los-Polticos\\\/61565672886568\\\/\",\"https:\\\/\\\/x.com\\\/LosPoliticosVer\"]},{\"@type\":\"Person\",\"@id\":\"https:\\\/\\\/lospoliticosveracruz.com\\\/#\\\/schema\\\/person\\\/b8702bb0e538456e6efd07080bf2a4a2\",\"name\":\"Lo viste en Los Pol\u00edticos\",\"image\":{\"@type\":\"ImageObject\",\"inLanguage\":\"es\",\"@id\":\"https:\\\/\\\/secure.gravatar.com\\\/avatar\\\/3a8de04a2656d44082be478bd6c086daa447c4651605818287b9532d3d0bd435?s=96&d=mm&r=g\",\"url\":\"https:\\\/\\\/secure.gravatar.com\\\/avatar\\\/3a8de04a2656d44082be478bd6c086daa447c4651605818287b9532d3d0bd435?s=96&d=mm&r=g\",\"contentUrl\":\"https:\\\/\\\/secure.gravatar.com\\\/avatar\\\/3a8de04a2656d44082be478bd6c086daa447c4651605818287b9532d3d0bd435?s=96&d=mm&r=g\",\"caption\":\"Lo viste en Los Pol\u00edticos\"},\"url\":\"https:\\\/\\\/lospoliticosveracruz.com\\\/?author=2\"}]}<\/script>\n<!-- \/ Yoast SEO plugin. -->","yoast_head_json":{"title":"Paco Garrido y la deuda - Los pol\u00edticos Veracruz","robots":{"index":"index","follow":"follow","max-snippet":"max-snippet:-1","max-image-preview":"max-image-preview:large","max-video-preview":"max-video-preview:-1"},"canonical":"https:\/\/lospoliticosveracruz.com\/?p=17397","og_locale":"es_ES","og_type":"article","og_title":"Paco Garrido y la deuda - Los pol\u00edticos Veracruz","og_description":"Brenda Caballero N\u00fameros Rojos \u00bfSabe usted a cu\u00e1nto asciende la deuda de los veracruzanos actualmente? \u00bfQu\u00e9 piensa de los diputados? \u00bfSabe qu\u00e9 est\u00e1n haciendo por los ciudadanos de Veracruz? Estas son algunas de las preguntas que nos hacemos todos los d\u00edas al ver la situaci\u00f3n econ\u00f3mica en que vivimos y escuchar frecuentemente que Veracruz est\u00e1 [&hellip;]","og_url":"https:\/\/lospoliticosveracruz.com\/?p=17397","og_site_name":"Los pol\u00edticos Veracruz","article_publisher":"https:\/\/www.facebook.com\/people\/Notimemes-de-los-Polticos\/61565672886568\/","article_published_time":"2015-08-20T02:40:03+00:00","article_modified_time":"2015-08-20T02:41:41+00:00","og_image":[{"url":"http:\/\/www.lospoliticosveracruz.com.mx\/wp-content\/uploads\/2015\/08\/Francisco-Garrido1-300x200.jpg","type":"","width":"","height":""}],"author":"Lo viste en Los Pol\u00edticos","twitter_card":"summary_large_image","twitter_creator":"@LosPoliticosVer","twitter_site":"@LosPoliticosVer","twitter_misc":{"Escrito por":"Lo viste en Los Pol\u00edticos","Tiempo de lectura":"5 minutos"},"schema":{"@context":"https:\/\/schema.org","@graph":[{"@type":"Article","@id":"https:\/\/lospoliticosveracruz.com\/?p=17397#article","isPartOf":{"@id":"https:\/\/lospoliticosveracruz.com\/?p=17397"},"author":{"name":"Lo viste en Los Pol\u00edticos","@id":"https:\/\/lospoliticosveracruz.com\/#\/schema\/person\/b8702bb0e538456e6efd07080bf2a4a2"},"headline":"Paco Garrido y la deuda","datePublished":"2015-08-20T02:40:03+00:00","dateModified":"2015-08-20T02:41:41+00:00","mainEntityOfPage":{"@id":"https:\/\/lospoliticosveracruz.com\/?p=17397"},"wordCount":1043,"commentCount":0,"publisher":{"@id":"https:\/\/lospoliticosveracruz.com\/#organization"},"image":{"@id":"https:\/\/lospoliticosveracruz.com\/?p=17397#primaryimage"},"thumbnailUrl":"http:\/\/www.lospoliticosveracruz.com.mx\/wp-content\/uploads\/2015\/08\/Francisco-Garrido1-300x200.jpg","keywords":["deuda","Francisco Garrido S\u00e1nchez","Veracruz"],"articleSection":["De Opini\u00f3n"],"inLanguage":"es","potentialAction":[{"@type":"CommentAction","name":"Comment","target":["https:\/\/lospoliticosveracruz.com\/?p=17397#respond"]}]},{"@type":"WebPage","@id":"https:\/\/lospoliticosveracruz.com\/?p=17397","url":"https:\/\/lospoliticosveracruz.com\/?p=17397","name":"Paco Garrido y la deuda - Los pol\u00edticos Veracruz","isPartOf":{"@id":"https:\/\/lospoliticosveracruz.com\/#website"},"primaryImageOfPage":{"@id":"https:\/\/lospoliticosveracruz.com\/?p=17397#primaryimage"},"image":{"@id":"https:\/\/lospoliticosveracruz.com\/?p=17397#primaryimage"},"thumbnailUrl":"http:\/\/www.lospoliticosveracruz.com.mx\/wp-content\/uploads\/2015\/08\/Francisco-Garrido1-300x200.jpg","datePublished":"2015-08-20T02:40:03+00:00","dateModified":"2015-08-20T02:41:41+00:00","breadcrumb":{"@id":"https:\/\/lospoliticosveracruz.com\/?p=17397#breadcrumb"},"inLanguage":"es","potentialAction":[{"@type":"ReadAction","target":["https:\/\/lospoliticosveracruz.com\/?p=17397"]}]},{"@type":"ImageObject","inLanguage":"es","@id":"https:\/\/lospoliticosveracruz.com\/?p=17397#primaryimage","url":"http:\/\/www.lospoliticosveracruz.com.mx\/wp-content\/uploads\/2015\/08\/Francisco-Garrido1-300x200.jpg","contentUrl":"http:\/\/www.lospoliticosveracruz.com.mx\/wp-content\/uploads\/2015\/08\/Francisco-Garrido1-300x200.jpg"},{"@type":"BreadcrumbList","@id":"https:\/\/lospoliticosveracruz.com\/?p=17397#breadcrumb","itemListElement":[{"@type":"ListItem","position":1,"name":"Portada","item":"https:\/\/lospoliticosveracruz.com\/"},{"@type":"ListItem","position":2,"name":"Paco Garrido y la deuda"}]},{"@type":"WebSite","@id":"https:\/\/lospoliticosveracruz.com\/#website","url":"https:\/\/lospoliticosveracruz.com\/","name":"Los pol\u00edticos Veracruz","description":"","publisher":{"@id":"https:\/\/lospoliticosveracruz.com\/#organization"},"potentialAction":[{"@type":"SearchAction","target":{"@type":"EntryPoint","urlTemplate":"https:\/\/lospoliticosveracruz.com\/?s={search_term_string}"},"query-input":{"@type":"PropertyValueSpecification","valueRequired":true,"valueName":"search_term_string"}}],"inLanguage":"es"},{"@type":"Organization","@id":"https:\/\/lospoliticosveracruz.com\/#organization","name":"Los pol\u00edticos Veracruz","url":"https:\/\/lospoliticosveracruz.com\/","logo":{"@type":"ImageObject","inLanguage":"es","@id":"https:\/\/lospoliticosveracruz.com\/#\/schema\/logo\/image\/","url":"https:\/\/lospoliticosveracruz.com\/wp-content\/uploads\/2025\/12\/Logo-Nuevo-LOS-POLITICOS-1.jpg","contentUrl":"https:\/\/lospoliticosveracruz.com\/wp-content\/uploads\/2025\/12\/Logo-Nuevo-LOS-POLITICOS-1.jpg","width":260,"height":70,"caption":"Los pol\u00edticos Veracruz"},"image":{"@id":"https:\/\/lospoliticosveracruz.com\/#\/schema\/logo\/image\/"},"sameAs":["https:\/\/www.facebook.com\/people\/Notimemes-de-los-Polticos\/61565672886568\/","https:\/\/x.com\/LosPoliticosVer"]},{"@type":"Person","@id":"https:\/\/lospoliticosveracruz.com\/#\/schema\/person\/b8702bb0e538456e6efd07080bf2a4a2","name":"Lo viste en Los Pol\u00edticos","image":{"@type":"ImageObject","inLanguage":"es","@id":"https:\/\/secure.gravatar.com\/avatar\/3a8de04a2656d44082be478bd6c086daa447c4651605818287b9532d3d0bd435?s=96&d=mm&r=g","url":"https:\/\/secure.gravatar.com\/avatar\/3a8de04a2656d44082be478bd6c086daa447c4651605818287b9532d3d0bd435?s=96&d=mm&r=g","contentUrl":"https:\/\/secure.gravatar.com\/avatar\/3a8de04a2656d44082be478bd6c086daa447c4651605818287b9532d3d0bd435?s=96&d=mm&r=g","caption":"Lo viste en Los Pol\u00edticos"},"url":"https:\/\/lospoliticosveracruz.com\/?author=2"}]}},"_links":{"self":[{"href":"https:\/\/lospoliticosveracruz.com\/index.php?rest_route=\/wp\/v2\/posts\/17397","targetHints":{"allow":["GET"]}}],"collection":[{"href":"https:\/\/lospoliticosveracruz.com\/index.php?rest_route=\/wp\/v2\/posts"}],"about":[{"href":"https:\/\/lospoliticosveracruz.com\/index.php?rest_route=\/wp\/v2\/types\/post"}],"author":[{"embeddable":true,"href":"https:\/\/lospoliticosveracruz.com\/index.php?rest_route=\/wp\/v2\/users\/2"}],"replies":[{"embeddable":true,"href":"https:\/\/lospoliticosveracruz.com\/index.php?rest_route=%2Fwp%2Fv2%2Fcomments&post=17397"}],"version-history":[{"count":1,"href":"https:\/\/lospoliticosveracruz.com\/index.php?rest_route=\/wp\/v2\/posts\/17397\/revisions"}],"predecessor-version":[{"id":17399,"href":"https:\/\/lospoliticosveracruz.com\/index.php?rest_route=\/wp\/v2\/posts\/17397\/revisions\/17399"}],"wp:attachment":[{"href":"https:\/\/lospoliticosveracruz.com\/index.php?rest_route=%2Fwp%2Fv2%2Fmedia&parent=17397"}],"wp:term":[{"taxonomy":"category","embeddable":true,"href":"https:\/\/lospoliticosveracruz.com\/index.php?rest_route=%2Fwp%2Fv2%2Fcategories&post=17397"},{"taxonomy":"post_tag","embeddable":true,"href":"https:\/\/lospoliticosveracruz.com\/index.php?rest_route=%2Fwp%2Fv2%2Ftags&post=17397"}],"curies":[{"name":"wp","href":"https:\/\/api.w.org\/{rel}","templated":true}]}}