{"id":17457,"date":"2015-08-24T20:46:13","date_gmt":"2015-08-25T01:46:13","guid":{"rendered":"http:\/\/www.lospoliticosveracruz.com.mx\/?p=17457"},"modified":"2015-08-24T20:46:13","modified_gmt":"2015-08-25T01:46:13","slug":"fidel-herrera-parte-de-red-criminal","status":"publish","type":"post","link":"https:\/\/lospoliticosveracruz.com\/?p=17457","title":{"rendered":"Fidel Herrera, parte de red criminal"},"content":{"rendered":"<p><a href=\"http:\/\/www.lospoliticosveracruz.com.mx\/wp-content\/uploads\/2015\/06\/FIDEL-e1435073035694.jpg\"><img loading=\"lazy\" decoding=\"async\" class=\"alignnone size-medium wp-image-16593\" src=\"http:\/\/www.lospoliticosveracruz.com.mx\/wp-content\/uploads\/2015\/06\/FIDEL-300x199.jpg\" alt=\"FIDEL\" width=\"300\" height=\"199\" \/><\/a><\/p>\n<p><strong>\u00c1lvaro Belin Andrade<\/strong><\/p>\n<p><em>Hora Libre<\/em><\/p>\n<p>La Polic\u00eda Federal ha desenmascarado en los d\u00edas recientes una red de acoso a medios, periodistas y pol\u00edticos que opera en la ciudad de M\u00e9xico, en que identifica como uno de sus responsables al exgobernador Fidel Herrera Beltr\u00e1n, adem\u00e1s de un empleado de Televisa y al exdelegado en Cuajimalpa y pr\u00f3ximo diputado de la Asamblea Legislativa del DF, Adri\u00e1n Ruvalcaba Su\u00e1rez quien, seg\u00fan la nota publicada por el portal SinEmbargo, \u201cse considera a s\u00ed mismo ahijado pol\u00edtico del ex Presidente Carlos Salinas de Gortari\u201d.<br \/>\nCon base en una denuncia an\u00f3nima recibida por la Comisi\u00f3n Nacional de Seguridad (CNS), que fue turnada por oficio a la Unidad Cient\u00edfica de la Polic\u00eda Federal, se inici\u00f3 una investigaci\u00f3n que, seg\u00fan la publicaci\u00f3n, \u201cabri\u00f3 un pozo lleno de alacranes\u201d.<br \/>\nCon la ayuda de un juez federal se logr\u00f3 intervenir tel\u00e9fonos y correos electr\u00f3nicos, y se descubri\u00f3 que la red, apoyada en Juan Carlos Zaragoza R\u00edos, un empleado de Televisa, se dedicaba a coordinar desde hace a\u00f1os campa\u00f1as de difamaci\u00f3n, desprestigio y, eventualmente, para realizar extorsiones, usando las redes sociales y otros recursos de internet.<br \/>\nSu m\u00e1s reciente operaci\u00f3n fue la de artistas y el propio Miguel El Piojo Herrera, representados por Danna V\u00e1zquez, para apoyar mediante Twitter al Partido Verde Ecologista de M\u00e9xico (PVEM) en una etapa en que se impon\u00eda el silencio electoral por estar a horas de los comicios.<br \/>\n\u201cEl equipo de Zaragoza atac\u00f3 recientemente a Aristegui Noticias, a SinEmbargo, a un periodista del Grupo Imagen, a Cuna de Grillos y a otros medios y comunicadores de la capital y del interior del pa\u00eds. Se cree que ataques similares fueron recibidos al menos por el peri\u00f3dico Reforma, aunque el periodo de escuchas no alcanz\u00f3 a documentarlo\u201d, se\u00f1ala la nota publicada por el portal Sin embargo.<br \/>\nPor desgracia, aunque el expediente 074\/2015 fue abierto por la Fiscal\u00eda Especial para la Atenci\u00f3n de Delitos cometidos contra la Libertad de Expresi\u00f3n (FEADLE), este organismo no lo ha integrado y tampoco lo ha turnado a un juez.<br \/>\n\u201cLa primera agente del Ministerio P\u00fablico que llev\u00f3 el caso fue relacionada, en grabaciones, con presuntos actos de corrupci\u00f3n. Una grabaci\u00f3n indica que habr\u00eda recibido dinero de los agresores de periodistas. Fue relevada por petici\u00f3n de parte, pero sigue en su oficina. Ella lleva, hoy, otros casos de periodistas como el de Mois\u00e9s S\u00e1nchez, asesinado en Veracruz\u201d, revela la investigaci\u00f3n period\u00edstica.<br \/>\nRuvalcaba, quien pronto dormir\u00e1 tranquilo con los laureles del fuero en la ALDF, ha ordenado ataques a pol\u00edticos de su partido, el PVEM. \u201cHa involucrado, en las campa\u00f1as de difamaci\u00f3n, a Miguel \u00c1ngel Osorio Chong, a Manlio Fabio Beltrones, a Miguel \u00c1ngel Mancera, a C\u00e9sar Camacho, a H\u00e9ctor Serrano y a muchos m\u00e1s\u201d.<br \/>\nUna de las diabluras nos concierne; fue contra Pedro Zarrabal Rodr\u00edguez, excoordinador de Equidad de G\u00e9nero y Diversidad Sexual del Partido Revolucionario Institucional (PRI) en Veracruz.<br \/>\nSeg\u00fan grabaciones de una llamada telef\u00f3nica, Zaragoza instruy\u00f3 a un menor de edad a que se grabara acusando que Zarrabal \u201clo hab\u00eda contactado en el caf\u00e9 La Parroquia para ofrecerle un trabajo. Que luego lo hab\u00eda drogado y despu\u00e9s, lo hab\u00eda violado y contagiado con VIH (\u2026) El pol\u00edtico veracruzano renunci\u00f3 a su partido y lanz\u00f3 fuertes cr\u00edticas al Gobierno de Javier Duarte de Ochoa\u201d.<br \/>\nY entonces viene la relaci\u00f3n de esta red criminal con el T\u00edo Fide:<br \/>\n\u201cDe las grabaciones se desprende que otro de los pol\u00edticos que usaron \u2018los servicios\u2019 de Zaragoza R\u00edos es Fidel Herrera Beltr\u00e1n, ex Gobernador de Veracruz. \u00c9l, o gente de \u00e9l, pagaron al empleado de Televisa para acosar a Aristegui Noticias\u201d.<br \/>\nEste lunes, SinEmbargo public\u00f3 la primera parte, pero amenaza con ser muy revelador en sus siguientes entregas.<\/p>\n<p>Poder Judicial, en graves predicamentos financieros<\/p>\n<p>Aunque el Poder Legislativo de Veracruz posiblemente no haya sido afectado, debido a la importancia de mantener contentos a los diputados que aprueban sin dilaci\u00f3n las reformas constitucionales y nuevas leyes estatales, el Gobierno del Estado pr\u00e1cticamente ha maniatado financieramente el Poder Judicial.<br \/>\nEllo ha impedido, por ejemplo, la realizaci\u00f3n de diversas acciones de modernizaci\u00f3n de instalaciones, tan necesarias para la implantaci\u00f3n en la entidad en periodos de obligado cumplimiento del nuevo sistema penal adversarial, lo que pone en riesgo su implantaci\u00f3n seg\u00fan lo proyectado por el gobierno de Enrique Pe\u00f1a Nieto en una de sus reformas estructurales.<br \/>\nEl presidente del Tribunal Superior de Justicia, Alberto Sosa Hern\u00e1ndez, no ha sido muy enf\u00e1tico en demandar el cumplimiento en la entrega de los recursos presupuestados (de hecho, ha permanecido en silencio), y ha debido ser Mauricio Duck N\u00fa\u00f1ez, integrante del Consejo de la Judicatura, quien ha salido a proponer que se hagan las reformas legislativas pertinentes para que los recursos que corresponden al Poder Judicial no pasen por la Sefiplan y, con ello, se eviten los retrasos en la entrega de los recursos autorizados.<br \/>\nDuck N\u00fa\u00f1ez no solo se refiri\u00f3 a lo que le duele directamente sino que tambi\u00e9n consider\u00f3 necesario que dichas reformas incluyan a la UV e, incluso, a la Comisi\u00f3n Estatal de Derechos Humanos.<br \/>\nTales reformas, dijo, permitir\u00edan que el presupuesto que se asigne al Poder Judicial se entregue directamente de la Federaci\u00f3n, lo que evitar\u00eda las carencias econ\u00f3micas y penurias que sufren los juzgados, lo que no solo afecta al personal sino, fundamentalmente, a la ciudadan\u00eda que busca justicia.<br \/>\nY es que, con ocho meses del a\u00f1o, el Poder Judicial solo ha recibido el 40 por ciento del presupuesto para 2015, con un monto aprobado de 1 mil 500 millones de pesos, lo que significa que, en caso de que cumpla con su obligaci\u00f3n constitucional, en los \u00faltimos cuatro meses la Sefiplan entregar\u00eda el 60 por ciento restante, es decir, 900 millones de pesos.<br \/>\nHay que recordar que para mediados de 2016, se deber\u00edan implementar los juicios orales, un compromiso asumido por Veracruz a partir de la aprobaci\u00f3n del nuevo C\u00f3digo Penal Federal, lo que dif\u00edcilmente se cumplir\u00e1 por la artificial contenci\u00f3n del gasto, en que se incluyen no solo recursos estatales sino tambi\u00e9n federales.<\/p>\n<p>Basta de licuadora<\/p>\n<p>Organismos aut\u00f3nomos, ayuntamientos, la Universidad Veracruzana e, incluso, los poderes del estado, hace tiempo que buscan que los recursos enviados por el gobierno federal lleguen directamente a sus tesorer\u00edas, sin pasar por el ominoso dique que ha significado la Secretar\u00eda de Finanzas y Planeaci\u00f3n (Sefiplan) del Gobierno del Estado.<br \/>\nLa Universidad Veracruzana, en voz de su rectora Sara Ladr\u00f3n de Guevara, no solo ha mostrado su preocupaci\u00f3n por la posibilidad de que en 2016, merced al mecanismo de Presupuesto Cero, haya una merma sustancial en el monto del subsidio federal, que ya han alertado las principales instituciones de educaci\u00f3n superior como la UNAM, la UAM y el IPN, sino que esto sea m\u00e1s cr\u00edtico si, como se ha hecho, el gobierno estatal sigue en posibilidad de escamotear o \u2018administrar\u2019 parte de esos recursos que el pr\u00f3ximo a\u00f1o se prev\u00e9n m\u00e1s castigados.<br \/>\nSeg\u00fan datos de la Secretar\u00eda de Administraci\u00f3n y Finanzas de la casa de estudios, en los \u00faltimos cinco o seis a\u00f1os el monto de los recursos que no llegaron a su destino rebasa los mil 800 millones de pesos, lo que ha afectado severamente programas acad\u00e9micos y de investigaci\u00f3n, actividades art\u00edsticas, mantenimiento de instalaciones y, \u00faltimamente, hasta el pago oportuno de salarios y prestaciones de su personal.<br \/>\nLos ayuntamientos, por su parte, han debido posponer todos sus proyectos de obra p\u00fablica, incluso de aquella que fue concertada a trav\u00e9s de programas federales, debido al retraso indefinido en la entrega de las ministraciones; en muchos casos, de plano han debido cancelar proyectos y restringir la prestaci\u00f3n de servicios p\u00fablicos pues han trabajado casi exclusivamente con los recursos propios derivados del impuesto predial.<br \/>\nSalvo algunos alcaldes, tanto priistas como de oposici\u00f3n, que han manifestado abiertamente esta circunstancia, los dem\u00e1s han preferido no confrontarse con el gobernador Javier Duarte de Ochoa, asumiendo el costo pol\u00edtico que representa no cumplir con sus planes de desarrollo.<br \/>\nPero no son los \u00fanicos. Ya hemos visto los problemas que enfrenta el Instituto de Pensiones del Estado (IPE) para cumplir en tiempo y forma con miles de pensionados en la entidad, muchos de ellos obligados a tomar las calles como forma de presi\u00f3n a pesar de su avanzada edad.<\/p>\n<p>Comentarios: belin.alvaro@gmail.com | Twitter: @HoraLibre | http:\/\/formato7.com\/author\/abelin\/<\/p>\n","protected":false},"excerpt":{"rendered":"<p>\u00c1lvaro Belin Andrade Hora Libre La Polic\u00eda Federal ha desenmascarado en los d\u00edas recientes una red de acoso a medios, periodistas y pol\u00edticos que opera en la ciudad de M\u00e9xico, en que identifica como uno de sus responsables al exgobernador Fidel Herrera Beltr\u00e1n, adem\u00e1s de un empleado de Televisa y al exdelegado en Cuajimalpa y [&hellip;]<\/p>\n","protected":false},"author":2,"featured_media":0,"comment_status":"open","ping_status":"open","sticky":false,"template":"","format":"standard","meta":{"tdm_status":"","tdm_grid_status":"","footnotes":""},"categories":[70],"tags":[3223,410],"class_list":{"0":"post-17457","1":"post","2":"type-post","3":"status-publish","4":"format-standard","6":"category-de-opinion","7":"tag-carlos-salinas-de-gortari","8":"tag-fidel-herrera-beltran"},"yoast_head":"<!-- This site is optimized with the Yoast SEO plugin v27.4 - https:\/\/yoast.com\/product\/yoast-seo-wordpress\/ -->\n<title>Fidel Herrera, parte de red criminal - Los pol\u00edticos Veracruz<\/title>\n<meta name=\"robots\" content=\"index, follow, max-snippet:-1, max-image-preview:large, max-video-preview:-1\" \/>\n<link rel=\"canonical\" href=\"https:\/\/lospoliticosveracruz.com\/?p=17457\" \/>\n<meta property=\"og:locale\" content=\"es_ES\" \/>\n<meta property=\"og:type\" content=\"article\" \/>\n<meta property=\"og:title\" content=\"Fidel Herrera, parte de red criminal - Los pol\u00edticos Veracruz\" \/>\n<meta property=\"og:description\" content=\"\u00c1lvaro Belin Andrade Hora Libre La Polic\u00eda Federal ha desenmascarado en los d\u00edas recientes una red de acoso a medios, periodistas y pol\u00edticos que opera en la ciudad de M\u00e9xico, en que identifica como uno de sus responsables al exgobernador Fidel Herrera Beltr\u00e1n, adem\u00e1s de un empleado de Televisa y al exdelegado en Cuajimalpa y [&hellip;]\" \/>\n<meta property=\"og:url\" content=\"https:\/\/lospoliticosveracruz.com\/?p=17457\" \/>\n<meta property=\"og:site_name\" content=\"Los pol\u00edticos Veracruz\" \/>\n<meta property=\"article:publisher\" content=\"https:\/\/www.facebook.com\/people\/Notimemes-de-los-Polticos\/61565672886568\/\" \/>\n<meta property=\"article:published_time\" content=\"2015-08-25T01:46:13+00:00\" \/>\n<meta property=\"og:image\" content=\"http:\/\/www.lospoliticosveracruz.com.mx\/wp-content\/uploads\/2015\/06\/FIDEL-300x199.jpg\" \/>\n<meta name=\"author\" content=\"Lo viste en Los Pol\u00edticos\" \/>\n<meta name=\"twitter:card\" content=\"summary_large_image\" \/>\n<meta name=\"twitter:creator\" content=\"@LosPoliticosVer\" \/>\n<meta name=\"twitter:site\" content=\"@LosPoliticosVer\" \/>\n<meta name=\"twitter:label1\" content=\"Escrito por\" \/>\n\t<meta name=\"twitter:data1\" content=\"Lo viste en Los Pol\u00edticos\" \/>\n\t<meta name=\"twitter:label2\" content=\"Tiempo de lectura\" \/>\n\t<meta name=\"twitter:data2\" content=\"7 minutos\" \/>\n<script type=\"application\/ld+json\" class=\"yoast-schema-graph\">{\"@context\":\"https:\\\/\\\/schema.org\",\"@graph\":[{\"@type\":\"Article\",\"@id\":\"https:\\\/\\\/lospoliticosveracruz.com\\\/?p=17457#article\",\"isPartOf\":{\"@id\":\"https:\\\/\\\/lospoliticosveracruz.com\\\/?p=17457\"},\"author\":{\"name\":\"Lo viste en Los Pol\u00edticos\",\"@id\":\"https:\\\/\\\/lospoliticosveracruz.com\\\/#\\\/schema\\\/person\\\/b8702bb0e538456e6efd07080bf2a4a2\"},\"headline\":\"Fidel Herrera, parte de red criminal\",\"datePublished\":\"2015-08-25T01:46:13+00:00\",\"mainEntityOfPage\":{\"@id\":\"https:\\\/\\\/lospoliticosveracruz.com\\\/?p=17457\"},\"wordCount\":1488,\"commentCount\":1,\"publisher\":{\"@id\":\"https:\\\/\\\/lospoliticosveracruz.com\\\/#organization\"},\"image\":{\"@id\":\"https:\\\/\\\/lospoliticosveracruz.com\\\/?p=17457#primaryimage\"},\"thumbnailUrl\":\"http:\\\/\\\/www.lospoliticosveracruz.com.mx\\\/wp-content\\\/uploads\\\/2015\\\/06\\\/FIDEL-300x199.jpg\",\"keywords\":[\"Carlos Salinas de Gortari\",\"Fidel Herrera Beltr\u00e1n\"],\"articleSection\":[\"De Opini\u00f3n\"],\"inLanguage\":\"es\",\"potentialAction\":[{\"@type\":\"CommentAction\",\"name\":\"Comment\",\"target\":[\"https:\\\/\\\/lospoliticosveracruz.com\\\/?p=17457#respond\"]}]},{\"@type\":\"WebPage\",\"@id\":\"https:\\\/\\\/lospoliticosveracruz.com\\\/?p=17457\",\"url\":\"https:\\\/\\\/lospoliticosveracruz.com\\\/?p=17457\",\"name\":\"Fidel Herrera, parte de red criminal - Los pol\u00edticos Veracruz\",\"isPartOf\":{\"@id\":\"https:\\\/\\\/lospoliticosveracruz.com\\\/#website\"},\"primaryImageOfPage\":{\"@id\":\"https:\\\/\\\/lospoliticosveracruz.com\\\/?p=17457#primaryimage\"},\"image\":{\"@id\":\"https:\\\/\\\/lospoliticosveracruz.com\\\/?p=17457#primaryimage\"},\"thumbnailUrl\":\"http:\\\/\\\/www.lospoliticosveracruz.com.mx\\\/wp-content\\\/uploads\\\/2015\\\/06\\\/FIDEL-300x199.jpg\",\"datePublished\":\"2015-08-25T01:46:13+00:00\",\"breadcrumb\":{\"@id\":\"https:\\\/\\\/lospoliticosveracruz.com\\\/?p=17457#breadcrumb\"},\"inLanguage\":\"es\",\"potentialAction\":[{\"@type\":\"ReadAction\",\"target\":[\"https:\\\/\\\/lospoliticosveracruz.com\\\/?p=17457\"]}]},{\"@type\":\"ImageObject\",\"inLanguage\":\"es\",\"@id\":\"https:\\\/\\\/lospoliticosveracruz.com\\\/?p=17457#primaryimage\",\"url\":\"http:\\\/\\\/www.lospoliticosveracruz.com.mx\\\/wp-content\\\/uploads\\\/2015\\\/06\\\/FIDEL-300x199.jpg\",\"contentUrl\":\"http:\\\/\\\/www.lospoliticosveracruz.com.mx\\\/wp-content\\\/uploads\\\/2015\\\/06\\\/FIDEL-300x199.jpg\"},{\"@type\":\"BreadcrumbList\",\"@id\":\"https:\\\/\\\/lospoliticosveracruz.com\\\/?p=17457#breadcrumb\",\"itemListElement\":[{\"@type\":\"ListItem\",\"position\":1,\"name\":\"Portada\",\"item\":\"https:\\\/\\\/lospoliticosveracruz.com\\\/\"},{\"@type\":\"ListItem\",\"position\":2,\"name\":\"Fidel Herrera, parte de red criminal\"}]},{\"@type\":\"WebSite\",\"@id\":\"https:\\\/\\\/lospoliticosveracruz.com\\\/#website\",\"url\":\"https:\\\/\\\/lospoliticosveracruz.com\\\/\",\"name\":\"Los pol\u00edticos Veracruz\",\"description\":\"\",\"publisher\":{\"@id\":\"https:\\\/\\\/lospoliticosveracruz.com\\\/#organization\"},\"potentialAction\":[{\"@type\":\"SearchAction\",\"target\":{\"@type\":\"EntryPoint\",\"urlTemplate\":\"https:\\\/\\\/lospoliticosveracruz.com\\\/?s={search_term_string}\"},\"query-input\":{\"@type\":\"PropertyValueSpecification\",\"valueRequired\":true,\"valueName\":\"search_term_string\"}}],\"inLanguage\":\"es\"},{\"@type\":\"Organization\",\"@id\":\"https:\\\/\\\/lospoliticosveracruz.com\\\/#organization\",\"name\":\"Los pol\u00edticos Veracruz\",\"url\":\"https:\\\/\\\/lospoliticosveracruz.com\\\/\",\"logo\":{\"@type\":\"ImageObject\",\"inLanguage\":\"es\",\"@id\":\"https:\\\/\\\/lospoliticosveracruz.com\\\/#\\\/schema\\\/logo\\\/image\\\/\",\"url\":\"https:\\\/\\\/lospoliticosveracruz.com\\\/wp-content\\\/uploads\\\/2025\\\/12\\\/Logo-Nuevo-LOS-POLITICOS-1.jpg\",\"contentUrl\":\"https:\\\/\\\/lospoliticosveracruz.com\\\/wp-content\\\/uploads\\\/2025\\\/12\\\/Logo-Nuevo-LOS-POLITICOS-1.jpg\",\"width\":260,\"height\":70,\"caption\":\"Los pol\u00edticos Veracruz\"},\"image\":{\"@id\":\"https:\\\/\\\/lospoliticosveracruz.com\\\/#\\\/schema\\\/logo\\\/image\\\/\"},\"sameAs\":[\"https:\\\/\\\/www.facebook.com\\\/people\\\/Notimemes-de-los-Polticos\\\/61565672886568\\\/\",\"https:\\\/\\\/x.com\\\/LosPoliticosVer\"]},{\"@type\":\"Person\",\"@id\":\"https:\\\/\\\/lospoliticosveracruz.com\\\/#\\\/schema\\\/person\\\/b8702bb0e538456e6efd07080bf2a4a2\",\"name\":\"Lo viste en Los Pol\u00edticos\",\"image\":{\"@type\":\"ImageObject\",\"inLanguage\":\"es\",\"@id\":\"https:\\\/\\\/secure.gravatar.com\\\/avatar\\\/3a8de04a2656d44082be478bd6c086daa447c4651605818287b9532d3d0bd435?s=96&d=mm&r=g\",\"url\":\"https:\\\/\\\/secure.gravatar.com\\\/avatar\\\/3a8de04a2656d44082be478bd6c086daa447c4651605818287b9532d3d0bd435?s=96&d=mm&r=g\",\"contentUrl\":\"https:\\\/\\\/secure.gravatar.com\\\/avatar\\\/3a8de04a2656d44082be478bd6c086daa447c4651605818287b9532d3d0bd435?s=96&d=mm&r=g\",\"caption\":\"Lo viste en Los Pol\u00edticos\"},\"url\":\"https:\\\/\\\/lospoliticosveracruz.com\\\/?author=2\"}]}<\/script>\n<!-- \/ Yoast SEO plugin. -->","yoast_head_json":{"title":"Fidel Herrera, parte de red criminal - Los pol\u00edticos Veracruz","robots":{"index":"index","follow":"follow","max-snippet":"max-snippet:-1","max-image-preview":"max-image-preview:large","max-video-preview":"max-video-preview:-1"},"canonical":"https:\/\/lospoliticosveracruz.com\/?p=17457","og_locale":"es_ES","og_type":"article","og_title":"Fidel Herrera, parte de red criminal - Los pol\u00edticos Veracruz","og_description":"\u00c1lvaro Belin Andrade Hora Libre La Polic\u00eda Federal ha desenmascarado en los d\u00edas recientes una red de acoso a medios, periodistas y pol\u00edticos que opera en la ciudad de M\u00e9xico, en que identifica como uno de sus responsables al exgobernador Fidel Herrera Beltr\u00e1n, adem\u00e1s de un empleado de Televisa y al exdelegado en Cuajimalpa y [&hellip;]","og_url":"https:\/\/lospoliticosveracruz.com\/?p=17457","og_site_name":"Los pol\u00edticos Veracruz","article_publisher":"https:\/\/www.facebook.com\/people\/Notimemes-de-los-Polticos\/61565672886568\/","article_published_time":"2015-08-25T01:46:13+00:00","og_image":[{"url":"http:\/\/www.lospoliticosveracruz.com.mx\/wp-content\/uploads\/2015\/06\/FIDEL-300x199.jpg","type":"","width":"","height":""}],"author":"Lo viste en Los Pol\u00edticos","twitter_card":"summary_large_image","twitter_creator":"@LosPoliticosVer","twitter_site":"@LosPoliticosVer","twitter_misc":{"Escrito por":"Lo viste en Los Pol\u00edticos","Tiempo de lectura":"7 minutos"},"schema":{"@context":"https:\/\/schema.org","@graph":[{"@type":"Article","@id":"https:\/\/lospoliticosveracruz.com\/?p=17457#article","isPartOf":{"@id":"https:\/\/lospoliticosveracruz.com\/?p=17457"},"author":{"name":"Lo viste en Los Pol\u00edticos","@id":"https:\/\/lospoliticosveracruz.com\/#\/schema\/person\/b8702bb0e538456e6efd07080bf2a4a2"},"headline":"Fidel Herrera, parte de red criminal","datePublished":"2015-08-25T01:46:13+00:00","mainEntityOfPage":{"@id":"https:\/\/lospoliticosveracruz.com\/?p=17457"},"wordCount":1488,"commentCount":1,"publisher":{"@id":"https:\/\/lospoliticosveracruz.com\/#organization"},"image":{"@id":"https:\/\/lospoliticosveracruz.com\/?p=17457#primaryimage"},"thumbnailUrl":"http:\/\/www.lospoliticosveracruz.com.mx\/wp-content\/uploads\/2015\/06\/FIDEL-300x199.jpg","keywords":["Carlos Salinas de Gortari","Fidel Herrera Beltr\u00e1n"],"articleSection":["De Opini\u00f3n"],"inLanguage":"es","potentialAction":[{"@type":"CommentAction","name":"Comment","target":["https:\/\/lospoliticosveracruz.com\/?p=17457#respond"]}]},{"@type":"WebPage","@id":"https:\/\/lospoliticosveracruz.com\/?p=17457","url":"https:\/\/lospoliticosveracruz.com\/?p=17457","name":"Fidel Herrera, parte de red criminal - Los pol\u00edticos Veracruz","isPartOf":{"@id":"https:\/\/lospoliticosveracruz.com\/#website"},"primaryImageOfPage":{"@id":"https:\/\/lospoliticosveracruz.com\/?p=17457#primaryimage"},"image":{"@id":"https:\/\/lospoliticosveracruz.com\/?p=17457#primaryimage"},"thumbnailUrl":"http:\/\/www.lospoliticosveracruz.com.mx\/wp-content\/uploads\/2015\/06\/FIDEL-300x199.jpg","datePublished":"2015-08-25T01:46:13+00:00","breadcrumb":{"@id":"https:\/\/lospoliticosveracruz.com\/?p=17457#breadcrumb"},"inLanguage":"es","potentialAction":[{"@type":"ReadAction","target":["https:\/\/lospoliticosveracruz.com\/?p=17457"]}]},{"@type":"ImageObject","inLanguage":"es","@id":"https:\/\/lospoliticosveracruz.com\/?p=17457#primaryimage","url":"http:\/\/www.lospoliticosveracruz.com.mx\/wp-content\/uploads\/2015\/06\/FIDEL-300x199.jpg","contentUrl":"http:\/\/www.lospoliticosveracruz.com.mx\/wp-content\/uploads\/2015\/06\/FIDEL-300x199.jpg"},{"@type":"BreadcrumbList","@id":"https:\/\/lospoliticosveracruz.com\/?p=17457#breadcrumb","itemListElement":[{"@type":"ListItem","position":1,"name":"Portada","item":"https:\/\/lospoliticosveracruz.com\/"},{"@type":"ListItem","position":2,"name":"Fidel Herrera, parte de red criminal"}]},{"@type":"WebSite","@id":"https:\/\/lospoliticosveracruz.com\/#website","url":"https:\/\/lospoliticosveracruz.com\/","name":"Los pol\u00edticos Veracruz","description":"","publisher":{"@id":"https:\/\/lospoliticosveracruz.com\/#organization"},"potentialAction":[{"@type":"SearchAction","target":{"@type":"EntryPoint","urlTemplate":"https:\/\/lospoliticosveracruz.com\/?s={search_term_string}"},"query-input":{"@type":"PropertyValueSpecification","valueRequired":true,"valueName":"search_term_string"}}],"inLanguage":"es"},{"@type":"Organization","@id":"https:\/\/lospoliticosveracruz.com\/#organization","name":"Los pol\u00edticos Veracruz","url":"https:\/\/lospoliticosveracruz.com\/","logo":{"@type":"ImageObject","inLanguage":"es","@id":"https:\/\/lospoliticosveracruz.com\/#\/schema\/logo\/image\/","url":"https:\/\/lospoliticosveracruz.com\/wp-content\/uploads\/2025\/12\/Logo-Nuevo-LOS-POLITICOS-1.jpg","contentUrl":"https:\/\/lospoliticosveracruz.com\/wp-content\/uploads\/2025\/12\/Logo-Nuevo-LOS-POLITICOS-1.jpg","width":260,"height":70,"caption":"Los pol\u00edticos Veracruz"},"image":{"@id":"https:\/\/lospoliticosveracruz.com\/#\/schema\/logo\/image\/"},"sameAs":["https:\/\/www.facebook.com\/people\/Notimemes-de-los-Polticos\/61565672886568\/","https:\/\/x.com\/LosPoliticosVer"]},{"@type":"Person","@id":"https:\/\/lospoliticosveracruz.com\/#\/schema\/person\/b8702bb0e538456e6efd07080bf2a4a2","name":"Lo viste en Los Pol\u00edticos","image":{"@type":"ImageObject","inLanguage":"es","@id":"https:\/\/secure.gravatar.com\/avatar\/3a8de04a2656d44082be478bd6c086daa447c4651605818287b9532d3d0bd435?s=96&d=mm&r=g","url":"https:\/\/secure.gravatar.com\/avatar\/3a8de04a2656d44082be478bd6c086daa447c4651605818287b9532d3d0bd435?s=96&d=mm&r=g","contentUrl":"https:\/\/secure.gravatar.com\/avatar\/3a8de04a2656d44082be478bd6c086daa447c4651605818287b9532d3d0bd435?s=96&d=mm&r=g","caption":"Lo viste en Los Pol\u00edticos"},"url":"https:\/\/lospoliticosveracruz.com\/?author=2"}]}},"_links":{"self":[{"href":"https:\/\/lospoliticosveracruz.com\/index.php?rest_route=\/wp\/v2\/posts\/17457","targetHints":{"allow":["GET"]}}],"collection":[{"href":"https:\/\/lospoliticosveracruz.com\/index.php?rest_route=\/wp\/v2\/posts"}],"about":[{"href":"https:\/\/lospoliticosveracruz.com\/index.php?rest_route=\/wp\/v2\/types\/post"}],"author":[{"embeddable":true,"href":"https:\/\/lospoliticosveracruz.com\/index.php?rest_route=\/wp\/v2\/users\/2"}],"replies":[{"embeddable":true,"href":"https:\/\/lospoliticosveracruz.com\/index.php?rest_route=%2Fwp%2Fv2%2Fcomments&post=17457"}],"version-history":[{"count":1,"href":"https:\/\/lospoliticosveracruz.com\/index.php?rest_route=\/wp\/v2\/posts\/17457\/revisions"}],"predecessor-version":[{"id":17458,"href":"https:\/\/lospoliticosveracruz.com\/index.php?rest_route=\/wp\/v2\/posts\/17457\/revisions\/17458"}],"wp:attachment":[{"href":"https:\/\/lospoliticosveracruz.com\/index.php?rest_route=%2Fwp%2Fv2%2Fmedia&parent=17457"}],"wp:term":[{"taxonomy":"category","embeddable":true,"href":"https:\/\/lospoliticosveracruz.com\/index.php?rest_route=%2Fwp%2Fv2%2Fcategories&post=17457"},{"taxonomy":"post_tag","embeddable":true,"href":"https:\/\/lospoliticosveracruz.com\/index.php?rest_route=%2Fwp%2Fv2%2Ftags&post=17457"}],"curies":[{"name":"wp","href":"https:\/\/api.w.org\/{rel}","templated":true}]}}