{"id":17462,"date":"2015-08-24T21:08:29","date_gmt":"2015-08-25T02:08:29","guid":{"rendered":"http:\/\/www.lospoliticosveracruz.com.mx\/?p=17462"},"modified":"2015-08-24T21:08:29","modified_gmt":"2015-08-25T02:08:29","slug":"contraloria-de-veracruz-el-negocio","status":"publish","type":"post","link":"https:\/\/lospoliticosveracruz.com\/?p=17462","title":{"rendered":"Contralor\u00eda de Veracruz: El Negocio"},"content":{"rendered":"<p><a href=\"http:\/\/www.lospoliticosveracruz.com.mx\/wp-content\/uploads\/2015\/06\/Ricardo-Garc\u00eda-Guzman.jpeg\"><img loading=\"lazy\" decoding=\"async\" class=\"alignnone size-medium wp-image-16618\" src=\"http:\/\/www.lospoliticosveracruz.com.mx\/wp-content\/uploads\/2015\/06\/Ricardo-Garc\u00eda-Guzman-300x144.jpeg\" alt=\"Ricardo Garc\u00eda Guzman\" width=\"300\" height=\"144\" \/><\/a><\/p>\n<p><strong>Claudia Guerrero Mart\u00ednez<\/strong><br \/>\n<em>Entre lo ut\u00f3pico y lo verdadero<\/em><\/p>\n<p>La metamorfosis de Ricardo Garc\u00eda Guzm\u00e1n no tiene l\u00edmites\u2026 De funcionario alemanista, a incondicional de Miguel \u00c1ngel Yunes Linares, para despu\u00e9s, ser cuestionado Alcalde panista por P\u00e1nuco\u2026 Mismo puesto, pocos a\u00f1os despu\u00e9s, oper\u00f3 las campa\u00f1as electorales para beneficio de su hijo, Ricardo Garc\u00eda Escalante, actual Alcalde de este municipio ubicado en el norte del Estado\u2026 Antes, en la administraci\u00f3n de Fidel Herrera Beltr\u00e1n, a Garc\u00eda Guzm\u00e1n le realizaron investigaci\u00f3n en su contra para ser desaforado como Presidente Municipal por P\u00e1nuco, con la venia del Congreso de Veracruz, al ser investigado por sus nexos con c\u00e9lulas delincuenciales, sin olvidar, desv\u00edos de recursos del erario municipal\u2026 Hoy, vuelve a ser el m\u00e1s pri\u00edsta duartista y como premio, lo designan Contralor General de Veracruz\u2026<\/p>\n<p>Y con \u00e9l, regresan las transas, la manipulaci\u00f3n de informaci\u00f3n, intimidaci\u00f3n por el manejo de datos y la contrataci\u00f3n de cuestionados despachos auditores\u2026 Le cuento, pero antes, debemos darle contexto a nuestra historia\u2026 En el cierre de la tortuosa administraci\u00f3n de Miguel Alem\u00e1n Velasco, llena de sinsabores y con enormes desv\u00edos de recursos, los mismos, gracias a ellos nace la empresa Interjet\u2026<\/p>\n<p>Para el cierre de la administraci\u00f3n alemanista, Ricardo Garc\u00eda Guzm\u00e1n contrat\u00f3 los servicios del despacho de la excontralora General de la Federaci\u00f3n en el sexenio de Carlos Salinas de Gortari, de nombre Mar\u00eda Elena V\u00e1zquez Nava, con el nombre fiscal \u201cDespacho V\u00e1zquez Nava y Consultores, SC\u201d\u2026 Este despacho cobra por \u201ccapacitar\u201d al personal para el cierre de administraci\u00f3n gubernamental, cuando para eso est\u00e1 la Contralor\u00eda Estatal\u2026 Para que se comprenda el grado de desverg\u00fcenza de \u00e9stas negociaciones, en \u00e9ste a\u00f1o administrativo se ha contratado dicho despacho para \u201cense\u00f1ar\u201d a cerrar la administraci\u00f3n estatal duartista\u2026 Y ah\u00ed inicia el negocio\u2026 El pago es de 20 millones de pesos y el 50 por ciento se le queda al propio titular de la Contralor\u00eda General de Veracruz\u2026 Y de todo esto, queremos que Ricardo Garc\u00eda Guzm\u00e1n d\u00e9 explicaciones del exorbitante pago a \u00e9ste despacho auditor, si s\u00f3lo es contratado como \u201cescuelita capacitadora\u201d para contadores de la propia Contralor\u00eda Estatal\u2026<\/p>\n<p>Peor\u2026 Garc\u00eda Guzm\u00e1n integra en la Contralor\u00eda de Veracruz a personajes oscuros, como el nuevo Contralor Interno de la Secretar\u00eda de Educaci\u00f3n en Veracruz\u2026 Nos referimos a Miguel Morales Robles, el mismo que en el 2012, fue detenido en Toluca, Estado de M\u00e9xico, por trasladar 25 millones de pesos en maletas, para presuntamente pagar artistas y representantes que asistir\u00edan al Carnaval de Veracruz, las Fiestas de la Candelaria y la Cumbre Taj\u00edn\u2026 Lo cierto: Las maletas voladoras fueron llevadas ex profeso para apoyar la campa\u00f1a presidencial de Enrique Pe\u00f1a Nieto\u2026 Y a\u00fan ante el esc\u00e1ndalo nacional, por el abuso y evasi\u00f3n fiscal federal evidente, aunado con la renuncia de Morales Robles a su puesto en SEFIPLAN, este caso qued\u00f3 en el limbo\u2026<\/p>\n<p>Hoy, a petici\u00f3n de Vicente Ben\u00edtez, Oficial Mayor de la SEV, su incondicional Miguel Morales es elegido para ocupar la Contralor\u00eda Interna en la SEV\u2026 Y con ello, se vislumbra una serie de desv\u00edos de recursos con la venia de Morales Robles, sin olvidar la intenci\u00f3n para lo que fue nombrado, pues su funci\u00f3n es el de ser un apagafuegos gubernamental\u2026<\/p>\n<p>Mientras, Ricardo Garc\u00eda Guzm\u00e1n visita Centros de Masaje y Spa para limpiezas y cuidar su piel, actividad que acostumbra como hobby\u2026 Lo indignante, es que la Contralor\u00eda General de Veracruz se ha convertido en agencia de colocaciones para cuestionados exfuncionarios, para hijos de servidores p\u00fablicos duartistas y hasta hijos de empresarios de medios de comunicaci\u00f3n, quienes son oficialistas por conveniencia\u2026<\/p>\n<p>Los conocedores de estos nombramientos, aseguran que la Contralor\u00eda Estatal se prepara para iniciar el \u201cA\u00f1o de Hidalgo\u201d, pues dentro de 12 meses, ya estar\u00e1 la entrega-recepci\u00f3n para la siguiente minigubernatura\u2026 Por eso, la urgencia de contratar al despacho V\u00e1zquez Nava y poner en dependencias estrat\u00e9gicas a incondicionales\u2026 Ag\u00e1rrense inteligentes lectores, pues viene el peor a\u00f1o\u2026<\/p>\n<p>Notita importante: Frases del d\u00eda en la conferencia matutina de este lunes, realizada por el dormido Gobernador de Veracruz, Javier Duarte de Ochoa&#8230;\u00bbLa Fiscal\u00eda General de Veracruz es un \u00f3rgano aut\u00f3nomo, no depende del Gobierno del Estado\u00bb. Otra: \u00abNo hay adeudo con la UV, se trata de un calendario\u00bb&#8230; Y las peores: \u00abEs muy f\u00e1cil explicar la deuda porque es p\u00fablica, lo expliqu\u00e9 con bolitas y palitos, no hay que confundir deuda p\u00fablica con ejercicio diario, es imposible determinar el flujo destinado para ello y se les va a pagar a todos los proveedores, como se les ha venido haciendo\u00bb&#8230; Para rematar:<br \/>\n\u00abPide Duarte a medios de comunicaci\u00f3n ser serios y no politizar esos temas\u00bb&#8230;Agradecemos a nuestro chambero de Palacio, quien sufre escuchando \u00e9stas sandeces y nos est\u00e1 informando en este momento&#8230;<\/p>\n","protected":false},"excerpt":{"rendered":"<p>Claudia Guerrero Mart\u00ednez Entre lo ut\u00f3pico y lo verdadero La metamorfosis de Ricardo Garc\u00eda Guzm\u00e1n no tiene l\u00edmites\u2026 De funcionario alemanista, a incondicional de Miguel \u00c1ngel Yunes Linares, para despu\u00e9s, ser cuestionado Alcalde panista por P\u00e1nuco\u2026 Mismo puesto, pocos a\u00f1os despu\u00e9s, oper\u00f3 las campa\u00f1as electorales para beneficio de su hijo, Ricardo Garc\u00eda Escalante, actual Alcalde [&hellip;]<\/p>\n","protected":false},"author":2,"featured_media":0,"comment_status":"open","ping_status":"open","sticky":false,"template":"","format":"standard","meta":{"tdm_status":"","tdm_grid_status":"","footnotes":""},"categories":[70],"tags":[410,3227,428,3228,1272],"class_list":{"0":"post-17462","1":"post","2":"type-post","3":"status-publish","4":"format-standard","6":"category-de-opinion","7":"tag-fidel-herrera-beltran","8":"tag-maria-elena-vazquez-nava","9":"tag-miguel-angel-yunes-linares","10":"tag-oficial-mayor-de-la-sev","11":"tag-ricardo-garcia-guzman"},"yoast_head":"<!-- This site is optimized with the Yoast SEO plugin v27.4 - https:\/\/yoast.com\/product\/yoast-seo-wordpress\/ -->\n<title>Contralor\u00eda de Veracruz: El Negocio - Los pol\u00edticos Veracruz<\/title>\n<meta name=\"robots\" content=\"index, follow, max-snippet:-1, max-image-preview:large, max-video-preview:-1\" \/>\n<link rel=\"canonical\" href=\"https:\/\/lospoliticosveracruz.com\/?p=17462\" \/>\n<meta property=\"og:locale\" content=\"es_ES\" \/>\n<meta property=\"og:type\" content=\"article\" \/>\n<meta property=\"og:title\" content=\"Contralor\u00eda de Veracruz: El Negocio - Los pol\u00edticos Veracruz\" \/>\n<meta property=\"og:description\" content=\"Claudia Guerrero Mart\u00ednez Entre lo ut\u00f3pico y lo verdadero La metamorfosis de Ricardo Garc\u00eda Guzm\u00e1n no tiene l\u00edmites\u2026 De funcionario alemanista, a incondicional de Miguel \u00c1ngel Yunes Linares, para despu\u00e9s, ser cuestionado Alcalde panista por P\u00e1nuco\u2026 Mismo puesto, pocos a\u00f1os despu\u00e9s, oper\u00f3 las campa\u00f1as electorales para beneficio de su hijo, Ricardo Garc\u00eda Escalante, actual Alcalde [&hellip;]\" \/>\n<meta property=\"og:url\" content=\"https:\/\/lospoliticosveracruz.com\/?p=17462\" \/>\n<meta property=\"og:site_name\" content=\"Los pol\u00edticos Veracruz\" \/>\n<meta property=\"article:publisher\" content=\"https:\/\/www.facebook.com\/people\/Notimemes-de-los-Polticos\/61565672886568\/\" \/>\n<meta property=\"article:published_time\" content=\"2015-08-25T02:08:29+00:00\" \/>\n<meta property=\"og:image\" content=\"https:\/\/lospoliticosveracruz.com\/wp-content\/uploads\/2016\/07\/Logo-Dor.jpg\" \/>\n\t<meta property=\"og:image:width\" content=\"200\" \/>\n\t<meta property=\"og:image:height\" content=\"200\" \/>\n\t<meta property=\"og:image:type\" content=\"image\/jpeg\" \/>\n<meta name=\"author\" content=\"Lo viste en Los Pol\u00edticos\" \/>\n<meta name=\"twitter:card\" content=\"summary_large_image\" \/>\n<meta name=\"twitter:creator\" content=\"@LosPoliticosVer\" \/>\n<meta name=\"twitter:site\" content=\"@LosPoliticosVer\" \/>\n<meta name=\"twitter:label1\" content=\"Escrito por\" \/>\n\t<meta name=\"twitter:data1\" content=\"Lo viste en Los Pol\u00edticos\" \/>\n\t<meta name=\"twitter:label2\" content=\"Tiempo de lectura\" \/>\n\t<meta name=\"twitter:data2\" content=\"4 minutos\" \/>\n<script type=\"application\/ld+json\" class=\"yoast-schema-graph\">{\"@context\":\"https:\\\/\\\/schema.org\",\"@graph\":[{\"@type\":\"Article\",\"@id\":\"https:\\\/\\\/lospoliticosveracruz.com\\\/?p=17462#article\",\"isPartOf\":{\"@id\":\"https:\\\/\\\/lospoliticosveracruz.com\\\/?p=17462\"},\"author\":{\"name\":\"Lo viste en Los Pol\u00edticos\",\"@id\":\"https:\\\/\\\/lospoliticosveracruz.com\\\/#\\\/schema\\\/person\\\/b8702bb0e538456e6efd07080bf2a4a2\"},\"headline\":\"Contralor\u00eda de Veracruz: El Negocio\",\"datePublished\":\"2015-08-25T02:08:29+00:00\",\"mainEntityOfPage\":{\"@id\":\"https:\\\/\\\/lospoliticosveracruz.com\\\/?p=17462\"},\"wordCount\":866,\"commentCount\":0,\"publisher\":{\"@id\":\"https:\\\/\\\/lospoliticosveracruz.com\\\/#organization\"},\"keywords\":[\"Fidel Herrera Beltr\u00e1n\",\"Mar\u00eda Elena V\u00e1zquez Nava\",\"Miguel Angel Yunes Linares\",\"Oficial Mayor de la SEV\",\"Ricardo Garc\u00eda Guzm\u00e1n\"],\"articleSection\":[\"De Opini\u00f3n\"],\"inLanguage\":\"es\",\"potentialAction\":[{\"@type\":\"CommentAction\",\"name\":\"Comment\",\"target\":[\"https:\\\/\\\/lospoliticosveracruz.com\\\/?p=17462#respond\"]}]},{\"@type\":\"WebPage\",\"@id\":\"https:\\\/\\\/lospoliticosveracruz.com\\\/?p=17462\",\"url\":\"https:\\\/\\\/lospoliticosveracruz.com\\\/?p=17462\",\"name\":\"Contralor\u00eda de Veracruz: El Negocio - Los pol\u00edticos Veracruz\",\"isPartOf\":{\"@id\":\"https:\\\/\\\/lospoliticosveracruz.com\\\/#website\"},\"datePublished\":\"2015-08-25T02:08:29+00:00\",\"breadcrumb\":{\"@id\":\"https:\\\/\\\/lospoliticosveracruz.com\\\/?p=17462#breadcrumb\"},\"inLanguage\":\"es\",\"potentialAction\":[{\"@type\":\"ReadAction\",\"target\":[\"https:\\\/\\\/lospoliticosveracruz.com\\\/?p=17462\"]}]},{\"@type\":\"BreadcrumbList\",\"@id\":\"https:\\\/\\\/lospoliticosveracruz.com\\\/?p=17462#breadcrumb\",\"itemListElement\":[{\"@type\":\"ListItem\",\"position\":1,\"name\":\"Portada\",\"item\":\"https:\\\/\\\/lospoliticosveracruz.com\\\/\"},{\"@type\":\"ListItem\",\"position\":2,\"name\":\"Contralor\u00eda de Veracruz: El Negocio\"}]},{\"@type\":\"WebSite\",\"@id\":\"https:\\\/\\\/lospoliticosveracruz.com\\\/#website\",\"url\":\"https:\\\/\\\/lospoliticosveracruz.com\\\/\",\"name\":\"Los pol\u00edticos Veracruz\",\"description\":\"\",\"publisher\":{\"@id\":\"https:\\\/\\\/lospoliticosveracruz.com\\\/#organization\"},\"potentialAction\":[{\"@type\":\"SearchAction\",\"target\":{\"@type\":\"EntryPoint\",\"urlTemplate\":\"https:\\\/\\\/lospoliticosveracruz.com\\\/?s={search_term_string}\"},\"query-input\":{\"@type\":\"PropertyValueSpecification\",\"valueRequired\":true,\"valueName\":\"search_term_string\"}}],\"inLanguage\":\"es\"},{\"@type\":\"Organization\",\"@id\":\"https:\\\/\\\/lospoliticosveracruz.com\\\/#organization\",\"name\":\"Los pol\u00edticos Veracruz\",\"url\":\"https:\\\/\\\/lospoliticosveracruz.com\\\/\",\"logo\":{\"@type\":\"ImageObject\",\"inLanguage\":\"es\",\"@id\":\"https:\\\/\\\/lospoliticosveracruz.com\\\/#\\\/schema\\\/logo\\\/image\\\/\",\"url\":\"https:\\\/\\\/lospoliticosveracruz.com\\\/wp-content\\\/uploads\\\/2025\\\/12\\\/Logo-Nuevo-LOS-POLITICOS-1.jpg\",\"contentUrl\":\"https:\\\/\\\/lospoliticosveracruz.com\\\/wp-content\\\/uploads\\\/2025\\\/12\\\/Logo-Nuevo-LOS-POLITICOS-1.jpg\",\"width\":260,\"height\":70,\"caption\":\"Los pol\u00edticos Veracruz\"},\"image\":{\"@id\":\"https:\\\/\\\/lospoliticosveracruz.com\\\/#\\\/schema\\\/logo\\\/image\\\/\"},\"sameAs\":[\"https:\\\/\\\/www.facebook.com\\\/people\\\/Notimemes-de-los-Polticos\\\/61565672886568\\\/\",\"https:\\\/\\\/x.com\\\/LosPoliticosVer\"]},{\"@type\":\"Person\",\"@id\":\"https:\\\/\\\/lospoliticosveracruz.com\\\/#\\\/schema\\\/person\\\/b8702bb0e538456e6efd07080bf2a4a2\",\"name\":\"Lo viste en Los Pol\u00edticos\",\"image\":{\"@type\":\"ImageObject\",\"inLanguage\":\"es\",\"@id\":\"https:\\\/\\\/secure.gravatar.com\\\/avatar\\\/3a8de04a2656d44082be478bd6c086daa447c4651605818287b9532d3d0bd435?s=96&d=mm&r=g\",\"url\":\"https:\\\/\\\/secure.gravatar.com\\\/avatar\\\/3a8de04a2656d44082be478bd6c086daa447c4651605818287b9532d3d0bd435?s=96&d=mm&r=g\",\"contentUrl\":\"https:\\\/\\\/secure.gravatar.com\\\/avatar\\\/3a8de04a2656d44082be478bd6c086daa447c4651605818287b9532d3d0bd435?s=96&d=mm&r=g\",\"caption\":\"Lo viste en Los Pol\u00edticos\"},\"url\":\"https:\\\/\\\/lospoliticosveracruz.com\\\/?author=2\"}]}<\/script>\n<!-- \/ Yoast SEO plugin. -->","yoast_head_json":{"title":"Contralor\u00eda de Veracruz: El Negocio - Los pol\u00edticos Veracruz","robots":{"index":"index","follow":"follow","max-snippet":"max-snippet:-1","max-image-preview":"max-image-preview:large","max-video-preview":"max-video-preview:-1"},"canonical":"https:\/\/lospoliticosveracruz.com\/?p=17462","og_locale":"es_ES","og_type":"article","og_title":"Contralor\u00eda de Veracruz: El Negocio - Los pol\u00edticos Veracruz","og_description":"Claudia Guerrero Mart\u00ednez Entre lo ut\u00f3pico y lo verdadero La metamorfosis de Ricardo Garc\u00eda Guzm\u00e1n no tiene l\u00edmites\u2026 De funcionario alemanista, a incondicional de Miguel \u00c1ngel Yunes Linares, para despu\u00e9s, ser cuestionado Alcalde panista por P\u00e1nuco\u2026 Mismo puesto, pocos a\u00f1os despu\u00e9s, oper\u00f3 las campa\u00f1as electorales para beneficio de su hijo, Ricardo Garc\u00eda Escalante, actual Alcalde [&hellip;]","og_url":"https:\/\/lospoliticosveracruz.com\/?p=17462","og_site_name":"Los pol\u00edticos Veracruz","article_publisher":"https:\/\/www.facebook.com\/people\/Notimemes-de-los-Polticos\/61565672886568\/","article_published_time":"2015-08-25T02:08:29+00:00","og_image":[{"width":200,"height":200,"url":"https:\/\/lospoliticosveracruz.com\/wp-content\/uploads\/2016\/07\/Logo-Dor.jpg","type":"image\/jpeg"}],"author":"Lo viste en Los Pol\u00edticos","twitter_card":"summary_large_image","twitter_creator":"@LosPoliticosVer","twitter_site":"@LosPoliticosVer","twitter_misc":{"Escrito por":"Lo viste en Los Pol\u00edticos","Tiempo de lectura":"4 minutos"},"schema":{"@context":"https:\/\/schema.org","@graph":[{"@type":"Article","@id":"https:\/\/lospoliticosveracruz.com\/?p=17462#article","isPartOf":{"@id":"https:\/\/lospoliticosveracruz.com\/?p=17462"},"author":{"name":"Lo viste en Los Pol\u00edticos","@id":"https:\/\/lospoliticosveracruz.com\/#\/schema\/person\/b8702bb0e538456e6efd07080bf2a4a2"},"headline":"Contralor\u00eda de Veracruz: El Negocio","datePublished":"2015-08-25T02:08:29+00:00","mainEntityOfPage":{"@id":"https:\/\/lospoliticosveracruz.com\/?p=17462"},"wordCount":866,"commentCount":0,"publisher":{"@id":"https:\/\/lospoliticosveracruz.com\/#organization"},"keywords":["Fidel Herrera Beltr\u00e1n","Mar\u00eda Elena V\u00e1zquez Nava","Miguel Angel Yunes Linares","Oficial Mayor de la SEV","Ricardo Garc\u00eda Guzm\u00e1n"],"articleSection":["De Opini\u00f3n"],"inLanguage":"es","potentialAction":[{"@type":"CommentAction","name":"Comment","target":["https:\/\/lospoliticosveracruz.com\/?p=17462#respond"]}]},{"@type":"WebPage","@id":"https:\/\/lospoliticosveracruz.com\/?p=17462","url":"https:\/\/lospoliticosveracruz.com\/?p=17462","name":"Contralor\u00eda de Veracruz: El Negocio - Los pol\u00edticos Veracruz","isPartOf":{"@id":"https:\/\/lospoliticosveracruz.com\/#website"},"datePublished":"2015-08-25T02:08:29+00:00","breadcrumb":{"@id":"https:\/\/lospoliticosveracruz.com\/?p=17462#breadcrumb"},"inLanguage":"es","potentialAction":[{"@type":"ReadAction","target":["https:\/\/lospoliticosveracruz.com\/?p=17462"]}]},{"@type":"BreadcrumbList","@id":"https:\/\/lospoliticosveracruz.com\/?p=17462#breadcrumb","itemListElement":[{"@type":"ListItem","position":1,"name":"Portada","item":"https:\/\/lospoliticosveracruz.com\/"},{"@type":"ListItem","position":2,"name":"Contralor\u00eda de Veracruz: El Negocio"}]},{"@type":"WebSite","@id":"https:\/\/lospoliticosveracruz.com\/#website","url":"https:\/\/lospoliticosveracruz.com\/","name":"Los pol\u00edticos Veracruz","description":"","publisher":{"@id":"https:\/\/lospoliticosveracruz.com\/#organization"},"potentialAction":[{"@type":"SearchAction","target":{"@type":"EntryPoint","urlTemplate":"https:\/\/lospoliticosveracruz.com\/?s={search_term_string}"},"query-input":{"@type":"PropertyValueSpecification","valueRequired":true,"valueName":"search_term_string"}}],"inLanguage":"es"},{"@type":"Organization","@id":"https:\/\/lospoliticosveracruz.com\/#organization","name":"Los pol\u00edticos Veracruz","url":"https:\/\/lospoliticosveracruz.com\/","logo":{"@type":"ImageObject","inLanguage":"es","@id":"https:\/\/lospoliticosveracruz.com\/#\/schema\/logo\/image\/","url":"https:\/\/lospoliticosveracruz.com\/wp-content\/uploads\/2025\/12\/Logo-Nuevo-LOS-POLITICOS-1.jpg","contentUrl":"https:\/\/lospoliticosveracruz.com\/wp-content\/uploads\/2025\/12\/Logo-Nuevo-LOS-POLITICOS-1.jpg","width":260,"height":70,"caption":"Los pol\u00edticos Veracruz"},"image":{"@id":"https:\/\/lospoliticosveracruz.com\/#\/schema\/logo\/image\/"},"sameAs":["https:\/\/www.facebook.com\/people\/Notimemes-de-los-Polticos\/61565672886568\/","https:\/\/x.com\/LosPoliticosVer"]},{"@type":"Person","@id":"https:\/\/lospoliticosveracruz.com\/#\/schema\/person\/b8702bb0e538456e6efd07080bf2a4a2","name":"Lo viste en Los Pol\u00edticos","image":{"@type":"ImageObject","inLanguage":"es","@id":"https:\/\/secure.gravatar.com\/avatar\/3a8de04a2656d44082be478bd6c086daa447c4651605818287b9532d3d0bd435?s=96&d=mm&r=g","url":"https:\/\/secure.gravatar.com\/avatar\/3a8de04a2656d44082be478bd6c086daa447c4651605818287b9532d3d0bd435?s=96&d=mm&r=g","contentUrl":"https:\/\/secure.gravatar.com\/avatar\/3a8de04a2656d44082be478bd6c086daa447c4651605818287b9532d3d0bd435?s=96&d=mm&r=g","caption":"Lo viste en Los Pol\u00edticos"},"url":"https:\/\/lospoliticosveracruz.com\/?author=2"}]}},"_links":{"self":[{"href":"https:\/\/lospoliticosveracruz.com\/index.php?rest_route=\/wp\/v2\/posts\/17462","targetHints":{"allow":["GET"]}}],"collection":[{"href":"https:\/\/lospoliticosveracruz.com\/index.php?rest_route=\/wp\/v2\/posts"}],"about":[{"href":"https:\/\/lospoliticosveracruz.com\/index.php?rest_route=\/wp\/v2\/types\/post"}],"author":[{"embeddable":true,"href":"https:\/\/lospoliticosveracruz.com\/index.php?rest_route=\/wp\/v2\/users\/2"}],"replies":[{"embeddable":true,"href":"https:\/\/lospoliticosveracruz.com\/index.php?rest_route=%2Fwp%2Fv2%2Fcomments&post=17462"}],"version-history":[{"count":1,"href":"https:\/\/lospoliticosveracruz.com\/index.php?rest_route=\/wp\/v2\/posts\/17462\/revisions"}],"predecessor-version":[{"id":17463,"href":"https:\/\/lospoliticosveracruz.com\/index.php?rest_route=\/wp\/v2\/posts\/17462\/revisions\/17463"}],"wp:attachment":[{"href":"https:\/\/lospoliticosveracruz.com\/index.php?rest_route=%2Fwp%2Fv2%2Fmedia&parent=17462"}],"wp:term":[{"taxonomy":"category","embeddable":true,"href":"https:\/\/lospoliticosveracruz.com\/index.php?rest_route=%2Fwp%2Fv2%2Fcategories&post=17462"},{"taxonomy":"post_tag","embeddable":true,"href":"https:\/\/lospoliticosveracruz.com\/index.php?rest_route=%2Fwp%2Fv2%2Ftags&post=17462"}],"curies":[{"name":"wp","href":"https:\/\/api.w.org\/{rel}","templated":true}]}}