{"id":17480,"date":"2015-08-25T21:41:22","date_gmt":"2015-08-26T02:41:22","guid":{"rendered":"http:\/\/www.lospoliticosveracruz.com.mx\/?p=17480"},"modified":"2015-08-25T21:41:22","modified_gmt":"2015-08-26T02:41:22","slug":"reestructurar-la-deuda","status":"publish","type":"post","link":"https:\/\/lospoliticosveracruz.com\/?p=17480","title":{"rendered":"Reestructurar la deuda"},"content":{"rendered":"<p><a href=\"http:\/\/www.lospoliticosveracruz.com.mx\/wp-content\/uploads\/2015\/08\/G\u00f3mez-pelegr\u00edn.jpg\"><img loading=\"lazy\" decoding=\"async\" class=\"alignnone size-medium wp-image-17481\" src=\"http:\/\/www.lospoliticosveracruz.com.mx\/wp-content\/uploads\/2015\/08\/G\u00f3mez-pelegr\u00edn-300x203.jpg\" alt=\"G\u00f3mez pelegr\u00edn\" width=\"300\" height=\"203\" \/><\/a><br \/>\n<strong>Salvador Mu\u00f1oz<\/strong><\/p>\n<p><em>Los Pol\u00edticos<\/em><\/p>\n<p>Entiendo a Antonio G\u00f3mez Pelegr\u00edn a la perfecci\u00f3n\u2026 a m\u00ed tambi\u00e9n me hacen sufrir los escalones de palacio de Gobierno. Y tambi\u00e9n creo entender lo que piensa sobre la deuda p\u00fablica del Gobierno estatal cuando los movimientos en la bolsa y en ese d\u00f3lar que amenaza con alcanzar m\u00e1s pronto los 18 que la sequ\u00eda del Cruz Azul, podr\u00edan hacer que las tasas de inter\u00e9s del pasivo estatal se disparen. Por eso, dice, se estudia la reestructuraci\u00f3n de la deuda sin generar m\u00e1s deuda y sin que los intereses se incrementen.<br \/>\nII<br \/>\nLlega a Palacio de Gobierno con prisa\u2026 al parecer lo llama el Gobernador y por ello, agarra a zancadas las escaleras, y atr\u00e1s de \u00e9l, yo. No alcanza a llegar a la Particular del Gobernador y detiene su paso\u2026 un tanto porque se sofoca, jala aire; otro tanto, porque ya lo agarra un reportero\u2026 yo, con paso cansino, v\u00edctima de un dolor de rodilla y la necesidad de un tanque de aire, avanzo poquito a poco\u2026 \u00a1y tambi\u00e9n jalo aire!<br \/>\nPor la ma\u00f1ana, el titular de Finanzas y el secretario de Gobierno, anduvieron muy melodiosos\u2026 bueno, c\u00f3mo no estarlo con m\u00fasicos que demandan pagos por servicios prestados por un \u00e1rea de Gobierno del Estado\u2026 creo que es la Junta de Mejoras.<br \/>\nSi bien reconoce G\u00f3mez Pelegr\u00edn que en Sefiplan no hay requerimiento de pago para los m\u00fasicos, pues los mandaban directamente del \u00e1rea de Gobierno que requer\u00eda sus servicios para fiestas municipales, igual se analiza el problema para regularizar su asunto y pagarles; dice que espera la semana entrante poder hacerlo.<br \/>\nEn el caso de los m\u00fasicos, se habla de diez o doce millones de pesos lo que se debe, aunque falta ver que procedan todos los pagos.<br \/>\nIII<br \/>\nSe le cuestiona a G\u00f3mez Pelegr\u00edn por las quejas de quienes reclaman adeudos pendientes. Cita al grupo de los de 65 y M\u00e1s, \u00fanico pago en \u201cStand by\u201d, pues explica que hay padr\u00f3n de alrededor de 35 mil personas con este beneficio, pero muchas de ellas tambi\u00e9n est\u00e1n consideradas en Sedesol, son pensionados del IMSS, pensionados del IPE, de Pemex, o de otra dependencia. Entonces, con base a la normatividad, no se puede pagar por duplicado el apoyo de 65 y M\u00e1s.<br \/>\nCuenta el secretario de Finanzas que al tener el cruce total del padr\u00f3n, se podr\u00e1 determinar a qui\u00e9nes s\u00ed les corresponde el derecho de recibir tal apoyo. Se espera que la semana que entra, se tenga el padr\u00f3n totalmente depurado y entonces dar lo justo a cada beneficiado.<br \/>\nIV<br \/>\n\u00bfY la deuda? Se le recuerda que Javier Duarte de Ochoa se comprometi\u00f3 a no dejar adeudos al t\u00e9rmino de su administraci\u00f3n, a lo que de manera inmediata ataja con dos puntos:<br \/>\n1.- \u201cLa deuda p\u00fablica asciende a 44 mil millones de pesos; de los cuales, 38 mil son deuda p\u00fablica directa del gobierno del estado, y el resto, corresponden a una deuda que se llama Cup\u00f3n Cero, que no est\u00e1 a cargo de gobierno del estado, que la asume el gobierno federal pero que el estado paga los intereses de ella. Est\u00e1 manejado en los tiempos que se hizo la negociaci\u00f3n; no necesariamente se tiene que pagar al t\u00e9rmino de la administraci\u00f3n, sino en los tiempos programados, pactados y aprobados por la legislatura\u201d.<br \/>\n2.- Hay otra parte, que se llama el Pasivo Circulante, lo que se debe a proveedores, contratistas, empresarios, m\u00fasicos\u2026 todos\u2026 \u201cson alrededor de 3 mil millones de pesos, que se van modificando d\u00eda con d\u00eda, porque se van pagando&#8230; hay gente que se queja y otros que saben que vamos pagando&#8230; el compromiso del Gobernador es dejar saldado todo este pasivo circulante por lo que se est\u00e1 viendo y tomando las medidas por parte de Finanzas, para cumplir este compromiso que hizo el Gobernador\u201d.<br \/>\nV<br \/>\n\u00bfY la reestructuraci\u00f3n de la deuda? Digo, porque cada quien \u201creestructura\u201d la deuda del Gobierno estatal como quiere\u2026 por un lado, est\u00e1 la cifra de Pepe Yunes, quien dice que es de 80 mil mdp; por otro lado est\u00e1 la de H\u00e9ctor Yunes, quien ya la mand\u00f3 a bailar una danza de cifras que van desde 50 mil, 80 mil y hasta 104 mil millones de pesos, pero lo que dice G\u00f3mez Pelegr\u00edn es de preocupar, cuando la situaci\u00f3n financiera del mundo y del pa\u00eds tienen al d\u00f3lar rayando a veces los 18 pesos, lo que implica que las tasas de inter\u00e9s de cualquier punto del mundo crezcan. Por ello, \u201cparte de la instrucci\u00f3n que nos dio el Gobernador fue analizar una posible reestructuraci\u00f3n de la deuda, pero no porque no se tenga capacidad de pago\u201d.<br \/>\nLa deuda p\u00fablica se maneja a tasas de inter\u00e9s. Los intereses son movibles. \u201cLos problemas del incremento de las tasas de inter\u00e9s a nivel Estados Unidos van a generar un incremento en las tasas de inter\u00e9s a nivel local, y la preocupaci\u00f3n del Gobernador es blindar las finanzas p\u00fablicas, las finanzas del estado, blindar la deuda p\u00fablica, para buscar si es conveniente en un momento dado, mejorar las condiciones de la deuda p\u00fablica de Veracruz, y aprovechando la cobertura de la nueva Ley de Deuda P\u00fablica, tomar a la Federaci\u00f3n como aval\u201d.<br \/>\nVI<br \/>\nEn pocas palabras, y resumiendo tras haber recuperado el aire (yo, no G\u00f3mez Pelegr\u00edn que es claro, tiene m\u00e1s pulmones que quien escribe): Habr\u00e1 pago a m\u00fasicos; pago a los de 70 y M\u00e1s previo Padr\u00f3n pasado por cernidor; la deuda p\u00fablica es factible de reestructurar con menores tasas de inter\u00e9s; la deuda no es de 104 mil, 80 mil, sino de 44 mil millones de pesos\u2026 \u00a1ah! y se pagar\u00e1 todo el pasivo circulante, de acuerdo al compromiso del Gobernador que en buen cristiano, parece ser una buena noticia para los medios, claro, siempre y cuando tengan los \u201ctestigos\u201d a la mano y tambi\u00e9n hayan reestructurado su deuda con Juan Octavio Pav\u00f3n, el de Comunicaci\u00f3n Social, bajo el epitafio de que \u201cde lo perdido \u00a1lo que aparezca!\u201d<\/p>\n<p>smcainito@gmail.com<\/p>\n","protected":false},"excerpt":{"rendered":"<p>Salvador Mu\u00f1oz Los Pol\u00edticos Entiendo a Antonio G\u00f3mez Pelegr\u00edn a la perfecci\u00f3n\u2026 a m\u00ed tambi\u00e9n me hacen sufrir los escalones de palacio de Gobierno. Y tambi\u00e9n creo entender lo que piensa sobre la deuda p\u00fablica del Gobierno estatal cuando los movimientos en la bolsa y en ese d\u00f3lar que amenaza con alcanzar m\u00e1s pronto los [&hellip;]<\/p>\n","protected":false},"author":2,"featured_media":0,"comment_status":"open","ping_status":"open","sticky":false,"template":"","format":"standard","meta":{"tdm_status":"","tdm_grid_status":"","footnotes":""},"categories":[70],"tags":[595,195],"class_list":{"0":"post-17480","1":"post","2":"type-post","3":"status-publish","4":"format-standard","6":"category-de-opinion","7":"tag-deuda","8":"tag-veracruz"},"yoast_head":"<!-- This site is optimized with the Yoast SEO plugin v27.4 - https:\/\/yoast.com\/product\/yoast-seo-wordpress\/ -->\n<title>Reestructurar la deuda - Los pol\u00edticos Veracruz<\/title>\n<meta name=\"robots\" content=\"index, follow, max-snippet:-1, max-image-preview:large, max-video-preview:-1\" \/>\n<link rel=\"canonical\" href=\"https:\/\/lospoliticosveracruz.com\/?p=17480\" \/>\n<meta property=\"og:locale\" content=\"es_ES\" \/>\n<meta property=\"og:type\" content=\"article\" \/>\n<meta property=\"og:title\" content=\"Reestructurar la deuda - Los pol\u00edticos Veracruz\" \/>\n<meta property=\"og:description\" content=\"Salvador Mu\u00f1oz Los Pol\u00edticos Entiendo a Antonio G\u00f3mez Pelegr\u00edn a la perfecci\u00f3n\u2026 a m\u00ed tambi\u00e9n me hacen sufrir los escalones de palacio de Gobierno. Y tambi\u00e9n creo entender lo que piensa sobre la deuda p\u00fablica del Gobierno estatal cuando los movimientos en la bolsa y en ese d\u00f3lar que amenaza con alcanzar m\u00e1s pronto los [&hellip;]\" \/>\n<meta property=\"og:url\" content=\"https:\/\/lospoliticosveracruz.com\/?p=17480\" \/>\n<meta property=\"og:site_name\" content=\"Los pol\u00edticos Veracruz\" \/>\n<meta property=\"article:publisher\" content=\"https:\/\/www.facebook.com\/people\/Notimemes-de-los-Polticos\/61565672886568\/\" \/>\n<meta property=\"article:published_time\" content=\"2015-08-26T02:41:22+00:00\" \/>\n<meta property=\"og:image\" content=\"https:\/\/lospoliticosveracruz.com\/wp-content\/uploads\/2016\/07\/Logo-Dor.jpg\" \/>\n\t<meta property=\"og:image:width\" content=\"200\" \/>\n\t<meta property=\"og:image:height\" content=\"200\" \/>\n\t<meta property=\"og:image:type\" content=\"image\/jpeg\" \/>\n<meta name=\"author\" content=\"Lo viste en Los Pol\u00edticos\" \/>\n<meta name=\"twitter:card\" content=\"summary_large_image\" \/>\n<meta name=\"twitter:creator\" content=\"@LosPoliticosVer\" \/>\n<meta name=\"twitter:site\" content=\"@LosPoliticosVer\" \/>\n<meta name=\"twitter:label1\" content=\"Escrito por\" \/>\n\t<meta name=\"twitter:data1\" content=\"Lo viste en Los Pol\u00edticos\" \/>\n\t<meta name=\"twitter:label2\" content=\"Tiempo de lectura\" \/>\n\t<meta name=\"twitter:data2\" content=\"5 minutos\" \/>\n<script type=\"application\/ld+json\" class=\"yoast-schema-graph\">{\"@context\":\"https:\\\/\\\/schema.org\",\"@graph\":[{\"@type\":\"Article\",\"@id\":\"https:\\\/\\\/lospoliticosveracruz.com\\\/?p=17480#article\",\"isPartOf\":{\"@id\":\"https:\\\/\\\/lospoliticosveracruz.com\\\/?p=17480\"},\"author\":{\"name\":\"Lo viste en Los Pol\u00edticos\",\"@id\":\"https:\\\/\\\/lospoliticosveracruz.com\\\/#\\\/schema\\\/person\\\/b8702bb0e538456e6efd07080bf2a4a2\"},\"headline\":\"Reestructurar la deuda\",\"datePublished\":\"2015-08-26T02:41:22+00:00\",\"mainEntityOfPage\":{\"@id\":\"https:\\\/\\\/lospoliticosveracruz.com\\\/?p=17480\"},\"wordCount\":1060,\"commentCount\":0,\"publisher\":{\"@id\":\"https:\\\/\\\/lospoliticosveracruz.com\\\/#organization\"},\"keywords\":[\"deuda\",\"Veracruz\"],\"articleSection\":[\"De Opini\u00f3n\"],\"inLanguage\":\"es\",\"potentialAction\":[{\"@type\":\"CommentAction\",\"name\":\"Comment\",\"target\":[\"https:\\\/\\\/lospoliticosveracruz.com\\\/?p=17480#respond\"]}]},{\"@type\":\"WebPage\",\"@id\":\"https:\\\/\\\/lospoliticosveracruz.com\\\/?p=17480\",\"url\":\"https:\\\/\\\/lospoliticosveracruz.com\\\/?p=17480\",\"name\":\"Reestructurar la deuda - Los pol\u00edticos Veracruz\",\"isPartOf\":{\"@id\":\"https:\\\/\\\/lospoliticosveracruz.com\\\/#website\"},\"datePublished\":\"2015-08-26T02:41:22+00:00\",\"breadcrumb\":{\"@id\":\"https:\\\/\\\/lospoliticosveracruz.com\\\/?p=17480#breadcrumb\"},\"inLanguage\":\"es\",\"potentialAction\":[{\"@type\":\"ReadAction\",\"target\":[\"https:\\\/\\\/lospoliticosveracruz.com\\\/?p=17480\"]}]},{\"@type\":\"BreadcrumbList\",\"@id\":\"https:\\\/\\\/lospoliticosveracruz.com\\\/?p=17480#breadcrumb\",\"itemListElement\":[{\"@type\":\"ListItem\",\"position\":1,\"name\":\"Portada\",\"item\":\"https:\\\/\\\/lospoliticosveracruz.com\\\/\"},{\"@type\":\"ListItem\",\"position\":2,\"name\":\"Reestructurar la deuda\"}]},{\"@type\":\"WebSite\",\"@id\":\"https:\\\/\\\/lospoliticosveracruz.com\\\/#website\",\"url\":\"https:\\\/\\\/lospoliticosveracruz.com\\\/\",\"name\":\"Los pol\u00edticos Veracruz\",\"description\":\"\",\"publisher\":{\"@id\":\"https:\\\/\\\/lospoliticosveracruz.com\\\/#organization\"},\"potentialAction\":[{\"@type\":\"SearchAction\",\"target\":{\"@type\":\"EntryPoint\",\"urlTemplate\":\"https:\\\/\\\/lospoliticosveracruz.com\\\/?s={search_term_string}\"},\"query-input\":{\"@type\":\"PropertyValueSpecification\",\"valueRequired\":true,\"valueName\":\"search_term_string\"}}],\"inLanguage\":\"es\"},{\"@type\":\"Organization\",\"@id\":\"https:\\\/\\\/lospoliticosveracruz.com\\\/#organization\",\"name\":\"Los pol\u00edticos Veracruz\",\"url\":\"https:\\\/\\\/lospoliticosveracruz.com\\\/\",\"logo\":{\"@type\":\"ImageObject\",\"inLanguage\":\"es\",\"@id\":\"https:\\\/\\\/lospoliticosveracruz.com\\\/#\\\/schema\\\/logo\\\/image\\\/\",\"url\":\"https:\\\/\\\/lospoliticosveracruz.com\\\/wp-content\\\/uploads\\\/2025\\\/12\\\/Logo-Nuevo-LOS-POLITICOS-1.jpg\",\"contentUrl\":\"https:\\\/\\\/lospoliticosveracruz.com\\\/wp-content\\\/uploads\\\/2025\\\/12\\\/Logo-Nuevo-LOS-POLITICOS-1.jpg\",\"width\":260,\"height\":70,\"caption\":\"Los pol\u00edticos Veracruz\"},\"image\":{\"@id\":\"https:\\\/\\\/lospoliticosveracruz.com\\\/#\\\/schema\\\/logo\\\/image\\\/\"},\"sameAs\":[\"https:\\\/\\\/www.facebook.com\\\/people\\\/Notimemes-de-los-Polticos\\\/61565672886568\\\/\",\"https:\\\/\\\/x.com\\\/LosPoliticosVer\"]},{\"@type\":\"Person\",\"@id\":\"https:\\\/\\\/lospoliticosveracruz.com\\\/#\\\/schema\\\/person\\\/b8702bb0e538456e6efd07080bf2a4a2\",\"name\":\"Lo viste en Los Pol\u00edticos\",\"image\":{\"@type\":\"ImageObject\",\"inLanguage\":\"es\",\"@id\":\"https:\\\/\\\/secure.gravatar.com\\\/avatar\\\/3a8de04a2656d44082be478bd6c086daa447c4651605818287b9532d3d0bd435?s=96&d=mm&r=g\",\"url\":\"https:\\\/\\\/secure.gravatar.com\\\/avatar\\\/3a8de04a2656d44082be478bd6c086daa447c4651605818287b9532d3d0bd435?s=96&d=mm&r=g\",\"contentUrl\":\"https:\\\/\\\/secure.gravatar.com\\\/avatar\\\/3a8de04a2656d44082be478bd6c086daa447c4651605818287b9532d3d0bd435?s=96&d=mm&r=g\",\"caption\":\"Lo viste en Los Pol\u00edticos\"},\"url\":\"https:\\\/\\\/lospoliticosveracruz.com\\\/?author=2\"}]}<\/script>\n<!-- \/ Yoast SEO plugin. -->","yoast_head_json":{"title":"Reestructurar la deuda - Los pol\u00edticos Veracruz","robots":{"index":"index","follow":"follow","max-snippet":"max-snippet:-1","max-image-preview":"max-image-preview:large","max-video-preview":"max-video-preview:-1"},"canonical":"https:\/\/lospoliticosveracruz.com\/?p=17480","og_locale":"es_ES","og_type":"article","og_title":"Reestructurar la deuda - Los pol\u00edticos Veracruz","og_description":"Salvador Mu\u00f1oz Los Pol\u00edticos Entiendo a Antonio G\u00f3mez Pelegr\u00edn a la perfecci\u00f3n\u2026 a m\u00ed tambi\u00e9n me hacen sufrir los escalones de palacio de Gobierno. Y tambi\u00e9n creo entender lo que piensa sobre la deuda p\u00fablica del Gobierno estatal cuando los movimientos en la bolsa y en ese d\u00f3lar que amenaza con alcanzar m\u00e1s pronto los [&hellip;]","og_url":"https:\/\/lospoliticosveracruz.com\/?p=17480","og_site_name":"Los pol\u00edticos Veracruz","article_publisher":"https:\/\/www.facebook.com\/people\/Notimemes-de-los-Polticos\/61565672886568\/","article_published_time":"2015-08-26T02:41:22+00:00","og_image":[{"width":200,"height":200,"url":"https:\/\/lospoliticosveracruz.com\/wp-content\/uploads\/2016\/07\/Logo-Dor.jpg","type":"image\/jpeg"}],"author":"Lo viste en Los Pol\u00edticos","twitter_card":"summary_large_image","twitter_creator":"@LosPoliticosVer","twitter_site":"@LosPoliticosVer","twitter_misc":{"Escrito por":"Lo viste en Los Pol\u00edticos","Tiempo de lectura":"5 minutos"},"schema":{"@context":"https:\/\/schema.org","@graph":[{"@type":"Article","@id":"https:\/\/lospoliticosveracruz.com\/?p=17480#article","isPartOf":{"@id":"https:\/\/lospoliticosveracruz.com\/?p=17480"},"author":{"name":"Lo viste en Los Pol\u00edticos","@id":"https:\/\/lospoliticosveracruz.com\/#\/schema\/person\/b8702bb0e538456e6efd07080bf2a4a2"},"headline":"Reestructurar la deuda","datePublished":"2015-08-26T02:41:22+00:00","mainEntityOfPage":{"@id":"https:\/\/lospoliticosveracruz.com\/?p=17480"},"wordCount":1060,"commentCount":0,"publisher":{"@id":"https:\/\/lospoliticosveracruz.com\/#organization"},"keywords":["deuda","Veracruz"],"articleSection":["De Opini\u00f3n"],"inLanguage":"es","potentialAction":[{"@type":"CommentAction","name":"Comment","target":["https:\/\/lospoliticosveracruz.com\/?p=17480#respond"]}]},{"@type":"WebPage","@id":"https:\/\/lospoliticosveracruz.com\/?p=17480","url":"https:\/\/lospoliticosveracruz.com\/?p=17480","name":"Reestructurar la deuda - Los pol\u00edticos Veracruz","isPartOf":{"@id":"https:\/\/lospoliticosveracruz.com\/#website"},"datePublished":"2015-08-26T02:41:22+00:00","breadcrumb":{"@id":"https:\/\/lospoliticosveracruz.com\/?p=17480#breadcrumb"},"inLanguage":"es","potentialAction":[{"@type":"ReadAction","target":["https:\/\/lospoliticosveracruz.com\/?p=17480"]}]},{"@type":"BreadcrumbList","@id":"https:\/\/lospoliticosveracruz.com\/?p=17480#breadcrumb","itemListElement":[{"@type":"ListItem","position":1,"name":"Portada","item":"https:\/\/lospoliticosveracruz.com\/"},{"@type":"ListItem","position":2,"name":"Reestructurar la deuda"}]},{"@type":"WebSite","@id":"https:\/\/lospoliticosveracruz.com\/#website","url":"https:\/\/lospoliticosveracruz.com\/","name":"Los pol\u00edticos Veracruz","description":"","publisher":{"@id":"https:\/\/lospoliticosveracruz.com\/#organization"},"potentialAction":[{"@type":"SearchAction","target":{"@type":"EntryPoint","urlTemplate":"https:\/\/lospoliticosveracruz.com\/?s={search_term_string}"},"query-input":{"@type":"PropertyValueSpecification","valueRequired":true,"valueName":"search_term_string"}}],"inLanguage":"es"},{"@type":"Organization","@id":"https:\/\/lospoliticosveracruz.com\/#organization","name":"Los pol\u00edticos Veracruz","url":"https:\/\/lospoliticosveracruz.com\/","logo":{"@type":"ImageObject","inLanguage":"es","@id":"https:\/\/lospoliticosveracruz.com\/#\/schema\/logo\/image\/","url":"https:\/\/lospoliticosveracruz.com\/wp-content\/uploads\/2025\/12\/Logo-Nuevo-LOS-POLITICOS-1.jpg","contentUrl":"https:\/\/lospoliticosveracruz.com\/wp-content\/uploads\/2025\/12\/Logo-Nuevo-LOS-POLITICOS-1.jpg","width":260,"height":70,"caption":"Los pol\u00edticos Veracruz"},"image":{"@id":"https:\/\/lospoliticosveracruz.com\/#\/schema\/logo\/image\/"},"sameAs":["https:\/\/www.facebook.com\/people\/Notimemes-de-los-Polticos\/61565672886568\/","https:\/\/x.com\/LosPoliticosVer"]},{"@type":"Person","@id":"https:\/\/lospoliticosveracruz.com\/#\/schema\/person\/b8702bb0e538456e6efd07080bf2a4a2","name":"Lo viste en Los Pol\u00edticos","image":{"@type":"ImageObject","inLanguage":"es","@id":"https:\/\/secure.gravatar.com\/avatar\/3a8de04a2656d44082be478bd6c086daa447c4651605818287b9532d3d0bd435?s=96&d=mm&r=g","url":"https:\/\/secure.gravatar.com\/avatar\/3a8de04a2656d44082be478bd6c086daa447c4651605818287b9532d3d0bd435?s=96&d=mm&r=g","contentUrl":"https:\/\/secure.gravatar.com\/avatar\/3a8de04a2656d44082be478bd6c086daa447c4651605818287b9532d3d0bd435?s=96&d=mm&r=g","caption":"Lo viste en Los Pol\u00edticos"},"url":"https:\/\/lospoliticosveracruz.com\/?author=2"}]}},"_links":{"self":[{"href":"https:\/\/lospoliticosveracruz.com\/index.php?rest_route=\/wp\/v2\/posts\/17480","targetHints":{"allow":["GET"]}}],"collection":[{"href":"https:\/\/lospoliticosveracruz.com\/index.php?rest_route=\/wp\/v2\/posts"}],"about":[{"href":"https:\/\/lospoliticosveracruz.com\/index.php?rest_route=\/wp\/v2\/types\/post"}],"author":[{"embeddable":true,"href":"https:\/\/lospoliticosveracruz.com\/index.php?rest_route=\/wp\/v2\/users\/2"}],"replies":[{"embeddable":true,"href":"https:\/\/lospoliticosveracruz.com\/index.php?rest_route=%2Fwp%2Fv2%2Fcomments&post=17480"}],"version-history":[{"count":1,"href":"https:\/\/lospoliticosveracruz.com\/index.php?rest_route=\/wp\/v2\/posts\/17480\/revisions"}],"predecessor-version":[{"id":17482,"href":"https:\/\/lospoliticosveracruz.com\/index.php?rest_route=\/wp\/v2\/posts\/17480\/revisions\/17482"}],"wp:attachment":[{"href":"https:\/\/lospoliticosveracruz.com\/index.php?rest_route=%2Fwp%2Fv2%2Fmedia&parent=17480"}],"wp:term":[{"taxonomy":"category","embeddable":true,"href":"https:\/\/lospoliticosveracruz.com\/index.php?rest_route=%2Fwp%2Fv2%2Fcategories&post=17480"},{"taxonomy":"post_tag","embeddable":true,"href":"https:\/\/lospoliticosveracruz.com\/index.php?rest_route=%2Fwp%2Fv2%2Ftags&post=17480"}],"curies":[{"name":"wp","href":"https:\/\/api.w.org\/{rel}","templated":true}]}}