{"id":17483,"date":"2015-08-25T21:56:48","date_gmt":"2015-08-26T02:56:48","guid":{"rendered":"http:\/\/www.lospoliticosveracruz.com.mx\/?p=17483"},"modified":"2015-08-25T21:56:48","modified_gmt":"2015-08-26T02:56:48","slug":"adultos-mayores-en-la-orfandad","status":"publish","type":"post","link":"https:\/\/lospoliticosveracruz.com\/?p=17483","title":{"rendered":"Adultos mayores en la orfandad"},"content":{"rendered":"<figure id=\"attachment_17484\" aria-describedby=\"caption-attachment-17484\" style=\"width: 300px\" class=\"wp-caption alignnone\"><a href=\"http:\/\/www.lospoliticosveracruz.com.mx\/wp-content\/uploads\/2015\/08\/pensionados.jpg\"><img loading=\"lazy\" decoding=\"async\" class=\"wp-image-17484 size-medium\" src=\"http:\/\/www.lospoliticosveracruz.com.mx\/wp-content\/uploads\/2015\/08\/pensionados-300x200.jpg\" alt=\"pensionados\" width=\"300\" height=\"200\" \/><\/a><figcaption id=\"caption-attachment-17484\" class=\"wp-caption-text\">www.fotoxalapa.com.mx<\/figcaption><\/figure>\n<p><strong>Armando Ortiz<\/strong><\/p>\n<p><em>El Hijo Pr\u00f3digo<\/em><\/p>\n<p>\u201cYa no se va a pagar la pensi\u00f3n, es m\u00e1s, vamos a hacer una investigaci\u00f3n para ver quienes estuvieron cobrando esa pensi\u00f3n sin merecerlo\u201d. Esas fueron las palabras de la funcionaria que, harta de estar recibiendo al adulto mayor que la buscaba cada semana, explot\u00f3 desesperada sin saber c\u00f3mo quitarse de encima a tanto \u201cviejito\u201d que le preguntaba: \u00bfcu\u00e1ndo nos van a pagar?<br \/>\nEs un crimen no pagar su pensi\u00f3n a los adultos mayores. Que se sepa la Ley 223 de la legislaci\u00f3n local no se ha derogado. Dicha ley \u201creconoce el derecho de las personas f\u00edsicas, mayores de setenta a\u00f1os de edad, que no tengan ingreso alguno y sin la protecci\u00f3n de los sistemas de seguridad social del estado o de la federaci\u00f3n, a recibir una pensi\u00f3n alimenticia del gobierno del estado de Veracruz\u201d. La ley fue expedida por Fidel Herrera, para agenciarse los votos de esta poblaci\u00f3n.<br \/>\nEl d\u00eda martes un grupo de adultos mayores cerr\u00f3 la calle de Lucio en Xalapa para exigir el pago de esa pensi\u00f3n, porque es su derecho, porque hay una ley que obliga al estado a pagar esa pensi\u00f3n, a menos que el Congreso local derogue esa ley. Pero no la van a derogar, pero no les van a pagar, y no les van a pagar porque no hay dinero para pagarles.<br \/>\nEl \u00faltimo pago que se dio fue en noviembre de 2014. Ese d\u00eda se entregaron 35 mil 462 cheques a los adultos mayores de los 212 municipios de Veracruz. De acuerdo con el bolet\u00edn de gobierno del estado sobre esa entrega, el pago trimestral sumaba 100 millones de pesos presupuestados para el cumplimiento de la Ley 223. En 2011 se ejerc\u00edan 364 millones 129 mil 800 pesos anuales para el pago de la pensi\u00f3n alimenticia.<br \/>\nEn alguna ocasi\u00f3n me toc\u00f3 acompa\u00f1ar la entrega de esas pensiones. Ese ma\u00f1ana me di cuenta de una realidad que hasta el d\u00eda de hoy me lastima. De esa experiencia escrib\u00ed un art\u00edculo titulado \u201cZongolica, mi coraz\u00f3n como flor marchita por ti\u201d:<br \/>\n\u201cHasta Mixtla de Altamirano llegamos, poblaci\u00f3n enclavada en plena sierra. Al parecer el pueblo fue colgando sus casas en las laderas, como si adornaran con ellas los cerros; formando sus caminos en medio de los montes, tratando de alcanzar el techo de nubes que se forma como preludio de la lluvia. Mixtla de Altamirano, un lugar que parece ajeno, lleno de gente ind\u00edgena que habla la lengua de nuestros ancestros. Lengua preciosa que suena a di\u00e1logo de p\u00e1jaros, a murmullo de aguas, a reuni\u00f3n de buenas voluntades. Llegaron los pobladores a donde est\u00e1bamos con sus pies descalzos, chorreados de tierra despu\u00e9s de caminar horas; pies descalzos que ignoran lo que es un guarache y ya ni decir lo que es un zapato. Llegaron con \u00e1nimo y todav\u00eda nos saludaron de mano, ofreci\u00e9ndonos la punta de sus dedos, menos el pulgar, pregunt\u00e1ndonos amablemente: \u201cTlen sekitowa moyolo\u201d (\u201c\u00bfQu\u00e9 dice tu coraz\u00f3n?\u201d). Y mi coraz\u00f3n, despu\u00e9s de verlos con sus pies agrietados de madera de \u00e1rbol viejo, estaba contristado, dolido por ver tanta miseria, tanto tiempo arrojado en esos rostros que esbozaban una sonrisa sincera a pesar de los surcos de la vejez, pero tuve que decir \u201cCualli\u201d (\u201cBien\u201d) a pesar de que mi coraz\u00f3n estaba como \u201cTlil xochitl\u201d (\u201cFlor negra\u201d)\u201d.<br \/>\nPues esas personas, las que m\u00e1s necesitan el apoyo del gobierno, personas a las que les prometieron ese apoyo, han quedado en el desamparo, en la orfandad. Y por m\u00e1s que les digan que les pagar\u00e1n, lo har\u00e1n quiz\u00e1 una vez, les entregar\u00e1n algunos pesos como paliativo para su necesidad, pero mientras Javier Duarte sea gobernador de Veracruz, la Ley 223 no se cumplir\u00e1 a cabalidad, porque en este gobierno los ind\u00edgenas pobres son art\u00edculos de tercera necesidad.<\/p>\n<p><strong>Postdata 1: Armando L\u00f3pez Contreras y su poder de convocatoria<\/strong><br \/>\nSin lugar a dudas mi tocayo tiene un gran poder de convocatoria. El d\u00eda jueves reuni\u00f3 a un grupo de amigos entre periodistas, empresarios y pol\u00edticos que acudieron a su llamado para celebrar tard\u00edamente su cumplea\u00f1os. Por supuesto al lugar lleg\u00f3 el senador Pepe Yunes, gran amigo del festejado; Pepe lleg\u00f3 acompa\u00f1ado de Zita Pazzi y de Tom\u00e1s Ruiz. El senador Pepe Yunes comparti\u00f3 mesa con nosotros y de manera muy asertiva contest\u00f3 a nuestros cuestionamientos. Ya en nuestra columna del domingo hablaremos de ello. S\u00f3lo baste decir que el senador sigue firme, mantiene la congruencia de su discurso y no quita el dedo del rengl\u00f3n: C\u00e1rcel a los que desfalcaron al estado de Veracruz. Por cierto, lo mejor de la tarde, aparte de la charla con el senador, los pasteles que llev\u00f3 Carlitos Vasconcelos; una delicia.<\/p>\n<p>Armando Ortiz aortiz52@hotmail.com<\/p>\n","protected":false},"excerpt":{"rendered":"<p>Armando Ortiz El Hijo Pr\u00f3digo \u201cYa no se va a pagar la pensi\u00f3n, es m\u00e1s, vamos a hacer una investigaci\u00f3n para ver quienes estuvieron cobrando esa pensi\u00f3n sin merecerlo\u201d. Esas fueron las palabras de la funcionaria que, harta de estar recibiendo al adulto mayor que la buscaba cada semana, explot\u00f3 desesperada sin saber c\u00f3mo quitarse [&hellip;]<\/p>\n","protected":false},"author":2,"featured_media":0,"comment_status":"open","ping_status":"open","sticky":false,"template":"","format":"standard","meta":{"tdm_status":"","tdm_grid_status":"","footnotes":""},"categories":[70],"tags":[3237,3235,3236],"class_list":{"0":"post-17483","1":"post","2":"type-post","3":"status-publish","4":"format-standard","6":"category-de-opinion","7":"tag-adultos-mayores","8":"tag-ley-223","9":"tag-pension"},"yoast_head":"<!-- This site is optimized with the Yoast SEO plugin v27.4 - https:\/\/yoast.com\/product\/yoast-seo-wordpress\/ -->\n<title>Adultos mayores en la orfandad - Los pol\u00edticos Veracruz<\/title>\n<meta name=\"robots\" content=\"index, follow, max-snippet:-1, max-image-preview:large, max-video-preview:-1\" \/>\n<link rel=\"canonical\" href=\"https:\/\/lospoliticosveracruz.com\/?p=17483\" \/>\n<meta property=\"og:locale\" content=\"es_ES\" \/>\n<meta property=\"og:type\" content=\"article\" \/>\n<meta property=\"og:title\" content=\"Adultos mayores en la orfandad - Los pol\u00edticos Veracruz\" \/>\n<meta property=\"og:description\" content=\"Armando Ortiz El Hijo Pr\u00f3digo \u201cYa no se va a pagar la pensi\u00f3n, es m\u00e1s, vamos a hacer una investigaci\u00f3n para ver quienes estuvieron cobrando esa pensi\u00f3n sin merecerlo\u201d. Esas fueron las palabras de la funcionaria que, harta de estar recibiendo al adulto mayor que la buscaba cada semana, explot\u00f3 desesperada sin saber c\u00f3mo quitarse [&hellip;]\" \/>\n<meta property=\"og:url\" content=\"https:\/\/lospoliticosveracruz.com\/?p=17483\" \/>\n<meta property=\"og:site_name\" content=\"Los pol\u00edticos Veracruz\" \/>\n<meta property=\"article:publisher\" content=\"https:\/\/www.facebook.com\/people\/Notimemes-de-los-Polticos\/61565672886568\/\" \/>\n<meta property=\"article:published_time\" content=\"2015-08-26T02:56:48+00:00\" \/>\n<meta property=\"og:image\" content=\"http:\/\/www.lospoliticosveracruz.com.mx\/wp-content\/uploads\/2015\/08\/pensionados-300x200.jpg\" \/>\n<meta name=\"author\" content=\"Lo viste en Los Pol\u00edticos\" \/>\n<meta name=\"twitter:card\" content=\"summary_large_image\" \/>\n<meta name=\"twitter:creator\" content=\"@LosPoliticosVer\" \/>\n<meta name=\"twitter:site\" content=\"@LosPoliticosVer\" \/>\n<meta name=\"twitter:label1\" content=\"Escrito por\" \/>\n\t<meta name=\"twitter:data1\" content=\"Lo viste en Los Pol\u00edticos\" \/>\n\t<meta name=\"twitter:label2\" content=\"Tiempo de lectura\" \/>\n\t<meta name=\"twitter:data2\" content=\"4 minutos\" \/>\n<script type=\"application\/ld+json\" class=\"yoast-schema-graph\">{\"@context\":\"https:\\\/\\\/schema.org\",\"@graph\":[{\"@type\":\"Article\",\"@id\":\"https:\\\/\\\/lospoliticosveracruz.com\\\/?p=17483#article\",\"isPartOf\":{\"@id\":\"https:\\\/\\\/lospoliticosveracruz.com\\\/?p=17483\"},\"author\":{\"name\":\"Lo viste en Los Pol\u00edticos\",\"@id\":\"https:\\\/\\\/lospoliticosveracruz.com\\\/#\\\/schema\\\/person\\\/b8702bb0e538456e6efd07080bf2a4a2\"},\"headline\":\"Adultos mayores en la orfandad\",\"datePublished\":\"2015-08-26T02:56:48+00:00\",\"mainEntityOfPage\":{\"@id\":\"https:\\\/\\\/lospoliticosveracruz.com\\\/?p=17483\"},\"wordCount\":842,\"commentCount\":0,\"publisher\":{\"@id\":\"https:\\\/\\\/lospoliticosveracruz.com\\\/#organization\"},\"image\":{\"@id\":\"https:\\\/\\\/lospoliticosveracruz.com\\\/?p=17483#primaryimage\"},\"thumbnailUrl\":\"http:\\\/\\\/www.lospoliticosveracruz.com.mx\\\/wp-content\\\/uploads\\\/2015\\\/08\\\/pensionados-300x200.jpg\",\"keywords\":[\"adultos mayores\",\"Ley 223\",\"pensi\u00f3n\"],\"articleSection\":[\"De Opini\u00f3n\"],\"inLanguage\":\"es\",\"potentialAction\":[{\"@type\":\"CommentAction\",\"name\":\"Comment\",\"target\":[\"https:\\\/\\\/lospoliticosveracruz.com\\\/?p=17483#respond\"]}]},{\"@type\":\"WebPage\",\"@id\":\"https:\\\/\\\/lospoliticosveracruz.com\\\/?p=17483\",\"url\":\"https:\\\/\\\/lospoliticosveracruz.com\\\/?p=17483\",\"name\":\"Adultos mayores en la orfandad - Los pol\u00edticos Veracruz\",\"isPartOf\":{\"@id\":\"https:\\\/\\\/lospoliticosveracruz.com\\\/#website\"},\"primaryImageOfPage\":{\"@id\":\"https:\\\/\\\/lospoliticosveracruz.com\\\/?p=17483#primaryimage\"},\"image\":{\"@id\":\"https:\\\/\\\/lospoliticosveracruz.com\\\/?p=17483#primaryimage\"},\"thumbnailUrl\":\"http:\\\/\\\/www.lospoliticosveracruz.com.mx\\\/wp-content\\\/uploads\\\/2015\\\/08\\\/pensionados-300x200.jpg\",\"datePublished\":\"2015-08-26T02:56:48+00:00\",\"breadcrumb\":{\"@id\":\"https:\\\/\\\/lospoliticosveracruz.com\\\/?p=17483#breadcrumb\"},\"inLanguage\":\"es\",\"potentialAction\":[{\"@type\":\"ReadAction\",\"target\":[\"https:\\\/\\\/lospoliticosveracruz.com\\\/?p=17483\"]}]},{\"@type\":\"ImageObject\",\"inLanguage\":\"es\",\"@id\":\"https:\\\/\\\/lospoliticosveracruz.com\\\/?p=17483#primaryimage\",\"url\":\"http:\\\/\\\/www.lospoliticosveracruz.com.mx\\\/wp-content\\\/uploads\\\/2015\\\/08\\\/pensionados-300x200.jpg\",\"contentUrl\":\"http:\\\/\\\/www.lospoliticosveracruz.com.mx\\\/wp-content\\\/uploads\\\/2015\\\/08\\\/pensionados-300x200.jpg\"},{\"@type\":\"BreadcrumbList\",\"@id\":\"https:\\\/\\\/lospoliticosveracruz.com\\\/?p=17483#breadcrumb\",\"itemListElement\":[{\"@type\":\"ListItem\",\"position\":1,\"name\":\"Portada\",\"item\":\"https:\\\/\\\/lospoliticosveracruz.com\\\/\"},{\"@type\":\"ListItem\",\"position\":2,\"name\":\"Adultos mayores en la orfandad\"}]},{\"@type\":\"WebSite\",\"@id\":\"https:\\\/\\\/lospoliticosveracruz.com\\\/#website\",\"url\":\"https:\\\/\\\/lospoliticosveracruz.com\\\/\",\"name\":\"Los pol\u00edticos Veracruz\",\"description\":\"\",\"publisher\":{\"@id\":\"https:\\\/\\\/lospoliticosveracruz.com\\\/#organization\"},\"potentialAction\":[{\"@type\":\"SearchAction\",\"target\":{\"@type\":\"EntryPoint\",\"urlTemplate\":\"https:\\\/\\\/lospoliticosveracruz.com\\\/?s={search_term_string}\"},\"query-input\":{\"@type\":\"PropertyValueSpecification\",\"valueRequired\":true,\"valueName\":\"search_term_string\"}}],\"inLanguage\":\"es\"},{\"@type\":\"Organization\",\"@id\":\"https:\\\/\\\/lospoliticosveracruz.com\\\/#organization\",\"name\":\"Los pol\u00edticos Veracruz\",\"url\":\"https:\\\/\\\/lospoliticosveracruz.com\\\/\",\"logo\":{\"@type\":\"ImageObject\",\"inLanguage\":\"es\",\"@id\":\"https:\\\/\\\/lospoliticosveracruz.com\\\/#\\\/schema\\\/logo\\\/image\\\/\",\"url\":\"https:\\\/\\\/lospoliticosveracruz.com\\\/wp-content\\\/uploads\\\/2025\\\/12\\\/Logo-Nuevo-LOS-POLITICOS-1.jpg\",\"contentUrl\":\"https:\\\/\\\/lospoliticosveracruz.com\\\/wp-content\\\/uploads\\\/2025\\\/12\\\/Logo-Nuevo-LOS-POLITICOS-1.jpg\",\"width\":260,\"height\":70,\"caption\":\"Los pol\u00edticos Veracruz\"},\"image\":{\"@id\":\"https:\\\/\\\/lospoliticosveracruz.com\\\/#\\\/schema\\\/logo\\\/image\\\/\"},\"sameAs\":[\"https:\\\/\\\/www.facebook.com\\\/people\\\/Notimemes-de-los-Polticos\\\/61565672886568\\\/\",\"https:\\\/\\\/x.com\\\/LosPoliticosVer\"]},{\"@type\":\"Person\",\"@id\":\"https:\\\/\\\/lospoliticosveracruz.com\\\/#\\\/schema\\\/person\\\/b8702bb0e538456e6efd07080bf2a4a2\",\"name\":\"Lo viste en Los Pol\u00edticos\",\"image\":{\"@type\":\"ImageObject\",\"inLanguage\":\"es\",\"@id\":\"https:\\\/\\\/secure.gravatar.com\\\/avatar\\\/3a8de04a2656d44082be478bd6c086daa447c4651605818287b9532d3d0bd435?s=96&d=mm&r=g\",\"url\":\"https:\\\/\\\/secure.gravatar.com\\\/avatar\\\/3a8de04a2656d44082be478bd6c086daa447c4651605818287b9532d3d0bd435?s=96&d=mm&r=g\",\"contentUrl\":\"https:\\\/\\\/secure.gravatar.com\\\/avatar\\\/3a8de04a2656d44082be478bd6c086daa447c4651605818287b9532d3d0bd435?s=96&d=mm&r=g\",\"caption\":\"Lo viste en Los Pol\u00edticos\"},\"url\":\"https:\\\/\\\/lospoliticosveracruz.com\\\/?author=2\"}]}<\/script>\n<!-- \/ Yoast SEO plugin. -->","yoast_head_json":{"title":"Adultos mayores en la orfandad - Los pol\u00edticos Veracruz","robots":{"index":"index","follow":"follow","max-snippet":"max-snippet:-1","max-image-preview":"max-image-preview:large","max-video-preview":"max-video-preview:-1"},"canonical":"https:\/\/lospoliticosveracruz.com\/?p=17483","og_locale":"es_ES","og_type":"article","og_title":"Adultos mayores en la orfandad - Los pol\u00edticos Veracruz","og_description":"Armando Ortiz El Hijo Pr\u00f3digo \u201cYa no se va a pagar la pensi\u00f3n, es m\u00e1s, vamos a hacer una investigaci\u00f3n para ver quienes estuvieron cobrando esa pensi\u00f3n sin merecerlo\u201d. Esas fueron las palabras de la funcionaria que, harta de estar recibiendo al adulto mayor que la buscaba cada semana, explot\u00f3 desesperada sin saber c\u00f3mo quitarse [&hellip;]","og_url":"https:\/\/lospoliticosveracruz.com\/?p=17483","og_site_name":"Los pol\u00edticos Veracruz","article_publisher":"https:\/\/www.facebook.com\/people\/Notimemes-de-los-Polticos\/61565672886568\/","article_published_time":"2015-08-26T02:56:48+00:00","og_image":[{"url":"http:\/\/www.lospoliticosveracruz.com.mx\/wp-content\/uploads\/2015\/08\/pensionados-300x200.jpg","type":"","width":"","height":""}],"author":"Lo viste en Los Pol\u00edticos","twitter_card":"summary_large_image","twitter_creator":"@LosPoliticosVer","twitter_site":"@LosPoliticosVer","twitter_misc":{"Escrito por":"Lo viste en Los Pol\u00edticos","Tiempo de lectura":"4 minutos"},"schema":{"@context":"https:\/\/schema.org","@graph":[{"@type":"Article","@id":"https:\/\/lospoliticosveracruz.com\/?p=17483#article","isPartOf":{"@id":"https:\/\/lospoliticosveracruz.com\/?p=17483"},"author":{"name":"Lo viste en Los Pol\u00edticos","@id":"https:\/\/lospoliticosveracruz.com\/#\/schema\/person\/b8702bb0e538456e6efd07080bf2a4a2"},"headline":"Adultos mayores en la orfandad","datePublished":"2015-08-26T02:56:48+00:00","mainEntityOfPage":{"@id":"https:\/\/lospoliticosveracruz.com\/?p=17483"},"wordCount":842,"commentCount":0,"publisher":{"@id":"https:\/\/lospoliticosveracruz.com\/#organization"},"image":{"@id":"https:\/\/lospoliticosveracruz.com\/?p=17483#primaryimage"},"thumbnailUrl":"http:\/\/www.lospoliticosveracruz.com.mx\/wp-content\/uploads\/2015\/08\/pensionados-300x200.jpg","keywords":["adultos mayores","Ley 223","pensi\u00f3n"],"articleSection":["De Opini\u00f3n"],"inLanguage":"es","potentialAction":[{"@type":"CommentAction","name":"Comment","target":["https:\/\/lospoliticosveracruz.com\/?p=17483#respond"]}]},{"@type":"WebPage","@id":"https:\/\/lospoliticosveracruz.com\/?p=17483","url":"https:\/\/lospoliticosveracruz.com\/?p=17483","name":"Adultos mayores en la orfandad - Los pol\u00edticos Veracruz","isPartOf":{"@id":"https:\/\/lospoliticosveracruz.com\/#website"},"primaryImageOfPage":{"@id":"https:\/\/lospoliticosveracruz.com\/?p=17483#primaryimage"},"image":{"@id":"https:\/\/lospoliticosveracruz.com\/?p=17483#primaryimage"},"thumbnailUrl":"http:\/\/www.lospoliticosveracruz.com.mx\/wp-content\/uploads\/2015\/08\/pensionados-300x200.jpg","datePublished":"2015-08-26T02:56:48+00:00","breadcrumb":{"@id":"https:\/\/lospoliticosveracruz.com\/?p=17483#breadcrumb"},"inLanguage":"es","potentialAction":[{"@type":"ReadAction","target":["https:\/\/lospoliticosveracruz.com\/?p=17483"]}]},{"@type":"ImageObject","inLanguage":"es","@id":"https:\/\/lospoliticosveracruz.com\/?p=17483#primaryimage","url":"http:\/\/www.lospoliticosveracruz.com.mx\/wp-content\/uploads\/2015\/08\/pensionados-300x200.jpg","contentUrl":"http:\/\/www.lospoliticosveracruz.com.mx\/wp-content\/uploads\/2015\/08\/pensionados-300x200.jpg"},{"@type":"BreadcrumbList","@id":"https:\/\/lospoliticosveracruz.com\/?p=17483#breadcrumb","itemListElement":[{"@type":"ListItem","position":1,"name":"Portada","item":"https:\/\/lospoliticosveracruz.com\/"},{"@type":"ListItem","position":2,"name":"Adultos mayores en la orfandad"}]},{"@type":"WebSite","@id":"https:\/\/lospoliticosveracruz.com\/#website","url":"https:\/\/lospoliticosveracruz.com\/","name":"Los pol\u00edticos Veracruz","description":"","publisher":{"@id":"https:\/\/lospoliticosveracruz.com\/#organization"},"potentialAction":[{"@type":"SearchAction","target":{"@type":"EntryPoint","urlTemplate":"https:\/\/lospoliticosveracruz.com\/?s={search_term_string}"},"query-input":{"@type":"PropertyValueSpecification","valueRequired":true,"valueName":"search_term_string"}}],"inLanguage":"es"},{"@type":"Organization","@id":"https:\/\/lospoliticosveracruz.com\/#organization","name":"Los pol\u00edticos Veracruz","url":"https:\/\/lospoliticosveracruz.com\/","logo":{"@type":"ImageObject","inLanguage":"es","@id":"https:\/\/lospoliticosveracruz.com\/#\/schema\/logo\/image\/","url":"https:\/\/lospoliticosveracruz.com\/wp-content\/uploads\/2025\/12\/Logo-Nuevo-LOS-POLITICOS-1.jpg","contentUrl":"https:\/\/lospoliticosveracruz.com\/wp-content\/uploads\/2025\/12\/Logo-Nuevo-LOS-POLITICOS-1.jpg","width":260,"height":70,"caption":"Los pol\u00edticos Veracruz"},"image":{"@id":"https:\/\/lospoliticosveracruz.com\/#\/schema\/logo\/image\/"},"sameAs":["https:\/\/www.facebook.com\/people\/Notimemes-de-los-Polticos\/61565672886568\/","https:\/\/x.com\/LosPoliticosVer"]},{"@type":"Person","@id":"https:\/\/lospoliticosveracruz.com\/#\/schema\/person\/b8702bb0e538456e6efd07080bf2a4a2","name":"Lo viste en Los Pol\u00edticos","image":{"@type":"ImageObject","inLanguage":"es","@id":"https:\/\/secure.gravatar.com\/avatar\/3a8de04a2656d44082be478bd6c086daa447c4651605818287b9532d3d0bd435?s=96&d=mm&r=g","url":"https:\/\/secure.gravatar.com\/avatar\/3a8de04a2656d44082be478bd6c086daa447c4651605818287b9532d3d0bd435?s=96&d=mm&r=g","contentUrl":"https:\/\/secure.gravatar.com\/avatar\/3a8de04a2656d44082be478bd6c086daa447c4651605818287b9532d3d0bd435?s=96&d=mm&r=g","caption":"Lo viste en Los Pol\u00edticos"},"url":"https:\/\/lospoliticosveracruz.com\/?author=2"}]}},"_links":{"self":[{"href":"https:\/\/lospoliticosveracruz.com\/index.php?rest_route=\/wp\/v2\/posts\/17483","targetHints":{"allow":["GET"]}}],"collection":[{"href":"https:\/\/lospoliticosveracruz.com\/index.php?rest_route=\/wp\/v2\/posts"}],"about":[{"href":"https:\/\/lospoliticosveracruz.com\/index.php?rest_route=\/wp\/v2\/types\/post"}],"author":[{"embeddable":true,"href":"https:\/\/lospoliticosveracruz.com\/index.php?rest_route=\/wp\/v2\/users\/2"}],"replies":[{"embeddable":true,"href":"https:\/\/lospoliticosveracruz.com\/index.php?rest_route=%2Fwp%2Fv2%2Fcomments&post=17483"}],"version-history":[{"count":1,"href":"https:\/\/lospoliticosveracruz.com\/index.php?rest_route=\/wp\/v2\/posts\/17483\/revisions"}],"predecessor-version":[{"id":17485,"href":"https:\/\/lospoliticosveracruz.com\/index.php?rest_route=\/wp\/v2\/posts\/17483\/revisions\/17485"}],"wp:attachment":[{"href":"https:\/\/lospoliticosveracruz.com\/index.php?rest_route=%2Fwp%2Fv2%2Fmedia&parent=17483"}],"wp:term":[{"taxonomy":"category","embeddable":true,"href":"https:\/\/lospoliticosveracruz.com\/index.php?rest_route=%2Fwp%2Fv2%2Fcategories&post=17483"},{"taxonomy":"post_tag","embeddable":true,"href":"https:\/\/lospoliticosveracruz.com\/index.php?rest_route=%2Fwp%2Fv2%2Ftags&post=17483"}],"curies":[{"name":"wp","href":"https:\/\/api.w.org\/{rel}","templated":true}]}}