{"id":17489,"date":"2015-08-26T08:17:56","date_gmt":"2015-08-26T13:17:56","guid":{"rendered":"http:\/\/www.lospoliticosveracruz.com.mx\/?p=17489"},"modified":"2015-08-26T08:17:56","modified_gmt":"2015-08-26T13:17:56","slug":"los-que-se-van-del-congreso-de-la-union","status":"publish","type":"post","link":"https:\/\/lospoliticosveracruz.com\/?p=17489","title":{"rendered":"Los que se van del Congreso de la Uni\u00f3n"},"content":{"rendered":"<p><a href=\"http:\/\/www.lospoliticosveracruz.com.mx\/wp-content\/uploads\/2015\/08\/San-L\u00e1zaro.jpg\"><img loading=\"lazy\" decoding=\"async\" class=\"alignnone size-medium wp-image-17490\" src=\"http:\/\/www.lospoliticosveracruz.com.mx\/wp-content\/uploads\/2015\/08\/San-L\u00e1zaro-300x201.jpg\" alt=\"San L\u00e1zaro\" width=\"300\" height=\"201\" \/><\/a><\/p>\n<p><strong>Valeria Marcial<\/strong><\/p>\n<p><em>En Pol\u00edtica&#8230; Personas y Personalidades<\/em><br \/>\nTristes, tristes andan los legisladores salientes, los que integraron la LXII legislatura all\u00e1 en el Congreso de la Uni\u00f3n durante tres a\u00f1os; \u00e9sos que durante tres a\u00f1os viajaron con gastos que corrieron a cargo del presupuesto destinado a la C\u00e1mara de Diputados; ellos, hijos, esposas, secretar\u00edas, asesores, choferes, sus equipos de prensa y hasta las novias que ten\u00edan cobrando en San L\u00e1zaro&#8230; \u00a1mentira! Noooo.<\/p>\n<p><strong>N\u00fameros<\/strong><br \/>\nDurante el ejercicio de la LXII, fueron turnadas dos mil 852 iniciativas; de las cuales 546 fueron aprobadas, 577 se desecharon, mil 714 se concluyeron y quedaron pendientes 15.<br \/>\nProposiciones con Punto de Acuerdo se turnaron en total tres mil 869: aprobadas mil 743, desechadas 432, fueron resueltas 403, quedaron pendientes para el pr\u00f3ximo periodo 14, el resto, las mil 277 fueron archivadas.<br \/>\nEn Dict\u00e1menes con Proyecto de Ley o Decretos Aprobados, en total fueron 372; Nuevas Leyes 46, Reformas Constitucionales 25, Reformas a Leyes existentes 283 y Decretos 18.<br \/>\nYa en su segundo a\u00f1o, ya m\u00e1s empapados de los temas, se recibieron o se turnaron tres mil 631 acciones; 460 fueron aprobadas, 3,143 desechadas y 28 quedaron pendientes. En este ejercicio el Partido Revolucionario Institucional fue el que m\u00e1s iniciativas present\u00f3 con mil 213 tantos.<br \/>\nEn su \u00faltimo a\u00f1o de trabajo, los diputados federales, trabajaron un poquito m\u00e1s y superaron su cifra anterior, para llegar a las tres mil 209 iniciativas presentadas y turnadas a comisiones agrupadas por periodo y origen, s\u00f3lo dejando pendiente para la nueva bancada 467. El resto fueron desechadas en su mayor\u00eda, 2,254 y aprobadas 488.<br \/>\nEn Puntos de acuerdo, cinco mil 480. \u00bfEnserio? S\u00ed, aunque usted no lo crea. Aunque ya para el tercer ejercicio, ya en la LXII Legislatura, le bajaron un poquito y s\u00f3lo presentaron 5,268 proposiciones. Ya en este \u00faltimo a\u00f1o aprobaron 2,755, desecharon 1,890, resolvieron 92 y le dejan a la nueva legislatura 531 Puntos de Acuerdo.<br \/>\n\u00bfSabe cu\u00e1nto percibieron los diputados por sus agarrones, esc\u00e9nitas, paseos, propuestas y aportaciones y todo el show que armaron en el congreso?<br \/>\nLa dieta neta mensual, seg\u00fan lo publicado por la p\u00e1gina de la C\u00e1mara de Diputados es de 74 mil pesos.<br \/>\nAdem\u00e1s de apoyos econ\u00f3micos: asistencia legislativa 45 mil 786 pesos y por atenci\u00f3n ciudadana 28 mil 772. \u00bfC\u00f3mo no van a andar tristes? Eso es por mes \u00a1eh!<br \/>\nDe Veracruz fueron 30, pero no se alegre, esos mismos lugares estar\u00e1n ocupados ahora por los de la 63 legislatura. Lo mismo, pero con caras nuevas.<br \/>\nS\u00ed, esos que van a estar lidereados por C\u00e9sar Camacho, por el PRI; Marko Antonio Cort\u00e9s Mendoza, por el PAN; Roc\u00edo Nahle, de Morena; Jes\u00fas Sesma Su\u00e1rez por el PVEM, s\u00f3lo por mencionar algunos.<br \/>\nContentos, contentos andan los que entran al quite, el pr\u00f3ximo martes 1 de septiembre.<br \/>\nPor cierto la Sesi\u00f3n Constitutiva de la C\u00e1mara de Diputados del H. Congreso de la Uni\u00f3n a la Sexag\u00e9sima Tercera Legislatura, se llevar\u00e1 a cabo el pr\u00f3ximo s\u00e1bado 29, a las 11 de la ma\u00f1ana en el sal\u00f3n de sesiones de Palacio Legislativo de San L\u00e1zaro. El registro ser\u00e1 a partir de las 9:30 am, les avisa el secretario general del Congreso, Mauricio Farah Gebara.<br \/>\nAqu\u00ed le dejo la liga, pa&#8217; que no digan que uno se inventa los n\u00fameros&#8230;<br \/>\nwww3.diputados.gob.mx\/camara\/004_transparencia\/000_canales_principales\/002_camara_de_diputados\/03_remuneraciones<\/p>\n<p><strong>Breves<\/strong><br \/>\nEn el pasado evento de la CEAPP, las mesas estaban llenas u ocupadas por las integrantes de los voluntariados. Se les reconoce el apoyo, pero \u00bfno que era para periodistas?<br \/>\nLas Feria del Regreso a Clases en Xalapa, estaba m\u00e1s vac\u00eda que las calles en vacaciones. \u00bfPor qu\u00e9 no se les ocurri\u00f3 hacerla antes del regreso a clases?, digo ahorita, ya pa&#8217; qu\u00e9, s\u00ed el lunes los ni\u00f1os ya se presentaron con zapatos, uniformes y \u00fatiles escolares nuevos&#8230;<\/p>\n<p>Vaya personalidades las del ayuntamiento, no dudamos de la buena intenci\u00f3n, pero s\u00ed la hacen en diciembre, igual y tienen mejores resultados. Por lo menos ya van como a la mitad y los art\u00edculos ya se desgastaron.<\/p>\n","protected":false},"excerpt":{"rendered":"<p>Valeria Marcial En Pol\u00edtica&#8230; Personas y Personalidades Tristes, tristes andan los legisladores salientes, los que integraron la LXII legislatura all\u00e1 en el Congreso de la Uni\u00f3n durante tres a\u00f1os; \u00e9sos que durante tres a\u00f1os viajaron con gastos que corrieron a cargo del presupuesto destinado a la C\u00e1mara de Diputados; ellos, hijos, esposas, secretar\u00edas, asesores, choferes, [&hellip;]<\/p>\n","protected":false},"author":2,"featured_media":0,"comment_status":"open","ping_status":"open","sticky":false,"template":"","format":"standard","meta":{"tdm_status":"","tdm_grid_status":"","footnotes":""},"categories":[70],"tags":[1712,792],"class_list":{"0":"post-17489","1":"post","2":"type-post","3":"status-publish","4":"format-standard","6":"category-de-opinion","7":"tag-congreso-de-la-union","8":"tag-diputados-federales"},"yoast_head":"<!-- This site is optimized with the Yoast SEO plugin v27.4 - https:\/\/yoast.com\/product\/yoast-seo-wordpress\/ -->\n<title>Los que se van del Congreso de la Uni\u00f3n - Los pol\u00edticos Veracruz<\/title>\n<meta name=\"robots\" content=\"index, follow, max-snippet:-1, max-image-preview:large, max-video-preview:-1\" \/>\n<link rel=\"canonical\" href=\"https:\/\/lospoliticosveracruz.com\/?p=17489\" \/>\n<meta property=\"og:locale\" content=\"es_ES\" \/>\n<meta property=\"og:type\" content=\"article\" \/>\n<meta property=\"og:title\" content=\"Los que se van del Congreso de la Uni\u00f3n - Los pol\u00edticos Veracruz\" \/>\n<meta property=\"og:description\" content=\"Valeria Marcial En Pol\u00edtica&#8230; Personas y Personalidades Tristes, tristes andan los legisladores salientes, los que integraron la LXII legislatura all\u00e1 en el Congreso de la Uni\u00f3n durante tres a\u00f1os; \u00e9sos que durante tres a\u00f1os viajaron con gastos que corrieron a cargo del presupuesto destinado a la C\u00e1mara de Diputados; ellos, hijos, esposas, secretar\u00edas, asesores, choferes, [&hellip;]\" \/>\n<meta property=\"og:url\" content=\"https:\/\/lospoliticosveracruz.com\/?p=17489\" \/>\n<meta property=\"og:site_name\" content=\"Los pol\u00edticos Veracruz\" \/>\n<meta property=\"article:publisher\" content=\"https:\/\/www.facebook.com\/people\/Notimemes-de-los-Polticos\/61565672886568\/\" \/>\n<meta property=\"article:published_time\" content=\"2015-08-26T13:17:56+00:00\" \/>\n<meta property=\"og:image\" content=\"https:\/\/lospoliticosveracruz.com\/wp-content\/uploads\/2016\/07\/Logo-Dor.jpg\" \/>\n\t<meta property=\"og:image:width\" content=\"200\" \/>\n\t<meta property=\"og:image:height\" content=\"200\" \/>\n\t<meta property=\"og:image:type\" content=\"image\/jpeg\" \/>\n<meta name=\"author\" content=\"Lo viste en Los Pol\u00edticos\" \/>\n<meta name=\"twitter:card\" content=\"summary_large_image\" \/>\n<meta name=\"twitter:creator\" content=\"@LosPoliticosVer\" \/>\n<meta name=\"twitter:site\" content=\"@LosPoliticosVer\" \/>\n<meta name=\"twitter:label1\" content=\"Escrito por\" \/>\n\t<meta name=\"twitter:data1\" content=\"Lo viste en Los Pol\u00edticos\" \/>\n\t<meta name=\"twitter:label2\" content=\"Tiempo de lectura\" \/>\n\t<meta name=\"twitter:data2\" content=\"3 minutos\" \/>\n<script type=\"application\/ld+json\" class=\"yoast-schema-graph\">{\"@context\":\"https:\\\/\\\/schema.org\",\"@graph\":[{\"@type\":\"Article\",\"@id\":\"https:\\\/\\\/lospoliticosveracruz.com\\\/?p=17489#article\",\"isPartOf\":{\"@id\":\"https:\\\/\\\/lospoliticosveracruz.com\\\/?p=17489\"},\"author\":{\"name\":\"Lo viste en Los Pol\u00edticos\",\"@id\":\"https:\\\/\\\/lospoliticosveracruz.com\\\/#\\\/schema\\\/person\\\/b8702bb0e538456e6efd07080bf2a4a2\"},\"headline\":\"Los que se van del Congreso de la Uni\u00f3n\",\"datePublished\":\"2015-08-26T13:17:56+00:00\",\"mainEntityOfPage\":{\"@id\":\"https:\\\/\\\/lospoliticosveracruz.com\\\/?p=17489\"},\"wordCount\":691,\"commentCount\":0,\"publisher\":{\"@id\":\"https:\\\/\\\/lospoliticosveracruz.com\\\/#organization\"},\"keywords\":[\"Congreso de la Uni\u00f3n\",\"Diputados Federales\"],\"articleSection\":[\"De Opini\u00f3n\"],\"inLanguage\":\"es\",\"potentialAction\":[{\"@type\":\"CommentAction\",\"name\":\"Comment\",\"target\":[\"https:\\\/\\\/lospoliticosveracruz.com\\\/?p=17489#respond\"]}]},{\"@type\":\"WebPage\",\"@id\":\"https:\\\/\\\/lospoliticosveracruz.com\\\/?p=17489\",\"url\":\"https:\\\/\\\/lospoliticosveracruz.com\\\/?p=17489\",\"name\":\"Los que se van del Congreso de la Uni\u00f3n - Los pol\u00edticos Veracruz\",\"isPartOf\":{\"@id\":\"https:\\\/\\\/lospoliticosveracruz.com\\\/#website\"},\"datePublished\":\"2015-08-26T13:17:56+00:00\",\"breadcrumb\":{\"@id\":\"https:\\\/\\\/lospoliticosveracruz.com\\\/?p=17489#breadcrumb\"},\"inLanguage\":\"es\",\"potentialAction\":[{\"@type\":\"ReadAction\",\"target\":[\"https:\\\/\\\/lospoliticosveracruz.com\\\/?p=17489\"]}]},{\"@type\":\"BreadcrumbList\",\"@id\":\"https:\\\/\\\/lospoliticosveracruz.com\\\/?p=17489#breadcrumb\",\"itemListElement\":[{\"@type\":\"ListItem\",\"position\":1,\"name\":\"Portada\",\"item\":\"https:\\\/\\\/lospoliticosveracruz.com\\\/\"},{\"@type\":\"ListItem\",\"position\":2,\"name\":\"Los que se van del Congreso de la Uni\u00f3n\"}]},{\"@type\":\"WebSite\",\"@id\":\"https:\\\/\\\/lospoliticosveracruz.com\\\/#website\",\"url\":\"https:\\\/\\\/lospoliticosveracruz.com\\\/\",\"name\":\"Los pol\u00edticos Veracruz\",\"description\":\"\",\"publisher\":{\"@id\":\"https:\\\/\\\/lospoliticosveracruz.com\\\/#organization\"},\"potentialAction\":[{\"@type\":\"SearchAction\",\"target\":{\"@type\":\"EntryPoint\",\"urlTemplate\":\"https:\\\/\\\/lospoliticosveracruz.com\\\/?s={search_term_string}\"},\"query-input\":{\"@type\":\"PropertyValueSpecification\",\"valueRequired\":true,\"valueName\":\"search_term_string\"}}],\"inLanguage\":\"es\"},{\"@type\":\"Organization\",\"@id\":\"https:\\\/\\\/lospoliticosveracruz.com\\\/#organization\",\"name\":\"Los pol\u00edticos Veracruz\",\"url\":\"https:\\\/\\\/lospoliticosveracruz.com\\\/\",\"logo\":{\"@type\":\"ImageObject\",\"inLanguage\":\"es\",\"@id\":\"https:\\\/\\\/lospoliticosveracruz.com\\\/#\\\/schema\\\/logo\\\/image\\\/\",\"url\":\"https:\\\/\\\/lospoliticosveracruz.com\\\/wp-content\\\/uploads\\\/2025\\\/12\\\/Logo-Nuevo-LOS-POLITICOS-1.jpg\",\"contentUrl\":\"https:\\\/\\\/lospoliticosveracruz.com\\\/wp-content\\\/uploads\\\/2025\\\/12\\\/Logo-Nuevo-LOS-POLITICOS-1.jpg\",\"width\":260,\"height\":70,\"caption\":\"Los pol\u00edticos Veracruz\"},\"image\":{\"@id\":\"https:\\\/\\\/lospoliticosveracruz.com\\\/#\\\/schema\\\/logo\\\/image\\\/\"},\"sameAs\":[\"https:\\\/\\\/www.facebook.com\\\/people\\\/Notimemes-de-los-Polticos\\\/61565672886568\\\/\",\"https:\\\/\\\/x.com\\\/LosPoliticosVer\"]},{\"@type\":\"Person\",\"@id\":\"https:\\\/\\\/lospoliticosveracruz.com\\\/#\\\/schema\\\/person\\\/b8702bb0e538456e6efd07080bf2a4a2\",\"name\":\"Lo viste en Los Pol\u00edticos\",\"image\":{\"@type\":\"ImageObject\",\"inLanguage\":\"es\",\"@id\":\"https:\\\/\\\/secure.gravatar.com\\\/avatar\\\/3a8de04a2656d44082be478bd6c086daa447c4651605818287b9532d3d0bd435?s=96&d=mm&r=g\",\"url\":\"https:\\\/\\\/secure.gravatar.com\\\/avatar\\\/3a8de04a2656d44082be478bd6c086daa447c4651605818287b9532d3d0bd435?s=96&d=mm&r=g\",\"contentUrl\":\"https:\\\/\\\/secure.gravatar.com\\\/avatar\\\/3a8de04a2656d44082be478bd6c086daa447c4651605818287b9532d3d0bd435?s=96&d=mm&r=g\",\"caption\":\"Lo viste en Los Pol\u00edticos\"},\"url\":\"https:\\\/\\\/lospoliticosveracruz.com\\\/?author=2\"}]}<\/script>\n<!-- \/ Yoast SEO plugin. -->","yoast_head_json":{"title":"Los que se van del Congreso de la Uni\u00f3n - Los pol\u00edticos Veracruz","robots":{"index":"index","follow":"follow","max-snippet":"max-snippet:-1","max-image-preview":"max-image-preview:large","max-video-preview":"max-video-preview:-1"},"canonical":"https:\/\/lospoliticosveracruz.com\/?p=17489","og_locale":"es_ES","og_type":"article","og_title":"Los que se van del Congreso de la Uni\u00f3n - Los pol\u00edticos Veracruz","og_description":"Valeria Marcial En Pol\u00edtica&#8230; Personas y Personalidades Tristes, tristes andan los legisladores salientes, los que integraron la LXII legislatura all\u00e1 en el Congreso de la Uni\u00f3n durante tres a\u00f1os; \u00e9sos que durante tres a\u00f1os viajaron con gastos que corrieron a cargo del presupuesto destinado a la C\u00e1mara de Diputados; ellos, hijos, esposas, secretar\u00edas, asesores, choferes, [&hellip;]","og_url":"https:\/\/lospoliticosveracruz.com\/?p=17489","og_site_name":"Los pol\u00edticos Veracruz","article_publisher":"https:\/\/www.facebook.com\/people\/Notimemes-de-los-Polticos\/61565672886568\/","article_published_time":"2015-08-26T13:17:56+00:00","og_image":[{"width":200,"height":200,"url":"https:\/\/lospoliticosveracruz.com\/wp-content\/uploads\/2016\/07\/Logo-Dor.jpg","type":"image\/jpeg"}],"author":"Lo viste en Los Pol\u00edticos","twitter_card":"summary_large_image","twitter_creator":"@LosPoliticosVer","twitter_site":"@LosPoliticosVer","twitter_misc":{"Escrito por":"Lo viste en Los Pol\u00edticos","Tiempo de lectura":"3 minutos"},"schema":{"@context":"https:\/\/schema.org","@graph":[{"@type":"Article","@id":"https:\/\/lospoliticosveracruz.com\/?p=17489#article","isPartOf":{"@id":"https:\/\/lospoliticosveracruz.com\/?p=17489"},"author":{"name":"Lo viste en Los Pol\u00edticos","@id":"https:\/\/lospoliticosveracruz.com\/#\/schema\/person\/b8702bb0e538456e6efd07080bf2a4a2"},"headline":"Los que se van del Congreso de la Uni\u00f3n","datePublished":"2015-08-26T13:17:56+00:00","mainEntityOfPage":{"@id":"https:\/\/lospoliticosveracruz.com\/?p=17489"},"wordCount":691,"commentCount":0,"publisher":{"@id":"https:\/\/lospoliticosveracruz.com\/#organization"},"keywords":["Congreso de la Uni\u00f3n","Diputados Federales"],"articleSection":["De Opini\u00f3n"],"inLanguage":"es","potentialAction":[{"@type":"CommentAction","name":"Comment","target":["https:\/\/lospoliticosveracruz.com\/?p=17489#respond"]}]},{"@type":"WebPage","@id":"https:\/\/lospoliticosveracruz.com\/?p=17489","url":"https:\/\/lospoliticosveracruz.com\/?p=17489","name":"Los que se van del Congreso de la Uni\u00f3n - Los pol\u00edticos Veracruz","isPartOf":{"@id":"https:\/\/lospoliticosveracruz.com\/#website"},"datePublished":"2015-08-26T13:17:56+00:00","breadcrumb":{"@id":"https:\/\/lospoliticosveracruz.com\/?p=17489#breadcrumb"},"inLanguage":"es","potentialAction":[{"@type":"ReadAction","target":["https:\/\/lospoliticosveracruz.com\/?p=17489"]}]},{"@type":"BreadcrumbList","@id":"https:\/\/lospoliticosveracruz.com\/?p=17489#breadcrumb","itemListElement":[{"@type":"ListItem","position":1,"name":"Portada","item":"https:\/\/lospoliticosveracruz.com\/"},{"@type":"ListItem","position":2,"name":"Los que se van del Congreso de la Uni\u00f3n"}]},{"@type":"WebSite","@id":"https:\/\/lospoliticosveracruz.com\/#website","url":"https:\/\/lospoliticosveracruz.com\/","name":"Los pol\u00edticos Veracruz","description":"","publisher":{"@id":"https:\/\/lospoliticosveracruz.com\/#organization"},"potentialAction":[{"@type":"SearchAction","target":{"@type":"EntryPoint","urlTemplate":"https:\/\/lospoliticosveracruz.com\/?s={search_term_string}"},"query-input":{"@type":"PropertyValueSpecification","valueRequired":true,"valueName":"search_term_string"}}],"inLanguage":"es"},{"@type":"Organization","@id":"https:\/\/lospoliticosveracruz.com\/#organization","name":"Los pol\u00edticos Veracruz","url":"https:\/\/lospoliticosveracruz.com\/","logo":{"@type":"ImageObject","inLanguage":"es","@id":"https:\/\/lospoliticosveracruz.com\/#\/schema\/logo\/image\/","url":"https:\/\/lospoliticosveracruz.com\/wp-content\/uploads\/2025\/12\/Logo-Nuevo-LOS-POLITICOS-1.jpg","contentUrl":"https:\/\/lospoliticosveracruz.com\/wp-content\/uploads\/2025\/12\/Logo-Nuevo-LOS-POLITICOS-1.jpg","width":260,"height":70,"caption":"Los pol\u00edticos Veracruz"},"image":{"@id":"https:\/\/lospoliticosveracruz.com\/#\/schema\/logo\/image\/"},"sameAs":["https:\/\/www.facebook.com\/people\/Notimemes-de-los-Polticos\/61565672886568\/","https:\/\/x.com\/LosPoliticosVer"]},{"@type":"Person","@id":"https:\/\/lospoliticosveracruz.com\/#\/schema\/person\/b8702bb0e538456e6efd07080bf2a4a2","name":"Lo viste en Los Pol\u00edticos","image":{"@type":"ImageObject","inLanguage":"es","@id":"https:\/\/secure.gravatar.com\/avatar\/3a8de04a2656d44082be478bd6c086daa447c4651605818287b9532d3d0bd435?s=96&d=mm&r=g","url":"https:\/\/secure.gravatar.com\/avatar\/3a8de04a2656d44082be478bd6c086daa447c4651605818287b9532d3d0bd435?s=96&d=mm&r=g","contentUrl":"https:\/\/secure.gravatar.com\/avatar\/3a8de04a2656d44082be478bd6c086daa447c4651605818287b9532d3d0bd435?s=96&d=mm&r=g","caption":"Lo viste en Los Pol\u00edticos"},"url":"https:\/\/lospoliticosveracruz.com\/?author=2"}]}},"_links":{"self":[{"href":"https:\/\/lospoliticosveracruz.com\/index.php?rest_route=\/wp\/v2\/posts\/17489","targetHints":{"allow":["GET"]}}],"collection":[{"href":"https:\/\/lospoliticosveracruz.com\/index.php?rest_route=\/wp\/v2\/posts"}],"about":[{"href":"https:\/\/lospoliticosveracruz.com\/index.php?rest_route=\/wp\/v2\/types\/post"}],"author":[{"embeddable":true,"href":"https:\/\/lospoliticosveracruz.com\/index.php?rest_route=\/wp\/v2\/users\/2"}],"replies":[{"embeddable":true,"href":"https:\/\/lospoliticosveracruz.com\/index.php?rest_route=%2Fwp%2Fv2%2Fcomments&post=17489"}],"version-history":[{"count":1,"href":"https:\/\/lospoliticosveracruz.com\/index.php?rest_route=\/wp\/v2\/posts\/17489\/revisions"}],"predecessor-version":[{"id":17491,"href":"https:\/\/lospoliticosveracruz.com\/index.php?rest_route=\/wp\/v2\/posts\/17489\/revisions\/17491"}],"wp:attachment":[{"href":"https:\/\/lospoliticosveracruz.com\/index.php?rest_route=%2Fwp%2Fv2%2Fmedia&parent=17489"}],"wp:term":[{"taxonomy":"category","embeddable":true,"href":"https:\/\/lospoliticosveracruz.com\/index.php?rest_route=%2Fwp%2Fv2%2Fcategories&post=17489"},{"taxonomy":"post_tag","embeddable":true,"href":"https:\/\/lospoliticosveracruz.com\/index.php?rest_route=%2Fwp%2Fv2%2Ftags&post=17489"}],"curies":[{"name":"wp","href":"https:\/\/api.w.org\/{rel}","templated":true}]}}