{"id":17492,"date":"2015-08-26T08:22:16","date_gmt":"2015-08-26T13:22:16","guid":{"rendered":"http:\/\/www.lospoliticosveracruz.com.mx\/?p=17492"},"modified":"2015-08-26T08:22:16","modified_gmt":"2015-08-26T13:22:16","slug":"mando-unico-en-coatepec-si-en-orizaba-no","status":"publish","type":"post","link":"https:\/\/lospoliticosveracruz.com\/?p=17492","title":{"rendered":"Mando \u00fanico: en Coatepec, s\u00ed; en Orizaba, no"},"content":{"rendered":"<p><a href=\"http:\/\/www.lospoliticosveracruz.com.mx\/wp-content\/uploads\/2015\/08\/Juan-Manuel-Diez-Francos.jpg\"><img loading=\"lazy\" decoding=\"async\" class=\"alignnone size-medium wp-image-17493\" src=\"http:\/\/www.lospoliticosveracruz.com.mx\/wp-content\/uploads\/2015\/08\/Juan-Manuel-Diez-Francos-300x188.jpg\" alt=\"Juan Manuel Diez Francos\" width=\"300\" height=\"188\" \/><\/a><br \/>\n<strong>Pablo Jair Ortega<\/strong><\/p>\n<p><em>Columna sin Nombre<\/em><\/p>\n<p>El 23 de abril, a primera hora, elementos de Seguridad P\u00fablica sitiaron el primer cuadro de la ciudad de Coatepec y rodearon el Palacio Municipal. Ah\u00ed mismo, en el cambio de guardia de la Polic\u00eda Municipal, elementos de la Marina detuvieron a unos cuantos elementos que ten\u00edan en lista. Despu\u00e9s de ubicar a \u00e9stos, se retiraron.<\/p>\n<p>El vistoso operativo caus\u00f3 tensi\u00f3n y curiosidad entre los presentes; ante cualquier eventualidad, algunos padres de familia decidieron acudir a la escuela primaria Ju\u00e1rez que se encuentra a un costado de la sede del Ayuntamiento, para sacar a sus hijos.<\/p>\n<p>Pese a lo aparatoso, se trataba de una simple requisa donde la Secretar\u00eda de Seguridad P\u00fablica, a trav\u00e9s de la Fuerza Civil, se har\u00eda cargo de la seguridad del cafetalero municipio, en ese entonces azotado por la delincuencia y la escandalosa administraci\u00f3n del alcalde Roberto P\u00e9rez Moreno, se\u00f1alado como autor intelectual del homicidio del tesorero Guillermo Pozos Rivera, secuestrado el 23 de agosto y encontrado muerto el d\u00eda 25 por el rumbo de la comunidad Tuzamapan.<\/p>\n<p>P\u00e9rez Moreno, conocido como \u201cJuanelo\u201d, todav\u00eda era alcalde, pero en ning\u00fan momento hab\u00eda sido informado de la presencia de la SSP esa ma\u00f1ana del 23 de abril. De hecho, se sabe que lleg\u00f3 a acercarse al Palacio Municipal, pero prefiri\u00f3 mantenerse a la distancia haciendo llamadas telef\u00f3nicas.<\/p>\n<p>Pero para darle valor legal a la requisa, pr\u00e1cticamente se oblig\u00f3 al Cabildo en pleno a que solicitara de inmediato la entrada del Mando \u00danico, pues Coatepec se quedaba sin vigilancia ya que en ese momento estaban liquidando a todos los polic\u00edas municipales, a quienes les daban un cheque y la consigna de que no hablaran con la prensa.<\/p>\n<p>Al d\u00eda siguiente, el 24, en un magno evento, el gobernador Javier Duarte de Ochoa anunciaba la entrada de la Fuerza Civil para tomar control de la vigilancia en el municipio. A ese evento tambi\u00e9n tratar\u00eda de llegar Roberto P\u00e9rez Moreno, pero el presidente municipal fue detenido en un ret\u00e9n por el rumbo de la zona conocida como La Ordu\u00f1a (en la periferia de la ciudad) donde le dijeron que no estaba invitado al acto presidido por el mandatario estatal. Juanelo ten\u00eda sellada su suerte.<\/p>\n<p>En los subsecuentes d\u00edas, la Secretar\u00eda de Seguridad P\u00fablica, a trav\u00e9s de la Fuerza Civil, ocupaba el municipio y comenzaba el proceso de desafuero del alcalde Roberto P\u00e9rez Moreno, acusado del asesinato del tesorero municipal. Hasta el d\u00eda de hoy se desconoce la suerte del edil y si ser\u00e1 procesado legalmente.<\/p>\n<p>El asunto aqu\u00ed es que un punto muy cercano a la capital veracruzana como Coatepec, es un lugar estrat\u00e9gico, con muchos escondites y caminos ca\u00f1eros o cafetaleros para escondites de facinerosos. Tambi\u00e9n tiene comunicaci\u00f3n y salida a municipios como Jalcomulco, Perote, Coscomatepec, Huatusco, Amatl\u00e1n y hasta C\u00f3rdoba.<\/p>\n<p>Siendo un municipio cercano a Xalapa, se entiende la prioridad de los \u00f3rganos de seguridad para instalarse en Coatepec y crear un cintur\u00f3n a trav\u00e9s de retenes fuertemente armados en los accesos del municipio. Esto sin duda ha ayudado a que la delincuencia en el cafetalero municipio y la capital se mantenga alejada y la tranquilidad volviera a la regi\u00f3n.<\/p>\n<p>Caso contrario est\u00e1 pasando en Orizaba, donde la delincuencia est\u00e1 flagelando a la regi\u00f3n y es un punto estrat\u00e9gico geogr\u00e1ficamente: cercano al estado de Puebla, cercano a la Ciudad de M\u00e9xico, con entradas a la Sierra de Zongolica, cercano a C\u00f3rdoba, etc.<\/p>\n<p>No obstante, a la eterna Pluviosilla le dejan que el control de la Polic\u00eda lo siga teniendo el ayuntamiento que preside el pol\u00e9mico alcalde Juan Manuel Diez Francos.<\/p>\n<p>Orizaba es una ciudad que se ha crecido por s\u00ed sola, sin pedirle nada a Xalapa o al puerto de Veracruz. De hecho, gran parte del crecimiento de Orizaba se debe a la forma tan particular de administrar de Diez Francos, quien ha sido un alcalde controvertido, pero ha sido calificado como un buen gobernante.<\/p>\n<p>Despreocupado por el dinero, a Juan Manuel Diez s\u00f3lo se le puede culpar de lo que se le imputa a la mayor\u00eda de los ricos: de ser testarudo y pedante, pero nadie le puede acusar de no haber hecho algo por su municipio, colocarlo en el pedestal de una de las ciudades m\u00e1s seguras del pa\u00eds y de convertir a Orizaba en una ciudad que una vez fue: casi la capital del estado. De hecho, el \u00fanico conflicto pol\u00edtico en esta zona es de dos millonarios que pugnan por el poder y el control pol\u00edtico: Juan Manuel Diez y Fidel Kuri Grajales, quien acaba de ser ungido como diputado federal.<\/p>\n<p>Tambi\u00e9n es conocida la \u201cfilantrop\u00eda\u201d del alcalde orizabe\u00f1o: su sueldo como servidor p\u00fablico no lo necesita, pues es uno de los hombres m\u00e1s ricos del estado (y quiz\u00e1s del pa\u00eds), y no duda presumir que su pago como funcionario p\u00fablico no lo necesita y prefiere donarlo.<\/p>\n<p>Tal vez el alcalde no quiera verlo, especialmente porque Orizaba ha hecho en los \u00faltimos gobierno municipales &#8211;influidos por Diez Francos&#8211; una fuerte inversi\u00f3n el \u00e1rea de seguridad que no se hab\u00eda visto en muchos a\u00f1os, pero los municipios aleda\u00f1os como Maltrata y Cuitl\u00e1huac se est\u00e1n convirtiendo en plazas controladas por los criminales y el Mando \u00danico ha tenido que tomar control de la zona.<\/p>\n<p>Dice un viejo dicho: \u201cCuando las barbas de tu vecino veas cortar, pon las tuyas a remojar\u201d, y no porque Orizaba o Juan Manuel haya hecho un mal papel, sino porque no puede quedar excluido del control del estado ni pensar que ingenuamente la ciudad puede quedar exenta de la presencia de malandros.<\/p>\n<p>No obstante, llama poderosamente la atenci\u00f3n que en Orizaba no se obligue (como s\u00ed se hizo en Coatepec) o negocie entregar el control de la vigilancia al Mando \u00danico coordinado por el Gobierno de Veracruz y fuerzas federales.<\/p>\n<p>Hace poco, en un desayuno con mujeres periodistas, un alto funcionario del Gobierno de Veracruz confesaba que la plaza m\u00e1s dif\u00edcil por combatir era precisamente Orizaba, pero que no iba dejarse vencer.<\/p>\n<p>Lo que no especific\u00f3 es si por la fortaleza del C\u00e1rtel que controla la regi\u00f3n o la terquedad del alcalde, quien sabe ganar elecciones y a lo mejor por eso prefieren que haga lo que quiera y siga manejando la ciudad a su antojo, como la propuesta de colocar una estatua en honor a Porfirio D\u00edaz, que hist\u00f3ricamente es una patada en los huevos al priismo tradicional revolucionario en Veracruz.<\/p>\n<p>Basta recordar el mismo episodio en el municipio de Veracruz, donde el entonces alcalde panista Jos\u00e9 Ram\u00f3n Guti\u00e9rrez de Velasco (2000-2004) dijo que colocar\u00eda una estatua dedicada al viejo dictador por haber sido el creador de la zona portuaria. La contestaci\u00f3n vino directamente del gobernador Miguel Alem\u00e1n Velasco, quien le prohibi\u00f3 la instalaci\u00f3n y argument\u00f3 que D\u00edaz hab\u00eda mandado matar a su abuelo, el general Miguel Alem\u00e1n Gonz\u00e1lez, en los tiempos de la revoluci\u00f3n.<\/p>\n<p>Pero todo sea por los votos para la nueva y pragm\u00e1tica clase gobernante. Y si Juan Manuel es capaz de ganar elecciones en pocos d\u00edas y arrasar sin problema a cualquier contendiente pol\u00edtico, le dejar\u00e1n hacer lo que sea, hasta hablar de las devaluaciones del peso frente al d\u00f3lar y de que le valga lo que digan los pol\u00edticos con respecto al monumento a Porfirio D\u00edaz.<\/p>\n<p>As\u00ed que\u2026 \u00a1Porfirio, lev\u00e1ntate y anda en caliente! \u00a1Te lo pide Juan Manuel Diez Francos!<\/p>\n","protected":false},"excerpt":{"rendered":"<p>Pablo Jair Ortega Columna sin Nombre El 23 de abril, a primera hora, elementos de Seguridad P\u00fablica sitiaron el primer cuadro de la ciudad de Coatepec y rodearon el Palacio Municipal. Ah\u00ed mismo, en el cambio de guardia de la Polic\u00eda Municipal, elementos de la Marina detuvieron a unos cuantos elementos que ten\u00edan en lista. [&hellip;]<\/p>\n","protected":false},"author":2,"featured_media":0,"comment_status":"open","ping_status":"open","sticky":false,"template":"","format":"standard","meta":{"tdm_status":"","tdm_grid_status":"","footnotes":""},"categories":[70],"tags":[277,260,1640,422,1029,1639,1039],"class_list":{"0":"post-17492","1":"post","2":"type-post","3":"status-publish","4":"format-standard","6":"category-de-opinion","7":"tag-coatepec","8":"tag-javier-duarte-de-ochoa","9":"tag-juan-manuel-diez-francos","10":"tag-juanelo","11":"tag-mando-unico","12":"tag-orizaba","13":"tag-roberto-perez-moreno"},"yoast_head":"<!-- This site is optimized with the Yoast SEO plugin v27.4 - https:\/\/yoast.com\/product\/yoast-seo-wordpress\/ -->\n<title>Mando \u00fanico: en Coatepec, s\u00ed; en Orizaba, no - Los pol\u00edticos Veracruz<\/title>\n<meta name=\"robots\" content=\"index, follow, max-snippet:-1, max-image-preview:large, max-video-preview:-1\" \/>\n<link rel=\"canonical\" href=\"https:\/\/lospoliticosveracruz.com\/?p=17492\" \/>\n<meta property=\"og:locale\" content=\"es_ES\" \/>\n<meta property=\"og:type\" content=\"article\" \/>\n<meta property=\"og:title\" content=\"Mando \u00fanico: en Coatepec, s\u00ed; en Orizaba, no - Los pol\u00edticos Veracruz\" \/>\n<meta property=\"og:description\" content=\"Pablo Jair Ortega Columna sin Nombre El 23 de abril, a primera hora, elementos de Seguridad P\u00fablica sitiaron el primer cuadro de la ciudad de Coatepec y rodearon el Palacio Municipal. Ah\u00ed mismo, en el cambio de guardia de la Polic\u00eda Municipal, elementos de la Marina detuvieron a unos cuantos elementos que ten\u00edan en lista. [&hellip;]\" \/>\n<meta property=\"og:url\" content=\"https:\/\/lospoliticosveracruz.com\/?p=17492\" \/>\n<meta property=\"og:site_name\" content=\"Los pol\u00edticos Veracruz\" \/>\n<meta property=\"article:publisher\" content=\"https:\/\/www.facebook.com\/people\/Notimemes-de-los-Polticos\/61565672886568\/\" \/>\n<meta property=\"article:published_time\" content=\"2015-08-26T13:22:16+00:00\" \/>\n<meta property=\"og:image\" content=\"http:\/\/www.lospoliticosveracruz.com.mx\/wp-content\/uploads\/2015\/08\/Juan-Manuel-Diez-Francos-300x188.jpg\" \/>\n<meta name=\"author\" content=\"Lo viste en Los Pol\u00edticos\" \/>\n<meta name=\"twitter:card\" content=\"summary_large_image\" \/>\n<meta name=\"twitter:creator\" content=\"@LosPoliticosVer\" \/>\n<meta name=\"twitter:site\" content=\"@LosPoliticosVer\" \/>\n<meta name=\"twitter:label1\" content=\"Escrito por\" \/>\n\t<meta name=\"twitter:data1\" content=\"Lo viste en Los Pol\u00edticos\" \/>\n\t<meta name=\"twitter:label2\" content=\"Tiempo de lectura\" \/>\n\t<meta name=\"twitter:data2\" content=\"7 minutos\" \/>\n<script type=\"application\/ld+json\" class=\"yoast-schema-graph\">{\"@context\":\"https:\\\/\\\/schema.org\",\"@graph\":[{\"@type\":\"Article\",\"@id\":\"https:\\\/\\\/lospoliticosveracruz.com\\\/?p=17492#article\",\"isPartOf\":{\"@id\":\"https:\\\/\\\/lospoliticosveracruz.com\\\/?p=17492\"},\"author\":{\"name\":\"Lo viste en Los Pol\u00edticos\",\"@id\":\"https:\\\/\\\/lospoliticosveracruz.com\\\/#\\\/schema\\\/person\\\/b8702bb0e538456e6efd07080bf2a4a2\"},\"headline\":\"Mando \u00fanico: en Coatepec, s\u00ed; en Orizaba, no\",\"datePublished\":\"2015-08-26T13:22:16+00:00\",\"mainEntityOfPage\":{\"@id\":\"https:\\\/\\\/lospoliticosveracruz.com\\\/?p=17492\"},\"wordCount\":1321,\"commentCount\":0,\"publisher\":{\"@id\":\"https:\\\/\\\/lospoliticosveracruz.com\\\/#organization\"},\"image\":{\"@id\":\"https:\\\/\\\/lospoliticosveracruz.com\\\/?p=17492#primaryimage\"},\"thumbnailUrl\":\"http:\\\/\\\/www.lospoliticosveracruz.com.mx\\\/wp-content\\\/uploads\\\/2015\\\/08\\\/Juan-Manuel-Diez-Francos-300x188.jpg\",\"keywords\":[\"Coatepec\",\"Javier Duarte de Ochoa\",\"Juan Manuel Diez Francos\",\"Juanelo\",\"Mando \u00danico\",\"Orizaba\",\"Roberto P\u00e9rez Moreno\"],\"articleSection\":[\"De Opini\u00f3n\"],\"inLanguage\":\"es\",\"potentialAction\":[{\"@type\":\"CommentAction\",\"name\":\"Comment\",\"target\":[\"https:\\\/\\\/lospoliticosveracruz.com\\\/?p=17492#respond\"]}]},{\"@type\":\"WebPage\",\"@id\":\"https:\\\/\\\/lospoliticosveracruz.com\\\/?p=17492\",\"url\":\"https:\\\/\\\/lospoliticosveracruz.com\\\/?p=17492\",\"name\":\"Mando \u00fanico: en Coatepec, s\u00ed; en Orizaba, no - Los pol\u00edticos Veracruz\",\"isPartOf\":{\"@id\":\"https:\\\/\\\/lospoliticosveracruz.com\\\/#website\"},\"primaryImageOfPage\":{\"@id\":\"https:\\\/\\\/lospoliticosveracruz.com\\\/?p=17492#primaryimage\"},\"image\":{\"@id\":\"https:\\\/\\\/lospoliticosveracruz.com\\\/?p=17492#primaryimage\"},\"thumbnailUrl\":\"http:\\\/\\\/www.lospoliticosveracruz.com.mx\\\/wp-content\\\/uploads\\\/2015\\\/08\\\/Juan-Manuel-Diez-Francos-300x188.jpg\",\"datePublished\":\"2015-08-26T13:22:16+00:00\",\"breadcrumb\":{\"@id\":\"https:\\\/\\\/lospoliticosveracruz.com\\\/?p=17492#breadcrumb\"},\"inLanguage\":\"es\",\"potentialAction\":[{\"@type\":\"ReadAction\",\"target\":[\"https:\\\/\\\/lospoliticosveracruz.com\\\/?p=17492\"]}]},{\"@type\":\"ImageObject\",\"inLanguage\":\"es\",\"@id\":\"https:\\\/\\\/lospoliticosveracruz.com\\\/?p=17492#primaryimage\",\"url\":\"http:\\\/\\\/www.lospoliticosveracruz.com.mx\\\/wp-content\\\/uploads\\\/2015\\\/08\\\/Juan-Manuel-Diez-Francos-300x188.jpg\",\"contentUrl\":\"http:\\\/\\\/www.lospoliticosveracruz.com.mx\\\/wp-content\\\/uploads\\\/2015\\\/08\\\/Juan-Manuel-Diez-Francos-300x188.jpg\"},{\"@type\":\"BreadcrumbList\",\"@id\":\"https:\\\/\\\/lospoliticosveracruz.com\\\/?p=17492#breadcrumb\",\"itemListElement\":[{\"@type\":\"ListItem\",\"position\":1,\"name\":\"Portada\",\"item\":\"https:\\\/\\\/lospoliticosveracruz.com\\\/\"},{\"@type\":\"ListItem\",\"position\":2,\"name\":\"Mando \u00fanico: en Coatepec, s\u00ed; en Orizaba, no\"}]},{\"@type\":\"WebSite\",\"@id\":\"https:\\\/\\\/lospoliticosveracruz.com\\\/#website\",\"url\":\"https:\\\/\\\/lospoliticosveracruz.com\\\/\",\"name\":\"Los pol\u00edticos Veracruz\",\"description\":\"\",\"publisher\":{\"@id\":\"https:\\\/\\\/lospoliticosveracruz.com\\\/#organization\"},\"potentialAction\":[{\"@type\":\"SearchAction\",\"target\":{\"@type\":\"EntryPoint\",\"urlTemplate\":\"https:\\\/\\\/lospoliticosveracruz.com\\\/?s={search_term_string}\"},\"query-input\":{\"@type\":\"PropertyValueSpecification\",\"valueRequired\":true,\"valueName\":\"search_term_string\"}}],\"inLanguage\":\"es\"},{\"@type\":\"Organization\",\"@id\":\"https:\\\/\\\/lospoliticosveracruz.com\\\/#organization\",\"name\":\"Los pol\u00edticos Veracruz\",\"url\":\"https:\\\/\\\/lospoliticosveracruz.com\\\/\",\"logo\":{\"@type\":\"ImageObject\",\"inLanguage\":\"es\",\"@id\":\"https:\\\/\\\/lospoliticosveracruz.com\\\/#\\\/schema\\\/logo\\\/image\\\/\",\"url\":\"https:\\\/\\\/lospoliticosveracruz.com\\\/wp-content\\\/uploads\\\/2025\\\/12\\\/Logo-Nuevo-LOS-POLITICOS-1.jpg\",\"contentUrl\":\"https:\\\/\\\/lospoliticosveracruz.com\\\/wp-content\\\/uploads\\\/2025\\\/12\\\/Logo-Nuevo-LOS-POLITICOS-1.jpg\",\"width\":260,\"height\":70,\"caption\":\"Los pol\u00edticos Veracruz\"},\"image\":{\"@id\":\"https:\\\/\\\/lospoliticosveracruz.com\\\/#\\\/schema\\\/logo\\\/image\\\/\"},\"sameAs\":[\"https:\\\/\\\/www.facebook.com\\\/people\\\/Notimemes-de-los-Polticos\\\/61565672886568\\\/\",\"https:\\\/\\\/x.com\\\/LosPoliticosVer\"]},{\"@type\":\"Person\",\"@id\":\"https:\\\/\\\/lospoliticosveracruz.com\\\/#\\\/schema\\\/person\\\/b8702bb0e538456e6efd07080bf2a4a2\",\"name\":\"Lo viste en Los Pol\u00edticos\",\"image\":{\"@type\":\"ImageObject\",\"inLanguage\":\"es\",\"@id\":\"https:\\\/\\\/secure.gravatar.com\\\/avatar\\\/3a8de04a2656d44082be478bd6c086daa447c4651605818287b9532d3d0bd435?s=96&d=mm&r=g\",\"url\":\"https:\\\/\\\/secure.gravatar.com\\\/avatar\\\/3a8de04a2656d44082be478bd6c086daa447c4651605818287b9532d3d0bd435?s=96&d=mm&r=g\",\"contentUrl\":\"https:\\\/\\\/secure.gravatar.com\\\/avatar\\\/3a8de04a2656d44082be478bd6c086daa447c4651605818287b9532d3d0bd435?s=96&d=mm&r=g\",\"caption\":\"Lo viste en Los Pol\u00edticos\"},\"url\":\"https:\\\/\\\/lospoliticosveracruz.com\\\/?author=2\"}]}<\/script>\n<!-- \/ Yoast SEO plugin. -->","yoast_head_json":{"title":"Mando \u00fanico: en Coatepec, s\u00ed; en Orizaba, no - Los pol\u00edticos Veracruz","robots":{"index":"index","follow":"follow","max-snippet":"max-snippet:-1","max-image-preview":"max-image-preview:large","max-video-preview":"max-video-preview:-1"},"canonical":"https:\/\/lospoliticosveracruz.com\/?p=17492","og_locale":"es_ES","og_type":"article","og_title":"Mando \u00fanico: en Coatepec, s\u00ed; en Orizaba, no - Los pol\u00edticos Veracruz","og_description":"Pablo Jair Ortega Columna sin Nombre El 23 de abril, a primera hora, elementos de Seguridad P\u00fablica sitiaron el primer cuadro de la ciudad de Coatepec y rodearon el Palacio Municipal. Ah\u00ed mismo, en el cambio de guardia de la Polic\u00eda Municipal, elementos de la Marina detuvieron a unos cuantos elementos que ten\u00edan en lista. [&hellip;]","og_url":"https:\/\/lospoliticosveracruz.com\/?p=17492","og_site_name":"Los pol\u00edticos Veracruz","article_publisher":"https:\/\/www.facebook.com\/people\/Notimemes-de-los-Polticos\/61565672886568\/","article_published_time":"2015-08-26T13:22:16+00:00","og_image":[{"url":"http:\/\/www.lospoliticosveracruz.com.mx\/wp-content\/uploads\/2015\/08\/Juan-Manuel-Diez-Francos-300x188.jpg","type":"","width":"","height":""}],"author":"Lo viste en Los Pol\u00edticos","twitter_card":"summary_large_image","twitter_creator":"@LosPoliticosVer","twitter_site":"@LosPoliticosVer","twitter_misc":{"Escrito por":"Lo viste en Los Pol\u00edticos","Tiempo de lectura":"7 minutos"},"schema":{"@context":"https:\/\/schema.org","@graph":[{"@type":"Article","@id":"https:\/\/lospoliticosveracruz.com\/?p=17492#article","isPartOf":{"@id":"https:\/\/lospoliticosveracruz.com\/?p=17492"},"author":{"name":"Lo viste en Los Pol\u00edticos","@id":"https:\/\/lospoliticosveracruz.com\/#\/schema\/person\/b8702bb0e538456e6efd07080bf2a4a2"},"headline":"Mando \u00fanico: en Coatepec, s\u00ed; en Orizaba, no","datePublished":"2015-08-26T13:22:16+00:00","mainEntityOfPage":{"@id":"https:\/\/lospoliticosveracruz.com\/?p=17492"},"wordCount":1321,"commentCount":0,"publisher":{"@id":"https:\/\/lospoliticosveracruz.com\/#organization"},"image":{"@id":"https:\/\/lospoliticosveracruz.com\/?p=17492#primaryimage"},"thumbnailUrl":"http:\/\/www.lospoliticosveracruz.com.mx\/wp-content\/uploads\/2015\/08\/Juan-Manuel-Diez-Francos-300x188.jpg","keywords":["Coatepec","Javier Duarte de Ochoa","Juan Manuel Diez Francos","Juanelo","Mando \u00danico","Orizaba","Roberto P\u00e9rez Moreno"],"articleSection":["De Opini\u00f3n"],"inLanguage":"es","potentialAction":[{"@type":"CommentAction","name":"Comment","target":["https:\/\/lospoliticosveracruz.com\/?p=17492#respond"]}]},{"@type":"WebPage","@id":"https:\/\/lospoliticosveracruz.com\/?p=17492","url":"https:\/\/lospoliticosveracruz.com\/?p=17492","name":"Mando \u00fanico: en Coatepec, s\u00ed; en Orizaba, no - Los pol\u00edticos Veracruz","isPartOf":{"@id":"https:\/\/lospoliticosveracruz.com\/#website"},"primaryImageOfPage":{"@id":"https:\/\/lospoliticosveracruz.com\/?p=17492#primaryimage"},"image":{"@id":"https:\/\/lospoliticosveracruz.com\/?p=17492#primaryimage"},"thumbnailUrl":"http:\/\/www.lospoliticosveracruz.com.mx\/wp-content\/uploads\/2015\/08\/Juan-Manuel-Diez-Francos-300x188.jpg","datePublished":"2015-08-26T13:22:16+00:00","breadcrumb":{"@id":"https:\/\/lospoliticosveracruz.com\/?p=17492#breadcrumb"},"inLanguage":"es","potentialAction":[{"@type":"ReadAction","target":["https:\/\/lospoliticosveracruz.com\/?p=17492"]}]},{"@type":"ImageObject","inLanguage":"es","@id":"https:\/\/lospoliticosveracruz.com\/?p=17492#primaryimage","url":"http:\/\/www.lospoliticosveracruz.com.mx\/wp-content\/uploads\/2015\/08\/Juan-Manuel-Diez-Francos-300x188.jpg","contentUrl":"http:\/\/www.lospoliticosveracruz.com.mx\/wp-content\/uploads\/2015\/08\/Juan-Manuel-Diez-Francos-300x188.jpg"},{"@type":"BreadcrumbList","@id":"https:\/\/lospoliticosveracruz.com\/?p=17492#breadcrumb","itemListElement":[{"@type":"ListItem","position":1,"name":"Portada","item":"https:\/\/lospoliticosveracruz.com\/"},{"@type":"ListItem","position":2,"name":"Mando \u00fanico: en Coatepec, s\u00ed; en Orizaba, no"}]},{"@type":"WebSite","@id":"https:\/\/lospoliticosveracruz.com\/#website","url":"https:\/\/lospoliticosveracruz.com\/","name":"Los pol\u00edticos Veracruz","description":"","publisher":{"@id":"https:\/\/lospoliticosveracruz.com\/#organization"},"potentialAction":[{"@type":"SearchAction","target":{"@type":"EntryPoint","urlTemplate":"https:\/\/lospoliticosveracruz.com\/?s={search_term_string}"},"query-input":{"@type":"PropertyValueSpecification","valueRequired":true,"valueName":"search_term_string"}}],"inLanguage":"es"},{"@type":"Organization","@id":"https:\/\/lospoliticosveracruz.com\/#organization","name":"Los pol\u00edticos Veracruz","url":"https:\/\/lospoliticosveracruz.com\/","logo":{"@type":"ImageObject","inLanguage":"es","@id":"https:\/\/lospoliticosveracruz.com\/#\/schema\/logo\/image\/","url":"https:\/\/lospoliticosveracruz.com\/wp-content\/uploads\/2025\/12\/Logo-Nuevo-LOS-POLITICOS-1.jpg","contentUrl":"https:\/\/lospoliticosveracruz.com\/wp-content\/uploads\/2025\/12\/Logo-Nuevo-LOS-POLITICOS-1.jpg","width":260,"height":70,"caption":"Los pol\u00edticos Veracruz"},"image":{"@id":"https:\/\/lospoliticosveracruz.com\/#\/schema\/logo\/image\/"},"sameAs":["https:\/\/www.facebook.com\/people\/Notimemes-de-los-Polticos\/61565672886568\/","https:\/\/x.com\/LosPoliticosVer"]},{"@type":"Person","@id":"https:\/\/lospoliticosveracruz.com\/#\/schema\/person\/b8702bb0e538456e6efd07080bf2a4a2","name":"Lo viste en Los Pol\u00edticos","image":{"@type":"ImageObject","inLanguage":"es","@id":"https:\/\/secure.gravatar.com\/avatar\/3a8de04a2656d44082be478bd6c086daa447c4651605818287b9532d3d0bd435?s=96&d=mm&r=g","url":"https:\/\/secure.gravatar.com\/avatar\/3a8de04a2656d44082be478bd6c086daa447c4651605818287b9532d3d0bd435?s=96&d=mm&r=g","contentUrl":"https:\/\/secure.gravatar.com\/avatar\/3a8de04a2656d44082be478bd6c086daa447c4651605818287b9532d3d0bd435?s=96&d=mm&r=g","caption":"Lo viste en Los Pol\u00edticos"},"url":"https:\/\/lospoliticosveracruz.com\/?author=2"}]}},"_links":{"self":[{"href":"https:\/\/lospoliticosveracruz.com\/index.php?rest_route=\/wp\/v2\/posts\/17492","targetHints":{"allow":["GET"]}}],"collection":[{"href":"https:\/\/lospoliticosveracruz.com\/index.php?rest_route=\/wp\/v2\/posts"}],"about":[{"href":"https:\/\/lospoliticosveracruz.com\/index.php?rest_route=\/wp\/v2\/types\/post"}],"author":[{"embeddable":true,"href":"https:\/\/lospoliticosveracruz.com\/index.php?rest_route=\/wp\/v2\/users\/2"}],"replies":[{"embeddable":true,"href":"https:\/\/lospoliticosveracruz.com\/index.php?rest_route=%2Fwp%2Fv2%2Fcomments&post=17492"}],"version-history":[{"count":1,"href":"https:\/\/lospoliticosveracruz.com\/index.php?rest_route=\/wp\/v2\/posts\/17492\/revisions"}],"predecessor-version":[{"id":17494,"href":"https:\/\/lospoliticosveracruz.com\/index.php?rest_route=\/wp\/v2\/posts\/17492\/revisions\/17494"}],"wp:attachment":[{"href":"https:\/\/lospoliticosveracruz.com\/index.php?rest_route=%2Fwp%2Fv2%2Fmedia&parent=17492"}],"wp:term":[{"taxonomy":"category","embeddable":true,"href":"https:\/\/lospoliticosveracruz.com\/index.php?rest_route=%2Fwp%2Fv2%2Fcategories&post=17492"},{"taxonomy":"post_tag","embeddable":true,"href":"https:\/\/lospoliticosveracruz.com\/index.php?rest_route=%2Fwp%2Fv2%2Ftags&post=17492"}],"curies":[{"name":"wp","href":"https:\/\/api.w.org\/{rel}","templated":true}]}}