{"id":17520,"date":"2015-08-27T17:47:41","date_gmt":"2015-08-27T22:47:41","guid":{"rendered":"http:\/\/www.lospoliticosveracruz.com.mx\/?p=17520"},"modified":"2015-08-27T17:47:41","modified_gmt":"2015-08-27T22:47:41","slug":"los-colores-de-tamayo","status":"publish","type":"post","link":"https:\/\/lospoliticosveracruz.com\/?p=17520","title":{"rendered":"Los colores de Tamayo"},"content":{"rendered":"<p><a href=\"http:\/\/www.lospoliticosveracruz.com.mx\/wp-content\/uploads\/2015\/08\/Rufino-Tamayo.jpg\"><img loading=\"lazy\" decoding=\"async\" class=\"alignnone size-medium wp-image-17521\" src=\"http:\/\/www.lospoliticosveracruz.com.mx\/wp-content\/uploads\/2015\/08\/Rufino-Tamayo-300x103.jpg\" alt=\"Rufino Tamayo\" width=\"300\" height=\"103\" \/><\/a><\/p>\n<p><strong>Gustavo \u00c1vila Maldonado<\/strong><\/p>\n<p>El movimiento de 1968 trajo un serio cuestionamiento al partido hegem\u00f3nico, los muralistas expresaban con sus pinceles la inconformidad social. A finales de los sesentas hab\u00eda tres muralistas que estaban en su apogeo: Siqueiros, Orozco, y Diego Rivera, que acababa de fallecer, a estos tres grandes se les agreg\u00f3 un pintor oaxaque\u00f1o: Rufino Tamayo. Pero \u00bfquien era este pintor?<br \/>\nRufino del Carmen Arellanes Tamayo. Para no confundirnos lo dejamos en Rufino Tamayo, como se internacionalmente.<br \/>\nTamayo naci\u00f3 en Oaxaca, el 26 de agosto de 1899, en lo que es ahora la \u00abPosada don Mario, en la calle Cosijopi n\u00famero 219, en el Centro Hist\u00f3rico. Tuvo una infancia dif\u00edcil ya que sus padres, Ignacio Arellanes, de oficio zapatero y Florentina Tamayo, costurera, se separaron cuando Rufino apenas sumaba cinco a\u00f1os de edad. Vivi\u00f3 con su madre hasta su muerte, en 1911, y fue cuando su t\u00eda Amalia Tamayo se hizo cargo de \u00e9l y se lo llev\u00f3 a la Ciudad de M\u00e9xico, donde le cambi\u00f3 la vida.<br \/>\nDe esa \u00e9poca, su sobrina Mar\u00eda Elena Berm\u00fadez recuerda en su libro \u201cLos Tamayo, un cuadro de familia\u201d, que el pintor estuvo muy cerca del colorido de la fruta, pues cuando lleg\u00f3 a la capital del pa\u00eds, a los 11 o 12 a\u00f1os, tras la muerte de su madre, sus t\u00edos ten\u00edan bodegas de fruta, \u201centonces a Tamayo le llamaba la atenci\u00f3n ese colorido tan especial que tiene nuestra fruta y \u00e9l fue plasmando en su obra todos esos colores\u201d.<br \/>\nEl joven Rufino inici\u00f3 su formaci\u00f3n profesional y acad\u00e9mica ingresando, cuando s\u00f3lo ten\u00eda 16 a\u00f1os, en la Academia de Bellas Artes de San Carlos. Pero su temperamento rebelde y sus dificultades para aceptar la f\u00e9rrea disciplina que exig\u00eda aquella instituci\u00f3n le impulsaron a abandonar enseguida aquellos estudios.<br \/>\nSu trayectoria es muy larga y brillante. Imposible de enlistarla en este espacio. S\u00f3lo para darnos una idea de su obra podr\u00edamos anotar que, a diferencia de pintores como Picasso o Mir\u00f3, que pod\u00edan hacer diez cuadros en una semana y cuyo inventario es de m\u00e1s de 70 mil obras, Tamayo pint\u00f3 \u201cpoco\u201d, alrededor de dos mil obras, ya que su pintura es compleja, elaborada y debido a su \u00e9xito se encuentra dispersa por todo el mundo, en los museos y colecciones m\u00e1s importantes.<br \/>\nRufino Tamayo pint\u00f3 m\u00e1s de mil 300 \u00f3leos, entre los que se encuentran los 20 retratos de su esposa Olga Flores; realiz\u00f3 465 obras gr\u00e1ficas, como litograf\u00edas y mixograf\u00edas, 350 dibujos, 20 murales, as\u00ed como un vitral.<br \/>\nSus murales se encuentran lo mismo en el Palacio de Bellas Artes, el Museo Nacional de Antropolog\u00eda y el Conservatorio Nacional de M\u00fasica en M\u00e9xico, que en el Dallas Museum of Cine Arts, la Biblioteca de la Universidad de Puerto Rico y en la sede de la UNESCO, en Par\u00eds, mientras que su obra es expuesta en recintos tan emblem\u00e1ticos como los museos de Arte Moderno de M\u00e9xico y Nueva York, el Guggenheim y la Philips Collection, en Washington.<br \/>\nPor dar un \u00fanico ejemplo de su obra, su mural Dualidad, realizado para el Museo Nacional de Antropolog\u00eda, est\u00e1 considerado como una de las grandes pinturas del siglo XX, \u201cun cuadro que, al igual que el Guernica, tiene una significaci\u00f3n muy profunda y que es posiblemente decodificable por todo el mundo\u201d, destaca el curador Juan Carlos Pereda.<br \/>\nAdem\u00e1s, recibi\u00f3 el Gran Premio de Pintura de la II Bienal de Sao Paulo, fue nombrado comendador de la Rep\u00fablica Italiana, Hijo Predilecto por el gobierno de Oaxaca y el rey Juan Carlos de Espa\u00f1a le entreg\u00f3 la Medalla de Oro al M\u00e9rito en las Bellas Artes, el Senado de la Rep\u00fablica hizo lo propio con la Medalla Belisario Dom\u00ednguez y fue miembro honorario del Colegio Nacional, entre otras distinciones.<br \/>\nCuriosamente, en el Museo Tamayo Arte Contempor\u00e1neo no existe una sala permanente dedicada a sus \u00f3leos. En este sentido, su sobrina indic\u00f3 que \u201cson escasos, andan por diferentes partes del mundo en exposici\u00f3n; es dif\u00edcil, la gente se pregunta porque no hay obra del maestro Tamayo, pero es escasa y lo poco que hay est\u00e1 movi\u00e9ndose en todo el mundo\u201d.<br \/>\nSobre su trabajo, Tamayo expres\u00f3 alguna vez \u201c\u2026en cierta forma toda mi obra habla de amor. Llegu\u00e9 a la conclusi\u00f3n de que el amor es la mejor raz\u00f3n para vivir\u2026 amor en un sentido universal\u2026 amor a la naturaleza, a los objetos, al trabajo mismo\u2026 contemplo la tierra y el espacio, observo, pinto y siento que va surgiendo en m\u00ed un gran amor\u201d.<br \/>\nRufino Tamayo muri\u00f3 longevo, a los 93 a\u00f1os, en 1991, y sin un declive en su propuesta pict\u00f3rica, reconocido universalmente.<br \/>\nA los cuatro grandes pintores se les opuso Jose Luis Cuevas \u00abLe enffant terrible\u00bb, pero como dec\u00eda Nana Goya: esa es otra historia.<\/p>\n","protected":false},"excerpt":{"rendered":"<p>Gustavo \u00c1vila Maldonado El movimiento de 1968 trajo un serio cuestionamiento al partido hegem\u00f3nico, los muralistas expresaban con sus pinceles la inconformidad social. A finales de los sesentas hab\u00eda tres muralistas que estaban en su apogeo: Siqueiros, Orozco, y Diego Rivera, que acababa de fallecer, a estos tres grandes se les agreg\u00f3 un pintor oaxaque\u00f1o: [&hellip;]<\/p>\n","protected":false},"author":2,"featured_media":0,"comment_status":"open","ping_status":"open","sticky":false,"template":"","format":"standard","meta":{"tdm_status":"","tdm_grid_status":"","footnotes":""},"categories":[75],"tags":[168,3254,3252,3253,3251],"class_list":{"0":"post-17520","1":"post","2":"type-post","3":"status-publish","4":"format-standard","6":"category-cine-libros-y-mas","7":"tag-diego-rivera","8":"tag-jose-luis-cuevas","9":"tag-orozco","10":"tag-rufino-tamayo","11":"tag-siqueiros"},"yoast_head":"<!-- This site is optimized with the Yoast SEO plugin v27.4 - https:\/\/yoast.com\/product\/yoast-seo-wordpress\/ -->\n<title>Los colores de Tamayo - Los pol\u00edticos Veracruz<\/title>\n<meta name=\"robots\" content=\"index, follow, max-snippet:-1, max-image-preview:large, max-video-preview:-1\" \/>\n<link rel=\"canonical\" href=\"https:\/\/lospoliticosveracruz.com\/?p=17520\" \/>\n<meta property=\"og:locale\" content=\"es_ES\" \/>\n<meta property=\"og:type\" content=\"article\" \/>\n<meta property=\"og:title\" content=\"Los colores de Tamayo - Los pol\u00edticos Veracruz\" \/>\n<meta property=\"og:description\" content=\"Gustavo \u00c1vila Maldonado El movimiento de 1968 trajo un serio cuestionamiento al partido hegem\u00f3nico, los muralistas expresaban con sus pinceles la inconformidad social. A finales de los sesentas hab\u00eda tres muralistas que estaban en su apogeo: Siqueiros, Orozco, y Diego Rivera, que acababa de fallecer, a estos tres grandes se les agreg\u00f3 un pintor oaxaque\u00f1o: [&hellip;]\" \/>\n<meta property=\"og:url\" content=\"https:\/\/lospoliticosveracruz.com\/?p=17520\" \/>\n<meta property=\"og:site_name\" content=\"Los pol\u00edticos Veracruz\" \/>\n<meta property=\"article:publisher\" content=\"https:\/\/www.facebook.com\/people\/Notimemes-de-los-Polticos\/61565672886568\/\" \/>\n<meta property=\"article:published_time\" content=\"2015-08-27T22:47:41+00:00\" \/>\n<meta property=\"og:image\" content=\"http:\/\/www.lospoliticosveracruz.com.mx\/wp-content\/uploads\/2015\/08\/Rufino-Tamayo-300x103.jpg\" \/>\n<meta name=\"author\" content=\"Lo viste en Los Pol\u00edticos\" \/>\n<meta name=\"twitter:card\" content=\"summary_large_image\" \/>\n<meta name=\"twitter:creator\" content=\"@LosPoliticosVer\" \/>\n<meta name=\"twitter:site\" content=\"@LosPoliticosVer\" \/>\n<meta name=\"twitter:label1\" content=\"Escrito por\" \/>\n\t<meta name=\"twitter:data1\" content=\"Lo viste en Los Pol\u00edticos\" \/>\n\t<meta name=\"twitter:label2\" content=\"Tiempo de lectura\" \/>\n\t<meta name=\"twitter:data2\" content=\"4 minutos\" \/>\n<script type=\"application\/ld+json\" class=\"yoast-schema-graph\">{\"@context\":\"https:\\\/\\\/schema.org\",\"@graph\":[{\"@type\":\"Article\",\"@id\":\"https:\\\/\\\/lospoliticosveracruz.com\\\/?p=17520#article\",\"isPartOf\":{\"@id\":\"https:\\\/\\\/lospoliticosveracruz.com\\\/?p=17520\"},\"author\":{\"name\":\"Lo viste en Los Pol\u00edticos\",\"@id\":\"https:\\\/\\\/lospoliticosveracruz.com\\\/#\\\/schema\\\/person\\\/b8702bb0e538456e6efd07080bf2a4a2\"},\"headline\":\"Los colores de Tamayo\",\"datePublished\":\"2015-08-27T22:47:41+00:00\",\"mainEntityOfPage\":{\"@id\":\"https:\\\/\\\/lospoliticosveracruz.com\\\/?p=17520\"},\"wordCount\":833,\"commentCount\":0,\"publisher\":{\"@id\":\"https:\\\/\\\/lospoliticosveracruz.com\\\/#organization\"},\"image\":{\"@id\":\"https:\\\/\\\/lospoliticosveracruz.com\\\/?p=17520#primaryimage\"},\"thumbnailUrl\":\"http:\\\/\\\/www.lospoliticosveracruz.com.mx\\\/wp-content\\\/uploads\\\/2015\\\/08\\\/Rufino-Tamayo-300x103.jpg\",\"keywords\":[\"Diego Rivera\",\"Jos\u00e9 Luis Cuevas\",\"Orozco\",\"Rufino Tamayo\",\"Siqueiros\"],\"articleSection\":[\"Cine, Libros y m\u00e1s\"],\"inLanguage\":\"es\",\"potentialAction\":[{\"@type\":\"CommentAction\",\"name\":\"Comment\",\"target\":[\"https:\\\/\\\/lospoliticosveracruz.com\\\/?p=17520#respond\"]}]},{\"@type\":\"WebPage\",\"@id\":\"https:\\\/\\\/lospoliticosveracruz.com\\\/?p=17520\",\"url\":\"https:\\\/\\\/lospoliticosveracruz.com\\\/?p=17520\",\"name\":\"Los colores de Tamayo - Los pol\u00edticos Veracruz\",\"isPartOf\":{\"@id\":\"https:\\\/\\\/lospoliticosveracruz.com\\\/#website\"},\"primaryImageOfPage\":{\"@id\":\"https:\\\/\\\/lospoliticosveracruz.com\\\/?p=17520#primaryimage\"},\"image\":{\"@id\":\"https:\\\/\\\/lospoliticosveracruz.com\\\/?p=17520#primaryimage\"},\"thumbnailUrl\":\"http:\\\/\\\/www.lospoliticosveracruz.com.mx\\\/wp-content\\\/uploads\\\/2015\\\/08\\\/Rufino-Tamayo-300x103.jpg\",\"datePublished\":\"2015-08-27T22:47:41+00:00\",\"breadcrumb\":{\"@id\":\"https:\\\/\\\/lospoliticosveracruz.com\\\/?p=17520#breadcrumb\"},\"inLanguage\":\"es\",\"potentialAction\":[{\"@type\":\"ReadAction\",\"target\":[\"https:\\\/\\\/lospoliticosveracruz.com\\\/?p=17520\"]}]},{\"@type\":\"ImageObject\",\"inLanguage\":\"es\",\"@id\":\"https:\\\/\\\/lospoliticosveracruz.com\\\/?p=17520#primaryimage\",\"url\":\"http:\\\/\\\/www.lospoliticosveracruz.com.mx\\\/wp-content\\\/uploads\\\/2015\\\/08\\\/Rufino-Tamayo-300x103.jpg\",\"contentUrl\":\"http:\\\/\\\/www.lospoliticosveracruz.com.mx\\\/wp-content\\\/uploads\\\/2015\\\/08\\\/Rufino-Tamayo-300x103.jpg\"},{\"@type\":\"BreadcrumbList\",\"@id\":\"https:\\\/\\\/lospoliticosveracruz.com\\\/?p=17520#breadcrumb\",\"itemListElement\":[{\"@type\":\"ListItem\",\"position\":1,\"name\":\"Portada\",\"item\":\"https:\\\/\\\/lospoliticosveracruz.com\\\/\"},{\"@type\":\"ListItem\",\"position\":2,\"name\":\"Los colores de Tamayo\"}]},{\"@type\":\"WebSite\",\"@id\":\"https:\\\/\\\/lospoliticosveracruz.com\\\/#website\",\"url\":\"https:\\\/\\\/lospoliticosveracruz.com\\\/\",\"name\":\"Los pol\u00edticos Veracruz\",\"description\":\"\",\"publisher\":{\"@id\":\"https:\\\/\\\/lospoliticosveracruz.com\\\/#organization\"},\"potentialAction\":[{\"@type\":\"SearchAction\",\"target\":{\"@type\":\"EntryPoint\",\"urlTemplate\":\"https:\\\/\\\/lospoliticosveracruz.com\\\/?s={search_term_string}\"},\"query-input\":{\"@type\":\"PropertyValueSpecification\",\"valueRequired\":true,\"valueName\":\"search_term_string\"}}],\"inLanguage\":\"es\"},{\"@type\":\"Organization\",\"@id\":\"https:\\\/\\\/lospoliticosveracruz.com\\\/#organization\",\"name\":\"Los pol\u00edticos Veracruz\",\"url\":\"https:\\\/\\\/lospoliticosveracruz.com\\\/\",\"logo\":{\"@type\":\"ImageObject\",\"inLanguage\":\"es\",\"@id\":\"https:\\\/\\\/lospoliticosveracruz.com\\\/#\\\/schema\\\/logo\\\/image\\\/\",\"url\":\"https:\\\/\\\/lospoliticosveracruz.com\\\/wp-content\\\/uploads\\\/2025\\\/12\\\/Logo-Nuevo-LOS-POLITICOS-1.jpg\",\"contentUrl\":\"https:\\\/\\\/lospoliticosveracruz.com\\\/wp-content\\\/uploads\\\/2025\\\/12\\\/Logo-Nuevo-LOS-POLITICOS-1.jpg\",\"width\":260,\"height\":70,\"caption\":\"Los pol\u00edticos Veracruz\"},\"image\":{\"@id\":\"https:\\\/\\\/lospoliticosveracruz.com\\\/#\\\/schema\\\/logo\\\/image\\\/\"},\"sameAs\":[\"https:\\\/\\\/www.facebook.com\\\/people\\\/Notimemes-de-los-Polticos\\\/61565672886568\\\/\",\"https:\\\/\\\/x.com\\\/LosPoliticosVer\"]},{\"@type\":\"Person\",\"@id\":\"https:\\\/\\\/lospoliticosveracruz.com\\\/#\\\/schema\\\/person\\\/b8702bb0e538456e6efd07080bf2a4a2\",\"name\":\"Lo viste en Los Pol\u00edticos\",\"image\":{\"@type\":\"ImageObject\",\"inLanguage\":\"es\",\"@id\":\"https:\\\/\\\/secure.gravatar.com\\\/avatar\\\/3a8de04a2656d44082be478bd6c086daa447c4651605818287b9532d3d0bd435?s=96&d=mm&r=g\",\"url\":\"https:\\\/\\\/secure.gravatar.com\\\/avatar\\\/3a8de04a2656d44082be478bd6c086daa447c4651605818287b9532d3d0bd435?s=96&d=mm&r=g\",\"contentUrl\":\"https:\\\/\\\/secure.gravatar.com\\\/avatar\\\/3a8de04a2656d44082be478bd6c086daa447c4651605818287b9532d3d0bd435?s=96&d=mm&r=g\",\"caption\":\"Lo viste en Los Pol\u00edticos\"},\"url\":\"https:\\\/\\\/lospoliticosveracruz.com\\\/?author=2\"}]}<\/script>\n<!-- \/ Yoast SEO plugin. -->","yoast_head_json":{"title":"Los colores de Tamayo - Los pol\u00edticos Veracruz","robots":{"index":"index","follow":"follow","max-snippet":"max-snippet:-1","max-image-preview":"max-image-preview:large","max-video-preview":"max-video-preview:-1"},"canonical":"https:\/\/lospoliticosveracruz.com\/?p=17520","og_locale":"es_ES","og_type":"article","og_title":"Los colores de Tamayo - Los pol\u00edticos Veracruz","og_description":"Gustavo \u00c1vila Maldonado El movimiento de 1968 trajo un serio cuestionamiento al partido hegem\u00f3nico, los muralistas expresaban con sus pinceles la inconformidad social. A finales de los sesentas hab\u00eda tres muralistas que estaban en su apogeo: Siqueiros, Orozco, y Diego Rivera, que acababa de fallecer, a estos tres grandes se les agreg\u00f3 un pintor oaxaque\u00f1o: [&hellip;]","og_url":"https:\/\/lospoliticosveracruz.com\/?p=17520","og_site_name":"Los pol\u00edticos Veracruz","article_publisher":"https:\/\/www.facebook.com\/people\/Notimemes-de-los-Polticos\/61565672886568\/","article_published_time":"2015-08-27T22:47:41+00:00","og_image":[{"url":"http:\/\/www.lospoliticosveracruz.com.mx\/wp-content\/uploads\/2015\/08\/Rufino-Tamayo-300x103.jpg","type":"","width":"","height":""}],"author":"Lo viste en Los Pol\u00edticos","twitter_card":"summary_large_image","twitter_creator":"@LosPoliticosVer","twitter_site":"@LosPoliticosVer","twitter_misc":{"Escrito por":"Lo viste en Los Pol\u00edticos","Tiempo de lectura":"4 minutos"},"schema":{"@context":"https:\/\/schema.org","@graph":[{"@type":"Article","@id":"https:\/\/lospoliticosveracruz.com\/?p=17520#article","isPartOf":{"@id":"https:\/\/lospoliticosveracruz.com\/?p=17520"},"author":{"name":"Lo viste en Los Pol\u00edticos","@id":"https:\/\/lospoliticosveracruz.com\/#\/schema\/person\/b8702bb0e538456e6efd07080bf2a4a2"},"headline":"Los colores de Tamayo","datePublished":"2015-08-27T22:47:41+00:00","mainEntityOfPage":{"@id":"https:\/\/lospoliticosveracruz.com\/?p=17520"},"wordCount":833,"commentCount":0,"publisher":{"@id":"https:\/\/lospoliticosveracruz.com\/#organization"},"image":{"@id":"https:\/\/lospoliticosveracruz.com\/?p=17520#primaryimage"},"thumbnailUrl":"http:\/\/www.lospoliticosveracruz.com.mx\/wp-content\/uploads\/2015\/08\/Rufino-Tamayo-300x103.jpg","keywords":["Diego Rivera","Jos\u00e9 Luis Cuevas","Orozco","Rufino Tamayo","Siqueiros"],"articleSection":["Cine, Libros y m\u00e1s"],"inLanguage":"es","potentialAction":[{"@type":"CommentAction","name":"Comment","target":["https:\/\/lospoliticosveracruz.com\/?p=17520#respond"]}]},{"@type":"WebPage","@id":"https:\/\/lospoliticosveracruz.com\/?p=17520","url":"https:\/\/lospoliticosveracruz.com\/?p=17520","name":"Los colores de Tamayo - Los pol\u00edticos Veracruz","isPartOf":{"@id":"https:\/\/lospoliticosveracruz.com\/#website"},"primaryImageOfPage":{"@id":"https:\/\/lospoliticosveracruz.com\/?p=17520#primaryimage"},"image":{"@id":"https:\/\/lospoliticosveracruz.com\/?p=17520#primaryimage"},"thumbnailUrl":"http:\/\/www.lospoliticosveracruz.com.mx\/wp-content\/uploads\/2015\/08\/Rufino-Tamayo-300x103.jpg","datePublished":"2015-08-27T22:47:41+00:00","breadcrumb":{"@id":"https:\/\/lospoliticosveracruz.com\/?p=17520#breadcrumb"},"inLanguage":"es","potentialAction":[{"@type":"ReadAction","target":["https:\/\/lospoliticosveracruz.com\/?p=17520"]}]},{"@type":"ImageObject","inLanguage":"es","@id":"https:\/\/lospoliticosveracruz.com\/?p=17520#primaryimage","url":"http:\/\/www.lospoliticosveracruz.com.mx\/wp-content\/uploads\/2015\/08\/Rufino-Tamayo-300x103.jpg","contentUrl":"http:\/\/www.lospoliticosveracruz.com.mx\/wp-content\/uploads\/2015\/08\/Rufino-Tamayo-300x103.jpg"},{"@type":"BreadcrumbList","@id":"https:\/\/lospoliticosveracruz.com\/?p=17520#breadcrumb","itemListElement":[{"@type":"ListItem","position":1,"name":"Portada","item":"https:\/\/lospoliticosveracruz.com\/"},{"@type":"ListItem","position":2,"name":"Los colores de Tamayo"}]},{"@type":"WebSite","@id":"https:\/\/lospoliticosveracruz.com\/#website","url":"https:\/\/lospoliticosveracruz.com\/","name":"Los pol\u00edticos Veracruz","description":"","publisher":{"@id":"https:\/\/lospoliticosveracruz.com\/#organization"},"potentialAction":[{"@type":"SearchAction","target":{"@type":"EntryPoint","urlTemplate":"https:\/\/lospoliticosveracruz.com\/?s={search_term_string}"},"query-input":{"@type":"PropertyValueSpecification","valueRequired":true,"valueName":"search_term_string"}}],"inLanguage":"es"},{"@type":"Organization","@id":"https:\/\/lospoliticosveracruz.com\/#organization","name":"Los pol\u00edticos Veracruz","url":"https:\/\/lospoliticosveracruz.com\/","logo":{"@type":"ImageObject","inLanguage":"es","@id":"https:\/\/lospoliticosveracruz.com\/#\/schema\/logo\/image\/","url":"https:\/\/lospoliticosveracruz.com\/wp-content\/uploads\/2025\/12\/Logo-Nuevo-LOS-POLITICOS-1.jpg","contentUrl":"https:\/\/lospoliticosveracruz.com\/wp-content\/uploads\/2025\/12\/Logo-Nuevo-LOS-POLITICOS-1.jpg","width":260,"height":70,"caption":"Los pol\u00edticos Veracruz"},"image":{"@id":"https:\/\/lospoliticosveracruz.com\/#\/schema\/logo\/image\/"},"sameAs":["https:\/\/www.facebook.com\/people\/Notimemes-de-los-Polticos\/61565672886568\/","https:\/\/x.com\/LosPoliticosVer"]},{"@type":"Person","@id":"https:\/\/lospoliticosveracruz.com\/#\/schema\/person\/b8702bb0e538456e6efd07080bf2a4a2","name":"Lo viste en Los Pol\u00edticos","image":{"@type":"ImageObject","inLanguage":"es","@id":"https:\/\/secure.gravatar.com\/avatar\/3a8de04a2656d44082be478bd6c086daa447c4651605818287b9532d3d0bd435?s=96&d=mm&r=g","url":"https:\/\/secure.gravatar.com\/avatar\/3a8de04a2656d44082be478bd6c086daa447c4651605818287b9532d3d0bd435?s=96&d=mm&r=g","contentUrl":"https:\/\/secure.gravatar.com\/avatar\/3a8de04a2656d44082be478bd6c086daa447c4651605818287b9532d3d0bd435?s=96&d=mm&r=g","caption":"Lo viste en Los Pol\u00edticos"},"url":"https:\/\/lospoliticosveracruz.com\/?author=2"}]}},"_links":{"self":[{"href":"https:\/\/lospoliticosveracruz.com\/index.php?rest_route=\/wp\/v2\/posts\/17520","targetHints":{"allow":["GET"]}}],"collection":[{"href":"https:\/\/lospoliticosveracruz.com\/index.php?rest_route=\/wp\/v2\/posts"}],"about":[{"href":"https:\/\/lospoliticosveracruz.com\/index.php?rest_route=\/wp\/v2\/types\/post"}],"author":[{"embeddable":true,"href":"https:\/\/lospoliticosveracruz.com\/index.php?rest_route=\/wp\/v2\/users\/2"}],"replies":[{"embeddable":true,"href":"https:\/\/lospoliticosveracruz.com\/index.php?rest_route=%2Fwp%2Fv2%2Fcomments&post=17520"}],"version-history":[{"count":1,"href":"https:\/\/lospoliticosveracruz.com\/index.php?rest_route=\/wp\/v2\/posts\/17520\/revisions"}],"predecessor-version":[{"id":17522,"href":"https:\/\/lospoliticosveracruz.com\/index.php?rest_route=\/wp\/v2\/posts\/17520\/revisions\/17522"}],"wp:attachment":[{"href":"https:\/\/lospoliticosveracruz.com\/index.php?rest_route=%2Fwp%2Fv2%2Fmedia&parent=17520"}],"wp:term":[{"taxonomy":"category","embeddable":true,"href":"https:\/\/lospoliticosveracruz.com\/index.php?rest_route=%2Fwp%2Fv2%2Fcategories&post=17520"},{"taxonomy":"post_tag","embeddable":true,"href":"https:\/\/lospoliticosveracruz.com\/index.php?rest_route=%2Fwp%2Fv2%2Ftags&post=17520"}],"curies":[{"name":"wp","href":"https:\/\/api.w.org\/{rel}","templated":true}]}}