{"id":17543,"date":"2015-08-28T08:03:42","date_gmt":"2015-08-28T13:03:42","guid":{"rendered":"http:\/\/www.lospoliticosveracruz.com.mx\/?p=17543"},"modified":"2015-08-28T08:03:42","modified_gmt":"2015-08-28T13:03:42","slug":"morena-levanta-la-mano-para-la-de-2","status":"publish","type":"post","link":"https:\/\/lospoliticosveracruz.com\/?p=17543","title":{"rendered":"Morena levanta la mano para la de 2"},"content":{"rendered":"<p><a href=\"http:\/\/www.lospoliticosveracruz.com.mx\/wp-content\/uploads\/2015\/08\/Roc\u00edo-Nahle.jpg\"><img loading=\"lazy\" decoding=\"async\" class=\"alignnone size-medium wp-image-17544\" src=\"http:\/\/www.lospoliticosveracruz.com.mx\/wp-content\/uploads\/2015\/08\/Roc\u00edo-Nahle-300x217.jpg\" alt=\"Roc\u00edo Nahle\" width=\"300\" height=\"217\" \/><\/a><\/p>\n<p><strong>Valeria Marcial<\/strong><\/p>\n<p><em>En Pol\u00edtica&#8230; Personas y Personalidades<\/em><\/p>\n<p>A\u00fan no toman el cargo para el que fueron elegidos y la jiribilla de la chiqui gubernatura, ya los tiene muy distra\u00eddos. S\u00ed, me refiero a los diputados que habr\u00e1n de tomar apenas posesi\u00f3n en el Congreso de la Uni\u00f3n. Bueno, Morena, PAN, PRI, PRD, etc\u00e9tera.<\/p>\n<p>En su paso fugaz por la entidad, Andr\u00e9s Manuel L\u00f3pez Obrador, este jueves, afirm\u00f3 que su partido va s\u00f3lo rumbo a gubernatura de dos.<\/p>\n<p>(O sea que su dirigente no se va a ir al caf\u00e9 a sentarse y exhibirse para llamar la atenci\u00f3n como el AVE y el PAN)<\/p>\n<p>\u00bfSe sentir\u00e1 muy confiado el peje? Apenas tienes dos Gallos, y ya uno ya anda alborotado&#8230; \u00a1Vaya peeeersonalidad eh!<\/p>\n<p>Para qu\u00e9 Cuitl\u00e1huac Garc\u00eda sea candidato a la gubernatura, primero tendr\u00e1 que estar muy por encima de Norma Roc\u00edo Nahle, a\u00fan diputada electa por el distrito de Coatzacoalcos, quien adem\u00e1s ser\u00e1 la coordinadora de la bancada de Movimiento de Regeneraci\u00f3n Nacional (Morena), en la LXIII Legislatura que habr\u00e1 de tomar posesi\u00f3n este s\u00e1bado 29 a las 11 de la ma\u00f1ana en el sal\u00f3n de Sesiones del H. Congreso de la Uni\u00f3n.<\/p>\n<p>Ambos fueron candidatos en la pasada elecci\u00f3n del 7 de junio pasado, ganaron los distritos por los que compet\u00edan, la diferencia entre Cuitl\u00e1huac y Nahle es muy sencilla y l\u00f3gica.<\/p>\n<p>Cuitl\u00e1huac gan\u00f3 de chiripa, s\u00ed, porque para empezar los ciudadanos en Xalapa, votan en contra del PRI.<\/p>\n<p>Porque los xalape\u00f1os, cada d\u00eda ven los excesos del poder, s\u00ed, las arbitrariedades, excesos y lujos que se dan los funcionarios p\u00fablicos: del municipio, estado y claro, los de los diputados. \u00bfC\u00f3mo no votar en contra?<\/p>\n<p>Adem\u00e1s bien sabe el maestro, que gan\u00f3 por el efecto L\u00f3pez Obrador; s\u00ed, bien que lo sabe.<\/p>\n<p>Es por todos bien sabido que ni al interior del PRI, quieren a Elizabeth, su arrogancia no le permiti\u00f3 ver, que en pol\u00edtica y en las urnas, tambi\u00e9n se pierde. Nadie le record\u00f3 que los ciudadanos tienen memoria.<\/p>\n<p>La votaci\u00f3n hacia Nahle, es distinta, votaron por la candidata.<\/p>\n<p>Ojo, Nahle tendr\u00e1 m\u00e1s reflectores, m\u00e1s espacio para cabildear y podr\u00e1 mover mejor sus cartas, cosa que dudamos que su compa\u00f1ero vaya a poder lograr. Aunque sabemos que lo puede hacer.<\/p>\n<p>Para los legisladores que representar\u00e1n Veracruz, todos los que no son del PRI, son minor\u00eda. 16 vs 5, \u00a1no, pues s\u00ed!<\/p>\n<p>\u00bfQuiz\u00e1s la legisladora por Coatzacoalcos ser\u00e1 buena carta para Morena?<\/p>\n<p>Para qu\u00e9 Cuitl\u00e1huac sea candidato tendr\u00e1 que pasar por encima de Norma Roc\u00edo Nahle. \u00a1Y eso no creo que se pueda!<\/p>\n<p>Bien lo dec\u00eda el perredista Uriel Flores Aguayo, falta que las mujeres nos interesemos a\u00fan m\u00e1s por la pol\u00edtica.<\/p>\n<p>No es lo mismo c\u00f3mo opera el PRI en Xalapa en elecciones, a c\u00f3mo \u00f3pera en el resto de la entidad, en los 211 municipios.<\/p>\n<p><strong>Breves<\/strong><br \/>\nSe tiene previsto que al homenaje y muestra de Cantinflas, asista Don Miguel Alem\u00e1n, este viernes.<\/p>\n","protected":false},"excerpt":{"rendered":"<p>Valeria Marcial En Pol\u00edtica&#8230; Personas y Personalidades A\u00fan no toman el cargo para el que fueron elegidos y la jiribilla de la chiqui gubernatura, ya los tiene muy distra\u00eddos. S\u00ed, me refiero a los diputados que habr\u00e1n de tomar apenas posesi\u00f3n en el Congreso de la Uni\u00f3n. Bueno, Morena, PAN, PRI, PRD, etc\u00e9tera. En su [&hellip;]<\/p>\n","protected":false},"author":2,"featured_media":0,"comment_status":"open","ping_status":"open","sticky":false,"template":"","format":"standard","meta":{"tdm_status":"","tdm_grid_status":"","footnotes":""},"categories":[70],"tags":[618,1681,662,3258],"class_list":{"0":"post-17543","1":"post","2":"type-post","3":"status-publish","4":"format-standard","6":"category-de-opinion","7":"tag-andres-manuel-lopez-obrador","8":"tag-cuitlahuac-garcia","9":"tag-gubernatura","10":"tag-norma-rocio-nahle"},"yoast_head":"<!-- This site is optimized with the Yoast SEO plugin v27.4 - https:\/\/yoast.com\/product\/yoast-seo-wordpress\/ -->\n<title>Morena levanta la mano para la de 2 - Los pol\u00edticos Veracruz<\/title>\n<meta name=\"robots\" content=\"index, follow, max-snippet:-1, max-image-preview:large, max-video-preview:-1\" \/>\n<link rel=\"canonical\" href=\"https:\/\/lospoliticosveracruz.com\/?p=17543\" \/>\n<meta property=\"og:locale\" content=\"es_ES\" \/>\n<meta property=\"og:type\" content=\"article\" \/>\n<meta property=\"og:title\" content=\"Morena levanta la mano para la de 2 - Los pol\u00edticos Veracruz\" \/>\n<meta property=\"og:description\" content=\"Valeria Marcial En Pol\u00edtica&#8230; Personas y Personalidades A\u00fan no toman el cargo para el que fueron elegidos y la jiribilla de la chiqui gubernatura, ya los tiene muy distra\u00eddos. S\u00ed, me refiero a los diputados que habr\u00e1n de tomar apenas posesi\u00f3n en el Congreso de la Uni\u00f3n. Bueno, Morena, PAN, PRI, PRD, etc\u00e9tera. En su [&hellip;]\" \/>\n<meta property=\"og:url\" content=\"https:\/\/lospoliticosveracruz.com\/?p=17543\" \/>\n<meta property=\"og:site_name\" content=\"Los pol\u00edticos Veracruz\" \/>\n<meta property=\"article:publisher\" content=\"https:\/\/www.facebook.com\/people\/Notimemes-de-los-Polticos\/61565672886568\/\" \/>\n<meta property=\"article:published_time\" content=\"2015-08-28T13:03:42+00:00\" \/>\n<meta property=\"og:image\" content=\"https:\/\/lospoliticosveracruz.com\/wp-content\/uploads\/2016\/07\/Logo-Dor.jpg\" \/>\n\t<meta property=\"og:image:width\" content=\"200\" \/>\n\t<meta property=\"og:image:height\" content=\"200\" \/>\n\t<meta property=\"og:image:type\" content=\"image\/jpeg\" \/>\n<meta name=\"author\" content=\"Lo viste en Los Pol\u00edticos\" \/>\n<meta name=\"twitter:card\" content=\"summary_large_image\" \/>\n<meta name=\"twitter:creator\" content=\"@LosPoliticosVer\" \/>\n<meta name=\"twitter:site\" content=\"@LosPoliticosVer\" \/>\n<meta name=\"twitter:label1\" content=\"Escrito por\" \/>\n\t<meta name=\"twitter:data1\" content=\"Lo viste en Los Pol\u00edticos\" \/>\n\t<meta name=\"twitter:label2\" content=\"Tiempo de lectura\" \/>\n\t<meta name=\"twitter:data2\" content=\"3 minutos\" \/>\n<script type=\"application\/ld+json\" class=\"yoast-schema-graph\">{\"@context\":\"https:\\\/\\\/schema.org\",\"@graph\":[{\"@type\":\"Article\",\"@id\":\"https:\\\/\\\/lospoliticosveracruz.com\\\/?p=17543#article\",\"isPartOf\":{\"@id\":\"https:\\\/\\\/lospoliticosveracruz.com\\\/?p=17543\"},\"author\":{\"name\":\"Lo viste en Los Pol\u00edticos\",\"@id\":\"https:\\\/\\\/lospoliticosveracruz.com\\\/#\\\/schema\\\/person\\\/b8702bb0e538456e6efd07080bf2a4a2\"},\"headline\":\"Morena levanta la mano para la de 2\",\"datePublished\":\"2015-08-28T13:03:42+00:00\",\"mainEntityOfPage\":{\"@id\":\"https:\\\/\\\/lospoliticosveracruz.com\\\/?p=17543\"},\"wordCount\":537,\"commentCount\":0,\"publisher\":{\"@id\":\"https:\\\/\\\/lospoliticosveracruz.com\\\/#organization\"},\"keywords\":[\"Andr\u00e9s Manuel L\u00f3pez Obrador\",\"Cuitl\u00e1huac Garc\u00eda\",\"gubernatura\",\"Norma Roc\u00edo Nahle\"],\"articleSection\":[\"De Opini\u00f3n\"],\"inLanguage\":\"es\",\"potentialAction\":[{\"@type\":\"CommentAction\",\"name\":\"Comment\",\"target\":[\"https:\\\/\\\/lospoliticosveracruz.com\\\/?p=17543#respond\"]}]},{\"@type\":\"WebPage\",\"@id\":\"https:\\\/\\\/lospoliticosveracruz.com\\\/?p=17543\",\"url\":\"https:\\\/\\\/lospoliticosveracruz.com\\\/?p=17543\",\"name\":\"Morena levanta la mano para la de 2 - Los pol\u00edticos Veracruz\",\"isPartOf\":{\"@id\":\"https:\\\/\\\/lospoliticosveracruz.com\\\/#website\"},\"datePublished\":\"2015-08-28T13:03:42+00:00\",\"breadcrumb\":{\"@id\":\"https:\\\/\\\/lospoliticosveracruz.com\\\/?p=17543#breadcrumb\"},\"inLanguage\":\"es\",\"potentialAction\":[{\"@type\":\"ReadAction\",\"target\":[\"https:\\\/\\\/lospoliticosveracruz.com\\\/?p=17543\"]}]},{\"@type\":\"BreadcrumbList\",\"@id\":\"https:\\\/\\\/lospoliticosveracruz.com\\\/?p=17543#breadcrumb\",\"itemListElement\":[{\"@type\":\"ListItem\",\"position\":1,\"name\":\"Portada\",\"item\":\"https:\\\/\\\/lospoliticosveracruz.com\\\/\"},{\"@type\":\"ListItem\",\"position\":2,\"name\":\"Morena levanta la mano para la de 2\"}]},{\"@type\":\"WebSite\",\"@id\":\"https:\\\/\\\/lospoliticosveracruz.com\\\/#website\",\"url\":\"https:\\\/\\\/lospoliticosveracruz.com\\\/\",\"name\":\"Los pol\u00edticos Veracruz\",\"description\":\"\",\"publisher\":{\"@id\":\"https:\\\/\\\/lospoliticosveracruz.com\\\/#organization\"},\"potentialAction\":[{\"@type\":\"SearchAction\",\"target\":{\"@type\":\"EntryPoint\",\"urlTemplate\":\"https:\\\/\\\/lospoliticosveracruz.com\\\/?s={search_term_string}\"},\"query-input\":{\"@type\":\"PropertyValueSpecification\",\"valueRequired\":true,\"valueName\":\"search_term_string\"}}],\"inLanguage\":\"es\"},{\"@type\":\"Organization\",\"@id\":\"https:\\\/\\\/lospoliticosveracruz.com\\\/#organization\",\"name\":\"Los pol\u00edticos Veracruz\",\"url\":\"https:\\\/\\\/lospoliticosveracruz.com\\\/\",\"logo\":{\"@type\":\"ImageObject\",\"inLanguage\":\"es\",\"@id\":\"https:\\\/\\\/lospoliticosveracruz.com\\\/#\\\/schema\\\/logo\\\/image\\\/\",\"url\":\"https:\\\/\\\/lospoliticosveracruz.com\\\/wp-content\\\/uploads\\\/2025\\\/12\\\/Logo-Nuevo-LOS-POLITICOS-1.jpg\",\"contentUrl\":\"https:\\\/\\\/lospoliticosveracruz.com\\\/wp-content\\\/uploads\\\/2025\\\/12\\\/Logo-Nuevo-LOS-POLITICOS-1.jpg\",\"width\":260,\"height\":70,\"caption\":\"Los pol\u00edticos Veracruz\"},\"image\":{\"@id\":\"https:\\\/\\\/lospoliticosveracruz.com\\\/#\\\/schema\\\/logo\\\/image\\\/\"},\"sameAs\":[\"https:\\\/\\\/www.facebook.com\\\/people\\\/Notimemes-de-los-Polticos\\\/61565672886568\\\/\",\"https:\\\/\\\/x.com\\\/LosPoliticosVer\"]},{\"@type\":\"Person\",\"@id\":\"https:\\\/\\\/lospoliticosveracruz.com\\\/#\\\/schema\\\/person\\\/b8702bb0e538456e6efd07080bf2a4a2\",\"name\":\"Lo viste en Los Pol\u00edticos\",\"image\":{\"@type\":\"ImageObject\",\"inLanguage\":\"es\",\"@id\":\"https:\\\/\\\/secure.gravatar.com\\\/avatar\\\/3a8de04a2656d44082be478bd6c086daa447c4651605818287b9532d3d0bd435?s=96&d=mm&r=g\",\"url\":\"https:\\\/\\\/secure.gravatar.com\\\/avatar\\\/3a8de04a2656d44082be478bd6c086daa447c4651605818287b9532d3d0bd435?s=96&d=mm&r=g\",\"contentUrl\":\"https:\\\/\\\/secure.gravatar.com\\\/avatar\\\/3a8de04a2656d44082be478bd6c086daa447c4651605818287b9532d3d0bd435?s=96&d=mm&r=g\",\"caption\":\"Lo viste en Los Pol\u00edticos\"},\"url\":\"https:\\\/\\\/lospoliticosveracruz.com\\\/?author=2\"}]}<\/script>\n<!-- \/ Yoast SEO plugin. -->","yoast_head_json":{"title":"Morena levanta la mano para la de 2 - Los pol\u00edticos Veracruz","robots":{"index":"index","follow":"follow","max-snippet":"max-snippet:-1","max-image-preview":"max-image-preview:large","max-video-preview":"max-video-preview:-1"},"canonical":"https:\/\/lospoliticosveracruz.com\/?p=17543","og_locale":"es_ES","og_type":"article","og_title":"Morena levanta la mano para la de 2 - Los pol\u00edticos Veracruz","og_description":"Valeria Marcial En Pol\u00edtica&#8230; Personas y Personalidades A\u00fan no toman el cargo para el que fueron elegidos y la jiribilla de la chiqui gubernatura, ya los tiene muy distra\u00eddos. S\u00ed, me refiero a los diputados que habr\u00e1n de tomar apenas posesi\u00f3n en el Congreso de la Uni\u00f3n. Bueno, Morena, PAN, PRI, PRD, etc\u00e9tera. En su [&hellip;]","og_url":"https:\/\/lospoliticosveracruz.com\/?p=17543","og_site_name":"Los pol\u00edticos Veracruz","article_publisher":"https:\/\/www.facebook.com\/people\/Notimemes-de-los-Polticos\/61565672886568\/","article_published_time":"2015-08-28T13:03:42+00:00","og_image":[{"width":200,"height":200,"url":"https:\/\/lospoliticosveracruz.com\/wp-content\/uploads\/2016\/07\/Logo-Dor.jpg","type":"image\/jpeg"}],"author":"Lo viste en Los Pol\u00edticos","twitter_card":"summary_large_image","twitter_creator":"@LosPoliticosVer","twitter_site":"@LosPoliticosVer","twitter_misc":{"Escrito por":"Lo viste en Los Pol\u00edticos","Tiempo de lectura":"3 minutos"},"schema":{"@context":"https:\/\/schema.org","@graph":[{"@type":"Article","@id":"https:\/\/lospoliticosveracruz.com\/?p=17543#article","isPartOf":{"@id":"https:\/\/lospoliticosveracruz.com\/?p=17543"},"author":{"name":"Lo viste en Los Pol\u00edticos","@id":"https:\/\/lospoliticosveracruz.com\/#\/schema\/person\/b8702bb0e538456e6efd07080bf2a4a2"},"headline":"Morena levanta la mano para la de 2","datePublished":"2015-08-28T13:03:42+00:00","mainEntityOfPage":{"@id":"https:\/\/lospoliticosveracruz.com\/?p=17543"},"wordCount":537,"commentCount":0,"publisher":{"@id":"https:\/\/lospoliticosveracruz.com\/#organization"},"keywords":["Andr\u00e9s Manuel L\u00f3pez Obrador","Cuitl\u00e1huac Garc\u00eda","gubernatura","Norma Roc\u00edo Nahle"],"articleSection":["De Opini\u00f3n"],"inLanguage":"es","potentialAction":[{"@type":"CommentAction","name":"Comment","target":["https:\/\/lospoliticosveracruz.com\/?p=17543#respond"]}]},{"@type":"WebPage","@id":"https:\/\/lospoliticosveracruz.com\/?p=17543","url":"https:\/\/lospoliticosveracruz.com\/?p=17543","name":"Morena levanta la mano para la de 2 - Los pol\u00edticos Veracruz","isPartOf":{"@id":"https:\/\/lospoliticosveracruz.com\/#website"},"datePublished":"2015-08-28T13:03:42+00:00","breadcrumb":{"@id":"https:\/\/lospoliticosveracruz.com\/?p=17543#breadcrumb"},"inLanguage":"es","potentialAction":[{"@type":"ReadAction","target":["https:\/\/lospoliticosveracruz.com\/?p=17543"]}]},{"@type":"BreadcrumbList","@id":"https:\/\/lospoliticosveracruz.com\/?p=17543#breadcrumb","itemListElement":[{"@type":"ListItem","position":1,"name":"Portada","item":"https:\/\/lospoliticosveracruz.com\/"},{"@type":"ListItem","position":2,"name":"Morena levanta la mano para la de 2"}]},{"@type":"WebSite","@id":"https:\/\/lospoliticosveracruz.com\/#website","url":"https:\/\/lospoliticosveracruz.com\/","name":"Los pol\u00edticos Veracruz","description":"","publisher":{"@id":"https:\/\/lospoliticosveracruz.com\/#organization"},"potentialAction":[{"@type":"SearchAction","target":{"@type":"EntryPoint","urlTemplate":"https:\/\/lospoliticosveracruz.com\/?s={search_term_string}"},"query-input":{"@type":"PropertyValueSpecification","valueRequired":true,"valueName":"search_term_string"}}],"inLanguage":"es"},{"@type":"Organization","@id":"https:\/\/lospoliticosveracruz.com\/#organization","name":"Los pol\u00edticos Veracruz","url":"https:\/\/lospoliticosveracruz.com\/","logo":{"@type":"ImageObject","inLanguage":"es","@id":"https:\/\/lospoliticosveracruz.com\/#\/schema\/logo\/image\/","url":"https:\/\/lospoliticosveracruz.com\/wp-content\/uploads\/2025\/12\/Logo-Nuevo-LOS-POLITICOS-1.jpg","contentUrl":"https:\/\/lospoliticosveracruz.com\/wp-content\/uploads\/2025\/12\/Logo-Nuevo-LOS-POLITICOS-1.jpg","width":260,"height":70,"caption":"Los pol\u00edticos Veracruz"},"image":{"@id":"https:\/\/lospoliticosveracruz.com\/#\/schema\/logo\/image\/"},"sameAs":["https:\/\/www.facebook.com\/people\/Notimemes-de-los-Polticos\/61565672886568\/","https:\/\/x.com\/LosPoliticosVer"]},{"@type":"Person","@id":"https:\/\/lospoliticosveracruz.com\/#\/schema\/person\/b8702bb0e538456e6efd07080bf2a4a2","name":"Lo viste en Los Pol\u00edticos","image":{"@type":"ImageObject","inLanguage":"es","@id":"https:\/\/secure.gravatar.com\/avatar\/3a8de04a2656d44082be478bd6c086daa447c4651605818287b9532d3d0bd435?s=96&d=mm&r=g","url":"https:\/\/secure.gravatar.com\/avatar\/3a8de04a2656d44082be478bd6c086daa447c4651605818287b9532d3d0bd435?s=96&d=mm&r=g","contentUrl":"https:\/\/secure.gravatar.com\/avatar\/3a8de04a2656d44082be478bd6c086daa447c4651605818287b9532d3d0bd435?s=96&d=mm&r=g","caption":"Lo viste en Los Pol\u00edticos"},"url":"https:\/\/lospoliticosveracruz.com\/?author=2"}]}},"_links":{"self":[{"href":"https:\/\/lospoliticosveracruz.com\/index.php?rest_route=\/wp\/v2\/posts\/17543","targetHints":{"allow":["GET"]}}],"collection":[{"href":"https:\/\/lospoliticosveracruz.com\/index.php?rest_route=\/wp\/v2\/posts"}],"about":[{"href":"https:\/\/lospoliticosveracruz.com\/index.php?rest_route=\/wp\/v2\/types\/post"}],"author":[{"embeddable":true,"href":"https:\/\/lospoliticosveracruz.com\/index.php?rest_route=\/wp\/v2\/users\/2"}],"replies":[{"embeddable":true,"href":"https:\/\/lospoliticosveracruz.com\/index.php?rest_route=%2Fwp%2Fv2%2Fcomments&post=17543"}],"version-history":[{"count":1,"href":"https:\/\/lospoliticosveracruz.com\/index.php?rest_route=\/wp\/v2\/posts\/17543\/revisions"}],"predecessor-version":[{"id":17545,"href":"https:\/\/lospoliticosveracruz.com\/index.php?rest_route=\/wp\/v2\/posts\/17543\/revisions\/17545"}],"wp:attachment":[{"href":"https:\/\/lospoliticosveracruz.com\/index.php?rest_route=%2Fwp%2Fv2%2Fmedia&parent=17543"}],"wp:term":[{"taxonomy":"category","embeddable":true,"href":"https:\/\/lospoliticosveracruz.com\/index.php?rest_route=%2Fwp%2Fv2%2Fcategories&post=17543"},{"taxonomy":"post_tag","embeddable":true,"href":"https:\/\/lospoliticosveracruz.com\/index.php?rest_route=%2Fwp%2Fv2%2Ftags&post=17543"}],"curies":[{"name":"wp","href":"https:\/\/api.w.org\/{rel}","templated":true}]}}