{"id":17668,"date":"2015-09-03T23:08:06","date_gmt":"2015-09-04T04:08:06","guid":{"rendered":"http:\/\/www.lospoliticosveracruz.com.mx\/?p=17668"},"modified":"2015-09-03T23:08:06","modified_gmt":"2015-09-04T04:08:06","slug":"memo-heber-y-rodrigo","status":"publish","type":"post","link":"https:\/\/lospoliticosveracruz.com\/?p=17668","title":{"rendered":"Memo, Heber y Rodrigo"},"content":{"rendered":"<p><a href=\"http:\/\/www.lospoliticosveracruz.com.mx\/wp-content\/uploads\/2015\/09\/Guillermo-Heber-Rodrigo.jpg\"><img loading=\"lazy\" decoding=\"async\" class=\"alignnone size-medium wp-image-17669\" src=\"http:\/\/www.lospoliticosveracruz.com.mx\/wp-content\/uploads\/2015\/09\/Guillermo-Heber-Rodrigo-300x157.jpg\" alt=\"Guillermo Heber Rodrigo\" width=\"300\" height=\"157\" \/><\/a><br \/>\n<strong>Salvador Mu\u00f1oz<\/strong><\/p>\n<p><em>Los Pol\u00edticos<\/em><\/p>\n<p>A los 22 a\u00f1os, es el diputado m\u00e1s joven de San L\u00e1zaro, y si nos apuran, de todo M\u00e9xico. Llega por Morena, por la v\u00eda plurinominal. Y s\u00ed, se sac\u00f3 la loter\u00eda cuando por medio de la famosa \u201ct\u00f3mbola\u201d del Peje, sali\u00f3 su nombre para ser postulado para tal cargo.<br \/>\nSe llama Guillermo Rafael Santiago Rodr\u00edguez, es de Chiapas, y su inclusi\u00f3n a la pol\u00edtica se da por medio del movimiento #yosoy132.<br \/>\nEs sincero y abiertamente dice que no sabe nada de lo que es el trabajo legislativo, pero asegura que est\u00e1 estudiando y promete denunciar las corruptelas que detecte en el Congreso de la Uni\u00f3n.<br \/>\nPero quiz\u00e1s la mayor sorpresa que dio Guillermo Rafael, muy aparte de su edad, es que est\u00e1 dispuesto a donar el 70 por ciento de sus ingresos y quedarse tan s\u00f3lo con 36 mil pesos.<br \/>\nEs una sorpresa grata en el universo pol\u00edtico. Ideas frescas, ideales frescos\u2026 Morena da un gran paso, con un dejo de fortuna tombolera, con la inclusi\u00f3n de j\u00f3venes.<br \/>\nII<br \/>\nTiene dos perros\u2026 Samy y Loco. Tambi\u00e9n tuvo uno m\u00e1s que llam\u00f3 Suertudo.<br \/>\nA Suertudo lo encontr\u00f3 en una ocasi\u00f3n que viajaba por la carretera de regreso a Misantla. Alcanz\u00f3 a ver un bulto y pidi\u00f3 al chofer que detuviera la unidad. \u00bfSer\u00e1 un tlacuache? Con celular en mano se acerc\u00f3 y vio que era un perrito\u2026 a lo mejor golpeado por otro carro. \u2013\u00a1Qu\u00e9 suerte que te encontr\u00e9\u2013 y por eso le llam\u00f3 Suertudo.<br \/>\nSin embargo, en cierta ocasi\u00f3n que sali\u00f3 de su casa con el perrito, \u00e9ste corri\u00f3 por la calle y una ambulancia pas\u00f3 rauda, d\u00e1ndole muerte\u2026 ah\u00ed acab\u00f3 la suerte de Suertudo.<br \/>\nA Samy la encontr\u00f3 con una pata partida en tres, una lesi\u00f3n en la cl\u00e1v\u00edcula, llena de pulgas, chinches y otros par\u00e1sitos internos\u2026 y adem\u00e1s de eso, \u00a1estaba en celo! pesaba tres kilos y fracci\u00f3n cuando la recogi\u00f3\u2026 hoy, por supuesto ya est\u00e1 recuperada.<br \/>\nSu otra mascota, confiesa, \u00a1se la rob\u00f3! era un cachorrito al que ten\u00edan amarrado todo el tiempo en un poste. Cuando fueron a reclamarle, el perrito corr\u00eda como loco en su jard\u00edn\u2026 no tuvieron argumentos para ped\u00edrselo. S\u00ed, por eso le llam\u00f3 Loco.<br \/>\nTen\u00eda 28 a\u00f1os Heber Carballo Salazar cuando fue electo diputado\u2026 y podr\u00eda hablar m\u00e1s cosas de \u00e9l, pero la verdad, este dejo de bondad en un joven creo que vale la pena contar cuando hay tantos que cuentan cosas malas.<br \/>\nIII<br \/>\nEstaba flaco, muy flaco. Me recordaba a m\u00ed a esa edad, aunque en realidad, yo no vest\u00eda saco ni usaba corbata a los 16 a\u00f1os como \u00e9l. Yo jugaba futbol mientras \u00e9l ya se encargaba de dar discursos, como un Jilguero, en diversos eventos pol\u00edticos.<br \/>\nUn d\u00eda le dije: \u201cSi vas a entrar a la pol\u00edtica, arr\u00e9glate los dientes\u201d. Quiz\u00e1s fui muy duro, me cuesta a veces ser terso con la gente. Pero me hizo caso o realmente vio que no hubo mala intenci\u00f3n en mi comentario.<br \/>\nHoy, tiene 24 a\u00f1os si la memoria no me falla.<br \/>\nHoy, es blanco de cr\u00edticas, algunas absurdas y duras; otras, lisonjeras.<br \/>\nEst\u00e1 en \u00e9l sopesarlas porque desde el puesto que tiene, se ha vuelto objeto de cr\u00edtica.<br \/>\nHay quienes ya lo candidatean para diputado local\u2026 quien haya pensado en la edad como obst\u00e1culo, el ejemplo de Guillermo Rafael lo brinca. Hay quienes lo postulan para un cargo dentro del partido\u2026 Pero quien conoce a Rodrigo Montoya sabe que puede hacer m\u00e1s al lado de Am\u00e9rico Z\u00fa\u00f1iga que haciendo caso al canto de las sirenas.<br \/>\nBaste echar una mirada hacia atr\u00e1s y ver que Guillermo Rafael, hace unos tres a\u00f1os, era un jovenzuelo alzando la voz contra el gobierno\u2026 ver que Heber Carballo era secretario particular de Juan Nicol\u00e1s Callejas en San L\u00e1zaro\u2026 hoy, Rodrigo, vive un momento interesante en su carrera, porque el particular del alcalde de Xalapa es blanco de cr\u00edticas, sean buenas o malas, y \u00e9stas, al final, son un term\u00f3metro de que este joven, al igual que los otros dos citados, est\u00e1 creciendo\u2026<\/p>\n<p>smcainito@gmail.com<\/p>\n","protected":false},"excerpt":{"rendered":"<p>Salvador Mu\u00f1oz Los Pol\u00edticos A los 22 a\u00f1os, es el diputado m\u00e1s joven de San L\u00e1zaro, y si nos apuran, de todo M\u00e9xico. Llega por Morena, por la v\u00eda plurinominal. Y s\u00ed, se sac\u00f3 la loter\u00eda cuando por medio de la famosa \u201ct\u00f3mbola\u201d del Peje, sali\u00f3 su nombre para ser postulado para tal cargo. Se [&hellip;]<\/p>\n","protected":false},"author":2,"featured_media":0,"comment_status":"open","ping_status":"open","sticky":false,"template":"","format":"standard","meta":{"tdm_status":"","tdm_grid_status":"","footnotes":""},"categories":[70],"tags":[3320,3321,2738,3270],"class_list":{"0":"post-17668","1":"post","2":"type-post","3":"status-publish","4":"format-standard","6":"category-de-opinion","7":"tag-guillermo-rafael-santiago-rodriguez","8":"tag-heber-carvallo-salazar","9":"tag-rodrigo-montoya-rivera","10":"tag-san-lazaro"},"yoast_head":"<!-- This site is optimized with the Yoast SEO plugin v27.4 - https:\/\/yoast.com\/product\/yoast-seo-wordpress\/ -->\n<title>Memo, Heber y Rodrigo - Los pol\u00edticos Veracruz<\/title>\n<meta name=\"robots\" content=\"index, follow, max-snippet:-1, max-image-preview:large, max-video-preview:-1\" \/>\n<link rel=\"canonical\" href=\"https:\/\/lospoliticosveracruz.com\/?p=17668\" \/>\n<meta property=\"og:locale\" content=\"es_ES\" \/>\n<meta property=\"og:type\" content=\"article\" \/>\n<meta property=\"og:title\" content=\"Memo, Heber y Rodrigo - Los pol\u00edticos Veracruz\" \/>\n<meta property=\"og:description\" content=\"Salvador Mu\u00f1oz Los Pol\u00edticos A los 22 a\u00f1os, es el diputado m\u00e1s joven de San L\u00e1zaro, y si nos apuran, de todo M\u00e9xico. Llega por Morena, por la v\u00eda plurinominal. Y s\u00ed, se sac\u00f3 la loter\u00eda cuando por medio de la famosa \u201ct\u00f3mbola\u201d del Peje, sali\u00f3 su nombre para ser postulado para tal cargo. Se [&hellip;]\" \/>\n<meta property=\"og:url\" content=\"https:\/\/lospoliticosveracruz.com\/?p=17668\" \/>\n<meta property=\"og:site_name\" content=\"Los pol\u00edticos Veracruz\" \/>\n<meta property=\"article:publisher\" content=\"https:\/\/www.facebook.com\/people\/Notimemes-de-los-Polticos\/61565672886568\/\" \/>\n<meta property=\"article:published_time\" content=\"2015-09-04T04:08:06+00:00\" \/>\n<meta property=\"og:image\" content=\"http:\/\/www.lospoliticosveracruz.com.mx\/wp-content\/uploads\/2015\/09\/Guillermo-Heber-Rodrigo-300x157.jpg\" \/>\n<meta name=\"author\" content=\"Lo viste en Los Pol\u00edticos\" \/>\n<meta name=\"twitter:card\" content=\"summary_large_image\" \/>\n<meta name=\"twitter:creator\" content=\"@LosPoliticosVer\" \/>\n<meta name=\"twitter:site\" content=\"@LosPoliticosVer\" \/>\n<meta name=\"twitter:label1\" content=\"Escrito por\" \/>\n\t<meta name=\"twitter:data1\" content=\"Lo viste en Los Pol\u00edticos\" \/>\n\t<meta name=\"twitter:label2\" content=\"Tiempo de lectura\" \/>\n\t<meta name=\"twitter:data2\" content=\"4 minutos\" \/>\n<script type=\"application\/ld+json\" class=\"yoast-schema-graph\">{\"@context\":\"https:\\\/\\\/schema.org\",\"@graph\":[{\"@type\":\"Article\",\"@id\":\"https:\\\/\\\/lospoliticosveracruz.com\\\/?p=17668#article\",\"isPartOf\":{\"@id\":\"https:\\\/\\\/lospoliticosveracruz.com\\\/?p=17668\"},\"author\":{\"name\":\"Lo viste en Los Pol\u00edticos\",\"@id\":\"https:\\\/\\\/lospoliticosveracruz.com\\\/#\\\/schema\\\/person\\\/b8702bb0e538456e6efd07080bf2a4a2\"},\"headline\":\"Memo, Heber y Rodrigo\",\"datePublished\":\"2015-09-04T04:08:06+00:00\",\"mainEntityOfPage\":{\"@id\":\"https:\\\/\\\/lospoliticosveracruz.com\\\/?p=17668\"},\"wordCount\":730,\"commentCount\":1,\"publisher\":{\"@id\":\"https:\\\/\\\/lospoliticosveracruz.com\\\/#organization\"},\"image\":{\"@id\":\"https:\\\/\\\/lospoliticosveracruz.com\\\/?p=17668#primaryimage\"},\"thumbnailUrl\":\"http:\\\/\\\/www.lospoliticosveracruz.com.mx\\\/wp-content\\\/uploads\\\/2015\\\/09\\\/Guillermo-Heber-Rodrigo-300x157.jpg\",\"keywords\":[\"Guillermo Rafael Santiago Rodr\u00edguez\",\"Heber Carvallo Salazar\",\"Rodrigo Montoya Rivera\",\"San L\u00e1zaro\"],\"articleSection\":[\"De Opini\u00f3n\"],\"inLanguage\":\"es\",\"potentialAction\":[{\"@type\":\"CommentAction\",\"name\":\"Comment\",\"target\":[\"https:\\\/\\\/lospoliticosveracruz.com\\\/?p=17668#respond\"]}]},{\"@type\":\"WebPage\",\"@id\":\"https:\\\/\\\/lospoliticosveracruz.com\\\/?p=17668\",\"url\":\"https:\\\/\\\/lospoliticosveracruz.com\\\/?p=17668\",\"name\":\"Memo, Heber y Rodrigo - Los pol\u00edticos Veracruz\",\"isPartOf\":{\"@id\":\"https:\\\/\\\/lospoliticosveracruz.com\\\/#website\"},\"primaryImageOfPage\":{\"@id\":\"https:\\\/\\\/lospoliticosveracruz.com\\\/?p=17668#primaryimage\"},\"image\":{\"@id\":\"https:\\\/\\\/lospoliticosveracruz.com\\\/?p=17668#primaryimage\"},\"thumbnailUrl\":\"http:\\\/\\\/www.lospoliticosveracruz.com.mx\\\/wp-content\\\/uploads\\\/2015\\\/09\\\/Guillermo-Heber-Rodrigo-300x157.jpg\",\"datePublished\":\"2015-09-04T04:08:06+00:00\",\"breadcrumb\":{\"@id\":\"https:\\\/\\\/lospoliticosveracruz.com\\\/?p=17668#breadcrumb\"},\"inLanguage\":\"es\",\"potentialAction\":[{\"@type\":\"ReadAction\",\"target\":[\"https:\\\/\\\/lospoliticosveracruz.com\\\/?p=17668\"]}]},{\"@type\":\"ImageObject\",\"inLanguage\":\"es\",\"@id\":\"https:\\\/\\\/lospoliticosveracruz.com\\\/?p=17668#primaryimage\",\"url\":\"http:\\\/\\\/www.lospoliticosveracruz.com.mx\\\/wp-content\\\/uploads\\\/2015\\\/09\\\/Guillermo-Heber-Rodrigo-300x157.jpg\",\"contentUrl\":\"http:\\\/\\\/www.lospoliticosveracruz.com.mx\\\/wp-content\\\/uploads\\\/2015\\\/09\\\/Guillermo-Heber-Rodrigo-300x157.jpg\"},{\"@type\":\"BreadcrumbList\",\"@id\":\"https:\\\/\\\/lospoliticosveracruz.com\\\/?p=17668#breadcrumb\",\"itemListElement\":[{\"@type\":\"ListItem\",\"position\":1,\"name\":\"Portada\",\"item\":\"https:\\\/\\\/lospoliticosveracruz.com\\\/\"},{\"@type\":\"ListItem\",\"position\":2,\"name\":\"Memo, Heber y Rodrigo\"}]},{\"@type\":\"WebSite\",\"@id\":\"https:\\\/\\\/lospoliticosveracruz.com\\\/#website\",\"url\":\"https:\\\/\\\/lospoliticosveracruz.com\\\/\",\"name\":\"Los pol\u00edticos Veracruz\",\"description\":\"\",\"publisher\":{\"@id\":\"https:\\\/\\\/lospoliticosveracruz.com\\\/#organization\"},\"potentialAction\":[{\"@type\":\"SearchAction\",\"target\":{\"@type\":\"EntryPoint\",\"urlTemplate\":\"https:\\\/\\\/lospoliticosveracruz.com\\\/?s={search_term_string}\"},\"query-input\":{\"@type\":\"PropertyValueSpecification\",\"valueRequired\":true,\"valueName\":\"search_term_string\"}}],\"inLanguage\":\"es\"},{\"@type\":\"Organization\",\"@id\":\"https:\\\/\\\/lospoliticosveracruz.com\\\/#organization\",\"name\":\"Los pol\u00edticos Veracruz\",\"url\":\"https:\\\/\\\/lospoliticosveracruz.com\\\/\",\"logo\":{\"@type\":\"ImageObject\",\"inLanguage\":\"es\",\"@id\":\"https:\\\/\\\/lospoliticosveracruz.com\\\/#\\\/schema\\\/logo\\\/image\\\/\",\"url\":\"https:\\\/\\\/lospoliticosveracruz.com\\\/wp-content\\\/uploads\\\/2025\\\/12\\\/Logo-Nuevo-LOS-POLITICOS-1.jpg\",\"contentUrl\":\"https:\\\/\\\/lospoliticosveracruz.com\\\/wp-content\\\/uploads\\\/2025\\\/12\\\/Logo-Nuevo-LOS-POLITICOS-1.jpg\",\"width\":260,\"height\":70,\"caption\":\"Los pol\u00edticos Veracruz\"},\"image\":{\"@id\":\"https:\\\/\\\/lospoliticosveracruz.com\\\/#\\\/schema\\\/logo\\\/image\\\/\"},\"sameAs\":[\"https:\\\/\\\/www.facebook.com\\\/people\\\/Notimemes-de-los-Polticos\\\/61565672886568\\\/\",\"https:\\\/\\\/x.com\\\/LosPoliticosVer\"]},{\"@type\":\"Person\",\"@id\":\"https:\\\/\\\/lospoliticosveracruz.com\\\/#\\\/schema\\\/person\\\/b8702bb0e538456e6efd07080bf2a4a2\",\"name\":\"Lo viste en Los Pol\u00edticos\",\"image\":{\"@type\":\"ImageObject\",\"inLanguage\":\"es\",\"@id\":\"https:\\\/\\\/secure.gravatar.com\\\/avatar\\\/3a8de04a2656d44082be478bd6c086daa447c4651605818287b9532d3d0bd435?s=96&d=mm&r=g\",\"url\":\"https:\\\/\\\/secure.gravatar.com\\\/avatar\\\/3a8de04a2656d44082be478bd6c086daa447c4651605818287b9532d3d0bd435?s=96&d=mm&r=g\",\"contentUrl\":\"https:\\\/\\\/secure.gravatar.com\\\/avatar\\\/3a8de04a2656d44082be478bd6c086daa447c4651605818287b9532d3d0bd435?s=96&d=mm&r=g\",\"caption\":\"Lo viste en Los Pol\u00edticos\"},\"url\":\"https:\\\/\\\/lospoliticosveracruz.com\\\/?author=2\"}]}<\/script>\n<!-- \/ Yoast SEO plugin. -->","yoast_head_json":{"title":"Memo, Heber y Rodrigo - Los pol\u00edticos Veracruz","robots":{"index":"index","follow":"follow","max-snippet":"max-snippet:-1","max-image-preview":"max-image-preview:large","max-video-preview":"max-video-preview:-1"},"canonical":"https:\/\/lospoliticosveracruz.com\/?p=17668","og_locale":"es_ES","og_type":"article","og_title":"Memo, Heber y Rodrigo - Los pol\u00edticos Veracruz","og_description":"Salvador Mu\u00f1oz Los Pol\u00edticos A los 22 a\u00f1os, es el diputado m\u00e1s joven de San L\u00e1zaro, y si nos apuran, de todo M\u00e9xico. Llega por Morena, por la v\u00eda plurinominal. Y s\u00ed, se sac\u00f3 la loter\u00eda cuando por medio de la famosa \u201ct\u00f3mbola\u201d del Peje, sali\u00f3 su nombre para ser postulado para tal cargo. Se [&hellip;]","og_url":"https:\/\/lospoliticosveracruz.com\/?p=17668","og_site_name":"Los pol\u00edticos Veracruz","article_publisher":"https:\/\/www.facebook.com\/people\/Notimemes-de-los-Polticos\/61565672886568\/","article_published_time":"2015-09-04T04:08:06+00:00","og_image":[{"url":"http:\/\/www.lospoliticosveracruz.com.mx\/wp-content\/uploads\/2015\/09\/Guillermo-Heber-Rodrigo-300x157.jpg","type":"","width":"","height":""}],"author":"Lo viste en Los Pol\u00edticos","twitter_card":"summary_large_image","twitter_creator":"@LosPoliticosVer","twitter_site":"@LosPoliticosVer","twitter_misc":{"Escrito por":"Lo viste en Los Pol\u00edticos","Tiempo de lectura":"4 minutos"},"schema":{"@context":"https:\/\/schema.org","@graph":[{"@type":"Article","@id":"https:\/\/lospoliticosveracruz.com\/?p=17668#article","isPartOf":{"@id":"https:\/\/lospoliticosveracruz.com\/?p=17668"},"author":{"name":"Lo viste en Los Pol\u00edticos","@id":"https:\/\/lospoliticosveracruz.com\/#\/schema\/person\/b8702bb0e538456e6efd07080bf2a4a2"},"headline":"Memo, Heber y Rodrigo","datePublished":"2015-09-04T04:08:06+00:00","mainEntityOfPage":{"@id":"https:\/\/lospoliticosveracruz.com\/?p=17668"},"wordCount":730,"commentCount":1,"publisher":{"@id":"https:\/\/lospoliticosveracruz.com\/#organization"},"image":{"@id":"https:\/\/lospoliticosveracruz.com\/?p=17668#primaryimage"},"thumbnailUrl":"http:\/\/www.lospoliticosveracruz.com.mx\/wp-content\/uploads\/2015\/09\/Guillermo-Heber-Rodrigo-300x157.jpg","keywords":["Guillermo Rafael Santiago Rodr\u00edguez","Heber Carvallo Salazar","Rodrigo Montoya Rivera","San L\u00e1zaro"],"articleSection":["De Opini\u00f3n"],"inLanguage":"es","potentialAction":[{"@type":"CommentAction","name":"Comment","target":["https:\/\/lospoliticosveracruz.com\/?p=17668#respond"]}]},{"@type":"WebPage","@id":"https:\/\/lospoliticosveracruz.com\/?p=17668","url":"https:\/\/lospoliticosveracruz.com\/?p=17668","name":"Memo, Heber y Rodrigo - Los pol\u00edticos Veracruz","isPartOf":{"@id":"https:\/\/lospoliticosveracruz.com\/#website"},"primaryImageOfPage":{"@id":"https:\/\/lospoliticosveracruz.com\/?p=17668#primaryimage"},"image":{"@id":"https:\/\/lospoliticosveracruz.com\/?p=17668#primaryimage"},"thumbnailUrl":"http:\/\/www.lospoliticosveracruz.com.mx\/wp-content\/uploads\/2015\/09\/Guillermo-Heber-Rodrigo-300x157.jpg","datePublished":"2015-09-04T04:08:06+00:00","breadcrumb":{"@id":"https:\/\/lospoliticosveracruz.com\/?p=17668#breadcrumb"},"inLanguage":"es","potentialAction":[{"@type":"ReadAction","target":["https:\/\/lospoliticosveracruz.com\/?p=17668"]}]},{"@type":"ImageObject","inLanguage":"es","@id":"https:\/\/lospoliticosveracruz.com\/?p=17668#primaryimage","url":"http:\/\/www.lospoliticosveracruz.com.mx\/wp-content\/uploads\/2015\/09\/Guillermo-Heber-Rodrigo-300x157.jpg","contentUrl":"http:\/\/www.lospoliticosveracruz.com.mx\/wp-content\/uploads\/2015\/09\/Guillermo-Heber-Rodrigo-300x157.jpg"},{"@type":"BreadcrumbList","@id":"https:\/\/lospoliticosveracruz.com\/?p=17668#breadcrumb","itemListElement":[{"@type":"ListItem","position":1,"name":"Portada","item":"https:\/\/lospoliticosveracruz.com\/"},{"@type":"ListItem","position":2,"name":"Memo, Heber y Rodrigo"}]},{"@type":"WebSite","@id":"https:\/\/lospoliticosveracruz.com\/#website","url":"https:\/\/lospoliticosveracruz.com\/","name":"Los pol\u00edticos Veracruz","description":"","publisher":{"@id":"https:\/\/lospoliticosveracruz.com\/#organization"},"potentialAction":[{"@type":"SearchAction","target":{"@type":"EntryPoint","urlTemplate":"https:\/\/lospoliticosveracruz.com\/?s={search_term_string}"},"query-input":{"@type":"PropertyValueSpecification","valueRequired":true,"valueName":"search_term_string"}}],"inLanguage":"es"},{"@type":"Organization","@id":"https:\/\/lospoliticosveracruz.com\/#organization","name":"Los pol\u00edticos Veracruz","url":"https:\/\/lospoliticosveracruz.com\/","logo":{"@type":"ImageObject","inLanguage":"es","@id":"https:\/\/lospoliticosveracruz.com\/#\/schema\/logo\/image\/","url":"https:\/\/lospoliticosveracruz.com\/wp-content\/uploads\/2025\/12\/Logo-Nuevo-LOS-POLITICOS-1.jpg","contentUrl":"https:\/\/lospoliticosveracruz.com\/wp-content\/uploads\/2025\/12\/Logo-Nuevo-LOS-POLITICOS-1.jpg","width":260,"height":70,"caption":"Los pol\u00edticos Veracruz"},"image":{"@id":"https:\/\/lospoliticosveracruz.com\/#\/schema\/logo\/image\/"},"sameAs":["https:\/\/www.facebook.com\/people\/Notimemes-de-los-Polticos\/61565672886568\/","https:\/\/x.com\/LosPoliticosVer"]},{"@type":"Person","@id":"https:\/\/lospoliticosveracruz.com\/#\/schema\/person\/b8702bb0e538456e6efd07080bf2a4a2","name":"Lo viste en Los Pol\u00edticos","image":{"@type":"ImageObject","inLanguage":"es","@id":"https:\/\/secure.gravatar.com\/avatar\/3a8de04a2656d44082be478bd6c086daa447c4651605818287b9532d3d0bd435?s=96&d=mm&r=g","url":"https:\/\/secure.gravatar.com\/avatar\/3a8de04a2656d44082be478bd6c086daa447c4651605818287b9532d3d0bd435?s=96&d=mm&r=g","contentUrl":"https:\/\/secure.gravatar.com\/avatar\/3a8de04a2656d44082be478bd6c086daa447c4651605818287b9532d3d0bd435?s=96&d=mm&r=g","caption":"Lo viste en Los Pol\u00edticos"},"url":"https:\/\/lospoliticosveracruz.com\/?author=2"}]}},"_links":{"self":[{"href":"https:\/\/lospoliticosveracruz.com\/index.php?rest_route=\/wp\/v2\/posts\/17668","targetHints":{"allow":["GET"]}}],"collection":[{"href":"https:\/\/lospoliticosveracruz.com\/index.php?rest_route=\/wp\/v2\/posts"}],"about":[{"href":"https:\/\/lospoliticosveracruz.com\/index.php?rest_route=\/wp\/v2\/types\/post"}],"author":[{"embeddable":true,"href":"https:\/\/lospoliticosveracruz.com\/index.php?rest_route=\/wp\/v2\/users\/2"}],"replies":[{"embeddable":true,"href":"https:\/\/lospoliticosveracruz.com\/index.php?rest_route=%2Fwp%2Fv2%2Fcomments&post=17668"}],"version-history":[{"count":1,"href":"https:\/\/lospoliticosveracruz.com\/index.php?rest_route=\/wp\/v2\/posts\/17668\/revisions"}],"predecessor-version":[{"id":17670,"href":"https:\/\/lospoliticosveracruz.com\/index.php?rest_route=\/wp\/v2\/posts\/17668\/revisions\/17670"}],"wp:attachment":[{"href":"https:\/\/lospoliticosveracruz.com\/index.php?rest_route=%2Fwp%2Fv2%2Fmedia&parent=17668"}],"wp:term":[{"taxonomy":"category","embeddable":true,"href":"https:\/\/lospoliticosveracruz.com\/index.php?rest_route=%2Fwp%2Fv2%2Fcategories&post=17668"},{"taxonomy":"post_tag","embeddable":true,"href":"https:\/\/lospoliticosveracruz.com\/index.php?rest_route=%2Fwp%2Fv2%2Ftags&post=17668"}],"curies":[{"name":"wp","href":"https:\/\/api.w.org\/{rel}","templated":true}]}}