{"id":176817,"date":"2026-07-21T10:08:10","date_gmt":"2026-07-21T16:08:10","guid":{"rendered":"https:\/\/lospoliticosveracruz.com\/?p=176817"},"modified":"2026-07-21T10:08:11","modified_gmt":"2026-07-21T16:08:11","slug":"la-piel-de-la-memoria","status":"publish","type":"post","link":"https:\/\/lospoliticosveracruz.com\/?p=176817","title":{"rendered":"LA PIEL DE LA MEMORIA"},"content":{"rendered":"\n\n\n<p><strong>\u00c1ngeles Gonz\u00e1lez Ceballos<\/strong><\/p>\n\n\n\n<p>Con una propuesta que transita entre el surrealismo, la posmodernidad y la reflexi\u00f3n sobre el tiempo, se anunci\u00f3 la llegada de la exposici\u00f3n \u00abLa piel de la memoria\u00bb del artista multidisciplinario alem\u00e1n Wolfgang H. Scholz, en Xalapa.<\/p>\n\n\n\n<p>La muestra, que albergar\u00e1 la galer\u00eda Realia a partir de este viernes 24, promete ser una de las experiencias visuales y conceptuales m\u00e1s relevantes del escenario cultural de la Ciudad.<\/p>\n\n\n\n<p>\u200bEl director de galer\u00eda Realia, el doctor Alejandro Mariano P\u00e9rez, enfatiz\u00f3 que se trata de un evento de trascendencia excepcional para el p\u00fablico local.<\/p>\n\n\n\n<p>\u00abYo creo que va a ser la exposici\u00f3n m\u00e1s, digamos, impactante, una de las m\u00e1s importantes del a\u00f1o en Xalapa, y que pocas veces se da, s\u00f3lo en algunos museos de la Ciudad de M\u00e9xico\u00bb, destac\u00f3.<\/p>\n\n\n\n<p>\u200bLa exposici\u00f3n re\u00fane un despliegue de 37 obras fotogr\u00e1ficas en blanco y negro, tres cajas de luz, videoinstalaci\u00f3n y una imponente instalaci\u00f3n escult\u00f3rica formada por un \u00abbosque\u00bb de capullos de cris\u00e1lidas, explic\u00f3 Mariano P\u00e9rez.<\/p>\n\n\n\n<p>Destac\u00f3 que las piezas van desde esculturas peque\u00f1as de aproximadamente 1.50 metros hasta imponentes elementos de 2.40 metros de largo.<\/p>\n\n\n\n<p>\u200bDe acuerdo con el galerista, esta muestra \u00ababre la puerta a replantear el arte en la posmodernidad\u00bb, destacando un cambio fundamental en el papel del espectador frente a la obra contempor\u00e1nea.<\/p>\n\n\n\n<p>\u200b\u00bbEl arte ya no est\u00e1 hecho solo para ver, el arte hoy est\u00e1 hecho para pensar. Y entonces es una reflexi\u00f3n sobre el tiempo, sobre la memoria y sobre c\u00f3mo se va volviendo esto una selecci\u00f3n\u00bb, asever\u00f3.<\/p>\n\n\n\n<p>Ah\u00ed, refiri\u00f3 el propio texto de sala preparado por Scholz, el gestor cultural.<\/p>\n\n\n\n<p>\u200b\u00bbLa memoria, cuando nosotros recordamos no es exacto. Nosotros ya, digamos, postproducimos nuestros recuerdos. As\u00ed no ocurri\u00f3, nada de lo que recuerden ocurri\u00f3 exactamente como lo recuerdan. Nosotros le hemos\u2026 lo hemos postproducido\u00bb, asever\u00f3.<\/p>\n\n\n\n<p>\u200bPor su parte, el artista Wolfgang H. Scholz, comparti\u00f3 c\u00f3mo su vivencia personal en el Pa\u00eds y sus ra\u00edces alemanas enriquecen el discurso conceptual de su propuesta pl\u00e1stica y fotogr\u00e1fica.<\/p>\n\n\n\n<p>\u200b\u00bbYo soy un poco m\u00e1s mexicanizado por el tiempo ac\u00e1, de vivir ac\u00e1. Entonces no s\u00e9 c\u00f3mo soy, c\u00f3mo es mi ojo de Alemania a esta situaci\u00f3n. Es un poco mezclado, pero eso es de arte. Me gustar\u00eda que sea una posibilidad de en este espacio con estos capullos, con estos objetos, con la fotograf\u00eda\u00bb, enfatiz\u00f3.<\/p>\n\n\n\n<p>\u200bNorma Yolanda L\u00f3pez, directora de Isadora Producciones, destac\u00f3 el esfuerzo conjunto entre las instituciones independientes y el respaldo de la Direcci\u00f3n de Cultura del Ayuntamiento de Xalapa para concretar esta oferta art\u00edstica de primer nivel, remarcando la vocaci\u00f3n del arte para tender puentes comunitarios.<\/p>\n\n\n\n<p>\u200b\u00bbUna de las caracter\u00edsticas de las artes es abrir caminos. En este caso no abre solamente un camino, abre varios caminos. Abre el camino propio del artista, abre el camino de la colaboraci\u00f3n para que haya actividad cultural aqu\u00ed por otros rubros que no son propios institucional. Abre posibilidades para los ciudadanos, para todos los ciudadanos, de tener obra de este nivel aqu\u00ed a la vista durante 6 semanas con entrada gratuita\u00bb, manifest\u00f3.<\/p>\n\n\n\n<p>\u200bAsimismo, se refiri\u00f3 a la sensibilidad con la que Scholz retrata diversos rincones del territorio mexicano, como Xilitla, Tepito o La Antigua en Veracruz.<\/p>\n\n\n\n<p>\u200b\u00bbC\u00f3mo es importante para nosotros la mirada de alguien que no es de este pa\u00eds, la mirada en este caso que \u00e9l da, que \u00e9l tiene sobre nuestro estado. Es fascinante este mundo, esta mirada de alguien dedicado a las artes pl\u00e1sticas\u00bb, agreg\u00f3.<\/p>\n\n\n\n<p>\u200bLa cita inaugural es este viernes 24 a las 19:00 horas en la galer\u00eda Realia, ubicada en la calle Xalape\u00f1os Ilustres n\u00famero 61, frente a la escuela Manuel de Boza.<\/p>\n\n\n\n<p>\u200bUn atractivo adicional para la jornada de apertura ser\u00e1 un gran performance de una excelente bailarina contempor\u00e1nea que es Isabel Beteta, la cual s\u00f3lo se presentar\u00e1 durante la noche de inauguraci\u00f3n.<\/p>\n\n\n\n<p>\u200bLa obra completa permanecer\u00e1 abierta al p\u00fablico durante seis semanas de manera completamente gratuita, estando toda la colecci\u00f3n tambi\u00e9n disponible a la venta.<\/p>\n\n\n\n<p><\/p>\n","protected":false},"excerpt":{"rendered":"<p>\u00c1ngeles Gonz\u00e1lez Ceballos Con una propuesta que transita entre el surrealismo, la posmodernidad y la reflexi\u00f3n sobre el tiempo, se anunci\u00f3 la llegada de la exposici\u00f3n \u00abLa piel de la memoria\u00bb del artista multidisciplinario alem\u00e1n Wolfgang H. Scholz, en Xalapa. La muestra, que albergar\u00e1 la galer\u00eda Realia a partir de este viernes 24, promete ser [&hellip;]<\/p>\n","protected":false},"author":2,"featured_media":176818,"comment_status":"closed","ping_status":"closed","sticky":false,"template":"","format":"standard","meta":{"tdm_status":"","tdm_grid_status":"","footnotes":""},"categories":[75],"tags":[69893,69897,69896,69898,69895,69894,96],"class_list":{"0":"post-176817","1":"post","2":"type-post","3":"status-publish","4":"format-standard","5":"has-post-thumbnail","7":"category-cine-libros-y-mas","8":"tag-arte-contemporaneo","9":"tag-exposicion-de-arte","10":"tag-galeria-realia","11":"tag-isabel-beteta","12":"tag-la-piel-de-la-memoria","13":"tag-wolfgang-h-scholz","14":"tag-xalapa"},"yoast_head":"<!-- This site is optimized with the Yoast SEO plugin v28.1 - https:\/\/yoast.com\/product\/yoast-seo-wordpress\/ -->\n<title>LA PIEL DE LA MEMORIA - Los pol\u00edticos Veracruz<\/title>\n<meta name=\"robots\" content=\"index, follow, max-snippet:-1, max-image-preview:large, max-video-preview:-1\" \/>\n<link rel=\"canonical\" href=\"https:\/\/lospoliticosveracruz.com\/?p=176817\" \/>\n<meta property=\"og:locale\" content=\"es_ES\" \/>\n<meta property=\"og:type\" content=\"article\" \/>\n<meta property=\"og:title\" content=\"LA PIEL DE LA MEMORIA - Los pol\u00edticos Veracruz\" \/>\n<meta property=\"og:description\" content=\"\u00c1ngeles Gonz\u00e1lez Ceballos Con una propuesta que transita entre el surrealismo, la posmodernidad y la reflexi\u00f3n sobre el tiempo, se anunci\u00f3 la llegada de la exposici\u00f3n \u00abLa piel de la memoria\u00bb del artista multidisciplinario alem\u00e1n Wolfgang H. Scholz, en Xalapa. La muestra, que albergar\u00e1 la galer\u00eda Realia a partir de este viernes 24, promete ser [&hellip;]\" \/>\n<meta property=\"og:url\" content=\"https:\/\/lospoliticosveracruz.com\/?p=176817\" \/>\n<meta property=\"og:site_name\" content=\"Los pol\u00edticos Veracruz\" \/>\n<meta property=\"article:publisher\" content=\"https:\/\/www.facebook.com\/people\/Notimemes-de-los-Polticos\/61565672886568\/\" \/>\n<meta property=\"article:published_time\" content=\"2026-07-21T16:08:10+00:00\" \/>\n<meta property=\"article:modified_time\" content=\"2026-07-21T16:08:11+00:00\" \/>\n<meta property=\"og:image\" content=\"https:\/\/lospoliticosveracruz.com\/wp-content\/uploads\/2026\/07\/Wolfgang.jpg\" \/>\n\t<meta property=\"og:image:width\" content=\"600\" \/>\n\t<meta property=\"og:image:height\" content=\"320\" \/>\n\t<meta property=\"og:image:type\" content=\"image\/jpeg\" \/>\n<meta name=\"author\" content=\"Lo viste en Los Pol\u00edticos\" \/>\n<meta name=\"twitter:card\" content=\"summary_large_image\" \/>\n<meta name=\"twitter:creator\" content=\"@LosPoliticosVer\" \/>\n<meta name=\"twitter:site\" content=\"@LosPoliticosVer\" \/>\n<meta name=\"twitter:label1\" content=\"Escrito por\" \/>\n\t<meta name=\"twitter:data1\" content=\"Lo viste en Los Pol\u00edticos\" \/>\n\t<meta name=\"twitter:label2\" content=\"Tiempo de lectura\" \/>\n\t<meta name=\"twitter:data2\" content=\"4 minutos\" \/>\n<script type=\"application\/ld+json\" class=\"yoast-schema-graph\">{\"@context\":\"https:\\\/\\\/schema.org\",\"@graph\":[{\"@type\":\"Article\",\"@id\":\"https:\\\/\\\/lospoliticosveracruz.com\\\/?p=176817#article\",\"isPartOf\":{\"@id\":\"https:\\\/\\\/lospoliticosveracruz.com\\\/?p=176817\"},\"author\":{\"name\":\"Lo viste en Los Pol\u00edticos\",\"@id\":\"https:\\\/\\\/lospoliticosveracruz.com\\\/#\\\/schema\\\/person\\\/b8702bb0e538456e6efd07080bf2a4a2\"},\"headline\":\"LA PIEL DE LA MEMORIA\",\"datePublished\":\"2026-07-21T16:08:10+00:00\",\"dateModified\":\"2026-07-21T16:08:11+00:00\",\"mainEntityOfPage\":{\"@id\":\"https:\\\/\\\/lospoliticosveracruz.com\\\/?p=176817\"},\"wordCount\":707,\"publisher\":{\"@id\":\"https:\\\/\\\/lospoliticosveracruz.com\\\/#organization\"},\"image\":{\"@id\":\"https:\\\/\\\/lospoliticosveracruz.com\\\/?p=176817#primaryimage\"},\"thumbnailUrl\":\"https:\\\/\\\/lospoliticosveracruz.com\\\/wp-content\\\/uploads\\\/2026\\\/07\\\/Wolfgang.jpg\",\"keywords\":[\"arte contempor\u00e1neo\",\"exposici\u00f3n de arte\",\"Galer\u00eda Realia\",\"Isabel Beteta\",\"La piel de la memoria\",\"Wolfgang H. Scholz\",\"Xalapa\"],\"articleSection\":[\"Cine, Libros y m\u00e1s\"],\"inLanguage\":\"es\"},{\"@type\":\"WebPage\",\"@id\":\"https:\\\/\\\/lospoliticosveracruz.com\\\/?p=176817\",\"url\":\"https:\\\/\\\/lospoliticosveracruz.com\\\/?p=176817\",\"name\":\"LA PIEL DE LA MEMORIA - Los pol\u00edticos Veracruz\",\"isPartOf\":{\"@id\":\"https:\\\/\\\/lospoliticosveracruz.com\\\/#website\"},\"primaryImageOfPage\":{\"@id\":\"https:\\\/\\\/lospoliticosveracruz.com\\\/?p=176817#primaryimage\"},\"image\":{\"@id\":\"https:\\\/\\\/lospoliticosveracruz.com\\\/?p=176817#primaryimage\"},\"thumbnailUrl\":\"https:\\\/\\\/lospoliticosveracruz.com\\\/wp-content\\\/uploads\\\/2026\\\/07\\\/Wolfgang.jpg\",\"datePublished\":\"2026-07-21T16:08:10+00:00\",\"dateModified\":\"2026-07-21T16:08:11+00:00\",\"breadcrumb\":{\"@id\":\"https:\\\/\\\/lospoliticosveracruz.com\\\/?p=176817#breadcrumb\"},\"inLanguage\":\"es\",\"potentialAction\":[{\"@type\":\"ReadAction\",\"target\":[\"https:\\\/\\\/lospoliticosveracruz.com\\\/?p=176817\"]}]},{\"@type\":\"ImageObject\",\"inLanguage\":\"es\",\"@id\":\"https:\\\/\\\/lospoliticosveracruz.com\\\/?p=176817#primaryimage\",\"url\":\"https:\\\/\\\/lospoliticosveracruz.com\\\/wp-content\\\/uploads\\\/2026\\\/07\\\/Wolfgang.jpg\",\"contentUrl\":\"https:\\\/\\\/lospoliticosveracruz.com\\\/wp-content\\\/uploads\\\/2026\\\/07\\\/Wolfgang.jpg\",\"width\":600,\"height\":320},{\"@type\":\"BreadcrumbList\",\"@id\":\"https:\\\/\\\/lospoliticosveracruz.com\\\/?p=176817#breadcrumb\",\"itemListElement\":[{\"@type\":\"ListItem\",\"position\":1,\"name\":\"Portada\",\"item\":\"https:\\\/\\\/lospoliticosveracruz.com\\\/\"},{\"@type\":\"ListItem\",\"position\":2,\"name\":\"LA PIEL DE LA MEMORIA\"}]},{\"@type\":\"WebSite\",\"@id\":\"https:\\\/\\\/lospoliticosveracruz.com\\\/#website\",\"url\":\"https:\\\/\\\/lospoliticosveracruz.com\\\/\",\"name\":\"Los pol\u00edticos Veracruz\",\"description\":\"\",\"publisher\":{\"@id\":\"https:\\\/\\\/lospoliticosveracruz.com\\\/#organization\"},\"potentialAction\":[{\"@type\":\"SearchAction\",\"target\":{\"@type\":\"EntryPoint\",\"urlTemplate\":\"https:\\\/\\\/lospoliticosveracruz.com\\\/?s={search_term_string}\"},\"query-input\":{\"@type\":\"PropertyValueSpecification\",\"valueRequired\":true,\"valueName\":\"search_term_string\"}}],\"inLanguage\":\"es\"},{\"@type\":\"Organization\",\"@id\":\"https:\\\/\\\/lospoliticosveracruz.com\\\/#organization\",\"name\":\"Los pol\u00edticos Veracruz\",\"url\":\"https:\\\/\\\/lospoliticosveracruz.com\\\/\",\"logo\":{\"@type\":\"ImageObject\",\"inLanguage\":\"es\",\"@id\":\"https:\\\/\\\/lospoliticosveracruz.com\\\/#\\\/schema\\\/logo\\\/image\\\/\",\"url\":\"https:\\\/\\\/lospoliticosveracruz.com\\\/wp-content\\\/uploads\\\/2025\\\/12\\\/Logo-Nuevo-LOS-POLITICOS-1.jpg\",\"contentUrl\":\"https:\\\/\\\/lospoliticosveracruz.com\\\/wp-content\\\/uploads\\\/2025\\\/12\\\/Logo-Nuevo-LOS-POLITICOS-1.jpg\",\"width\":260,\"height\":70,\"caption\":\"Los pol\u00edticos Veracruz\"},\"image\":{\"@id\":\"https:\\\/\\\/lospoliticosveracruz.com\\\/#\\\/schema\\\/logo\\\/image\\\/\"},\"sameAs\":[\"https:\\\/\\\/www.facebook.com\\\/people\\\/Notimemes-de-los-Polticos\\\/61565672886568\\\/\",\"https:\\\/\\\/x.com\\\/LosPoliticosVer\"]},{\"@type\":\"Person\",\"@id\":\"https:\\\/\\\/lospoliticosveracruz.com\\\/#\\\/schema\\\/person\\\/b8702bb0e538456e6efd07080bf2a4a2\",\"name\":\"Lo viste en Los Pol\u00edticos\",\"image\":{\"@type\":\"ImageObject\",\"inLanguage\":\"es\",\"@id\":\"https:\\\/\\\/secure.gravatar.com\\\/avatar\\\/3a8de04a2656d44082be478bd6c086daa447c4651605818287b9532d3d0bd435?s=96&d=mm&r=g\",\"url\":\"https:\\\/\\\/secure.gravatar.com\\\/avatar\\\/3a8de04a2656d44082be478bd6c086daa447c4651605818287b9532d3d0bd435?s=96&d=mm&r=g\",\"contentUrl\":\"https:\\\/\\\/secure.gravatar.com\\\/avatar\\\/3a8de04a2656d44082be478bd6c086daa447c4651605818287b9532d3d0bd435?s=96&d=mm&r=g\",\"caption\":\"Lo viste en Los Pol\u00edticos\"},\"url\":\"https:\\\/\\\/lospoliticosveracruz.com\\\/?author=2\"}]}<\/script>\n<!-- \/ Yoast SEO plugin. -->","yoast_head_json":{"title":"LA PIEL DE LA MEMORIA - Los pol\u00edticos Veracruz","robots":{"index":"index","follow":"follow","max-snippet":"max-snippet:-1","max-image-preview":"max-image-preview:large","max-video-preview":"max-video-preview:-1"},"canonical":"https:\/\/lospoliticosveracruz.com\/?p=176817","og_locale":"es_ES","og_type":"article","og_title":"LA PIEL DE LA MEMORIA - Los pol\u00edticos Veracruz","og_description":"\u00c1ngeles Gonz\u00e1lez Ceballos Con una propuesta que transita entre el surrealismo, la posmodernidad y la reflexi\u00f3n sobre el tiempo, se anunci\u00f3 la llegada de la exposici\u00f3n \u00abLa piel de la memoria\u00bb del artista multidisciplinario alem\u00e1n Wolfgang H. Scholz, en Xalapa. La muestra, que albergar\u00e1 la galer\u00eda Realia a partir de este viernes 24, promete ser [&hellip;]","og_url":"https:\/\/lospoliticosveracruz.com\/?p=176817","og_site_name":"Los pol\u00edticos Veracruz","article_publisher":"https:\/\/www.facebook.com\/people\/Notimemes-de-los-Polticos\/61565672886568\/","article_published_time":"2026-07-21T16:08:10+00:00","article_modified_time":"2026-07-21T16:08:11+00:00","og_image":[{"width":600,"height":320,"url":"https:\/\/lospoliticosveracruz.com\/wp-content\/uploads\/2026\/07\/Wolfgang.jpg","type":"image\/jpeg"}],"author":"Lo viste en Los Pol\u00edticos","twitter_card":"summary_large_image","twitter_creator":"@LosPoliticosVer","twitter_site":"@LosPoliticosVer","twitter_misc":{"Escrito por":"Lo viste en Los Pol\u00edticos","Tiempo de lectura":"4 minutos"},"schema":{"@context":"https:\/\/schema.org","@graph":[{"@type":"Article","@id":"https:\/\/lospoliticosveracruz.com\/?p=176817#article","isPartOf":{"@id":"https:\/\/lospoliticosveracruz.com\/?p=176817"},"author":{"name":"Lo viste en Los Pol\u00edticos","@id":"https:\/\/lospoliticosveracruz.com\/#\/schema\/person\/b8702bb0e538456e6efd07080bf2a4a2"},"headline":"LA PIEL DE LA MEMORIA","datePublished":"2026-07-21T16:08:10+00:00","dateModified":"2026-07-21T16:08:11+00:00","mainEntityOfPage":{"@id":"https:\/\/lospoliticosveracruz.com\/?p=176817"},"wordCount":707,"publisher":{"@id":"https:\/\/lospoliticosveracruz.com\/#organization"},"image":{"@id":"https:\/\/lospoliticosveracruz.com\/?p=176817#primaryimage"},"thumbnailUrl":"https:\/\/lospoliticosveracruz.com\/wp-content\/uploads\/2026\/07\/Wolfgang.jpg","keywords":["arte contempor\u00e1neo","exposici\u00f3n de arte","Galer\u00eda Realia","Isabel Beteta","La piel de la memoria","Wolfgang H. Scholz","Xalapa"],"articleSection":["Cine, Libros y m\u00e1s"],"inLanguage":"es"},{"@type":"WebPage","@id":"https:\/\/lospoliticosveracruz.com\/?p=176817","url":"https:\/\/lospoliticosveracruz.com\/?p=176817","name":"LA PIEL DE LA MEMORIA - Los pol\u00edticos Veracruz","isPartOf":{"@id":"https:\/\/lospoliticosveracruz.com\/#website"},"primaryImageOfPage":{"@id":"https:\/\/lospoliticosveracruz.com\/?p=176817#primaryimage"},"image":{"@id":"https:\/\/lospoliticosveracruz.com\/?p=176817#primaryimage"},"thumbnailUrl":"https:\/\/lospoliticosveracruz.com\/wp-content\/uploads\/2026\/07\/Wolfgang.jpg","datePublished":"2026-07-21T16:08:10+00:00","dateModified":"2026-07-21T16:08:11+00:00","breadcrumb":{"@id":"https:\/\/lospoliticosveracruz.com\/?p=176817#breadcrumb"},"inLanguage":"es","potentialAction":[{"@type":"ReadAction","target":["https:\/\/lospoliticosveracruz.com\/?p=176817"]}]},{"@type":"ImageObject","inLanguage":"es","@id":"https:\/\/lospoliticosveracruz.com\/?p=176817#primaryimage","url":"https:\/\/lospoliticosveracruz.com\/wp-content\/uploads\/2026\/07\/Wolfgang.jpg","contentUrl":"https:\/\/lospoliticosveracruz.com\/wp-content\/uploads\/2026\/07\/Wolfgang.jpg","width":600,"height":320},{"@type":"BreadcrumbList","@id":"https:\/\/lospoliticosveracruz.com\/?p=176817#breadcrumb","itemListElement":[{"@type":"ListItem","position":1,"name":"Portada","item":"https:\/\/lospoliticosveracruz.com\/"},{"@type":"ListItem","position":2,"name":"LA PIEL DE LA MEMORIA"}]},{"@type":"WebSite","@id":"https:\/\/lospoliticosveracruz.com\/#website","url":"https:\/\/lospoliticosveracruz.com\/","name":"Los pol\u00edticos Veracruz","description":"","publisher":{"@id":"https:\/\/lospoliticosveracruz.com\/#organization"},"potentialAction":[{"@type":"SearchAction","target":{"@type":"EntryPoint","urlTemplate":"https:\/\/lospoliticosveracruz.com\/?s={search_term_string}"},"query-input":{"@type":"PropertyValueSpecification","valueRequired":true,"valueName":"search_term_string"}}],"inLanguage":"es"},{"@type":"Organization","@id":"https:\/\/lospoliticosveracruz.com\/#organization","name":"Los pol\u00edticos Veracruz","url":"https:\/\/lospoliticosveracruz.com\/","logo":{"@type":"ImageObject","inLanguage":"es","@id":"https:\/\/lospoliticosveracruz.com\/#\/schema\/logo\/image\/","url":"https:\/\/lospoliticosveracruz.com\/wp-content\/uploads\/2025\/12\/Logo-Nuevo-LOS-POLITICOS-1.jpg","contentUrl":"https:\/\/lospoliticosveracruz.com\/wp-content\/uploads\/2025\/12\/Logo-Nuevo-LOS-POLITICOS-1.jpg","width":260,"height":70,"caption":"Los pol\u00edticos Veracruz"},"image":{"@id":"https:\/\/lospoliticosveracruz.com\/#\/schema\/logo\/image\/"},"sameAs":["https:\/\/www.facebook.com\/people\/Notimemes-de-los-Polticos\/61565672886568\/","https:\/\/x.com\/LosPoliticosVer"]},{"@type":"Person","@id":"https:\/\/lospoliticosveracruz.com\/#\/schema\/person\/b8702bb0e538456e6efd07080bf2a4a2","name":"Lo viste en Los Pol\u00edticos","image":{"@type":"ImageObject","inLanguage":"es","@id":"https:\/\/secure.gravatar.com\/avatar\/3a8de04a2656d44082be478bd6c086daa447c4651605818287b9532d3d0bd435?s=96&d=mm&r=g","url":"https:\/\/secure.gravatar.com\/avatar\/3a8de04a2656d44082be478bd6c086daa447c4651605818287b9532d3d0bd435?s=96&d=mm&r=g","contentUrl":"https:\/\/secure.gravatar.com\/avatar\/3a8de04a2656d44082be478bd6c086daa447c4651605818287b9532d3d0bd435?s=96&d=mm&r=g","caption":"Lo viste en Los Pol\u00edticos"},"url":"https:\/\/lospoliticosveracruz.com\/?author=2"}]}},"_links":{"self":[{"href":"https:\/\/lospoliticosveracruz.com\/index.php?rest_route=\/wp\/v2\/posts\/176817","targetHints":{"allow":["GET"]}}],"collection":[{"href":"https:\/\/lospoliticosveracruz.com\/index.php?rest_route=\/wp\/v2\/posts"}],"about":[{"href":"https:\/\/lospoliticosveracruz.com\/index.php?rest_route=\/wp\/v2\/types\/post"}],"author":[{"embeddable":true,"href":"https:\/\/lospoliticosveracruz.com\/index.php?rest_route=\/wp\/v2\/users\/2"}],"replies":[{"embeddable":true,"href":"https:\/\/lospoliticosveracruz.com\/index.php?rest_route=%2Fwp%2Fv2%2Fcomments&post=176817"}],"version-history":[{"count":1,"href":"https:\/\/lospoliticosveracruz.com\/index.php?rest_route=\/wp\/v2\/posts\/176817\/revisions"}],"predecessor-version":[{"id":176819,"href":"https:\/\/lospoliticosveracruz.com\/index.php?rest_route=\/wp\/v2\/posts\/176817\/revisions\/176819"}],"wp:featuredmedia":[{"embeddable":true,"href":"https:\/\/lospoliticosveracruz.com\/index.php?rest_route=\/wp\/v2\/media\/176818"}],"wp:attachment":[{"href":"https:\/\/lospoliticosveracruz.com\/index.php?rest_route=%2Fwp%2Fv2%2Fmedia&parent=176817"}],"wp:term":[{"taxonomy":"category","embeddable":true,"href":"https:\/\/lospoliticosveracruz.com\/index.php?rest_route=%2Fwp%2Fv2%2Fcategories&post=176817"},{"taxonomy":"post_tag","embeddable":true,"href":"https:\/\/lospoliticosveracruz.com\/index.php?rest_route=%2Fwp%2Fv2%2Ftags&post=176817"}],"curies":[{"name":"wp","href":"https:\/\/api.w.org\/{rel}","templated":true}]}}