{"id":176822,"date":"2026-07-21T11:49:46","date_gmt":"2026-07-21T17:49:46","guid":{"rendered":"https:\/\/lospoliticosveracruz.com\/?p=176822"},"modified":"2026-07-21T11:49:46","modified_gmt":"2026-07-21T17:49:46","slug":"atentado-contra-edil","status":"publish","type":"post","link":"https:\/\/lospoliticosveracruz.com\/?p=176822","title":{"rendered":"ATENTADO CONTRA EDIL"},"content":{"rendered":"\n\n\n<p><strong>\u200b\u00c1ngeles Gonz\u00e1lez Ceballos<\/strong><\/p>\n\n\n\n<p>El coordinador de la Comisi\u00f3n Ejecutiva Estatal del Partido del Trabajo (PT), Vicente Aguilar Aguilar, exigi\u00f3 justicia tras el ataque armado ocurrido la madrugada de este martes, en contra de la vivienda de la regidora primera del ayuntamiento de Tempoal, Alma Bel\u00e9n Arenas Ochoa.<\/p>\n\n\n\n<p>\u200bEn conferencia de prensa, confirm\u00f3 el atentado sufrido contra la integrante de la direcci\u00f3n estatal, quien le dijo que fue baleada su camioneta y su casa.<\/p>\n\n\n\n<p>Precis\u00f3 que los hechos ocurrieron alrededor de las 3 o 4 de la ma\u00f1ana de este martes.<\/p>\n\n\n\n<p>\u00abElla est\u00e1 bien. Va a presentar su denuncia y est\u00e1 pidiendo licencia por un mes para ver ese tema. Es un tema que le exigimos a la Fiscal\u00eda que se aboque. Es un tema pol\u00edtico tambi\u00e9n porque ella es regidora del Partido y es miembro de la direcci\u00f3n estatal\u00bb, resalt\u00f3<\/p>\n\n\n\n<p>\u200bAclar\u00f3 que la edil no le hab\u00eda manifestado amenazas previas, aunque reconoci\u00f3 el contexto de inseguridad en la regi\u00f3n.<\/p>\n\n\n\n<p>\u00abNo me hab\u00eda dicho nada de alguna amenaza, pero bueno, se sabe que en la zona norte ha aumentado la violencia\u00bb, se\u00f1al\u00f3.<\/p>\n\n\n\n<p>Dijo que no cuenta con l\u00edneas de investigaci\u00f3n espec\u00edficas por el momento, lo \u00fanico que sabe es que hubo un atentado en su contra.<\/p>\n\n\n\n<p>Se\u00f1al\u00f3 que la regidora deber\u00e1 solicitar la protecci\u00f3n correspondiente, la cual podr\u00eda brindarse a trav\u00e9s de la Polic\u00eda Estatal.<\/p>\n\n\n\n<p>\u200bAsimismo, indic\u00f3 que no se han registrado amenazas contra otros cuadros militantes en el Estado, \u00bb del sur, pero advirti\u00f3 que ser\u00e1n los primeros en manifestarlo si llegan a suscitarse temas de esa \u00edndole.<\/p>\n\n\n\n<p>Cuestionado sobre la relaci\u00f3n con el presidente municipal de Tempoal, record\u00f3 que lleg\u00f3 por las siglas del PT, pero se pas\u00f3 a Morena.<\/p>\n\n\n\n<p>\u00abVoy a subir en estos d\u00edas a revisar las estructuras del Partido y voy a saludar al alcalde a ver qu\u00e9 pasa ah\u00ed, coment\u00f3.<\/p>\n\n\n\n<p>Sobre el chapulineo de alcaldes y regidores del PT a las filas de Morena, Vicente Aguilar lanz\u00f3 un llamado a la dirigencia de dicho partido aliado a mantener el respeto mutuo dentro de la Cuarta Transformaci\u00f3n.<\/p>\n\n\n\n<p>\u200b\u00bbAh\u00ed est\u00e1 claro en el bolet\u00edn de que en nada abona a la unidad de la 4T si jalas compa\u00f1eros de la 4T a la 4T. O sea, \u00bfen qu\u00e9 ayuda? Y s\u00ed puede provocar alg\u00fan jaloneo como ente desde un regidor, un s\u00edndico o un presidente municipal que se aleja del partido porque s\u00ed causa alg\u00fan conflicto en su momento\u00bb, asever\u00f3.<\/p>\n\n\n\n<p>\u200bAdvirti\u00f3 que estas acciones generan inconformidad en la militancia de base y podr\u00edan comprometer las alianzas electorales a nivel municipal y local.<\/p>\n\n\n\n<p>\u200b\u00bbPor eso el llamado que hacemos el d\u00eda de hoy a Morena es que caminemos y nos respetemos como aliados. Hay municipios donde est\u00e1 caliente la raza petista. Entonces, si despu\u00e9s vamos a ir en alianza y eso provoca que muchos compa\u00f1eros y compa\u00f1eras dirigentes del Partido, que quieran irse solos, porque mejor malo, \u00bfc\u00f3mo dice el dicho?, mejor solo que mal acompa\u00f1ado\u00bb, reproch\u00f3.<\/p>\n\n\n\n<p>\u200bEn relaci\u00f3n con los cuatro nuevos partidos pol\u00edticos en Veracruz, aclar\u00f3 que por normativa \u00abno pueden ir en alianza, sino que deben ir solos en la primera elecci\u00f3n.<\/p>\n\n\n\n<p>\u200bAnte el fen\u00f3meno de perfiles que buscan espacios en el PT tras ser rechazados en otros institutos o que abandonan el partido tras ganar un cargo, Aguilar detall\u00f3 que, junto con el comisionado pol\u00edtico nacional Ram\u00f3n D\u00edaz, se han dado instrucciones para endurecer los filtros de selecci\u00f3n.<\/p>\n\n\n\n<p>\u200b\u00bbLo que platicamos con el comisionado pol\u00edtico nacional Ram\u00f3n D\u00edaz fue que los compa\u00f1eros dirigentes de los municipios, de los distritos o los regionales se aboquen a revisar ese tipo de candidaturas a presidentes municipales, a diputados, suplentes y dem\u00e1s, porque luego pasa y ahorita regidores, tenemos 82 regidores pero ya se nos fueron tambi\u00e9n como 10 o 15 o m\u00e1s\u00bb, explic\u00f3.<\/p>\n\n\n\n<p>\u200bSubray\u00f3 la importancia de verificar la trayectoria de los aspirantes, su perfil y la fama p\u00fablica.<\/p>\n\n\n\n<p><\/p>\n","protected":false},"excerpt":{"rendered":"<p>\u200b\u00c1ngeles Gonz\u00e1lez Ceballos El coordinador de la Comisi\u00f3n Ejecutiva Estatal del Partido del Trabajo (PT), Vicente Aguilar Aguilar, exigi\u00f3 justicia tras el ataque armado ocurrido la madrugada de este martes, en contra de la vivienda de la regidora primera del ayuntamiento de Tempoal, Alma Bel\u00e9n Arenas Ochoa. \u200bEn conferencia de prensa, confirm\u00f3 el atentado sufrido [&hellip;]<\/p>\n","protected":false},"author":2,"featured_media":171973,"comment_status":"closed","ping_status":"closed","sticky":false,"template":"","format":"standard","meta":{"tdm_status":"","tdm_grid_status":"","footnotes":""},"categories":[6446],"tags":[69899,69900,13379,69901,2326,3608,20254],"class_list":{"0":"post-176822","1":"post","2":"type-post","3":"status-publish","4":"format-standard","5":"has-post-thumbnail","7":"category-la-nota","8":"tag-alma-belen-arenas-ochoa","9":"tag-ataque-armado","10":"tag-fiscalia-de-veracruz","11":"tag-morena-y-pt","12":"tag-partido-del-trabajo","13":"tag-tempoal","14":"tag-vicente-aguilar-aguilar"},"yoast_head":"<!-- This site is optimized with the Yoast SEO plugin v28.1 - https:\/\/yoast.com\/product\/yoast-seo-wordpress\/ -->\n<title>ATENTADO CONTRA EDIL - Los pol\u00edticos Veracruz<\/title>\n<meta name=\"robots\" content=\"index, follow, max-snippet:-1, max-image-preview:large, max-video-preview:-1\" \/>\n<link rel=\"canonical\" href=\"https:\/\/lospoliticosveracruz.com\/?p=176822\" \/>\n<meta property=\"og:locale\" content=\"es_ES\" \/>\n<meta property=\"og:type\" content=\"article\" \/>\n<meta property=\"og:title\" content=\"ATENTADO CONTRA EDIL - Los pol\u00edticos Veracruz\" \/>\n<meta property=\"og:description\" content=\"\u200b\u00c1ngeles Gonz\u00e1lez Ceballos El coordinador de la Comisi\u00f3n Ejecutiva Estatal del Partido del Trabajo (PT), Vicente Aguilar Aguilar, exigi\u00f3 justicia tras el ataque armado ocurrido la madrugada de este martes, en contra de la vivienda de la regidora primera del ayuntamiento de Tempoal, Alma Bel\u00e9n Arenas Ochoa. \u200bEn conferencia de prensa, confirm\u00f3 el atentado sufrido [&hellip;]\" \/>\n<meta property=\"og:url\" content=\"https:\/\/lospoliticosveracruz.com\/?p=176822\" \/>\n<meta property=\"og:site_name\" content=\"Los pol\u00edticos Veracruz\" \/>\n<meta property=\"article:publisher\" content=\"https:\/\/www.facebook.com\/people\/Notimemes-de-los-Polticos\/61565672886568\/\" \/>\n<meta property=\"article:published_time\" content=\"2026-07-21T17:49:46+00:00\" \/>\n<meta property=\"og:image\" content=\"https:\/\/lospoliticosveracruz.com\/wp-content\/uploads\/2026\/05\/Partido-del-Trabajo-Vicente-Aguilar-Aguilar.jpg\" \/>\n\t<meta property=\"og:image:width\" content=\"600\" \/>\n\t<meta property=\"og:image:height\" content=\"320\" \/>\n\t<meta property=\"og:image:type\" content=\"image\/jpeg\" \/>\n<meta name=\"author\" content=\"Lo viste en Los Pol\u00edticos\" \/>\n<meta name=\"twitter:card\" content=\"summary_large_image\" \/>\n<meta name=\"twitter:creator\" content=\"@LosPoliticosVer\" \/>\n<meta name=\"twitter:site\" content=\"@LosPoliticosVer\" \/>\n<meta name=\"twitter:label1\" content=\"Escrito por\" \/>\n\t<meta name=\"twitter:data1\" content=\"Lo viste en Los Pol\u00edticos\" \/>\n\t<meta name=\"twitter:label2\" content=\"Tiempo de lectura\" \/>\n\t<meta name=\"twitter:data2\" content=\"4 minutos\" \/>\n<script type=\"application\/ld+json\" class=\"yoast-schema-graph\">{\"@context\":\"https:\\\/\\\/schema.org\",\"@graph\":[{\"@type\":\"Article\",\"@id\":\"https:\\\/\\\/lospoliticosveracruz.com\\\/?p=176822#article\",\"isPartOf\":{\"@id\":\"https:\\\/\\\/lospoliticosveracruz.com\\\/?p=176822\"},\"author\":{\"name\":\"Lo viste en Los Pol\u00edticos\",\"@id\":\"https:\\\/\\\/lospoliticosveracruz.com\\\/#\\\/schema\\\/person\\\/b8702bb0e538456e6efd07080bf2a4a2\"},\"headline\":\"ATENTADO CONTRA EDIL\",\"datePublished\":\"2026-07-21T17:49:46+00:00\",\"mainEntityOfPage\":{\"@id\":\"https:\\\/\\\/lospoliticosveracruz.com\\\/?p=176822\"},\"wordCount\":692,\"publisher\":{\"@id\":\"https:\\\/\\\/lospoliticosveracruz.com\\\/#organization\"},\"image\":{\"@id\":\"https:\\\/\\\/lospoliticosveracruz.com\\\/?p=176822#primaryimage\"},\"thumbnailUrl\":\"https:\\\/\\\/lospoliticosveracruz.com\\\/wp-content\\\/uploads\\\/2026\\\/05\\\/Partido-del-Trabajo-Vicente-Aguilar-Aguilar.jpg\",\"keywords\":[\"Alma Bel\u00e9n Arenas Ochoa\",\"ataque armado\",\"Fiscal\u00eda de Veracruz\",\"Morena y PT\",\"Partido del Trabajo\",\"Tempoal\",\"Vicente Aguilar Aguilar\"],\"articleSection\":[\"La Nota\"],\"inLanguage\":\"es\"},{\"@type\":\"WebPage\",\"@id\":\"https:\\\/\\\/lospoliticosveracruz.com\\\/?p=176822\",\"url\":\"https:\\\/\\\/lospoliticosveracruz.com\\\/?p=176822\",\"name\":\"ATENTADO CONTRA EDIL - Los pol\u00edticos Veracruz\",\"isPartOf\":{\"@id\":\"https:\\\/\\\/lospoliticosveracruz.com\\\/#website\"},\"primaryImageOfPage\":{\"@id\":\"https:\\\/\\\/lospoliticosveracruz.com\\\/?p=176822#primaryimage\"},\"image\":{\"@id\":\"https:\\\/\\\/lospoliticosveracruz.com\\\/?p=176822#primaryimage\"},\"thumbnailUrl\":\"https:\\\/\\\/lospoliticosveracruz.com\\\/wp-content\\\/uploads\\\/2026\\\/05\\\/Partido-del-Trabajo-Vicente-Aguilar-Aguilar.jpg\",\"datePublished\":\"2026-07-21T17:49:46+00:00\",\"breadcrumb\":{\"@id\":\"https:\\\/\\\/lospoliticosveracruz.com\\\/?p=176822#breadcrumb\"},\"inLanguage\":\"es\",\"potentialAction\":[{\"@type\":\"ReadAction\",\"target\":[\"https:\\\/\\\/lospoliticosveracruz.com\\\/?p=176822\"]}]},{\"@type\":\"ImageObject\",\"inLanguage\":\"es\",\"@id\":\"https:\\\/\\\/lospoliticosveracruz.com\\\/?p=176822#primaryimage\",\"url\":\"https:\\\/\\\/lospoliticosveracruz.com\\\/wp-content\\\/uploads\\\/2026\\\/05\\\/Partido-del-Trabajo-Vicente-Aguilar-Aguilar.jpg\",\"contentUrl\":\"https:\\\/\\\/lospoliticosveracruz.com\\\/wp-content\\\/uploads\\\/2026\\\/05\\\/Partido-del-Trabajo-Vicente-Aguilar-Aguilar.jpg\",\"width\":600,\"height\":320},{\"@type\":\"BreadcrumbList\",\"@id\":\"https:\\\/\\\/lospoliticosveracruz.com\\\/?p=176822#breadcrumb\",\"itemListElement\":[{\"@type\":\"ListItem\",\"position\":1,\"name\":\"Portada\",\"item\":\"https:\\\/\\\/lospoliticosveracruz.com\\\/\"},{\"@type\":\"ListItem\",\"position\":2,\"name\":\"ATENTADO CONTRA EDIL\"}]},{\"@type\":\"WebSite\",\"@id\":\"https:\\\/\\\/lospoliticosveracruz.com\\\/#website\",\"url\":\"https:\\\/\\\/lospoliticosveracruz.com\\\/\",\"name\":\"Los pol\u00edticos Veracruz\",\"description\":\"\",\"publisher\":{\"@id\":\"https:\\\/\\\/lospoliticosveracruz.com\\\/#organization\"},\"potentialAction\":[{\"@type\":\"SearchAction\",\"target\":{\"@type\":\"EntryPoint\",\"urlTemplate\":\"https:\\\/\\\/lospoliticosveracruz.com\\\/?s={search_term_string}\"},\"query-input\":{\"@type\":\"PropertyValueSpecification\",\"valueRequired\":true,\"valueName\":\"search_term_string\"}}],\"inLanguage\":\"es\"},{\"@type\":\"Organization\",\"@id\":\"https:\\\/\\\/lospoliticosveracruz.com\\\/#organization\",\"name\":\"Los pol\u00edticos Veracruz\",\"url\":\"https:\\\/\\\/lospoliticosveracruz.com\\\/\",\"logo\":{\"@type\":\"ImageObject\",\"inLanguage\":\"es\",\"@id\":\"https:\\\/\\\/lospoliticosveracruz.com\\\/#\\\/schema\\\/logo\\\/image\\\/\",\"url\":\"https:\\\/\\\/lospoliticosveracruz.com\\\/wp-content\\\/uploads\\\/2025\\\/12\\\/Logo-Nuevo-LOS-POLITICOS-1.jpg\",\"contentUrl\":\"https:\\\/\\\/lospoliticosveracruz.com\\\/wp-content\\\/uploads\\\/2025\\\/12\\\/Logo-Nuevo-LOS-POLITICOS-1.jpg\",\"width\":260,\"height\":70,\"caption\":\"Los pol\u00edticos Veracruz\"},\"image\":{\"@id\":\"https:\\\/\\\/lospoliticosveracruz.com\\\/#\\\/schema\\\/logo\\\/image\\\/\"},\"sameAs\":[\"https:\\\/\\\/www.facebook.com\\\/people\\\/Notimemes-de-los-Polticos\\\/61565672886568\\\/\",\"https:\\\/\\\/x.com\\\/LosPoliticosVer\"]},{\"@type\":\"Person\",\"@id\":\"https:\\\/\\\/lospoliticosveracruz.com\\\/#\\\/schema\\\/person\\\/b8702bb0e538456e6efd07080bf2a4a2\",\"name\":\"Lo viste en Los Pol\u00edticos\",\"image\":{\"@type\":\"ImageObject\",\"inLanguage\":\"es\",\"@id\":\"https:\\\/\\\/secure.gravatar.com\\\/avatar\\\/3a8de04a2656d44082be478bd6c086daa447c4651605818287b9532d3d0bd435?s=96&d=mm&r=g\",\"url\":\"https:\\\/\\\/secure.gravatar.com\\\/avatar\\\/3a8de04a2656d44082be478bd6c086daa447c4651605818287b9532d3d0bd435?s=96&d=mm&r=g\",\"contentUrl\":\"https:\\\/\\\/secure.gravatar.com\\\/avatar\\\/3a8de04a2656d44082be478bd6c086daa447c4651605818287b9532d3d0bd435?s=96&d=mm&r=g\",\"caption\":\"Lo viste en Los Pol\u00edticos\"},\"url\":\"https:\\\/\\\/lospoliticosveracruz.com\\\/?author=2\"}]}<\/script>\n<!-- \/ Yoast SEO plugin. -->","yoast_head_json":{"title":"ATENTADO CONTRA EDIL - Los pol\u00edticos Veracruz","robots":{"index":"index","follow":"follow","max-snippet":"max-snippet:-1","max-image-preview":"max-image-preview:large","max-video-preview":"max-video-preview:-1"},"canonical":"https:\/\/lospoliticosveracruz.com\/?p=176822","og_locale":"es_ES","og_type":"article","og_title":"ATENTADO CONTRA EDIL - Los pol\u00edticos Veracruz","og_description":"\u200b\u00c1ngeles Gonz\u00e1lez Ceballos El coordinador de la Comisi\u00f3n Ejecutiva Estatal del Partido del Trabajo (PT), Vicente Aguilar Aguilar, exigi\u00f3 justicia tras el ataque armado ocurrido la madrugada de este martes, en contra de la vivienda de la regidora primera del ayuntamiento de Tempoal, Alma Bel\u00e9n Arenas Ochoa. \u200bEn conferencia de prensa, confirm\u00f3 el atentado sufrido [&hellip;]","og_url":"https:\/\/lospoliticosveracruz.com\/?p=176822","og_site_name":"Los pol\u00edticos Veracruz","article_publisher":"https:\/\/www.facebook.com\/people\/Notimemes-de-los-Polticos\/61565672886568\/","article_published_time":"2026-07-21T17:49:46+00:00","og_image":[{"width":600,"height":320,"url":"https:\/\/lospoliticosveracruz.com\/wp-content\/uploads\/2026\/05\/Partido-del-Trabajo-Vicente-Aguilar-Aguilar.jpg","type":"image\/jpeg"}],"author":"Lo viste en Los Pol\u00edticos","twitter_card":"summary_large_image","twitter_creator":"@LosPoliticosVer","twitter_site":"@LosPoliticosVer","twitter_misc":{"Escrito por":"Lo viste en Los Pol\u00edticos","Tiempo de lectura":"4 minutos"},"schema":{"@context":"https:\/\/schema.org","@graph":[{"@type":"Article","@id":"https:\/\/lospoliticosveracruz.com\/?p=176822#article","isPartOf":{"@id":"https:\/\/lospoliticosveracruz.com\/?p=176822"},"author":{"name":"Lo viste en Los Pol\u00edticos","@id":"https:\/\/lospoliticosveracruz.com\/#\/schema\/person\/b8702bb0e538456e6efd07080bf2a4a2"},"headline":"ATENTADO CONTRA EDIL","datePublished":"2026-07-21T17:49:46+00:00","mainEntityOfPage":{"@id":"https:\/\/lospoliticosveracruz.com\/?p=176822"},"wordCount":692,"publisher":{"@id":"https:\/\/lospoliticosveracruz.com\/#organization"},"image":{"@id":"https:\/\/lospoliticosveracruz.com\/?p=176822#primaryimage"},"thumbnailUrl":"https:\/\/lospoliticosveracruz.com\/wp-content\/uploads\/2026\/05\/Partido-del-Trabajo-Vicente-Aguilar-Aguilar.jpg","keywords":["Alma Bel\u00e9n Arenas Ochoa","ataque armado","Fiscal\u00eda de Veracruz","Morena y PT","Partido del Trabajo","Tempoal","Vicente Aguilar Aguilar"],"articleSection":["La Nota"],"inLanguage":"es"},{"@type":"WebPage","@id":"https:\/\/lospoliticosveracruz.com\/?p=176822","url":"https:\/\/lospoliticosveracruz.com\/?p=176822","name":"ATENTADO CONTRA EDIL - Los pol\u00edticos Veracruz","isPartOf":{"@id":"https:\/\/lospoliticosveracruz.com\/#website"},"primaryImageOfPage":{"@id":"https:\/\/lospoliticosveracruz.com\/?p=176822#primaryimage"},"image":{"@id":"https:\/\/lospoliticosveracruz.com\/?p=176822#primaryimage"},"thumbnailUrl":"https:\/\/lospoliticosveracruz.com\/wp-content\/uploads\/2026\/05\/Partido-del-Trabajo-Vicente-Aguilar-Aguilar.jpg","datePublished":"2026-07-21T17:49:46+00:00","breadcrumb":{"@id":"https:\/\/lospoliticosveracruz.com\/?p=176822#breadcrumb"},"inLanguage":"es","potentialAction":[{"@type":"ReadAction","target":["https:\/\/lospoliticosveracruz.com\/?p=176822"]}]},{"@type":"ImageObject","inLanguage":"es","@id":"https:\/\/lospoliticosveracruz.com\/?p=176822#primaryimage","url":"https:\/\/lospoliticosveracruz.com\/wp-content\/uploads\/2026\/05\/Partido-del-Trabajo-Vicente-Aguilar-Aguilar.jpg","contentUrl":"https:\/\/lospoliticosveracruz.com\/wp-content\/uploads\/2026\/05\/Partido-del-Trabajo-Vicente-Aguilar-Aguilar.jpg","width":600,"height":320},{"@type":"BreadcrumbList","@id":"https:\/\/lospoliticosveracruz.com\/?p=176822#breadcrumb","itemListElement":[{"@type":"ListItem","position":1,"name":"Portada","item":"https:\/\/lospoliticosveracruz.com\/"},{"@type":"ListItem","position":2,"name":"ATENTADO CONTRA EDIL"}]},{"@type":"WebSite","@id":"https:\/\/lospoliticosveracruz.com\/#website","url":"https:\/\/lospoliticosveracruz.com\/","name":"Los pol\u00edticos Veracruz","description":"","publisher":{"@id":"https:\/\/lospoliticosveracruz.com\/#organization"},"potentialAction":[{"@type":"SearchAction","target":{"@type":"EntryPoint","urlTemplate":"https:\/\/lospoliticosveracruz.com\/?s={search_term_string}"},"query-input":{"@type":"PropertyValueSpecification","valueRequired":true,"valueName":"search_term_string"}}],"inLanguage":"es"},{"@type":"Organization","@id":"https:\/\/lospoliticosveracruz.com\/#organization","name":"Los pol\u00edticos Veracruz","url":"https:\/\/lospoliticosveracruz.com\/","logo":{"@type":"ImageObject","inLanguage":"es","@id":"https:\/\/lospoliticosveracruz.com\/#\/schema\/logo\/image\/","url":"https:\/\/lospoliticosveracruz.com\/wp-content\/uploads\/2025\/12\/Logo-Nuevo-LOS-POLITICOS-1.jpg","contentUrl":"https:\/\/lospoliticosveracruz.com\/wp-content\/uploads\/2025\/12\/Logo-Nuevo-LOS-POLITICOS-1.jpg","width":260,"height":70,"caption":"Los pol\u00edticos Veracruz"},"image":{"@id":"https:\/\/lospoliticosveracruz.com\/#\/schema\/logo\/image\/"},"sameAs":["https:\/\/www.facebook.com\/people\/Notimemes-de-los-Polticos\/61565672886568\/","https:\/\/x.com\/LosPoliticosVer"]},{"@type":"Person","@id":"https:\/\/lospoliticosveracruz.com\/#\/schema\/person\/b8702bb0e538456e6efd07080bf2a4a2","name":"Lo viste en Los Pol\u00edticos","image":{"@type":"ImageObject","inLanguage":"es","@id":"https:\/\/secure.gravatar.com\/avatar\/3a8de04a2656d44082be478bd6c086daa447c4651605818287b9532d3d0bd435?s=96&d=mm&r=g","url":"https:\/\/secure.gravatar.com\/avatar\/3a8de04a2656d44082be478bd6c086daa447c4651605818287b9532d3d0bd435?s=96&d=mm&r=g","contentUrl":"https:\/\/secure.gravatar.com\/avatar\/3a8de04a2656d44082be478bd6c086daa447c4651605818287b9532d3d0bd435?s=96&d=mm&r=g","caption":"Lo viste en Los Pol\u00edticos"},"url":"https:\/\/lospoliticosveracruz.com\/?author=2"}]}},"_links":{"self":[{"href":"https:\/\/lospoliticosveracruz.com\/index.php?rest_route=\/wp\/v2\/posts\/176822","targetHints":{"allow":["GET"]}}],"collection":[{"href":"https:\/\/lospoliticosveracruz.com\/index.php?rest_route=\/wp\/v2\/posts"}],"about":[{"href":"https:\/\/lospoliticosveracruz.com\/index.php?rest_route=\/wp\/v2\/types\/post"}],"author":[{"embeddable":true,"href":"https:\/\/lospoliticosveracruz.com\/index.php?rest_route=\/wp\/v2\/users\/2"}],"replies":[{"embeddable":true,"href":"https:\/\/lospoliticosveracruz.com\/index.php?rest_route=%2Fwp%2Fv2%2Fcomments&post=176822"}],"version-history":[{"count":1,"href":"https:\/\/lospoliticosveracruz.com\/index.php?rest_route=\/wp\/v2\/posts\/176822\/revisions"}],"predecessor-version":[{"id":176823,"href":"https:\/\/lospoliticosveracruz.com\/index.php?rest_route=\/wp\/v2\/posts\/176822\/revisions\/176823"}],"wp:featuredmedia":[{"embeddable":true,"href":"https:\/\/lospoliticosveracruz.com\/index.php?rest_route=\/wp\/v2\/media\/171973"}],"wp:attachment":[{"href":"https:\/\/lospoliticosveracruz.com\/index.php?rest_route=%2Fwp%2Fv2%2Fmedia&parent=176822"}],"wp:term":[{"taxonomy":"category","embeddable":true,"href":"https:\/\/lospoliticosveracruz.com\/index.php?rest_route=%2Fwp%2Fv2%2Fcategories&post=176822"},{"taxonomy":"post_tag","embeddable":true,"href":"https:\/\/lospoliticosveracruz.com\/index.php?rest_route=%2Fwp%2Fv2%2Ftags&post=176822"}],"curies":[{"name":"wp","href":"https:\/\/api.w.org\/{rel}","templated":true}]}}