{"id":176824,"date":"2026-07-21T12:04:01","date_gmt":"2026-07-21T18:04:01","guid":{"rendered":"https:\/\/lospoliticosveracruz.com\/?p=176824"},"modified":"2026-07-21T12:04:02","modified_gmt":"2026-07-21T18:04:02","slug":"inaplazable-el-debate-de-las-ideas","status":"publish","type":"post","link":"https:\/\/lospoliticosveracruz.com\/?p=176824","title":{"rendered":"INAPLAZABLE EL DEBATE DE LAS IDEAS"},"content":{"rendered":"\n\n\n<p><strong>Inocencio Ya\u00f1ez Vicencio<\/strong><\/p>\n\n\n\n<p>\u00bb Una gran revoluci\u00f3n no puede surgir sin ideas. Para estar dispuestos a matar o dejarse matar, la mayor\u00eda de los hombres necesitan creer inmensamente en alg\u00fan ideal\u00bb. Nos dice Christopher Hill, en su extraordinario libro, como todos los de su autor\u00eda, titulado: Los or\u00edgenes intelectuales de la Revoluci\u00f3n inglesa. Una perversa interpretaci\u00f3n del concepto de Revoluci\u00f3n en Marx, condujo a no pocos de sus seguidores a ver en la ruptura que se presenta cuando las relaciones de producci\u00f3n ( que incluye las relaciones t\u00e9cnicas y las relaciones sociales) y las fuerzas productivas un desfase debido a que por el desarrollo de las fuerzas productivas se presenta una no correspondencia o ruptura con las relaciones de producci\u00f3n ( determinada por el tipo de propiedad) , que da lugar a un periodo de Revoluci\u00f3n, que significa que las clases que m\u00e1s sufren ese desfase , su vanguardia, no esperen a que la explosi\u00f3n se presente mec\u00e1nicamente y hagan de la Revoluci\u00f3n, la partera de la historia.<br>Si en el discurso marxistas mismo se di\u00f3 un debate sin cuartel sobre ese concepto, mucho m\u00e1s amplio debe serlo entre los partidarios del autor de El Capital y sus adversarios o con visiones matizadas.<br>En estos momentos en que cre\u00edamos haber avanzado en un mando despersonalizado, alejado de la dependencia del humor del gobernante, que con todas sus insuficiencias libertarias, permit\u00eda encauzar pac\u00edficamente la lucha de los actores pol\u00edticos y sociales, se cancela desde el momento que AMLO, exclama: a mi no me vengan con que la ley es la ley.<br>En 1975 , Roberto Mangabeira Unger, public\u00f3 un libro titulado Conocimiento y Pol\u00edtica, editado aqu\u00ed por el Fondo de Cultura, diez a\u00f1os despu\u00e9s, que en su p\u00e1gina 76, expresa: Las dos formas b\u00e1sicas en que la doctrina pol\u00edtica del liberalismo define la oposici\u00f3n entre las reglas y los valores , corresponde a dos ideas sobre la fuente de las leyes, y dos conceptos de c\u00f3mo pueden ser afianzados el orden y la libertad. Para ello, las leyes deben ser impersonales. Su contenido debe sobrepesar los intereses de una persona o de un grupo. Las leyes cuya fuente es el inter\u00e9s o el beneficio de una sola persona o un grupo, destruyen los beneficios de la libertad puesto que coma, por definici\u00f3n, consisten en el dominio de la voluntad de algunos sobre la voluntad de otros. Los que es m\u00e1s, privan al orden de todo apoyo , salvo del representado por el miedo mediante el cual son impuestas , ya que quienes est\u00e1n oprimidas no amar\u00e1n las leyes.<br>Justamente es un concepto de ley que tenemos que discutir. El problema es que nos est\u00e1n imponiendo un concepto de ley, que nada tiene que ver con lay que nada tiene que ver con el Estado Constitucional, pero ah\u00ed no queda, lo m\u00e1s grave es que si quienes defendemos el Estado liberal, inclu\u00eddo como mi caso que no lo vemos como el fin de la historia, como estaci\u00f3n final, no tenemos claro el concepto liberal de ley.<br>Quiero decirles que me he llevado la sorpresa que dentro de los mismos laureados, algunos siguen manejando las palabras como si fueran conceptos. No se\u00f1ora. Una palabra es un s\u00edmbolo para designar una cosa o un fen\u00f3meno. Por el contrario conceptuslizar es teorizar, teorizar es generalizar, para generalizar hay que abstraer. Con una cosa designamos un hecho pero con un concepto abstraernos lo que es com\u00fan a un objeto. No es s\u00edntesis. Es representaci\u00f3n que se logra con los rangos que son comunes. Con la palabra mesa se designa un objeto particular, que puede ser cuadrada, redonda, rectangular\u2026 ; con el concepto mesa abarcamos los rasgos que contienen todas las mesas, sin importar si tienen una pata, dos, tres o cuatro, su forma , su color.<br>No es posible disparar etiquetas a diestra y siniestra. El lenguaje de la calle dir\u00eda Perogrullo, no es el mismo de la academia. Y no me refiero a dar clases, eso no es academia. Durante muchos a\u00f1os que imparti clases en la Escuela Superior de Econom\u00eda del IPN, siempre les dije, como va a ver academia donde no tengo con quien discutir un libro. Por fortuna los Institutos de Investigaci\u00f3n de la UNAM, privilegian la academia, eso le da jerarqu\u00eda internacional y la prestigia.<br>Dice un aforismo que entre m\u00e1s arrecie la tempestad, m\u00e1s se necesitan los instrumentos.<br>En Xalapa hay mucha gente de la que yo he aprendido mucho. No pueden seguir apart\u00e1ndose del debate. Los necesitamos y mucho.<br>La sociedad babeliana s\u00f3lo conviene a los aut\u00f3cratas. A r\u00edo revuelto, ganancia de pescadores y pepenadores.<br>En el PAN, el PRI, en lo que fue el PRD, no s\u00f3lo hab\u00eda oportunistas, siempre recuerdo con aprecio y admiraci\u00f3n a V\u00edctor Andrade, talentoso cuadro que puede ayudarnos a esclarecer muchas ideas, como otros tantos sin partidos.<br>Por liberalismo cl\u00e1sico es uno, pero tiene vertientes que debemos distinguir de distorsiones como eso de que \u00bb yo me visto muy liberal\u00bb. O no distinguir entre socialismo ut\u00f3pico y socialismo cient\u00edfico y los usos de socialismo para ponerlo como prefijo de cu\u00e1nto se me ocurra, como la osad\u00eda de hablar socialismo de mercado , que es un contrasentido. O el empleo de pol\u00edtica para llamar as\u00ed a conductas empresariales o personales, ignorando que es un instrumento o medio para resolver problemas comunes.<br>Las revoluciones son expresi\u00f3n de contradicciones sociales, pero necesitan ser condensadas por sus actores. Urge el debate de las ideas para aclarar y despejar el camino.<br>Al poder personal que coloca por encima de una ley , que si no de todos, por ahora puede ser una ley consensuada entre las fuerzas plurales, no queda m\u00e1s que retornar a la senda republicana y democr\u00e1tica, que ponga fin a la alianza del gobierno morenista con el cr\u00edmen organizado.<\/p>\n\n\n\n<p><\/p>\n","protected":false},"excerpt":{"rendered":"<p>Inocencio Ya\u00f1ez Vicencio \u00bb Una gran revoluci\u00f3n no puede surgir sin ideas. Para estar dispuestos a matar o dejarse matar, la mayor\u00eda de los hombres necesitan creer inmensamente en alg\u00fan ideal\u00bb. Nos dice Christopher Hill, en su extraordinario libro, como todos los de su autor\u00eda, titulado: Los or\u00edgenes intelectuales de la Revoluci\u00f3n inglesa. Una perversa [&hellip;]<\/p>\n","protected":false},"author":2,"featured_media":141387,"comment_status":"closed","ping_status":"closed","sticky":false,"template":"","format":"standard","meta":{"tdm_status":"","tdm_grid_status":"","footnotes":""},"categories":[70],"tags":[618,69902,69229,53201,3503,8256,69903],"class_list":{"0":"post-176824","1":"post","2":"type-post","3":"status-publish","4":"format-standard","5":"has-post-thumbnail","7":"category-de-opinion","8":"tag-andres-manuel-lopez-obrador","9":"tag-debate-de-las-ideas","10":"tag-democracia-en-mexico","11":"tag-estado-constitucional","12":"tag-estado-de-derecho","13":"tag-inocencio-yanez-vicencio","14":"tag-liberalismo"},"yoast_head":"<!-- This site is optimized with the Yoast SEO plugin v28.1 - https:\/\/yoast.com\/product\/yoast-seo-wordpress\/ -->\n<title>INAPLAZABLE EL DEBATE DE LAS IDEAS - Los pol\u00edticos Veracruz<\/title>\n<meta name=\"robots\" content=\"index, follow, max-snippet:-1, max-image-preview:large, max-video-preview:-1\" \/>\n<link rel=\"canonical\" href=\"https:\/\/lospoliticosveracruz.com\/?p=176824\" \/>\n<meta property=\"og:locale\" content=\"es_ES\" \/>\n<meta property=\"og:type\" content=\"article\" \/>\n<meta property=\"og:title\" content=\"INAPLAZABLE EL DEBATE DE LAS IDEAS - Los pol\u00edticos Veracruz\" \/>\n<meta property=\"og:description\" content=\"Inocencio Ya\u00f1ez Vicencio \u00bb Una gran revoluci\u00f3n no puede surgir sin ideas. Para estar dispuestos a matar o dejarse matar, la mayor\u00eda de los hombres necesitan creer inmensamente en alg\u00fan ideal\u00bb. Nos dice Christopher Hill, en su extraordinario libro, como todos los de su autor\u00eda, titulado: Los or\u00edgenes intelectuales de la Revoluci\u00f3n inglesa. Una perversa [&hellip;]\" \/>\n<meta property=\"og:url\" content=\"https:\/\/lospoliticosveracruz.com\/?p=176824\" \/>\n<meta property=\"og:site_name\" content=\"Los pol\u00edticos Veracruz\" \/>\n<meta property=\"article:publisher\" content=\"https:\/\/www.facebook.com\/people\/Notimemes-de-los-Polticos\/61565672886568\/\" \/>\n<meta property=\"article:published_time\" content=\"2026-07-21T18:04:01+00:00\" \/>\n<meta property=\"article:modified_time\" content=\"2026-07-21T18:04:02+00:00\" \/>\n<meta property=\"og:image\" content=\"https:\/\/lospoliticosveracruz.com\/wp-content\/uploads\/2025\/04\/Inocencio-Yanez-Vicencio.jpg\" \/>\n\t<meta property=\"og:image:width\" content=\"1250\" \/>\n\t<meta property=\"og:image:height\" content=\"667\" \/>\n\t<meta property=\"og:image:type\" content=\"image\/jpeg\" \/>\n<meta name=\"author\" content=\"Lo viste en Los Pol\u00edticos\" \/>\n<meta name=\"twitter:card\" content=\"summary_large_image\" \/>\n<meta name=\"twitter:creator\" content=\"@LosPoliticosVer\" \/>\n<meta name=\"twitter:site\" content=\"@LosPoliticosVer\" \/>\n<meta name=\"twitter:label1\" content=\"Escrito por\" \/>\n\t<meta name=\"twitter:data1\" content=\"Lo viste en Los Pol\u00edticos\" \/>\n\t<meta name=\"twitter:label2\" content=\"Tiempo de lectura\" \/>\n\t<meta name=\"twitter:data2\" content=\"5 minutos\" \/>\n<script type=\"application\/ld+json\" class=\"yoast-schema-graph\">{\"@context\":\"https:\\\/\\\/schema.org\",\"@graph\":[{\"@type\":\"Article\",\"@id\":\"https:\\\/\\\/lospoliticosveracruz.com\\\/?p=176824#article\",\"isPartOf\":{\"@id\":\"https:\\\/\\\/lospoliticosveracruz.com\\\/?p=176824\"},\"author\":{\"name\":\"Lo viste en Los Pol\u00edticos\",\"@id\":\"https:\\\/\\\/lospoliticosveracruz.com\\\/#\\\/schema\\\/person\\\/b8702bb0e538456e6efd07080bf2a4a2\"},\"headline\":\"INAPLAZABLE EL DEBATE DE LAS IDEAS\",\"datePublished\":\"2026-07-21T18:04:01+00:00\",\"dateModified\":\"2026-07-21T18:04:02+00:00\",\"mainEntityOfPage\":{\"@id\":\"https:\\\/\\\/lospoliticosveracruz.com\\\/?p=176824\"},\"wordCount\":1024,\"publisher\":{\"@id\":\"https:\\\/\\\/lospoliticosveracruz.com\\\/#organization\"},\"image\":{\"@id\":\"https:\\\/\\\/lospoliticosveracruz.com\\\/?p=176824#primaryimage\"},\"thumbnailUrl\":\"https:\\\/\\\/lospoliticosveracruz.com\\\/wp-content\\\/uploads\\\/2025\\\/04\\\/Inocencio-Yanez-Vicencio-e1788066800421.jpg\",\"keywords\":[\"Andr\u00e9s Manuel L\u00f3pez Obrador\",\"debate de las ideas\",\"democracia en M\u00e9xico\",\"Estado constitucional\",\"Estado de Derecho\",\"Inocencio Y\u00e1\u00f1ez Vicencio\",\"liberalismo\"],\"articleSection\":[\"De Opini\u00f3n\"],\"inLanguage\":\"es\"},{\"@type\":\"WebPage\",\"@id\":\"https:\\\/\\\/lospoliticosveracruz.com\\\/?p=176824\",\"url\":\"https:\\\/\\\/lospoliticosveracruz.com\\\/?p=176824\",\"name\":\"INAPLAZABLE EL DEBATE DE LAS IDEAS - Los pol\u00edticos Veracruz\",\"isPartOf\":{\"@id\":\"https:\\\/\\\/lospoliticosveracruz.com\\\/#website\"},\"primaryImageOfPage\":{\"@id\":\"https:\\\/\\\/lospoliticosveracruz.com\\\/?p=176824#primaryimage\"},\"image\":{\"@id\":\"https:\\\/\\\/lospoliticosveracruz.com\\\/?p=176824#primaryimage\"},\"thumbnailUrl\":\"https:\\\/\\\/lospoliticosveracruz.com\\\/wp-content\\\/uploads\\\/2025\\\/04\\\/Inocencio-Yanez-Vicencio-e1788066800421.jpg\",\"datePublished\":\"2026-07-21T18:04:01+00:00\",\"dateModified\":\"2026-07-21T18:04:02+00:00\",\"breadcrumb\":{\"@id\":\"https:\\\/\\\/lospoliticosveracruz.com\\\/?p=176824#breadcrumb\"},\"inLanguage\":\"es\",\"potentialAction\":[{\"@type\":\"ReadAction\",\"target\":[\"https:\\\/\\\/lospoliticosveracruz.com\\\/?p=176824\"]}]},{\"@type\":\"ImageObject\",\"inLanguage\":\"es\",\"@id\":\"https:\\\/\\\/lospoliticosveracruz.com\\\/?p=176824#primaryimage\",\"url\":\"https:\\\/\\\/lospoliticosveracruz.com\\\/wp-content\\\/uploads\\\/2025\\\/04\\\/Inocencio-Yanez-Vicencio-e1788066800421.jpg\",\"contentUrl\":\"https:\\\/\\\/lospoliticosveracruz.com\\\/wp-content\\\/uploads\\\/2025\\\/04\\\/Inocencio-Yanez-Vicencio-e1788066800421.jpg\",\"width\":600,\"height\":320},{\"@type\":\"BreadcrumbList\",\"@id\":\"https:\\\/\\\/lospoliticosveracruz.com\\\/?p=176824#breadcrumb\",\"itemListElement\":[{\"@type\":\"ListItem\",\"position\":1,\"name\":\"Portada\",\"item\":\"https:\\\/\\\/lospoliticosveracruz.com\\\/\"},{\"@type\":\"ListItem\",\"position\":2,\"name\":\"INAPLAZABLE EL DEBATE DE LAS IDEAS\"}]},{\"@type\":\"WebSite\",\"@id\":\"https:\\\/\\\/lospoliticosveracruz.com\\\/#website\",\"url\":\"https:\\\/\\\/lospoliticosveracruz.com\\\/\",\"name\":\"Los pol\u00edticos Veracruz\",\"description\":\"\",\"publisher\":{\"@id\":\"https:\\\/\\\/lospoliticosveracruz.com\\\/#organization\"},\"potentialAction\":[{\"@type\":\"SearchAction\",\"target\":{\"@type\":\"EntryPoint\",\"urlTemplate\":\"https:\\\/\\\/lospoliticosveracruz.com\\\/?s={search_term_string}\"},\"query-input\":{\"@type\":\"PropertyValueSpecification\",\"valueRequired\":true,\"valueName\":\"search_term_string\"}}],\"inLanguage\":\"es\"},{\"@type\":\"Organization\",\"@id\":\"https:\\\/\\\/lospoliticosveracruz.com\\\/#organization\",\"name\":\"Los pol\u00edticos Veracruz\",\"url\":\"https:\\\/\\\/lospoliticosveracruz.com\\\/\",\"logo\":{\"@type\":\"ImageObject\",\"inLanguage\":\"es\",\"@id\":\"https:\\\/\\\/lospoliticosveracruz.com\\\/#\\\/schema\\\/logo\\\/image\\\/\",\"url\":\"https:\\\/\\\/lospoliticosveracruz.com\\\/wp-content\\\/uploads\\\/2025\\\/12\\\/Logo-Nuevo-LOS-POLITICOS-1.jpg\",\"contentUrl\":\"https:\\\/\\\/lospoliticosveracruz.com\\\/wp-content\\\/uploads\\\/2025\\\/12\\\/Logo-Nuevo-LOS-POLITICOS-1.jpg\",\"width\":260,\"height\":70,\"caption\":\"Los pol\u00edticos Veracruz\"},\"image\":{\"@id\":\"https:\\\/\\\/lospoliticosveracruz.com\\\/#\\\/schema\\\/logo\\\/image\\\/\"},\"sameAs\":[\"https:\\\/\\\/www.facebook.com\\\/people\\\/Notimemes-de-los-Polticos\\\/61565672886568\\\/\",\"https:\\\/\\\/x.com\\\/LosPoliticosVer\"]},{\"@type\":\"Person\",\"@id\":\"https:\\\/\\\/lospoliticosveracruz.com\\\/#\\\/schema\\\/person\\\/b8702bb0e538456e6efd07080bf2a4a2\",\"name\":\"Lo viste en Los Pol\u00edticos\",\"image\":{\"@type\":\"ImageObject\",\"inLanguage\":\"es\",\"@id\":\"https:\\\/\\\/secure.gravatar.com\\\/avatar\\\/3a8de04a2656d44082be478bd6c086daa447c4651605818287b9532d3d0bd435?s=96&d=mm&r=g\",\"url\":\"https:\\\/\\\/secure.gravatar.com\\\/avatar\\\/3a8de04a2656d44082be478bd6c086daa447c4651605818287b9532d3d0bd435?s=96&d=mm&r=g\",\"contentUrl\":\"https:\\\/\\\/secure.gravatar.com\\\/avatar\\\/3a8de04a2656d44082be478bd6c086daa447c4651605818287b9532d3d0bd435?s=96&d=mm&r=g\",\"caption\":\"Lo viste en Los Pol\u00edticos\"},\"url\":\"https:\\\/\\\/lospoliticosveracruz.com\\\/?author=2\"}]}<\/script>\n<!-- \/ Yoast SEO plugin. -->","yoast_head_json":{"title":"INAPLAZABLE EL DEBATE DE LAS IDEAS - Los pol\u00edticos Veracruz","robots":{"index":"index","follow":"follow","max-snippet":"max-snippet:-1","max-image-preview":"max-image-preview:large","max-video-preview":"max-video-preview:-1"},"canonical":"https:\/\/lospoliticosveracruz.com\/?p=176824","og_locale":"es_ES","og_type":"article","og_title":"INAPLAZABLE EL DEBATE DE LAS IDEAS - Los pol\u00edticos Veracruz","og_description":"Inocencio Ya\u00f1ez Vicencio \u00bb Una gran revoluci\u00f3n no puede surgir sin ideas. Para estar dispuestos a matar o dejarse matar, la mayor\u00eda de los hombres necesitan creer inmensamente en alg\u00fan ideal\u00bb. Nos dice Christopher Hill, en su extraordinario libro, como todos los de su autor\u00eda, titulado: Los or\u00edgenes intelectuales de la Revoluci\u00f3n inglesa. Una perversa [&hellip;]","og_url":"https:\/\/lospoliticosveracruz.com\/?p=176824","og_site_name":"Los pol\u00edticos Veracruz","article_publisher":"https:\/\/www.facebook.com\/people\/Notimemes-de-los-Polticos\/61565672886568\/","article_published_time":"2026-07-21T18:04:01+00:00","article_modified_time":"2026-07-21T18:04:02+00:00","og_image":[{"width":1250,"height":667,"url":"https:\/\/lospoliticosveracruz.com\/wp-content\/uploads\/2025\/04\/Inocencio-Yanez-Vicencio.jpg","type":"image\/jpeg"}],"author":"Lo viste en Los Pol\u00edticos","twitter_card":"summary_large_image","twitter_creator":"@LosPoliticosVer","twitter_site":"@LosPoliticosVer","twitter_misc":{"Escrito por":"Lo viste en Los Pol\u00edticos","Tiempo de lectura":"5 minutos"},"schema":{"@context":"https:\/\/schema.org","@graph":[{"@type":"Article","@id":"https:\/\/lospoliticosveracruz.com\/?p=176824#article","isPartOf":{"@id":"https:\/\/lospoliticosveracruz.com\/?p=176824"},"author":{"name":"Lo viste en Los Pol\u00edticos","@id":"https:\/\/lospoliticosveracruz.com\/#\/schema\/person\/b8702bb0e538456e6efd07080bf2a4a2"},"headline":"INAPLAZABLE EL DEBATE DE LAS IDEAS","datePublished":"2026-07-21T18:04:01+00:00","dateModified":"2026-07-21T18:04:02+00:00","mainEntityOfPage":{"@id":"https:\/\/lospoliticosveracruz.com\/?p=176824"},"wordCount":1024,"publisher":{"@id":"https:\/\/lospoliticosveracruz.com\/#organization"},"image":{"@id":"https:\/\/lospoliticosveracruz.com\/?p=176824#primaryimage"},"thumbnailUrl":"https:\/\/lospoliticosveracruz.com\/wp-content\/uploads\/2025\/04\/Inocencio-Yanez-Vicencio-e1788066800421.jpg","keywords":["Andr\u00e9s Manuel L\u00f3pez Obrador","debate de las ideas","democracia en M\u00e9xico","Estado constitucional","Estado de Derecho","Inocencio Y\u00e1\u00f1ez Vicencio","liberalismo"],"articleSection":["De Opini\u00f3n"],"inLanguage":"es"},{"@type":"WebPage","@id":"https:\/\/lospoliticosveracruz.com\/?p=176824","url":"https:\/\/lospoliticosveracruz.com\/?p=176824","name":"INAPLAZABLE EL DEBATE DE LAS IDEAS - Los pol\u00edticos Veracruz","isPartOf":{"@id":"https:\/\/lospoliticosveracruz.com\/#website"},"primaryImageOfPage":{"@id":"https:\/\/lospoliticosveracruz.com\/?p=176824#primaryimage"},"image":{"@id":"https:\/\/lospoliticosveracruz.com\/?p=176824#primaryimage"},"thumbnailUrl":"https:\/\/lospoliticosveracruz.com\/wp-content\/uploads\/2025\/04\/Inocencio-Yanez-Vicencio-e1788066800421.jpg","datePublished":"2026-07-21T18:04:01+00:00","dateModified":"2026-07-21T18:04:02+00:00","breadcrumb":{"@id":"https:\/\/lospoliticosveracruz.com\/?p=176824#breadcrumb"},"inLanguage":"es","potentialAction":[{"@type":"ReadAction","target":["https:\/\/lospoliticosveracruz.com\/?p=176824"]}]},{"@type":"ImageObject","inLanguage":"es","@id":"https:\/\/lospoliticosveracruz.com\/?p=176824#primaryimage","url":"https:\/\/lospoliticosveracruz.com\/wp-content\/uploads\/2025\/04\/Inocencio-Yanez-Vicencio-e1788066800421.jpg","contentUrl":"https:\/\/lospoliticosveracruz.com\/wp-content\/uploads\/2025\/04\/Inocencio-Yanez-Vicencio-e1788066800421.jpg","width":600,"height":320},{"@type":"BreadcrumbList","@id":"https:\/\/lospoliticosveracruz.com\/?p=176824#breadcrumb","itemListElement":[{"@type":"ListItem","position":1,"name":"Portada","item":"https:\/\/lospoliticosveracruz.com\/"},{"@type":"ListItem","position":2,"name":"INAPLAZABLE EL DEBATE DE LAS IDEAS"}]},{"@type":"WebSite","@id":"https:\/\/lospoliticosveracruz.com\/#website","url":"https:\/\/lospoliticosveracruz.com\/","name":"Los pol\u00edticos Veracruz","description":"","publisher":{"@id":"https:\/\/lospoliticosveracruz.com\/#organization"},"potentialAction":[{"@type":"SearchAction","target":{"@type":"EntryPoint","urlTemplate":"https:\/\/lospoliticosveracruz.com\/?s={search_term_string}"},"query-input":{"@type":"PropertyValueSpecification","valueRequired":true,"valueName":"search_term_string"}}],"inLanguage":"es"},{"@type":"Organization","@id":"https:\/\/lospoliticosveracruz.com\/#organization","name":"Los pol\u00edticos Veracruz","url":"https:\/\/lospoliticosveracruz.com\/","logo":{"@type":"ImageObject","inLanguage":"es","@id":"https:\/\/lospoliticosveracruz.com\/#\/schema\/logo\/image\/","url":"https:\/\/lospoliticosveracruz.com\/wp-content\/uploads\/2025\/12\/Logo-Nuevo-LOS-POLITICOS-1.jpg","contentUrl":"https:\/\/lospoliticosveracruz.com\/wp-content\/uploads\/2025\/12\/Logo-Nuevo-LOS-POLITICOS-1.jpg","width":260,"height":70,"caption":"Los pol\u00edticos Veracruz"},"image":{"@id":"https:\/\/lospoliticosveracruz.com\/#\/schema\/logo\/image\/"},"sameAs":["https:\/\/www.facebook.com\/people\/Notimemes-de-los-Polticos\/61565672886568\/","https:\/\/x.com\/LosPoliticosVer"]},{"@type":"Person","@id":"https:\/\/lospoliticosveracruz.com\/#\/schema\/person\/b8702bb0e538456e6efd07080bf2a4a2","name":"Lo viste en Los Pol\u00edticos","image":{"@type":"ImageObject","inLanguage":"es","@id":"https:\/\/secure.gravatar.com\/avatar\/3a8de04a2656d44082be478bd6c086daa447c4651605818287b9532d3d0bd435?s=96&d=mm&r=g","url":"https:\/\/secure.gravatar.com\/avatar\/3a8de04a2656d44082be478bd6c086daa447c4651605818287b9532d3d0bd435?s=96&d=mm&r=g","contentUrl":"https:\/\/secure.gravatar.com\/avatar\/3a8de04a2656d44082be478bd6c086daa447c4651605818287b9532d3d0bd435?s=96&d=mm&r=g","caption":"Lo viste en Los Pol\u00edticos"},"url":"https:\/\/lospoliticosveracruz.com\/?author=2"}]}},"_links":{"self":[{"href":"https:\/\/lospoliticosveracruz.com\/index.php?rest_route=\/wp\/v2\/posts\/176824","targetHints":{"allow":["GET"]}}],"collection":[{"href":"https:\/\/lospoliticosveracruz.com\/index.php?rest_route=\/wp\/v2\/posts"}],"about":[{"href":"https:\/\/lospoliticosveracruz.com\/index.php?rest_route=\/wp\/v2\/types\/post"}],"author":[{"embeddable":true,"href":"https:\/\/lospoliticosveracruz.com\/index.php?rest_route=\/wp\/v2\/users\/2"}],"replies":[{"embeddable":true,"href":"https:\/\/lospoliticosveracruz.com\/index.php?rest_route=%2Fwp%2Fv2%2Fcomments&post=176824"}],"version-history":[{"count":1,"href":"https:\/\/lospoliticosveracruz.com\/index.php?rest_route=\/wp\/v2\/posts\/176824\/revisions"}],"predecessor-version":[{"id":176825,"href":"https:\/\/lospoliticosveracruz.com\/index.php?rest_route=\/wp\/v2\/posts\/176824\/revisions\/176825"}],"wp:featuredmedia":[{"embeddable":true,"href":"https:\/\/lospoliticosveracruz.com\/index.php?rest_route=\/wp\/v2\/media\/141387"}],"wp:attachment":[{"href":"https:\/\/lospoliticosveracruz.com\/index.php?rest_route=%2Fwp%2Fv2%2Fmedia&parent=176824"}],"wp:term":[{"taxonomy":"category","embeddable":true,"href":"https:\/\/lospoliticosveracruz.com\/index.php?rest_route=%2Fwp%2Fv2%2Fcategories&post=176824"},{"taxonomy":"post_tag","embeddable":true,"href":"https:\/\/lospoliticosveracruz.com\/index.php?rest_route=%2Fwp%2Fv2%2Ftags&post=176824"}],"curies":[{"name":"wp","href":"https:\/\/api.w.org\/{rel}","templated":true}]}}