{"id":17752,"date":"2015-09-10T08:13:38","date_gmt":"2015-09-10T13:13:38","guid":{"rendered":"http:\/\/www.lospoliticosveracruz.com.mx\/?p=17752"},"modified":"2015-09-10T08:13:38","modified_gmt":"2015-09-10T13:13:38","slug":"el-recorte-al-presupuesto-y-su-impacto-en-veracruz","status":"publish","type":"post","link":"https:\/\/lospoliticosveracruz.com\/?p=17752","title":{"rendered":"El recorte al presupuesto y su impacto en Veracruz"},"content":{"rendered":"<p><a href=\"http:\/\/www.lospoliticosveracruz.com.mx\/wp-content\/uploads\/2014\/12\/Luis-Videgaray.jpg\"><img loading=\"lazy\" decoding=\"async\" class=\"alignnone size-medium wp-image-14173\" src=\"http:\/\/www.lospoliticosveracruz.com.mx\/wp-content\/uploads\/2014\/12\/Luis-Videgaray-300x168.jpg\" alt=\"Luis Videgaray\" width=\"300\" height=\"168\" \/><\/a><br \/>\n<strong>Luis Alberto Romero<\/strong><\/p>\n<p><em>Hora Cero<\/em><\/p>\n<p>Este martes, el secretario de Hacienda del gobierno federal, Luis Videgaray Caso, entreg\u00f3 el Paquete Econ\u00f3mico 2016 a la C\u00e1mara de Diputados.<br \/>\nDestaca un recorte al gasto del pr\u00f3ximo a\u00f1o, por un monto de 38 mil millones de pesos. Pasar\u00e1 de 135 mil a 97 mil millones. De igual manera, sobresale la intenci\u00f3n de disminuir el d\u00e9ficit p\u00fablico en 0.5 por ciento del Producto Interno Bruto, as\u00ed como un ajuste de 221 mil millones de pesos en el gasto programable del gobierno.<br \/>\nLa proyecci\u00f3n de crecimiento para 2016 se ubica entre 2.6 y 3.6 por ciento, en tanto que el precio del petr\u00f3leo est\u00e1 previsto alrededor de 50 d\u00f3lares por barril de 159 litros. El gobierno federal estima que durante el pr\u00f3ximo a\u00f1o, la cotizaci\u00f3n del d\u00f3lar se ubicar\u00e1 en 15 pesos con 90 centavos, mientras que la inflaci\u00f3n quedar\u00e1 en 3 por ciento.<br \/>\nEn el tema del petr\u00f3leo, la crisis internacional de los hidrocarburos tendr\u00e1, irremediablemente, un efecto negativo en la econom\u00eda nacional; en ese contexto, el gobierno ya adelant\u00f3 que la falta de ingresos por los bajos precios del petr\u00f3leo se compensar\u00e1 con el aumento en la recaudaci\u00f3n tributaria, lo que se traduce en un apret\u00f3n a los contribuyentes.<br \/>\nLa Secretar\u00eda de Hacienda tambi\u00e9n adelant\u00f3 que las plantillas de trabajadores eventuales y por contrato ser\u00e1n m\u00e1s delgadas, que habr\u00e1 una disminuci\u00f3n en los egresos por alimentaci\u00f3n, vi\u00e1ticos, telefon\u00eda, comunicaci\u00f3n social, asesor\u00edas y consultor\u00edas, as\u00ed como materiales y suministros.<br \/>\nLa mala noticia para las entidades del pa\u00eds es que la reducci\u00f3n del gasto tambi\u00e9n afectar\u00e1 las finanzas de los gobiernos estatales.<br \/>\nAnte el anuncio del gobierno federal, que bajar\u00e1 el gasto en casi 30 por ciento, los gobiernos de las entidades deber\u00e1n hacer lo propio. El problema para Veracruz se refiere a los fuertes compromisos relacionados con el pago de pasivos; la deuda p\u00fablica es un problema que reducir\u00e1 la capacidad de operaci\u00f3n del gobierno veracruzano.<br \/>\nSi en 2015, con un presupuesto mayor al que se tendr\u00e1 el a\u00f1o pr\u00f3ximo, el gobierno estatal enfrenta problemas, como el atraso en los pagos a jubilados, trabajadores de la educaci\u00f3n, becarios y productores agr\u00edcolas, situaci\u00f3n que se ha traducido en bloqueos, manifestaciones y toma de edificios, sin contar con las deudas a proveedores, \u00bfc\u00f3mo vendr\u00e1n las cosas en 2016, a\u00f1o de la sucesi\u00f3n veracruzana, cuando los recursos ser\u00e1n m\u00e1s escasos?<\/p>\n<p><strong>Suicidio, a un a\u00f1o de San Juan Evangelista<\/strong><br \/>\nEste jueves 10 es el D\u00eda Mundial para la Prevenci\u00f3n del Suicidio.<br \/>\nDe acuerdo con datos del Instituto Nacional de Estad\u00edstica, Geograf\u00eda e Inform\u00e1tica, 40.8 por ciento de los suicidios que se registran en M\u00e9xico se presentan en j\u00f3venes de entre 15 y 29 a\u00f1os.<br \/>\nEs un tema preocupante porque la tasa de suicidios establece que se registran 7.5 por cada 100 mil j\u00f3venes mexicanos.<br \/>\nHace un a\u00f1o ocurrieron los lamentables hechos de San Juan Evangelista, municipio ubicado en el sur de Veracruz. Este municipio se convirti\u00f3 en noticia nacional debido a los casos de suicidio entre j\u00f3venes.<br \/>\nEl 7 de mayo de 2014, un estudiante de secundaria se quit\u00f3 la vida en este municipio. Los vecinos se\u00f1alan que al adolescente se le presionaba mucho al interior de su familia luego de que confesara sus preferencias sexuales. No es dif\u00edcil imaginar el contexto de exclusi\u00f3n y marginaci\u00f3n que enfrentan homosexuales y lesbianas en zonas rurales.<br \/>\nD\u00edas despu\u00e9s, una menor de edad, 11 a\u00f1os, se dijo impresionada por el homenaje que le rindi\u00f3 una escuela al suicida y tambi\u00e9n se quit\u00f3 la vida.<br \/>\nA esas muertes se sum\u00f3 otra en el mismo lugar, la de un hombre de 22 a\u00f1os que, de acuerdo con versiones de los vecinos, enfrentaba problemas de drogadicci\u00f3n.<br \/>\nEs un caso, el de San Juan Evangelista, para recordar con la finalidad de prevenir.<\/p>\n<p><strong>Noem\u00ed no se baja el sueldo<\/strong><br \/>\nEl recorte al gasto, anunciado por el gobierno federal, no alcanzar\u00e1 a todos los niveles: los salarios de la alta burocracia, que tiene los m\u00e1s elevados cargos en la funci\u00f3n p\u00fablica, as\u00ed como legisladores, ministros de la Suprema Corte, magistrados y presidentes de \u00f3rganos aut\u00f3nomos, no se van a reducir ni un centavo.<br \/>\nEl Movimiento de Regeneraci\u00f3n Nacional, Morena, plante\u00f3 que diputados y senadores bajen el monto de sus salarios y dietas.<br \/>\nCuestionada sobre ello, la diputada por Coatepec, Noem\u00ed Guzm\u00e1n Lagunes, dijo que de ello, nada; y que para eso de la reducci\u00f3n salarial no van a contar con ella.<br \/>\nDice que en vez de cobrar menos, trabajar\u00e1 m\u00e1s.<br \/>\nPor cierto, la dirigencia nacional del PRI apunt\u00f3 que el presupuesto del Poder Legislativo tendr\u00e1 que ser m\u00e1s bajo y adelant\u00f3 que los priistas que son nuevos inquilinos de San L\u00e1zaro no tendr\u00e1n autos ni telefon\u00eda por cuenta del erario. Tambi\u00e9n este martes, el diputado Javier Herrera Borunda, de la bancada del Verde, habl\u00f3 de una propuesta para reducir el presupuesto de la Junta de Coordinaci\u00f3n Pol\u00edtica, la Mesa Directiva y el Comit\u00e9 de Administraci\u00f3n; en total, 174 millones de pesos que servir\u00edan para invertir en el tema educativo. @luisromero85<\/p>\n","protected":false},"excerpt":{"rendered":"<p>Luis Alberto Romero Hora Cero Este martes, el secretario de Hacienda del gobierno federal, Luis Videgaray Caso, entreg\u00f3 el Paquete Econ\u00f3mico 2016 a la C\u00e1mara de Diputados. Destaca un recorte al gasto del pr\u00f3ximo a\u00f1o, por un monto de 38 mil millones de pesos. Pasar\u00e1 de 135 mil a 97 mil millones. De igual manera, [&hellip;]<\/p>\n","protected":false},"author":2,"featured_media":0,"comment_status":"open","ping_status":"open","sticky":false,"template":"","format":"standard","meta":{"tdm_status":"","tdm_grid_status":"","footnotes":""},"categories":[70],"tags":[1847,3369,1110],"class_list":{"0":"post-17752","1":"post","2":"type-post","3":"status-publish","4":"format-standard","6":"category-de-opinion","7":"tag-luis-videgaray-caso","8":"tag-paquete-economico-2016","9":"tag-secretaria-de-hacienda"},"yoast_head":"<!-- This site is optimized with the Yoast SEO plugin v27.4 - https:\/\/yoast.com\/product\/yoast-seo-wordpress\/ -->\n<title>El recorte al presupuesto y su impacto en Veracruz - Los pol\u00edticos Veracruz<\/title>\n<meta name=\"robots\" content=\"index, follow, max-snippet:-1, max-image-preview:large, max-video-preview:-1\" \/>\n<link rel=\"canonical\" href=\"https:\/\/lospoliticosveracruz.com\/?p=17752\" \/>\n<meta property=\"og:locale\" content=\"es_ES\" \/>\n<meta property=\"og:type\" content=\"article\" \/>\n<meta property=\"og:title\" content=\"El recorte al presupuesto y su impacto en Veracruz - Los pol\u00edticos Veracruz\" \/>\n<meta property=\"og:description\" content=\"Luis Alberto Romero Hora Cero Este martes, el secretario de Hacienda del gobierno federal, Luis Videgaray Caso, entreg\u00f3 el Paquete Econ\u00f3mico 2016 a la C\u00e1mara de Diputados. Destaca un recorte al gasto del pr\u00f3ximo a\u00f1o, por un monto de 38 mil millones de pesos. Pasar\u00e1 de 135 mil a 97 mil millones. De igual manera, [&hellip;]\" \/>\n<meta property=\"og:url\" content=\"https:\/\/lospoliticosveracruz.com\/?p=17752\" \/>\n<meta property=\"og:site_name\" content=\"Los pol\u00edticos Veracruz\" \/>\n<meta property=\"article:publisher\" content=\"https:\/\/www.facebook.com\/people\/Notimemes-de-los-Polticos\/61565672886568\/\" \/>\n<meta property=\"article:published_time\" content=\"2015-09-10T13:13:38+00:00\" \/>\n<meta property=\"og:image\" content=\"http:\/\/www.lospoliticosveracruz.com.mx\/wp-content\/uploads\/2014\/12\/Luis-Videgaray-300x168.jpg\" \/>\n<meta name=\"author\" content=\"Lo viste en Los Pol\u00edticos\" \/>\n<meta name=\"twitter:card\" content=\"summary_large_image\" \/>\n<meta name=\"twitter:creator\" content=\"@LosPoliticosVer\" \/>\n<meta name=\"twitter:site\" content=\"@LosPoliticosVer\" \/>\n<meta name=\"twitter:label1\" content=\"Escrito por\" \/>\n\t<meta name=\"twitter:data1\" content=\"Lo viste en Los Pol\u00edticos\" \/>\n\t<meta name=\"twitter:label2\" content=\"Tiempo de lectura\" \/>\n\t<meta name=\"twitter:data2\" content=\"4 minutos\" \/>\n<script type=\"application\/ld+json\" class=\"yoast-schema-graph\">{\"@context\":\"https:\\\/\\\/schema.org\",\"@graph\":[{\"@type\":\"Article\",\"@id\":\"https:\\\/\\\/lospoliticosveracruz.com\\\/?p=17752#article\",\"isPartOf\":{\"@id\":\"https:\\\/\\\/lospoliticosveracruz.com\\\/?p=17752\"},\"author\":{\"name\":\"Lo viste en Los Pol\u00edticos\",\"@id\":\"https:\\\/\\\/lospoliticosveracruz.com\\\/#\\\/schema\\\/person\\\/b8702bb0e538456e6efd07080bf2a4a2\"},\"headline\":\"El recorte al presupuesto y su impacto en Veracruz\",\"datePublished\":\"2015-09-10T13:13:38+00:00\",\"mainEntityOfPage\":{\"@id\":\"https:\\\/\\\/lospoliticosveracruz.com\\\/?p=17752\"},\"wordCount\":901,\"commentCount\":0,\"publisher\":{\"@id\":\"https:\\\/\\\/lospoliticosveracruz.com\\\/#organization\"},\"image\":{\"@id\":\"https:\\\/\\\/lospoliticosveracruz.com\\\/?p=17752#primaryimage\"},\"thumbnailUrl\":\"http:\\\/\\\/www.lospoliticosveracruz.com.mx\\\/wp-content\\\/uploads\\\/2014\\\/12\\\/Luis-Videgaray-300x168.jpg\",\"keywords\":[\"Luis Videgaray Caso\",\"Paquete Econ\u00f3mico 2016\",\"Secretar\u00eda de Hacienda\"],\"articleSection\":[\"De Opini\u00f3n\"],\"inLanguage\":\"es\",\"potentialAction\":[{\"@type\":\"CommentAction\",\"name\":\"Comment\",\"target\":[\"https:\\\/\\\/lospoliticosveracruz.com\\\/?p=17752#respond\"]}]},{\"@type\":\"WebPage\",\"@id\":\"https:\\\/\\\/lospoliticosveracruz.com\\\/?p=17752\",\"url\":\"https:\\\/\\\/lospoliticosveracruz.com\\\/?p=17752\",\"name\":\"El recorte al presupuesto y su impacto en Veracruz - Los pol\u00edticos Veracruz\",\"isPartOf\":{\"@id\":\"https:\\\/\\\/lospoliticosveracruz.com\\\/#website\"},\"primaryImageOfPage\":{\"@id\":\"https:\\\/\\\/lospoliticosveracruz.com\\\/?p=17752#primaryimage\"},\"image\":{\"@id\":\"https:\\\/\\\/lospoliticosveracruz.com\\\/?p=17752#primaryimage\"},\"thumbnailUrl\":\"http:\\\/\\\/www.lospoliticosveracruz.com.mx\\\/wp-content\\\/uploads\\\/2014\\\/12\\\/Luis-Videgaray-300x168.jpg\",\"datePublished\":\"2015-09-10T13:13:38+00:00\",\"breadcrumb\":{\"@id\":\"https:\\\/\\\/lospoliticosveracruz.com\\\/?p=17752#breadcrumb\"},\"inLanguage\":\"es\",\"potentialAction\":[{\"@type\":\"ReadAction\",\"target\":[\"https:\\\/\\\/lospoliticosveracruz.com\\\/?p=17752\"]}]},{\"@type\":\"ImageObject\",\"inLanguage\":\"es\",\"@id\":\"https:\\\/\\\/lospoliticosveracruz.com\\\/?p=17752#primaryimage\",\"url\":\"http:\\\/\\\/www.lospoliticosveracruz.com.mx\\\/wp-content\\\/uploads\\\/2014\\\/12\\\/Luis-Videgaray-300x168.jpg\",\"contentUrl\":\"http:\\\/\\\/www.lospoliticosveracruz.com.mx\\\/wp-content\\\/uploads\\\/2014\\\/12\\\/Luis-Videgaray-300x168.jpg\"},{\"@type\":\"BreadcrumbList\",\"@id\":\"https:\\\/\\\/lospoliticosveracruz.com\\\/?p=17752#breadcrumb\",\"itemListElement\":[{\"@type\":\"ListItem\",\"position\":1,\"name\":\"Portada\",\"item\":\"https:\\\/\\\/lospoliticosveracruz.com\\\/\"},{\"@type\":\"ListItem\",\"position\":2,\"name\":\"El recorte al presupuesto y su impacto en Veracruz\"}]},{\"@type\":\"WebSite\",\"@id\":\"https:\\\/\\\/lospoliticosveracruz.com\\\/#website\",\"url\":\"https:\\\/\\\/lospoliticosveracruz.com\\\/\",\"name\":\"Los pol\u00edticos Veracruz\",\"description\":\"\",\"publisher\":{\"@id\":\"https:\\\/\\\/lospoliticosveracruz.com\\\/#organization\"},\"potentialAction\":[{\"@type\":\"SearchAction\",\"target\":{\"@type\":\"EntryPoint\",\"urlTemplate\":\"https:\\\/\\\/lospoliticosveracruz.com\\\/?s={search_term_string}\"},\"query-input\":{\"@type\":\"PropertyValueSpecification\",\"valueRequired\":true,\"valueName\":\"search_term_string\"}}],\"inLanguage\":\"es\"},{\"@type\":\"Organization\",\"@id\":\"https:\\\/\\\/lospoliticosveracruz.com\\\/#organization\",\"name\":\"Los pol\u00edticos Veracruz\",\"url\":\"https:\\\/\\\/lospoliticosveracruz.com\\\/\",\"logo\":{\"@type\":\"ImageObject\",\"inLanguage\":\"es\",\"@id\":\"https:\\\/\\\/lospoliticosveracruz.com\\\/#\\\/schema\\\/logo\\\/image\\\/\",\"url\":\"https:\\\/\\\/lospoliticosveracruz.com\\\/wp-content\\\/uploads\\\/2025\\\/12\\\/Logo-Nuevo-LOS-POLITICOS-1.jpg\",\"contentUrl\":\"https:\\\/\\\/lospoliticosveracruz.com\\\/wp-content\\\/uploads\\\/2025\\\/12\\\/Logo-Nuevo-LOS-POLITICOS-1.jpg\",\"width\":260,\"height\":70,\"caption\":\"Los pol\u00edticos Veracruz\"},\"image\":{\"@id\":\"https:\\\/\\\/lospoliticosveracruz.com\\\/#\\\/schema\\\/logo\\\/image\\\/\"},\"sameAs\":[\"https:\\\/\\\/www.facebook.com\\\/people\\\/Notimemes-de-los-Polticos\\\/61565672886568\\\/\",\"https:\\\/\\\/x.com\\\/LosPoliticosVer\"]},{\"@type\":\"Person\",\"@id\":\"https:\\\/\\\/lospoliticosveracruz.com\\\/#\\\/schema\\\/person\\\/b8702bb0e538456e6efd07080bf2a4a2\",\"name\":\"Lo viste en Los Pol\u00edticos\",\"image\":{\"@type\":\"ImageObject\",\"inLanguage\":\"es\",\"@id\":\"https:\\\/\\\/secure.gravatar.com\\\/avatar\\\/3a8de04a2656d44082be478bd6c086daa447c4651605818287b9532d3d0bd435?s=96&d=mm&r=g\",\"url\":\"https:\\\/\\\/secure.gravatar.com\\\/avatar\\\/3a8de04a2656d44082be478bd6c086daa447c4651605818287b9532d3d0bd435?s=96&d=mm&r=g\",\"contentUrl\":\"https:\\\/\\\/secure.gravatar.com\\\/avatar\\\/3a8de04a2656d44082be478bd6c086daa447c4651605818287b9532d3d0bd435?s=96&d=mm&r=g\",\"caption\":\"Lo viste en Los Pol\u00edticos\"},\"url\":\"https:\\\/\\\/lospoliticosveracruz.com\\\/?author=2\"}]}<\/script>\n<!-- \/ Yoast SEO plugin. -->","yoast_head_json":{"title":"El recorte al presupuesto y su impacto en Veracruz - Los pol\u00edticos Veracruz","robots":{"index":"index","follow":"follow","max-snippet":"max-snippet:-1","max-image-preview":"max-image-preview:large","max-video-preview":"max-video-preview:-1"},"canonical":"https:\/\/lospoliticosveracruz.com\/?p=17752","og_locale":"es_ES","og_type":"article","og_title":"El recorte al presupuesto y su impacto en Veracruz - Los pol\u00edticos Veracruz","og_description":"Luis Alberto Romero Hora Cero Este martes, el secretario de Hacienda del gobierno federal, Luis Videgaray Caso, entreg\u00f3 el Paquete Econ\u00f3mico 2016 a la C\u00e1mara de Diputados. Destaca un recorte al gasto del pr\u00f3ximo a\u00f1o, por un monto de 38 mil millones de pesos. Pasar\u00e1 de 135 mil a 97 mil millones. De igual manera, [&hellip;]","og_url":"https:\/\/lospoliticosveracruz.com\/?p=17752","og_site_name":"Los pol\u00edticos Veracruz","article_publisher":"https:\/\/www.facebook.com\/people\/Notimemes-de-los-Polticos\/61565672886568\/","article_published_time":"2015-09-10T13:13:38+00:00","og_image":[{"url":"http:\/\/www.lospoliticosveracruz.com.mx\/wp-content\/uploads\/2014\/12\/Luis-Videgaray-300x168.jpg","type":"","width":"","height":""}],"author":"Lo viste en Los Pol\u00edticos","twitter_card":"summary_large_image","twitter_creator":"@LosPoliticosVer","twitter_site":"@LosPoliticosVer","twitter_misc":{"Escrito por":"Lo viste en Los Pol\u00edticos","Tiempo de lectura":"4 minutos"},"schema":{"@context":"https:\/\/schema.org","@graph":[{"@type":"Article","@id":"https:\/\/lospoliticosveracruz.com\/?p=17752#article","isPartOf":{"@id":"https:\/\/lospoliticosveracruz.com\/?p=17752"},"author":{"name":"Lo viste en Los Pol\u00edticos","@id":"https:\/\/lospoliticosveracruz.com\/#\/schema\/person\/b8702bb0e538456e6efd07080bf2a4a2"},"headline":"El recorte al presupuesto y su impacto en Veracruz","datePublished":"2015-09-10T13:13:38+00:00","mainEntityOfPage":{"@id":"https:\/\/lospoliticosveracruz.com\/?p=17752"},"wordCount":901,"commentCount":0,"publisher":{"@id":"https:\/\/lospoliticosveracruz.com\/#organization"},"image":{"@id":"https:\/\/lospoliticosveracruz.com\/?p=17752#primaryimage"},"thumbnailUrl":"http:\/\/www.lospoliticosveracruz.com.mx\/wp-content\/uploads\/2014\/12\/Luis-Videgaray-300x168.jpg","keywords":["Luis Videgaray Caso","Paquete Econ\u00f3mico 2016","Secretar\u00eda de Hacienda"],"articleSection":["De Opini\u00f3n"],"inLanguage":"es","potentialAction":[{"@type":"CommentAction","name":"Comment","target":["https:\/\/lospoliticosveracruz.com\/?p=17752#respond"]}]},{"@type":"WebPage","@id":"https:\/\/lospoliticosveracruz.com\/?p=17752","url":"https:\/\/lospoliticosveracruz.com\/?p=17752","name":"El recorte al presupuesto y su impacto en Veracruz - Los pol\u00edticos Veracruz","isPartOf":{"@id":"https:\/\/lospoliticosveracruz.com\/#website"},"primaryImageOfPage":{"@id":"https:\/\/lospoliticosveracruz.com\/?p=17752#primaryimage"},"image":{"@id":"https:\/\/lospoliticosveracruz.com\/?p=17752#primaryimage"},"thumbnailUrl":"http:\/\/www.lospoliticosveracruz.com.mx\/wp-content\/uploads\/2014\/12\/Luis-Videgaray-300x168.jpg","datePublished":"2015-09-10T13:13:38+00:00","breadcrumb":{"@id":"https:\/\/lospoliticosveracruz.com\/?p=17752#breadcrumb"},"inLanguage":"es","potentialAction":[{"@type":"ReadAction","target":["https:\/\/lospoliticosveracruz.com\/?p=17752"]}]},{"@type":"ImageObject","inLanguage":"es","@id":"https:\/\/lospoliticosveracruz.com\/?p=17752#primaryimage","url":"http:\/\/www.lospoliticosveracruz.com.mx\/wp-content\/uploads\/2014\/12\/Luis-Videgaray-300x168.jpg","contentUrl":"http:\/\/www.lospoliticosveracruz.com.mx\/wp-content\/uploads\/2014\/12\/Luis-Videgaray-300x168.jpg"},{"@type":"BreadcrumbList","@id":"https:\/\/lospoliticosveracruz.com\/?p=17752#breadcrumb","itemListElement":[{"@type":"ListItem","position":1,"name":"Portada","item":"https:\/\/lospoliticosveracruz.com\/"},{"@type":"ListItem","position":2,"name":"El recorte al presupuesto y su impacto en Veracruz"}]},{"@type":"WebSite","@id":"https:\/\/lospoliticosveracruz.com\/#website","url":"https:\/\/lospoliticosveracruz.com\/","name":"Los pol\u00edticos Veracruz","description":"","publisher":{"@id":"https:\/\/lospoliticosveracruz.com\/#organization"},"potentialAction":[{"@type":"SearchAction","target":{"@type":"EntryPoint","urlTemplate":"https:\/\/lospoliticosveracruz.com\/?s={search_term_string}"},"query-input":{"@type":"PropertyValueSpecification","valueRequired":true,"valueName":"search_term_string"}}],"inLanguage":"es"},{"@type":"Organization","@id":"https:\/\/lospoliticosveracruz.com\/#organization","name":"Los pol\u00edticos Veracruz","url":"https:\/\/lospoliticosveracruz.com\/","logo":{"@type":"ImageObject","inLanguage":"es","@id":"https:\/\/lospoliticosveracruz.com\/#\/schema\/logo\/image\/","url":"https:\/\/lospoliticosveracruz.com\/wp-content\/uploads\/2025\/12\/Logo-Nuevo-LOS-POLITICOS-1.jpg","contentUrl":"https:\/\/lospoliticosveracruz.com\/wp-content\/uploads\/2025\/12\/Logo-Nuevo-LOS-POLITICOS-1.jpg","width":260,"height":70,"caption":"Los pol\u00edticos Veracruz"},"image":{"@id":"https:\/\/lospoliticosveracruz.com\/#\/schema\/logo\/image\/"},"sameAs":["https:\/\/www.facebook.com\/people\/Notimemes-de-los-Polticos\/61565672886568\/","https:\/\/x.com\/LosPoliticosVer"]},{"@type":"Person","@id":"https:\/\/lospoliticosveracruz.com\/#\/schema\/person\/b8702bb0e538456e6efd07080bf2a4a2","name":"Lo viste en Los Pol\u00edticos","image":{"@type":"ImageObject","inLanguage":"es","@id":"https:\/\/secure.gravatar.com\/avatar\/3a8de04a2656d44082be478bd6c086daa447c4651605818287b9532d3d0bd435?s=96&d=mm&r=g","url":"https:\/\/secure.gravatar.com\/avatar\/3a8de04a2656d44082be478bd6c086daa447c4651605818287b9532d3d0bd435?s=96&d=mm&r=g","contentUrl":"https:\/\/secure.gravatar.com\/avatar\/3a8de04a2656d44082be478bd6c086daa447c4651605818287b9532d3d0bd435?s=96&d=mm&r=g","caption":"Lo viste en Los Pol\u00edticos"},"url":"https:\/\/lospoliticosveracruz.com\/?author=2"}]}},"_links":{"self":[{"href":"https:\/\/lospoliticosveracruz.com\/index.php?rest_route=\/wp\/v2\/posts\/17752","targetHints":{"allow":["GET"]}}],"collection":[{"href":"https:\/\/lospoliticosveracruz.com\/index.php?rest_route=\/wp\/v2\/posts"}],"about":[{"href":"https:\/\/lospoliticosveracruz.com\/index.php?rest_route=\/wp\/v2\/types\/post"}],"author":[{"embeddable":true,"href":"https:\/\/lospoliticosveracruz.com\/index.php?rest_route=\/wp\/v2\/users\/2"}],"replies":[{"embeddable":true,"href":"https:\/\/lospoliticosveracruz.com\/index.php?rest_route=%2Fwp%2Fv2%2Fcomments&post=17752"}],"version-history":[{"count":1,"href":"https:\/\/lospoliticosveracruz.com\/index.php?rest_route=\/wp\/v2\/posts\/17752\/revisions"}],"predecessor-version":[{"id":17753,"href":"https:\/\/lospoliticosveracruz.com\/index.php?rest_route=\/wp\/v2\/posts\/17752\/revisions\/17753"}],"wp:attachment":[{"href":"https:\/\/lospoliticosveracruz.com\/index.php?rest_route=%2Fwp%2Fv2%2Fmedia&parent=17752"}],"wp:term":[{"taxonomy":"category","embeddable":true,"href":"https:\/\/lospoliticosveracruz.com\/index.php?rest_route=%2Fwp%2Fv2%2Fcategories&post=17752"},{"taxonomy":"post_tag","embeddable":true,"href":"https:\/\/lospoliticosveracruz.com\/index.php?rest_route=%2Fwp%2Fv2%2Ftags&post=17752"}],"curies":[{"name":"wp","href":"https:\/\/api.w.org\/{rel}","templated":true}]}}