{"id":17764,"date":"2015-09-10T21:02:38","date_gmt":"2015-09-11T02:02:38","guid":{"rendered":"http:\/\/www.lospoliticosveracruz.com.mx\/?p=17764"},"modified":"2015-09-10T21:02:38","modified_gmt":"2015-09-11T02:02:38","slug":"veracruzanos-en-la-burocracia-mas-alta","status":"publish","type":"post","link":"https:\/\/lospoliticosveracruz.com\/?p=17764","title":{"rendered":"Veracruzanos, en la burocracia m\u00e1s alta"},"content":{"rendered":"<p><a href=\"http:\/\/www.lospoliticosveracruz.com.mx\/wp-content\/uploads\/2014\/10\/Enrique-Gonz\u00e1lez-Tiburcio.jpg\"><img loading=\"lazy\" decoding=\"async\" class=\"alignnone size-medium wp-image-12578\" src=\"http:\/\/www.lospoliticosveracruz.com.mx\/wp-content\/uploads\/2014\/10\/Enrique-Gonz\u00e1lez-Tiburcio-300x225.jpg\" alt=\"Enrique Gonz\u00e1lez Tiburcio\" width=\"300\" height=\"225\" \/><\/a><\/p>\n<p><strong>Luis Alberto Romero<\/strong><\/p>\n<p><em>Hora Cero<\/em><\/p>\n<p>En el municipio de Alvarado se tom\u00f3 con mucho optimismo la llegada de Enrique Gonz\u00e1lez Tiburcio a la Subsecretar\u00eda de Ordenamiento Territorial de la Sedatu.<br \/>\nPor la tarde de este mi\u00e9rcoles 8, la secretaria de Desarrollo Agrario, Territorial y Urbano, Rosario Robles Berlanga, design\u00f3 al alvarade\u00f1o como titular de una de las tres subsecretar\u00edas de la dependencia.<br \/>\nGonz\u00e1lez Tiburcio fue jefe de coordinador de asesores en la Secretar\u00eda de Desarrollo Social, justo en el periodo en que Rosario Robles se desempe\u00f1\u00f3 como titular. Es un profesional de la administraci\u00f3n p\u00fablica; licenciado en Econom\u00eda por la Universidad Nacional Aut\u00f3noma de M\u00e9xico y por a\u00f1os ha sido consultor de organismos internacionales, como la Organizaci\u00f3n de las Naciones Unidas para la Alimentaci\u00f3n y la Agricultura (FAO), el Programa de las Naciones Unidas para el Desarrollo (PNUD), y el Fondo de las Naciones Unidas para la Infancia (UNICEF).<br \/>\nDe amplio reconocimiento en la funci\u00f3n P\u00fablica, el alvarade\u00f1o recibi\u00f3 en 1990 el Premio Nacional de Administraci\u00f3n P\u00fablica, lo que nos indica que no se trata de un improvisado, sino de un funcionario con experiencia, trayectoria y capacidad; incluso, desde los recientes cambios en el gabinete presidencial, el 27 de agosto, a Enrique Gonz\u00e1lez se le ubicaba en diferentes espacios, como un cargo de alto nivel dentro de la Secretar\u00eda de Educaci\u00f3n P\u00fablica, a lado de Aurelio Nu\u00f1o Mayer.<br \/>\nEn ese mismo nivel, una subsecretar\u00eda, se encuentra otro veracruzano, Fernando Aportela Rodr\u00edguez, quien es considerado en el \u00e1mbito econ\u00f3mico y financiero como un experto en fusiones, adquisiciones y reestructuras, as\u00ed como en fondos de inversi\u00f3n de infraestructura, las alianzas p\u00fablico-privadas.<br \/>\nFernando Aportela es subsecretario de Hacienda y Cr\u00e9dito P\u00fablico y, como tal, parte del equipo cercano de Luis Videgaray Caso.<br \/>\nTambi\u00e9n veracruzano, Aportela Rodr\u00edguez cuenta con doctorado por el Instituto Tecnol\u00f3gico de Massachusetts. En el gobierno de Veracruz se desempe\u00f1\u00f3 como secretario adjunto de ingresos, durante la administraci\u00f3n de Miguel Alem\u00e1n Velasco. En el Banco de M\u00e9xico fue director adjunto del equipo de asesores en materia econ\u00f3mica de la Presidencia de la Rep\u00fablica y del equipo econ\u00f3mico de la Secretar\u00eda de Hacienda y Cr\u00e9dito P\u00fablico.<\/p>\n<p><strong>Gonz\u00e1lez Anaya en el gabinete ampliado<\/strong><br \/>\nEn otra esfera, en el gabinete ampliado se encuentra Jos\u00e9 Antonio Gonz\u00e1lez Anaya, quien dirige el Instituto Mexicano del Seguro Social. Tambi\u00e9n es veracruzano.<br \/>\nOriginario de Coatzacoalcos, Gonz\u00e1lez Anaya fue director de la Comisi\u00f3n Nacional del Sistema de Ahorro para el Retiro y coordinador de asesores de la Secretar\u00eda de Hacienda y Cr\u00e9dito P\u00fablico; durante el sexenio de Felipe Calder\u00f3n Hinojosa, el actual titular del IMSS se desempe\u00f1\u00f3 como subsecretario de Ingresos.<br \/>\nPor cierto, en algunas columnas financieras de la prensa nacional se comenta que Jos\u00e9 Antonio Gonz\u00e1lez Anaya podr\u00eda salir pronto del gabinete ampliado de Pe\u00f1a Nieto; hablan de su inminente salida del Instituto Mexicano del Seguro Social; si as\u00ed ocurriera, el de Coatzacoalcos dif\u00edcilmente quedar\u00eda fuera de los espacios gubernamentales y pol\u00edticos; primero, porque cuenta con trayectoria en la administraci\u00f3n p\u00fablica y con una s\u00f3lida formaci\u00f3n; segundo y no menos importante, porque tiene contactos en las m\u00e1s altas esferas pol\u00edticas del pa\u00eds; en ese sentido, su relaci\u00f3n con el ex presidente Carlos Salinas de Gortari puede ser determinante en su futuro. Hay que recordar que Gonz\u00e1lez Anaya est\u00e1 casado con Gabriela Gerard Rivero, hermana de Ana Paula Gerard, actual esposa del ex mandatario.<br \/>\nPor esos motivos, desde su llegada al IMSS, en 2012, no falt\u00f3 quien mencionara a Gonz\u00e1lez Anaya como una posibilidad para el Partido Revolucionario Institucional, en el contexto de la sucesi\u00f3n veracruzana; hoy, eso se observa muy lejano porque si bien el de Coatzacoalcos tiene presencia y su apellido es reconocido en el sur de la entidad, en otras regiones del estado su nombre resulta desconocido.<br \/>\nEn fin, se trata de tres veracruzanos encumbrados en las m\u00e1s altas esferas de la funci\u00f3n p\u00fablica de nuestro pa\u00eds.<br \/>\nA ellos podr\u00edan agregarse nombres como los de Felipe Amadeo Flores Espinoza, ex presidente del Congreso de Veracruz, ex diputado federal y ex procurador de Justicia del Estado, quien actualmente ocupa la Direcci\u00f3n de Desarrollo Agrario de la Sedatu; y Salvador Mikel Rivera, tambi\u00e9n ex procurador, ex secretario de Gobierno y actual director jur\u00eddico del Instituto de Seguridad y Servicios Sociales de los Trabajadores del Estado, Issste.<\/p>\n<p><strong>Apoyo a los adultos mayores<\/strong><br \/>\nExcelente noticia para las personas de la Tercera Edad en Xalapa surge a partir del convenio de colaboraci\u00f3n que firmaron ayer el Ayuntamiento de Xalapa, la CMAS y el INAPAM, mediante el cual se garantiza descuentos del 50 por ciento en el pago del impuesto predial y en el pago anual anticipado del servicio de agua potable y saneamiento para los adultos mayores que re\u00fanan requisitos b\u00e1sicos, entre ellos, presentar su credencial del INAPAM. El alcalde Am\u00e9rico Z\u00fa\u00f1iga Mart\u00ednez reconoci\u00f3 que esta medida es una muestra de la gratitud que Xalapa tiene a uno de los sectores sociales m\u00e1s generosos y que m\u00e1s cumplidamente apoya el desarrollo como los son los adultos mayores. Con acciones concretas, la administraci\u00f3n municipal apoya el mejoramiento de la econom\u00eda de las familias xalape\u00f1as y eso lo agradece la ciudadan\u00eda, como en este caso todo el universo de adultos mayores de Xalapa. @luisromero85<\/p>\n","protected":false},"excerpt":{"rendered":"<p>Luis Alberto Romero Hora Cero En el municipio de Alvarado se tom\u00f3 con mucho optimismo la llegada de Enrique Gonz\u00e1lez Tiburcio a la Subsecretar\u00eda de Ordenamiento Territorial de la Sedatu. Por la tarde de este mi\u00e9rcoles 8, la secretaria de Desarrollo Agrario, Territorial y Urbano, Rosario Robles Berlanga, design\u00f3 al alvarade\u00f1o como titular de una [&hellip;]<\/p>\n","protected":false},"author":2,"featured_media":0,"comment_status":"open","ping_status":"open","sticky":false,"template":"","format":"standard","meta":{"tdm_status":"","tdm_grid_status":"","footnotes":""},"categories":[70],"tags":[301,302,2882,1948,3375],"class_list":{"0":"post-17764","1":"post","2":"type-post","3":"status-publish","4":"format-standard","6":"category-de-opinion","7":"tag-alvarado","8":"tag-enrique-gonzalez-tiburcio","9":"tag-rosario-robles-berlanga","10":"tag-sedatu","11":"tag-subsecretaria-de-ordenamiento-territorial"},"yoast_head":"<!-- This site is optimized with the Yoast SEO plugin v27.4 - https:\/\/yoast.com\/product\/yoast-seo-wordpress\/ -->\n<title>Veracruzanos, en la burocracia m\u00e1s alta - Los pol\u00edticos Veracruz<\/title>\n<meta name=\"robots\" content=\"index, follow, max-snippet:-1, max-image-preview:large, max-video-preview:-1\" \/>\n<link rel=\"canonical\" href=\"https:\/\/lospoliticosveracruz.com\/?p=17764\" \/>\n<meta property=\"og:locale\" content=\"es_ES\" \/>\n<meta property=\"og:type\" content=\"article\" \/>\n<meta property=\"og:title\" content=\"Veracruzanos, en la burocracia m\u00e1s alta - Los pol\u00edticos Veracruz\" \/>\n<meta property=\"og:description\" content=\"Luis Alberto Romero Hora Cero En el municipio de Alvarado se tom\u00f3 con mucho optimismo la llegada de Enrique Gonz\u00e1lez Tiburcio a la Subsecretar\u00eda de Ordenamiento Territorial de la Sedatu. Por la tarde de este mi\u00e9rcoles 8, la secretaria de Desarrollo Agrario, Territorial y Urbano, Rosario Robles Berlanga, design\u00f3 al alvarade\u00f1o como titular de una [&hellip;]\" \/>\n<meta property=\"og:url\" content=\"https:\/\/lospoliticosveracruz.com\/?p=17764\" \/>\n<meta property=\"og:site_name\" content=\"Los pol\u00edticos Veracruz\" \/>\n<meta property=\"article:publisher\" content=\"https:\/\/www.facebook.com\/people\/Notimemes-de-los-Polticos\/61565672886568\/\" \/>\n<meta property=\"article:published_time\" content=\"2015-09-11T02:02:38+00:00\" \/>\n<meta property=\"og:image\" content=\"https:\/\/lospoliticosveracruz.com\/wp-content\/uploads\/2016\/07\/Logo-Dor.jpg\" \/>\n\t<meta property=\"og:image:width\" content=\"200\" \/>\n\t<meta property=\"og:image:height\" content=\"200\" \/>\n\t<meta property=\"og:image:type\" content=\"image\/jpeg\" \/>\n<meta name=\"author\" content=\"Lo viste en Los Pol\u00edticos\" \/>\n<meta name=\"twitter:card\" content=\"summary_large_image\" \/>\n<meta name=\"twitter:creator\" content=\"@LosPoliticosVer\" \/>\n<meta name=\"twitter:site\" content=\"@LosPoliticosVer\" \/>\n<meta name=\"twitter:label1\" content=\"Escrito por\" \/>\n\t<meta name=\"twitter:data1\" content=\"Lo viste en Los Pol\u00edticos\" \/>\n\t<meta name=\"twitter:label2\" content=\"Tiempo de lectura\" \/>\n\t<meta name=\"twitter:data2\" content=\"5 minutos\" \/>\n<script type=\"application\/ld+json\" class=\"yoast-schema-graph\">{\"@context\":\"https:\\\/\\\/schema.org\",\"@graph\":[{\"@type\":\"Article\",\"@id\":\"https:\\\/\\\/lospoliticosveracruz.com\\\/?p=17764#article\",\"isPartOf\":{\"@id\":\"https:\\\/\\\/lospoliticosveracruz.com\\\/?p=17764\"},\"author\":{\"name\":\"Lo viste en Los Pol\u00edticos\",\"@id\":\"https:\\\/\\\/lospoliticosveracruz.com\\\/#\\\/schema\\\/person\\\/b8702bb0e538456e6efd07080bf2a4a2\"},\"headline\":\"Veracruzanos, en la burocracia m\u00e1s alta\",\"datePublished\":\"2015-09-11T02:02:38+00:00\",\"mainEntityOfPage\":{\"@id\":\"https:\\\/\\\/lospoliticosveracruz.com\\\/?p=17764\"},\"wordCount\":953,\"commentCount\":0,\"publisher\":{\"@id\":\"https:\\\/\\\/lospoliticosveracruz.com\\\/#organization\"},\"keywords\":[\"Alvarado\",\"Enrique Gonz\u00e1lez Tiburcio\",\"Rosario Robles Berlanga\",\"Sedatu\",\"Subsecretar\u00eda de Ordenamiento Territorial\"],\"articleSection\":[\"De Opini\u00f3n\"],\"inLanguage\":\"es\",\"potentialAction\":[{\"@type\":\"CommentAction\",\"name\":\"Comment\",\"target\":[\"https:\\\/\\\/lospoliticosveracruz.com\\\/?p=17764#respond\"]}]},{\"@type\":\"WebPage\",\"@id\":\"https:\\\/\\\/lospoliticosveracruz.com\\\/?p=17764\",\"url\":\"https:\\\/\\\/lospoliticosveracruz.com\\\/?p=17764\",\"name\":\"Veracruzanos, en la burocracia m\u00e1s alta - Los pol\u00edticos Veracruz\",\"isPartOf\":{\"@id\":\"https:\\\/\\\/lospoliticosveracruz.com\\\/#website\"},\"datePublished\":\"2015-09-11T02:02:38+00:00\",\"breadcrumb\":{\"@id\":\"https:\\\/\\\/lospoliticosveracruz.com\\\/?p=17764#breadcrumb\"},\"inLanguage\":\"es\",\"potentialAction\":[{\"@type\":\"ReadAction\",\"target\":[\"https:\\\/\\\/lospoliticosveracruz.com\\\/?p=17764\"]}]},{\"@type\":\"BreadcrumbList\",\"@id\":\"https:\\\/\\\/lospoliticosveracruz.com\\\/?p=17764#breadcrumb\",\"itemListElement\":[{\"@type\":\"ListItem\",\"position\":1,\"name\":\"Portada\",\"item\":\"https:\\\/\\\/lospoliticosveracruz.com\\\/\"},{\"@type\":\"ListItem\",\"position\":2,\"name\":\"Veracruzanos, en la burocracia m\u00e1s alta\"}]},{\"@type\":\"WebSite\",\"@id\":\"https:\\\/\\\/lospoliticosveracruz.com\\\/#website\",\"url\":\"https:\\\/\\\/lospoliticosveracruz.com\\\/\",\"name\":\"Los pol\u00edticos Veracruz\",\"description\":\"\",\"publisher\":{\"@id\":\"https:\\\/\\\/lospoliticosveracruz.com\\\/#organization\"},\"potentialAction\":[{\"@type\":\"SearchAction\",\"target\":{\"@type\":\"EntryPoint\",\"urlTemplate\":\"https:\\\/\\\/lospoliticosveracruz.com\\\/?s={search_term_string}\"},\"query-input\":{\"@type\":\"PropertyValueSpecification\",\"valueRequired\":true,\"valueName\":\"search_term_string\"}}],\"inLanguage\":\"es\"},{\"@type\":\"Organization\",\"@id\":\"https:\\\/\\\/lospoliticosveracruz.com\\\/#organization\",\"name\":\"Los pol\u00edticos Veracruz\",\"url\":\"https:\\\/\\\/lospoliticosveracruz.com\\\/\",\"logo\":{\"@type\":\"ImageObject\",\"inLanguage\":\"es\",\"@id\":\"https:\\\/\\\/lospoliticosveracruz.com\\\/#\\\/schema\\\/logo\\\/image\\\/\",\"url\":\"https:\\\/\\\/lospoliticosveracruz.com\\\/wp-content\\\/uploads\\\/2025\\\/12\\\/Logo-Nuevo-LOS-POLITICOS-1.jpg\",\"contentUrl\":\"https:\\\/\\\/lospoliticosveracruz.com\\\/wp-content\\\/uploads\\\/2025\\\/12\\\/Logo-Nuevo-LOS-POLITICOS-1.jpg\",\"width\":260,\"height\":70,\"caption\":\"Los pol\u00edticos Veracruz\"},\"image\":{\"@id\":\"https:\\\/\\\/lospoliticosveracruz.com\\\/#\\\/schema\\\/logo\\\/image\\\/\"},\"sameAs\":[\"https:\\\/\\\/www.facebook.com\\\/people\\\/Notimemes-de-los-Polticos\\\/61565672886568\\\/\",\"https:\\\/\\\/x.com\\\/LosPoliticosVer\"]},{\"@type\":\"Person\",\"@id\":\"https:\\\/\\\/lospoliticosveracruz.com\\\/#\\\/schema\\\/person\\\/b8702bb0e538456e6efd07080bf2a4a2\",\"name\":\"Lo viste en Los Pol\u00edticos\",\"image\":{\"@type\":\"ImageObject\",\"inLanguage\":\"es\",\"@id\":\"https:\\\/\\\/secure.gravatar.com\\\/avatar\\\/3a8de04a2656d44082be478bd6c086daa447c4651605818287b9532d3d0bd435?s=96&d=mm&r=g\",\"url\":\"https:\\\/\\\/secure.gravatar.com\\\/avatar\\\/3a8de04a2656d44082be478bd6c086daa447c4651605818287b9532d3d0bd435?s=96&d=mm&r=g\",\"contentUrl\":\"https:\\\/\\\/secure.gravatar.com\\\/avatar\\\/3a8de04a2656d44082be478bd6c086daa447c4651605818287b9532d3d0bd435?s=96&d=mm&r=g\",\"caption\":\"Lo viste en Los Pol\u00edticos\"},\"url\":\"https:\\\/\\\/lospoliticosveracruz.com\\\/?author=2\"}]}<\/script>\n<!-- \/ Yoast SEO plugin. -->","yoast_head_json":{"title":"Veracruzanos, en la burocracia m\u00e1s alta - Los pol\u00edticos Veracruz","robots":{"index":"index","follow":"follow","max-snippet":"max-snippet:-1","max-image-preview":"max-image-preview:large","max-video-preview":"max-video-preview:-1"},"canonical":"https:\/\/lospoliticosveracruz.com\/?p=17764","og_locale":"es_ES","og_type":"article","og_title":"Veracruzanos, en la burocracia m\u00e1s alta - Los pol\u00edticos Veracruz","og_description":"Luis Alberto Romero Hora Cero En el municipio de Alvarado se tom\u00f3 con mucho optimismo la llegada de Enrique Gonz\u00e1lez Tiburcio a la Subsecretar\u00eda de Ordenamiento Territorial de la Sedatu. Por la tarde de este mi\u00e9rcoles 8, la secretaria de Desarrollo Agrario, Territorial y Urbano, Rosario Robles Berlanga, design\u00f3 al alvarade\u00f1o como titular de una [&hellip;]","og_url":"https:\/\/lospoliticosveracruz.com\/?p=17764","og_site_name":"Los pol\u00edticos Veracruz","article_publisher":"https:\/\/www.facebook.com\/people\/Notimemes-de-los-Polticos\/61565672886568\/","article_published_time":"2015-09-11T02:02:38+00:00","og_image":[{"width":200,"height":200,"url":"https:\/\/lospoliticosveracruz.com\/wp-content\/uploads\/2016\/07\/Logo-Dor.jpg","type":"image\/jpeg"}],"author":"Lo viste en Los Pol\u00edticos","twitter_card":"summary_large_image","twitter_creator":"@LosPoliticosVer","twitter_site":"@LosPoliticosVer","twitter_misc":{"Escrito por":"Lo viste en Los Pol\u00edticos","Tiempo de lectura":"5 minutos"},"schema":{"@context":"https:\/\/schema.org","@graph":[{"@type":"Article","@id":"https:\/\/lospoliticosveracruz.com\/?p=17764#article","isPartOf":{"@id":"https:\/\/lospoliticosveracruz.com\/?p=17764"},"author":{"name":"Lo viste en Los Pol\u00edticos","@id":"https:\/\/lospoliticosveracruz.com\/#\/schema\/person\/b8702bb0e538456e6efd07080bf2a4a2"},"headline":"Veracruzanos, en la burocracia m\u00e1s alta","datePublished":"2015-09-11T02:02:38+00:00","mainEntityOfPage":{"@id":"https:\/\/lospoliticosveracruz.com\/?p=17764"},"wordCount":953,"commentCount":0,"publisher":{"@id":"https:\/\/lospoliticosveracruz.com\/#organization"},"keywords":["Alvarado","Enrique Gonz\u00e1lez Tiburcio","Rosario Robles Berlanga","Sedatu","Subsecretar\u00eda de Ordenamiento Territorial"],"articleSection":["De Opini\u00f3n"],"inLanguage":"es","potentialAction":[{"@type":"CommentAction","name":"Comment","target":["https:\/\/lospoliticosveracruz.com\/?p=17764#respond"]}]},{"@type":"WebPage","@id":"https:\/\/lospoliticosveracruz.com\/?p=17764","url":"https:\/\/lospoliticosveracruz.com\/?p=17764","name":"Veracruzanos, en la burocracia m\u00e1s alta - Los pol\u00edticos Veracruz","isPartOf":{"@id":"https:\/\/lospoliticosveracruz.com\/#website"},"datePublished":"2015-09-11T02:02:38+00:00","breadcrumb":{"@id":"https:\/\/lospoliticosveracruz.com\/?p=17764#breadcrumb"},"inLanguage":"es","potentialAction":[{"@type":"ReadAction","target":["https:\/\/lospoliticosveracruz.com\/?p=17764"]}]},{"@type":"BreadcrumbList","@id":"https:\/\/lospoliticosveracruz.com\/?p=17764#breadcrumb","itemListElement":[{"@type":"ListItem","position":1,"name":"Portada","item":"https:\/\/lospoliticosveracruz.com\/"},{"@type":"ListItem","position":2,"name":"Veracruzanos, en la burocracia m\u00e1s alta"}]},{"@type":"WebSite","@id":"https:\/\/lospoliticosveracruz.com\/#website","url":"https:\/\/lospoliticosveracruz.com\/","name":"Los pol\u00edticos Veracruz","description":"","publisher":{"@id":"https:\/\/lospoliticosveracruz.com\/#organization"},"potentialAction":[{"@type":"SearchAction","target":{"@type":"EntryPoint","urlTemplate":"https:\/\/lospoliticosveracruz.com\/?s={search_term_string}"},"query-input":{"@type":"PropertyValueSpecification","valueRequired":true,"valueName":"search_term_string"}}],"inLanguage":"es"},{"@type":"Organization","@id":"https:\/\/lospoliticosveracruz.com\/#organization","name":"Los pol\u00edticos Veracruz","url":"https:\/\/lospoliticosveracruz.com\/","logo":{"@type":"ImageObject","inLanguage":"es","@id":"https:\/\/lospoliticosveracruz.com\/#\/schema\/logo\/image\/","url":"https:\/\/lospoliticosveracruz.com\/wp-content\/uploads\/2025\/12\/Logo-Nuevo-LOS-POLITICOS-1.jpg","contentUrl":"https:\/\/lospoliticosveracruz.com\/wp-content\/uploads\/2025\/12\/Logo-Nuevo-LOS-POLITICOS-1.jpg","width":260,"height":70,"caption":"Los pol\u00edticos Veracruz"},"image":{"@id":"https:\/\/lospoliticosveracruz.com\/#\/schema\/logo\/image\/"},"sameAs":["https:\/\/www.facebook.com\/people\/Notimemes-de-los-Polticos\/61565672886568\/","https:\/\/x.com\/LosPoliticosVer"]},{"@type":"Person","@id":"https:\/\/lospoliticosveracruz.com\/#\/schema\/person\/b8702bb0e538456e6efd07080bf2a4a2","name":"Lo viste en Los Pol\u00edticos","image":{"@type":"ImageObject","inLanguage":"es","@id":"https:\/\/secure.gravatar.com\/avatar\/3a8de04a2656d44082be478bd6c086daa447c4651605818287b9532d3d0bd435?s=96&d=mm&r=g","url":"https:\/\/secure.gravatar.com\/avatar\/3a8de04a2656d44082be478bd6c086daa447c4651605818287b9532d3d0bd435?s=96&d=mm&r=g","contentUrl":"https:\/\/secure.gravatar.com\/avatar\/3a8de04a2656d44082be478bd6c086daa447c4651605818287b9532d3d0bd435?s=96&d=mm&r=g","caption":"Lo viste en Los Pol\u00edticos"},"url":"https:\/\/lospoliticosveracruz.com\/?author=2"}]}},"_links":{"self":[{"href":"https:\/\/lospoliticosveracruz.com\/index.php?rest_route=\/wp\/v2\/posts\/17764","targetHints":{"allow":["GET"]}}],"collection":[{"href":"https:\/\/lospoliticosveracruz.com\/index.php?rest_route=\/wp\/v2\/posts"}],"about":[{"href":"https:\/\/lospoliticosveracruz.com\/index.php?rest_route=\/wp\/v2\/types\/post"}],"author":[{"embeddable":true,"href":"https:\/\/lospoliticosveracruz.com\/index.php?rest_route=\/wp\/v2\/users\/2"}],"replies":[{"embeddable":true,"href":"https:\/\/lospoliticosveracruz.com\/index.php?rest_route=%2Fwp%2Fv2%2Fcomments&post=17764"}],"version-history":[{"count":1,"href":"https:\/\/lospoliticosveracruz.com\/index.php?rest_route=\/wp\/v2\/posts\/17764\/revisions"}],"predecessor-version":[{"id":17765,"href":"https:\/\/lospoliticosveracruz.com\/index.php?rest_route=\/wp\/v2\/posts\/17764\/revisions\/17765"}],"wp:attachment":[{"href":"https:\/\/lospoliticosveracruz.com\/index.php?rest_route=%2Fwp%2Fv2%2Fmedia&parent=17764"}],"wp:term":[{"taxonomy":"category","embeddable":true,"href":"https:\/\/lospoliticosveracruz.com\/index.php?rest_route=%2Fwp%2Fv2%2Fcategories&post=17764"},{"taxonomy":"post_tag","embeddable":true,"href":"https:\/\/lospoliticosveracruz.com\/index.php?rest_route=%2Fwp%2Fv2%2Ftags&post=17764"}],"curies":[{"name":"wp","href":"https:\/\/api.w.org\/{rel}","templated":true}]}}