{"id":17790,"date":"2015-09-13T21:14:18","date_gmt":"2015-09-14T02:14:18","guid":{"rendered":"http:\/\/www.lospoliticosveracruz.com.mx\/?p=17790"},"modified":"2015-09-13T21:14:18","modified_gmt":"2015-09-14T02:14:18","slug":"el-grito-en-el-cielo","status":"publish","type":"post","link":"https:\/\/lospoliticosveracruz.com\/?p=17790","title":{"rendered":"El Grito en el cielo"},"content":{"rendered":"<p><a href=\"http:\/\/www.lospoliticosveracruz.com.mx\/wp-content\/uploads\/2015\/09\/fiesta-mexicana.jpg\"><img loading=\"lazy\" decoding=\"async\" class=\"alignnone size-medium wp-image-17791\" src=\"http:\/\/www.lospoliticosveracruz.com.mx\/wp-content\/uploads\/2015\/09\/fiesta-mexicana-300x194.jpg\" alt=\"fiesta-mexicana\" width=\"300\" height=\"194\" \/><\/a><\/p>\n<p><strong>Ricardo V\u00e1zquez Salazar<\/strong><\/p>\n<p><em>Esfera Pol\u00edtica<\/em><\/p>\n<p>Como fantasma, la incertidumbre deambula en la entidad veracruzana por todos los rincones. Espectro vestido de pesimismo por la clase gobernante; no se vislumbra hasta el d\u00eda de hoy alguna alternativa de soluci\u00f3n a los graves problemas que enfrentan los veracruzanos. La actuaci\u00f3n de la clase pol\u00edtica deja mucho que desear, aunado a otros inconvenientes a futuro, el panorama se torna oscuro.<\/p>\n<p>Dos factores est\u00e1n haciendo mucho ruido y alimentan la intranquilidad de los veracruzanos.<\/p>\n<p>Uno. La clase gobernante estatal est\u00e1 dedicada de tiempo completo a buscar la manera de prolongar el mandato que inici\u00f3 hace casi once a\u00f1os, sin que se ocupen de atender y resolver las m\u00faltiples carencias y graves problemas que desaf\u00eda la ciudadan\u00eda.<\/p>\n<p>La c\u00fapula gubernamental veracruzana ha entrado en p\u00e1nico; est\u00e1n obsesionados con perpetuarse en el poder. A toda costa continuar\u00e1 buscando esa posibilidad; est\u00e1 consciente que de no lograrlo corre el grave riesgo de que muchos funcionarios y exfuncionarios pasar\u00edan a ser hu\u00e9spedes distinguidos del penal de Pacho Viejo, por los se\u00f1alamientos de saqueo y enriquecimiento inexplicable. No hay aspirante a la gubernatura que les garantice continuidad de encubrimiento e impunidad La supuesta ruptura Herrera-Duarte, es una relaci\u00f3n que hoy est\u00e1 m\u00e1s fortalecida que nunca; el temor los une.<\/p>\n<p>Dos. El presupuesto para el 2016 contempla recortes en Salud, Educaci\u00f3n y programas sociales, \u00e1reas prioritarias que registran graves insuficiencias y rezagos que afectan directamente a la poblaci\u00f3n veracruzana. La poda al presupuesto 2016 genera un horizonte sombr\u00edo para la entidad, con mayor raz\u00f3n cuando el manejo de recursos es motivo de toda clase de dudas; adem\u00e1s de que 2016 es a\u00f1o electoral.<\/p>\n<p>La pobreza se ha incrementado en Veracruz en los \u00faltimos tres a\u00f1os seg\u00fan lo revel\u00f3 el CONEVAL. La pobreza es considerada un estado de debilidad, de dependencia, de subordinaci\u00f3n o humillaci\u00f3n; es privaci\u00f3n de medios para conseguir la subsistencia humanamente digna; es la carencia de medios de toda naturaleza: econ\u00f3micos, salud, educaci\u00f3n, seguridad, sociales, etc., aunque pueden estar todos en la misma persona.<\/p>\n<p>La atm\u00f3sfera de caos generalizado no deja de expandirse en Veracruz; pobreza que se refleja en todas las \u00e1reas. En salud los casos de dengue y chikungunya van en aumento. Es grave el desabasto de medicamentos para combatir el c\u00e1ncer y el VIH, sida. El VIH en su \u00faltima fase presenta problemas respiratorios: neumon\u00eda y tuberculosis, lo que pudiera estar favoreciendo la alarmante proliferaci\u00f3n de tuberculosis pulmonar en cualquier persona -no necesariamente que tenga sida-, en ciudades como Poza Rica, Veracruz y Coatzacoalcos.<\/p>\n<p>El m\u00e1s reciente descubrimiento de una fosa clandestina en el municipio de Alvarado, en la que se han localizado hasta el momento nueve cuerpos, parece confirmar lo que hab\u00eda advertido el padre Alejandro Solalinde desde principios del a\u00f1o 2011: Veracruz es un yacimiento de fosas clandestinas.<\/p>\n<p>En Veracruz no se construyen puentes de concreto y acero para acortar distancias; se fabrican puentes para alargar d\u00edas de asueto en las escuelas, con la complicidad de los l\u00edderes magisteriales, \u2013la injustificable suspensi\u00f3n de clases este 14 y 15 de septiembre es caso \u00fanico en M\u00e9xico- con sus negativas consecuencias. Esto explica el agudo rezago educativo que dio a conocer el INEGI: Veracruz registr\u00f3 cero avance en educaci\u00f3n b\u00e1sica en los \u00faltimos cuatro a\u00f1os; periodo en el que fingi\u00f3 ser secretario de Educaci\u00f3n el hoy diputado federal, Adolfo Mota Hern\u00e1ndez.<\/p>\n<p>Los reci\u00e9n estrenados diputados federales conforman una legislatura pobre, entregados a sus intereses personales o de grupo; no est\u00e1n a la altura de una sociedad que hace un esfuerzo enorme por contribuir con la parte que le corresponde para que nuestro pa\u00eds y nuestro estado salgan adelante. Una naci\u00f3n y una entidad con un sector productivo que en sus diferentes subsectores est\u00e1n atentos al desarrollo de los acontecimientos. El triste papel de los diputados federales veracruzanos, se suma a la refinada distinci\u00f3n del \u201cme vale madre\u2026, no la hagan de pedo\u201d, de la diputada La Corcholata, con lo que se enriquece el trabajo legislativo en San L\u00e1zaro.<\/p>\n<p>Sucesos tan propios como si hubiesen sido concebidos en un think tank; que nos hacen recordar: las quiebras en la realidad que demuestran el desorden oculto por el orden establecido.<\/p>\n<p>Fiel a su compromiso como verdadero siervo de Dios, el Papa Francisco vuelve a lanzar un reclamo sobre el tema de la pobreza, una y otra vez. En fecha reciente en una multitudinaria misa en la ciudad boliviana de Santa Cruz, pidi\u00f3 no excluir a los pobres ni a los desfavorecidos, que todav\u00eda conforman un porcentaje importante de la poblaci\u00f3n. \u00abEn un coraz\u00f3n desesperado es muy f\u00e1cil que gane espacio la l\u00f3gica que pretende imponerse en el mundo de nuestros d\u00edas. Una l\u00f3gica que pretende dejar espacio a muy pocos, descartando a todos aquellos que no producen, que no se los considera aptos o dignos\u00bb, dijo Francisco, quien est\u00e1 perfectamente bien enterado de la pobreza, la violencia y la deshumanizaci\u00f3n en los servicios de Salud que laceran el tejido social en Veracruz y en otras regiones de M\u00e9xico.<\/p>\n<p>rvazquez002@yahoo.com.mx<\/p>\n","protected":false},"excerpt":{"rendered":"<p>Ricardo V\u00e1zquez Salazar Esfera Pol\u00edtica Como fantasma, la incertidumbre deambula en la entidad veracruzana por todos los rincones. Espectro vestido de pesimismo por la clase gobernante; no se vislumbra hasta el d\u00eda de hoy alguna alternativa de soluci\u00f3n a los graves problemas que enfrentan los veracruzanos. La actuaci\u00f3n de la clase pol\u00edtica deja mucho que [&hellip;]<\/p>\n","protected":false},"author":2,"featured_media":0,"comment_status":"open","ping_status":"open","sticky":false,"template":"","format":"standard","meta":{"tdm_status":"","tdm_grid_status":"","footnotes":""},"categories":[70],"tags":[301,1824,3396,97,195],"class_list":{"0":"post-17790","1":"post","2":"type-post","3":"status-publish","4":"format-standard","6":"category-de-opinion","7":"tag-alvarado","8":"tag-coneval","9":"tag-fosa-clandestina","10":"tag-pobreza","11":"tag-veracruz"},"yoast_head":"<!-- This site is optimized with the Yoast SEO plugin v27.4 - https:\/\/yoast.com\/product\/yoast-seo-wordpress\/ -->\n<title>El Grito en el cielo - Los pol\u00edticos Veracruz<\/title>\n<meta name=\"robots\" content=\"index, follow, max-snippet:-1, max-image-preview:large, max-video-preview:-1\" \/>\n<link rel=\"canonical\" href=\"https:\/\/lospoliticosveracruz.com\/?p=17790\" \/>\n<meta property=\"og:locale\" content=\"es_ES\" \/>\n<meta property=\"og:type\" content=\"article\" \/>\n<meta property=\"og:title\" content=\"El Grito en el cielo - Los pol\u00edticos Veracruz\" \/>\n<meta property=\"og:description\" content=\"Ricardo V\u00e1zquez Salazar Esfera Pol\u00edtica Como fantasma, la incertidumbre deambula en la entidad veracruzana por todos los rincones. Espectro vestido de pesimismo por la clase gobernante; no se vislumbra hasta el d\u00eda de hoy alguna alternativa de soluci\u00f3n a los graves problemas que enfrentan los veracruzanos. La actuaci\u00f3n de la clase pol\u00edtica deja mucho que [&hellip;]\" \/>\n<meta property=\"og:url\" content=\"https:\/\/lospoliticosveracruz.com\/?p=17790\" \/>\n<meta property=\"og:site_name\" content=\"Los pol\u00edticos Veracruz\" \/>\n<meta property=\"article:publisher\" content=\"https:\/\/www.facebook.com\/people\/Notimemes-de-los-Polticos\/61565672886568\/\" \/>\n<meta property=\"article:published_time\" content=\"2015-09-14T02:14:18+00:00\" \/>\n<meta property=\"og:image\" content=\"http:\/\/www.lospoliticosveracruz.com.mx\/wp-content\/uploads\/2015\/09\/fiesta-mexicana-300x194.jpg\" \/>\n<meta name=\"author\" content=\"Lo viste en Los Pol\u00edticos\" \/>\n<meta name=\"twitter:card\" content=\"summary_large_image\" \/>\n<meta name=\"twitter:creator\" content=\"@LosPoliticosVer\" \/>\n<meta name=\"twitter:site\" content=\"@LosPoliticosVer\" \/>\n<meta name=\"twitter:label1\" content=\"Escrito por\" \/>\n\t<meta name=\"twitter:data1\" content=\"Lo viste en Los Pol\u00edticos\" \/>\n\t<meta name=\"twitter:label2\" content=\"Tiempo de lectura\" \/>\n\t<meta name=\"twitter:data2\" content=\"4 minutos\" \/>\n<script type=\"application\/ld+json\" class=\"yoast-schema-graph\">{\"@context\":\"https:\\\/\\\/schema.org\",\"@graph\":[{\"@type\":\"Article\",\"@id\":\"https:\\\/\\\/lospoliticosveracruz.com\\\/?p=17790#article\",\"isPartOf\":{\"@id\":\"https:\\\/\\\/lospoliticosveracruz.com\\\/?p=17790\"},\"author\":{\"name\":\"Lo viste en Los Pol\u00edticos\",\"@id\":\"https:\\\/\\\/lospoliticosveracruz.com\\\/#\\\/schema\\\/person\\\/b8702bb0e538456e6efd07080bf2a4a2\"},\"headline\":\"El Grito en el cielo\",\"datePublished\":\"2015-09-14T02:14:18+00:00\",\"mainEntityOfPage\":{\"@id\":\"https:\\\/\\\/lospoliticosveracruz.com\\\/?p=17790\"},\"wordCount\":898,\"commentCount\":0,\"publisher\":{\"@id\":\"https:\\\/\\\/lospoliticosveracruz.com\\\/#organization\"},\"image\":{\"@id\":\"https:\\\/\\\/lospoliticosveracruz.com\\\/?p=17790#primaryimage\"},\"thumbnailUrl\":\"http:\\\/\\\/www.lospoliticosveracruz.com.mx\\\/wp-content\\\/uploads\\\/2015\\\/09\\\/fiesta-mexicana-300x194.jpg\",\"keywords\":[\"Alvarado\",\"Coneval\",\"fosa clandestina\",\"pobreza\",\"Veracruz\"],\"articleSection\":[\"De Opini\u00f3n\"],\"inLanguage\":\"es\",\"potentialAction\":[{\"@type\":\"CommentAction\",\"name\":\"Comment\",\"target\":[\"https:\\\/\\\/lospoliticosveracruz.com\\\/?p=17790#respond\"]}]},{\"@type\":\"WebPage\",\"@id\":\"https:\\\/\\\/lospoliticosveracruz.com\\\/?p=17790\",\"url\":\"https:\\\/\\\/lospoliticosveracruz.com\\\/?p=17790\",\"name\":\"El Grito en el cielo - Los pol\u00edticos Veracruz\",\"isPartOf\":{\"@id\":\"https:\\\/\\\/lospoliticosveracruz.com\\\/#website\"},\"primaryImageOfPage\":{\"@id\":\"https:\\\/\\\/lospoliticosveracruz.com\\\/?p=17790#primaryimage\"},\"image\":{\"@id\":\"https:\\\/\\\/lospoliticosveracruz.com\\\/?p=17790#primaryimage\"},\"thumbnailUrl\":\"http:\\\/\\\/www.lospoliticosveracruz.com.mx\\\/wp-content\\\/uploads\\\/2015\\\/09\\\/fiesta-mexicana-300x194.jpg\",\"datePublished\":\"2015-09-14T02:14:18+00:00\",\"breadcrumb\":{\"@id\":\"https:\\\/\\\/lospoliticosveracruz.com\\\/?p=17790#breadcrumb\"},\"inLanguage\":\"es\",\"potentialAction\":[{\"@type\":\"ReadAction\",\"target\":[\"https:\\\/\\\/lospoliticosveracruz.com\\\/?p=17790\"]}]},{\"@type\":\"ImageObject\",\"inLanguage\":\"es\",\"@id\":\"https:\\\/\\\/lospoliticosveracruz.com\\\/?p=17790#primaryimage\",\"url\":\"http:\\\/\\\/www.lospoliticosveracruz.com.mx\\\/wp-content\\\/uploads\\\/2015\\\/09\\\/fiesta-mexicana-300x194.jpg\",\"contentUrl\":\"http:\\\/\\\/www.lospoliticosveracruz.com.mx\\\/wp-content\\\/uploads\\\/2015\\\/09\\\/fiesta-mexicana-300x194.jpg\"},{\"@type\":\"BreadcrumbList\",\"@id\":\"https:\\\/\\\/lospoliticosveracruz.com\\\/?p=17790#breadcrumb\",\"itemListElement\":[{\"@type\":\"ListItem\",\"position\":1,\"name\":\"Portada\",\"item\":\"https:\\\/\\\/lospoliticosveracruz.com\\\/\"},{\"@type\":\"ListItem\",\"position\":2,\"name\":\"El Grito en el cielo\"}]},{\"@type\":\"WebSite\",\"@id\":\"https:\\\/\\\/lospoliticosveracruz.com\\\/#website\",\"url\":\"https:\\\/\\\/lospoliticosveracruz.com\\\/\",\"name\":\"Los pol\u00edticos Veracruz\",\"description\":\"\",\"publisher\":{\"@id\":\"https:\\\/\\\/lospoliticosveracruz.com\\\/#organization\"},\"potentialAction\":[{\"@type\":\"SearchAction\",\"target\":{\"@type\":\"EntryPoint\",\"urlTemplate\":\"https:\\\/\\\/lospoliticosveracruz.com\\\/?s={search_term_string}\"},\"query-input\":{\"@type\":\"PropertyValueSpecification\",\"valueRequired\":true,\"valueName\":\"search_term_string\"}}],\"inLanguage\":\"es\"},{\"@type\":\"Organization\",\"@id\":\"https:\\\/\\\/lospoliticosveracruz.com\\\/#organization\",\"name\":\"Los pol\u00edticos Veracruz\",\"url\":\"https:\\\/\\\/lospoliticosveracruz.com\\\/\",\"logo\":{\"@type\":\"ImageObject\",\"inLanguage\":\"es\",\"@id\":\"https:\\\/\\\/lospoliticosveracruz.com\\\/#\\\/schema\\\/logo\\\/image\\\/\",\"url\":\"https:\\\/\\\/lospoliticosveracruz.com\\\/wp-content\\\/uploads\\\/2025\\\/12\\\/Logo-Nuevo-LOS-POLITICOS-1.jpg\",\"contentUrl\":\"https:\\\/\\\/lospoliticosveracruz.com\\\/wp-content\\\/uploads\\\/2025\\\/12\\\/Logo-Nuevo-LOS-POLITICOS-1.jpg\",\"width\":260,\"height\":70,\"caption\":\"Los pol\u00edticos Veracruz\"},\"image\":{\"@id\":\"https:\\\/\\\/lospoliticosveracruz.com\\\/#\\\/schema\\\/logo\\\/image\\\/\"},\"sameAs\":[\"https:\\\/\\\/www.facebook.com\\\/people\\\/Notimemes-de-los-Polticos\\\/61565672886568\\\/\",\"https:\\\/\\\/x.com\\\/LosPoliticosVer\"]},{\"@type\":\"Person\",\"@id\":\"https:\\\/\\\/lospoliticosveracruz.com\\\/#\\\/schema\\\/person\\\/b8702bb0e538456e6efd07080bf2a4a2\",\"name\":\"Lo viste en Los Pol\u00edticos\",\"image\":{\"@type\":\"ImageObject\",\"inLanguage\":\"es\",\"@id\":\"https:\\\/\\\/secure.gravatar.com\\\/avatar\\\/3a8de04a2656d44082be478bd6c086daa447c4651605818287b9532d3d0bd435?s=96&d=mm&r=g\",\"url\":\"https:\\\/\\\/secure.gravatar.com\\\/avatar\\\/3a8de04a2656d44082be478bd6c086daa447c4651605818287b9532d3d0bd435?s=96&d=mm&r=g\",\"contentUrl\":\"https:\\\/\\\/secure.gravatar.com\\\/avatar\\\/3a8de04a2656d44082be478bd6c086daa447c4651605818287b9532d3d0bd435?s=96&d=mm&r=g\",\"caption\":\"Lo viste en Los Pol\u00edticos\"},\"url\":\"https:\\\/\\\/lospoliticosveracruz.com\\\/?author=2\"}]}<\/script>\n<!-- \/ Yoast SEO plugin. -->","yoast_head_json":{"title":"El Grito en el cielo - Los pol\u00edticos Veracruz","robots":{"index":"index","follow":"follow","max-snippet":"max-snippet:-1","max-image-preview":"max-image-preview:large","max-video-preview":"max-video-preview:-1"},"canonical":"https:\/\/lospoliticosveracruz.com\/?p=17790","og_locale":"es_ES","og_type":"article","og_title":"El Grito en el cielo - Los pol\u00edticos Veracruz","og_description":"Ricardo V\u00e1zquez Salazar Esfera Pol\u00edtica Como fantasma, la incertidumbre deambula en la entidad veracruzana por todos los rincones. Espectro vestido de pesimismo por la clase gobernante; no se vislumbra hasta el d\u00eda de hoy alguna alternativa de soluci\u00f3n a los graves problemas que enfrentan los veracruzanos. La actuaci\u00f3n de la clase pol\u00edtica deja mucho que [&hellip;]","og_url":"https:\/\/lospoliticosveracruz.com\/?p=17790","og_site_name":"Los pol\u00edticos Veracruz","article_publisher":"https:\/\/www.facebook.com\/people\/Notimemes-de-los-Polticos\/61565672886568\/","article_published_time":"2015-09-14T02:14:18+00:00","og_image":[{"url":"http:\/\/www.lospoliticosveracruz.com.mx\/wp-content\/uploads\/2015\/09\/fiesta-mexicana-300x194.jpg","type":"","width":"","height":""}],"author":"Lo viste en Los Pol\u00edticos","twitter_card":"summary_large_image","twitter_creator":"@LosPoliticosVer","twitter_site":"@LosPoliticosVer","twitter_misc":{"Escrito por":"Lo viste en Los Pol\u00edticos","Tiempo de lectura":"4 minutos"},"schema":{"@context":"https:\/\/schema.org","@graph":[{"@type":"Article","@id":"https:\/\/lospoliticosveracruz.com\/?p=17790#article","isPartOf":{"@id":"https:\/\/lospoliticosveracruz.com\/?p=17790"},"author":{"name":"Lo viste en Los Pol\u00edticos","@id":"https:\/\/lospoliticosveracruz.com\/#\/schema\/person\/b8702bb0e538456e6efd07080bf2a4a2"},"headline":"El Grito en el cielo","datePublished":"2015-09-14T02:14:18+00:00","mainEntityOfPage":{"@id":"https:\/\/lospoliticosveracruz.com\/?p=17790"},"wordCount":898,"commentCount":0,"publisher":{"@id":"https:\/\/lospoliticosveracruz.com\/#organization"},"image":{"@id":"https:\/\/lospoliticosveracruz.com\/?p=17790#primaryimage"},"thumbnailUrl":"http:\/\/www.lospoliticosveracruz.com.mx\/wp-content\/uploads\/2015\/09\/fiesta-mexicana-300x194.jpg","keywords":["Alvarado","Coneval","fosa clandestina","pobreza","Veracruz"],"articleSection":["De Opini\u00f3n"],"inLanguage":"es","potentialAction":[{"@type":"CommentAction","name":"Comment","target":["https:\/\/lospoliticosveracruz.com\/?p=17790#respond"]}]},{"@type":"WebPage","@id":"https:\/\/lospoliticosveracruz.com\/?p=17790","url":"https:\/\/lospoliticosveracruz.com\/?p=17790","name":"El Grito en el cielo - Los pol\u00edticos Veracruz","isPartOf":{"@id":"https:\/\/lospoliticosveracruz.com\/#website"},"primaryImageOfPage":{"@id":"https:\/\/lospoliticosveracruz.com\/?p=17790#primaryimage"},"image":{"@id":"https:\/\/lospoliticosveracruz.com\/?p=17790#primaryimage"},"thumbnailUrl":"http:\/\/www.lospoliticosveracruz.com.mx\/wp-content\/uploads\/2015\/09\/fiesta-mexicana-300x194.jpg","datePublished":"2015-09-14T02:14:18+00:00","breadcrumb":{"@id":"https:\/\/lospoliticosveracruz.com\/?p=17790#breadcrumb"},"inLanguage":"es","potentialAction":[{"@type":"ReadAction","target":["https:\/\/lospoliticosveracruz.com\/?p=17790"]}]},{"@type":"ImageObject","inLanguage":"es","@id":"https:\/\/lospoliticosveracruz.com\/?p=17790#primaryimage","url":"http:\/\/www.lospoliticosveracruz.com.mx\/wp-content\/uploads\/2015\/09\/fiesta-mexicana-300x194.jpg","contentUrl":"http:\/\/www.lospoliticosveracruz.com.mx\/wp-content\/uploads\/2015\/09\/fiesta-mexicana-300x194.jpg"},{"@type":"BreadcrumbList","@id":"https:\/\/lospoliticosveracruz.com\/?p=17790#breadcrumb","itemListElement":[{"@type":"ListItem","position":1,"name":"Portada","item":"https:\/\/lospoliticosveracruz.com\/"},{"@type":"ListItem","position":2,"name":"El Grito en el cielo"}]},{"@type":"WebSite","@id":"https:\/\/lospoliticosveracruz.com\/#website","url":"https:\/\/lospoliticosveracruz.com\/","name":"Los pol\u00edticos Veracruz","description":"","publisher":{"@id":"https:\/\/lospoliticosveracruz.com\/#organization"},"potentialAction":[{"@type":"SearchAction","target":{"@type":"EntryPoint","urlTemplate":"https:\/\/lospoliticosveracruz.com\/?s={search_term_string}"},"query-input":{"@type":"PropertyValueSpecification","valueRequired":true,"valueName":"search_term_string"}}],"inLanguage":"es"},{"@type":"Organization","@id":"https:\/\/lospoliticosveracruz.com\/#organization","name":"Los pol\u00edticos Veracruz","url":"https:\/\/lospoliticosveracruz.com\/","logo":{"@type":"ImageObject","inLanguage":"es","@id":"https:\/\/lospoliticosveracruz.com\/#\/schema\/logo\/image\/","url":"https:\/\/lospoliticosveracruz.com\/wp-content\/uploads\/2025\/12\/Logo-Nuevo-LOS-POLITICOS-1.jpg","contentUrl":"https:\/\/lospoliticosveracruz.com\/wp-content\/uploads\/2025\/12\/Logo-Nuevo-LOS-POLITICOS-1.jpg","width":260,"height":70,"caption":"Los pol\u00edticos Veracruz"},"image":{"@id":"https:\/\/lospoliticosveracruz.com\/#\/schema\/logo\/image\/"},"sameAs":["https:\/\/www.facebook.com\/people\/Notimemes-de-los-Polticos\/61565672886568\/","https:\/\/x.com\/LosPoliticosVer"]},{"@type":"Person","@id":"https:\/\/lospoliticosveracruz.com\/#\/schema\/person\/b8702bb0e538456e6efd07080bf2a4a2","name":"Lo viste en Los Pol\u00edticos","image":{"@type":"ImageObject","inLanguage":"es","@id":"https:\/\/secure.gravatar.com\/avatar\/3a8de04a2656d44082be478bd6c086daa447c4651605818287b9532d3d0bd435?s=96&d=mm&r=g","url":"https:\/\/secure.gravatar.com\/avatar\/3a8de04a2656d44082be478bd6c086daa447c4651605818287b9532d3d0bd435?s=96&d=mm&r=g","contentUrl":"https:\/\/secure.gravatar.com\/avatar\/3a8de04a2656d44082be478bd6c086daa447c4651605818287b9532d3d0bd435?s=96&d=mm&r=g","caption":"Lo viste en Los Pol\u00edticos"},"url":"https:\/\/lospoliticosveracruz.com\/?author=2"}]}},"_links":{"self":[{"href":"https:\/\/lospoliticosveracruz.com\/index.php?rest_route=\/wp\/v2\/posts\/17790","targetHints":{"allow":["GET"]}}],"collection":[{"href":"https:\/\/lospoliticosveracruz.com\/index.php?rest_route=\/wp\/v2\/posts"}],"about":[{"href":"https:\/\/lospoliticosveracruz.com\/index.php?rest_route=\/wp\/v2\/types\/post"}],"author":[{"embeddable":true,"href":"https:\/\/lospoliticosveracruz.com\/index.php?rest_route=\/wp\/v2\/users\/2"}],"replies":[{"embeddable":true,"href":"https:\/\/lospoliticosveracruz.com\/index.php?rest_route=%2Fwp%2Fv2%2Fcomments&post=17790"}],"version-history":[{"count":1,"href":"https:\/\/lospoliticosveracruz.com\/index.php?rest_route=\/wp\/v2\/posts\/17790\/revisions"}],"predecessor-version":[{"id":17792,"href":"https:\/\/lospoliticosveracruz.com\/index.php?rest_route=\/wp\/v2\/posts\/17790\/revisions\/17792"}],"wp:attachment":[{"href":"https:\/\/lospoliticosveracruz.com\/index.php?rest_route=%2Fwp%2Fv2%2Fmedia&parent=17790"}],"wp:term":[{"taxonomy":"category","embeddable":true,"href":"https:\/\/lospoliticosveracruz.com\/index.php?rest_route=%2Fwp%2Fv2%2Fcategories&post=17790"},{"taxonomy":"post_tag","embeddable":true,"href":"https:\/\/lospoliticosveracruz.com\/index.php?rest_route=%2Fwp%2Fv2%2Ftags&post=17790"}],"curies":[{"name":"wp","href":"https:\/\/api.w.org\/{rel}","templated":true}]}}