{"id":17808,"date":"2015-09-14T21:46:38","date_gmt":"2015-09-15T02:46:38","guid":{"rendered":"http:\/\/www.lospoliticosveracruz.com.mx\/?p=17808"},"modified":"2015-09-14T21:46:38","modified_gmt":"2015-09-15T02:46:38","slug":"molina-candidato-unico-por-la-liga","status":"publish","type":"post","link":"https:\/\/lospoliticosveracruz.com\/?p=17808","title":{"rendered":"Molina, candidato \u00fanico por la Liga"},"content":{"rendered":"<blockquote><p><a href=\"http:\/\/www.lospoliticosveracruz.com.mx\/wp-content\/uploads\/2015\/09\/Juan-Carlos-Molina-Palacios1.jpg\"><img loading=\"lazy\" decoding=\"async\" class=\"alignnone size-medium wp-image-17809\" src=\"http:\/\/www.lospoliticosveracruz.com.mx\/wp-content\/uploads\/2015\/09\/Juan-Carlos-Molina-Palacios1-300x197.jpg\" alt=\"Juan Carlos Molina Palacios\" width=\"300\" height=\"197\" \/><\/a><\/p>\n<p>Con planificaci\u00f3n y trabajo se impulsar\u00e1 el desarrollo del sector campesino: JCMP<\/p><\/blockquote>\n<p><strong>Cortes\u00eda Veracruz Hoy<\/strong><\/p>\n<p><em>Veracruz<\/em><\/p>\n<p>Con la firme convicci\u00f3n de que con un proyecto basado en planificaci\u00f3n, honestidad y trabajo, el sector campesino recuperar\u00e1 la fortaleza que lo caracterizaba, Juan Carlos Molina Palacios se registr\u00f3 como candidato \u00fanico a la presidencia de la Liga de Comunidades Agrarias y Sindicatos Campesinos de la CNC en el estado de Veracruz.<\/p>\n<p>Acompa\u00f1ado por m\u00e1s de cinco mil miembros de los Comit\u00e9s Regionales Campesinos (CRC) de la entidad, as\u00ed como por su esposa Rosy Gu\u00edzar de Molina y del diputado local y dirigente interino de la Liga, Edgar D\u00edaz Fuentes, el l\u00edder ca\u00f1ero arrib\u00f3 a las instalaciones de la CRC de Veracruz -que fue designada como sede de la Comisi\u00f3n de Procesos Internos-, para entregar la documentaci\u00f3n establecida en la convocatoria e inscribirse en tiempo y forma.<\/p>\n<p>En una ceremonia en la que tambi\u00e9n estuvieron presentes alcaldes, diputados locales y federales, Molina Palacios extern\u00f3 que con la uni\u00f3n de los productores del campo ser\u00e1 posible que esta organizaci\u00f3n cenecista impulse nuevamente al sector, \u201ccoadyuvando con los tres niveles de gobierno para traer los recursos, para meter sus proyectos y que sus productos vayan a la alza, demostrando la calidad que existe en Veracruz, en donde tenemos gran diversidad agr\u00edcola, el mejor ganado y queremos lograr tener tambi\u00e9n la mejor gen\u00e9tica\u201d.<\/p>\n<p>Todo esto ser\u00e1 posible, sostuvo, \u201ccon una dirigencia organizada, que establezca v\u00ednculos y aproveche las circunstancias favorables que se inclinan para Veracruz, como es tener un Gobernador impulsor del agro veracruzano, Javier Duarte de Ochoa y un presidente de la Rep\u00fablica, Enrique Pe\u00f1a Nieto, que se atrevi\u00f3 a hacer reformas por las cuales a partir de enero habr\u00e1 recursos para el sector. Por ello, es necesario que estemos unidos y organizados para poder canalizar los recursos y aterrizar los proyectos\u201d.<\/p>\n<p>Ante los Notarios P\u00fablicos: Jos\u00e9 de la Huerta Manjarrez (n\u00famero 12, de Veracruz) y Manuel D\u00edaz Rivera (n\u00famero 30, de Xalapa), cumpliendo los lineamientos de la convocatoria, la Comisi\u00f3n instalada en forma permanente para este proceso de renovaci\u00f3n de la dirigencia estatal de la Liga, recibi\u00f3 los documentos a Molina Palacios y le entreg\u00f3 su constancia de registro para seguir sesionando hasta las 14:00 horas de este lunes, hora en que fue cerrado el periodo de inscripciones.<\/p>\n<p>Durante un discurso improvisado para saludar a los campesinos que se dieron cita para apoyar la candidatura de Molina Palacios, el l\u00edder ca\u00f1ero asegur\u00f3 que la unidad y civilidad demostrada por los campesinos veracruzanos es la muestra de que retomar\u00e1n la fuerza pol\u00edtica que ten\u00edan a\u00f1os atr\u00e1s y destac\u00f3 la presencia del diputado Edgar D\u00edaz Fuentes, quien funge como presidente interino de la Liga y acudi\u00f3 para externarle su total apoyo.<\/p>\n<p>De acuerdo a los estatutos para elegir al nuevo presidente estatal de la Liga, el d\u00eda 17 de septiembre se emitir\u00e1 el dictamen del registro, del 18 al 24 de septiembre ser\u00e1 el periodo de proselitismo, para celebrar la elecci\u00f3n el 26 del mismo mes, as\u00ed como la toma de protesta del nuevo dirigente.<\/p>\n","protected":false},"excerpt":{"rendered":"<p>Con planificaci\u00f3n y trabajo se impulsar\u00e1 el desarrollo del sector campesino: JCMP Cortes\u00eda Veracruz Hoy Veracruz Con la firme convicci\u00f3n de que con un proyecto basado en planificaci\u00f3n, honestidad y trabajo, el sector campesino recuperar\u00e1 la fortaleza que lo caracterizaba, Juan Carlos Molina Palacios se registr\u00f3 como candidato \u00fanico a la presidencia de la Liga [&hellip;]<\/p>\n","protected":false},"author":2,"featured_media":0,"comment_status":"open","ping_status":"open","sticky":false,"template":"","format":"standard","meta":{"tdm_status":"","tdm_grid_status":"","footnotes":""},"categories":[73],"tags":[281,260,3256,1845],"class_list":{"0":"post-17808","1":"post","2":"type-post","3":"status-publish","4":"format-standard","6":"category-de-boleto","7":"tag-enrique-pena-nieto","8":"tag-javier-duarte-de-ochoa","9":"tag-juan-carlos-molina-palacios","10":"tag-liga-de-comunidades-agrarias"},"yoast_head":"<!-- This site is optimized with the Yoast SEO plugin v27.4 - https:\/\/yoast.com\/product\/yoast-seo-wordpress\/ -->\n<title>Molina, candidato \u00fanico por la Liga - Los pol\u00edticos Veracruz<\/title>\n<meta name=\"robots\" content=\"index, follow, max-snippet:-1, max-image-preview:large, max-video-preview:-1\" \/>\n<link rel=\"canonical\" href=\"https:\/\/lospoliticosveracruz.com\/?p=17808\" \/>\n<meta property=\"og:locale\" content=\"es_ES\" \/>\n<meta property=\"og:type\" content=\"article\" \/>\n<meta property=\"og:title\" content=\"Molina, candidato \u00fanico por la Liga - Los pol\u00edticos Veracruz\" \/>\n<meta property=\"og:description\" content=\"Con planificaci\u00f3n y trabajo se impulsar\u00e1 el desarrollo del sector campesino: JCMP Cortes\u00eda Veracruz Hoy Veracruz Con la firme convicci\u00f3n de que con un proyecto basado en planificaci\u00f3n, honestidad y trabajo, el sector campesino recuperar\u00e1 la fortaleza que lo caracterizaba, Juan Carlos Molina Palacios se registr\u00f3 como candidato \u00fanico a la presidencia de la Liga [&hellip;]\" \/>\n<meta property=\"og:url\" content=\"https:\/\/lospoliticosveracruz.com\/?p=17808\" \/>\n<meta property=\"og:site_name\" content=\"Los pol\u00edticos Veracruz\" \/>\n<meta property=\"article:publisher\" content=\"https:\/\/www.facebook.com\/people\/Notimemes-de-los-Polticos\/61565672886568\/\" \/>\n<meta property=\"article:published_time\" content=\"2015-09-15T02:46:38+00:00\" \/>\n<meta property=\"og:image\" content=\"http:\/\/www.lospoliticosveracruz.com.mx\/wp-content\/uploads\/2015\/09\/Juan-Carlos-Molina-Palacios1-300x197.jpg\" \/>\n<meta name=\"author\" content=\"Lo viste en Los Pol\u00edticos\" \/>\n<meta name=\"twitter:card\" content=\"summary_large_image\" \/>\n<meta name=\"twitter:creator\" content=\"@LosPoliticosVer\" \/>\n<meta name=\"twitter:site\" content=\"@LosPoliticosVer\" \/>\n<meta name=\"twitter:label1\" content=\"Escrito por\" \/>\n\t<meta name=\"twitter:data1\" content=\"Lo viste en Los Pol\u00edticos\" \/>\n\t<meta name=\"twitter:label2\" content=\"Tiempo de lectura\" \/>\n\t<meta name=\"twitter:data2\" content=\"3 minutos\" \/>\n<script type=\"application\/ld+json\" class=\"yoast-schema-graph\">{\"@context\":\"https:\\\/\\\/schema.org\",\"@graph\":[{\"@type\":\"Article\",\"@id\":\"https:\\\/\\\/lospoliticosveracruz.com\\\/?p=17808#article\",\"isPartOf\":{\"@id\":\"https:\\\/\\\/lospoliticosveracruz.com\\\/?p=17808\"},\"author\":{\"name\":\"Lo viste en Los Pol\u00edticos\",\"@id\":\"https:\\\/\\\/lospoliticosveracruz.com\\\/#\\\/schema\\\/person\\\/b8702bb0e538456e6efd07080bf2a4a2\"},\"headline\":\"Molina, candidato \u00fanico por la Liga\",\"datePublished\":\"2015-09-15T02:46:38+00:00\",\"mainEntityOfPage\":{\"@id\":\"https:\\\/\\\/lospoliticosveracruz.com\\\/?p=17808\"},\"wordCount\":546,\"commentCount\":0,\"publisher\":{\"@id\":\"https:\\\/\\\/lospoliticosveracruz.com\\\/#organization\"},\"image\":{\"@id\":\"https:\\\/\\\/lospoliticosveracruz.com\\\/?p=17808#primaryimage\"},\"thumbnailUrl\":\"http:\\\/\\\/www.lospoliticosveracruz.com.mx\\\/wp-content\\\/uploads\\\/2015\\\/09\\\/Juan-Carlos-Molina-Palacios1-300x197.jpg\",\"keywords\":[\"Enrique Pe\u00f1a Nieto\",\"Javier Duarte de Ochoa\",\"Juan Carlos Molina Palacios\",\"Liga de Comunidades Agrarias\"],\"articleSection\":[\"De Boleto\"],\"inLanguage\":\"es\",\"potentialAction\":[{\"@type\":\"CommentAction\",\"name\":\"Comment\",\"target\":[\"https:\\\/\\\/lospoliticosveracruz.com\\\/?p=17808#respond\"]}]},{\"@type\":\"WebPage\",\"@id\":\"https:\\\/\\\/lospoliticosveracruz.com\\\/?p=17808\",\"url\":\"https:\\\/\\\/lospoliticosveracruz.com\\\/?p=17808\",\"name\":\"Molina, candidato \u00fanico por la Liga - Los pol\u00edticos Veracruz\",\"isPartOf\":{\"@id\":\"https:\\\/\\\/lospoliticosveracruz.com\\\/#website\"},\"primaryImageOfPage\":{\"@id\":\"https:\\\/\\\/lospoliticosveracruz.com\\\/?p=17808#primaryimage\"},\"image\":{\"@id\":\"https:\\\/\\\/lospoliticosveracruz.com\\\/?p=17808#primaryimage\"},\"thumbnailUrl\":\"http:\\\/\\\/www.lospoliticosveracruz.com.mx\\\/wp-content\\\/uploads\\\/2015\\\/09\\\/Juan-Carlos-Molina-Palacios1-300x197.jpg\",\"datePublished\":\"2015-09-15T02:46:38+00:00\",\"breadcrumb\":{\"@id\":\"https:\\\/\\\/lospoliticosveracruz.com\\\/?p=17808#breadcrumb\"},\"inLanguage\":\"es\",\"potentialAction\":[{\"@type\":\"ReadAction\",\"target\":[\"https:\\\/\\\/lospoliticosveracruz.com\\\/?p=17808\"]}]},{\"@type\":\"ImageObject\",\"inLanguage\":\"es\",\"@id\":\"https:\\\/\\\/lospoliticosveracruz.com\\\/?p=17808#primaryimage\",\"url\":\"http:\\\/\\\/www.lospoliticosveracruz.com.mx\\\/wp-content\\\/uploads\\\/2015\\\/09\\\/Juan-Carlos-Molina-Palacios1-300x197.jpg\",\"contentUrl\":\"http:\\\/\\\/www.lospoliticosveracruz.com.mx\\\/wp-content\\\/uploads\\\/2015\\\/09\\\/Juan-Carlos-Molina-Palacios1-300x197.jpg\"},{\"@type\":\"BreadcrumbList\",\"@id\":\"https:\\\/\\\/lospoliticosveracruz.com\\\/?p=17808#breadcrumb\",\"itemListElement\":[{\"@type\":\"ListItem\",\"position\":1,\"name\":\"Portada\",\"item\":\"https:\\\/\\\/lospoliticosveracruz.com\\\/\"},{\"@type\":\"ListItem\",\"position\":2,\"name\":\"Molina, candidato \u00fanico por la Liga\"}]},{\"@type\":\"WebSite\",\"@id\":\"https:\\\/\\\/lospoliticosveracruz.com\\\/#website\",\"url\":\"https:\\\/\\\/lospoliticosveracruz.com\\\/\",\"name\":\"Los pol\u00edticos Veracruz\",\"description\":\"\",\"publisher\":{\"@id\":\"https:\\\/\\\/lospoliticosveracruz.com\\\/#organization\"},\"potentialAction\":[{\"@type\":\"SearchAction\",\"target\":{\"@type\":\"EntryPoint\",\"urlTemplate\":\"https:\\\/\\\/lospoliticosveracruz.com\\\/?s={search_term_string}\"},\"query-input\":{\"@type\":\"PropertyValueSpecification\",\"valueRequired\":true,\"valueName\":\"search_term_string\"}}],\"inLanguage\":\"es\"},{\"@type\":\"Organization\",\"@id\":\"https:\\\/\\\/lospoliticosveracruz.com\\\/#organization\",\"name\":\"Los pol\u00edticos Veracruz\",\"url\":\"https:\\\/\\\/lospoliticosveracruz.com\\\/\",\"logo\":{\"@type\":\"ImageObject\",\"inLanguage\":\"es\",\"@id\":\"https:\\\/\\\/lospoliticosveracruz.com\\\/#\\\/schema\\\/logo\\\/image\\\/\",\"url\":\"https:\\\/\\\/lospoliticosveracruz.com\\\/wp-content\\\/uploads\\\/2025\\\/12\\\/Logo-Nuevo-LOS-POLITICOS-1.jpg\",\"contentUrl\":\"https:\\\/\\\/lospoliticosveracruz.com\\\/wp-content\\\/uploads\\\/2025\\\/12\\\/Logo-Nuevo-LOS-POLITICOS-1.jpg\",\"width\":260,\"height\":70,\"caption\":\"Los pol\u00edticos Veracruz\"},\"image\":{\"@id\":\"https:\\\/\\\/lospoliticosveracruz.com\\\/#\\\/schema\\\/logo\\\/image\\\/\"},\"sameAs\":[\"https:\\\/\\\/www.facebook.com\\\/people\\\/Notimemes-de-los-Polticos\\\/61565672886568\\\/\",\"https:\\\/\\\/x.com\\\/LosPoliticosVer\"]},{\"@type\":\"Person\",\"@id\":\"https:\\\/\\\/lospoliticosveracruz.com\\\/#\\\/schema\\\/person\\\/b8702bb0e538456e6efd07080bf2a4a2\",\"name\":\"Lo viste en Los Pol\u00edticos\",\"image\":{\"@type\":\"ImageObject\",\"inLanguage\":\"es\",\"@id\":\"https:\\\/\\\/secure.gravatar.com\\\/avatar\\\/3a8de04a2656d44082be478bd6c086daa447c4651605818287b9532d3d0bd435?s=96&d=mm&r=g\",\"url\":\"https:\\\/\\\/secure.gravatar.com\\\/avatar\\\/3a8de04a2656d44082be478bd6c086daa447c4651605818287b9532d3d0bd435?s=96&d=mm&r=g\",\"contentUrl\":\"https:\\\/\\\/secure.gravatar.com\\\/avatar\\\/3a8de04a2656d44082be478bd6c086daa447c4651605818287b9532d3d0bd435?s=96&d=mm&r=g\",\"caption\":\"Lo viste en Los Pol\u00edticos\"},\"url\":\"https:\\\/\\\/lospoliticosveracruz.com\\\/?author=2\"}]}<\/script>\n<!-- \/ Yoast SEO plugin. -->","yoast_head_json":{"title":"Molina, candidato \u00fanico por la Liga - Los pol\u00edticos Veracruz","robots":{"index":"index","follow":"follow","max-snippet":"max-snippet:-1","max-image-preview":"max-image-preview:large","max-video-preview":"max-video-preview:-1"},"canonical":"https:\/\/lospoliticosveracruz.com\/?p=17808","og_locale":"es_ES","og_type":"article","og_title":"Molina, candidato \u00fanico por la Liga - Los pol\u00edticos Veracruz","og_description":"Con planificaci\u00f3n y trabajo se impulsar\u00e1 el desarrollo del sector campesino: JCMP Cortes\u00eda Veracruz Hoy Veracruz Con la firme convicci\u00f3n de que con un proyecto basado en planificaci\u00f3n, honestidad y trabajo, el sector campesino recuperar\u00e1 la fortaleza que lo caracterizaba, Juan Carlos Molina Palacios se registr\u00f3 como candidato \u00fanico a la presidencia de la Liga [&hellip;]","og_url":"https:\/\/lospoliticosveracruz.com\/?p=17808","og_site_name":"Los pol\u00edticos Veracruz","article_publisher":"https:\/\/www.facebook.com\/people\/Notimemes-de-los-Polticos\/61565672886568\/","article_published_time":"2015-09-15T02:46:38+00:00","og_image":[{"url":"http:\/\/www.lospoliticosveracruz.com.mx\/wp-content\/uploads\/2015\/09\/Juan-Carlos-Molina-Palacios1-300x197.jpg","type":"","width":"","height":""}],"author":"Lo viste en Los Pol\u00edticos","twitter_card":"summary_large_image","twitter_creator":"@LosPoliticosVer","twitter_site":"@LosPoliticosVer","twitter_misc":{"Escrito por":"Lo viste en Los Pol\u00edticos","Tiempo de lectura":"3 minutos"},"schema":{"@context":"https:\/\/schema.org","@graph":[{"@type":"Article","@id":"https:\/\/lospoliticosveracruz.com\/?p=17808#article","isPartOf":{"@id":"https:\/\/lospoliticosveracruz.com\/?p=17808"},"author":{"name":"Lo viste en Los Pol\u00edticos","@id":"https:\/\/lospoliticosveracruz.com\/#\/schema\/person\/b8702bb0e538456e6efd07080bf2a4a2"},"headline":"Molina, candidato \u00fanico por la Liga","datePublished":"2015-09-15T02:46:38+00:00","mainEntityOfPage":{"@id":"https:\/\/lospoliticosveracruz.com\/?p=17808"},"wordCount":546,"commentCount":0,"publisher":{"@id":"https:\/\/lospoliticosveracruz.com\/#organization"},"image":{"@id":"https:\/\/lospoliticosveracruz.com\/?p=17808#primaryimage"},"thumbnailUrl":"http:\/\/www.lospoliticosveracruz.com.mx\/wp-content\/uploads\/2015\/09\/Juan-Carlos-Molina-Palacios1-300x197.jpg","keywords":["Enrique Pe\u00f1a Nieto","Javier Duarte de Ochoa","Juan Carlos Molina Palacios","Liga de Comunidades Agrarias"],"articleSection":["De Boleto"],"inLanguage":"es","potentialAction":[{"@type":"CommentAction","name":"Comment","target":["https:\/\/lospoliticosveracruz.com\/?p=17808#respond"]}]},{"@type":"WebPage","@id":"https:\/\/lospoliticosveracruz.com\/?p=17808","url":"https:\/\/lospoliticosveracruz.com\/?p=17808","name":"Molina, candidato \u00fanico por la Liga - Los pol\u00edticos Veracruz","isPartOf":{"@id":"https:\/\/lospoliticosveracruz.com\/#website"},"primaryImageOfPage":{"@id":"https:\/\/lospoliticosveracruz.com\/?p=17808#primaryimage"},"image":{"@id":"https:\/\/lospoliticosveracruz.com\/?p=17808#primaryimage"},"thumbnailUrl":"http:\/\/www.lospoliticosveracruz.com.mx\/wp-content\/uploads\/2015\/09\/Juan-Carlos-Molina-Palacios1-300x197.jpg","datePublished":"2015-09-15T02:46:38+00:00","breadcrumb":{"@id":"https:\/\/lospoliticosveracruz.com\/?p=17808#breadcrumb"},"inLanguage":"es","potentialAction":[{"@type":"ReadAction","target":["https:\/\/lospoliticosveracruz.com\/?p=17808"]}]},{"@type":"ImageObject","inLanguage":"es","@id":"https:\/\/lospoliticosveracruz.com\/?p=17808#primaryimage","url":"http:\/\/www.lospoliticosveracruz.com.mx\/wp-content\/uploads\/2015\/09\/Juan-Carlos-Molina-Palacios1-300x197.jpg","contentUrl":"http:\/\/www.lospoliticosveracruz.com.mx\/wp-content\/uploads\/2015\/09\/Juan-Carlos-Molina-Palacios1-300x197.jpg"},{"@type":"BreadcrumbList","@id":"https:\/\/lospoliticosveracruz.com\/?p=17808#breadcrumb","itemListElement":[{"@type":"ListItem","position":1,"name":"Portada","item":"https:\/\/lospoliticosveracruz.com\/"},{"@type":"ListItem","position":2,"name":"Molina, candidato \u00fanico por la Liga"}]},{"@type":"WebSite","@id":"https:\/\/lospoliticosveracruz.com\/#website","url":"https:\/\/lospoliticosveracruz.com\/","name":"Los pol\u00edticos Veracruz","description":"","publisher":{"@id":"https:\/\/lospoliticosveracruz.com\/#organization"},"potentialAction":[{"@type":"SearchAction","target":{"@type":"EntryPoint","urlTemplate":"https:\/\/lospoliticosveracruz.com\/?s={search_term_string}"},"query-input":{"@type":"PropertyValueSpecification","valueRequired":true,"valueName":"search_term_string"}}],"inLanguage":"es"},{"@type":"Organization","@id":"https:\/\/lospoliticosveracruz.com\/#organization","name":"Los pol\u00edticos Veracruz","url":"https:\/\/lospoliticosveracruz.com\/","logo":{"@type":"ImageObject","inLanguage":"es","@id":"https:\/\/lospoliticosveracruz.com\/#\/schema\/logo\/image\/","url":"https:\/\/lospoliticosveracruz.com\/wp-content\/uploads\/2025\/12\/Logo-Nuevo-LOS-POLITICOS-1.jpg","contentUrl":"https:\/\/lospoliticosveracruz.com\/wp-content\/uploads\/2025\/12\/Logo-Nuevo-LOS-POLITICOS-1.jpg","width":260,"height":70,"caption":"Los pol\u00edticos Veracruz"},"image":{"@id":"https:\/\/lospoliticosveracruz.com\/#\/schema\/logo\/image\/"},"sameAs":["https:\/\/www.facebook.com\/people\/Notimemes-de-los-Polticos\/61565672886568\/","https:\/\/x.com\/LosPoliticosVer"]},{"@type":"Person","@id":"https:\/\/lospoliticosveracruz.com\/#\/schema\/person\/b8702bb0e538456e6efd07080bf2a4a2","name":"Lo viste en Los Pol\u00edticos","image":{"@type":"ImageObject","inLanguage":"es","@id":"https:\/\/secure.gravatar.com\/avatar\/3a8de04a2656d44082be478bd6c086daa447c4651605818287b9532d3d0bd435?s=96&d=mm&r=g","url":"https:\/\/secure.gravatar.com\/avatar\/3a8de04a2656d44082be478bd6c086daa447c4651605818287b9532d3d0bd435?s=96&d=mm&r=g","contentUrl":"https:\/\/secure.gravatar.com\/avatar\/3a8de04a2656d44082be478bd6c086daa447c4651605818287b9532d3d0bd435?s=96&d=mm&r=g","caption":"Lo viste en Los Pol\u00edticos"},"url":"https:\/\/lospoliticosveracruz.com\/?author=2"}]}},"_links":{"self":[{"href":"https:\/\/lospoliticosveracruz.com\/index.php?rest_route=\/wp\/v2\/posts\/17808","targetHints":{"allow":["GET"]}}],"collection":[{"href":"https:\/\/lospoliticosveracruz.com\/index.php?rest_route=\/wp\/v2\/posts"}],"about":[{"href":"https:\/\/lospoliticosveracruz.com\/index.php?rest_route=\/wp\/v2\/types\/post"}],"author":[{"embeddable":true,"href":"https:\/\/lospoliticosveracruz.com\/index.php?rest_route=\/wp\/v2\/users\/2"}],"replies":[{"embeddable":true,"href":"https:\/\/lospoliticosveracruz.com\/index.php?rest_route=%2Fwp%2Fv2%2Fcomments&post=17808"}],"version-history":[{"count":1,"href":"https:\/\/lospoliticosveracruz.com\/index.php?rest_route=\/wp\/v2\/posts\/17808\/revisions"}],"predecessor-version":[{"id":17810,"href":"https:\/\/lospoliticosveracruz.com\/index.php?rest_route=\/wp\/v2\/posts\/17808\/revisions\/17810"}],"wp:attachment":[{"href":"https:\/\/lospoliticosveracruz.com\/index.php?rest_route=%2Fwp%2Fv2%2Fmedia&parent=17808"}],"wp:term":[{"taxonomy":"category","embeddable":true,"href":"https:\/\/lospoliticosveracruz.com\/index.php?rest_route=%2Fwp%2Fv2%2Fcategories&post=17808"},{"taxonomy":"post_tag","embeddable":true,"href":"https:\/\/lospoliticosveracruz.com\/index.php?rest_route=%2Fwp%2Fv2%2Ftags&post=17808"}],"curies":[{"name":"wp","href":"https:\/\/api.w.org\/{rel}","templated":true}]}}