{"id":17816,"date":"2015-09-14T22:02:08","date_gmt":"2015-09-15T03:02:08","guid":{"rendered":"http:\/\/www.lospoliticosveracruz.com.mx\/?p=17816"},"modified":"2015-09-14T22:02:08","modified_gmt":"2015-09-15T03:02:08","slug":"las-mejores-ciudades-para-vivir","status":"publish","type":"post","link":"https:\/\/lospoliticosveracruz.com\/?p=17816","title":{"rendered":"Las mejores ciudades para vivir"},"content":{"rendered":"<p><a href=\"http:\/\/www.lospoliticosveracruz.com.mx\/wp-content\/uploads\/2015\/01\/Xalapa.jpeg\"><img loading=\"lazy\" decoding=\"async\" class=\"alignnone size-medium wp-image-14614\" src=\"http:\/\/www.lospoliticosveracruz.com.mx\/wp-content\/uploads\/2015\/01\/Xalapa-284x300.jpeg\" alt=\"Xalapa\" width=\"284\" height=\"300\" \/><\/a><br \/>\n<strong>Luis Alberto Romero<\/strong><\/p>\n<p><em>Hora Cero<\/em><\/p>\n<p>El Gabinete de Comunicaci\u00f3n Estrat\u00e9gica, de Li\u00e9bano S\u00e1enz y Federico Berrueto, difundi\u00f3 los resultados de una encuesta para determinar qu\u00e9 ciudades son m\u00e1s habitables en nuestro pa\u00eds; fueron incluidas 60, y 16 delegaciones del Distrito Federal.<br \/>\nSe trata de un ejercicio que comenz\u00f3 en 2012, y al que han dado continuidad durante los tres a\u00f1os siguientes; es una herramienta para evaluar c\u00f3mo se percibe el lugar que habitan los pobladores de las principales ciudades del interior de la Rep\u00fablica y las delegaciones del DF.<br \/>\nEn total, son 30 mil 400 entrevistas las que realiza cada a\u00f1o dicha casa encuestadora para saber qu\u00e9 piensan los mexicanos sobre la calidad de vida de las ciudades, los servicios p\u00fablicos y factores como la limpieza del aire, convivencia sana, centros de diversi\u00f3n, museos, belleza natural, vivienda, escuelas y movilidad.<br \/>\nDe acuerdo con esta medici\u00f3n, las ciudades mejor evaluadas de M\u00e9xico son M\u00e9rida, Saltillo, Aguascalientes, Mazatl\u00e1n y Colima, seguidas por Canc\u00fan y Quer\u00e9taro.<br \/>\nLos peores lugares para habitar, de acuerdo con este trabajo, que corresponde a 2015, son Chilpancingo, Ciudad del Carmen, Acapulco, Ecatepec, Tuxtla Guti\u00e9rrez, Oaxaca, Villahermosa y L\u00e1zaro C\u00e1rdenas.<br \/>\nS\u00f3lo dos ciudades veracruzanas fueron evaluadas en este estudio, Xalapa y Veracruz; dato curioso: la percepci\u00f3n de los habitantes de esos dos lugares sobre la calidad de vida es muy similar; de hecho, estos dos municipios se ubican en la media tabla; acaso la capital del estado se encuentra una d\u00e9cima de punto arriba del Puerto.<br \/>\nLa diferencia entre Veracruz y Xalapa radica en que mientras el Puerto pas\u00f3 del lugar 28 al 30 en los niveles de calidad de vida y bienestar de la poblaci\u00f3n, la capital veracruzana gan\u00f3 7 posiciones, al pasar del 36 al 29.<br \/>\nParecieran n\u00fameros discretos, nada como para presumir; sin embargo, se trata de un estudio que incluye a las ciudades m\u00e1s importantes del pa\u00eds, y eval\u00faa a lugares como Canc\u00fan, Quer\u00e9taro, Monterrey, Guanajuato, Puebla, Torre\u00f3n, Chetumal, Le\u00f3n, San Luis Potos\u00ed, Manzanillo y otras.<br \/>\nEn el an\u00e1lisis de factores como movilidad urbana, medio ambiente, oferta de vivienda, centros de diversi\u00f3n, escuelas, museos y espacios hist\u00f3ricos, naturaleza y ambiente de convivencia, en una escala de 0 a 100, Xalapa fue calificada con 68.4; y Veracruz, con 68.3. El m\u00e1s alto, que fue M\u00e9rida, tuvo 83.3; y el m\u00e1s bajo, Chilpancingo, 56.0.<br \/>\nEn cuanto al tema del \u00edndice de satisfacci\u00f3n de los servicios, el ayuntamiento mejor evaluado fue Nuevo Laredo, seguido de M\u00e9rida, Mazatl\u00e1n, Culiac\u00e1n y Manzanillo, en tanto que los peores resultaron Villahermosa, Ciudad de Carmen, Tuxtla Guti\u00e9rrez, San Luis Potos\u00ed y Ecatepec. En esos indicadores, Xalapa y Veracruz se ubicaron debajo de la media tabla; en la escala de 0 a 100, la capital del estado tuvo 61.6, mientras que el Puerto, 61.4.<br \/>\nEn cuanto a las delegaciones del Distrito Federal, el estudio revela que la mejor calidad de vida se encuentra, por mucho, en Coyoac\u00e1n, Benito Ju\u00e1rez y Miguel Hidalgo. Las peores son Xochimilco, Ecatepec, Naucalpan e Iztapalapa; aunque tambi\u00e9n con muy malos n\u00fameros se ubican Tl\u00e1huac, Milpa Alta y Chimalhuac\u00e1n.<br \/>\nPor cierto, los alcaldes del pa\u00eds tambi\u00e9n fueron evaluados por la poblaci\u00f3n de sus respectivos municipios. Destaca que los dos ediles veracruzanos que fueron incluidos, Am\u00e9rico Z\u00fa\u00f1iga Mart\u00ednez y Ram\u00f3n Poo Gil, se ubicaron en el mismo grupo, en el que tambi\u00e9n se encuentran los presidentes de Tapachula, Ciudad Ju\u00e1rez, Reynosa, Tlalnepantla, Tlaxcala, Morelia, L\u00e1zaro C\u00e1rdenas y, en promedio, todos los jefes delegacionales del Distrito Federal.<br \/>\nFinalmente, se trata de un tema de percepci\u00f3n; por ejemplo, mientras la mayor\u00eda de los veracruzanos a los que se aplic\u00f3 el cuestionario dijeron que el pa\u00eds est\u00e1 avanzando a paso muy lento, la gente de Nuevo Laredo, Saltillo, Mazatl\u00e1n y Ciudad Victoria piensa que M\u00e9xico camina en la direcci\u00f3n correcta.<\/p>\n<p><strong>Alerta por feminicidio<\/strong><br \/>\nEn Ciudad Isla, una mujer de entre 30 y 35 a\u00f1os fue asesinada, de manera salvaje, a golpes. El cuerpo fue abandonado muy cerca de una cl\u00ednica del Instituto Mexicano del Seguro Social. No es el primer caso ocurrido en ese lugar; hace unos 5 a\u00f1os, entre 2007 y 2011, se habl\u00f3 de nueve feminicidios documentados. Esperemos que \u00e9ste no se convierta en el regreso de un delito que resulta aberrante.<br \/>\nAnte el Secretariado Ejecutivo del Sistema Nacional para Prevenir, Atender, Sancionar y Erradicar la Violencia contra las Mujeres, la Asociaci\u00f3n Equifon\u00eda, que encabeza Araceli Gonz\u00e1lez, present\u00f3 una solicitud para que se declare la alerta de g\u00e9nero en Veracruz. El argumento no puede ser m\u00e1s v\u00e1lido: en lo que va de 2015 se han registrado 73 asesinatos contra mujeres.<br \/>\nEn respuesta, la Secretar\u00eda de Gobernaci\u00f3n acept\u00f3 la solicitud y apunt\u00f3 que integrar\u00e1 un equipo de trabajo para analizar la situaci\u00f3n de la violencia contra mujeres en Veracruz.<\/p>\n<p><strong>Ola delictiva<\/strong><br \/>\nEste no es un asunto de percepci\u00f3n: cada vez con m\u00e1s frecuencia, los medios informativos de Veracruz dan cuenta de cruentos asesinatos.<br \/>\nDe norte a sur, en la entidad est\u00e1 corriendo sangre. Este lunes, en Las Choapas fue encontrado el cuerpo sin vida de una joven que presentaba huellas de violencia. Igual ocurri\u00f3 en el municipio de Yecuatla, donde fueron encontrados cinco cuerpos envueltos en cobijas, a pocos metros de la carretera Xalapa-Misantla, cerca del punto conocido como El Mirador.<br \/>\nEl domingo tambi\u00e9n fue una mala jornada en materia de ejecuciones: cuatro cuerpos fueron hallados en Paso de Ovejas; todos asesinados a balazos. Hubo otro caso entre los municipios de Atoyac y Paso del Macho y uno m\u00e1s en Coatzintla. Lo malo es que esos casos resultan cada vez m\u00e1s frecuentes; lo peor es que nos estamos acostumbrando a este tipo de noticias y terminamos por ver esa informaci\u00f3n como si ya fuera parte de la normalidad cotidiana. @luisromero85<\/p>\n","protected":false},"excerpt":{"rendered":"<p>Luis Alberto Romero Hora Cero El Gabinete de Comunicaci\u00f3n Estrat\u00e9gica, de Li\u00e9bano S\u00e1enz y Federico Berrueto, difundi\u00f3 los resultados de una encuesta para determinar qu\u00e9 ciudades son m\u00e1s habitables en nuestro pa\u00eds; fueron incluidas 60, y 16 delegaciones del Distrito Federal. Se trata de un ejercicio que comenz\u00f3 en 2012, y al que han dado [&hellip;]<\/p>\n","protected":false},"author":2,"featured_media":0,"comment_status":"open","ping_status":"open","sticky":false,"template":"","format":"standard","meta":{"tdm_status":"","tdm_grid_status":"","footnotes":""},"categories":[1],"tags":[539,3418,3419,195,96],"class_list":{"0":"post-17816","1":"post","2":"type-post","3":"status-publish","4":"format-standard","6":"category-sin-categoria","7":"tag-americo-zuniga-martinez","8":"tag-liebano-saenz","9":"tag-ramon-poo-gil","10":"tag-veracruz","11":"tag-xalapa"},"yoast_head":"<!-- This site is optimized with the Yoast SEO plugin v27.4 - https:\/\/yoast.com\/product\/yoast-seo-wordpress\/ -->\n<title>Las mejores ciudades para vivir - Los pol\u00edticos Veracruz<\/title>\n<meta name=\"robots\" content=\"index, follow, max-snippet:-1, max-image-preview:large, max-video-preview:-1\" \/>\n<link rel=\"canonical\" href=\"https:\/\/lospoliticosveracruz.com\/?p=17816\" \/>\n<meta property=\"og:locale\" content=\"es_ES\" \/>\n<meta property=\"og:type\" content=\"article\" \/>\n<meta property=\"og:title\" content=\"Las mejores ciudades para vivir - Los pol\u00edticos Veracruz\" \/>\n<meta property=\"og:description\" content=\"Luis Alberto Romero Hora Cero El Gabinete de Comunicaci\u00f3n Estrat\u00e9gica, de Li\u00e9bano S\u00e1enz y Federico Berrueto, difundi\u00f3 los resultados de una encuesta para determinar qu\u00e9 ciudades son m\u00e1s habitables en nuestro pa\u00eds; fueron incluidas 60, y 16 delegaciones del Distrito Federal. Se trata de un ejercicio que comenz\u00f3 en 2012, y al que han dado [&hellip;]\" \/>\n<meta property=\"og:url\" content=\"https:\/\/lospoliticosveracruz.com\/?p=17816\" \/>\n<meta property=\"og:site_name\" content=\"Los pol\u00edticos Veracruz\" \/>\n<meta property=\"article:publisher\" content=\"https:\/\/www.facebook.com\/people\/Notimemes-de-los-Polticos\/61565672886568\/\" \/>\n<meta property=\"article:published_time\" content=\"2015-09-15T03:02:08+00:00\" \/>\n<meta property=\"og:image\" content=\"http:\/\/www.lospoliticosveracruz.com.mx\/wp-content\/uploads\/2015\/01\/Xalapa-284x300.jpeg\" \/>\n<meta name=\"author\" content=\"Lo viste en Los Pol\u00edticos\" \/>\n<meta name=\"twitter:card\" content=\"summary_large_image\" \/>\n<meta name=\"twitter:creator\" content=\"@LosPoliticosVer\" \/>\n<meta name=\"twitter:site\" content=\"@LosPoliticosVer\" \/>\n<meta name=\"twitter:label1\" content=\"Escrito por\" \/>\n\t<meta name=\"twitter:data1\" content=\"Lo viste en Los Pol\u00edticos\" \/>\n\t<meta name=\"twitter:label2\" content=\"Tiempo de lectura\" \/>\n\t<meta name=\"twitter:data2\" content=\"5 minutos\" \/>\n<script type=\"application\/ld+json\" class=\"yoast-schema-graph\">{\"@context\":\"https:\\\/\\\/schema.org\",\"@graph\":[{\"@type\":\"Article\",\"@id\":\"https:\\\/\\\/lospoliticosveracruz.com\\\/?p=17816#article\",\"isPartOf\":{\"@id\":\"https:\\\/\\\/lospoliticosveracruz.com\\\/?p=17816\"},\"author\":{\"name\":\"Lo viste en Los Pol\u00edticos\",\"@id\":\"https:\\\/\\\/lospoliticosveracruz.com\\\/#\\\/schema\\\/person\\\/b8702bb0e538456e6efd07080bf2a4a2\"},\"headline\":\"Las mejores ciudades para vivir\",\"datePublished\":\"2015-09-15T03:02:08+00:00\",\"mainEntityOfPage\":{\"@id\":\"https:\\\/\\\/lospoliticosveracruz.com\\\/?p=17816\"},\"wordCount\":1009,\"commentCount\":0,\"publisher\":{\"@id\":\"https:\\\/\\\/lospoliticosveracruz.com\\\/#organization\"},\"image\":{\"@id\":\"https:\\\/\\\/lospoliticosveracruz.com\\\/?p=17816#primaryimage\"},\"thumbnailUrl\":\"http:\\\/\\\/www.lospoliticosveracruz.com.mx\\\/wp-content\\\/uploads\\\/2015\\\/01\\\/Xalapa-284x300.jpeg\",\"keywords\":[\"Am\u00e9rico Z\u00fa\u00f1iga Mart\u00ednez\",\"Li\u00e9bano S\u00e1enz\",\"Ram\u00f3n Poo Gil\",\"Veracruz\",\"Xalapa\"],\"inLanguage\":\"es\",\"potentialAction\":[{\"@type\":\"CommentAction\",\"name\":\"Comment\",\"target\":[\"https:\\\/\\\/lospoliticosveracruz.com\\\/?p=17816#respond\"]}]},{\"@type\":\"WebPage\",\"@id\":\"https:\\\/\\\/lospoliticosveracruz.com\\\/?p=17816\",\"url\":\"https:\\\/\\\/lospoliticosveracruz.com\\\/?p=17816\",\"name\":\"Las mejores ciudades para vivir - Los pol\u00edticos Veracruz\",\"isPartOf\":{\"@id\":\"https:\\\/\\\/lospoliticosveracruz.com\\\/#website\"},\"primaryImageOfPage\":{\"@id\":\"https:\\\/\\\/lospoliticosveracruz.com\\\/?p=17816#primaryimage\"},\"image\":{\"@id\":\"https:\\\/\\\/lospoliticosveracruz.com\\\/?p=17816#primaryimage\"},\"thumbnailUrl\":\"http:\\\/\\\/www.lospoliticosveracruz.com.mx\\\/wp-content\\\/uploads\\\/2015\\\/01\\\/Xalapa-284x300.jpeg\",\"datePublished\":\"2015-09-15T03:02:08+00:00\",\"breadcrumb\":{\"@id\":\"https:\\\/\\\/lospoliticosveracruz.com\\\/?p=17816#breadcrumb\"},\"inLanguage\":\"es\",\"potentialAction\":[{\"@type\":\"ReadAction\",\"target\":[\"https:\\\/\\\/lospoliticosveracruz.com\\\/?p=17816\"]}]},{\"@type\":\"ImageObject\",\"inLanguage\":\"es\",\"@id\":\"https:\\\/\\\/lospoliticosveracruz.com\\\/?p=17816#primaryimage\",\"url\":\"http:\\\/\\\/www.lospoliticosveracruz.com.mx\\\/wp-content\\\/uploads\\\/2015\\\/01\\\/Xalapa-284x300.jpeg\",\"contentUrl\":\"http:\\\/\\\/www.lospoliticosveracruz.com.mx\\\/wp-content\\\/uploads\\\/2015\\\/01\\\/Xalapa-284x300.jpeg\"},{\"@type\":\"BreadcrumbList\",\"@id\":\"https:\\\/\\\/lospoliticosveracruz.com\\\/?p=17816#breadcrumb\",\"itemListElement\":[{\"@type\":\"ListItem\",\"position\":1,\"name\":\"Portada\",\"item\":\"https:\\\/\\\/lospoliticosveracruz.com\\\/\"},{\"@type\":\"ListItem\",\"position\":2,\"name\":\"Las mejores ciudades para vivir\"}]},{\"@type\":\"WebSite\",\"@id\":\"https:\\\/\\\/lospoliticosveracruz.com\\\/#website\",\"url\":\"https:\\\/\\\/lospoliticosveracruz.com\\\/\",\"name\":\"Los pol\u00edticos Veracruz\",\"description\":\"\",\"publisher\":{\"@id\":\"https:\\\/\\\/lospoliticosveracruz.com\\\/#organization\"},\"potentialAction\":[{\"@type\":\"SearchAction\",\"target\":{\"@type\":\"EntryPoint\",\"urlTemplate\":\"https:\\\/\\\/lospoliticosveracruz.com\\\/?s={search_term_string}\"},\"query-input\":{\"@type\":\"PropertyValueSpecification\",\"valueRequired\":true,\"valueName\":\"search_term_string\"}}],\"inLanguage\":\"es\"},{\"@type\":\"Organization\",\"@id\":\"https:\\\/\\\/lospoliticosveracruz.com\\\/#organization\",\"name\":\"Los pol\u00edticos Veracruz\",\"url\":\"https:\\\/\\\/lospoliticosveracruz.com\\\/\",\"logo\":{\"@type\":\"ImageObject\",\"inLanguage\":\"es\",\"@id\":\"https:\\\/\\\/lospoliticosveracruz.com\\\/#\\\/schema\\\/logo\\\/image\\\/\",\"url\":\"https:\\\/\\\/lospoliticosveracruz.com\\\/wp-content\\\/uploads\\\/2025\\\/12\\\/Logo-Nuevo-LOS-POLITICOS-1.jpg\",\"contentUrl\":\"https:\\\/\\\/lospoliticosveracruz.com\\\/wp-content\\\/uploads\\\/2025\\\/12\\\/Logo-Nuevo-LOS-POLITICOS-1.jpg\",\"width\":260,\"height\":70,\"caption\":\"Los pol\u00edticos Veracruz\"},\"image\":{\"@id\":\"https:\\\/\\\/lospoliticosveracruz.com\\\/#\\\/schema\\\/logo\\\/image\\\/\"},\"sameAs\":[\"https:\\\/\\\/www.facebook.com\\\/people\\\/Notimemes-de-los-Polticos\\\/61565672886568\\\/\",\"https:\\\/\\\/x.com\\\/LosPoliticosVer\"]},{\"@type\":\"Person\",\"@id\":\"https:\\\/\\\/lospoliticosveracruz.com\\\/#\\\/schema\\\/person\\\/b8702bb0e538456e6efd07080bf2a4a2\",\"name\":\"Lo viste en Los Pol\u00edticos\",\"image\":{\"@type\":\"ImageObject\",\"inLanguage\":\"es\",\"@id\":\"https:\\\/\\\/secure.gravatar.com\\\/avatar\\\/3a8de04a2656d44082be478bd6c086daa447c4651605818287b9532d3d0bd435?s=96&d=mm&r=g\",\"url\":\"https:\\\/\\\/secure.gravatar.com\\\/avatar\\\/3a8de04a2656d44082be478bd6c086daa447c4651605818287b9532d3d0bd435?s=96&d=mm&r=g\",\"contentUrl\":\"https:\\\/\\\/secure.gravatar.com\\\/avatar\\\/3a8de04a2656d44082be478bd6c086daa447c4651605818287b9532d3d0bd435?s=96&d=mm&r=g\",\"caption\":\"Lo viste en Los Pol\u00edticos\"},\"url\":\"https:\\\/\\\/lospoliticosveracruz.com\\\/?author=2\"}]}<\/script>\n<!-- \/ Yoast SEO plugin. -->","yoast_head_json":{"title":"Las mejores ciudades para vivir - Los pol\u00edticos Veracruz","robots":{"index":"index","follow":"follow","max-snippet":"max-snippet:-1","max-image-preview":"max-image-preview:large","max-video-preview":"max-video-preview:-1"},"canonical":"https:\/\/lospoliticosveracruz.com\/?p=17816","og_locale":"es_ES","og_type":"article","og_title":"Las mejores ciudades para vivir - Los pol\u00edticos Veracruz","og_description":"Luis Alberto Romero Hora Cero El Gabinete de Comunicaci\u00f3n Estrat\u00e9gica, de Li\u00e9bano S\u00e1enz y Federico Berrueto, difundi\u00f3 los resultados de una encuesta para determinar qu\u00e9 ciudades son m\u00e1s habitables en nuestro pa\u00eds; fueron incluidas 60, y 16 delegaciones del Distrito Federal. Se trata de un ejercicio que comenz\u00f3 en 2012, y al que han dado [&hellip;]","og_url":"https:\/\/lospoliticosveracruz.com\/?p=17816","og_site_name":"Los pol\u00edticos Veracruz","article_publisher":"https:\/\/www.facebook.com\/people\/Notimemes-de-los-Polticos\/61565672886568\/","article_published_time":"2015-09-15T03:02:08+00:00","og_image":[{"url":"http:\/\/www.lospoliticosveracruz.com.mx\/wp-content\/uploads\/2015\/01\/Xalapa-284x300.jpeg","type":"","width":"","height":""}],"author":"Lo viste en Los Pol\u00edticos","twitter_card":"summary_large_image","twitter_creator":"@LosPoliticosVer","twitter_site":"@LosPoliticosVer","twitter_misc":{"Escrito por":"Lo viste en Los Pol\u00edticos","Tiempo de lectura":"5 minutos"},"schema":{"@context":"https:\/\/schema.org","@graph":[{"@type":"Article","@id":"https:\/\/lospoliticosveracruz.com\/?p=17816#article","isPartOf":{"@id":"https:\/\/lospoliticosveracruz.com\/?p=17816"},"author":{"name":"Lo viste en Los Pol\u00edticos","@id":"https:\/\/lospoliticosveracruz.com\/#\/schema\/person\/b8702bb0e538456e6efd07080bf2a4a2"},"headline":"Las mejores ciudades para vivir","datePublished":"2015-09-15T03:02:08+00:00","mainEntityOfPage":{"@id":"https:\/\/lospoliticosveracruz.com\/?p=17816"},"wordCount":1009,"commentCount":0,"publisher":{"@id":"https:\/\/lospoliticosveracruz.com\/#organization"},"image":{"@id":"https:\/\/lospoliticosveracruz.com\/?p=17816#primaryimage"},"thumbnailUrl":"http:\/\/www.lospoliticosveracruz.com.mx\/wp-content\/uploads\/2015\/01\/Xalapa-284x300.jpeg","keywords":["Am\u00e9rico Z\u00fa\u00f1iga Mart\u00ednez","Li\u00e9bano S\u00e1enz","Ram\u00f3n Poo Gil","Veracruz","Xalapa"],"inLanguage":"es","potentialAction":[{"@type":"CommentAction","name":"Comment","target":["https:\/\/lospoliticosveracruz.com\/?p=17816#respond"]}]},{"@type":"WebPage","@id":"https:\/\/lospoliticosveracruz.com\/?p=17816","url":"https:\/\/lospoliticosveracruz.com\/?p=17816","name":"Las mejores ciudades para vivir - Los pol\u00edticos Veracruz","isPartOf":{"@id":"https:\/\/lospoliticosveracruz.com\/#website"},"primaryImageOfPage":{"@id":"https:\/\/lospoliticosveracruz.com\/?p=17816#primaryimage"},"image":{"@id":"https:\/\/lospoliticosveracruz.com\/?p=17816#primaryimage"},"thumbnailUrl":"http:\/\/www.lospoliticosveracruz.com.mx\/wp-content\/uploads\/2015\/01\/Xalapa-284x300.jpeg","datePublished":"2015-09-15T03:02:08+00:00","breadcrumb":{"@id":"https:\/\/lospoliticosveracruz.com\/?p=17816#breadcrumb"},"inLanguage":"es","potentialAction":[{"@type":"ReadAction","target":["https:\/\/lospoliticosveracruz.com\/?p=17816"]}]},{"@type":"ImageObject","inLanguage":"es","@id":"https:\/\/lospoliticosveracruz.com\/?p=17816#primaryimage","url":"http:\/\/www.lospoliticosveracruz.com.mx\/wp-content\/uploads\/2015\/01\/Xalapa-284x300.jpeg","contentUrl":"http:\/\/www.lospoliticosveracruz.com.mx\/wp-content\/uploads\/2015\/01\/Xalapa-284x300.jpeg"},{"@type":"BreadcrumbList","@id":"https:\/\/lospoliticosveracruz.com\/?p=17816#breadcrumb","itemListElement":[{"@type":"ListItem","position":1,"name":"Portada","item":"https:\/\/lospoliticosveracruz.com\/"},{"@type":"ListItem","position":2,"name":"Las mejores ciudades para vivir"}]},{"@type":"WebSite","@id":"https:\/\/lospoliticosveracruz.com\/#website","url":"https:\/\/lospoliticosveracruz.com\/","name":"Los pol\u00edticos Veracruz","description":"","publisher":{"@id":"https:\/\/lospoliticosveracruz.com\/#organization"},"potentialAction":[{"@type":"SearchAction","target":{"@type":"EntryPoint","urlTemplate":"https:\/\/lospoliticosveracruz.com\/?s={search_term_string}"},"query-input":{"@type":"PropertyValueSpecification","valueRequired":true,"valueName":"search_term_string"}}],"inLanguage":"es"},{"@type":"Organization","@id":"https:\/\/lospoliticosveracruz.com\/#organization","name":"Los pol\u00edticos Veracruz","url":"https:\/\/lospoliticosveracruz.com\/","logo":{"@type":"ImageObject","inLanguage":"es","@id":"https:\/\/lospoliticosveracruz.com\/#\/schema\/logo\/image\/","url":"https:\/\/lospoliticosveracruz.com\/wp-content\/uploads\/2025\/12\/Logo-Nuevo-LOS-POLITICOS-1.jpg","contentUrl":"https:\/\/lospoliticosveracruz.com\/wp-content\/uploads\/2025\/12\/Logo-Nuevo-LOS-POLITICOS-1.jpg","width":260,"height":70,"caption":"Los pol\u00edticos Veracruz"},"image":{"@id":"https:\/\/lospoliticosveracruz.com\/#\/schema\/logo\/image\/"},"sameAs":["https:\/\/www.facebook.com\/people\/Notimemes-de-los-Polticos\/61565672886568\/","https:\/\/x.com\/LosPoliticosVer"]},{"@type":"Person","@id":"https:\/\/lospoliticosveracruz.com\/#\/schema\/person\/b8702bb0e538456e6efd07080bf2a4a2","name":"Lo viste en Los Pol\u00edticos","image":{"@type":"ImageObject","inLanguage":"es","@id":"https:\/\/secure.gravatar.com\/avatar\/3a8de04a2656d44082be478bd6c086daa447c4651605818287b9532d3d0bd435?s=96&d=mm&r=g","url":"https:\/\/secure.gravatar.com\/avatar\/3a8de04a2656d44082be478bd6c086daa447c4651605818287b9532d3d0bd435?s=96&d=mm&r=g","contentUrl":"https:\/\/secure.gravatar.com\/avatar\/3a8de04a2656d44082be478bd6c086daa447c4651605818287b9532d3d0bd435?s=96&d=mm&r=g","caption":"Lo viste en Los Pol\u00edticos"},"url":"https:\/\/lospoliticosveracruz.com\/?author=2"}]}},"_links":{"self":[{"href":"https:\/\/lospoliticosveracruz.com\/index.php?rest_route=\/wp\/v2\/posts\/17816","targetHints":{"allow":["GET"]}}],"collection":[{"href":"https:\/\/lospoliticosveracruz.com\/index.php?rest_route=\/wp\/v2\/posts"}],"about":[{"href":"https:\/\/lospoliticosveracruz.com\/index.php?rest_route=\/wp\/v2\/types\/post"}],"author":[{"embeddable":true,"href":"https:\/\/lospoliticosveracruz.com\/index.php?rest_route=\/wp\/v2\/users\/2"}],"replies":[{"embeddable":true,"href":"https:\/\/lospoliticosveracruz.com\/index.php?rest_route=%2Fwp%2Fv2%2Fcomments&post=17816"}],"version-history":[{"count":1,"href":"https:\/\/lospoliticosveracruz.com\/index.php?rest_route=\/wp\/v2\/posts\/17816\/revisions"}],"predecessor-version":[{"id":17817,"href":"https:\/\/lospoliticosveracruz.com\/index.php?rest_route=\/wp\/v2\/posts\/17816\/revisions\/17817"}],"wp:attachment":[{"href":"https:\/\/lospoliticosveracruz.com\/index.php?rest_route=%2Fwp%2Fv2%2Fmedia&parent=17816"}],"wp:term":[{"taxonomy":"category","embeddable":true,"href":"https:\/\/lospoliticosveracruz.com\/index.php?rest_route=%2Fwp%2Fv2%2Fcategories&post=17816"},{"taxonomy":"post_tag","embeddable":true,"href":"https:\/\/lospoliticosveracruz.com\/index.php?rest_route=%2Fwp%2Fv2%2Ftags&post=17816"}],"curies":[{"name":"wp","href":"https:\/\/api.w.org\/{rel}","templated":true}]}}