{"id":17818,"date":"2015-09-14T22:09:15","date_gmt":"2015-09-15T03:09:15","guid":{"rendered":"http:\/\/www.lospoliticosveracruz.com.mx\/?p=17818"},"modified":"2015-09-14T22:09:15","modified_gmt":"2015-09-15T03:09:15","slug":"house-of-cards-en-su-mesa","status":"publish","type":"post","link":"https:\/\/lospoliticosveracruz.com\/?p=17818","title":{"rendered":"House of Cards \u00a1en su mesa!"},"content":{"rendered":"<p><a href=\"http:\/\/www.lospoliticosveracruz.com.mx\/wp-content\/uploads\/2015\/09\/Francis-Underwood.png\"><img loading=\"lazy\" decoding=\"async\" class=\"alignnone size-medium wp-image-17819\" src=\"http:\/\/www.lospoliticosveracruz.com.mx\/wp-content\/uploads\/2015\/09\/Francis-Underwood-300x217.png\" alt=\"Francis Underwood\" width=\"300\" height=\"217\" \/><\/a><br \/>\n<strong>Salvador Mu\u00f1oz<\/strong><\/p>\n<p><em>Los Pol\u00edticos\u00a0<\/em><\/p>\n<p>Si usted conoce la serie \u201cHouse of Cards\u201d, donde su protagonista \u201cFrancis J. Underwood\u201d devora unas ricas costillas de cerdo preparadas por \u201cFreddy\u201d, \u00bfadivine qu\u00e9? dicho platillo ya lo preparan en Cinco Palos, municipio de Coatepec\u2026<br \/>\nBueno, realmente no son las costillas de \u201cFreddy\u201d, personaje de esa famosa serie, pero estoy seguro que cuando las pruebe, ha de decir igual que yo, cuando la primera vez que las prob\u00e9 con un grupo de amigos y con Erik Porres: \u201c\u00a1\u00c9stas son las que come Francis Underwood!\u201d<br \/>\nEl restaurante se especializa en cortes de carnes (por eso se llama \u201cLos Cortes\u201d), pero si usted va por las costillas de cerdo, debe pedir por tel\u00e9fono, con dos horas de anticipaci\u00f3n, que se las vayan preparando, porque eso es lo que tardan en ponerlas en su mesa\u2026 \u00a1pero vale la pena!<br \/>\nUsted se ha de preguntar, \u00bfpor qu\u00e9 el promocional a \u201cLos Cortes\u201d? por una sencilla raz\u00f3n: sus meseros.<br \/>\nUno ve sus rostros, sus ojos\u2026 hay una nobleza y sencillez en ellos que compaginan con esmero, dedicaci\u00f3n, atenci\u00f3n y excelente servicio. Cuando pregunto a uno, luego a otro y a una tercera, me dicen que ellos son \u00a1de Cinco Palos!<br \/>\nEfectivamente, Jos\u00e9 Luis Gonz\u00e1lez y sociedad, los due\u00f1os del restaurante, contrataron a gente de la localidad, pero no s\u00f3lo eso, les han dado capacitaci\u00f3n. \u00a1Excelente decisi\u00f3n empresarial que motiva a los j\u00f3venes a crecer! Se lo dice alguien que su primer trabajo fue en un restaurante.<br \/>\n\u00a1Ah! Y si se pregunta qui\u00e9n es Jos\u00e9 Luis, era el chef de \u201cEl Cacharrito\u201d, all\u00e1 en el Puerto\u2026<br \/>\nDesconozco las razones por las que haya decidido dejar ese restaurante, pero lo agradezco\u2026 porque mientras espero que me bajen los triglic\u00e9ridos, en la primera oportunidad que tenga, \u00a1voy por mis costillas! por supuesto, rematando con un delicioso helado de menta con Amaretto o unos platanitos fritos\u2026 \u00a1ah! y si piensa en el bolsillo, es sumamente econ\u00f3mico y bien atendido por los chavos de Cinco Palos. Le insisto: Si va por las costillas, hable con dos horas de anticipaci\u00f3n&#8230; est\u00e1n en Facebook.<br \/>\n\u00bfY qu\u00e9 cree? Si Los Cortes tienen las costillas de \u201cHouse of Cards\u201d, \u00a1en \u201cLa Playita\u201d tienen a Freddy! Bueno, un \u201cFreddy\u201d versi\u00f3n xalape\u00f1a\u2026 \u00bfo tapat\u00edo?<br \/>\nBueno, d\u00e9jeme decirle que cuando se dio a conocer que Arturo Zorrilla Casta\u00f1eda iba a ser el director del Grupo Metropolitano de Agua y Saneamiento (MAS) en el Puerto, muchos pensaron que iba a jalar a Cristo Pantoja L\u00f3pez, con quien trabaj\u00f3 en CMAS de Xalapa, pero no\u2026 Cristo se qued\u00f3 en la Atenas Veracruzana pero hizo una jugada maestra: \u00a1se trajo un pedazo del Puerto y que pone un restaurante!: La Playita.<br \/>\nVa para cuatro meses que Cristo Pantoja dej\u00f3 de laborar en el Ayuntamiento que preside Am\u00e9rico Z\u00fa\u00f1iga y va para tres semanas que decidi\u00f3 incursionar junto con Fabi\u00e1n, su hermano, en el arte culinario.<br \/>\nLa Playita lleva tiempo en Paseo de los Fresnos 107, Indeco Animas. All\u00ed acud\u00eda Cristo Pantoja a echarse un coctelito o un taco de camar\u00f3n, pero un d\u00eda, lo encontr\u00f3 cerrado\u2026 otro d\u00eda, igual\u2026 hasta que vio a sus propietarios y le dijeron que traspasaban el local y sin m\u00e1s, se aventur\u00f3 al negocio gastron\u00f3mico. Pidi\u00f3 las recetas, vio su preparaci\u00f3n, conoci\u00f3 sus ingredientes, porque, aunque no lo crea, este ex servidor p\u00fablico es conocido por su buen saz\u00f3n en la cocina. Pero lo chistoso es que el cocinero es el \u201cFreddy xalape\u00f1o\u201d, su hermano Fabi\u00e1n (se parece al personaje de House of Cards pero en chaparrito y m\u00e1s claro), quien de inmediato se meti\u00f3 a la cocina \u00bfy qu\u00e9 creen? descubrimos que perdi\u00f3 tiempo estudiando Ciencias de la Comunicaci\u00f3n porque los Tacos de Camar\u00f3n \u00a1no tienen verg\u00fcenza! as\u00ed como sus Aguachiles, tostadas de ceviche y para los cl\u00e1sicos, tambi\u00e9n est\u00e1n los tradicionales cocteles de camar\u00f3n, osti\u00f3n y pulpo.<br \/>\nEs posible que Am\u00e9rico Z\u00fa\u00f1iga haya perdido un funcionario, pero cr\u00e9ame, los tragones ganamos un lugar selecto, tranquilo, de buen humor con \u201cLa Playita\u201d y en particular, con su especialidad: los tacos de Camar\u00f3n atendidos personalmente por los hermanos Pantoja\u2026<br \/>\nHouse of Cards, con \u201cLos Cortes\u201d y \u201cLa Playita\u201d, \u00a1lleg\u00f3 a nuestra mesa!<\/p>\n<p>smcainito@gmail.com<\/p>\n","protected":false},"excerpt":{"rendered":"<p>Salvador Mu\u00f1oz Los Pol\u00edticos\u00a0 Si usted conoce la serie \u201cHouse of Cards\u201d, donde su protagonista \u201cFrancis J. Underwood\u201d devora unas ricas costillas de cerdo preparadas por \u201cFreddy\u201d, \u00bfadivine qu\u00e9? dicho platillo ya lo preparan en Cinco Palos, municipio de Coatepec\u2026 Bueno, realmente no son las costillas de \u201cFreddy\u201d, personaje de esa famosa serie, pero estoy [&hellip;]<\/p>\n","protected":false},"author":2,"featured_media":0,"comment_status":"open","ping_status":"open","sticky":false,"template":"","format":"standard","meta":{"tdm_status":"","tdm_grid_status":"","footnotes":""},"categories":[70],"tags":[483,3423,285,3422,3421,3420],"class_list":{"0":"post-17818","1":"post","2":"type-post","3":"status-publish","4":"format-standard","6":"category-de-opinion","7":"tag-americo-zuniga","8":"tag-cristo-pantoja","9":"tag-house-of-cards","10":"tag-jose-luis-gonzalez","11":"tag-la-playita","12":"tag-los-cortes"},"yoast_head":"<!-- This site is optimized with the Yoast SEO plugin v27.4 - https:\/\/yoast.com\/product\/yoast-seo-wordpress\/ -->\n<title>House of Cards \u00a1en su mesa! - Los pol\u00edticos Veracruz<\/title>\n<meta name=\"robots\" content=\"index, follow, max-snippet:-1, max-image-preview:large, max-video-preview:-1\" \/>\n<link rel=\"canonical\" href=\"https:\/\/lospoliticosveracruz.com\/?p=17818\" \/>\n<meta property=\"og:locale\" content=\"es_ES\" \/>\n<meta property=\"og:type\" content=\"article\" \/>\n<meta property=\"og:title\" content=\"House of Cards \u00a1en su mesa! - Los pol\u00edticos Veracruz\" \/>\n<meta property=\"og:description\" content=\"Salvador Mu\u00f1oz Los Pol\u00edticos\u00a0 Si usted conoce la serie \u201cHouse of Cards\u201d, donde su protagonista \u201cFrancis J. Underwood\u201d devora unas ricas costillas de cerdo preparadas por \u201cFreddy\u201d, \u00bfadivine qu\u00e9? dicho platillo ya lo preparan en Cinco Palos, municipio de Coatepec\u2026 Bueno, realmente no son las costillas de \u201cFreddy\u201d, personaje de esa famosa serie, pero estoy [&hellip;]\" \/>\n<meta property=\"og:url\" content=\"https:\/\/lospoliticosveracruz.com\/?p=17818\" \/>\n<meta property=\"og:site_name\" content=\"Los pol\u00edticos Veracruz\" \/>\n<meta property=\"article:publisher\" content=\"https:\/\/www.facebook.com\/people\/Notimemes-de-los-Polticos\/61565672886568\/\" \/>\n<meta property=\"article:published_time\" content=\"2015-09-15T03:09:15+00:00\" \/>\n<meta property=\"og:image\" content=\"http:\/\/www.lospoliticosveracruz.com.mx\/wp-content\/uploads\/2015\/09\/Francis-Underwood-300x217.png\" \/>\n<meta name=\"author\" content=\"Lo viste en Los Pol\u00edticos\" \/>\n<meta name=\"twitter:card\" content=\"summary_large_image\" \/>\n<meta name=\"twitter:creator\" content=\"@LosPoliticosVer\" \/>\n<meta name=\"twitter:site\" content=\"@LosPoliticosVer\" \/>\n<meta name=\"twitter:label1\" content=\"Escrito por\" \/>\n\t<meta name=\"twitter:data1\" content=\"Lo viste en Los Pol\u00edticos\" \/>\n\t<meta name=\"twitter:label2\" content=\"Tiempo de lectura\" \/>\n\t<meta name=\"twitter:data2\" content=\"4 minutos\" \/>\n<script type=\"application\/ld+json\" class=\"yoast-schema-graph\">{\"@context\":\"https:\\\/\\\/schema.org\",\"@graph\":[{\"@type\":\"Article\",\"@id\":\"https:\\\/\\\/lospoliticosveracruz.com\\\/?p=17818#article\",\"isPartOf\":{\"@id\":\"https:\\\/\\\/lospoliticosveracruz.com\\\/?p=17818\"},\"author\":{\"name\":\"Lo viste en Los Pol\u00edticos\",\"@id\":\"https:\\\/\\\/lospoliticosveracruz.com\\\/#\\\/schema\\\/person\\\/b8702bb0e538456e6efd07080bf2a4a2\"},\"headline\":\"House of Cards \u00a1en su mesa!\",\"datePublished\":\"2015-09-15T03:09:15+00:00\",\"mainEntityOfPage\":{\"@id\":\"https:\\\/\\\/lospoliticosveracruz.com\\\/?p=17818\"},\"wordCount\":751,\"commentCount\":0,\"publisher\":{\"@id\":\"https:\\\/\\\/lospoliticosveracruz.com\\\/#organization\"},\"image\":{\"@id\":\"https:\\\/\\\/lospoliticosveracruz.com\\\/?p=17818#primaryimage\"},\"thumbnailUrl\":\"http:\\\/\\\/www.lospoliticosveracruz.com.mx\\\/wp-content\\\/uploads\\\/2015\\\/09\\\/Francis-Underwood-300x217.png\",\"keywords\":[\"Am\u00e9rico Z\u00fa\u00f1iga\",\"Cristo Pantoja\",\"House of Cards\",\"Jos\u00e9 Luis Gonz\u00e1lez\",\"La Playita\",\"Los Cortes\"],\"articleSection\":[\"De Opini\u00f3n\"],\"inLanguage\":\"es\",\"potentialAction\":[{\"@type\":\"CommentAction\",\"name\":\"Comment\",\"target\":[\"https:\\\/\\\/lospoliticosveracruz.com\\\/?p=17818#respond\"]}]},{\"@type\":\"WebPage\",\"@id\":\"https:\\\/\\\/lospoliticosveracruz.com\\\/?p=17818\",\"url\":\"https:\\\/\\\/lospoliticosveracruz.com\\\/?p=17818\",\"name\":\"House of Cards \u00a1en su mesa! - Los pol\u00edticos Veracruz\",\"isPartOf\":{\"@id\":\"https:\\\/\\\/lospoliticosveracruz.com\\\/#website\"},\"primaryImageOfPage\":{\"@id\":\"https:\\\/\\\/lospoliticosveracruz.com\\\/?p=17818#primaryimage\"},\"image\":{\"@id\":\"https:\\\/\\\/lospoliticosveracruz.com\\\/?p=17818#primaryimage\"},\"thumbnailUrl\":\"http:\\\/\\\/www.lospoliticosveracruz.com.mx\\\/wp-content\\\/uploads\\\/2015\\\/09\\\/Francis-Underwood-300x217.png\",\"datePublished\":\"2015-09-15T03:09:15+00:00\",\"breadcrumb\":{\"@id\":\"https:\\\/\\\/lospoliticosveracruz.com\\\/?p=17818#breadcrumb\"},\"inLanguage\":\"es\",\"potentialAction\":[{\"@type\":\"ReadAction\",\"target\":[\"https:\\\/\\\/lospoliticosveracruz.com\\\/?p=17818\"]}]},{\"@type\":\"ImageObject\",\"inLanguage\":\"es\",\"@id\":\"https:\\\/\\\/lospoliticosveracruz.com\\\/?p=17818#primaryimage\",\"url\":\"http:\\\/\\\/www.lospoliticosveracruz.com.mx\\\/wp-content\\\/uploads\\\/2015\\\/09\\\/Francis-Underwood-300x217.png\",\"contentUrl\":\"http:\\\/\\\/www.lospoliticosveracruz.com.mx\\\/wp-content\\\/uploads\\\/2015\\\/09\\\/Francis-Underwood-300x217.png\"},{\"@type\":\"BreadcrumbList\",\"@id\":\"https:\\\/\\\/lospoliticosveracruz.com\\\/?p=17818#breadcrumb\",\"itemListElement\":[{\"@type\":\"ListItem\",\"position\":1,\"name\":\"Portada\",\"item\":\"https:\\\/\\\/lospoliticosveracruz.com\\\/\"},{\"@type\":\"ListItem\",\"position\":2,\"name\":\"House of Cards \u00a1en su mesa!\"}]},{\"@type\":\"WebSite\",\"@id\":\"https:\\\/\\\/lospoliticosveracruz.com\\\/#website\",\"url\":\"https:\\\/\\\/lospoliticosveracruz.com\\\/\",\"name\":\"Los pol\u00edticos Veracruz\",\"description\":\"\",\"publisher\":{\"@id\":\"https:\\\/\\\/lospoliticosveracruz.com\\\/#organization\"},\"potentialAction\":[{\"@type\":\"SearchAction\",\"target\":{\"@type\":\"EntryPoint\",\"urlTemplate\":\"https:\\\/\\\/lospoliticosveracruz.com\\\/?s={search_term_string}\"},\"query-input\":{\"@type\":\"PropertyValueSpecification\",\"valueRequired\":true,\"valueName\":\"search_term_string\"}}],\"inLanguage\":\"es\"},{\"@type\":\"Organization\",\"@id\":\"https:\\\/\\\/lospoliticosveracruz.com\\\/#organization\",\"name\":\"Los pol\u00edticos Veracruz\",\"url\":\"https:\\\/\\\/lospoliticosveracruz.com\\\/\",\"logo\":{\"@type\":\"ImageObject\",\"inLanguage\":\"es\",\"@id\":\"https:\\\/\\\/lospoliticosveracruz.com\\\/#\\\/schema\\\/logo\\\/image\\\/\",\"url\":\"https:\\\/\\\/lospoliticosveracruz.com\\\/wp-content\\\/uploads\\\/2025\\\/12\\\/Logo-Nuevo-LOS-POLITICOS-1.jpg\",\"contentUrl\":\"https:\\\/\\\/lospoliticosveracruz.com\\\/wp-content\\\/uploads\\\/2025\\\/12\\\/Logo-Nuevo-LOS-POLITICOS-1.jpg\",\"width\":260,\"height\":70,\"caption\":\"Los pol\u00edticos Veracruz\"},\"image\":{\"@id\":\"https:\\\/\\\/lospoliticosveracruz.com\\\/#\\\/schema\\\/logo\\\/image\\\/\"},\"sameAs\":[\"https:\\\/\\\/www.facebook.com\\\/people\\\/Notimemes-de-los-Polticos\\\/61565672886568\\\/\",\"https:\\\/\\\/x.com\\\/LosPoliticosVer\"]},{\"@type\":\"Person\",\"@id\":\"https:\\\/\\\/lospoliticosveracruz.com\\\/#\\\/schema\\\/person\\\/b8702bb0e538456e6efd07080bf2a4a2\",\"name\":\"Lo viste en Los Pol\u00edticos\",\"image\":{\"@type\":\"ImageObject\",\"inLanguage\":\"es\",\"@id\":\"https:\\\/\\\/secure.gravatar.com\\\/avatar\\\/3a8de04a2656d44082be478bd6c086daa447c4651605818287b9532d3d0bd435?s=96&d=mm&r=g\",\"url\":\"https:\\\/\\\/secure.gravatar.com\\\/avatar\\\/3a8de04a2656d44082be478bd6c086daa447c4651605818287b9532d3d0bd435?s=96&d=mm&r=g\",\"contentUrl\":\"https:\\\/\\\/secure.gravatar.com\\\/avatar\\\/3a8de04a2656d44082be478bd6c086daa447c4651605818287b9532d3d0bd435?s=96&d=mm&r=g\",\"caption\":\"Lo viste en Los Pol\u00edticos\"},\"url\":\"https:\\\/\\\/lospoliticosveracruz.com\\\/?author=2\"}]}<\/script>\n<!-- \/ Yoast SEO plugin. -->","yoast_head_json":{"title":"House of Cards \u00a1en su mesa! - Los pol\u00edticos Veracruz","robots":{"index":"index","follow":"follow","max-snippet":"max-snippet:-1","max-image-preview":"max-image-preview:large","max-video-preview":"max-video-preview:-1"},"canonical":"https:\/\/lospoliticosveracruz.com\/?p=17818","og_locale":"es_ES","og_type":"article","og_title":"House of Cards \u00a1en su mesa! - Los pol\u00edticos Veracruz","og_description":"Salvador Mu\u00f1oz Los Pol\u00edticos\u00a0 Si usted conoce la serie \u201cHouse of Cards\u201d, donde su protagonista \u201cFrancis J. Underwood\u201d devora unas ricas costillas de cerdo preparadas por \u201cFreddy\u201d, \u00bfadivine qu\u00e9? dicho platillo ya lo preparan en Cinco Palos, municipio de Coatepec\u2026 Bueno, realmente no son las costillas de \u201cFreddy\u201d, personaje de esa famosa serie, pero estoy [&hellip;]","og_url":"https:\/\/lospoliticosveracruz.com\/?p=17818","og_site_name":"Los pol\u00edticos Veracruz","article_publisher":"https:\/\/www.facebook.com\/people\/Notimemes-de-los-Polticos\/61565672886568\/","article_published_time":"2015-09-15T03:09:15+00:00","og_image":[{"url":"http:\/\/www.lospoliticosveracruz.com.mx\/wp-content\/uploads\/2015\/09\/Francis-Underwood-300x217.png","type":"","width":"","height":""}],"author":"Lo viste en Los Pol\u00edticos","twitter_card":"summary_large_image","twitter_creator":"@LosPoliticosVer","twitter_site":"@LosPoliticosVer","twitter_misc":{"Escrito por":"Lo viste en Los Pol\u00edticos","Tiempo de lectura":"4 minutos"},"schema":{"@context":"https:\/\/schema.org","@graph":[{"@type":"Article","@id":"https:\/\/lospoliticosveracruz.com\/?p=17818#article","isPartOf":{"@id":"https:\/\/lospoliticosveracruz.com\/?p=17818"},"author":{"name":"Lo viste en Los Pol\u00edticos","@id":"https:\/\/lospoliticosveracruz.com\/#\/schema\/person\/b8702bb0e538456e6efd07080bf2a4a2"},"headline":"House of Cards \u00a1en su mesa!","datePublished":"2015-09-15T03:09:15+00:00","mainEntityOfPage":{"@id":"https:\/\/lospoliticosveracruz.com\/?p=17818"},"wordCount":751,"commentCount":0,"publisher":{"@id":"https:\/\/lospoliticosveracruz.com\/#organization"},"image":{"@id":"https:\/\/lospoliticosveracruz.com\/?p=17818#primaryimage"},"thumbnailUrl":"http:\/\/www.lospoliticosveracruz.com.mx\/wp-content\/uploads\/2015\/09\/Francis-Underwood-300x217.png","keywords":["Am\u00e9rico Z\u00fa\u00f1iga","Cristo Pantoja","House of Cards","Jos\u00e9 Luis Gonz\u00e1lez","La Playita","Los Cortes"],"articleSection":["De Opini\u00f3n"],"inLanguage":"es","potentialAction":[{"@type":"CommentAction","name":"Comment","target":["https:\/\/lospoliticosveracruz.com\/?p=17818#respond"]}]},{"@type":"WebPage","@id":"https:\/\/lospoliticosveracruz.com\/?p=17818","url":"https:\/\/lospoliticosveracruz.com\/?p=17818","name":"House of Cards \u00a1en su mesa! - Los pol\u00edticos Veracruz","isPartOf":{"@id":"https:\/\/lospoliticosveracruz.com\/#website"},"primaryImageOfPage":{"@id":"https:\/\/lospoliticosveracruz.com\/?p=17818#primaryimage"},"image":{"@id":"https:\/\/lospoliticosveracruz.com\/?p=17818#primaryimage"},"thumbnailUrl":"http:\/\/www.lospoliticosveracruz.com.mx\/wp-content\/uploads\/2015\/09\/Francis-Underwood-300x217.png","datePublished":"2015-09-15T03:09:15+00:00","breadcrumb":{"@id":"https:\/\/lospoliticosveracruz.com\/?p=17818#breadcrumb"},"inLanguage":"es","potentialAction":[{"@type":"ReadAction","target":["https:\/\/lospoliticosveracruz.com\/?p=17818"]}]},{"@type":"ImageObject","inLanguage":"es","@id":"https:\/\/lospoliticosveracruz.com\/?p=17818#primaryimage","url":"http:\/\/www.lospoliticosveracruz.com.mx\/wp-content\/uploads\/2015\/09\/Francis-Underwood-300x217.png","contentUrl":"http:\/\/www.lospoliticosveracruz.com.mx\/wp-content\/uploads\/2015\/09\/Francis-Underwood-300x217.png"},{"@type":"BreadcrumbList","@id":"https:\/\/lospoliticosveracruz.com\/?p=17818#breadcrumb","itemListElement":[{"@type":"ListItem","position":1,"name":"Portada","item":"https:\/\/lospoliticosveracruz.com\/"},{"@type":"ListItem","position":2,"name":"House of Cards \u00a1en su mesa!"}]},{"@type":"WebSite","@id":"https:\/\/lospoliticosveracruz.com\/#website","url":"https:\/\/lospoliticosveracruz.com\/","name":"Los pol\u00edticos Veracruz","description":"","publisher":{"@id":"https:\/\/lospoliticosveracruz.com\/#organization"},"potentialAction":[{"@type":"SearchAction","target":{"@type":"EntryPoint","urlTemplate":"https:\/\/lospoliticosveracruz.com\/?s={search_term_string}"},"query-input":{"@type":"PropertyValueSpecification","valueRequired":true,"valueName":"search_term_string"}}],"inLanguage":"es"},{"@type":"Organization","@id":"https:\/\/lospoliticosveracruz.com\/#organization","name":"Los pol\u00edticos Veracruz","url":"https:\/\/lospoliticosveracruz.com\/","logo":{"@type":"ImageObject","inLanguage":"es","@id":"https:\/\/lospoliticosveracruz.com\/#\/schema\/logo\/image\/","url":"https:\/\/lospoliticosveracruz.com\/wp-content\/uploads\/2025\/12\/Logo-Nuevo-LOS-POLITICOS-1.jpg","contentUrl":"https:\/\/lospoliticosveracruz.com\/wp-content\/uploads\/2025\/12\/Logo-Nuevo-LOS-POLITICOS-1.jpg","width":260,"height":70,"caption":"Los pol\u00edticos Veracruz"},"image":{"@id":"https:\/\/lospoliticosveracruz.com\/#\/schema\/logo\/image\/"},"sameAs":["https:\/\/www.facebook.com\/people\/Notimemes-de-los-Polticos\/61565672886568\/","https:\/\/x.com\/LosPoliticosVer"]},{"@type":"Person","@id":"https:\/\/lospoliticosveracruz.com\/#\/schema\/person\/b8702bb0e538456e6efd07080bf2a4a2","name":"Lo viste en Los Pol\u00edticos","image":{"@type":"ImageObject","inLanguage":"es","@id":"https:\/\/secure.gravatar.com\/avatar\/3a8de04a2656d44082be478bd6c086daa447c4651605818287b9532d3d0bd435?s=96&d=mm&r=g","url":"https:\/\/secure.gravatar.com\/avatar\/3a8de04a2656d44082be478bd6c086daa447c4651605818287b9532d3d0bd435?s=96&d=mm&r=g","contentUrl":"https:\/\/secure.gravatar.com\/avatar\/3a8de04a2656d44082be478bd6c086daa447c4651605818287b9532d3d0bd435?s=96&d=mm&r=g","caption":"Lo viste en Los Pol\u00edticos"},"url":"https:\/\/lospoliticosveracruz.com\/?author=2"}]}},"_links":{"self":[{"href":"https:\/\/lospoliticosveracruz.com\/index.php?rest_route=\/wp\/v2\/posts\/17818","targetHints":{"allow":["GET"]}}],"collection":[{"href":"https:\/\/lospoliticosveracruz.com\/index.php?rest_route=\/wp\/v2\/posts"}],"about":[{"href":"https:\/\/lospoliticosveracruz.com\/index.php?rest_route=\/wp\/v2\/types\/post"}],"author":[{"embeddable":true,"href":"https:\/\/lospoliticosveracruz.com\/index.php?rest_route=\/wp\/v2\/users\/2"}],"replies":[{"embeddable":true,"href":"https:\/\/lospoliticosveracruz.com\/index.php?rest_route=%2Fwp%2Fv2%2Fcomments&post=17818"}],"version-history":[{"count":1,"href":"https:\/\/lospoliticosveracruz.com\/index.php?rest_route=\/wp\/v2\/posts\/17818\/revisions"}],"predecessor-version":[{"id":17820,"href":"https:\/\/lospoliticosveracruz.com\/index.php?rest_route=\/wp\/v2\/posts\/17818\/revisions\/17820"}],"wp:attachment":[{"href":"https:\/\/lospoliticosveracruz.com\/index.php?rest_route=%2Fwp%2Fv2%2Fmedia&parent=17818"}],"wp:term":[{"taxonomy":"category","embeddable":true,"href":"https:\/\/lospoliticosveracruz.com\/index.php?rest_route=%2Fwp%2Fv2%2Fcategories&post=17818"},{"taxonomy":"post_tag","embeddable":true,"href":"https:\/\/lospoliticosveracruz.com\/index.php?rest_route=%2Fwp%2Fv2%2Ftags&post=17818"}],"curies":[{"name":"wp","href":"https:\/\/api.w.org\/{rel}","templated":true}]}}