{"id":17829,"date":"2015-09-15T23:34:10","date_gmt":"2015-09-16T04:34:10","guid":{"rendered":"http:\/\/www.lospoliticosveracruz.com.mx\/el-grito-3\/"},"modified":"2015-09-15T23:34:10","modified_gmt":"2015-09-16T04:34:10","slug":"el-grito-3","status":"publish","type":"post","link":"https:\/\/lospoliticosveracruz.com\/?p=17829","title":{"rendered":"El grito"},"content":{"rendered":"<p><a href=\"http:\/\/www.lospoliticosveracruz.com.mx\/wp-content\/uploads\/2015\/09\/Grito.jpg\"><img loading=\"lazy\" decoding=\"async\" class=\"alignnone size-medium wp-image-17830\" src=\"http:\/\/www.lospoliticosveracruz.com.mx\/wp-content\/uploads\/2015\/09\/Grito-300x170.jpg\" alt=\"Grito\" width=\"300\" height=\"170\" \/><\/a><br \/>\n<strong>Salvador Mu\u00f1oz<\/strong><\/p>\n<p><em>Los Pol\u00edticos<\/em><\/p>\n<p>\u00a1Chiste cruel, chiste cruel! Que la \u00fanica que no pudo dar el grito fue la chica del \u201cCapezzio\u201d&#8230; quien lo entendi\u00f3, lo entendi\u00f3.<br \/>\nLo que no entiendo es que ahora, el gobernador pegue el Grito en el cielo, saque a relucir su membres\u00eda (nada que ver con el otro \u201cmiembro\u201d) de la Vela Perpetua y pida investigar la situaci\u00f3n legal de dicho antro\u2026 por lo mientras, el justiciero Ram\u00f3n Poo Gil ya les cerr\u00f3 la boca a muchos indignados por la muchacha de \u201cCapezzio\u201d cerrando dicho negocio, aunque, lamentablemente, fue demasiado tarde, porque a ella se la cerraron mucho antes.<br \/>\nPara ponernos en antecedentes: Circul\u00f3 en las redes un video (yo vi la foto) de una joven haciendo una felaci\u00f3n a algo que aparenta ser un \u201cstriper espont\u00e1neo\u201d. El lugar, un antro llamado \u201cCapezzio\u201d, en el puerto de Veracruz. Tras la exhibici\u00f3n de dicho video, para estar a tonos con el Grito de Independencia, que se la hacen de \u201cPedro Fern\u00e1ndez\u201d al due\u00f1o del negocio, seg\u00fan gargantas profundas\u2026 digo, tambi\u00e9n para estar a tono\u2026<br \/>\nPor cierto, hablando de Pedro Fern\u00e1ndez, le toc\u00f3 amenizar el grito, aunque otros antes amenazaron con dar el grito si no les pagan este viernes que viene.<br \/>\nRealmente el Grito de Independencia qued\u00f3 desfasado cuando hace un mes o un poco m\u00e1s, quien peg\u00f3 ese grito fue Gerardo Buganza\u2026 y le aplicaron la de Hidalgo\u2026 \u00a1no! no me refiero al famoso \u201cA\u00f1o de Hidalgo\u201d, sino que le cortaron la cabeza por pegar un grito pero de Independiente.<br \/>\nNo fui al Grito\u2026 pero me imagino que Pedro Fern\u00e1ndez ha de haberle puesto sabor a la noche fr\u00eda y h\u00fameda que se sinti\u00f3 anoche en Xalapa con algunas canciones de \u00e9sas que hacen vibrar a la gente\u2026<br \/>\n\u00bfSe imagina a los panistas cantando al ritmo de \u201cLa de la mochila azul\u201d? S\u00ed, por eso de que ya se hicieron famosos por los moches\u2026<br \/>\n\u00bfO a Cuitl\u00e1huac Garc\u00eda, quien anda como totol, todo esponjado, despu\u00e9s de que el Peje lo candidateara para la sucesi\u00f3n gubernamental este 2016? \u00bfQue cu\u00e1l cantar\u00eda? \u00a1Pues \u201cB\u00e9same Morenita\u201d!<br \/>\n\u00bfT\u00edo Fide cu\u00e1l creen que cantar\u00eda al ritmo de Fern\u00e1ndez? \u00a1Pues la del Aventurero!, con eso de que le gustan las altas y las chaparritas; las flacas y gordas y las chiquititas; solteras<br \/>\ny viudas y divorciaditas; le encantan las chatas de caras bonitas\u2026<br \/>\n\u00bfY nuestro Gober Javier Duarte de Ochoa? \u00a1Pues \u201cYo no fui\u201d!: Si te vienen a contar cositas malas de mi \/ manda todos a volar y diles que yo no fui \/\/ Yo te aseguro que yo no fui \/ son puros cuentos de por ahi \/ t\u00fa me tienes que creer a m\u00ed \/ yo te lo juro que yo no fui&#8230;<br \/>\nLa verdad, no ten\u00eda ganas de ir al Grito\u2026 es m\u00e1s, no me gusta\u2026 a lo largo de este a\u00f1o, como que un grito m\u00e1s en la Plaza Lerdo que mamonamente muchos llaman \u201cRegina\u201d, \u00a1ya ser\u00eda mucho!<br \/>\n(Regina Mart\u00ednez los mandar\u00eda a chiflar a la loma a quienes pretenden \u201crendirle homenaje\u201d de ese modo)<br \/>\nTuvimos gritos de reporteros, fot\u00f3grafos, maestros, taxistas, pensionados, pi\u00f1eros, 400 Pueblos\u2026 \u00bfy todav\u00eda escuchar gritar al Gober? \u00bfen serio?<br \/>\nSinceramente, el \u00fanico grito que esperamos muchos mexicanos, debe ser el del pinche chamaco de la Loter\u00eda vociferando nuestro n\u00famero de \u201ccachito\u201d, s\u00ed, \u201ccachito\u201d porque ya no alcanza para una serie y maldita la suerte, ese grito nunca llega.<\/p>\n<p>smcainito@gmail.com<\/p>\n","protected":false},"excerpt":{"rendered":"<p>Salvador Mu\u00f1oz Los Pol\u00edticos \u00a1Chiste cruel, chiste cruel! Que la \u00fanica que no pudo dar el grito fue la chica del \u201cCapezzio\u201d&#8230; quien lo entendi\u00f3, lo entendi\u00f3. Lo que no entiendo es que ahora, el gobernador pegue el Grito en el cielo, saque a relucir su membres\u00eda (nada que ver con el otro \u201cmiembro\u201d) de [&hellip;]<\/p>\n","protected":false},"author":2,"featured_media":0,"comment_status":"open","ping_status":"open","sticky":false,"template":"","format":"standard","meta":{"tdm_status":"","tdm_grid_status":"","footnotes":""},"categories":[70],"tags":[3427,79,260,3428,3419,195],"class_list":{"0":"post-17829","1":"post","2":"type-post","3":"status-publish","4":"format-standard","6":"category-de-opinion","7":"tag-capezzio","8":"tag-fidel-herrera","9":"tag-javier-duarte-de-ochoa","10":"tag-pedro-fernandez","11":"tag-ramon-poo-gil","12":"tag-veracruz"},"yoast_head":"<!-- This site is optimized with the Yoast SEO plugin v27.4 - https:\/\/yoast.com\/product\/yoast-seo-wordpress\/ -->\n<title>El grito - Los pol\u00edticos Veracruz<\/title>\n<meta name=\"robots\" content=\"index, follow, max-snippet:-1, max-image-preview:large, max-video-preview:-1\" \/>\n<link rel=\"canonical\" href=\"https:\/\/lospoliticosveracruz.com\/?p=17829\" \/>\n<meta property=\"og:locale\" content=\"es_ES\" \/>\n<meta property=\"og:type\" content=\"article\" \/>\n<meta property=\"og:title\" content=\"El grito - Los pol\u00edticos Veracruz\" \/>\n<meta property=\"og:description\" content=\"Salvador Mu\u00f1oz Los Pol\u00edticos \u00a1Chiste cruel, chiste cruel! Que la \u00fanica que no pudo dar el grito fue la chica del \u201cCapezzio\u201d&#8230; quien lo entendi\u00f3, lo entendi\u00f3. Lo que no entiendo es que ahora, el gobernador pegue el Grito en el cielo, saque a relucir su membres\u00eda (nada que ver con el otro \u201cmiembro\u201d) de [&hellip;]\" \/>\n<meta property=\"og:url\" content=\"https:\/\/lospoliticosveracruz.com\/?p=17829\" \/>\n<meta property=\"og:site_name\" content=\"Los pol\u00edticos Veracruz\" \/>\n<meta property=\"article:publisher\" content=\"https:\/\/www.facebook.com\/people\/Notimemes-de-los-Polticos\/61565672886568\/\" \/>\n<meta property=\"article:published_time\" content=\"2015-09-16T04:34:10+00:00\" \/>\n<meta property=\"og:image\" content=\"http:\/\/www.lospoliticosveracruz.com.mx\/wp-content\/uploads\/2015\/09\/Grito-300x170.jpg\" \/>\n<meta name=\"author\" content=\"Lo viste en Los Pol\u00edticos\" \/>\n<meta name=\"twitter:card\" content=\"summary_large_image\" \/>\n<meta name=\"twitter:creator\" content=\"@LosPoliticosVer\" \/>\n<meta name=\"twitter:site\" content=\"@LosPoliticosVer\" \/>\n<meta name=\"twitter:label1\" content=\"Escrito por\" \/>\n\t<meta name=\"twitter:data1\" content=\"Lo viste en Los Pol\u00edticos\" \/>\n\t<meta name=\"twitter:label2\" content=\"Tiempo de lectura\" \/>\n\t<meta name=\"twitter:data2\" content=\"3 minutos\" \/>\n<script type=\"application\/ld+json\" class=\"yoast-schema-graph\">{\"@context\":\"https:\\\/\\\/schema.org\",\"@graph\":[{\"@type\":\"Article\",\"@id\":\"https:\\\/\\\/lospoliticosveracruz.com\\\/?p=17829#article\",\"isPartOf\":{\"@id\":\"https:\\\/\\\/lospoliticosveracruz.com\\\/?p=17829\"},\"author\":{\"name\":\"Lo viste en Los Pol\u00edticos\",\"@id\":\"https:\\\/\\\/lospoliticosveracruz.com\\\/#\\\/schema\\\/person\\\/b8702bb0e538456e6efd07080bf2a4a2\"},\"headline\":\"El grito\",\"datePublished\":\"2015-09-16T04:34:10+00:00\",\"mainEntityOfPage\":{\"@id\":\"https:\\\/\\\/lospoliticosveracruz.com\\\/?p=17829\"},\"wordCount\":606,\"commentCount\":0,\"publisher\":{\"@id\":\"https:\\\/\\\/lospoliticosveracruz.com\\\/#organization\"},\"image\":{\"@id\":\"https:\\\/\\\/lospoliticosveracruz.com\\\/?p=17829#primaryimage\"},\"thumbnailUrl\":\"http:\\\/\\\/www.lospoliticosveracruz.com.mx\\\/wp-content\\\/uploads\\\/2015\\\/09\\\/Grito-300x170.jpg\",\"keywords\":[\"Capezzio\",\"Fidel Herrera\",\"Javier Duarte de Ochoa\",\"Pedro Fern\u00e1ndez\",\"Ram\u00f3n Poo Gil\",\"Veracruz\"],\"articleSection\":[\"De Opini\u00f3n\"],\"inLanguage\":\"es\",\"potentialAction\":[{\"@type\":\"CommentAction\",\"name\":\"Comment\",\"target\":[\"https:\\\/\\\/lospoliticosveracruz.com\\\/?p=17829#respond\"]}]},{\"@type\":\"WebPage\",\"@id\":\"https:\\\/\\\/lospoliticosveracruz.com\\\/?p=17829\",\"url\":\"https:\\\/\\\/lospoliticosveracruz.com\\\/?p=17829\",\"name\":\"El grito - Los pol\u00edticos Veracruz\",\"isPartOf\":{\"@id\":\"https:\\\/\\\/lospoliticosveracruz.com\\\/#website\"},\"primaryImageOfPage\":{\"@id\":\"https:\\\/\\\/lospoliticosveracruz.com\\\/?p=17829#primaryimage\"},\"image\":{\"@id\":\"https:\\\/\\\/lospoliticosveracruz.com\\\/?p=17829#primaryimage\"},\"thumbnailUrl\":\"http:\\\/\\\/www.lospoliticosveracruz.com.mx\\\/wp-content\\\/uploads\\\/2015\\\/09\\\/Grito-300x170.jpg\",\"datePublished\":\"2015-09-16T04:34:10+00:00\",\"breadcrumb\":{\"@id\":\"https:\\\/\\\/lospoliticosveracruz.com\\\/?p=17829#breadcrumb\"},\"inLanguage\":\"es\",\"potentialAction\":[{\"@type\":\"ReadAction\",\"target\":[\"https:\\\/\\\/lospoliticosveracruz.com\\\/?p=17829\"]}]},{\"@type\":\"ImageObject\",\"inLanguage\":\"es\",\"@id\":\"https:\\\/\\\/lospoliticosveracruz.com\\\/?p=17829#primaryimage\",\"url\":\"http:\\\/\\\/www.lospoliticosveracruz.com.mx\\\/wp-content\\\/uploads\\\/2015\\\/09\\\/Grito-300x170.jpg\",\"contentUrl\":\"http:\\\/\\\/www.lospoliticosveracruz.com.mx\\\/wp-content\\\/uploads\\\/2015\\\/09\\\/Grito-300x170.jpg\"},{\"@type\":\"BreadcrumbList\",\"@id\":\"https:\\\/\\\/lospoliticosveracruz.com\\\/?p=17829#breadcrumb\",\"itemListElement\":[{\"@type\":\"ListItem\",\"position\":1,\"name\":\"Portada\",\"item\":\"https:\\\/\\\/lospoliticosveracruz.com\\\/\"},{\"@type\":\"ListItem\",\"position\":2,\"name\":\"El grito\"}]},{\"@type\":\"WebSite\",\"@id\":\"https:\\\/\\\/lospoliticosveracruz.com\\\/#website\",\"url\":\"https:\\\/\\\/lospoliticosveracruz.com\\\/\",\"name\":\"Los pol\u00edticos Veracruz\",\"description\":\"\",\"publisher\":{\"@id\":\"https:\\\/\\\/lospoliticosveracruz.com\\\/#organization\"},\"potentialAction\":[{\"@type\":\"SearchAction\",\"target\":{\"@type\":\"EntryPoint\",\"urlTemplate\":\"https:\\\/\\\/lospoliticosveracruz.com\\\/?s={search_term_string}\"},\"query-input\":{\"@type\":\"PropertyValueSpecification\",\"valueRequired\":true,\"valueName\":\"search_term_string\"}}],\"inLanguage\":\"es\"},{\"@type\":\"Organization\",\"@id\":\"https:\\\/\\\/lospoliticosveracruz.com\\\/#organization\",\"name\":\"Los pol\u00edticos Veracruz\",\"url\":\"https:\\\/\\\/lospoliticosveracruz.com\\\/\",\"logo\":{\"@type\":\"ImageObject\",\"inLanguage\":\"es\",\"@id\":\"https:\\\/\\\/lospoliticosveracruz.com\\\/#\\\/schema\\\/logo\\\/image\\\/\",\"url\":\"https:\\\/\\\/lospoliticosveracruz.com\\\/wp-content\\\/uploads\\\/2025\\\/12\\\/Logo-Nuevo-LOS-POLITICOS-1.jpg\",\"contentUrl\":\"https:\\\/\\\/lospoliticosveracruz.com\\\/wp-content\\\/uploads\\\/2025\\\/12\\\/Logo-Nuevo-LOS-POLITICOS-1.jpg\",\"width\":260,\"height\":70,\"caption\":\"Los pol\u00edticos Veracruz\"},\"image\":{\"@id\":\"https:\\\/\\\/lospoliticosveracruz.com\\\/#\\\/schema\\\/logo\\\/image\\\/\"},\"sameAs\":[\"https:\\\/\\\/www.facebook.com\\\/people\\\/Notimemes-de-los-Polticos\\\/61565672886568\\\/\",\"https:\\\/\\\/x.com\\\/LosPoliticosVer\"]},{\"@type\":\"Person\",\"@id\":\"https:\\\/\\\/lospoliticosveracruz.com\\\/#\\\/schema\\\/person\\\/b8702bb0e538456e6efd07080bf2a4a2\",\"name\":\"Lo viste en Los Pol\u00edticos\",\"image\":{\"@type\":\"ImageObject\",\"inLanguage\":\"es\",\"@id\":\"https:\\\/\\\/secure.gravatar.com\\\/avatar\\\/3a8de04a2656d44082be478bd6c086daa447c4651605818287b9532d3d0bd435?s=96&d=mm&r=g\",\"url\":\"https:\\\/\\\/secure.gravatar.com\\\/avatar\\\/3a8de04a2656d44082be478bd6c086daa447c4651605818287b9532d3d0bd435?s=96&d=mm&r=g\",\"contentUrl\":\"https:\\\/\\\/secure.gravatar.com\\\/avatar\\\/3a8de04a2656d44082be478bd6c086daa447c4651605818287b9532d3d0bd435?s=96&d=mm&r=g\",\"caption\":\"Lo viste en Los Pol\u00edticos\"},\"url\":\"https:\\\/\\\/lospoliticosveracruz.com\\\/?author=2\"}]}<\/script>\n<!-- \/ Yoast SEO plugin. -->","yoast_head_json":{"title":"El grito - Los pol\u00edticos Veracruz","robots":{"index":"index","follow":"follow","max-snippet":"max-snippet:-1","max-image-preview":"max-image-preview:large","max-video-preview":"max-video-preview:-1"},"canonical":"https:\/\/lospoliticosveracruz.com\/?p=17829","og_locale":"es_ES","og_type":"article","og_title":"El grito - Los pol\u00edticos Veracruz","og_description":"Salvador Mu\u00f1oz Los Pol\u00edticos \u00a1Chiste cruel, chiste cruel! Que la \u00fanica que no pudo dar el grito fue la chica del \u201cCapezzio\u201d&#8230; quien lo entendi\u00f3, lo entendi\u00f3. Lo que no entiendo es que ahora, el gobernador pegue el Grito en el cielo, saque a relucir su membres\u00eda (nada que ver con el otro \u201cmiembro\u201d) de [&hellip;]","og_url":"https:\/\/lospoliticosveracruz.com\/?p=17829","og_site_name":"Los pol\u00edticos Veracruz","article_publisher":"https:\/\/www.facebook.com\/people\/Notimemes-de-los-Polticos\/61565672886568\/","article_published_time":"2015-09-16T04:34:10+00:00","og_image":[{"url":"http:\/\/www.lospoliticosveracruz.com.mx\/wp-content\/uploads\/2015\/09\/Grito-300x170.jpg","type":"","width":"","height":""}],"author":"Lo viste en Los Pol\u00edticos","twitter_card":"summary_large_image","twitter_creator":"@LosPoliticosVer","twitter_site":"@LosPoliticosVer","twitter_misc":{"Escrito por":"Lo viste en Los Pol\u00edticos","Tiempo de lectura":"3 minutos"},"schema":{"@context":"https:\/\/schema.org","@graph":[{"@type":"Article","@id":"https:\/\/lospoliticosveracruz.com\/?p=17829#article","isPartOf":{"@id":"https:\/\/lospoliticosveracruz.com\/?p=17829"},"author":{"name":"Lo viste en Los Pol\u00edticos","@id":"https:\/\/lospoliticosveracruz.com\/#\/schema\/person\/b8702bb0e538456e6efd07080bf2a4a2"},"headline":"El grito","datePublished":"2015-09-16T04:34:10+00:00","mainEntityOfPage":{"@id":"https:\/\/lospoliticosveracruz.com\/?p=17829"},"wordCount":606,"commentCount":0,"publisher":{"@id":"https:\/\/lospoliticosveracruz.com\/#organization"},"image":{"@id":"https:\/\/lospoliticosveracruz.com\/?p=17829#primaryimage"},"thumbnailUrl":"http:\/\/www.lospoliticosveracruz.com.mx\/wp-content\/uploads\/2015\/09\/Grito-300x170.jpg","keywords":["Capezzio","Fidel Herrera","Javier Duarte de Ochoa","Pedro Fern\u00e1ndez","Ram\u00f3n Poo Gil","Veracruz"],"articleSection":["De Opini\u00f3n"],"inLanguage":"es","potentialAction":[{"@type":"CommentAction","name":"Comment","target":["https:\/\/lospoliticosveracruz.com\/?p=17829#respond"]}]},{"@type":"WebPage","@id":"https:\/\/lospoliticosveracruz.com\/?p=17829","url":"https:\/\/lospoliticosveracruz.com\/?p=17829","name":"El grito - Los pol\u00edticos Veracruz","isPartOf":{"@id":"https:\/\/lospoliticosveracruz.com\/#website"},"primaryImageOfPage":{"@id":"https:\/\/lospoliticosveracruz.com\/?p=17829#primaryimage"},"image":{"@id":"https:\/\/lospoliticosveracruz.com\/?p=17829#primaryimage"},"thumbnailUrl":"http:\/\/www.lospoliticosveracruz.com.mx\/wp-content\/uploads\/2015\/09\/Grito-300x170.jpg","datePublished":"2015-09-16T04:34:10+00:00","breadcrumb":{"@id":"https:\/\/lospoliticosveracruz.com\/?p=17829#breadcrumb"},"inLanguage":"es","potentialAction":[{"@type":"ReadAction","target":["https:\/\/lospoliticosveracruz.com\/?p=17829"]}]},{"@type":"ImageObject","inLanguage":"es","@id":"https:\/\/lospoliticosveracruz.com\/?p=17829#primaryimage","url":"http:\/\/www.lospoliticosveracruz.com.mx\/wp-content\/uploads\/2015\/09\/Grito-300x170.jpg","contentUrl":"http:\/\/www.lospoliticosveracruz.com.mx\/wp-content\/uploads\/2015\/09\/Grito-300x170.jpg"},{"@type":"BreadcrumbList","@id":"https:\/\/lospoliticosveracruz.com\/?p=17829#breadcrumb","itemListElement":[{"@type":"ListItem","position":1,"name":"Portada","item":"https:\/\/lospoliticosveracruz.com\/"},{"@type":"ListItem","position":2,"name":"El grito"}]},{"@type":"WebSite","@id":"https:\/\/lospoliticosveracruz.com\/#website","url":"https:\/\/lospoliticosveracruz.com\/","name":"Los pol\u00edticos Veracruz","description":"","publisher":{"@id":"https:\/\/lospoliticosveracruz.com\/#organization"},"potentialAction":[{"@type":"SearchAction","target":{"@type":"EntryPoint","urlTemplate":"https:\/\/lospoliticosveracruz.com\/?s={search_term_string}"},"query-input":{"@type":"PropertyValueSpecification","valueRequired":true,"valueName":"search_term_string"}}],"inLanguage":"es"},{"@type":"Organization","@id":"https:\/\/lospoliticosveracruz.com\/#organization","name":"Los pol\u00edticos Veracruz","url":"https:\/\/lospoliticosveracruz.com\/","logo":{"@type":"ImageObject","inLanguage":"es","@id":"https:\/\/lospoliticosveracruz.com\/#\/schema\/logo\/image\/","url":"https:\/\/lospoliticosveracruz.com\/wp-content\/uploads\/2025\/12\/Logo-Nuevo-LOS-POLITICOS-1.jpg","contentUrl":"https:\/\/lospoliticosveracruz.com\/wp-content\/uploads\/2025\/12\/Logo-Nuevo-LOS-POLITICOS-1.jpg","width":260,"height":70,"caption":"Los pol\u00edticos Veracruz"},"image":{"@id":"https:\/\/lospoliticosveracruz.com\/#\/schema\/logo\/image\/"},"sameAs":["https:\/\/www.facebook.com\/people\/Notimemes-de-los-Polticos\/61565672886568\/","https:\/\/x.com\/LosPoliticosVer"]},{"@type":"Person","@id":"https:\/\/lospoliticosveracruz.com\/#\/schema\/person\/b8702bb0e538456e6efd07080bf2a4a2","name":"Lo viste en Los Pol\u00edticos","image":{"@type":"ImageObject","inLanguage":"es","@id":"https:\/\/secure.gravatar.com\/avatar\/3a8de04a2656d44082be478bd6c086daa447c4651605818287b9532d3d0bd435?s=96&d=mm&r=g","url":"https:\/\/secure.gravatar.com\/avatar\/3a8de04a2656d44082be478bd6c086daa447c4651605818287b9532d3d0bd435?s=96&d=mm&r=g","contentUrl":"https:\/\/secure.gravatar.com\/avatar\/3a8de04a2656d44082be478bd6c086daa447c4651605818287b9532d3d0bd435?s=96&d=mm&r=g","caption":"Lo viste en Los Pol\u00edticos"},"url":"https:\/\/lospoliticosveracruz.com\/?author=2"}]}},"_links":{"self":[{"href":"https:\/\/lospoliticosveracruz.com\/index.php?rest_route=\/wp\/v2\/posts\/17829","targetHints":{"allow":["GET"]}}],"collection":[{"href":"https:\/\/lospoliticosveracruz.com\/index.php?rest_route=\/wp\/v2\/posts"}],"about":[{"href":"https:\/\/lospoliticosveracruz.com\/index.php?rest_route=\/wp\/v2\/types\/post"}],"author":[{"embeddable":true,"href":"https:\/\/lospoliticosveracruz.com\/index.php?rest_route=\/wp\/v2\/users\/2"}],"replies":[{"embeddable":true,"href":"https:\/\/lospoliticosveracruz.com\/index.php?rest_route=%2Fwp%2Fv2%2Fcomments&post=17829"}],"version-history":[{"count":1,"href":"https:\/\/lospoliticosveracruz.com\/index.php?rest_route=\/wp\/v2\/posts\/17829\/revisions"}],"predecessor-version":[{"id":17831,"href":"https:\/\/lospoliticosveracruz.com\/index.php?rest_route=\/wp\/v2\/posts\/17829\/revisions\/17831"}],"wp:attachment":[{"href":"https:\/\/lospoliticosveracruz.com\/index.php?rest_route=%2Fwp%2Fv2%2Fmedia&parent=17829"}],"wp:term":[{"taxonomy":"category","embeddable":true,"href":"https:\/\/lospoliticosveracruz.com\/index.php?rest_route=%2Fwp%2Fv2%2Fcategories&post=17829"},{"taxonomy":"post_tag","embeddable":true,"href":"https:\/\/lospoliticosveracruz.com\/index.php?rest_route=%2Fwp%2Fv2%2Ftags&post=17829"}],"curies":[{"name":"wp","href":"https:\/\/api.w.org\/{rel}","templated":true}]}}