{"id":17832,"date":"2015-09-17T13:35:57","date_gmt":"2015-09-17T18:35:57","guid":{"rendered":"http:\/\/www.lospoliticosveracruz.com.mx\/?p=17832"},"modified":"2015-09-17T13:35:57","modified_gmt":"2015-09-17T18:35:57","slug":"alerta","status":"publish","type":"post","link":"https:\/\/lospoliticosveracruz.com\/?p=17832","title":{"rendered":"\u00a1Alerta!"},"content":{"rendered":"<p><a href=\"http:\/\/www.lospoliticosveracruz.com.mx\/wp-content\/uploads\/2015\/09\/Alerta-de-G\u00e9nero.jpg\"><img loading=\"lazy\" decoding=\"async\" class=\"alignnone size-medium wp-image-17833\" src=\"http:\/\/www.lospoliticosveracruz.com.mx\/wp-content\/uploads\/2015\/09\/Alerta-de-G\u00e9nero-300x225.jpg\" alt=\"Alerta de G\u00e9nero\" width=\"300\" height=\"225\" \/><\/a><br \/>\n<strong>Estela Casados Gonz\u00e1lez<\/strong><\/p>\n<p><em>Mujeres Que Saben Lat\u00edn\u2026<\/em><\/p>\n<p>En mayo de este a\u00f1o, tuve la oportunidad de reunirme con algunas compa\u00f1eras feministas provenientes de distintas organizaciones de la sociedad civil. Fue un momento de preocupaci\u00f3n compartida ante la situaci\u00f3n de violencia contra mujeres y ni\u00f1as que se vive cotidianamente en el estado de Veracruz.<br \/>\nTan solo las cifras que el Centro de Estudios de G\u00e9nero de la Universidad Veracruzana reporta para 2014 son escalofriantes: 74 feminicidios tuvieron lugar en 38 municipios de la entidad. Dos de ellos sobresalen: Tierra Blanca y Veracruz. En cada uno tuvieron lugar 6 asesinatos violentos que segaron la vida de 12 mujeres.<br \/>\nDe la cifra total de feminicidios que se registraron en 2014, el 19% de las v\u00edctimas conoc\u00edan a su agresor y \u00e9ste formaba parte de su entorno cercano. Previamente al asesinato violento, el 7% fue v\u00edctima de amenazas, acoso o lesiones.<br \/>\nRegularmente, el m\u00e9todo para quitarles la vida es a trav\u00e9s de la asfixia o por golpes. En Veracruz, a las mujeres se les mata con tortura previa y de manera premeditada, por misoginia, discriminaci\u00f3n y odio. Ya sean por parte de familiares o desconocidos, los actos que provocan la muerte a las veracruzanas son de extrema brutalidad.<br \/>\nNo hay cifras oficiales que den cuenta de ello. Sin embargo, cada vez son m\u00e1s sonados y cercanos los casos. \u201cHoy dice el peri\u00f3dico que ha muerto una mujer que conoc\u00ed\u201d, como canta Joaqu\u00edn Sabina en Eclipse de mar, d\u00eda a d\u00eda los medios de comunicaci\u00f3n veracruzanos dan cuenta de este fen\u00f3meno que durante 2015 se ha disparado gravemente, pues rebasa el medio centenar de v\u00edctimas.<br \/>\nDesde junio pasado, quien esto escribe, junto con integrantes de las asociaciones civiles \u201cEquifon\u00eda Colectivo por la Ciudadan\u00eda, Autonom\u00eda y Libertad de las Mujeres\u201d y del \u201cColectivo Feminista de Xalapa\u201d, comenzamos a integrar la Solicitud de Alerta de G\u00e9nero para el estado de Veracruz. Sobra decir que no fue una tarea f\u00e1cil.<br \/>\nNo se trata de hacer un oficio, ni una carta de reproches o buenos deseos. Se realiz\u00f3 una argumentaci\u00f3n legal, as\u00ed como una exposici\u00f3n de hechos amplia y documentada, dirigida a la Secretar\u00eda Ejecutiva del Sistema Nacional para Prevenir, Atender, Sancionar y Erradicar la Violencia contra las Mujeres.<br \/>\nLlev\u00f3 tres meses construir un documento para el cual donamos nuestro tiempo, conocimiento, experiencia y compromiso.<br \/>\n\u201cAgrupaci\u00f3n de Derechos Humanos Xochit\u00e9petl\u201d, \u201cAsesor\u00eda y Servicios Rurales\u201d, \u201cBuscamos a nuestras hijas\u201d, \u201cColectivo Akelarre\u201d, \u201cIntegraci\u00f3n, Lucha y Transformaci\u00f3n\u201d, \u201cKalli Luz Marina\u201d, \u201cRed Unidos por los Derechos Humanos\u201d y \u201cSalud y G\u00e9nero\u201d fueron las organizaciones civiles que se sumaron a este esfuerzo para impulsar y fortalecer la solicitud.<br \/>\nHoy en d\u00eda, el Instituto Nacional de las Mujeres ha emitido una convocatoria p\u00fablica para integrar un grupo de trabajo cuya misi\u00f3n ser\u00e1 la de elaborar un informe oficial que permitir\u00e1 establecer si procede la declaratoria de Alerta de Violencia de G\u00e9nero para el estado de Veracruz.<br \/>\nEste es un gran paso que corona los esfuerzos hechos por ciudadanas de la sociedad civil preocupadas por la situaci\u00f3n grave que viven aquellas mujeres con las que trabajamos y convivimos d\u00eda a d\u00eda.<br \/>\nEs importante que la poblaci\u00f3n en general siga con inter\u00e9s el rumbo que tomar\u00e1 este proceso. Y a\u00fan es m\u00e1s importante que se garantice la vida y la libertad de las mujeres.<br \/>\nNo perdamos de vista lo que acontecer\u00e1 en los pr\u00f3ximos d\u00edas.<\/p>\n","protected":false},"excerpt":{"rendered":"<p>Estela Casados Gonz\u00e1lez Mujeres Que Saben Lat\u00edn\u2026 En mayo de este a\u00f1o, tuve la oportunidad de reunirme con algunas compa\u00f1eras feministas provenientes de distintas organizaciones de la sociedad civil. Fue un momento de preocupaci\u00f3n compartida ante la situaci\u00f3n de violencia contra mujeres y ni\u00f1as que se vive cotidianamente en el estado de Veracruz. Tan solo [&hellip;]<\/p>\n","protected":false},"author":2,"featured_media":0,"comment_status":"open","ping_status":"open","sticky":false,"template":"","format":"standard","meta":{"tdm_status":"","tdm_grid_status":"","footnotes":""},"categories":[70],"tags":[3430,3432,3431,3359,3198,219,195],"class_list":{"0":"post-17832","1":"post","2":"type-post","3":"status-publish","4":"format-standard","6":"category-de-opinion","7":"tag-centro-de-estudios-de-genero","8":"tag-colectivo-feminista-de-xalapa","9":"tag-equifonia","10":"tag-instituto-nacional-de-las-mujeres","11":"tag-tierra-blanca","12":"tag-universidad-veracruzana","13":"tag-veracruz"},"yoast_head":"<!-- This site is optimized with the Yoast SEO plugin v27.4 - https:\/\/yoast.com\/product\/yoast-seo-wordpress\/ -->\n<title>\u00a1Alerta! - Los pol\u00edticos Veracruz<\/title>\n<meta name=\"robots\" content=\"index, follow, max-snippet:-1, max-image-preview:large, max-video-preview:-1\" \/>\n<link rel=\"canonical\" href=\"https:\/\/lospoliticosveracruz.com\/?p=17832\" \/>\n<meta property=\"og:locale\" content=\"es_ES\" \/>\n<meta property=\"og:type\" content=\"article\" \/>\n<meta property=\"og:title\" content=\"\u00a1Alerta! - Los pol\u00edticos Veracruz\" \/>\n<meta property=\"og:description\" content=\"Estela Casados Gonz\u00e1lez Mujeres Que Saben Lat\u00edn\u2026 En mayo de este a\u00f1o, tuve la oportunidad de reunirme con algunas compa\u00f1eras feministas provenientes de distintas organizaciones de la sociedad civil. Fue un momento de preocupaci\u00f3n compartida ante la situaci\u00f3n de violencia contra mujeres y ni\u00f1as que se vive cotidianamente en el estado de Veracruz. Tan solo [&hellip;]\" \/>\n<meta property=\"og:url\" content=\"https:\/\/lospoliticosveracruz.com\/?p=17832\" \/>\n<meta property=\"og:site_name\" content=\"Los pol\u00edticos Veracruz\" \/>\n<meta property=\"article:publisher\" content=\"https:\/\/www.facebook.com\/people\/Notimemes-de-los-Polticos\/61565672886568\/\" \/>\n<meta property=\"article:published_time\" content=\"2015-09-17T18:35:57+00:00\" \/>\n<meta property=\"og:image\" content=\"https:\/\/lospoliticosveracruz.com\/wp-content\/uploads\/2016\/07\/Logo-Dor.jpg\" \/>\n\t<meta property=\"og:image:width\" content=\"200\" \/>\n\t<meta property=\"og:image:height\" content=\"200\" \/>\n\t<meta property=\"og:image:type\" content=\"image\/jpeg\" \/>\n<meta name=\"author\" content=\"Lo viste en Los Pol\u00edticos\" \/>\n<meta name=\"twitter:card\" content=\"summary_large_image\" \/>\n<meta name=\"twitter:creator\" content=\"@LosPoliticosVer\" \/>\n<meta name=\"twitter:site\" content=\"@LosPoliticosVer\" \/>\n<meta name=\"twitter:label1\" content=\"Escrito por\" \/>\n\t<meta name=\"twitter:data1\" content=\"Lo viste en Los Pol\u00edticos\" \/>\n\t<meta name=\"twitter:label2\" content=\"Tiempo de lectura\" \/>\n\t<meta name=\"twitter:data2\" content=\"3 minutos\" \/>\n<script type=\"application\/ld+json\" class=\"yoast-schema-graph\">{\"@context\":\"https:\\\/\\\/schema.org\",\"@graph\":[{\"@type\":\"Article\",\"@id\":\"https:\\\/\\\/lospoliticosveracruz.com\\\/?p=17832#article\",\"isPartOf\":{\"@id\":\"https:\\\/\\\/lospoliticosveracruz.com\\\/?p=17832\"},\"author\":{\"name\":\"Lo viste en Los Pol\u00edticos\",\"@id\":\"https:\\\/\\\/lospoliticosveracruz.com\\\/#\\\/schema\\\/person\\\/b8702bb0e538456e6efd07080bf2a4a2\"},\"headline\":\"\u00a1Alerta!\",\"datePublished\":\"2015-09-17T18:35:57+00:00\",\"mainEntityOfPage\":{\"@id\":\"https:\\\/\\\/lospoliticosveracruz.com\\\/?p=17832\"},\"wordCount\":599,\"commentCount\":0,\"publisher\":{\"@id\":\"https:\\\/\\\/lospoliticosveracruz.com\\\/#organization\"},\"keywords\":[\"Centro de Estudios de G\u00e9nero\",\"Colectivo Feminista de Xalapa\",\"Equifon\u00eda\",\"Instituto Nacional de las Mujeres\",\"Tierra Blanca\",\"Universidad Veracruzana\",\"Veracruz\"],\"articleSection\":[\"De Opini\u00f3n\"],\"inLanguage\":\"es\",\"potentialAction\":[{\"@type\":\"CommentAction\",\"name\":\"Comment\",\"target\":[\"https:\\\/\\\/lospoliticosveracruz.com\\\/?p=17832#respond\"]}]},{\"@type\":\"WebPage\",\"@id\":\"https:\\\/\\\/lospoliticosveracruz.com\\\/?p=17832\",\"url\":\"https:\\\/\\\/lospoliticosveracruz.com\\\/?p=17832\",\"name\":\"\u00a1Alerta! - Los pol\u00edticos Veracruz\",\"isPartOf\":{\"@id\":\"https:\\\/\\\/lospoliticosveracruz.com\\\/#website\"},\"datePublished\":\"2015-09-17T18:35:57+00:00\",\"breadcrumb\":{\"@id\":\"https:\\\/\\\/lospoliticosveracruz.com\\\/?p=17832#breadcrumb\"},\"inLanguage\":\"es\",\"potentialAction\":[{\"@type\":\"ReadAction\",\"target\":[\"https:\\\/\\\/lospoliticosveracruz.com\\\/?p=17832\"]}]},{\"@type\":\"BreadcrumbList\",\"@id\":\"https:\\\/\\\/lospoliticosveracruz.com\\\/?p=17832#breadcrumb\",\"itemListElement\":[{\"@type\":\"ListItem\",\"position\":1,\"name\":\"Portada\",\"item\":\"https:\\\/\\\/lospoliticosveracruz.com\\\/\"},{\"@type\":\"ListItem\",\"position\":2,\"name\":\"\u00a1Alerta!\"}]},{\"@type\":\"WebSite\",\"@id\":\"https:\\\/\\\/lospoliticosveracruz.com\\\/#website\",\"url\":\"https:\\\/\\\/lospoliticosveracruz.com\\\/\",\"name\":\"Los pol\u00edticos Veracruz\",\"description\":\"\",\"publisher\":{\"@id\":\"https:\\\/\\\/lospoliticosveracruz.com\\\/#organization\"},\"potentialAction\":[{\"@type\":\"SearchAction\",\"target\":{\"@type\":\"EntryPoint\",\"urlTemplate\":\"https:\\\/\\\/lospoliticosveracruz.com\\\/?s={search_term_string}\"},\"query-input\":{\"@type\":\"PropertyValueSpecification\",\"valueRequired\":true,\"valueName\":\"search_term_string\"}}],\"inLanguage\":\"es\"},{\"@type\":\"Organization\",\"@id\":\"https:\\\/\\\/lospoliticosveracruz.com\\\/#organization\",\"name\":\"Los pol\u00edticos Veracruz\",\"url\":\"https:\\\/\\\/lospoliticosveracruz.com\\\/\",\"logo\":{\"@type\":\"ImageObject\",\"inLanguage\":\"es\",\"@id\":\"https:\\\/\\\/lospoliticosveracruz.com\\\/#\\\/schema\\\/logo\\\/image\\\/\",\"url\":\"https:\\\/\\\/lospoliticosveracruz.com\\\/wp-content\\\/uploads\\\/2025\\\/12\\\/Logo-Nuevo-LOS-POLITICOS-1.jpg\",\"contentUrl\":\"https:\\\/\\\/lospoliticosveracruz.com\\\/wp-content\\\/uploads\\\/2025\\\/12\\\/Logo-Nuevo-LOS-POLITICOS-1.jpg\",\"width\":260,\"height\":70,\"caption\":\"Los pol\u00edticos Veracruz\"},\"image\":{\"@id\":\"https:\\\/\\\/lospoliticosveracruz.com\\\/#\\\/schema\\\/logo\\\/image\\\/\"},\"sameAs\":[\"https:\\\/\\\/www.facebook.com\\\/people\\\/Notimemes-de-los-Polticos\\\/61565672886568\\\/\",\"https:\\\/\\\/x.com\\\/LosPoliticosVer\"]},{\"@type\":\"Person\",\"@id\":\"https:\\\/\\\/lospoliticosveracruz.com\\\/#\\\/schema\\\/person\\\/b8702bb0e538456e6efd07080bf2a4a2\",\"name\":\"Lo viste en Los Pol\u00edticos\",\"image\":{\"@type\":\"ImageObject\",\"inLanguage\":\"es\",\"@id\":\"https:\\\/\\\/secure.gravatar.com\\\/avatar\\\/3a8de04a2656d44082be478bd6c086daa447c4651605818287b9532d3d0bd435?s=96&d=mm&r=g\",\"url\":\"https:\\\/\\\/secure.gravatar.com\\\/avatar\\\/3a8de04a2656d44082be478bd6c086daa447c4651605818287b9532d3d0bd435?s=96&d=mm&r=g\",\"contentUrl\":\"https:\\\/\\\/secure.gravatar.com\\\/avatar\\\/3a8de04a2656d44082be478bd6c086daa447c4651605818287b9532d3d0bd435?s=96&d=mm&r=g\",\"caption\":\"Lo viste en Los Pol\u00edticos\"},\"url\":\"https:\\\/\\\/lospoliticosveracruz.com\\\/?author=2\"}]}<\/script>\n<!-- \/ Yoast SEO plugin. -->","yoast_head_json":{"title":"\u00a1Alerta! - Los pol\u00edticos Veracruz","robots":{"index":"index","follow":"follow","max-snippet":"max-snippet:-1","max-image-preview":"max-image-preview:large","max-video-preview":"max-video-preview:-1"},"canonical":"https:\/\/lospoliticosveracruz.com\/?p=17832","og_locale":"es_ES","og_type":"article","og_title":"\u00a1Alerta! - Los pol\u00edticos Veracruz","og_description":"Estela Casados Gonz\u00e1lez Mujeres Que Saben Lat\u00edn\u2026 En mayo de este a\u00f1o, tuve la oportunidad de reunirme con algunas compa\u00f1eras feministas provenientes de distintas organizaciones de la sociedad civil. Fue un momento de preocupaci\u00f3n compartida ante la situaci\u00f3n de violencia contra mujeres y ni\u00f1as que se vive cotidianamente en el estado de Veracruz. Tan solo [&hellip;]","og_url":"https:\/\/lospoliticosveracruz.com\/?p=17832","og_site_name":"Los pol\u00edticos Veracruz","article_publisher":"https:\/\/www.facebook.com\/people\/Notimemes-de-los-Polticos\/61565672886568\/","article_published_time":"2015-09-17T18:35:57+00:00","og_image":[{"width":200,"height":200,"url":"https:\/\/lospoliticosveracruz.com\/wp-content\/uploads\/2016\/07\/Logo-Dor.jpg","type":"image\/jpeg"}],"author":"Lo viste en Los Pol\u00edticos","twitter_card":"summary_large_image","twitter_creator":"@LosPoliticosVer","twitter_site":"@LosPoliticosVer","twitter_misc":{"Escrito por":"Lo viste en Los Pol\u00edticos","Tiempo de lectura":"3 minutos"},"schema":{"@context":"https:\/\/schema.org","@graph":[{"@type":"Article","@id":"https:\/\/lospoliticosveracruz.com\/?p=17832#article","isPartOf":{"@id":"https:\/\/lospoliticosveracruz.com\/?p=17832"},"author":{"name":"Lo viste en Los Pol\u00edticos","@id":"https:\/\/lospoliticosveracruz.com\/#\/schema\/person\/b8702bb0e538456e6efd07080bf2a4a2"},"headline":"\u00a1Alerta!","datePublished":"2015-09-17T18:35:57+00:00","mainEntityOfPage":{"@id":"https:\/\/lospoliticosveracruz.com\/?p=17832"},"wordCount":599,"commentCount":0,"publisher":{"@id":"https:\/\/lospoliticosveracruz.com\/#organization"},"keywords":["Centro de Estudios de G\u00e9nero","Colectivo Feminista de Xalapa","Equifon\u00eda","Instituto Nacional de las Mujeres","Tierra Blanca","Universidad Veracruzana","Veracruz"],"articleSection":["De Opini\u00f3n"],"inLanguage":"es","potentialAction":[{"@type":"CommentAction","name":"Comment","target":["https:\/\/lospoliticosveracruz.com\/?p=17832#respond"]}]},{"@type":"WebPage","@id":"https:\/\/lospoliticosveracruz.com\/?p=17832","url":"https:\/\/lospoliticosveracruz.com\/?p=17832","name":"\u00a1Alerta! - Los pol\u00edticos Veracruz","isPartOf":{"@id":"https:\/\/lospoliticosveracruz.com\/#website"},"datePublished":"2015-09-17T18:35:57+00:00","breadcrumb":{"@id":"https:\/\/lospoliticosveracruz.com\/?p=17832#breadcrumb"},"inLanguage":"es","potentialAction":[{"@type":"ReadAction","target":["https:\/\/lospoliticosveracruz.com\/?p=17832"]}]},{"@type":"BreadcrumbList","@id":"https:\/\/lospoliticosveracruz.com\/?p=17832#breadcrumb","itemListElement":[{"@type":"ListItem","position":1,"name":"Portada","item":"https:\/\/lospoliticosveracruz.com\/"},{"@type":"ListItem","position":2,"name":"\u00a1Alerta!"}]},{"@type":"WebSite","@id":"https:\/\/lospoliticosveracruz.com\/#website","url":"https:\/\/lospoliticosveracruz.com\/","name":"Los pol\u00edticos Veracruz","description":"","publisher":{"@id":"https:\/\/lospoliticosveracruz.com\/#organization"},"potentialAction":[{"@type":"SearchAction","target":{"@type":"EntryPoint","urlTemplate":"https:\/\/lospoliticosveracruz.com\/?s={search_term_string}"},"query-input":{"@type":"PropertyValueSpecification","valueRequired":true,"valueName":"search_term_string"}}],"inLanguage":"es"},{"@type":"Organization","@id":"https:\/\/lospoliticosveracruz.com\/#organization","name":"Los pol\u00edticos Veracruz","url":"https:\/\/lospoliticosveracruz.com\/","logo":{"@type":"ImageObject","inLanguage":"es","@id":"https:\/\/lospoliticosveracruz.com\/#\/schema\/logo\/image\/","url":"https:\/\/lospoliticosveracruz.com\/wp-content\/uploads\/2025\/12\/Logo-Nuevo-LOS-POLITICOS-1.jpg","contentUrl":"https:\/\/lospoliticosveracruz.com\/wp-content\/uploads\/2025\/12\/Logo-Nuevo-LOS-POLITICOS-1.jpg","width":260,"height":70,"caption":"Los pol\u00edticos Veracruz"},"image":{"@id":"https:\/\/lospoliticosveracruz.com\/#\/schema\/logo\/image\/"},"sameAs":["https:\/\/www.facebook.com\/people\/Notimemes-de-los-Polticos\/61565672886568\/","https:\/\/x.com\/LosPoliticosVer"]},{"@type":"Person","@id":"https:\/\/lospoliticosveracruz.com\/#\/schema\/person\/b8702bb0e538456e6efd07080bf2a4a2","name":"Lo viste en Los Pol\u00edticos","image":{"@type":"ImageObject","inLanguage":"es","@id":"https:\/\/secure.gravatar.com\/avatar\/3a8de04a2656d44082be478bd6c086daa447c4651605818287b9532d3d0bd435?s=96&d=mm&r=g","url":"https:\/\/secure.gravatar.com\/avatar\/3a8de04a2656d44082be478bd6c086daa447c4651605818287b9532d3d0bd435?s=96&d=mm&r=g","contentUrl":"https:\/\/secure.gravatar.com\/avatar\/3a8de04a2656d44082be478bd6c086daa447c4651605818287b9532d3d0bd435?s=96&d=mm&r=g","caption":"Lo viste en Los Pol\u00edticos"},"url":"https:\/\/lospoliticosveracruz.com\/?author=2"}]}},"_links":{"self":[{"href":"https:\/\/lospoliticosveracruz.com\/index.php?rest_route=\/wp\/v2\/posts\/17832","targetHints":{"allow":["GET"]}}],"collection":[{"href":"https:\/\/lospoliticosveracruz.com\/index.php?rest_route=\/wp\/v2\/posts"}],"about":[{"href":"https:\/\/lospoliticosveracruz.com\/index.php?rest_route=\/wp\/v2\/types\/post"}],"author":[{"embeddable":true,"href":"https:\/\/lospoliticosveracruz.com\/index.php?rest_route=\/wp\/v2\/users\/2"}],"replies":[{"embeddable":true,"href":"https:\/\/lospoliticosveracruz.com\/index.php?rest_route=%2Fwp%2Fv2%2Fcomments&post=17832"}],"version-history":[{"count":1,"href":"https:\/\/lospoliticosveracruz.com\/index.php?rest_route=\/wp\/v2\/posts\/17832\/revisions"}],"predecessor-version":[{"id":17834,"href":"https:\/\/lospoliticosveracruz.com\/index.php?rest_route=\/wp\/v2\/posts\/17832\/revisions\/17834"}],"wp:attachment":[{"href":"https:\/\/lospoliticosveracruz.com\/index.php?rest_route=%2Fwp%2Fv2%2Fmedia&parent=17832"}],"wp:term":[{"taxonomy":"category","embeddable":true,"href":"https:\/\/lospoliticosveracruz.com\/index.php?rest_route=%2Fwp%2Fv2%2Fcategories&post=17832"},{"taxonomy":"post_tag","embeddable":true,"href":"https:\/\/lospoliticosveracruz.com\/index.php?rest_route=%2Fwp%2Fv2%2Ftags&post=17832"}],"curies":[{"name":"wp","href":"https:\/\/api.w.org\/{rel}","templated":true}]}}