{"id":17856,"date":"2015-09-20T21:14:14","date_gmt":"2015-09-21T02:14:14","guid":{"rendered":"http:\/\/www.lospoliticosveracruz.com.mx\/?p=17856"},"modified":"2015-09-20T21:14:14","modified_gmt":"2015-09-21T02:14:14","slug":"construyen-pan-prd-alianza-para-veracruz","status":"publish","type":"post","link":"https:\/\/lospoliticosveracruz.com\/?p=17856","title":{"rendered":"Construyen PAN-PRD alianza para Veracruz"},"content":{"rendered":"<p><a href=\"http:\/\/www.lospoliticosveracruz.com.mx\/wp-content\/uploads\/2014\/12\/PAN-PRD.jpg\"><img loading=\"lazy\" decoding=\"async\" class=\"alignnone size-medium wp-image-13857\" src=\"http:\/\/www.lospoliticosveracruz.com.mx\/wp-content\/uploads\/2014\/12\/PAN-PRD-300x233.jpg\" alt=\"PAN PRD\" width=\"300\" height=\"233\" \/><\/a><\/p>\n<p><strong>Luis Alberto Romero<\/strong><\/p>\n<p><em>Hora Cero<\/em><\/p>\n<p>Este domingo, el Congreso Nacional del Partido de la Revoluci\u00f3n Democr\u00e1tica aprob\u00f3 que el Sol Azteca vaya en alianza con Acci\u00f3n Nacional en las entidades que celebrar\u00e1n elecciones locales en 2016.<br \/>\nEl a\u00f1o pr\u00f3ximo, 12 estados de la Rep\u00fablica que eligieron gobernadores en 2010 volver\u00e1n a votar por la renovaci\u00f3n del poder ejecutivo: Aguascalientes, Chihuahua, Durango, Hidalgo, Oaxaca Puebla, Quintana Roo, Sinaloa, Tamaulipas, Tlaxcala, Veracruz y Zacatecas; no en todos habr\u00e1 alianza entre las principales fuerzas opositoras al PRI; es muy probable, dados los avances en las negociaciones, que ese ejercicio se concrete en las entidades que gobiernan Rafael Moreno Valle, Gabino Cu\u00e9 Monteagudo, Miguel Alonso Reyes y Javier Duarte de Ochoa.<br \/>\nEl PRI es gobierno en nueve de los 12 estados que celebrar\u00e1n elecciones el a\u00f1o pr\u00f3ximo. De hecho, si tomamos como punto de referencia el resultado en el proceso electoral federal de 2015, entenderemos por qu\u00e9 perredistas y panistas ven a la alianza como una opci\u00f3n para incrementar de manera significativa sus posibilidades de \u00e9xito: en coalici\u00f3n con el Partido Verde, el tricolor super\u00f3 el 36 por ciento de los sufragios emitidos, en tanto que la suma de los votos entre blanquiazul y Sol Azteca se queda cinco puntos abajo, poco m\u00e1s del 31 por ciento (20.89 y 10.83, respectivamente).<br \/>\nN\u00fameros muy parecidos se registraron en la suma de los 21 distritos federales que integran el territorio veracruzano.<br \/>\nEn julio del presente a\u00f1o, al terminar un desaseado proceso local en Chiapas, los l\u00edderes nacionales de PAN y PRD, Gustavo Madero Mu\u00f1oz (todav\u00eda en funciones) y Carlos Navarrete Ruiz, anunciaron el inicio de las pl\u00e1ticas para concretar una alianza en 2016. El tema fue retomado en Veracruz por los dirigentes formales de esos partidos y por sus cuadros m\u00e1s representativos.<br \/>\nPor supuesto, hay expresiones que se han mostrado abiertamente contra dicha posibilidad; sin embargo, parece que existe consenso al interior de esos partidos para que finalmente se establezcan los acuerdos necesarios y se presenten en 2016 con un mismo candidato. La l\u00f3gica nos dice que el abanderado de esa alianza, al menos en Veracruz, surgir\u00eda del Partido Acci\u00f3n Nacional, dados los resultados de los \u00faltimos procesos electorales. En 2015, por ejemplo, el n\u00famero de votos del PAN casi duplic\u00f3 a los del PRD (522 mil contra 270 mil).<br \/>\nEn todo caso, lo interesante ser\u00e1 ver el comportamiento de las fracciones internas de esos dos partidos, en los que aparecen expresiones afines al gobierno estatal; PAN y PRD rojos intentar\u00e1n cerrar la puerta a toda posibilidad de alianza, a fin de prolongar la racha de victorias de un grupo que en los \u00faltimos diez a\u00f1os se ha mostrado imbatible, en t\u00e9rminos electorales. Ser\u00e1, como dice el cl\u00e1sico, la madre de todas las batallas.<\/p>\n<p><strong>Lilia P\u00e9rez, ejemplo en el Ayuntamiento<\/strong><br \/>\nLilia P\u00e9rez Santos es una mujer de unos 40 y tantos a\u00f1os que todos los d\u00edas llega a su trabajo en la Subdirecci\u00f3n de Limpia P\u00fablica municipal para ganarse la vida.<br \/>\nNo sabemos si Lilia tiene hijos, si hay dependientes econ\u00f3micos, pero vemos que es una mujer trabajadora, como muchas que existen en Xalapa y en todo el mundo.<br \/>\nLilia es una mujer muy particular, porque es la \u00fanica mujer conductora de un cami\u00f3n de limpia p\u00fablica. \u00bfSe imagina usted la fuerza que se necesita para mover un cami\u00f3n de ese tipo, aunque puedan ser hidr\u00e1ulicos? Adem\u00e1s, imagine usted la responsabilidad, la dimensi\u00f3n, todo lo que significa manejar un cami\u00f3n del servicio de limpia p\u00fablica. Pues Lilia lo hace todos los d\u00edas. Va y viene, sube y baja, y se desempe\u00f1a entre hombres, sus compa\u00f1eros de trabajo.<br \/>\nJuntos, manejan 58 camiones y recorren 82 rutas, que cubren las m\u00e1s de 450 colonias en donde recogen diariamente la significativa cantidad de unas 450 toneladas diarias.<br \/>\nEl s\u00e1bado, en el Parque Deportivo Col\u00f3n, Lilia habl\u00f3 ante el alcalde Am\u00e9rico Z\u00fa\u00f1iga y sus cientos de compa\u00f1eros de trabajo. El mun\u00edcipe entreg\u00f3 39 camiones con una inversi\u00f3n superior a los 18 millones de pesos, para fortalecer los servicios p\u00fablicos municipales.<\/p>\n<p><strong>La \u00fanica mujer en Limpia P\u00fablica<\/strong><br \/>\nLilia habl\u00f3, tom\u00f3 el micr\u00f3fono, se present\u00f3 orgullosamente como la \u201c\u00fanica mujer conductora de Limpia P\u00fablica\u201d, lo que gener\u00f3 un sonado aplauso.<br \/>\n\u201cTodos los d\u00edas, como todos ustedes, salgo de mi casa a luchar por mi familia y a servir a los xalape\u00f1os en uno de los tres camiones ecol\u00f3gicos que se encargan de recolectar la basura org\u00e1nica de toda la ciudad. Como todos ustedes, he tenido que abrirme paso en la vida y estoy muy contenta de que en Limpia P\u00fablica, como mujer, estoy haciendo tareas que normalmente s\u00f3lo hombres realizaban\u201d, dijo.<br \/>\nLilia enfatiz\u00f3 dos frases que llamaron la atenci\u00f3n de un pres\u00eddium integrado \u00fanicamente por hombres que se encontraban en el acto protocolario: \u201cEstoy muy contenta porque he visto con mis propios ojos, el respeto y la atenci\u00f3n que el alcalde Am\u00e9rico Z\u00fa\u00f1iga ha tenido a nuestro trabajo, a nuestros derechos laborales. Creo que nunca hab\u00edamos tenido un presidente municipal que nos hubiera visitado tantas veces\u201d, se\u00f1al\u00f3, para rematar: \u201cAlcalde, nosotros no sabemos hablar mucho, pero s\u00ed sabemos agradecer y reconocer lo que se hace bien\u201d. No necesitaba decir m\u00e1s. @luisromero85<\/p>\n","protected":false},"excerpt":{"rendered":"<p>Luis Alberto Romero Hora Cero Este domingo, el Congreso Nacional del Partido de la Revoluci\u00f3n Democr\u00e1tica aprob\u00f3 que el Sol Azteca vaya en alianza con Acci\u00f3n Nacional en las entidades que celebrar\u00e1n elecciones locales en 2016. El a\u00f1o pr\u00f3ximo, 12 estados de la Rep\u00fablica que eligieron gobernadores en 2010 volver\u00e1n a votar por la renovaci\u00f3n [&hellip;]<\/p>\n","protected":false},"author":2,"featured_media":0,"comment_status":"open","ping_status":"open","sticky":false,"template":"","format":"standard","meta":{"tdm_status":"","tdm_grid_status":"","footnotes":""},"categories":[70],"tags":[3199,266,107,195],"class_list":{"0":"post-17856","1":"post","2":"type-post","3":"status-publish","4":"format-standard","6":"category-de-opinion","7":"tag-alianza","8":"tag-pan","9":"tag-prd","10":"tag-veracruz"},"yoast_head":"<!-- This site is optimized with the Yoast SEO plugin v27.4 - https:\/\/yoast.com\/product\/yoast-seo-wordpress\/ -->\n<title>Construyen PAN-PRD alianza para Veracruz - Los pol\u00edticos Veracruz<\/title>\n<meta name=\"robots\" content=\"index, follow, max-snippet:-1, max-image-preview:large, max-video-preview:-1\" \/>\n<link rel=\"canonical\" href=\"https:\/\/lospoliticosveracruz.com\/?p=17856\" \/>\n<meta property=\"og:locale\" content=\"es_ES\" \/>\n<meta property=\"og:type\" content=\"article\" \/>\n<meta property=\"og:title\" content=\"Construyen PAN-PRD alianza para Veracruz - Los pol\u00edticos Veracruz\" \/>\n<meta property=\"og:description\" content=\"Luis Alberto Romero Hora Cero Este domingo, el Congreso Nacional del Partido de la Revoluci\u00f3n Democr\u00e1tica aprob\u00f3 que el Sol Azteca vaya en alianza con Acci\u00f3n Nacional en las entidades que celebrar\u00e1n elecciones locales en 2016. El a\u00f1o pr\u00f3ximo, 12 estados de la Rep\u00fablica que eligieron gobernadores en 2010 volver\u00e1n a votar por la renovaci\u00f3n [&hellip;]\" \/>\n<meta property=\"og:url\" content=\"https:\/\/lospoliticosveracruz.com\/?p=17856\" \/>\n<meta property=\"og:site_name\" content=\"Los pol\u00edticos Veracruz\" \/>\n<meta property=\"article:publisher\" content=\"https:\/\/www.facebook.com\/people\/Notimemes-de-los-Polticos\/61565672886568\/\" \/>\n<meta property=\"article:published_time\" content=\"2015-09-21T02:14:14+00:00\" \/>\n<meta property=\"og:image\" content=\"http:\/\/www.lospoliticosveracruz.com.mx\/wp-content\/uploads\/2014\/12\/PAN-PRD-300x233.jpg\" \/>\n<meta name=\"author\" content=\"Lo viste en Los Pol\u00edticos\" \/>\n<meta name=\"twitter:card\" content=\"summary_large_image\" \/>\n<meta name=\"twitter:creator\" content=\"@LosPoliticosVer\" \/>\n<meta name=\"twitter:site\" content=\"@LosPoliticosVer\" \/>\n<meta name=\"twitter:label1\" content=\"Escrito por\" \/>\n\t<meta name=\"twitter:data1\" content=\"Lo viste en Los Pol\u00edticos\" \/>\n\t<meta name=\"twitter:label2\" content=\"Tiempo de lectura\" \/>\n\t<meta name=\"twitter:data2\" content=\"5 minutos\" \/>\n<script type=\"application\/ld+json\" class=\"yoast-schema-graph\">{\"@context\":\"https:\\\/\\\/schema.org\",\"@graph\":[{\"@type\":\"Article\",\"@id\":\"https:\\\/\\\/lospoliticosveracruz.com\\\/?p=17856#article\",\"isPartOf\":{\"@id\":\"https:\\\/\\\/lospoliticosveracruz.com\\\/?p=17856\"},\"author\":{\"name\":\"Lo viste en Los Pol\u00edticos\",\"@id\":\"https:\\\/\\\/lospoliticosveracruz.com\\\/#\\\/schema\\\/person\\\/b8702bb0e538456e6efd07080bf2a4a2\"},\"headline\":\"Construyen PAN-PRD alianza para Veracruz\",\"datePublished\":\"2015-09-21T02:14:14+00:00\",\"mainEntityOfPage\":{\"@id\":\"https:\\\/\\\/lospoliticosveracruz.com\\\/?p=17856\"},\"wordCount\":916,\"commentCount\":0,\"publisher\":{\"@id\":\"https:\\\/\\\/lospoliticosveracruz.com\\\/#organization\"},\"image\":{\"@id\":\"https:\\\/\\\/lospoliticosveracruz.com\\\/?p=17856#primaryimage\"},\"thumbnailUrl\":\"http:\\\/\\\/www.lospoliticosveracruz.com.mx\\\/wp-content\\\/uploads\\\/2014\\\/12\\\/PAN-PRD-300x233.jpg\",\"keywords\":[\"alianza\",\"PAN\",\"PRD\",\"Veracruz\"],\"articleSection\":[\"De Opini\u00f3n\"],\"inLanguage\":\"es\",\"potentialAction\":[{\"@type\":\"CommentAction\",\"name\":\"Comment\",\"target\":[\"https:\\\/\\\/lospoliticosveracruz.com\\\/?p=17856#respond\"]}]},{\"@type\":\"WebPage\",\"@id\":\"https:\\\/\\\/lospoliticosveracruz.com\\\/?p=17856\",\"url\":\"https:\\\/\\\/lospoliticosveracruz.com\\\/?p=17856\",\"name\":\"Construyen PAN-PRD alianza para Veracruz - Los pol\u00edticos Veracruz\",\"isPartOf\":{\"@id\":\"https:\\\/\\\/lospoliticosveracruz.com\\\/#website\"},\"primaryImageOfPage\":{\"@id\":\"https:\\\/\\\/lospoliticosveracruz.com\\\/?p=17856#primaryimage\"},\"image\":{\"@id\":\"https:\\\/\\\/lospoliticosveracruz.com\\\/?p=17856#primaryimage\"},\"thumbnailUrl\":\"http:\\\/\\\/www.lospoliticosveracruz.com.mx\\\/wp-content\\\/uploads\\\/2014\\\/12\\\/PAN-PRD-300x233.jpg\",\"datePublished\":\"2015-09-21T02:14:14+00:00\",\"breadcrumb\":{\"@id\":\"https:\\\/\\\/lospoliticosveracruz.com\\\/?p=17856#breadcrumb\"},\"inLanguage\":\"es\",\"potentialAction\":[{\"@type\":\"ReadAction\",\"target\":[\"https:\\\/\\\/lospoliticosveracruz.com\\\/?p=17856\"]}]},{\"@type\":\"ImageObject\",\"inLanguage\":\"es\",\"@id\":\"https:\\\/\\\/lospoliticosveracruz.com\\\/?p=17856#primaryimage\",\"url\":\"http:\\\/\\\/www.lospoliticosveracruz.com.mx\\\/wp-content\\\/uploads\\\/2014\\\/12\\\/PAN-PRD-300x233.jpg\",\"contentUrl\":\"http:\\\/\\\/www.lospoliticosveracruz.com.mx\\\/wp-content\\\/uploads\\\/2014\\\/12\\\/PAN-PRD-300x233.jpg\"},{\"@type\":\"BreadcrumbList\",\"@id\":\"https:\\\/\\\/lospoliticosveracruz.com\\\/?p=17856#breadcrumb\",\"itemListElement\":[{\"@type\":\"ListItem\",\"position\":1,\"name\":\"Portada\",\"item\":\"https:\\\/\\\/lospoliticosveracruz.com\\\/\"},{\"@type\":\"ListItem\",\"position\":2,\"name\":\"Construyen PAN-PRD alianza para Veracruz\"}]},{\"@type\":\"WebSite\",\"@id\":\"https:\\\/\\\/lospoliticosveracruz.com\\\/#website\",\"url\":\"https:\\\/\\\/lospoliticosveracruz.com\\\/\",\"name\":\"Los pol\u00edticos Veracruz\",\"description\":\"\",\"publisher\":{\"@id\":\"https:\\\/\\\/lospoliticosveracruz.com\\\/#organization\"},\"potentialAction\":[{\"@type\":\"SearchAction\",\"target\":{\"@type\":\"EntryPoint\",\"urlTemplate\":\"https:\\\/\\\/lospoliticosveracruz.com\\\/?s={search_term_string}\"},\"query-input\":{\"@type\":\"PropertyValueSpecification\",\"valueRequired\":true,\"valueName\":\"search_term_string\"}}],\"inLanguage\":\"es\"},{\"@type\":\"Organization\",\"@id\":\"https:\\\/\\\/lospoliticosveracruz.com\\\/#organization\",\"name\":\"Los pol\u00edticos Veracruz\",\"url\":\"https:\\\/\\\/lospoliticosveracruz.com\\\/\",\"logo\":{\"@type\":\"ImageObject\",\"inLanguage\":\"es\",\"@id\":\"https:\\\/\\\/lospoliticosveracruz.com\\\/#\\\/schema\\\/logo\\\/image\\\/\",\"url\":\"https:\\\/\\\/lospoliticosveracruz.com\\\/wp-content\\\/uploads\\\/2025\\\/12\\\/Logo-Nuevo-LOS-POLITICOS-1.jpg\",\"contentUrl\":\"https:\\\/\\\/lospoliticosveracruz.com\\\/wp-content\\\/uploads\\\/2025\\\/12\\\/Logo-Nuevo-LOS-POLITICOS-1.jpg\",\"width\":260,\"height\":70,\"caption\":\"Los pol\u00edticos Veracruz\"},\"image\":{\"@id\":\"https:\\\/\\\/lospoliticosveracruz.com\\\/#\\\/schema\\\/logo\\\/image\\\/\"},\"sameAs\":[\"https:\\\/\\\/www.facebook.com\\\/people\\\/Notimemes-de-los-Polticos\\\/61565672886568\\\/\",\"https:\\\/\\\/x.com\\\/LosPoliticosVer\"]},{\"@type\":\"Person\",\"@id\":\"https:\\\/\\\/lospoliticosveracruz.com\\\/#\\\/schema\\\/person\\\/b8702bb0e538456e6efd07080bf2a4a2\",\"name\":\"Lo viste en Los Pol\u00edticos\",\"image\":{\"@type\":\"ImageObject\",\"inLanguage\":\"es\",\"@id\":\"https:\\\/\\\/secure.gravatar.com\\\/avatar\\\/3a8de04a2656d44082be478bd6c086daa447c4651605818287b9532d3d0bd435?s=96&d=mm&r=g\",\"url\":\"https:\\\/\\\/secure.gravatar.com\\\/avatar\\\/3a8de04a2656d44082be478bd6c086daa447c4651605818287b9532d3d0bd435?s=96&d=mm&r=g\",\"contentUrl\":\"https:\\\/\\\/secure.gravatar.com\\\/avatar\\\/3a8de04a2656d44082be478bd6c086daa447c4651605818287b9532d3d0bd435?s=96&d=mm&r=g\",\"caption\":\"Lo viste en Los Pol\u00edticos\"},\"url\":\"https:\\\/\\\/lospoliticosveracruz.com\\\/?author=2\"}]}<\/script>\n<!-- \/ Yoast SEO plugin. -->","yoast_head_json":{"title":"Construyen PAN-PRD alianza para Veracruz - Los pol\u00edticos Veracruz","robots":{"index":"index","follow":"follow","max-snippet":"max-snippet:-1","max-image-preview":"max-image-preview:large","max-video-preview":"max-video-preview:-1"},"canonical":"https:\/\/lospoliticosveracruz.com\/?p=17856","og_locale":"es_ES","og_type":"article","og_title":"Construyen PAN-PRD alianza para Veracruz - Los pol\u00edticos Veracruz","og_description":"Luis Alberto Romero Hora Cero Este domingo, el Congreso Nacional del Partido de la Revoluci\u00f3n Democr\u00e1tica aprob\u00f3 que el Sol Azteca vaya en alianza con Acci\u00f3n Nacional en las entidades que celebrar\u00e1n elecciones locales en 2016. El a\u00f1o pr\u00f3ximo, 12 estados de la Rep\u00fablica que eligieron gobernadores en 2010 volver\u00e1n a votar por la renovaci\u00f3n [&hellip;]","og_url":"https:\/\/lospoliticosveracruz.com\/?p=17856","og_site_name":"Los pol\u00edticos Veracruz","article_publisher":"https:\/\/www.facebook.com\/people\/Notimemes-de-los-Polticos\/61565672886568\/","article_published_time":"2015-09-21T02:14:14+00:00","og_image":[{"url":"http:\/\/www.lospoliticosveracruz.com.mx\/wp-content\/uploads\/2014\/12\/PAN-PRD-300x233.jpg","type":"","width":"","height":""}],"author":"Lo viste en Los Pol\u00edticos","twitter_card":"summary_large_image","twitter_creator":"@LosPoliticosVer","twitter_site":"@LosPoliticosVer","twitter_misc":{"Escrito por":"Lo viste en Los Pol\u00edticos","Tiempo de lectura":"5 minutos"},"schema":{"@context":"https:\/\/schema.org","@graph":[{"@type":"Article","@id":"https:\/\/lospoliticosveracruz.com\/?p=17856#article","isPartOf":{"@id":"https:\/\/lospoliticosveracruz.com\/?p=17856"},"author":{"name":"Lo viste en Los Pol\u00edticos","@id":"https:\/\/lospoliticosveracruz.com\/#\/schema\/person\/b8702bb0e538456e6efd07080bf2a4a2"},"headline":"Construyen PAN-PRD alianza para Veracruz","datePublished":"2015-09-21T02:14:14+00:00","mainEntityOfPage":{"@id":"https:\/\/lospoliticosveracruz.com\/?p=17856"},"wordCount":916,"commentCount":0,"publisher":{"@id":"https:\/\/lospoliticosveracruz.com\/#organization"},"image":{"@id":"https:\/\/lospoliticosveracruz.com\/?p=17856#primaryimage"},"thumbnailUrl":"http:\/\/www.lospoliticosveracruz.com.mx\/wp-content\/uploads\/2014\/12\/PAN-PRD-300x233.jpg","keywords":["alianza","PAN","PRD","Veracruz"],"articleSection":["De Opini\u00f3n"],"inLanguage":"es","potentialAction":[{"@type":"CommentAction","name":"Comment","target":["https:\/\/lospoliticosveracruz.com\/?p=17856#respond"]}]},{"@type":"WebPage","@id":"https:\/\/lospoliticosveracruz.com\/?p=17856","url":"https:\/\/lospoliticosveracruz.com\/?p=17856","name":"Construyen PAN-PRD alianza para Veracruz - Los pol\u00edticos Veracruz","isPartOf":{"@id":"https:\/\/lospoliticosveracruz.com\/#website"},"primaryImageOfPage":{"@id":"https:\/\/lospoliticosveracruz.com\/?p=17856#primaryimage"},"image":{"@id":"https:\/\/lospoliticosveracruz.com\/?p=17856#primaryimage"},"thumbnailUrl":"http:\/\/www.lospoliticosveracruz.com.mx\/wp-content\/uploads\/2014\/12\/PAN-PRD-300x233.jpg","datePublished":"2015-09-21T02:14:14+00:00","breadcrumb":{"@id":"https:\/\/lospoliticosveracruz.com\/?p=17856#breadcrumb"},"inLanguage":"es","potentialAction":[{"@type":"ReadAction","target":["https:\/\/lospoliticosveracruz.com\/?p=17856"]}]},{"@type":"ImageObject","inLanguage":"es","@id":"https:\/\/lospoliticosveracruz.com\/?p=17856#primaryimage","url":"http:\/\/www.lospoliticosveracruz.com.mx\/wp-content\/uploads\/2014\/12\/PAN-PRD-300x233.jpg","contentUrl":"http:\/\/www.lospoliticosveracruz.com.mx\/wp-content\/uploads\/2014\/12\/PAN-PRD-300x233.jpg"},{"@type":"BreadcrumbList","@id":"https:\/\/lospoliticosveracruz.com\/?p=17856#breadcrumb","itemListElement":[{"@type":"ListItem","position":1,"name":"Portada","item":"https:\/\/lospoliticosveracruz.com\/"},{"@type":"ListItem","position":2,"name":"Construyen PAN-PRD alianza para Veracruz"}]},{"@type":"WebSite","@id":"https:\/\/lospoliticosveracruz.com\/#website","url":"https:\/\/lospoliticosveracruz.com\/","name":"Los pol\u00edticos Veracruz","description":"","publisher":{"@id":"https:\/\/lospoliticosveracruz.com\/#organization"},"potentialAction":[{"@type":"SearchAction","target":{"@type":"EntryPoint","urlTemplate":"https:\/\/lospoliticosveracruz.com\/?s={search_term_string}"},"query-input":{"@type":"PropertyValueSpecification","valueRequired":true,"valueName":"search_term_string"}}],"inLanguage":"es"},{"@type":"Organization","@id":"https:\/\/lospoliticosveracruz.com\/#organization","name":"Los pol\u00edticos Veracruz","url":"https:\/\/lospoliticosveracruz.com\/","logo":{"@type":"ImageObject","inLanguage":"es","@id":"https:\/\/lospoliticosveracruz.com\/#\/schema\/logo\/image\/","url":"https:\/\/lospoliticosveracruz.com\/wp-content\/uploads\/2025\/12\/Logo-Nuevo-LOS-POLITICOS-1.jpg","contentUrl":"https:\/\/lospoliticosveracruz.com\/wp-content\/uploads\/2025\/12\/Logo-Nuevo-LOS-POLITICOS-1.jpg","width":260,"height":70,"caption":"Los pol\u00edticos Veracruz"},"image":{"@id":"https:\/\/lospoliticosveracruz.com\/#\/schema\/logo\/image\/"},"sameAs":["https:\/\/www.facebook.com\/people\/Notimemes-de-los-Polticos\/61565672886568\/","https:\/\/x.com\/LosPoliticosVer"]},{"@type":"Person","@id":"https:\/\/lospoliticosveracruz.com\/#\/schema\/person\/b8702bb0e538456e6efd07080bf2a4a2","name":"Lo viste en Los Pol\u00edticos","image":{"@type":"ImageObject","inLanguage":"es","@id":"https:\/\/secure.gravatar.com\/avatar\/3a8de04a2656d44082be478bd6c086daa447c4651605818287b9532d3d0bd435?s=96&d=mm&r=g","url":"https:\/\/secure.gravatar.com\/avatar\/3a8de04a2656d44082be478bd6c086daa447c4651605818287b9532d3d0bd435?s=96&d=mm&r=g","contentUrl":"https:\/\/secure.gravatar.com\/avatar\/3a8de04a2656d44082be478bd6c086daa447c4651605818287b9532d3d0bd435?s=96&d=mm&r=g","caption":"Lo viste en Los Pol\u00edticos"},"url":"https:\/\/lospoliticosveracruz.com\/?author=2"}]}},"_links":{"self":[{"href":"https:\/\/lospoliticosveracruz.com\/index.php?rest_route=\/wp\/v2\/posts\/17856","targetHints":{"allow":["GET"]}}],"collection":[{"href":"https:\/\/lospoliticosveracruz.com\/index.php?rest_route=\/wp\/v2\/posts"}],"about":[{"href":"https:\/\/lospoliticosveracruz.com\/index.php?rest_route=\/wp\/v2\/types\/post"}],"author":[{"embeddable":true,"href":"https:\/\/lospoliticosveracruz.com\/index.php?rest_route=\/wp\/v2\/users\/2"}],"replies":[{"embeddable":true,"href":"https:\/\/lospoliticosveracruz.com\/index.php?rest_route=%2Fwp%2Fv2%2Fcomments&post=17856"}],"version-history":[{"count":1,"href":"https:\/\/lospoliticosveracruz.com\/index.php?rest_route=\/wp\/v2\/posts\/17856\/revisions"}],"predecessor-version":[{"id":17857,"href":"https:\/\/lospoliticosveracruz.com\/index.php?rest_route=\/wp\/v2\/posts\/17856\/revisions\/17857"}],"wp:attachment":[{"href":"https:\/\/lospoliticosveracruz.com\/index.php?rest_route=%2Fwp%2Fv2%2Fmedia&parent=17856"}],"wp:term":[{"taxonomy":"category","embeddable":true,"href":"https:\/\/lospoliticosveracruz.com\/index.php?rest_route=%2Fwp%2Fv2%2Fcategories&post=17856"},{"taxonomy":"post_tag","embeddable":true,"href":"https:\/\/lospoliticosveracruz.com\/index.php?rest_route=%2Fwp%2Fv2%2Ftags&post=17856"}],"curies":[{"name":"wp","href":"https:\/\/api.w.org\/{rel}","templated":true}]}}