{"id":17864,"date":"2015-09-20T21:47:30","date_gmt":"2015-09-21T02:47:30","guid":{"rendered":"http:\/\/www.lospoliticosveracruz.com.mx\/?p=17864"},"modified":"2015-09-20T21:47:30","modified_gmt":"2015-09-21T02:47:30","slug":"el-cumple-de-corintia","status":"publish","type":"post","link":"https:\/\/lospoliticosveracruz.com\/?p=17864","title":{"rendered":"El cumple de Corintia"},"content":{"rendered":"<p><a href=\"http:\/\/www.lospoliticosveracruz.com.mx\/wp-content\/uploads\/2015\/09\/Corintia-Cumple.jpg\"><img loading=\"lazy\" decoding=\"async\" class=\"alignnone size-medium wp-image-17866\" src=\"http:\/\/www.lospoliticosveracruz.com.mx\/wp-content\/uploads\/2015\/09\/Corintia-Cumple-300x200.jpg\" alt=\"Corintia Cumple\" width=\"300\" height=\"200\" \/><\/a><br \/>\n<strong>Salvador Mu\u00f1oz<\/strong><\/p>\n<p><em>Los Pol\u00edticos<\/em><\/p>\n<p>Las mesas de regalos fueron insuficientes para los presentes que con motivo del cumplea\u00f1os de Corintia Cruz Oreg\u00f3n, le llovieron ayer en la tarde en el Sal\u00f3n Suterm que retaba cualquier f\u00f3rmula de volumen y espacio, pues cuando parec\u00eda que ya no cab\u00eda ni un alfiler, segu\u00edan entrando m\u00e1s y m\u00e1s amigos, familias enteras, pol\u00edticos, diputados, toda la plana mayor del PRI estatal, un senador \u00a1y hasta Facundo! \u00a1claro! Si sentados caben mil 500, con m\u00e1s facilidad casi tres mil \u00a1bailando!<br \/>\nII<br \/>\nLa cita era a las tres de la tarde y los invitados iban haci\u00e9ndose presente&#8230; Familias enteras desde los diferentes puntos cardinales llegaban a pie, en taxi o en carro particular, como don Carlos Brito, que estuvo entre los primeros, \u00a1puntual como ingl\u00e9s!<br \/>\nEl Senador H\u00e9ctor Yunes Landa, otro de los puntuales, lleg\u00f3 para iniciar un periplo por todas las mesas antes de sentarse en la de Honor.<br \/>\nMientras tanto, Diana Santiago Huesca y Armida Ram\u00edrez Corral la hac\u00edan de \u201cHostess\u201d y a la vez de \u201cLog\u00edstica\u201d, porque en cuanto se super\u00f3 el n\u00famero de mil 500 asistentes, tuvieron que abrir espacio en un sal\u00f3n contiguo para los invitados que no dejaban de llegar.<\/p>\n<p><img loading=\"lazy\" decoding=\"async\" class=\"alignnone size-medium wp-image-17868\" src=\"http:\/\/www.lospoliticosveracruz.com.mx\/wp-content\/uploads\/2015\/09\/Corintia-Cumple-3-300x200.jpg\" alt=\"Corintia Cumple 3\" width=\"300\" height=\"200\" \/><br \/>\nIII<br \/>\n\u201c\u00bfY Corintia? \u00bfD\u00f3nde est\u00e1 Corintia?\u201d, se preguntaban los convidados que con regalos en mano, la buscaban al entrar.<br \/>\nCory, como le dicen sus amigos, ya iba de mesa en mesa checando que fueran bien atendidos, si no les faltaba nada, que si hac\u00edan falta m\u00e1s carnitas, m\u00e1s mixiotes, m\u00e1s tortillas, m\u00e1s refresco \u00bfy por qu\u00e9 no? \u00a1Chelas!<br \/>\nAlgunos comensales aprovechaban para tomarse la foto grupal con la secretaria general del PRI estatal mientras que los chavos no dejaban escapar la oportunidad para una Selfie. En algunas mesas le organizaban porras y por ah\u00ed sal\u00eda que un ramo de rosas, que un dulce de regalo, que una cajita o una cajota; que la bolsa de F\u00e1bricas o de Liverpool\u2026 le faltaban manos a Cory para tanto presente\u2026<br \/>\nIV<br \/>\nEn la mesa, Lorena Pi\u00f1\u00f3n e Itzel Lendechy aprovechaban para tomarse la selfie. Alfredo Ferrari Saavedra, el l\u00edder del PRI estatal, ocupaba su lugar al igual que Lalo Robles, el dirigente del PVEM. El secretario de Organizaci\u00f3n del tricolor, Ra\u00fal Zarrabal, no desaprovechaba el momento para entrarle al men\u00fa con ah\u00ednco\u2026 o es de buen comer o lo mandaron sin comer. A su lado, serio, el diputado Tonatiuh Pola.<br \/>\nEntonces, lleg\u00f3 el misanteco Heber Carballo Salazar acompa\u00f1ado de un g\u00fcero de barba con gorra\u2026 entraron discretos pero de inmediato, las jovencitas lo reconocieron: \u201c\u00a1Es Facundo! \u00a1es Facundo!\u201d y ya ten\u00edan lista la c\u00e1mara del celular mientras corr\u00edan hacia el actor de Televisa.<br \/>\nEl Suterm para ese entonces, rebosaba los dos mil asistentes y a\u00fan as\u00ed, se pod\u00edan ver tres conglomerados f\u00e1cilmente: Por un lado, los que se tomaban la foto con H\u00e9ctor Yunes Landa; por otro, los que se quer\u00edan tomar la foto con Facundo; y uno m\u00e1s, los que se tomaban la foto, echaban porras, abrazaban y besaban con afecto y cari\u00f1o a Cory, que se dejaba apapachar.<br \/>\nV<\/p>\n<p><img loading=\"lazy\" decoding=\"async\" class=\"alignnone size-medium wp-image-17865\" src=\"http:\/\/www.lospoliticosveracruz.com.mx\/wp-content\/uploads\/2015\/09\/Aracely-revo-225x300.jpg\" alt=\"Aracely revo\" width=\"225\" height=\"300\" \/><br \/>\n\u00a1Y surgi\u00f3 una Reina entre las mesas!: Do\u00f1a Aracely, vecina de \u201cla Revo\u201d, quien no tuvo empacho en ponerse a bailar y de inmediato la coronaron\u2026 s\u00ed, con una cerveza Corona en la cabeza y demostr\u00f3 sus dotes malabares y danc\u00edsticas al ritmo de chunchaca\u2026 \u00a1hasta que nos salpic\u00f3 a los cercanos al ca\u00e9rsele la chela!<br \/>\nLa m\u00fasica par\u00f3 un momento y pasaron el micr\u00f3fono a Cory, quien agradeci\u00f3 la presencia de su familia, de sus amigos del partido, del Senador H\u00e9ctor Yunes Landa, de diputados, \u201cpero sobre todo, de los amigos de las colonias, de las seccionales que me acompa\u00f1an\u2026\u201d, a quienes les ofreci\u00f3 una sonrisa y un abrazo, a la vez que ped\u00eda \u00a1fuera mesas! \u201c\u00a1porque vamos a empezar el baile!\u201d<br \/>\nMientras segu\u00eda llegando gente y m\u00e1s gente, como la diputada Maru Pinete as\u00ed como Marcos Theurel y Lupita F\u00e9lix Porras, a quien algo le molestaba muy canijo en la nariz que hurgaba con uno de sus dedos, se aprovech\u00f3 el momento para partir uno de los dos enormes pasteles que se brindaron a la cumplea\u00f1era.<br \/>\nPara ese entonces, se hablaba de \u00a12 mil 600 personas!<br \/>\nVI<\/p>\n<p><img loading=\"lazy\" decoding=\"async\" class=\"alignnone size-medium wp-image-17869\" src=\"http:\/\/www.lospoliticosveracruz.com.mx\/wp-content\/uploads\/2015\/09\/Corintia-Cumple-2-300x200.jpg\" alt=\"Corintia Cumple 2\" width=\"300\" height=\"200\" \/><br \/>\nFacundo se dio tiempo para dar aut\u00f3grafos\u2026 el reverso de las invitaciones de Cory fue un excelente lugar para que el actor estampara su firma. Las fotos del recuerdo y selfies estuvieron a la orden del d\u00eda, tan as\u00ed, que el mismo comediante hasta tomaba los celulares para tomar la \u201cplaca\u201d. Mientras unos estaban con el de Televisa, un se\u00f1or abusado tom\u00f3 de la mano a Corintia a la vez que le dec\u00eda \u201c\u00a1Ven! \u00a1vamos a bailar!\u201d y al ritmo de \u201cLa Colegiala\u201d abri\u00f3 pista.<br \/>\nPor supuesto, Alfredo Ferrari Saavedra tambi\u00e9n empez\u00f3 a mover el bote y Heber Carvallo no se quiso quedar atr\u00e1s. Ya para entonces, Lorena Pi\u00f1\u00f3n mov\u00eda las caderas.<br \/>\nMarlon Ram\u00edrez Mar\u00edn no se anduvo por las ramas, porque aunque lleg\u00f3 tarde, luego-luego demostr\u00f3 sus dotes de chunchaquero con la festejada.<br \/>\nY mientras el sal\u00f3n Suterm retaba cualquier ecuaci\u00f3n de Volumen y Espacio por tanto invitado, la mesa de regalos sucumb\u00eda ante tanto presente que bien podr\u00eda significar un gran futuro para la del cumplea\u00f1os\u2026<\/p>\n<p>smcainito@gmail.com<\/p>\n<p><img loading=\"lazy\" decoding=\"async\" class=\"alignnone size-medium wp-image-17867\" src=\"http:\/\/www.lospoliticosveracruz.com.mx\/wp-content\/uploads\/2015\/09\/Corintia-Cumple-4-300x200.jpg\" alt=\"Corintia Cumple 4\" width=\"300\" height=\"200\" \/><\/p>\n","protected":false},"excerpt":{"rendered":"<p>Salvador Mu\u00f1oz Los Pol\u00edticos Las mesas de regalos fueron insuficientes para los presentes que con motivo del cumplea\u00f1os de Corintia Cruz Oreg\u00f3n, le llovieron ayer en la tarde en el Sal\u00f3n Suterm que retaba cualquier f\u00f3rmula de volumen y espacio, pues cuando parec\u00eda que ya no cab\u00eda ni un alfiler, segu\u00edan entrando m\u00e1s y m\u00e1s [&hellip;]<\/p>\n","protected":false},"author":2,"featured_media":0,"comment_status":"open","ping_status":"open","sticky":false,"template":"","format":"standard","meta":{"tdm_status":"","tdm_grid_status":"","footnotes":""},"categories":[70],"tags":[1378,1518,582,240,1270,348,3446,1070,3450,3449,1706,3447,3445,3448],"class_list":{"0":"post-17864","1":"post","2":"type-post","3":"status-publish","4":"format-standard","6":"category-de-opinion","7":"tag-alfredo-ferrari-saavedra","8":"tag-carlos-brito","9":"tag-corintia-cruz-oregon","10":"tag-diana-santiago-huesca","11":"tag-heber-carballo-salazar","12":"tag-hector-yunes-landa","13":"tag-itzel-lendechy","14":"tag-lorena-pinon","15":"tag-lupita-felix-porras","16":"tag-marcos-theurel","17":"tag-marlon-ramirez","18":"tag-raul-zarrabal","19":"tag-suterm","20":"tag-tonatiuh-pola"},"yoast_head":"<!-- This site is optimized with the Yoast SEO plugin v27.4 - https:\/\/yoast.com\/product\/yoast-seo-wordpress\/ -->\n<title>El cumple de Corintia - Los pol\u00edticos Veracruz<\/title>\n<meta name=\"robots\" content=\"index, follow, max-snippet:-1, max-image-preview:large, max-video-preview:-1\" \/>\n<link rel=\"canonical\" href=\"https:\/\/lospoliticosveracruz.com\/?p=17864\" \/>\n<meta property=\"og:locale\" content=\"es_ES\" \/>\n<meta property=\"og:type\" content=\"article\" \/>\n<meta property=\"og:title\" content=\"El cumple de Corintia - Los pol\u00edticos Veracruz\" \/>\n<meta property=\"og:description\" content=\"Salvador Mu\u00f1oz Los Pol\u00edticos Las mesas de regalos fueron insuficientes para los presentes que con motivo del cumplea\u00f1os de Corintia Cruz Oreg\u00f3n, le llovieron ayer en la tarde en el Sal\u00f3n Suterm que retaba cualquier f\u00f3rmula de volumen y espacio, pues cuando parec\u00eda que ya no cab\u00eda ni un alfiler, segu\u00edan entrando m\u00e1s y m\u00e1s [&hellip;]\" \/>\n<meta property=\"og:url\" content=\"https:\/\/lospoliticosveracruz.com\/?p=17864\" \/>\n<meta property=\"og:site_name\" content=\"Los pol\u00edticos Veracruz\" \/>\n<meta property=\"article:publisher\" content=\"https:\/\/www.facebook.com\/people\/Notimemes-de-los-Polticos\/61565672886568\/\" \/>\n<meta property=\"article:published_time\" content=\"2015-09-21T02:47:30+00:00\" \/>\n<meta property=\"og:image\" content=\"http:\/\/www.lospoliticosveracruz.com.mx\/wp-content\/uploads\/2015\/09\/Corintia-Cumple-300x200.jpg\" \/>\n<meta name=\"author\" content=\"Lo viste en Los Pol\u00edticos\" \/>\n<meta name=\"twitter:card\" content=\"summary_large_image\" \/>\n<meta name=\"twitter:creator\" content=\"@LosPoliticosVer\" \/>\n<meta name=\"twitter:site\" content=\"@LosPoliticosVer\" \/>\n<meta name=\"twitter:label1\" content=\"Escrito por\" \/>\n\t<meta name=\"twitter:data1\" content=\"Lo viste en Los Pol\u00edticos\" \/>\n\t<meta name=\"twitter:label2\" content=\"Tiempo de lectura\" \/>\n\t<meta name=\"twitter:data2\" content=\"5 minutos\" \/>\n<script type=\"application\/ld+json\" class=\"yoast-schema-graph\">{\"@context\":\"https:\\\/\\\/schema.org\",\"@graph\":[{\"@type\":\"Article\",\"@id\":\"https:\\\/\\\/lospoliticosveracruz.com\\\/?p=17864#article\",\"isPartOf\":{\"@id\":\"https:\\\/\\\/lospoliticosveracruz.com\\\/?p=17864\"},\"author\":{\"name\":\"Lo viste en Los Pol\u00edticos\",\"@id\":\"https:\\\/\\\/lospoliticosveracruz.com\\\/#\\\/schema\\\/person\\\/b8702bb0e538456e6efd07080bf2a4a2\"},\"headline\":\"El cumple de Corintia\",\"datePublished\":\"2015-09-21T02:47:30+00:00\",\"mainEntityOfPage\":{\"@id\":\"https:\\\/\\\/lospoliticosveracruz.com\\\/?p=17864\"},\"wordCount\":941,\"commentCount\":0,\"publisher\":{\"@id\":\"https:\\\/\\\/lospoliticosveracruz.com\\\/#organization\"},\"image\":{\"@id\":\"https:\\\/\\\/lospoliticosveracruz.com\\\/?p=17864#primaryimage\"},\"thumbnailUrl\":\"http:\\\/\\\/www.lospoliticosveracruz.com.mx\\\/wp-content\\\/uploads\\\/2015\\\/09\\\/Corintia-Cumple-300x200.jpg\",\"keywords\":[\"Alfredo Ferrari Saavedra\",\"Carlos Brito\",\"Corintia Cruz Oreg\u00f3n\",\"Diana Santiago Huesca\",\"Heber Carballo Salazar\",\"H\u00e9ctor Yunes Landa\",\"Itzel Lendechy\",\"Lorena Pi\u00f1\u00f3n\",\"Lupita F\u00e9lix Porras\",\"Marcos Theurel\",\"Marlon Ram\u00edrez\",\"Ra\u00fal Zarrabal\",\"Suterm\",\"Tonatiuh Pola\"],\"articleSection\":[\"De Opini\u00f3n\"],\"inLanguage\":\"es\",\"potentialAction\":[{\"@type\":\"CommentAction\",\"name\":\"Comment\",\"target\":[\"https:\\\/\\\/lospoliticosveracruz.com\\\/?p=17864#respond\"]}]},{\"@type\":\"WebPage\",\"@id\":\"https:\\\/\\\/lospoliticosveracruz.com\\\/?p=17864\",\"url\":\"https:\\\/\\\/lospoliticosveracruz.com\\\/?p=17864\",\"name\":\"El cumple de Corintia - Los pol\u00edticos Veracruz\",\"isPartOf\":{\"@id\":\"https:\\\/\\\/lospoliticosveracruz.com\\\/#website\"},\"primaryImageOfPage\":{\"@id\":\"https:\\\/\\\/lospoliticosveracruz.com\\\/?p=17864#primaryimage\"},\"image\":{\"@id\":\"https:\\\/\\\/lospoliticosveracruz.com\\\/?p=17864#primaryimage\"},\"thumbnailUrl\":\"http:\\\/\\\/www.lospoliticosveracruz.com.mx\\\/wp-content\\\/uploads\\\/2015\\\/09\\\/Corintia-Cumple-300x200.jpg\",\"datePublished\":\"2015-09-21T02:47:30+00:00\",\"breadcrumb\":{\"@id\":\"https:\\\/\\\/lospoliticosveracruz.com\\\/?p=17864#breadcrumb\"},\"inLanguage\":\"es\",\"potentialAction\":[{\"@type\":\"ReadAction\",\"target\":[\"https:\\\/\\\/lospoliticosveracruz.com\\\/?p=17864\"]}]},{\"@type\":\"ImageObject\",\"inLanguage\":\"es\",\"@id\":\"https:\\\/\\\/lospoliticosveracruz.com\\\/?p=17864#primaryimage\",\"url\":\"http:\\\/\\\/www.lospoliticosveracruz.com.mx\\\/wp-content\\\/uploads\\\/2015\\\/09\\\/Corintia-Cumple-300x200.jpg\",\"contentUrl\":\"http:\\\/\\\/www.lospoliticosveracruz.com.mx\\\/wp-content\\\/uploads\\\/2015\\\/09\\\/Corintia-Cumple-300x200.jpg\"},{\"@type\":\"BreadcrumbList\",\"@id\":\"https:\\\/\\\/lospoliticosveracruz.com\\\/?p=17864#breadcrumb\",\"itemListElement\":[{\"@type\":\"ListItem\",\"position\":1,\"name\":\"Portada\",\"item\":\"https:\\\/\\\/lospoliticosveracruz.com\\\/\"},{\"@type\":\"ListItem\",\"position\":2,\"name\":\"El cumple de Corintia\"}]},{\"@type\":\"WebSite\",\"@id\":\"https:\\\/\\\/lospoliticosveracruz.com\\\/#website\",\"url\":\"https:\\\/\\\/lospoliticosveracruz.com\\\/\",\"name\":\"Los pol\u00edticos Veracruz\",\"description\":\"\",\"publisher\":{\"@id\":\"https:\\\/\\\/lospoliticosveracruz.com\\\/#organization\"},\"potentialAction\":[{\"@type\":\"SearchAction\",\"target\":{\"@type\":\"EntryPoint\",\"urlTemplate\":\"https:\\\/\\\/lospoliticosveracruz.com\\\/?s={search_term_string}\"},\"query-input\":{\"@type\":\"PropertyValueSpecification\",\"valueRequired\":true,\"valueName\":\"search_term_string\"}}],\"inLanguage\":\"es\"},{\"@type\":\"Organization\",\"@id\":\"https:\\\/\\\/lospoliticosveracruz.com\\\/#organization\",\"name\":\"Los pol\u00edticos Veracruz\",\"url\":\"https:\\\/\\\/lospoliticosveracruz.com\\\/\",\"logo\":{\"@type\":\"ImageObject\",\"inLanguage\":\"es\",\"@id\":\"https:\\\/\\\/lospoliticosveracruz.com\\\/#\\\/schema\\\/logo\\\/image\\\/\",\"url\":\"https:\\\/\\\/lospoliticosveracruz.com\\\/wp-content\\\/uploads\\\/2025\\\/12\\\/Logo-Nuevo-LOS-POLITICOS-1.jpg\",\"contentUrl\":\"https:\\\/\\\/lospoliticosveracruz.com\\\/wp-content\\\/uploads\\\/2025\\\/12\\\/Logo-Nuevo-LOS-POLITICOS-1.jpg\",\"width\":260,\"height\":70,\"caption\":\"Los pol\u00edticos Veracruz\"},\"image\":{\"@id\":\"https:\\\/\\\/lospoliticosveracruz.com\\\/#\\\/schema\\\/logo\\\/image\\\/\"},\"sameAs\":[\"https:\\\/\\\/www.facebook.com\\\/people\\\/Notimemes-de-los-Polticos\\\/61565672886568\\\/\",\"https:\\\/\\\/x.com\\\/LosPoliticosVer\"]},{\"@type\":\"Person\",\"@id\":\"https:\\\/\\\/lospoliticosveracruz.com\\\/#\\\/schema\\\/person\\\/b8702bb0e538456e6efd07080bf2a4a2\",\"name\":\"Lo viste en Los Pol\u00edticos\",\"image\":{\"@type\":\"ImageObject\",\"inLanguage\":\"es\",\"@id\":\"https:\\\/\\\/secure.gravatar.com\\\/avatar\\\/3a8de04a2656d44082be478bd6c086daa447c4651605818287b9532d3d0bd435?s=96&d=mm&r=g\",\"url\":\"https:\\\/\\\/secure.gravatar.com\\\/avatar\\\/3a8de04a2656d44082be478bd6c086daa447c4651605818287b9532d3d0bd435?s=96&d=mm&r=g\",\"contentUrl\":\"https:\\\/\\\/secure.gravatar.com\\\/avatar\\\/3a8de04a2656d44082be478bd6c086daa447c4651605818287b9532d3d0bd435?s=96&d=mm&r=g\",\"caption\":\"Lo viste en Los Pol\u00edticos\"},\"url\":\"https:\\\/\\\/lospoliticosveracruz.com\\\/?author=2\"}]}<\/script>\n<!-- \/ Yoast SEO plugin. -->","yoast_head_json":{"title":"El cumple de Corintia - Los pol\u00edticos Veracruz","robots":{"index":"index","follow":"follow","max-snippet":"max-snippet:-1","max-image-preview":"max-image-preview:large","max-video-preview":"max-video-preview:-1"},"canonical":"https:\/\/lospoliticosveracruz.com\/?p=17864","og_locale":"es_ES","og_type":"article","og_title":"El cumple de Corintia - Los pol\u00edticos Veracruz","og_description":"Salvador Mu\u00f1oz Los Pol\u00edticos Las mesas de regalos fueron insuficientes para los presentes que con motivo del cumplea\u00f1os de Corintia Cruz Oreg\u00f3n, le llovieron ayer en la tarde en el Sal\u00f3n Suterm que retaba cualquier f\u00f3rmula de volumen y espacio, pues cuando parec\u00eda que ya no cab\u00eda ni un alfiler, segu\u00edan entrando m\u00e1s y m\u00e1s [&hellip;]","og_url":"https:\/\/lospoliticosveracruz.com\/?p=17864","og_site_name":"Los pol\u00edticos Veracruz","article_publisher":"https:\/\/www.facebook.com\/people\/Notimemes-de-los-Polticos\/61565672886568\/","article_published_time":"2015-09-21T02:47:30+00:00","og_image":[{"url":"http:\/\/www.lospoliticosveracruz.com.mx\/wp-content\/uploads\/2015\/09\/Corintia-Cumple-300x200.jpg","type":"","width":"","height":""}],"author":"Lo viste en Los Pol\u00edticos","twitter_card":"summary_large_image","twitter_creator":"@LosPoliticosVer","twitter_site":"@LosPoliticosVer","twitter_misc":{"Escrito por":"Lo viste en Los Pol\u00edticos","Tiempo de lectura":"5 minutos"},"schema":{"@context":"https:\/\/schema.org","@graph":[{"@type":"Article","@id":"https:\/\/lospoliticosveracruz.com\/?p=17864#article","isPartOf":{"@id":"https:\/\/lospoliticosveracruz.com\/?p=17864"},"author":{"name":"Lo viste en Los Pol\u00edticos","@id":"https:\/\/lospoliticosveracruz.com\/#\/schema\/person\/b8702bb0e538456e6efd07080bf2a4a2"},"headline":"El cumple de Corintia","datePublished":"2015-09-21T02:47:30+00:00","mainEntityOfPage":{"@id":"https:\/\/lospoliticosveracruz.com\/?p=17864"},"wordCount":941,"commentCount":0,"publisher":{"@id":"https:\/\/lospoliticosveracruz.com\/#organization"},"image":{"@id":"https:\/\/lospoliticosveracruz.com\/?p=17864#primaryimage"},"thumbnailUrl":"http:\/\/www.lospoliticosveracruz.com.mx\/wp-content\/uploads\/2015\/09\/Corintia-Cumple-300x200.jpg","keywords":["Alfredo Ferrari Saavedra","Carlos Brito","Corintia Cruz Oreg\u00f3n","Diana Santiago Huesca","Heber Carballo Salazar","H\u00e9ctor Yunes Landa","Itzel Lendechy","Lorena Pi\u00f1\u00f3n","Lupita F\u00e9lix Porras","Marcos Theurel","Marlon Ram\u00edrez","Ra\u00fal Zarrabal","Suterm","Tonatiuh Pola"],"articleSection":["De Opini\u00f3n"],"inLanguage":"es","potentialAction":[{"@type":"CommentAction","name":"Comment","target":["https:\/\/lospoliticosveracruz.com\/?p=17864#respond"]}]},{"@type":"WebPage","@id":"https:\/\/lospoliticosveracruz.com\/?p=17864","url":"https:\/\/lospoliticosveracruz.com\/?p=17864","name":"El cumple de Corintia - Los pol\u00edticos Veracruz","isPartOf":{"@id":"https:\/\/lospoliticosveracruz.com\/#website"},"primaryImageOfPage":{"@id":"https:\/\/lospoliticosveracruz.com\/?p=17864#primaryimage"},"image":{"@id":"https:\/\/lospoliticosveracruz.com\/?p=17864#primaryimage"},"thumbnailUrl":"http:\/\/www.lospoliticosveracruz.com.mx\/wp-content\/uploads\/2015\/09\/Corintia-Cumple-300x200.jpg","datePublished":"2015-09-21T02:47:30+00:00","breadcrumb":{"@id":"https:\/\/lospoliticosveracruz.com\/?p=17864#breadcrumb"},"inLanguage":"es","potentialAction":[{"@type":"ReadAction","target":["https:\/\/lospoliticosveracruz.com\/?p=17864"]}]},{"@type":"ImageObject","inLanguage":"es","@id":"https:\/\/lospoliticosveracruz.com\/?p=17864#primaryimage","url":"http:\/\/www.lospoliticosveracruz.com.mx\/wp-content\/uploads\/2015\/09\/Corintia-Cumple-300x200.jpg","contentUrl":"http:\/\/www.lospoliticosveracruz.com.mx\/wp-content\/uploads\/2015\/09\/Corintia-Cumple-300x200.jpg"},{"@type":"BreadcrumbList","@id":"https:\/\/lospoliticosveracruz.com\/?p=17864#breadcrumb","itemListElement":[{"@type":"ListItem","position":1,"name":"Portada","item":"https:\/\/lospoliticosveracruz.com\/"},{"@type":"ListItem","position":2,"name":"El cumple de Corintia"}]},{"@type":"WebSite","@id":"https:\/\/lospoliticosveracruz.com\/#website","url":"https:\/\/lospoliticosveracruz.com\/","name":"Los pol\u00edticos Veracruz","description":"","publisher":{"@id":"https:\/\/lospoliticosveracruz.com\/#organization"},"potentialAction":[{"@type":"SearchAction","target":{"@type":"EntryPoint","urlTemplate":"https:\/\/lospoliticosveracruz.com\/?s={search_term_string}"},"query-input":{"@type":"PropertyValueSpecification","valueRequired":true,"valueName":"search_term_string"}}],"inLanguage":"es"},{"@type":"Organization","@id":"https:\/\/lospoliticosveracruz.com\/#organization","name":"Los pol\u00edticos Veracruz","url":"https:\/\/lospoliticosveracruz.com\/","logo":{"@type":"ImageObject","inLanguage":"es","@id":"https:\/\/lospoliticosveracruz.com\/#\/schema\/logo\/image\/","url":"https:\/\/lospoliticosveracruz.com\/wp-content\/uploads\/2025\/12\/Logo-Nuevo-LOS-POLITICOS-1.jpg","contentUrl":"https:\/\/lospoliticosveracruz.com\/wp-content\/uploads\/2025\/12\/Logo-Nuevo-LOS-POLITICOS-1.jpg","width":260,"height":70,"caption":"Los pol\u00edticos Veracruz"},"image":{"@id":"https:\/\/lospoliticosveracruz.com\/#\/schema\/logo\/image\/"},"sameAs":["https:\/\/www.facebook.com\/people\/Notimemes-de-los-Polticos\/61565672886568\/","https:\/\/x.com\/LosPoliticosVer"]},{"@type":"Person","@id":"https:\/\/lospoliticosveracruz.com\/#\/schema\/person\/b8702bb0e538456e6efd07080bf2a4a2","name":"Lo viste en Los Pol\u00edticos","image":{"@type":"ImageObject","inLanguage":"es","@id":"https:\/\/secure.gravatar.com\/avatar\/3a8de04a2656d44082be478bd6c086daa447c4651605818287b9532d3d0bd435?s=96&d=mm&r=g","url":"https:\/\/secure.gravatar.com\/avatar\/3a8de04a2656d44082be478bd6c086daa447c4651605818287b9532d3d0bd435?s=96&d=mm&r=g","contentUrl":"https:\/\/secure.gravatar.com\/avatar\/3a8de04a2656d44082be478bd6c086daa447c4651605818287b9532d3d0bd435?s=96&d=mm&r=g","caption":"Lo viste en Los Pol\u00edticos"},"url":"https:\/\/lospoliticosveracruz.com\/?author=2"}]}},"_links":{"self":[{"href":"https:\/\/lospoliticosveracruz.com\/index.php?rest_route=\/wp\/v2\/posts\/17864","targetHints":{"allow":["GET"]}}],"collection":[{"href":"https:\/\/lospoliticosveracruz.com\/index.php?rest_route=\/wp\/v2\/posts"}],"about":[{"href":"https:\/\/lospoliticosveracruz.com\/index.php?rest_route=\/wp\/v2\/types\/post"}],"author":[{"embeddable":true,"href":"https:\/\/lospoliticosveracruz.com\/index.php?rest_route=\/wp\/v2\/users\/2"}],"replies":[{"embeddable":true,"href":"https:\/\/lospoliticosveracruz.com\/index.php?rest_route=%2Fwp%2Fv2%2Fcomments&post=17864"}],"version-history":[{"count":1,"href":"https:\/\/lospoliticosveracruz.com\/index.php?rest_route=\/wp\/v2\/posts\/17864\/revisions"}],"predecessor-version":[{"id":17870,"href":"https:\/\/lospoliticosveracruz.com\/index.php?rest_route=\/wp\/v2\/posts\/17864\/revisions\/17870"}],"wp:attachment":[{"href":"https:\/\/lospoliticosveracruz.com\/index.php?rest_route=%2Fwp%2Fv2%2Fmedia&parent=17864"}],"wp:term":[{"taxonomy":"category","embeddable":true,"href":"https:\/\/lospoliticosveracruz.com\/index.php?rest_route=%2Fwp%2Fv2%2Fcategories&post=17864"},{"taxonomy":"post_tag","embeddable":true,"href":"https:\/\/lospoliticosveracruz.com\/index.php?rest_route=%2Fwp%2Fv2%2Ftags&post=17864"}],"curies":[{"name":"wp","href":"https:\/\/api.w.org\/{rel}","templated":true}]}}