{"id":17908,"date":"2015-09-23T10:39:23","date_gmt":"2015-09-23T15:39:23","guid":{"rendered":"http:\/\/www.lospoliticosveracruz.com.mx\/?p=17908"},"modified":"2015-09-23T10:39:23","modified_gmt":"2015-09-23T15:39:23","slug":"yunes-candidato","status":"publish","type":"post","link":"https:\/\/lospoliticosveracruz.com\/?p=17908","title":{"rendered":"Yunes, candidato"},"content":{"rendered":"<p><a href=\"http:\/\/www.lospoliticosveracruz.com.mx\/wp-content\/uploads\/2015\/08\/Miguel-Angel-Yunes-Linares.jpg\"><img loading=\"lazy\" decoding=\"async\" class=\"alignnone size-medium wp-image-17571\" src=\"http:\/\/www.lospoliticosveracruz.com.mx\/wp-content\/uploads\/2015\/08\/Miguel-Angel-Yunes-Linares-300x195.jpg\" alt=\"Miguel Angel Yunes Linares\" width=\"300\" height=\"195\" \/><\/a><\/p>\n<p><strong>Gabriel Arellano L\u00f3pez<\/strong><\/p>\n<p><em>Escenario<\/em><br \/>\nPara el dirigente panista estatal Pepe Mancha el escenario electoral 2016 parece encaminado y viable: Acci\u00f3n Nacional trabar\u00e1 alianza al menos con el PRD y el candidato a gobernador ser\u00e1 Miguel \u00c1ngel Yunes Linares.<\/p>\n<p>De acuerdo al mismo presidente del panismo veracruzano, esta candidatura vendr\u00e1 por los caminos del Comit\u00e9 Ejecutivo Nacional y a ella deber\u00e1n sujetarse y adherirse las instancias estatales.<\/p>\n<p>Lo primero que veremos \u2013de acuerdo a Pepe Mancha- ser\u00e1 el acuerdo de una alianza electoral entre el PAN y el PRD , a la que acaso tambi\u00e9n alcance a sumarse Movimiento Ciudadano, una alianza que sea de 2 o 3 fuerzas podr\u00eda ser suficiente para sacar al PRI del Palacio de Gobierno de Xalapa.<\/p>\n<p>Durante una charla que sostuvo Pepe Mancha con columnistas integrantes del Grupo de los Diez, no desde\u00f1\u00f3 ni descart\u00f3 al ex senador y ex diputado federal cordob\u00e9s Juan Bueno Torio, quien tambi\u00e9n busca afanosamente la nominaci\u00f3n del PAN para la gubernatura de Veracruz.<\/p>\n<p>Sin embargo, opin\u00f3 que Yunes Linares le representa a Acci\u00f3n Nacional mayor competitividad electoral, adem\u00e1s de apuntar que los factores de decisi\u00f3n interna se muestran m\u00e1s favorables al pol\u00edtico de Soledad de Doblado.<\/p>\n<p>Por encima de todo, el dirigente del CDE del PAN no dej\u00f3 de manifestarse respetuoso de los tiempos pol\u00edticos y de la militancia partidista, as\u00ed como de quienes aspiran leg\u00edtimamente a conseguir el abanderamiento para la elecci\u00f3n a gobernador en 2016.<\/p>\n<p>Por otra parte, rechaz\u00f3 tajantemente cualquier posibilidad de que grupos pol\u00edticos priistas logren \u201cnegociar\u201d \u00f3 \u201cplanchar\u201d a la dirigencia panista de cara a esa misma elecci\u00f3n, mostr\u00e1ndose confiado igualmente en que se materializar\u00e1 la alianza electoral con el PRD.<\/p>\n<p>Pepe Mancha extern\u00f3 que le gente est\u00e1 harta de los \u00faltimos gobiernos priistas estatales y de lo mal que han manejado los recursos p\u00fablicos hasta llevar a Veracruz a la cr\u00edtica situaci\u00f3n en que se encuentra.<\/p>\n<p>Por ello, estim\u00f3 que son muy altas las probabilidades de triunfo electoral contra el PRI, explicando que esto lo saben bien las instancias gubernamentales y por ello son los constantes ataques a Yunes Linares y a la posibilidad de una alianza electoral opositora.<\/p>\n<p>Pese a todo, Mancha expres\u00f3 su plena confianza en el futuro electoral del panismo veracruzano.<\/p>\n<p><strong>ERIKA, SENSATA<\/strong><\/p>\n<p>La reci\u00e9n elegida dirigente estatal de la CNOP Erika Ayala R\u00edos, cumpli\u00f3 a\u00f1os este martes. La fecha la reparti\u00f3 entre trabajo y una reuni\u00f3n familiar, brindando as\u00ed ejemplo de sensatez y responsabilidad, contrariamente a una \u201cBarbie\u201d priista que hizo de su propio cumplea\u00f1os un derroche de recursos en una fiestecita que result\u00f3 ser un insulto a la miseria en la que el mismo gobierno que la consiente a ella mantiene a millones de veracruzanos.<\/p>\n<p>Esta \u201cBarbie\u201d aspira a un proyecto similar al que leg\u00edtimamente (m\u00e1s a\u00fan) podr\u00eda alcanzar Erika.<\/p>\n<p>Hay a quienes no le gustan las comparaciones pero los xalape\u00f1os inevitablemente hemos observado c\u00f3mo la dirigente cenopista desde su trinchera sindical se ha ido abriendo paso poco a poco y con base en mucho trabajo, entrega y profesionalismo pol\u00edtico, sin dejar de lado su sensibilidad que le ha ayudado a abrirse puertas y ampliar sus relaciones.<\/p>\n<p>Mientras tanto en la otra cara de la moneda vemos a una mu\u00f1equita de oropel inflada de la noche a la ma\u00f1ana por la generosa prosperidad que de repente nos la endilg\u00f3 como figura pol\u00edtica con los \u201ctama\u00f1os\u201d y \u201cmerecimientos\u201d hasta para representarnos a los xalape\u00f1os.<\/p>\n<p>No es sino la misma mercadotecnia sustentada por millones de pesos (que para eso s\u00ed hay dinero y mucho) sobre la que se nos han inventado durante los \u00faltimos a\u00f1os figurillas pol\u00edticas que s\u00f3lo se han servido del erario p\u00fablico.<\/p>\n<p>Enhorabuena para Erika, cuya sensatez es digna de elogio y reconocimiento, porque es precisamente eso lo que est\u00e1 haciendo mucha falta en Veracruz, un Veracruz marcado hoy por el hartazgo hacia la soberbia oficial.<\/p>\n<p><strong>RAMON POO, VACACIONANDO<\/strong><\/p>\n<p>El alcalde porte\u00f1o Ram\u00f3n Poo anda de vacaciones, mientras los problemas le estallan en las mismas puertas del palacio municipal, hasta donde ayer llegaron decenas de integrantes de Antorcha Campesina, que son habitantes de diversas colonias carentes de los servicios p\u00fablicos b\u00e1sicos.<\/p>\n<p>Dijeron los manifestantes que los gobiernos federal y estatal les han brindado generoso apoyo, contrariamente a la administraci\u00f3n municipal de Ram\u00f3n Poo que sistem\u00e1ticamente esquiva las demandas que se le plantean.<\/p>\n<p>Suman miles los antorchistas que conforman colonias en el puerto de Veracruz y ciertamente hay sobradas pruebas del respaldo que esta agrupaci\u00f3n recibe de los gobiernos federal, estatal y locales en diversos municipios, cuesti\u00f3n que parece ignorar o no importarle al alcalde Poo, quien muy quitado de la pena y dejando de lado los problemas latentes en el puerto, se fue a vacacionar.<\/p>\n","protected":false},"excerpt":{"rendered":"<p>Gabriel Arellano L\u00f3pez Escenario Para el dirigente panista estatal Pepe Mancha el escenario electoral 2016 parece encaminado y viable: Acci\u00f3n Nacional trabar\u00e1 alianza al menos con el PRD y el candidato a gobernador ser\u00e1 Miguel \u00c1ngel Yunes Linares. De acuerdo al mismo presidente del panismo veracruzano, esta candidatura vendr\u00e1 por los caminos del Comit\u00e9 Ejecutivo [&hellip;]<\/p>\n","protected":false},"author":2,"featured_media":0,"comment_status":"open","ping_status":"open","sticky":false,"template":"","format":"standard","meta":{"tdm_status":"","tdm_grid_status":"","footnotes":""},"categories":[70],"tags":[3199,266,1065,107],"class_list":{"0":"post-17908","1":"post","2":"type-post","3":"status-publish","4":"format-standard","6":"category-de-opinion","7":"tag-alianza","8":"tag-pan","9":"tag-pepe-mancha","10":"tag-prd"},"yoast_head":"<!-- This site is optimized with the Yoast SEO plugin v27.4 - https:\/\/yoast.com\/product\/yoast-seo-wordpress\/ -->\n<title>Yunes, candidato - Los pol\u00edticos Veracruz<\/title>\n<meta name=\"robots\" content=\"index, follow, max-snippet:-1, max-image-preview:large, max-video-preview:-1\" \/>\n<link rel=\"canonical\" href=\"https:\/\/lospoliticosveracruz.com\/?p=17908\" \/>\n<meta property=\"og:locale\" content=\"es_ES\" \/>\n<meta property=\"og:type\" content=\"article\" \/>\n<meta property=\"og:title\" content=\"Yunes, candidato - Los pol\u00edticos Veracruz\" \/>\n<meta property=\"og:description\" content=\"Gabriel Arellano L\u00f3pez Escenario Para el dirigente panista estatal Pepe Mancha el escenario electoral 2016 parece encaminado y viable: Acci\u00f3n Nacional trabar\u00e1 alianza al menos con el PRD y el candidato a gobernador ser\u00e1 Miguel \u00c1ngel Yunes Linares. De acuerdo al mismo presidente del panismo veracruzano, esta candidatura vendr\u00e1 por los caminos del Comit\u00e9 Ejecutivo [&hellip;]\" \/>\n<meta property=\"og:url\" content=\"https:\/\/lospoliticosveracruz.com\/?p=17908\" \/>\n<meta property=\"og:site_name\" content=\"Los pol\u00edticos Veracruz\" \/>\n<meta property=\"article:publisher\" content=\"https:\/\/www.facebook.com\/people\/Notimemes-de-los-Polticos\/61565672886568\/\" \/>\n<meta property=\"article:published_time\" content=\"2015-09-23T15:39:23+00:00\" \/>\n<meta property=\"og:image\" content=\"http:\/\/www.lospoliticosveracruz.com.mx\/wp-content\/uploads\/2015\/08\/Miguel-Angel-Yunes-Linares-300x195.jpg\" \/>\n<meta name=\"author\" content=\"Lo viste en Los Pol\u00edticos\" \/>\n<meta name=\"twitter:card\" content=\"summary_large_image\" \/>\n<meta name=\"twitter:creator\" content=\"@LosPoliticosVer\" \/>\n<meta name=\"twitter:site\" content=\"@LosPoliticosVer\" \/>\n<meta name=\"twitter:label1\" content=\"Escrito por\" \/>\n\t<meta name=\"twitter:data1\" content=\"Lo viste en Los Pol\u00edticos\" \/>\n\t<meta name=\"twitter:label2\" content=\"Tiempo de lectura\" \/>\n\t<meta name=\"twitter:data2\" content=\"4 minutos\" \/>\n<script type=\"application\/ld+json\" class=\"yoast-schema-graph\">{\"@context\":\"https:\\\/\\\/schema.org\",\"@graph\":[{\"@type\":\"Article\",\"@id\":\"https:\\\/\\\/lospoliticosveracruz.com\\\/?p=17908#article\",\"isPartOf\":{\"@id\":\"https:\\\/\\\/lospoliticosveracruz.com\\\/?p=17908\"},\"author\":{\"name\":\"Lo viste en Los Pol\u00edticos\",\"@id\":\"https:\\\/\\\/lospoliticosveracruz.com\\\/#\\\/schema\\\/person\\\/b8702bb0e538456e6efd07080bf2a4a2\"},\"headline\":\"Yunes, candidato\",\"datePublished\":\"2015-09-23T15:39:23+00:00\",\"mainEntityOfPage\":{\"@id\":\"https:\\\/\\\/lospoliticosveracruz.com\\\/?p=17908\"},\"wordCount\":826,\"commentCount\":0,\"publisher\":{\"@id\":\"https:\\\/\\\/lospoliticosveracruz.com\\\/#organization\"},\"image\":{\"@id\":\"https:\\\/\\\/lospoliticosveracruz.com\\\/?p=17908#primaryimage\"},\"thumbnailUrl\":\"http:\\\/\\\/www.lospoliticosveracruz.com.mx\\\/wp-content\\\/uploads\\\/2015\\\/08\\\/Miguel-Angel-Yunes-Linares-300x195.jpg\",\"keywords\":[\"alianza\",\"PAN\",\"Pepe Mancha\",\"PRD\"],\"articleSection\":[\"De Opini\u00f3n\"],\"inLanguage\":\"es\",\"potentialAction\":[{\"@type\":\"CommentAction\",\"name\":\"Comment\",\"target\":[\"https:\\\/\\\/lospoliticosveracruz.com\\\/?p=17908#respond\"]}]},{\"@type\":\"WebPage\",\"@id\":\"https:\\\/\\\/lospoliticosveracruz.com\\\/?p=17908\",\"url\":\"https:\\\/\\\/lospoliticosveracruz.com\\\/?p=17908\",\"name\":\"Yunes, candidato - Los pol\u00edticos Veracruz\",\"isPartOf\":{\"@id\":\"https:\\\/\\\/lospoliticosveracruz.com\\\/#website\"},\"primaryImageOfPage\":{\"@id\":\"https:\\\/\\\/lospoliticosveracruz.com\\\/?p=17908#primaryimage\"},\"image\":{\"@id\":\"https:\\\/\\\/lospoliticosveracruz.com\\\/?p=17908#primaryimage\"},\"thumbnailUrl\":\"http:\\\/\\\/www.lospoliticosveracruz.com.mx\\\/wp-content\\\/uploads\\\/2015\\\/08\\\/Miguel-Angel-Yunes-Linares-300x195.jpg\",\"datePublished\":\"2015-09-23T15:39:23+00:00\",\"breadcrumb\":{\"@id\":\"https:\\\/\\\/lospoliticosveracruz.com\\\/?p=17908#breadcrumb\"},\"inLanguage\":\"es\",\"potentialAction\":[{\"@type\":\"ReadAction\",\"target\":[\"https:\\\/\\\/lospoliticosveracruz.com\\\/?p=17908\"]}]},{\"@type\":\"ImageObject\",\"inLanguage\":\"es\",\"@id\":\"https:\\\/\\\/lospoliticosveracruz.com\\\/?p=17908#primaryimage\",\"url\":\"http:\\\/\\\/www.lospoliticosveracruz.com.mx\\\/wp-content\\\/uploads\\\/2015\\\/08\\\/Miguel-Angel-Yunes-Linares-300x195.jpg\",\"contentUrl\":\"http:\\\/\\\/www.lospoliticosveracruz.com.mx\\\/wp-content\\\/uploads\\\/2015\\\/08\\\/Miguel-Angel-Yunes-Linares-300x195.jpg\"},{\"@type\":\"BreadcrumbList\",\"@id\":\"https:\\\/\\\/lospoliticosveracruz.com\\\/?p=17908#breadcrumb\",\"itemListElement\":[{\"@type\":\"ListItem\",\"position\":1,\"name\":\"Portada\",\"item\":\"https:\\\/\\\/lospoliticosveracruz.com\\\/\"},{\"@type\":\"ListItem\",\"position\":2,\"name\":\"Yunes, candidato\"}]},{\"@type\":\"WebSite\",\"@id\":\"https:\\\/\\\/lospoliticosveracruz.com\\\/#website\",\"url\":\"https:\\\/\\\/lospoliticosveracruz.com\\\/\",\"name\":\"Los pol\u00edticos Veracruz\",\"description\":\"\",\"publisher\":{\"@id\":\"https:\\\/\\\/lospoliticosveracruz.com\\\/#organization\"},\"potentialAction\":[{\"@type\":\"SearchAction\",\"target\":{\"@type\":\"EntryPoint\",\"urlTemplate\":\"https:\\\/\\\/lospoliticosveracruz.com\\\/?s={search_term_string}\"},\"query-input\":{\"@type\":\"PropertyValueSpecification\",\"valueRequired\":true,\"valueName\":\"search_term_string\"}}],\"inLanguage\":\"es\"},{\"@type\":\"Organization\",\"@id\":\"https:\\\/\\\/lospoliticosveracruz.com\\\/#organization\",\"name\":\"Los pol\u00edticos Veracruz\",\"url\":\"https:\\\/\\\/lospoliticosveracruz.com\\\/\",\"logo\":{\"@type\":\"ImageObject\",\"inLanguage\":\"es\",\"@id\":\"https:\\\/\\\/lospoliticosveracruz.com\\\/#\\\/schema\\\/logo\\\/image\\\/\",\"url\":\"https:\\\/\\\/lospoliticosveracruz.com\\\/wp-content\\\/uploads\\\/2025\\\/12\\\/Logo-Nuevo-LOS-POLITICOS-1.jpg\",\"contentUrl\":\"https:\\\/\\\/lospoliticosveracruz.com\\\/wp-content\\\/uploads\\\/2025\\\/12\\\/Logo-Nuevo-LOS-POLITICOS-1.jpg\",\"width\":260,\"height\":70,\"caption\":\"Los pol\u00edticos Veracruz\"},\"image\":{\"@id\":\"https:\\\/\\\/lospoliticosveracruz.com\\\/#\\\/schema\\\/logo\\\/image\\\/\"},\"sameAs\":[\"https:\\\/\\\/www.facebook.com\\\/people\\\/Notimemes-de-los-Polticos\\\/61565672886568\\\/\",\"https:\\\/\\\/x.com\\\/LosPoliticosVer\"]},{\"@type\":\"Person\",\"@id\":\"https:\\\/\\\/lospoliticosveracruz.com\\\/#\\\/schema\\\/person\\\/b8702bb0e538456e6efd07080bf2a4a2\",\"name\":\"Lo viste en Los Pol\u00edticos\",\"image\":{\"@type\":\"ImageObject\",\"inLanguage\":\"es\",\"@id\":\"https:\\\/\\\/secure.gravatar.com\\\/avatar\\\/3a8de04a2656d44082be478bd6c086daa447c4651605818287b9532d3d0bd435?s=96&d=mm&r=g\",\"url\":\"https:\\\/\\\/secure.gravatar.com\\\/avatar\\\/3a8de04a2656d44082be478bd6c086daa447c4651605818287b9532d3d0bd435?s=96&d=mm&r=g\",\"contentUrl\":\"https:\\\/\\\/secure.gravatar.com\\\/avatar\\\/3a8de04a2656d44082be478bd6c086daa447c4651605818287b9532d3d0bd435?s=96&d=mm&r=g\",\"caption\":\"Lo viste en Los Pol\u00edticos\"},\"url\":\"https:\\\/\\\/lospoliticosveracruz.com\\\/?author=2\"}]}<\/script>\n<!-- \/ Yoast SEO plugin. -->","yoast_head_json":{"title":"Yunes, candidato - Los pol\u00edticos Veracruz","robots":{"index":"index","follow":"follow","max-snippet":"max-snippet:-1","max-image-preview":"max-image-preview:large","max-video-preview":"max-video-preview:-1"},"canonical":"https:\/\/lospoliticosveracruz.com\/?p=17908","og_locale":"es_ES","og_type":"article","og_title":"Yunes, candidato - Los pol\u00edticos Veracruz","og_description":"Gabriel Arellano L\u00f3pez Escenario Para el dirigente panista estatal Pepe Mancha el escenario electoral 2016 parece encaminado y viable: Acci\u00f3n Nacional trabar\u00e1 alianza al menos con el PRD y el candidato a gobernador ser\u00e1 Miguel \u00c1ngel Yunes Linares. De acuerdo al mismo presidente del panismo veracruzano, esta candidatura vendr\u00e1 por los caminos del Comit\u00e9 Ejecutivo [&hellip;]","og_url":"https:\/\/lospoliticosveracruz.com\/?p=17908","og_site_name":"Los pol\u00edticos Veracruz","article_publisher":"https:\/\/www.facebook.com\/people\/Notimemes-de-los-Polticos\/61565672886568\/","article_published_time":"2015-09-23T15:39:23+00:00","og_image":[{"url":"http:\/\/www.lospoliticosveracruz.com.mx\/wp-content\/uploads\/2015\/08\/Miguel-Angel-Yunes-Linares-300x195.jpg","type":"","width":"","height":""}],"author":"Lo viste en Los Pol\u00edticos","twitter_card":"summary_large_image","twitter_creator":"@LosPoliticosVer","twitter_site":"@LosPoliticosVer","twitter_misc":{"Escrito por":"Lo viste en Los Pol\u00edticos","Tiempo de lectura":"4 minutos"},"schema":{"@context":"https:\/\/schema.org","@graph":[{"@type":"Article","@id":"https:\/\/lospoliticosveracruz.com\/?p=17908#article","isPartOf":{"@id":"https:\/\/lospoliticosveracruz.com\/?p=17908"},"author":{"name":"Lo viste en Los Pol\u00edticos","@id":"https:\/\/lospoliticosveracruz.com\/#\/schema\/person\/b8702bb0e538456e6efd07080bf2a4a2"},"headline":"Yunes, candidato","datePublished":"2015-09-23T15:39:23+00:00","mainEntityOfPage":{"@id":"https:\/\/lospoliticosveracruz.com\/?p=17908"},"wordCount":826,"commentCount":0,"publisher":{"@id":"https:\/\/lospoliticosveracruz.com\/#organization"},"image":{"@id":"https:\/\/lospoliticosveracruz.com\/?p=17908#primaryimage"},"thumbnailUrl":"http:\/\/www.lospoliticosveracruz.com.mx\/wp-content\/uploads\/2015\/08\/Miguel-Angel-Yunes-Linares-300x195.jpg","keywords":["alianza","PAN","Pepe Mancha","PRD"],"articleSection":["De Opini\u00f3n"],"inLanguage":"es","potentialAction":[{"@type":"CommentAction","name":"Comment","target":["https:\/\/lospoliticosveracruz.com\/?p=17908#respond"]}]},{"@type":"WebPage","@id":"https:\/\/lospoliticosveracruz.com\/?p=17908","url":"https:\/\/lospoliticosveracruz.com\/?p=17908","name":"Yunes, candidato - Los pol\u00edticos Veracruz","isPartOf":{"@id":"https:\/\/lospoliticosveracruz.com\/#website"},"primaryImageOfPage":{"@id":"https:\/\/lospoliticosveracruz.com\/?p=17908#primaryimage"},"image":{"@id":"https:\/\/lospoliticosveracruz.com\/?p=17908#primaryimage"},"thumbnailUrl":"http:\/\/www.lospoliticosveracruz.com.mx\/wp-content\/uploads\/2015\/08\/Miguel-Angel-Yunes-Linares-300x195.jpg","datePublished":"2015-09-23T15:39:23+00:00","breadcrumb":{"@id":"https:\/\/lospoliticosveracruz.com\/?p=17908#breadcrumb"},"inLanguage":"es","potentialAction":[{"@type":"ReadAction","target":["https:\/\/lospoliticosveracruz.com\/?p=17908"]}]},{"@type":"ImageObject","inLanguage":"es","@id":"https:\/\/lospoliticosveracruz.com\/?p=17908#primaryimage","url":"http:\/\/www.lospoliticosveracruz.com.mx\/wp-content\/uploads\/2015\/08\/Miguel-Angel-Yunes-Linares-300x195.jpg","contentUrl":"http:\/\/www.lospoliticosveracruz.com.mx\/wp-content\/uploads\/2015\/08\/Miguel-Angel-Yunes-Linares-300x195.jpg"},{"@type":"BreadcrumbList","@id":"https:\/\/lospoliticosveracruz.com\/?p=17908#breadcrumb","itemListElement":[{"@type":"ListItem","position":1,"name":"Portada","item":"https:\/\/lospoliticosveracruz.com\/"},{"@type":"ListItem","position":2,"name":"Yunes, candidato"}]},{"@type":"WebSite","@id":"https:\/\/lospoliticosveracruz.com\/#website","url":"https:\/\/lospoliticosveracruz.com\/","name":"Los pol\u00edticos Veracruz","description":"","publisher":{"@id":"https:\/\/lospoliticosveracruz.com\/#organization"},"potentialAction":[{"@type":"SearchAction","target":{"@type":"EntryPoint","urlTemplate":"https:\/\/lospoliticosveracruz.com\/?s={search_term_string}"},"query-input":{"@type":"PropertyValueSpecification","valueRequired":true,"valueName":"search_term_string"}}],"inLanguage":"es"},{"@type":"Organization","@id":"https:\/\/lospoliticosveracruz.com\/#organization","name":"Los pol\u00edticos Veracruz","url":"https:\/\/lospoliticosveracruz.com\/","logo":{"@type":"ImageObject","inLanguage":"es","@id":"https:\/\/lospoliticosveracruz.com\/#\/schema\/logo\/image\/","url":"https:\/\/lospoliticosveracruz.com\/wp-content\/uploads\/2025\/12\/Logo-Nuevo-LOS-POLITICOS-1.jpg","contentUrl":"https:\/\/lospoliticosveracruz.com\/wp-content\/uploads\/2025\/12\/Logo-Nuevo-LOS-POLITICOS-1.jpg","width":260,"height":70,"caption":"Los pol\u00edticos Veracruz"},"image":{"@id":"https:\/\/lospoliticosveracruz.com\/#\/schema\/logo\/image\/"},"sameAs":["https:\/\/www.facebook.com\/people\/Notimemes-de-los-Polticos\/61565672886568\/","https:\/\/x.com\/LosPoliticosVer"]},{"@type":"Person","@id":"https:\/\/lospoliticosveracruz.com\/#\/schema\/person\/b8702bb0e538456e6efd07080bf2a4a2","name":"Lo viste en Los Pol\u00edticos","image":{"@type":"ImageObject","inLanguage":"es","@id":"https:\/\/secure.gravatar.com\/avatar\/3a8de04a2656d44082be478bd6c086daa447c4651605818287b9532d3d0bd435?s=96&d=mm&r=g","url":"https:\/\/secure.gravatar.com\/avatar\/3a8de04a2656d44082be478bd6c086daa447c4651605818287b9532d3d0bd435?s=96&d=mm&r=g","contentUrl":"https:\/\/secure.gravatar.com\/avatar\/3a8de04a2656d44082be478bd6c086daa447c4651605818287b9532d3d0bd435?s=96&d=mm&r=g","caption":"Lo viste en Los Pol\u00edticos"},"url":"https:\/\/lospoliticosveracruz.com\/?author=2"}]}},"_links":{"self":[{"href":"https:\/\/lospoliticosveracruz.com\/index.php?rest_route=\/wp\/v2\/posts\/17908","targetHints":{"allow":["GET"]}}],"collection":[{"href":"https:\/\/lospoliticosveracruz.com\/index.php?rest_route=\/wp\/v2\/posts"}],"about":[{"href":"https:\/\/lospoliticosveracruz.com\/index.php?rest_route=\/wp\/v2\/types\/post"}],"author":[{"embeddable":true,"href":"https:\/\/lospoliticosveracruz.com\/index.php?rest_route=\/wp\/v2\/users\/2"}],"replies":[{"embeddable":true,"href":"https:\/\/lospoliticosveracruz.com\/index.php?rest_route=%2Fwp%2Fv2%2Fcomments&post=17908"}],"version-history":[{"count":1,"href":"https:\/\/lospoliticosveracruz.com\/index.php?rest_route=\/wp\/v2\/posts\/17908\/revisions"}],"predecessor-version":[{"id":17909,"href":"https:\/\/lospoliticosveracruz.com\/index.php?rest_route=\/wp\/v2\/posts\/17908\/revisions\/17909"}],"wp:attachment":[{"href":"https:\/\/lospoliticosveracruz.com\/index.php?rest_route=%2Fwp%2Fv2%2Fmedia&parent=17908"}],"wp:term":[{"taxonomy":"category","embeddable":true,"href":"https:\/\/lospoliticosveracruz.com\/index.php?rest_route=%2Fwp%2Fv2%2Fcategories&post=17908"},{"taxonomy":"post_tag","embeddable":true,"href":"https:\/\/lospoliticosveracruz.com\/index.php?rest_route=%2Fwp%2Fv2%2Ftags&post=17908"}],"curies":[{"name":"wp","href":"https:\/\/api.w.org\/{rel}","templated":true}]}}