{"id":17910,"date":"2015-09-23T13:05:59","date_gmt":"2015-09-23T18:05:59","guid":{"rendered":"http:\/\/www.lospoliticosveracruz.com.mx\/?p=17910"},"modified":"2015-09-23T13:05:59","modified_gmt":"2015-09-23T18:05:59","slug":"el-dia-mundial-sin-auto-y-la-foto-de-los-funcionarios","status":"publish","type":"post","link":"https:\/\/lospoliticosveracruz.com\/?p=17910","title":{"rendered":"El D\u00eda Mundial Sin Auto y la foto de los funcionarios"},"content":{"rendered":"<p><a href=\"http:\/\/www.lospoliticosveracruz.com.mx\/wp-content\/uploads\/2015\/09\/H\u00e9ctor-Yunes1.jpg\"><img loading=\"lazy\" decoding=\"async\" class=\"alignnone size-medium wp-image-17911\" src=\"http:\/\/www.lospoliticosveracruz.com.mx\/wp-content\/uploads\/2015\/09\/H\u00e9ctor-Yunes1-286x300.jpg\" alt=\"H\u00e9ctor Yunes\" width=\"286\" height=\"300\" \/><\/a><\/p>\n<p><strong>Valeria Marcial<\/strong><\/p>\n<p><em>En Pol\u00edtica Personas y Personalidades<\/em><\/p>\n<p>El 22 de septiembre se celebra el D\u00eda Mundial Sin Autom\u00f3vil, la primera ciudad en tomar esta iniciativa como tal fue Gran Breta\u00f1a en 1997, cuyo objetivo es crear conciencia en la poblaci\u00f3n de la gran cantidad de emisi\u00f3n de contaminantes al medio ambiente por el uso de este.<br \/>\nSeg\u00fan datos del Instituto Nacional de Estad\u00edstica y Geograf\u00eda INEGI, tan s\u00f3lo en toda la entidad veracruzana se tiene un registro de un total de un mill\u00f3n 797 mil 419 veh\u00edculos de motor registrados en circulaci\u00f3n.<br \/>\nDe manera detallada: autom\u00f3viles un mill\u00f3n 52 mil 699, camiones para pasajeros 12 mil 930, camiones y camionetas para carga 600 mil 95 y 131 mil 693 motocicletas.<br \/>\nEn el a\u00f1o de 1980, s\u00f3lo se mov\u00edan seg\u00fan el registro del INEGI 227 mil 171 unidades de transporte de las que arriba le detall\u00e9, en la entidad veracruzana.<br \/>\n\u00bfCu\u00e1ntos veh\u00edculos tan s\u00f3lo est\u00e1n al servicio de los gobiernos federal, estatal y municipal, adem\u00e1s los de la C\u00e1mara de Diputados? Eso,s adem\u00e1s de que el costo de muchos de los veh\u00edculos, los permisos, placas, gasolina y el chofer lo pagamos nosotros, tambi\u00e9n nos salen m\u00e1s caros, porque cuando hace calor los climas est\u00e1n prendidos desde antes para cuando el patr\u00f3n se suba a la camioneta\u2026<br \/>\nPero este martes 22 de septiembre fue muy notoria la celebraci\u00f3n de este d\u00eda, pues funcionarios de diversos niveles de gobierno hicieron uso de las redes sociales y de toda la estrategia de comunicaci\u00f3n y mercadotecnia para decirle a los ciudadanos que ellos tambi\u00e9n dejaron sus veh\u00edculos y de forma muy consiente se transportaron hasta sus centros de trabajo u otros lugares ya sea caminando o en bicicleta, todo con motivo de la celebraci\u00f3n de ese d\u00eda.<br \/>\nLos senadores en bicicletas muy bonitas, todas de un mismo color y con casco, eso s\u00ed, se transportaron hasta el recinto del Senado. Pero se les olvid\u00f3 decirle a sus guaruras que ten\u00edan que ir corriendo detr\u00e1s de ellos que se apartaran de la foto, digo, para que las mismas se vieran naturales, espont\u00e1neas.<br \/>\nSi, ellos partieron del Auditorio Nacional y recorrieron Paseo de la Reforma hasta llegar a la sede legislativa, eso s\u00ed, iban acompa\u00f1ados de algunos de sus asesores y personal de seguridad, adem\u00e1s de todo el desplegado de agentes de tr\u00e1nsito que realizaron\u2026<br \/>\nVaya personalidades las que participaron en esta rodada ciclista, en la cual por su puesto no pod\u00eda faltar un veracruzano, si, el que nos hizo el favor de representarnos fue el senado H\u00e9ctor Yunes Landa.<br \/>\nQui\u00e9n por cierto a trav\u00e9s de su twitter public\u00f3 los siguiente \u201cen el @senadomexicano pensamos que movilidad no debe significar contaminar y la bici es de las mejores opciones\u201d. Muy bien, bravo.<br \/>\nPor lo menos hubieran dicho que toda la semana viajaban en bicicleta, en urbano o en metro, as\u00ed si les compro \u201csus buenas intenciones\u201d.<br \/>\nPero mi pregunta es \u00bfC\u00f3mo se transportaron de sus casas o departamentos en la CDMX hac\u00eda el punto de reuni\u00f3n? \u00bfLuego de la sesi\u00f3n, tomaron de igual manera la bicicleta para trasladarse a los otros puntos de reuniones y dem\u00e1s actividades de sus agendas?<br \/>\nPero no s\u00f3lo fueron los senadores, los diputados, (que algunos por lo menos no gastaron en rentar las bicicletas, porque no creo que los de la c\u00e1mara alta las tengan en sus casas, o si) tambi\u00e9n dejaron por un momento la comodidad de sus veh\u00edculos y se transportaron en el metro.<br \/>\nSi, as\u00ed mero, los legisladores de la bancada del Partido Verde Ecologista de M\u00e9xico PVEM, se reunieron en el Metro Auditorio de la L\u00ednea 7 para trasladarse a la Sesi\u00f3n Ordinaria de la C\u00e1mara de Diputados.<br \/>\nMuy orgullosos a trav\u00e9s de sus redes sociales subieron sus fotos los diputados Erick Lagos Hern\u00e1ndez y Javier Herrera, este \u00faltimo se transport\u00f3 como simple mortal en la l\u00ednea 7, tambi\u00e9n.<br \/>\nEl originario de Cd. Isla, all\u00e1 donde los temas de inseguridad est\u00e1n que arden, lleg\u00f3 al H. Congreso de la Uni\u00f3n caminando, antes tom\u00f3 el metro seg\u00fan lo pudimos constatar a trav\u00e9s de las gr\u00e1ficas en la red del pajarito.<br \/>\nDe los funcionario federales, Jos\u00e9 Antonio Meade K @JoseAMeadeK tambi\u00e9n dej\u00f3 por un momento la suburban y se transport\u00f3 en el Metrobus y escribi\u00f3 \u201cHoy #D\u00edaMundialSinAuto en #Metrobus, transporte p\u00fablico del que tengo mi tarjeta\u201d.<br \/>\nEl que si cuid\u00f3 esos peque\u00f1os detalles de la foto, fue el titular de la Junta de Coordinaci\u00f3n Pol\u00edtica, Cesar Camacho, que solito llego en bici a la C\u00e1mara de Diputados, sin tanto ruido, sin tanto brinco.<br \/>\nQu\u00e9 triste que s\u00f3lo por pasar para la foto, los diputados se transporten a sus centros de trabajo, de la manera en que la mayor\u00eda de los mexicanos lo hacen.<br \/>\nPero m\u00e1s triste es que s\u00f3lo lo hagan por un d\u00eda y se les olvide a muchos, muchos, que cuando llegaron por primera vez a la capital, as\u00ed se transportaban\u2026<br \/>\nNo es s\u00f3lo para la foto, es para que todos tengamos en cuenta la gran cantidad de contaminaci\u00f3n que generan los veh\u00edculos.<br \/>\nDice el ex candidato presidencial Gabriel Quadri \u201cEl D\u00eda Mundial sin Auto deber\u00eda ser obligatorio, y s\u00f3lo dejar circular veh\u00edculos privados en emergencias&#8230;\u201d.<\/p>\n","protected":false},"excerpt":{"rendered":"<p>Valeria Marcial En Pol\u00edtica Personas y Personalidades El 22 de septiembre se celebra el D\u00eda Mundial Sin Autom\u00f3vil, la primera ciudad en tomar esta iniciativa como tal fue Gran Breta\u00f1a en 1997, cuyo objetivo es crear conciencia en la poblaci\u00f3n de la gran cantidad de emisi\u00f3n de contaminantes al medio ambiente por el uso de [&hellip;]<\/p>\n","protected":false},"author":2,"featured_media":0,"comment_status":"open","ping_status":"open","sticky":false,"template":"","format":"standard","meta":{"tdm_status":"","tdm_grid_status":"","footnotes":""},"categories":[70],"tags":[3470,852,348,3471],"class_list":{"0":"post-17910","1":"post","2":"type-post","3":"status-publish","4":"format-standard","6":"category-de-opinion","7":"tag-dia-mundial-sin-automovil","8":"tag-erick-lagos-hernandez","9":"tag-hector-yunes-landa","10":"tag-javier-herrera"},"yoast_head":"<!-- This site is optimized with the Yoast SEO plugin v27.4 - https:\/\/yoast.com\/product\/yoast-seo-wordpress\/ -->\n<title>El D\u00eda Mundial Sin Auto y la foto de los funcionarios - Los pol\u00edticos Veracruz<\/title>\n<meta name=\"robots\" content=\"index, follow, max-snippet:-1, max-image-preview:large, max-video-preview:-1\" \/>\n<link rel=\"canonical\" href=\"https:\/\/lospoliticosveracruz.com\/?p=17910\" \/>\n<meta property=\"og:locale\" content=\"es_ES\" \/>\n<meta property=\"og:type\" content=\"article\" \/>\n<meta property=\"og:title\" content=\"El D\u00eda Mundial Sin Auto y la foto de los funcionarios - Los pol\u00edticos Veracruz\" \/>\n<meta property=\"og:description\" content=\"Valeria Marcial En Pol\u00edtica Personas y Personalidades El 22 de septiembre se celebra el D\u00eda Mundial Sin Autom\u00f3vil, la primera ciudad en tomar esta iniciativa como tal fue Gran Breta\u00f1a en 1997, cuyo objetivo es crear conciencia en la poblaci\u00f3n de la gran cantidad de emisi\u00f3n de contaminantes al medio ambiente por el uso de [&hellip;]\" \/>\n<meta property=\"og:url\" content=\"https:\/\/lospoliticosveracruz.com\/?p=17910\" \/>\n<meta property=\"og:site_name\" content=\"Los pol\u00edticos Veracruz\" \/>\n<meta property=\"article:publisher\" content=\"https:\/\/www.facebook.com\/people\/Notimemes-de-los-Polticos\/61565672886568\/\" \/>\n<meta property=\"article:published_time\" content=\"2015-09-23T18:05:59+00:00\" \/>\n<meta property=\"og:image\" content=\"https:\/\/lospoliticosveracruz.com\/wp-content\/uploads\/2016\/07\/Logo-Dor.jpg\" \/>\n\t<meta property=\"og:image:width\" content=\"200\" \/>\n\t<meta property=\"og:image:height\" content=\"200\" \/>\n\t<meta property=\"og:image:type\" content=\"image\/jpeg\" \/>\n<meta name=\"author\" content=\"Lo viste en Los Pol\u00edticos\" \/>\n<meta name=\"twitter:card\" content=\"summary_large_image\" \/>\n<meta name=\"twitter:creator\" content=\"@LosPoliticosVer\" \/>\n<meta name=\"twitter:site\" content=\"@LosPoliticosVer\" \/>\n<meta name=\"twitter:label1\" content=\"Escrito por\" \/>\n\t<meta name=\"twitter:data1\" content=\"Lo viste en Los Pol\u00edticos\" \/>\n\t<meta name=\"twitter:label2\" content=\"Tiempo de lectura\" \/>\n\t<meta name=\"twitter:data2\" content=\"5 minutos\" \/>\n<script type=\"application\/ld+json\" class=\"yoast-schema-graph\">{\"@context\":\"https:\\\/\\\/schema.org\",\"@graph\":[{\"@type\":\"Article\",\"@id\":\"https:\\\/\\\/lospoliticosveracruz.com\\\/?p=17910#article\",\"isPartOf\":{\"@id\":\"https:\\\/\\\/lospoliticosveracruz.com\\\/?p=17910\"},\"author\":{\"name\":\"Lo viste en Los Pol\u00edticos\",\"@id\":\"https:\\\/\\\/lospoliticosveracruz.com\\\/#\\\/schema\\\/person\\\/b8702bb0e538456e6efd07080bf2a4a2\"},\"headline\":\"El D\u00eda Mundial Sin Auto y la foto de los funcionarios\",\"datePublished\":\"2015-09-23T18:05:59+00:00\",\"mainEntityOfPage\":{\"@id\":\"https:\\\/\\\/lospoliticosveracruz.com\\\/?p=17910\"},\"wordCount\":942,\"commentCount\":0,\"publisher\":{\"@id\":\"https:\\\/\\\/lospoliticosveracruz.com\\\/#organization\"},\"keywords\":[\"D\u00eda Mundial Sin Autom\u00f3vil\",\"Erick Lagos Hern\u00e1ndez\",\"H\u00e9ctor Yunes Landa\",\"Javier Herrera\"],\"articleSection\":[\"De Opini\u00f3n\"],\"inLanguage\":\"es\",\"potentialAction\":[{\"@type\":\"CommentAction\",\"name\":\"Comment\",\"target\":[\"https:\\\/\\\/lospoliticosveracruz.com\\\/?p=17910#respond\"]}]},{\"@type\":\"WebPage\",\"@id\":\"https:\\\/\\\/lospoliticosveracruz.com\\\/?p=17910\",\"url\":\"https:\\\/\\\/lospoliticosveracruz.com\\\/?p=17910\",\"name\":\"El D\u00eda Mundial Sin Auto y la foto de los funcionarios - Los pol\u00edticos Veracruz\",\"isPartOf\":{\"@id\":\"https:\\\/\\\/lospoliticosveracruz.com\\\/#website\"},\"datePublished\":\"2015-09-23T18:05:59+00:00\",\"breadcrumb\":{\"@id\":\"https:\\\/\\\/lospoliticosveracruz.com\\\/?p=17910#breadcrumb\"},\"inLanguage\":\"es\",\"potentialAction\":[{\"@type\":\"ReadAction\",\"target\":[\"https:\\\/\\\/lospoliticosveracruz.com\\\/?p=17910\"]}]},{\"@type\":\"BreadcrumbList\",\"@id\":\"https:\\\/\\\/lospoliticosveracruz.com\\\/?p=17910#breadcrumb\",\"itemListElement\":[{\"@type\":\"ListItem\",\"position\":1,\"name\":\"Portada\",\"item\":\"https:\\\/\\\/lospoliticosveracruz.com\\\/\"},{\"@type\":\"ListItem\",\"position\":2,\"name\":\"El D\u00eda Mundial Sin Auto y la foto de los funcionarios\"}]},{\"@type\":\"WebSite\",\"@id\":\"https:\\\/\\\/lospoliticosveracruz.com\\\/#website\",\"url\":\"https:\\\/\\\/lospoliticosveracruz.com\\\/\",\"name\":\"Los pol\u00edticos Veracruz\",\"description\":\"\",\"publisher\":{\"@id\":\"https:\\\/\\\/lospoliticosveracruz.com\\\/#organization\"},\"potentialAction\":[{\"@type\":\"SearchAction\",\"target\":{\"@type\":\"EntryPoint\",\"urlTemplate\":\"https:\\\/\\\/lospoliticosveracruz.com\\\/?s={search_term_string}\"},\"query-input\":{\"@type\":\"PropertyValueSpecification\",\"valueRequired\":true,\"valueName\":\"search_term_string\"}}],\"inLanguage\":\"es\"},{\"@type\":\"Organization\",\"@id\":\"https:\\\/\\\/lospoliticosveracruz.com\\\/#organization\",\"name\":\"Los pol\u00edticos Veracruz\",\"url\":\"https:\\\/\\\/lospoliticosveracruz.com\\\/\",\"logo\":{\"@type\":\"ImageObject\",\"inLanguage\":\"es\",\"@id\":\"https:\\\/\\\/lospoliticosveracruz.com\\\/#\\\/schema\\\/logo\\\/image\\\/\",\"url\":\"https:\\\/\\\/lospoliticosveracruz.com\\\/wp-content\\\/uploads\\\/2025\\\/12\\\/Logo-Nuevo-LOS-POLITICOS-1.jpg\",\"contentUrl\":\"https:\\\/\\\/lospoliticosveracruz.com\\\/wp-content\\\/uploads\\\/2025\\\/12\\\/Logo-Nuevo-LOS-POLITICOS-1.jpg\",\"width\":260,\"height\":70,\"caption\":\"Los pol\u00edticos Veracruz\"},\"image\":{\"@id\":\"https:\\\/\\\/lospoliticosveracruz.com\\\/#\\\/schema\\\/logo\\\/image\\\/\"},\"sameAs\":[\"https:\\\/\\\/www.facebook.com\\\/people\\\/Notimemes-de-los-Polticos\\\/61565672886568\\\/\",\"https:\\\/\\\/x.com\\\/LosPoliticosVer\"]},{\"@type\":\"Person\",\"@id\":\"https:\\\/\\\/lospoliticosveracruz.com\\\/#\\\/schema\\\/person\\\/b8702bb0e538456e6efd07080bf2a4a2\",\"name\":\"Lo viste en Los Pol\u00edticos\",\"image\":{\"@type\":\"ImageObject\",\"inLanguage\":\"es\",\"@id\":\"https:\\\/\\\/secure.gravatar.com\\\/avatar\\\/3a8de04a2656d44082be478bd6c086daa447c4651605818287b9532d3d0bd435?s=96&d=mm&r=g\",\"url\":\"https:\\\/\\\/secure.gravatar.com\\\/avatar\\\/3a8de04a2656d44082be478bd6c086daa447c4651605818287b9532d3d0bd435?s=96&d=mm&r=g\",\"contentUrl\":\"https:\\\/\\\/secure.gravatar.com\\\/avatar\\\/3a8de04a2656d44082be478bd6c086daa447c4651605818287b9532d3d0bd435?s=96&d=mm&r=g\",\"caption\":\"Lo viste en Los Pol\u00edticos\"},\"url\":\"https:\\\/\\\/lospoliticosveracruz.com\\\/?author=2\"}]}<\/script>\n<!-- \/ Yoast SEO plugin. -->","yoast_head_json":{"title":"El D\u00eda Mundial Sin Auto y la foto de los funcionarios - Los pol\u00edticos Veracruz","robots":{"index":"index","follow":"follow","max-snippet":"max-snippet:-1","max-image-preview":"max-image-preview:large","max-video-preview":"max-video-preview:-1"},"canonical":"https:\/\/lospoliticosveracruz.com\/?p=17910","og_locale":"es_ES","og_type":"article","og_title":"El D\u00eda Mundial Sin Auto y la foto de los funcionarios - Los pol\u00edticos Veracruz","og_description":"Valeria Marcial En Pol\u00edtica Personas y Personalidades El 22 de septiembre se celebra el D\u00eda Mundial Sin Autom\u00f3vil, la primera ciudad en tomar esta iniciativa como tal fue Gran Breta\u00f1a en 1997, cuyo objetivo es crear conciencia en la poblaci\u00f3n de la gran cantidad de emisi\u00f3n de contaminantes al medio ambiente por el uso de [&hellip;]","og_url":"https:\/\/lospoliticosveracruz.com\/?p=17910","og_site_name":"Los pol\u00edticos Veracruz","article_publisher":"https:\/\/www.facebook.com\/people\/Notimemes-de-los-Polticos\/61565672886568\/","article_published_time":"2015-09-23T18:05:59+00:00","og_image":[{"width":200,"height":200,"url":"https:\/\/lospoliticosveracruz.com\/wp-content\/uploads\/2016\/07\/Logo-Dor.jpg","type":"image\/jpeg"}],"author":"Lo viste en Los Pol\u00edticos","twitter_card":"summary_large_image","twitter_creator":"@LosPoliticosVer","twitter_site":"@LosPoliticosVer","twitter_misc":{"Escrito por":"Lo viste en Los Pol\u00edticos","Tiempo de lectura":"5 minutos"},"schema":{"@context":"https:\/\/schema.org","@graph":[{"@type":"Article","@id":"https:\/\/lospoliticosveracruz.com\/?p=17910#article","isPartOf":{"@id":"https:\/\/lospoliticosveracruz.com\/?p=17910"},"author":{"name":"Lo viste en Los Pol\u00edticos","@id":"https:\/\/lospoliticosveracruz.com\/#\/schema\/person\/b8702bb0e538456e6efd07080bf2a4a2"},"headline":"El D\u00eda Mundial Sin Auto y la foto de los funcionarios","datePublished":"2015-09-23T18:05:59+00:00","mainEntityOfPage":{"@id":"https:\/\/lospoliticosveracruz.com\/?p=17910"},"wordCount":942,"commentCount":0,"publisher":{"@id":"https:\/\/lospoliticosveracruz.com\/#organization"},"keywords":["D\u00eda Mundial Sin Autom\u00f3vil","Erick Lagos Hern\u00e1ndez","H\u00e9ctor Yunes Landa","Javier Herrera"],"articleSection":["De Opini\u00f3n"],"inLanguage":"es","potentialAction":[{"@type":"CommentAction","name":"Comment","target":["https:\/\/lospoliticosveracruz.com\/?p=17910#respond"]}]},{"@type":"WebPage","@id":"https:\/\/lospoliticosveracruz.com\/?p=17910","url":"https:\/\/lospoliticosveracruz.com\/?p=17910","name":"El D\u00eda Mundial Sin Auto y la foto de los funcionarios - Los pol\u00edticos Veracruz","isPartOf":{"@id":"https:\/\/lospoliticosveracruz.com\/#website"},"datePublished":"2015-09-23T18:05:59+00:00","breadcrumb":{"@id":"https:\/\/lospoliticosveracruz.com\/?p=17910#breadcrumb"},"inLanguage":"es","potentialAction":[{"@type":"ReadAction","target":["https:\/\/lospoliticosveracruz.com\/?p=17910"]}]},{"@type":"BreadcrumbList","@id":"https:\/\/lospoliticosveracruz.com\/?p=17910#breadcrumb","itemListElement":[{"@type":"ListItem","position":1,"name":"Portada","item":"https:\/\/lospoliticosveracruz.com\/"},{"@type":"ListItem","position":2,"name":"El D\u00eda Mundial Sin Auto y la foto de los funcionarios"}]},{"@type":"WebSite","@id":"https:\/\/lospoliticosveracruz.com\/#website","url":"https:\/\/lospoliticosveracruz.com\/","name":"Los pol\u00edticos Veracruz","description":"","publisher":{"@id":"https:\/\/lospoliticosveracruz.com\/#organization"},"potentialAction":[{"@type":"SearchAction","target":{"@type":"EntryPoint","urlTemplate":"https:\/\/lospoliticosveracruz.com\/?s={search_term_string}"},"query-input":{"@type":"PropertyValueSpecification","valueRequired":true,"valueName":"search_term_string"}}],"inLanguage":"es"},{"@type":"Organization","@id":"https:\/\/lospoliticosveracruz.com\/#organization","name":"Los pol\u00edticos Veracruz","url":"https:\/\/lospoliticosveracruz.com\/","logo":{"@type":"ImageObject","inLanguage":"es","@id":"https:\/\/lospoliticosveracruz.com\/#\/schema\/logo\/image\/","url":"https:\/\/lospoliticosveracruz.com\/wp-content\/uploads\/2025\/12\/Logo-Nuevo-LOS-POLITICOS-1.jpg","contentUrl":"https:\/\/lospoliticosveracruz.com\/wp-content\/uploads\/2025\/12\/Logo-Nuevo-LOS-POLITICOS-1.jpg","width":260,"height":70,"caption":"Los pol\u00edticos Veracruz"},"image":{"@id":"https:\/\/lospoliticosveracruz.com\/#\/schema\/logo\/image\/"},"sameAs":["https:\/\/www.facebook.com\/people\/Notimemes-de-los-Polticos\/61565672886568\/","https:\/\/x.com\/LosPoliticosVer"]},{"@type":"Person","@id":"https:\/\/lospoliticosveracruz.com\/#\/schema\/person\/b8702bb0e538456e6efd07080bf2a4a2","name":"Lo viste en Los Pol\u00edticos","image":{"@type":"ImageObject","inLanguage":"es","@id":"https:\/\/secure.gravatar.com\/avatar\/3a8de04a2656d44082be478bd6c086daa447c4651605818287b9532d3d0bd435?s=96&d=mm&r=g","url":"https:\/\/secure.gravatar.com\/avatar\/3a8de04a2656d44082be478bd6c086daa447c4651605818287b9532d3d0bd435?s=96&d=mm&r=g","contentUrl":"https:\/\/secure.gravatar.com\/avatar\/3a8de04a2656d44082be478bd6c086daa447c4651605818287b9532d3d0bd435?s=96&d=mm&r=g","caption":"Lo viste en Los Pol\u00edticos"},"url":"https:\/\/lospoliticosveracruz.com\/?author=2"}]}},"_links":{"self":[{"href":"https:\/\/lospoliticosveracruz.com\/index.php?rest_route=\/wp\/v2\/posts\/17910","targetHints":{"allow":["GET"]}}],"collection":[{"href":"https:\/\/lospoliticosveracruz.com\/index.php?rest_route=\/wp\/v2\/posts"}],"about":[{"href":"https:\/\/lospoliticosveracruz.com\/index.php?rest_route=\/wp\/v2\/types\/post"}],"author":[{"embeddable":true,"href":"https:\/\/lospoliticosveracruz.com\/index.php?rest_route=\/wp\/v2\/users\/2"}],"replies":[{"embeddable":true,"href":"https:\/\/lospoliticosveracruz.com\/index.php?rest_route=%2Fwp%2Fv2%2Fcomments&post=17910"}],"version-history":[{"count":1,"href":"https:\/\/lospoliticosveracruz.com\/index.php?rest_route=\/wp\/v2\/posts\/17910\/revisions"}],"predecessor-version":[{"id":17912,"href":"https:\/\/lospoliticosveracruz.com\/index.php?rest_route=\/wp\/v2\/posts\/17910\/revisions\/17912"}],"wp:attachment":[{"href":"https:\/\/lospoliticosveracruz.com\/index.php?rest_route=%2Fwp%2Fv2%2Fmedia&parent=17910"}],"wp:term":[{"taxonomy":"category","embeddable":true,"href":"https:\/\/lospoliticosveracruz.com\/index.php?rest_route=%2Fwp%2Fv2%2Fcategories&post=17910"},{"taxonomy":"post_tag","embeddable":true,"href":"https:\/\/lospoliticosveracruz.com\/index.php?rest_route=%2Fwp%2Fv2%2Ftags&post=17910"}],"curies":[{"name":"wp","href":"https:\/\/api.w.org\/{rel}","templated":true}]}}