{"id":17944,"date":"2015-09-24T20:45:15","date_gmt":"2015-09-25T01:45:15","guid":{"rendered":"http:\/\/www.lospoliticosveracruz.com.mx\/?p=17944"},"modified":"2015-09-24T20:45:15","modified_gmt":"2015-09-25T01:45:15","slug":"el-caso-de-ayahualulco","status":"publish","type":"post","link":"https:\/\/lospoliticosveracruz.com\/?p=17944","title":{"rendered":"El caso de Ayahualulco"},"content":{"rendered":"<p><a href=\"http:\/\/www.lospoliticosveracruz.com.mx\/wp-content\/uploads\/2015\/09\/Abundio-Morales-Rosas.jpg\"><img loading=\"lazy\" decoding=\"async\" class=\"alignnone size-medium wp-image-17945\" src=\"http:\/\/www.lospoliticosveracruz.com.mx\/wp-content\/uploads\/2015\/09\/Abundio-Morales-Rosas-300x171.jpg\" alt=\"Abundio Morales Rosas\" width=\"300\" height=\"171\" \/><\/a><br \/>\n<strong>Luis Alberto Romero<\/strong><\/p>\n<p><em>Hora Cero<\/em><\/p>\n<p>Abundio Morales Rosas, presidente municipal de Ayahualulco, es el tercer alcalde veracruzano que enfrenta un juicio de procedencia en la Legislatura del Estado; antes tuvieron un problema similar Omar Cruz, de Medell\u00edn, y Roberto P\u00e9rez Moreno, de Coatepec.<br \/>\nSin embargo, se trata de casos diametralmente opuestos porque mientras los desaforados ediles de Medell\u00edn y Coatepec son se\u00f1alados por su presunta responsabilidad en homicidios, el presidente municipal de Ayahualulco enfrenta un proceso que tuvo originalmente motivaciones pol\u00edticas.<br \/>\nLos hechos que provocaron el conflicto jur\u00eddico que enfrenta Morales Rosas tuvieron su origen el 19 de marzo del a\u00f1o pasado en una fiesta patronal, la de San Jos\u00e9 Aguazuelas, comunidad que pertenece a Ayahualulco y donde viven aproximadamente 30 familias; de ah\u00ed es originario el edil, quien se encontraba con su familia cuando el conductor de la unidad en que se trasladaba tuvo un enfrentamiento verbal con un grupo de j\u00f3venes. Posteriormente vinieron insultos y agresiones mutuas entre el chofer y los adolescentes y sus familiares.<br \/>\nEl alcalde, presente en el lugar en ese momento, intervino para evitar que la disputa creciera; luego, cuando ya estaba ausente, lleg\u00f3 la polic\u00eda y detuvo a cuatro j\u00f3venes, uno de ellos, familiar del presidente municipal.<br \/>\nDe inmediato llegaron los padres del muchacho, quienes buscaron al edil para lanzarle airados reclamos; lo se\u00f1alaron como responsable de la detenci\u00f3n del joven que habr\u00eda incurrido en insultos contra los elementos policiacos, que lo retuvieron unas horas.<br \/>\nDespu\u00e9s, los padres del adolescente presentaron una denuncia ante la Fiscal\u00eda Especializada en Delitos Cometidos por Servidores P\u00fablicos. En primera instancia, esa queja no prosper\u00f3, dado que la defensa del alcalde se\u00f1alado present\u00f3 pruebas y testimonios que desment\u00edan la acusaci\u00f3n: primero, el presidente municipal no estaba presente ni dio la orden de la detenci\u00f3n; segundo, no hubo golpes de la autoridad a quienes confrontaban de manera violenta a los empleados municipales; tercero, el edil no habr\u00eda ordenado la imposici\u00f3n de multa alguna, como se\u00f1alaron quienes interpusieron la denuncia.<br \/>\nEn Ayahualulco nos dicen el padre de los j\u00f3venes presuntamente retenidos por la polic\u00eda mantiene estrechos v\u00ednculos con el ex edil Joel Villa Hern\u00e1ndez, de extracci\u00f3n panista, a quien ubican como la mano que mece la cuna en este conflicto.<br \/>\nLuego de recibir la notificaci\u00f3n del fallo en contra de su demanda, Maximino Hern\u00e1ndez Hern\u00e1ndez, padre del joven Enrique Daniel Hern\u00e1ndez Morales, llev\u00f3 su queja ante una segunda instancia, que le dictamin\u00f3 responsabilidad al presidente municipal.<\/p>\n<p><strong>La solicitud de desafuero<\/strong><br \/>\nEse es el contexto; en el seguimiento de este caso, el viernes 18 del presente mes; es decir, un a\u00f1o y seis meses despu\u00e9s de los hechos, el fiscal Luis \u00c1ngel Bravo Contreras acudi\u00f3 a la Legislatura del Estado para solicitar la declaraci\u00f3n de procedencia, el desafuero del alcalde Abundio Morales Rosas.<br \/>\nEl caso fue turnado a las comisiones de Gobernaci\u00f3n y Justicia y Puntos Constitucionales; que deber\u00e1n dictaminar y turnar a la Comisi\u00f3n Instructora, que preside el diputado Juan Manuel Vel\u00e1zquez Yunes. De ah\u00ed se llevar\u00e1 el asunto al pleno del Congreso de Veracruz.<br \/>\nSin embargo, m\u00e1s tard\u00f3 la Fiscal\u00eda en presentar la solicitud de desafuero ante la Legislatura, que los supuestos agraviados en desistirse: en un documento dirigido al Congreso local por Maximino y Jos\u00e9 Froyl\u00e1n Hern\u00e1ndez Hern\u00e1ndez, los denunciantes se\u00f1alan que \u201cno tenemos ni existe ya de nuestra parte inter\u00e9s jur\u00eddico y legal para que sean desaforados los ciudadano Abundio Morales Rosas y Jos\u00e9 Guadalupe Flores Pe\u00f1a (alcalde y s\u00edndico), en virtud de que el agravio sufrido fue ocasionado por los elementos de la Polic\u00eda Municipal\u2026\u201d<br \/>\nEl documento citado fue recibido el 21 de septiembre, hace tres d\u00edas, por las comisiones involucradas y por la diputada presidenta de la Mesa Directiva de la Legislatura Local, Octavia Ortega Arteaga.<\/p>\n<p><strong>La venganza de Joel Villa<\/strong><br \/>\nFalta ahora que, una vez que se desistieron quienes se\u00f1alaban al presidente de Ayahualulco, los diputados act\u00faen en consecuencia, porque lo ocurrido en ese municipio nada tiene que ver con lo que pas\u00f3 en Coatepec o en Medell\u00edn, cuyos alcaldes, Omar Cruz y Roberto P\u00e9rez, s\u00ed son buscados por la Fiscal\u00eda General del Estado, mientras que Abundio Morales camina libre en su comunidad, San Jos\u00e9 Aguazuelas, con la tranquilidad que da el saber que si la investigaci\u00f3n es seria, no enfrentar\u00e1 problemas mayores.<br \/>\nPor cierto, el abogado que inici\u00f3 la defensa del presidente municipal fue cesado del departamento jur\u00eddico del ayuntamiento porque simplemente no dio pie con bola; ahora, esa responsabilidad recae en el litigante \u00c1lvaro \u00c1valos Falc\u00f3n.<br \/>\nPor otro lado, en ese lugar se comenta que el ex alcalde Joel Villa Hern\u00e1ndez tendr\u00e1 que buscar otra estrategia para desviar la atenci\u00f3n y enfrentar las denuncias que pesan en su contra y que interpuso precisamente el gobierno que encabeza Morales Rosas, por las irregularidades detectadas durante la administraci\u00f3n 2010-2013.<br \/>\nEsas denuncias se encuentran radicadas en la Fiscal\u00eda Especializada en Delitos Cometidos por Servidores P\u00fablicos. @luisromero85<\/p>\n","protected":false},"excerpt":{"rendered":"<p>Luis Alberto Romero Hora Cero Abundio Morales Rosas, presidente municipal de Ayahualulco, es el tercer alcalde veracruzano que enfrenta un juicio de procedencia en la Legislatura del Estado; antes tuvieron un problema similar Omar Cruz, de Medell\u00edn, y Roberto P\u00e9rez Moreno, de Coatepec. Sin embargo, se trata de casos diametralmente opuestos porque mientras los desaforados [&hellip;]<\/p>\n","protected":false},"author":2,"featured_media":0,"comment_status":"open","ping_status":"open","sticky":false,"template":"","format":"standard","meta":{"tdm_status":"","tdm_grid_status":"","footnotes":""},"categories":[70],"tags":[3485,277,1389,1912,1039],"class_list":{"0":"post-17944","1":"post","2":"type-post","3":"status-publish","4":"format-standard","6":"category-de-opinion","7":"tag-ayahualulco","8":"tag-coatepec","9":"tag-medellin","10":"tag-omar-cruz","11":"tag-roberto-perez-moreno"},"yoast_head":"<!-- This site is optimized with the Yoast SEO plugin v27.4 - https:\/\/yoast.com\/product\/yoast-seo-wordpress\/ -->\n<title>El caso de Ayahualulco - Los pol\u00edticos Veracruz<\/title>\n<meta name=\"robots\" content=\"index, follow, max-snippet:-1, max-image-preview:large, max-video-preview:-1\" \/>\n<link rel=\"canonical\" href=\"https:\/\/lospoliticosveracruz.com\/?p=17944\" \/>\n<meta property=\"og:locale\" content=\"es_ES\" \/>\n<meta property=\"og:type\" content=\"article\" \/>\n<meta property=\"og:title\" content=\"El caso de Ayahualulco - Los pol\u00edticos Veracruz\" \/>\n<meta property=\"og:description\" content=\"Luis Alberto Romero Hora Cero Abundio Morales Rosas, presidente municipal de Ayahualulco, es el tercer alcalde veracruzano que enfrenta un juicio de procedencia en la Legislatura del Estado; antes tuvieron un problema similar Omar Cruz, de Medell\u00edn, y Roberto P\u00e9rez Moreno, de Coatepec. Sin embargo, se trata de casos diametralmente opuestos porque mientras los desaforados [&hellip;]\" \/>\n<meta property=\"og:url\" content=\"https:\/\/lospoliticosveracruz.com\/?p=17944\" \/>\n<meta property=\"og:site_name\" content=\"Los pol\u00edticos Veracruz\" \/>\n<meta property=\"article:publisher\" content=\"https:\/\/www.facebook.com\/people\/Notimemes-de-los-Polticos\/61565672886568\/\" \/>\n<meta property=\"article:published_time\" content=\"2015-09-25T01:45:15+00:00\" \/>\n<meta property=\"og:image\" content=\"http:\/\/www.lospoliticosveracruz.com.mx\/wp-content\/uploads\/2015\/09\/Abundio-Morales-Rosas-300x171.jpg\" \/>\n<meta name=\"author\" content=\"Lo viste en Los Pol\u00edticos\" \/>\n<meta name=\"twitter:card\" content=\"summary_large_image\" \/>\n<meta name=\"twitter:creator\" content=\"@LosPoliticosVer\" \/>\n<meta name=\"twitter:site\" content=\"@LosPoliticosVer\" \/>\n<meta name=\"twitter:label1\" content=\"Escrito por\" \/>\n\t<meta name=\"twitter:data1\" content=\"Lo viste en Los Pol\u00edticos\" \/>\n\t<meta name=\"twitter:label2\" content=\"Tiempo de lectura\" \/>\n\t<meta name=\"twitter:data2\" content=\"4 minutos\" \/>\n<script type=\"application\/ld+json\" class=\"yoast-schema-graph\">{\"@context\":\"https:\\\/\\\/schema.org\",\"@graph\":[{\"@type\":\"Article\",\"@id\":\"https:\\\/\\\/lospoliticosveracruz.com\\\/?p=17944#article\",\"isPartOf\":{\"@id\":\"https:\\\/\\\/lospoliticosveracruz.com\\\/?p=17944\"},\"author\":{\"name\":\"Lo viste en Los Pol\u00edticos\",\"@id\":\"https:\\\/\\\/lospoliticosveracruz.com\\\/#\\\/schema\\\/person\\\/b8702bb0e538456e6efd07080bf2a4a2\"},\"headline\":\"El caso de Ayahualulco\",\"datePublished\":\"2015-09-25T01:45:15+00:00\",\"mainEntityOfPage\":{\"@id\":\"https:\\\/\\\/lospoliticosveracruz.com\\\/?p=17944\"},\"wordCount\":875,\"commentCount\":0,\"publisher\":{\"@id\":\"https:\\\/\\\/lospoliticosveracruz.com\\\/#organization\"},\"image\":{\"@id\":\"https:\\\/\\\/lospoliticosveracruz.com\\\/?p=17944#primaryimage\"},\"thumbnailUrl\":\"http:\\\/\\\/www.lospoliticosveracruz.com.mx\\\/wp-content\\\/uploads\\\/2015\\\/09\\\/Abundio-Morales-Rosas-300x171.jpg\",\"keywords\":[\"Ayahualulco\",\"Coatepec\",\"Medell\u00edn\",\"Omar Cruz\",\"Roberto P\u00e9rez Moreno\"],\"articleSection\":[\"De Opini\u00f3n\"],\"inLanguage\":\"es\",\"potentialAction\":[{\"@type\":\"CommentAction\",\"name\":\"Comment\",\"target\":[\"https:\\\/\\\/lospoliticosveracruz.com\\\/?p=17944#respond\"]}]},{\"@type\":\"WebPage\",\"@id\":\"https:\\\/\\\/lospoliticosveracruz.com\\\/?p=17944\",\"url\":\"https:\\\/\\\/lospoliticosveracruz.com\\\/?p=17944\",\"name\":\"El caso de Ayahualulco - Los pol\u00edticos Veracruz\",\"isPartOf\":{\"@id\":\"https:\\\/\\\/lospoliticosveracruz.com\\\/#website\"},\"primaryImageOfPage\":{\"@id\":\"https:\\\/\\\/lospoliticosveracruz.com\\\/?p=17944#primaryimage\"},\"image\":{\"@id\":\"https:\\\/\\\/lospoliticosveracruz.com\\\/?p=17944#primaryimage\"},\"thumbnailUrl\":\"http:\\\/\\\/www.lospoliticosveracruz.com.mx\\\/wp-content\\\/uploads\\\/2015\\\/09\\\/Abundio-Morales-Rosas-300x171.jpg\",\"datePublished\":\"2015-09-25T01:45:15+00:00\",\"breadcrumb\":{\"@id\":\"https:\\\/\\\/lospoliticosveracruz.com\\\/?p=17944#breadcrumb\"},\"inLanguage\":\"es\",\"potentialAction\":[{\"@type\":\"ReadAction\",\"target\":[\"https:\\\/\\\/lospoliticosveracruz.com\\\/?p=17944\"]}]},{\"@type\":\"ImageObject\",\"inLanguage\":\"es\",\"@id\":\"https:\\\/\\\/lospoliticosveracruz.com\\\/?p=17944#primaryimage\",\"url\":\"http:\\\/\\\/www.lospoliticosveracruz.com.mx\\\/wp-content\\\/uploads\\\/2015\\\/09\\\/Abundio-Morales-Rosas-300x171.jpg\",\"contentUrl\":\"http:\\\/\\\/www.lospoliticosveracruz.com.mx\\\/wp-content\\\/uploads\\\/2015\\\/09\\\/Abundio-Morales-Rosas-300x171.jpg\"},{\"@type\":\"BreadcrumbList\",\"@id\":\"https:\\\/\\\/lospoliticosveracruz.com\\\/?p=17944#breadcrumb\",\"itemListElement\":[{\"@type\":\"ListItem\",\"position\":1,\"name\":\"Portada\",\"item\":\"https:\\\/\\\/lospoliticosveracruz.com\\\/\"},{\"@type\":\"ListItem\",\"position\":2,\"name\":\"El caso de Ayahualulco\"}]},{\"@type\":\"WebSite\",\"@id\":\"https:\\\/\\\/lospoliticosveracruz.com\\\/#website\",\"url\":\"https:\\\/\\\/lospoliticosveracruz.com\\\/\",\"name\":\"Los pol\u00edticos Veracruz\",\"description\":\"\",\"publisher\":{\"@id\":\"https:\\\/\\\/lospoliticosveracruz.com\\\/#organization\"},\"potentialAction\":[{\"@type\":\"SearchAction\",\"target\":{\"@type\":\"EntryPoint\",\"urlTemplate\":\"https:\\\/\\\/lospoliticosveracruz.com\\\/?s={search_term_string}\"},\"query-input\":{\"@type\":\"PropertyValueSpecification\",\"valueRequired\":true,\"valueName\":\"search_term_string\"}}],\"inLanguage\":\"es\"},{\"@type\":\"Organization\",\"@id\":\"https:\\\/\\\/lospoliticosveracruz.com\\\/#organization\",\"name\":\"Los pol\u00edticos Veracruz\",\"url\":\"https:\\\/\\\/lospoliticosveracruz.com\\\/\",\"logo\":{\"@type\":\"ImageObject\",\"inLanguage\":\"es\",\"@id\":\"https:\\\/\\\/lospoliticosveracruz.com\\\/#\\\/schema\\\/logo\\\/image\\\/\",\"url\":\"https:\\\/\\\/lospoliticosveracruz.com\\\/wp-content\\\/uploads\\\/2025\\\/12\\\/Logo-Nuevo-LOS-POLITICOS-1.jpg\",\"contentUrl\":\"https:\\\/\\\/lospoliticosveracruz.com\\\/wp-content\\\/uploads\\\/2025\\\/12\\\/Logo-Nuevo-LOS-POLITICOS-1.jpg\",\"width\":260,\"height\":70,\"caption\":\"Los pol\u00edticos Veracruz\"},\"image\":{\"@id\":\"https:\\\/\\\/lospoliticosveracruz.com\\\/#\\\/schema\\\/logo\\\/image\\\/\"},\"sameAs\":[\"https:\\\/\\\/www.facebook.com\\\/people\\\/Notimemes-de-los-Polticos\\\/61565672886568\\\/\",\"https:\\\/\\\/x.com\\\/LosPoliticosVer\"]},{\"@type\":\"Person\",\"@id\":\"https:\\\/\\\/lospoliticosveracruz.com\\\/#\\\/schema\\\/person\\\/b8702bb0e538456e6efd07080bf2a4a2\",\"name\":\"Lo viste en Los Pol\u00edticos\",\"image\":{\"@type\":\"ImageObject\",\"inLanguage\":\"es\",\"@id\":\"https:\\\/\\\/secure.gravatar.com\\\/avatar\\\/3a8de04a2656d44082be478bd6c086daa447c4651605818287b9532d3d0bd435?s=96&d=mm&r=g\",\"url\":\"https:\\\/\\\/secure.gravatar.com\\\/avatar\\\/3a8de04a2656d44082be478bd6c086daa447c4651605818287b9532d3d0bd435?s=96&d=mm&r=g\",\"contentUrl\":\"https:\\\/\\\/secure.gravatar.com\\\/avatar\\\/3a8de04a2656d44082be478bd6c086daa447c4651605818287b9532d3d0bd435?s=96&d=mm&r=g\",\"caption\":\"Lo viste en Los Pol\u00edticos\"},\"url\":\"https:\\\/\\\/lospoliticosveracruz.com\\\/?author=2\"}]}<\/script>\n<!-- \/ Yoast SEO plugin. -->","yoast_head_json":{"title":"El caso de Ayahualulco - Los pol\u00edticos Veracruz","robots":{"index":"index","follow":"follow","max-snippet":"max-snippet:-1","max-image-preview":"max-image-preview:large","max-video-preview":"max-video-preview:-1"},"canonical":"https:\/\/lospoliticosveracruz.com\/?p=17944","og_locale":"es_ES","og_type":"article","og_title":"El caso de Ayahualulco - Los pol\u00edticos Veracruz","og_description":"Luis Alberto Romero Hora Cero Abundio Morales Rosas, presidente municipal de Ayahualulco, es el tercer alcalde veracruzano que enfrenta un juicio de procedencia en la Legislatura del Estado; antes tuvieron un problema similar Omar Cruz, de Medell\u00edn, y Roberto P\u00e9rez Moreno, de Coatepec. Sin embargo, se trata de casos diametralmente opuestos porque mientras los desaforados [&hellip;]","og_url":"https:\/\/lospoliticosveracruz.com\/?p=17944","og_site_name":"Los pol\u00edticos Veracruz","article_publisher":"https:\/\/www.facebook.com\/people\/Notimemes-de-los-Polticos\/61565672886568\/","article_published_time":"2015-09-25T01:45:15+00:00","og_image":[{"url":"http:\/\/www.lospoliticosveracruz.com.mx\/wp-content\/uploads\/2015\/09\/Abundio-Morales-Rosas-300x171.jpg","type":"","width":"","height":""}],"author":"Lo viste en Los Pol\u00edticos","twitter_card":"summary_large_image","twitter_creator":"@LosPoliticosVer","twitter_site":"@LosPoliticosVer","twitter_misc":{"Escrito por":"Lo viste en Los Pol\u00edticos","Tiempo de lectura":"4 minutos"},"schema":{"@context":"https:\/\/schema.org","@graph":[{"@type":"Article","@id":"https:\/\/lospoliticosveracruz.com\/?p=17944#article","isPartOf":{"@id":"https:\/\/lospoliticosveracruz.com\/?p=17944"},"author":{"name":"Lo viste en Los Pol\u00edticos","@id":"https:\/\/lospoliticosveracruz.com\/#\/schema\/person\/b8702bb0e538456e6efd07080bf2a4a2"},"headline":"El caso de Ayahualulco","datePublished":"2015-09-25T01:45:15+00:00","mainEntityOfPage":{"@id":"https:\/\/lospoliticosveracruz.com\/?p=17944"},"wordCount":875,"commentCount":0,"publisher":{"@id":"https:\/\/lospoliticosveracruz.com\/#organization"},"image":{"@id":"https:\/\/lospoliticosveracruz.com\/?p=17944#primaryimage"},"thumbnailUrl":"http:\/\/www.lospoliticosveracruz.com.mx\/wp-content\/uploads\/2015\/09\/Abundio-Morales-Rosas-300x171.jpg","keywords":["Ayahualulco","Coatepec","Medell\u00edn","Omar Cruz","Roberto P\u00e9rez Moreno"],"articleSection":["De Opini\u00f3n"],"inLanguage":"es","potentialAction":[{"@type":"CommentAction","name":"Comment","target":["https:\/\/lospoliticosveracruz.com\/?p=17944#respond"]}]},{"@type":"WebPage","@id":"https:\/\/lospoliticosveracruz.com\/?p=17944","url":"https:\/\/lospoliticosveracruz.com\/?p=17944","name":"El caso de Ayahualulco - Los pol\u00edticos Veracruz","isPartOf":{"@id":"https:\/\/lospoliticosveracruz.com\/#website"},"primaryImageOfPage":{"@id":"https:\/\/lospoliticosveracruz.com\/?p=17944#primaryimage"},"image":{"@id":"https:\/\/lospoliticosveracruz.com\/?p=17944#primaryimage"},"thumbnailUrl":"http:\/\/www.lospoliticosveracruz.com.mx\/wp-content\/uploads\/2015\/09\/Abundio-Morales-Rosas-300x171.jpg","datePublished":"2015-09-25T01:45:15+00:00","breadcrumb":{"@id":"https:\/\/lospoliticosveracruz.com\/?p=17944#breadcrumb"},"inLanguage":"es","potentialAction":[{"@type":"ReadAction","target":["https:\/\/lospoliticosveracruz.com\/?p=17944"]}]},{"@type":"ImageObject","inLanguage":"es","@id":"https:\/\/lospoliticosveracruz.com\/?p=17944#primaryimage","url":"http:\/\/www.lospoliticosveracruz.com.mx\/wp-content\/uploads\/2015\/09\/Abundio-Morales-Rosas-300x171.jpg","contentUrl":"http:\/\/www.lospoliticosveracruz.com.mx\/wp-content\/uploads\/2015\/09\/Abundio-Morales-Rosas-300x171.jpg"},{"@type":"BreadcrumbList","@id":"https:\/\/lospoliticosveracruz.com\/?p=17944#breadcrumb","itemListElement":[{"@type":"ListItem","position":1,"name":"Portada","item":"https:\/\/lospoliticosveracruz.com\/"},{"@type":"ListItem","position":2,"name":"El caso de Ayahualulco"}]},{"@type":"WebSite","@id":"https:\/\/lospoliticosveracruz.com\/#website","url":"https:\/\/lospoliticosveracruz.com\/","name":"Los pol\u00edticos Veracruz","description":"","publisher":{"@id":"https:\/\/lospoliticosveracruz.com\/#organization"},"potentialAction":[{"@type":"SearchAction","target":{"@type":"EntryPoint","urlTemplate":"https:\/\/lospoliticosveracruz.com\/?s={search_term_string}"},"query-input":{"@type":"PropertyValueSpecification","valueRequired":true,"valueName":"search_term_string"}}],"inLanguage":"es"},{"@type":"Organization","@id":"https:\/\/lospoliticosveracruz.com\/#organization","name":"Los pol\u00edticos Veracruz","url":"https:\/\/lospoliticosveracruz.com\/","logo":{"@type":"ImageObject","inLanguage":"es","@id":"https:\/\/lospoliticosveracruz.com\/#\/schema\/logo\/image\/","url":"https:\/\/lospoliticosveracruz.com\/wp-content\/uploads\/2025\/12\/Logo-Nuevo-LOS-POLITICOS-1.jpg","contentUrl":"https:\/\/lospoliticosveracruz.com\/wp-content\/uploads\/2025\/12\/Logo-Nuevo-LOS-POLITICOS-1.jpg","width":260,"height":70,"caption":"Los pol\u00edticos Veracruz"},"image":{"@id":"https:\/\/lospoliticosveracruz.com\/#\/schema\/logo\/image\/"},"sameAs":["https:\/\/www.facebook.com\/people\/Notimemes-de-los-Polticos\/61565672886568\/","https:\/\/x.com\/LosPoliticosVer"]},{"@type":"Person","@id":"https:\/\/lospoliticosveracruz.com\/#\/schema\/person\/b8702bb0e538456e6efd07080bf2a4a2","name":"Lo viste en Los Pol\u00edticos","image":{"@type":"ImageObject","inLanguage":"es","@id":"https:\/\/secure.gravatar.com\/avatar\/3a8de04a2656d44082be478bd6c086daa447c4651605818287b9532d3d0bd435?s=96&d=mm&r=g","url":"https:\/\/secure.gravatar.com\/avatar\/3a8de04a2656d44082be478bd6c086daa447c4651605818287b9532d3d0bd435?s=96&d=mm&r=g","contentUrl":"https:\/\/secure.gravatar.com\/avatar\/3a8de04a2656d44082be478bd6c086daa447c4651605818287b9532d3d0bd435?s=96&d=mm&r=g","caption":"Lo viste en Los Pol\u00edticos"},"url":"https:\/\/lospoliticosveracruz.com\/?author=2"}]}},"_links":{"self":[{"href":"https:\/\/lospoliticosveracruz.com\/index.php?rest_route=\/wp\/v2\/posts\/17944","targetHints":{"allow":["GET"]}}],"collection":[{"href":"https:\/\/lospoliticosveracruz.com\/index.php?rest_route=\/wp\/v2\/posts"}],"about":[{"href":"https:\/\/lospoliticosveracruz.com\/index.php?rest_route=\/wp\/v2\/types\/post"}],"author":[{"embeddable":true,"href":"https:\/\/lospoliticosveracruz.com\/index.php?rest_route=\/wp\/v2\/users\/2"}],"replies":[{"embeddable":true,"href":"https:\/\/lospoliticosveracruz.com\/index.php?rest_route=%2Fwp%2Fv2%2Fcomments&post=17944"}],"version-history":[{"count":1,"href":"https:\/\/lospoliticosveracruz.com\/index.php?rest_route=\/wp\/v2\/posts\/17944\/revisions"}],"predecessor-version":[{"id":17946,"href":"https:\/\/lospoliticosveracruz.com\/index.php?rest_route=\/wp\/v2\/posts\/17944\/revisions\/17946"}],"wp:attachment":[{"href":"https:\/\/lospoliticosveracruz.com\/index.php?rest_route=%2Fwp%2Fv2%2Fmedia&parent=17944"}],"wp:term":[{"taxonomy":"category","embeddable":true,"href":"https:\/\/lospoliticosveracruz.com\/index.php?rest_route=%2Fwp%2Fv2%2Fcategories&post=17944"},{"taxonomy":"post_tag","embeddable":true,"href":"https:\/\/lospoliticosveracruz.com\/index.php?rest_route=%2Fwp%2Fv2%2Ftags&post=17944"}],"curies":[{"name":"wp","href":"https:\/\/api.w.org\/{rel}","templated":true}]}}