{"id":17947,"date":"2015-09-24T20:57:23","date_gmt":"2015-09-25T01:57:23","guid":{"rendered":"http:\/\/www.lospoliticosveracruz.com.mx\/?p=17947"},"modified":"2015-09-24T20:57:23","modified_gmt":"2015-09-25T01:57:23","slug":"fotomultas-y-dudas","status":"publish","type":"post","link":"https:\/\/lospoliticosveracruz.com\/?p=17947","title":{"rendered":"Fotomultas y dudas"},"content":{"rendered":"<p><a href=\"http:\/\/www.lospoliticosveracruz.com.mx\/wp-content\/uploads\/2015\/09\/Fotomulta.jpg\"><img loading=\"lazy\" decoding=\"async\" class=\"alignnone size-medium wp-image-17948\" src=\"http:\/\/www.lospoliticosveracruz.com.mx\/wp-content\/uploads\/2015\/09\/Fotomulta-300x185.jpg\" alt=\"Fotomulta\" width=\"300\" height=\"185\" \/><\/a><br \/>\n<strong>Brenda Caballero<\/strong><br \/>\n<em>N\u00fameros Rojos<\/em><\/p>\n<p>Las primeras multas del nuevo reglamento empiezan a surgir: no usar cintur\u00f3n de seguridad y rebasar las l\u00edneas de paso peatonal. Desde luego que los infractores de inmediato acuden a pagarla dentro de los cinco primeros d\u00edas para obtener el beneficio de la condonaci\u00f3n del 75 por ciento y pagar s\u00f3lo un 25 por ciento.<br \/>\nLas fotomultas tambi\u00e9n empiezan a llegar a los domicilios de los infractores por rebasar los l\u00edmites de velocidad permitidos, aunque la primera infracci\u00f3n es condonada, pues no tienen multa monetaria, tan s\u00f3lo la leyenda \u201cpor esta ocasi\u00f3n, la multa le ser\u00e1 condonada, invit\u00e1ndole a que respete los se\u00f1alamientos con el fin de evitar accidentes vehiculares, que atenten contra su salud y el patrimonio de los dem\u00e1s\u201d.<br \/>\nAunque me pregunto: \u00bflas fotomultas tendr\u00e1n los descuentos por pronto pago?<br \/>\nLos que han recibido tal infracci\u00f3n, comentan que les lleg\u00f3 a su domicilio pasados los 30 d\u00edas, luego entonces, as\u00ed no proceder\u00eda, aunque los que saben afirman que empezar\u00e1n a contar los d\u00edas a partir de que llegue el cartero a casa.<br \/>\nDesde luego, las dudas me asaltan: \u00bfhabr\u00e1 un acuse de recibo o notificaci\u00f3n? Porque si no lo hay, siempre le echaremos la culpa al pobre cartero.<br \/>\n\u00bfRecuerda usted lo que pasaba cuando llegaba el aviso por correo del pago del derecho vehicular hace algunos a\u00f1os? Todos se quejaban de que estaba fuera de tiempo, incluso muchos afirmaban tajantemente que nunca les hab\u00eda sido entregado.<br \/>\nDefinitivamente aqu\u00ed, la Secretar\u00eda de Seguridad P\u00fablica deber\u00eda informar a todos los veracruzanos c\u00f3mo operar\u00e1n con la notificaci\u00f3n y pago de las infracciones, y digo Seguridad P\u00fablica, porque al parecer la Direcci\u00f3n de Tr\u00e1nsito del Estado no tiene conocimiento de ello.<br \/>\n\u00bfQue por qu\u00e9 lo digo?<br \/>\nHace unos d\u00edas platicaba el caso de Tom\u00e1s, un vecino de Coatzacoalcos, que al querer hacer las cosas bien ha padecido un Calvario. Desgraciadamente a\u00fan no termina, pues hace unos d\u00edas volvi\u00f3 a acudir a la oficina de Hacienda del Estado, all\u00e1 en su municipio, para que le indicaran cu\u00e1nto ten\u00eda que pagar porque su camioneta de 1.5 toneladas portara un tumbaburros. En dicha oficina le indicaron que pod\u00edan cambiar su tarjeta de circulaci\u00f3n y poner el tumbaburros en el rubro de \u201cotros\u201d, como c\u00e1mper; sin embargo, le indicaron que el tumbaburros no estaba contemplado y que era seguro que si un agente de tr\u00e1nsito lo deten\u00eda, lo iba a infraccionar, por lo que lo mandaron a la Delegaci\u00f3n de Tr\u00e1nsito de ese municipio. Al llegar, pregunt\u00f3 sobre los requisitos que marca el art\u00edculo 40 de la Ley de Tr\u00e1nsito y Vialidad donde le permite traer tumbaburros o topes a su veh\u00edculo de carga previo pago de derechos y permiso de la Secretar\u00eda de Seguridad P\u00fablica.<br \/>\nAl llegar a la Delegaci\u00f3n de Tr\u00e1nsito, la secretaria le indic\u00f3 que si el reglamento dec\u00eda \u201cla Secretar\u00eda\u201d, ten\u00eda que acudir all\u00e1 y no con ellos, es decir \u00a1a Palma Sola!<br \/>\nY all\u00ed tiene a Tom\u00e1s traslad\u00e1ndose hasta all\u00e1 para que le dijeran en el jur\u00eddico que en la Delegaci\u00f3n de Tr\u00e1nsito de Coatzacoalcos ten\u00edan que darle la informaci\u00f3n, pues depend\u00eda de la Secretar\u00eda de Seguridad P\u00fablica y era la responsable de resolver las dudas de los automovilistas, indic\u00e1ndole que ten\u00eda que hacer un escrito dirigido al Director de Tr\u00e1nsito y Vialidad en el Estado.<br \/>\nAcat\u00f3 la indicaci\u00f3n e hizo su oficio correspondiente, pero al llevarlo a la Delegaci\u00f3n de Tr\u00e1nsito en Coatzacoalcos no se lo quer\u00edan recibir, puesto que pensaban que por ese hecho le otorgar\u00edan el permiso correspondiente para portar el tumbaburros. Despu\u00e9s de hablar con la secretaria, dos oficiales y el delegado Freddy Alonso Escoba, este \u00faltimo le indic\u00f3 que se lo recibir\u00eda pero s\u00f3lo para darle los requisitos. \u00a1Vaya burro-cracia!<br \/>\nEstas acciones, aparte de burocracia, s\u00f3lo indican que no hay comunicaci\u00f3n entre la Direcci\u00f3n de Tr\u00e1nsito y Seguridad P\u00fablica, o que las funciones de la Direcci\u00f3n pasaron completamente a la Secretar\u00eda sin avisarles.<br \/>\nSin duda, es sumamente importante que los veracruzanos estemos bien atentos, debemos conocer el nuevo Reglamento de Tr\u00e1nsito y Vialidad con sus modificaciones, o de plano pedirle al agente de Tr\u00e1nsito que nos muestre lo que dice el art\u00edculo antes de infraccionarnos.<br \/>\nLe comento un \u00faltimo caso: mi vecino que es taxista me platica que baj\u00f3 pasaje en lugar indebido y el art\u00edculo de infracci\u00f3n de su boleta refer\u00eda al 87, que dice: \u201cEl conductor de un veh\u00edculo que pretenda cambiar de direcci\u00f3n a la izquierda en v\u00eda de doble sentido de circulaci\u00f3n, estar\u00e1 obligado a ceder el paso a los veh\u00edculos que circulen de frente\u201d. Totalmente absurdo, pues estaba en una avenida con camell\u00f3n al centro.<br \/>\n\u00bfQu\u00e9 tiene que ver una cosa con la otra? \u00a1Qu\u00e9 alguien me explique!<\/p>\n<p>Email:caballero_brenda@hotmail.com<\/p>\n","protected":false},"excerpt":{"rendered":"<p>Brenda Caballero N\u00fameros Rojos Las primeras multas del nuevo reglamento empiezan a surgir: no usar cintur\u00f3n de seguridad y rebasar las l\u00edneas de paso peatonal. Desde luego que los infractores de inmediato acuden a pagarla dentro de los cinco primeros d\u00edas para obtener el beneficio de la condonaci\u00f3n del 75 por ciento y pagar s\u00f3lo [&hellip;]<\/p>\n","protected":false},"author":2,"featured_media":0,"comment_status":"open","ping_status":"open","sticky":false,"template":"","format":"standard","meta":{"tdm_status":"","tdm_grid_status":"","footnotes":""},"categories":[70],"tags":[3487,2983,3486,177,192],"class_list":{"0":"post-17947","1":"post","2":"type-post","3":"status-publish","4":"format-standard","6":"category-de-opinion","7":"tag-descuento","8":"tag-fotomultas","9":"tag-infraccion","10":"tag-seguridad-publica","11":"tag-transito"},"yoast_head":"<!-- This site is optimized with the Yoast SEO plugin v27.4 - https:\/\/yoast.com\/product\/yoast-seo-wordpress\/ -->\n<title>Fotomultas y dudas - Los pol\u00edticos Veracruz<\/title>\n<meta name=\"robots\" content=\"index, follow, max-snippet:-1, max-image-preview:large, max-video-preview:-1\" \/>\n<link rel=\"canonical\" href=\"https:\/\/lospoliticosveracruz.com\/?p=17947\" \/>\n<meta property=\"og:locale\" content=\"es_ES\" \/>\n<meta property=\"og:type\" content=\"article\" \/>\n<meta property=\"og:title\" content=\"Fotomultas y dudas - Los pol\u00edticos Veracruz\" \/>\n<meta property=\"og:description\" content=\"Brenda Caballero N\u00fameros Rojos Las primeras multas del nuevo reglamento empiezan a surgir: no usar cintur\u00f3n de seguridad y rebasar las l\u00edneas de paso peatonal. Desde luego que los infractores de inmediato acuden a pagarla dentro de los cinco primeros d\u00edas para obtener el beneficio de la condonaci\u00f3n del 75 por ciento y pagar s\u00f3lo [&hellip;]\" \/>\n<meta property=\"og:url\" content=\"https:\/\/lospoliticosveracruz.com\/?p=17947\" \/>\n<meta property=\"og:site_name\" content=\"Los pol\u00edticos Veracruz\" \/>\n<meta property=\"article:publisher\" content=\"https:\/\/www.facebook.com\/people\/Notimemes-de-los-Polticos\/61565672886568\/\" \/>\n<meta property=\"article:published_time\" content=\"2015-09-25T01:57:23+00:00\" \/>\n<meta property=\"og:image\" content=\"http:\/\/www.lospoliticosveracruz.com.mx\/wp-content\/uploads\/2015\/09\/Fotomulta-300x185.jpg\" \/>\n<meta name=\"author\" content=\"Lo viste en Los Pol\u00edticos\" \/>\n<meta name=\"twitter:card\" content=\"summary_large_image\" \/>\n<meta name=\"twitter:creator\" content=\"@LosPoliticosVer\" \/>\n<meta name=\"twitter:site\" content=\"@LosPoliticosVer\" \/>\n<meta name=\"twitter:label1\" content=\"Escrito por\" \/>\n\t<meta name=\"twitter:data1\" content=\"Lo viste en Los Pol\u00edticos\" \/>\n\t<meta name=\"twitter:label2\" content=\"Tiempo de lectura\" \/>\n\t<meta name=\"twitter:data2\" content=\"4 minutos\" \/>\n<script type=\"application\/ld+json\" class=\"yoast-schema-graph\">{\"@context\":\"https:\\\/\\\/schema.org\",\"@graph\":[{\"@type\":\"Article\",\"@id\":\"https:\\\/\\\/lospoliticosveracruz.com\\\/?p=17947#article\",\"isPartOf\":{\"@id\":\"https:\\\/\\\/lospoliticosveracruz.com\\\/?p=17947\"},\"author\":{\"name\":\"Lo viste en Los Pol\u00edticos\",\"@id\":\"https:\\\/\\\/lospoliticosveracruz.com\\\/#\\\/schema\\\/person\\\/b8702bb0e538456e6efd07080bf2a4a2\"},\"headline\":\"Fotomultas y dudas\",\"datePublished\":\"2015-09-25T01:57:23+00:00\",\"mainEntityOfPage\":{\"@id\":\"https:\\\/\\\/lospoliticosveracruz.com\\\/?p=17947\"},\"wordCount\":878,\"commentCount\":0,\"publisher\":{\"@id\":\"https:\\\/\\\/lospoliticosveracruz.com\\\/#organization\"},\"image\":{\"@id\":\"https:\\\/\\\/lospoliticosveracruz.com\\\/?p=17947#primaryimage\"},\"thumbnailUrl\":\"http:\\\/\\\/www.lospoliticosveracruz.com.mx\\\/wp-content\\\/uploads\\\/2015\\\/09\\\/Fotomulta-300x185.jpg\",\"keywords\":[\"descuento\",\"fotomultas\",\"infracci\u00f3n\",\"Seguridad P\u00fablica\",\"Tr\u00e1nsito\"],\"articleSection\":[\"De Opini\u00f3n\"],\"inLanguage\":\"es\",\"potentialAction\":[{\"@type\":\"CommentAction\",\"name\":\"Comment\",\"target\":[\"https:\\\/\\\/lospoliticosveracruz.com\\\/?p=17947#respond\"]}]},{\"@type\":\"WebPage\",\"@id\":\"https:\\\/\\\/lospoliticosveracruz.com\\\/?p=17947\",\"url\":\"https:\\\/\\\/lospoliticosveracruz.com\\\/?p=17947\",\"name\":\"Fotomultas y dudas - Los pol\u00edticos Veracruz\",\"isPartOf\":{\"@id\":\"https:\\\/\\\/lospoliticosveracruz.com\\\/#website\"},\"primaryImageOfPage\":{\"@id\":\"https:\\\/\\\/lospoliticosveracruz.com\\\/?p=17947#primaryimage\"},\"image\":{\"@id\":\"https:\\\/\\\/lospoliticosveracruz.com\\\/?p=17947#primaryimage\"},\"thumbnailUrl\":\"http:\\\/\\\/www.lospoliticosveracruz.com.mx\\\/wp-content\\\/uploads\\\/2015\\\/09\\\/Fotomulta-300x185.jpg\",\"datePublished\":\"2015-09-25T01:57:23+00:00\",\"breadcrumb\":{\"@id\":\"https:\\\/\\\/lospoliticosveracruz.com\\\/?p=17947#breadcrumb\"},\"inLanguage\":\"es\",\"potentialAction\":[{\"@type\":\"ReadAction\",\"target\":[\"https:\\\/\\\/lospoliticosveracruz.com\\\/?p=17947\"]}]},{\"@type\":\"ImageObject\",\"inLanguage\":\"es\",\"@id\":\"https:\\\/\\\/lospoliticosveracruz.com\\\/?p=17947#primaryimage\",\"url\":\"http:\\\/\\\/www.lospoliticosveracruz.com.mx\\\/wp-content\\\/uploads\\\/2015\\\/09\\\/Fotomulta-300x185.jpg\",\"contentUrl\":\"http:\\\/\\\/www.lospoliticosveracruz.com.mx\\\/wp-content\\\/uploads\\\/2015\\\/09\\\/Fotomulta-300x185.jpg\"},{\"@type\":\"BreadcrumbList\",\"@id\":\"https:\\\/\\\/lospoliticosveracruz.com\\\/?p=17947#breadcrumb\",\"itemListElement\":[{\"@type\":\"ListItem\",\"position\":1,\"name\":\"Portada\",\"item\":\"https:\\\/\\\/lospoliticosveracruz.com\\\/\"},{\"@type\":\"ListItem\",\"position\":2,\"name\":\"Fotomultas y dudas\"}]},{\"@type\":\"WebSite\",\"@id\":\"https:\\\/\\\/lospoliticosveracruz.com\\\/#website\",\"url\":\"https:\\\/\\\/lospoliticosveracruz.com\\\/\",\"name\":\"Los pol\u00edticos Veracruz\",\"description\":\"\",\"publisher\":{\"@id\":\"https:\\\/\\\/lospoliticosveracruz.com\\\/#organization\"},\"potentialAction\":[{\"@type\":\"SearchAction\",\"target\":{\"@type\":\"EntryPoint\",\"urlTemplate\":\"https:\\\/\\\/lospoliticosveracruz.com\\\/?s={search_term_string}\"},\"query-input\":{\"@type\":\"PropertyValueSpecification\",\"valueRequired\":true,\"valueName\":\"search_term_string\"}}],\"inLanguage\":\"es\"},{\"@type\":\"Organization\",\"@id\":\"https:\\\/\\\/lospoliticosveracruz.com\\\/#organization\",\"name\":\"Los pol\u00edticos Veracruz\",\"url\":\"https:\\\/\\\/lospoliticosveracruz.com\\\/\",\"logo\":{\"@type\":\"ImageObject\",\"inLanguage\":\"es\",\"@id\":\"https:\\\/\\\/lospoliticosveracruz.com\\\/#\\\/schema\\\/logo\\\/image\\\/\",\"url\":\"https:\\\/\\\/lospoliticosveracruz.com\\\/wp-content\\\/uploads\\\/2025\\\/12\\\/Logo-Nuevo-LOS-POLITICOS-1.jpg\",\"contentUrl\":\"https:\\\/\\\/lospoliticosveracruz.com\\\/wp-content\\\/uploads\\\/2025\\\/12\\\/Logo-Nuevo-LOS-POLITICOS-1.jpg\",\"width\":260,\"height\":70,\"caption\":\"Los pol\u00edticos Veracruz\"},\"image\":{\"@id\":\"https:\\\/\\\/lospoliticosveracruz.com\\\/#\\\/schema\\\/logo\\\/image\\\/\"},\"sameAs\":[\"https:\\\/\\\/www.facebook.com\\\/people\\\/Notimemes-de-los-Polticos\\\/61565672886568\\\/\",\"https:\\\/\\\/x.com\\\/LosPoliticosVer\"]},{\"@type\":\"Person\",\"@id\":\"https:\\\/\\\/lospoliticosveracruz.com\\\/#\\\/schema\\\/person\\\/b8702bb0e538456e6efd07080bf2a4a2\",\"name\":\"Lo viste en Los Pol\u00edticos\",\"image\":{\"@type\":\"ImageObject\",\"inLanguage\":\"es\",\"@id\":\"https:\\\/\\\/secure.gravatar.com\\\/avatar\\\/3a8de04a2656d44082be478bd6c086daa447c4651605818287b9532d3d0bd435?s=96&d=mm&r=g\",\"url\":\"https:\\\/\\\/secure.gravatar.com\\\/avatar\\\/3a8de04a2656d44082be478bd6c086daa447c4651605818287b9532d3d0bd435?s=96&d=mm&r=g\",\"contentUrl\":\"https:\\\/\\\/secure.gravatar.com\\\/avatar\\\/3a8de04a2656d44082be478bd6c086daa447c4651605818287b9532d3d0bd435?s=96&d=mm&r=g\",\"caption\":\"Lo viste en Los Pol\u00edticos\"},\"url\":\"https:\\\/\\\/lospoliticosveracruz.com\\\/?author=2\"}]}<\/script>\n<!-- \/ Yoast SEO plugin. -->","yoast_head_json":{"title":"Fotomultas y dudas - Los pol\u00edticos Veracruz","robots":{"index":"index","follow":"follow","max-snippet":"max-snippet:-1","max-image-preview":"max-image-preview:large","max-video-preview":"max-video-preview:-1"},"canonical":"https:\/\/lospoliticosveracruz.com\/?p=17947","og_locale":"es_ES","og_type":"article","og_title":"Fotomultas y dudas - Los pol\u00edticos Veracruz","og_description":"Brenda Caballero N\u00fameros Rojos Las primeras multas del nuevo reglamento empiezan a surgir: no usar cintur\u00f3n de seguridad y rebasar las l\u00edneas de paso peatonal. Desde luego que los infractores de inmediato acuden a pagarla dentro de los cinco primeros d\u00edas para obtener el beneficio de la condonaci\u00f3n del 75 por ciento y pagar s\u00f3lo [&hellip;]","og_url":"https:\/\/lospoliticosveracruz.com\/?p=17947","og_site_name":"Los pol\u00edticos Veracruz","article_publisher":"https:\/\/www.facebook.com\/people\/Notimemes-de-los-Polticos\/61565672886568\/","article_published_time":"2015-09-25T01:57:23+00:00","og_image":[{"url":"http:\/\/www.lospoliticosveracruz.com.mx\/wp-content\/uploads\/2015\/09\/Fotomulta-300x185.jpg","type":"","width":"","height":""}],"author":"Lo viste en Los Pol\u00edticos","twitter_card":"summary_large_image","twitter_creator":"@LosPoliticosVer","twitter_site":"@LosPoliticosVer","twitter_misc":{"Escrito por":"Lo viste en Los Pol\u00edticos","Tiempo de lectura":"4 minutos"},"schema":{"@context":"https:\/\/schema.org","@graph":[{"@type":"Article","@id":"https:\/\/lospoliticosveracruz.com\/?p=17947#article","isPartOf":{"@id":"https:\/\/lospoliticosveracruz.com\/?p=17947"},"author":{"name":"Lo viste en Los Pol\u00edticos","@id":"https:\/\/lospoliticosveracruz.com\/#\/schema\/person\/b8702bb0e538456e6efd07080bf2a4a2"},"headline":"Fotomultas y dudas","datePublished":"2015-09-25T01:57:23+00:00","mainEntityOfPage":{"@id":"https:\/\/lospoliticosveracruz.com\/?p=17947"},"wordCount":878,"commentCount":0,"publisher":{"@id":"https:\/\/lospoliticosveracruz.com\/#organization"},"image":{"@id":"https:\/\/lospoliticosveracruz.com\/?p=17947#primaryimage"},"thumbnailUrl":"http:\/\/www.lospoliticosveracruz.com.mx\/wp-content\/uploads\/2015\/09\/Fotomulta-300x185.jpg","keywords":["descuento","fotomultas","infracci\u00f3n","Seguridad P\u00fablica","Tr\u00e1nsito"],"articleSection":["De Opini\u00f3n"],"inLanguage":"es","potentialAction":[{"@type":"CommentAction","name":"Comment","target":["https:\/\/lospoliticosveracruz.com\/?p=17947#respond"]}]},{"@type":"WebPage","@id":"https:\/\/lospoliticosveracruz.com\/?p=17947","url":"https:\/\/lospoliticosveracruz.com\/?p=17947","name":"Fotomultas y dudas - Los pol\u00edticos Veracruz","isPartOf":{"@id":"https:\/\/lospoliticosveracruz.com\/#website"},"primaryImageOfPage":{"@id":"https:\/\/lospoliticosveracruz.com\/?p=17947#primaryimage"},"image":{"@id":"https:\/\/lospoliticosveracruz.com\/?p=17947#primaryimage"},"thumbnailUrl":"http:\/\/www.lospoliticosveracruz.com.mx\/wp-content\/uploads\/2015\/09\/Fotomulta-300x185.jpg","datePublished":"2015-09-25T01:57:23+00:00","breadcrumb":{"@id":"https:\/\/lospoliticosveracruz.com\/?p=17947#breadcrumb"},"inLanguage":"es","potentialAction":[{"@type":"ReadAction","target":["https:\/\/lospoliticosveracruz.com\/?p=17947"]}]},{"@type":"ImageObject","inLanguage":"es","@id":"https:\/\/lospoliticosveracruz.com\/?p=17947#primaryimage","url":"http:\/\/www.lospoliticosveracruz.com.mx\/wp-content\/uploads\/2015\/09\/Fotomulta-300x185.jpg","contentUrl":"http:\/\/www.lospoliticosveracruz.com.mx\/wp-content\/uploads\/2015\/09\/Fotomulta-300x185.jpg"},{"@type":"BreadcrumbList","@id":"https:\/\/lospoliticosveracruz.com\/?p=17947#breadcrumb","itemListElement":[{"@type":"ListItem","position":1,"name":"Portada","item":"https:\/\/lospoliticosveracruz.com\/"},{"@type":"ListItem","position":2,"name":"Fotomultas y dudas"}]},{"@type":"WebSite","@id":"https:\/\/lospoliticosveracruz.com\/#website","url":"https:\/\/lospoliticosveracruz.com\/","name":"Los pol\u00edticos Veracruz","description":"","publisher":{"@id":"https:\/\/lospoliticosveracruz.com\/#organization"},"potentialAction":[{"@type":"SearchAction","target":{"@type":"EntryPoint","urlTemplate":"https:\/\/lospoliticosveracruz.com\/?s={search_term_string}"},"query-input":{"@type":"PropertyValueSpecification","valueRequired":true,"valueName":"search_term_string"}}],"inLanguage":"es"},{"@type":"Organization","@id":"https:\/\/lospoliticosveracruz.com\/#organization","name":"Los pol\u00edticos Veracruz","url":"https:\/\/lospoliticosveracruz.com\/","logo":{"@type":"ImageObject","inLanguage":"es","@id":"https:\/\/lospoliticosveracruz.com\/#\/schema\/logo\/image\/","url":"https:\/\/lospoliticosveracruz.com\/wp-content\/uploads\/2025\/12\/Logo-Nuevo-LOS-POLITICOS-1.jpg","contentUrl":"https:\/\/lospoliticosveracruz.com\/wp-content\/uploads\/2025\/12\/Logo-Nuevo-LOS-POLITICOS-1.jpg","width":260,"height":70,"caption":"Los pol\u00edticos Veracruz"},"image":{"@id":"https:\/\/lospoliticosveracruz.com\/#\/schema\/logo\/image\/"},"sameAs":["https:\/\/www.facebook.com\/people\/Notimemes-de-los-Polticos\/61565672886568\/","https:\/\/x.com\/LosPoliticosVer"]},{"@type":"Person","@id":"https:\/\/lospoliticosveracruz.com\/#\/schema\/person\/b8702bb0e538456e6efd07080bf2a4a2","name":"Lo viste en Los Pol\u00edticos","image":{"@type":"ImageObject","inLanguage":"es","@id":"https:\/\/secure.gravatar.com\/avatar\/3a8de04a2656d44082be478bd6c086daa447c4651605818287b9532d3d0bd435?s=96&d=mm&r=g","url":"https:\/\/secure.gravatar.com\/avatar\/3a8de04a2656d44082be478bd6c086daa447c4651605818287b9532d3d0bd435?s=96&d=mm&r=g","contentUrl":"https:\/\/secure.gravatar.com\/avatar\/3a8de04a2656d44082be478bd6c086daa447c4651605818287b9532d3d0bd435?s=96&d=mm&r=g","caption":"Lo viste en Los Pol\u00edticos"},"url":"https:\/\/lospoliticosveracruz.com\/?author=2"}]}},"_links":{"self":[{"href":"https:\/\/lospoliticosveracruz.com\/index.php?rest_route=\/wp\/v2\/posts\/17947","targetHints":{"allow":["GET"]}}],"collection":[{"href":"https:\/\/lospoliticosveracruz.com\/index.php?rest_route=\/wp\/v2\/posts"}],"about":[{"href":"https:\/\/lospoliticosveracruz.com\/index.php?rest_route=\/wp\/v2\/types\/post"}],"author":[{"embeddable":true,"href":"https:\/\/lospoliticosveracruz.com\/index.php?rest_route=\/wp\/v2\/users\/2"}],"replies":[{"embeddable":true,"href":"https:\/\/lospoliticosveracruz.com\/index.php?rest_route=%2Fwp%2Fv2%2Fcomments&post=17947"}],"version-history":[{"count":1,"href":"https:\/\/lospoliticosveracruz.com\/index.php?rest_route=\/wp\/v2\/posts\/17947\/revisions"}],"predecessor-version":[{"id":17949,"href":"https:\/\/lospoliticosveracruz.com\/index.php?rest_route=\/wp\/v2\/posts\/17947\/revisions\/17949"}],"wp:attachment":[{"href":"https:\/\/lospoliticosveracruz.com\/index.php?rest_route=%2Fwp%2Fv2%2Fmedia&parent=17947"}],"wp:term":[{"taxonomy":"category","embeddable":true,"href":"https:\/\/lospoliticosveracruz.com\/index.php?rest_route=%2Fwp%2Fv2%2Fcategories&post=17947"},{"taxonomy":"post_tag","embeddable":true,"href":"https:\/\/lospoliticosveracruz.com\/index.php?rest_route=%2Fwp%2Fv2%2Ftags&post=17947"}],"curies":[{"name":"wp","href":"https:\/\/api.w.org\/{rel}","templated":true}]}}