{"id":179512,"date":"2026-08-29T13:15:27","date_gmt":"2026-08-29T19:15:27","guid":{"rendered":"https:\/\/lospoliticosveracruz.com\/?p=179512"},"modified":"2026-08-29T13:15:28","modified_gmt":"2026-08-29T19:15:28","slug":"dante-se-le-va-encima-a-nahle","status":"publish","type":"post","link":"https:\/\/lospoliticosveracruz.com\/?p=179512","title":{"rendered":"DANTE SE LE VA ENCIMA A NAHLE!"},"content":{"rendered":"\n<h1 class=\"wp-block-heading\"><\/h1>\n\n\n<div class=\"wp-block-image\">\n<figure class=\"alignleft size-large is-resized\"><a href=\"https:\/\/lospoliticosveracruz.com\/wp-content\/uploads\/2026\/08\/Contribuciones-VER-scaled.jpg\"><img loading=\"lazy\" decoding=\"async\" width=\"1024\" height=\"127\" src=\"https:\/\/lospoliticosveracruz.com\/wp-content\/uploads\/2026\/08\/Contribuciones-VER-1024x127.jpg\" alt=\"\" class=\"wp-image-178578\" style=\"aspect-ratio:8.063745019920319;width:783px;height:auto\" srcset=\"https:\/\/lospoliticosveracruz.com\/wp-content\/uploads\/2026\/08\/Contribuciones-VER-1024x127.jpg 1024w, https:\/\/lospoliticosveracruz.com\/wp-content\/uploads\/2026\/08\/Contribuciones-VER-300x37.jpg 300w, https:\/\/lospoliticosveracruz.com\/wp-content\/uploads\/2026\/08\/Contribuciones-VER-768x95.jpg 768w, https:\/\/lospoliticosveracruz.com\/wp-content\/uploads\/2026\/08\/Contribuciones-VER-1536x190.jpg 1536w, https:\/\/lospoliticosveracruz.com\/wp-content\/uploads\/2026\/08\/Contribuciones-VER-2048x253.jpg 2048w, https:\/\/lospoliticosveracruz.com\/wp-content\/uploads\/2026\/08\/Contribuciones-VER-150x19.jpg 150w, https:\/\/lospoliticosveracruz.com\/wp-content\/uploads\/2026\/08\/Contribuciones-VER-696x86.jpg 696w, https:\/\/lospoliticosveracruz.com\/wp-content\/uploads\/2026\/08\/Contribuciones-VER-1068x132.jpg 1068w, https:\/\/lospoliticosveracruz.com\/wp-content\/uploads\/2026\/08\/Contribuciones-VER-1920x237.jpg 1920w\" sizes=\"auto, (max-width: 1024px) 100vw, 1024px\" \/><\/a><\/figure>\n<\/div>\n\n<div class=\"wp-block-image\">\n<figure class=\"alignleft size-full is-resized\"><a href=\"https:\/\/www.facebook.com\/ViveVeracruzCultura\/posts\/pfbid0RVyf5bm7vC1RyRraD63geXbMuFMMiSpkZcysmk9Z2ShmGQMEdh1GbjDgbYFyeyNZl\" target=\"_blank\" rel=\"https:\/\/www.facebook.com\/ViveVeracruzCultura\/posts\/pfbid0RVyf5bm7vC1RyRraD63geXbMuFMMiSpkZcysmk9Z2ShmGQMEdh1GbjDgbYFyeyNZl\"><img loading=\"lazy\" decoding=\"async\" width=\"701\" height=\"561\" src=\"https:\/\/lospoliticosveracruz.com\/wp-content\/uploads\/2026\/07\/Verano.png\" alt=\"\" class=\"wp-image-177651\" style=\"aspect-ratio:1.2495613179957106;width:422px;height:auto\" srcset=\"https:\/\/lospoliticosveracruz.com\/wp-content\/uploads\/2026\/07\/Verano.png 701w, https:\/\/lospoliticosveracruz.com\/wp-content\/uploads\/2026\/07\/Verano-300x240.png 300w, https:\/\/lospoliticosveracruz.com\/wp-content\/uploads\/2026\/07\/Verano-525x420.png 525w, https:\/\/lospoliticosveracruz.com\/wp-content\/uploads\/2026\/07\/Verano-150x120.png 150w, https:\/\/lospoliticosveracruz.com\/wp-content\/uploads\/2026\/07\/Verano-696x557.png 696w\" sizes=\"auto, (max-width: 701px) 100vw, 701px\" \/><\/a><\/figure>\n<\/div>\n\n\n<p><br><\/p>\n\n\n\n<p class=\"dropcapp1\"><strong>NdelaR<\/strong><br><em>Boca del R\u00edo<\/em><br>Dante Delgado Rannauro lanz\u00f3 este s\u00e1bado un duro posicionamiento contra el gobierno de Roc\u00edo Nahle, al que acus\u00f3 de utilizar las instituciones de procuraci\u00f3n de justicia como mecanismos de presi\u00f3n pol\u00edtica contra Movimiento Ciudadano y sus autoridades municipales.<\/p>\n\n\n\n<p>El fundador de MC sostuvo que en Veracruz se mantiene una pr\u00e1ctica en la que, asegur\u00f3, primero se acusa p\u00fablicamente a los adversarios y posteriormente se construyen procedimientos en su contra. Seg\u00fan Delgado, la actual administraci\u00f3n estatal ha reproducido e incluso agravado conductas que su partido denunci\u00f3 durante gobiernos anteriores.<\/p>\n\n\n\n<p>Como ejemplo record\u00f3 el encarcelamiento de Jos\u00e9 Manuel del R\u00edo Virgen durante la administraci\u00f3n pasada y se\u00f1al\u00f3 que actualmente existen presiones contra alcaldes, s\u00edndicos y regidores para que abandonen Movimiento Ciudadano y se incorporen a Morena.<\/p>\n\n\n\n<p>Dante Delgado tambi\u00e9n arremeti\u00f3 contra la gobernadora por su actuaci\u00f3n durante y despu\u00e9s del proceso municipal de 2025. Afirm\u00f3 que candidatos de MC fueron amenazados sin recibir la protecci\u00f3n necesaria y acus\u00f3 que en <strong>Papantla y Poza Rica<\/strong> su partido gan\u00f3 en las urnas, pero posteriormente se detuvieron c\u00f3mputos, se manipularon paquetes electorales y se ejercieron presiones para modificar los resultados.<\/p>\n\n\n\n<p>El dirigente naranja calific\u00f3 lo ocurrido como <strong>\u201cel primer gran fraude electoral de Morena en Veracruz\u201d<\/strong> y acus\u00f3 al gobierno estatal de considerar sospechosa cualquier actividad realizada por Movimiento Ciudadano, incluso la entrega de ayuda a damnificados o el acompa\u00f1amiento de manifestaciones ciudadanas.<\/p>\n\n\n\n<p>Tambi\u00e9n cuestion\u00f3 los procedimientos contra autoridades municipales emanadas de MC y mencion\u00f3 los desafueros de los alcaldes de <strong>Ixhuatl\u00e1n del Sureste y \u00darsulo Galv\u00e1n<\/strong>, adem\u00e1s del caso de <strong>Jes\u00fas Uribe, en Las Choapas<\/strong>, que present\u00f3 como ejemplo de presiones para provocar el cambio de militancia hacia Morena.<\/p>\n\n\n\n<p>Delgado asegur\u00f3 que ese comportamiento no es exclusivo de Veracruz y cit\u00f3 casos registrados en <strong>Nayarit, Puebla, Tabasco y Campeche<\/strong>, donde, seg\u00fan su versi\u00f3n, gobiernos emanados de Morena han utilizado fiscal\u00edas y procedimientos administrativos o judiciales contra opositores.<\/p>\n\n\n\n<p>Ante ese escenario, anunci\u00f3 que Movimiento Ciudadano impulsar\u00e1 una reforma para modificar el funcionamiento de las fiscal\u00edas y acabar, dijo, con una autonom\u00eda que en los hechos permite a los gobiernos utilizar esos organismos sin asumir directamente el costo pol\u00edtico de sus actuaciones.<\/p>\n\n\n\n<p>El mensaje m\u00e1s directo fue para Roc\u00edo Nahle: <strong>\u201cno le vamos a tolerar que intente agraviarnos, intimidarnos o condicionar el apoyo que leg\u00edtimamente corresponde a los liderazgos municipales de nuestro movimiento\u201d<\/strong>, se\u00f1al\u00f3.<\/p>\n\n\n\n<p>Dante aclar\u00f3 que MC tampoco proteger\u00e1 a militantes que cometan delitos y sostuvo que cualquier responsable debe enfrentar la ley, pero exigi\u00f3 investigaciones serias, presunci\u00f3n de inocencia, debido proceso y las mismas reglas para oficialistas y opositores.<\/p>\n\n\n\n<p>Finalmente, reproch\u00f3 que recursos p\u00fablicos sean utilizados para perseguir adversarios mientras Veracruz enfrenta problemas como la desaparici\u00f3n de <strong>m\u00e1s de siete mil personas<\/strong>, violencia contra las mujeres, inseguridad y familias que contin\u00faan buscando a sus desaparecidos.<\/p>\n\n\n\n<p>El dirigente cerr\u00f3 su posicionamiento elevando el tono electoral: asegur\u00f3 que Movimiento Ciudadano ganar\u00e1 <strong>estados, capitales y zonas metropolitanas en 2027<\/strong>, y anticip\u00f3 que en <strong>2030 buscar\u00e1 conquistar el gobierno de Veracruz y la Presidencia de la Rep\u00fablica<\/strong>.<\/p>\n","protected":false},"excerpt":{"rendered":"<p>NdelaRBoca del R\u00edoDante Delgado Rannauro lanz\u00f3 este s\u00e1bado un duro posicionamiento contra el gobierno de Roc\u00edo Nahle, al que acus\u00f3 de utilizar las instituciones de procuraci\u00f3n de justicia como mecanismos de presi\u00f3n pol\u00edtica contra Movimiento Ciudadano y sus autoridades municipales. El fundador de MC sostuvo que en Veracruz se mantiene una pr\u00e1ctica en la que, [&hellip;]<\/p>\n","protected":false},"author":2,"featured_media":179513,"comment_status":"closed","ping_status":"closed","sticky":false,"template":"","format":"standard","meta":{"tdm_status":"","tdm_grid_status":"","footnotes":""},"categories":[72],"tags":[1006,43932,38769,1026,2327,3315,1267,3578,195],"class_list":{"0":"post-179512","1":"post","2":"type-post","3":"status-publish","4":"format-standard","5":"has-post-thumbnail","7":"category-palomazos","8":"tag-dante-delgado-rannauro","9":"tag-jesus-uribe","10":"tag-jose-manuel-del-rio-virgen-3","11":"tag-morena","12":"tag-movimiento-ciudadano","13":"tag-papantla","14":"tag-poza-rica","15":"tag-rocio-nahle","16":"tag-veracruz"},"yoast_head":"<!-- This site is optimized with the Yoast SEO plugin v28.1 - https:\/\/yoast.com\/product\/yoast-seo-wordpress\/ -->\n<title>DANTE SE LE VA ENCIMA A NAHLE! - Los pol\u00edticos Veracruz<\/title>\n<meta name=\"robots\" content=\"index, follow, max-snippet:-1, max-image-preview:large, max-video-preview:-1\" \/>\n<link rel=\"canonical\" href=\"https:\/\/lospoliticosveracruz.com\/?p=179512\" \/>\n<meta property=\"og:locale\" content=\"es_ES\" \/>\n<meta property=\"og:type\" content=\"article\" \/>\n<meta property=\"og:title\" content=\"DANTE SE LE VA ENCIMA A NAHLE! - Los pol\u00edticos Veracruz\" \/>\n<meta property=\"og:description\" content=\"NdelaRBoca del R\u00edoDante Delgado Rannauro lanz\u00f3 este s\u00e1bado un duro posicionamiento contra el gobierno de Roc\u00edo Nahle, al que acus\u00f3 de utilizar las instituciones de procuraci\u00f3n de justicia como mecanismos de presi\u00f3n pol\u00edtica contra Movimiento Ciudadano y sus autoridades municipales. El fundador de MC sostuvo que en Veracruz se mantiene una pr\u00e1ctica en la que, [&hellip;]\" \/>\n<meta property=\"og:url\" content=\"https:\/\/lospoliticosveracruz.com\/?p=179512\" \/>\n<meta property=\"og:site_name\" content=\"Los pol\u00edticos Veracruz\" \/>\n<meta property=\"article:publisher\" content=\"https:\/\/www.facebook.com\/people\/Notimemes-de-los-Polticos\/61565672886568\/\" \/>\n<meta property=\"article:published_time\" content=\"2026-08-29T19:15:27+00:00\" \/>\n<meta property=\"article:modified_time\" content=\"2026-08-29T19:15:28+00:00\" \/>\n<meta property=\"og:image\" content=\"https:\/\/lospoliticosveracruz.com\/wp-content\/uploads\/2026\/08\/Pepe-Dante-Hector.jpg\" \/>\n\t<meta property=\"og:image:width\" content=\"600\" \/>\n\t<meta property=\"og:image:height\" content=\"320\" \/>\n\t<meta property=\"og:image:type\" content=\"image\/jpeg\" \/>\n<meta name=\"author\" content=\"Lo viste en Los Pol\u00edticos\" \/>\n<meta name=\"twitter:card\" content=\"summary_large_image\" \/>\n<meta name=\"twitter:creator\" content=\"@LosPoliticosVer\" \/>\n<meta name=\"twitter:site\" content=\"@LosPoliticosVer\" \/>\n<meta name=\"twitter:label1\" content=\"Escrito por\" \/>\n\t<meta name=\"twitter:data1\" content=\"Lo viste en Los Pol\u00edticos\" \/>\n\t<meta name=\"twitter:label2\" content=\"Tiempo de lectura\" \/>\n\t<meta name=\"twitter:data2\" content=\"3 minutos\" \/>\n<script type=\"application\/ld+json\" class=\"yoast-schema-graph\">{\"@context\":\"https:\\\/\\\/schema.org\",\"@graph\":[{\"@type\":\"Article\",\"@id\":\"https:\\\/\\\/lospoliticosveracruz.com\\\/?p=179512#article\",\"isPartOf\":{\"@id\":\"https:\\\/\\\/lospoliticosveracruz.com\\\/?p=179512\"},\"author\":{\"name\":\"Lo viste en Los Pol\u00edticos\",\"@id\":\"https:\\\/\\\/lospoliticosveracruz.com\\\/#\\\/schema\\\/person\\\/b8702bb0e538456e6efd07080bf2a4a2\"},\"headline\":\"DANTE SE LE VA ENCIMA A NAHLE!\",\"datePublished\":\"2026-08-29T19:15:27+00:00\",\"dateModified\":\"2026-08-29T19:15:28+00:00\",\"mainEntityOfPage\":{\"@id\":\"https:\\\/\\\/lospoliticosveracruz.com\\\/?p=179512\"},\"wordCount\":548,\"publisher\":{\"@id\":\"https:\\\/\\\/lospoliticosveracruz.com\\\/#organization\"},\"image\":{\"@id\":\"https:\\\/\\\/lospoliticosveracruz.com\\\/?p=179512#primaryimage\"},\"thumbnailUrl\":\"https:\\\/\\\/lospoliticosveracruz.com\\\/wp-content\\\/uploads\\\/2026\\\/08\\\/Pepe-Dante-Hector.jpg\",\"keywords\":[\"Dante Delgado Rannauro\",\"Jes\u00fas Uribe\",\"Jos\u00e9 Manuel del R\u00edo V\u00edrgen\",\"Morena\",\"Movimiento Ciudadano\",\"Papantla\",\"Poza Rica\",\"Roc\u00edo Nahle\",\"Veracruz\"],\"articleSection\":[\"Palomazos\"],\"inLanguage\":\"es\"},{\"@type\":\"WebPage\",\"@id\":\"https:\\\/\\\/lospoliticosveracruz.com\\\/?p=179512\",\"url\":\"https:\\\/\\\/lospoliticosveracruz.com\\\/?p=179512\",\"name\":\"DANTE SE LE VA ENCIMA A NAHLE! - Los pol\u00edticos Veracruz\",\"isPartOf\":{\"@id\":\"https:\\\/\\\/lospoliticosveracruz.com\\\/#website\"},\"primaryImageOfPage\":{\"@id\":\"https:\\\/\\\/lospoliticosveracruz.com\\\/?p=179512#primaryimage\"},\"image\":{\"@id\":\"https:\\\/\\\/lospoliticosveracruz.com\\\/?p=179512#primaryimage\"},\"thumbnailUrl\":\"https:\\\/\\\/lospoliticosveracruz.com\\\/wp-content\\\/uploads\\\/2026\\\/08\\\/Pepe-Dante-Hector.jpg\",\"datePublished\":\"2026-08-29T19:15:27+00:00\",\"dateModified\":\"2026-08-29T19:15:28+00:00\",\"breadcrumb\":{\"@id\":\"https:\\\/\\\/lospoliticosveracruz.com\\\/?p=179512#breadcrumb\"},\"inLanguage\":\"es\",\"potentialAction\":[{\"@type\":\"ReadAction\",\"target\":[\"https:\\\/\\\/lospoliticosveracruz.com\\\/?p=179512\"]}]},{\"@type\":\"ImageObject\",\"inLanguage\":\"es\",\"@id\":\"https:\\\/\\\/lospoliticosveracruz.com\\\/?p=179512#primaryimage\",\"url\":\"https:\\\/\\\/lospoliticosveracruz.com\\\/wp-content\\\/uploads\\\/2026\\\/08\\\/Pepe-Dante-Hector.jpg\",\"contentUrl\":\"https:\\\/\\\/lospoliticosveracruz.com\\\/wp-content\\\/uploads\\\/2026\\\/08\\\/Pepe-Dante-Hector.jpg\",\"width\":600,\"height\":320},{\"@type\":\"BreadcrumbList\",\"@id\":\"https:\\\/\\\/lospoliticosveracruz.com\\\/?p=179512#breadcrumb\",\"itemListElement\":[{\"@type\":\"ListItem\",\"position\":1,\"name\":\"Portada\",\"item\":\"https:\\\/\\\/lospoliticosveracruz.com\\\/\"},{\"@type\":\"ListItem\",\"position\":2,\"name\":\"DANTE SE LE VA ENCIMA A NAHLE!\"}]},{\"@type\":\"WebSite\",\"@id\":\"https:\\\/\\\/lospoliticosveracruz.com\\\/#website\",\"url\":\"https:\\\/\\\/lospoliticosveracruz.com\\\/\",\"name\":\"Los pol\u00edticos Veracruz\",\"description\":\"\",\"publisher\":{\"@id\":\"https:\\\/\\\/lospoliticosveracruz.com\\\/#organization\"},\"potentialAction\":[{\"@type\":\"SearchAction\",\"target\":{\"@type\":\"EntryPoint\",\"urlTemplate\":\"https:\\\/\\\/lospoliticosveracruz.com\\\/?s={search_term_string}\"},\"query-input\":{\"@type\":\"PropertyValueSpecification\",\"valueRequired\":true,\"valueName\":\"search_term_string\"}}],\"inLanguage\":\"es\"},{\"@type\":\"Organization\",\"@id\":\"https:\\\/\\\/lospoliticosveracruz.com\\\/#organization\",\"name\":\"Los pol\u00edticos Veracruz\",\"url\":\"https:\\\/\\\/lospoliticosveracruz.com\\\/\",\"logo\":{\"@type\":\"ImageObject\",\"inLanguage\":\"es\",\"@id\":\"https:\\\/\\\/lospoliticosveracruz.com\\\/#\\\/schema\\\/logo\\\/image\\\/\",\"url\":\"https:\\\/\\\/lospoliticosveracruz.com\\\/wp-content\\\/uploads\\\/2025\\\/12\\\/Logo-Nuevo-LOS-POLITICOS-1.jpg\",\"contentUrl\":\"https:\\\/\\\/lospoliticosveracruz.com\\\/wp-content\\\/uploads\\\/2025\\\/12\\\/Logo-Nuevo-LOS-POLITICOS-1.jpg\",\"width\":260,\"height\":70,\"caption\":\"Los pol\u00edticos Veracruz\"},\"image\":{\"@id\":\"https:\\\/\\\/lospoliticosveracruz.com\\\/#\\\/schema\\\/logo\\\/image\\\/\"},\"sameAs\":[\"https:\\\/\\\/www.facebook.com\\\/people\\\/Notimemes-de-los-Polticos\\\/61565672886568\\\/\",\"https:\\\/\\\/x.com\\\/LosPoliticosVer\"]},{\"@type\":\"Person\",\"@id\":\"https:\\\/\\\/lospoliticosveracruz.com\\\/#\\\/schema\\\/person\\\/b8702bb0e538456e6efd07080bf2a4a2\",\"name\":\"Lo viste en Los Pol\u00edticos\",\"image\":{\"@type\":\"ImageObject\",\"inLanguage\":\"es\",\"@id\":\"https:\\\/\\\/secure.gravatar.com\\\/avatar\\\/3a8de04a2656d44082be478bd6c086daa447c4651605818287b9532d3d0bd435?s=96&d=mm&r=g\",\"url\":\"https:\\\/\\\/secure.gravatar.com\\\/avatar\\\/3a8de04a2656d44082be478bd6c086daa447c4651605818287b9532d3d0bd435?s=96&d=mm&r=g\",\"contentUrl\":\"https:\\\/\\\/secure.gravatar.com\\\/avatar\\\/3a8de04a2656d44082be478bd6c086daa447c4651605818287b9532d3d0bd435?s=96&d=mm&r=g\",\"caption\":\"Lo viste en Los Pol\u00edticos\"},\"url\":\"https:\\\/\\\/lospoliticosveracruz.com\\\/?author=2\"}]}<\/script>\n<!-- \/ Yoast SEO plugin. -->","yoast_head_json":{"title":"DANTE SE LE VA ENCIMA A NAHLE! - Los pol\u00edticos Veracruz","robots":{"index":"index","follow":"follow","max-snippet":"max-snippet:-1","max-image-preview":"max-image-preview:large","max-video-preview":"max-video-preview:-1"},"canonical":"https:\/\/lospoliticosveracruz.com\/?p=179512","og_locale":"es_ES","og_type":"article","og_title":"DANTE SE LE VA ENCIMA A NAHLE! - Los pol\u00edticos Veracruz","og_description":"NdelaRBoca del R\u00edoDante Delgado Rannauro lanz\u00f3 este s\u00e1bado un duro posicionamiento contra el gobierno de Roc\u00edo Nahle, al que acus\u00f3 de utilizar las instituciones de procuraci\u00f3n de justicia como mecanismos de presi\u00f3n pol\u00edtica contra Movimiento Ciudadano y sus autoridades municipales. El fundador de MC sostuvo que en Veracruz se mantiene una pr\u00e1ctica en la que, [&hellip;]","og_url":"https:\/\/lospoliticosveracruz.com\/?p=179512","og_site_name":"Los pol\u00edticos Veracruz","article_publisher":"https:\/\/www.facebook.com\/people\/Notimemes-de-los-Polticos\/61565672886568\/","article_published_time":"2026-08-29T19:15:27+00:00","article_modified_time":"2026-08-29T19:15:28+00:00","og_image":[{"width":600,"height":320,"url":"https:\/\/lospoliticosveracruz.com\/wp-content\/uploads\/2026\/08\/Pepe-Dante-Hector.jpg","type":"image\/jpeg"}],"author":"Lo viste en Los Pol\u00edticos","twitter_card":"summary_large_image","twitter_creator":"@LosPoliticosVer","twitter_site":"@LosPoliticosVer","twitter_misc":{"Escrito por":"Lo viste en Los Pol\u00edticos","Tiempo de lectura":"3 minutos"},"schema":{"@context":"https:\/\/schema.org","@graph":[{"@type":"Article","@id":"https:\/\/lospoliticosveracruz.com\/?p=179512#article","isPartOf":{"@id":"https:\/\/lospoliticosveracruz.com\/?p=179512"},"author":{"name":"Lo viste en Los Pol\u00edticos","@id":"https:\/\/lospoliticosveracruz.com\/#\/schema\/person\/b8702bb0e538456e6efd07080bf2a4a2"},"headline":"DANTE SE LE VA ENCIMA A NAHLE!","datePublished":"2026-08-29T19:15:27+00:00","dateModified":"2026-08-29T19:15:28+00:00","mainEntityOfPage":{"@id":"https:\/\/lospoliticosveracruz.com\/?p=179512"},"wordCount":548,"publisher":{"@id":"https:\/\/lospoliticosveracruz.com\/#organization"},"image":{"@id":"https:\/\/lospoliticosveracruz.com\/?p=179512#primaryimage"},"thumbnailUrl":"https:\/\/lospoliticosveracruz.com\/wp-content\/uploads\/2026\/08\/Pepe-Dante-Hector.jpg","keywords":["Dante Delgado Rannauro","Jes\u00fas Uribe","Jos\u00e9 Manuel del R\u00edo V\u00edrgen","Morena","Movimiento Ciudadano","Papantla","Poza Rica","Roc\u00edo Nahle","Veracruz"],"articleSection":["Palomazos"],"inLanguage":"es"},{"@type":"WebPage","@id":"https:\/\/lospoliticosveracruz.com\/?p=179512","url":"https:\/\/lospoliticosveracruz.com\/?p=179512","name":"DANTE SE LE VA ENCIMA A NAHLE! - Los pol\u00edticos Veracruz","isPartOf":{"@id":"https:\/\/lospoliticosveracruz.com\/#website"},"primaryImageOfPage":{"@id":"https:\/\/lospoliticosveracruz.com\/?p=179512#primaryimage"},"image":{"@id":"https:\/\/lospoliticosveracruz.com\/?p=179512#primaryimage"},"thumbnailUrl":"https:\/\/lospoliticosveracruz.com\/wp-content\/uploads\/2026\/08\/Pepe-Dante-Hector.jpg","datePublished":"2026-08-29T19:15:27+00:00","dateModified":"2026-08-29T19:15:28+00:00","breadcrumb":{"@id":"https:\/\/lospoliticosveracruz.com\/?p=179512#breadcrumb"},"inLanguage":"es","potentialAction":[{"@type":"ReadAction","target":["https:\/\/lospoliticosveracruz.com\/?p=179512"]}]},{"@type":"ImageObject","inLanguage":"es","@id":"https:\/\/lospoliticosveracruz.com\/?p=179512#primaryimage","url":"https:\/\/lospoliticosveracruz.com\/wp-content\/uploads\/2026\/08\/Pepe-Dante-Hector.jpg","contentUrl":"https:\/\/lospoliticosveracruz.com\/wp-content\/uploads\/2026\/08\/Pepe-Dante-Hector.jpg","width":600,"height":320},{"@type":"BreadcrumbList","@id":"https:\/\/lospoliticosveracruz.com\/?p=179512#breadcrumb","itemListElement":[{"@type":"ListItem","position":1,"name":"Portada","item":"https:\/\/lospoliticosveracruz.com\/"},{"@type":"ListItem","position":2,"name":"DANTE SE LE VA ENCIMA A NAHLE!"}]},{"@type":"WebSite","@id":"https:\/\/lospoliticosveracruz.com\/#website","url":"https:\/\/lospoliticosveracruz.com\/","name":"Los pol\u00edticos Veracruz","description":"","publisher":{"@id":"https:\/\/lospoliticosveracruz.com\/#organization"},"potentialAction":[{"@type":"SearchAction","target":{"@type":"EntryPoint","urlTemplate":"https:\/\/lospoliticosveracruz.com\/?s={search_term_string}"},"query-input":{"@type":"PropertyValueSpecification","valueRequired":true,"valueName":"search_term_string"}}],"inLanguage":"es"},{"@type":"Organization","@id":"https:\/\/lospoliticosveracruz.com\/#organization","name":"Los pol\u00edticos Veracruz","url":"https:\/\/lospoliticosveracruz.com\/","logo":{"@type":"ImageObject","inLanguage":"es","@id":"https:\/\/lospoliticosveracruz.com\/#\/schema\/logo\/image\/","url":"https:\/\/lospoliticosveracruz.com\/wp-content\/uploads\/2025\/12\/Logo-Nuevo-LOS-POLITICOS-1.jpg","contentUrl":"https:\/\/lospoliticosveracruz.com\/wp-content\/uploads\/2025\/12\/Logo-Nuevo-LOS-POLITICOS-1.jpg","width":260,"height":70,"caption":"Los pol\u00edticos Veracruz"},"image":{"@id":"https:\/\/lospoliticosveracruz.com\/#\/schema\/logo\/image\/"},"sameAs":["https:\/\/www.facebook.com\/people\/Notimemes-de-los-Polticos\/61565672886568\/","https:\/\/x.com\/LosPoliticosVer"]},{"@type":"Person","@id":"https:\/\/lospoliticosveracruz.com\/#\/schema\/person\/b8702bb0e538456e6efd07080bf2a4a2","name":"Lo viste en Los Pol\u00edticos","image":{"@type":"ImageObject","inLanguage":"es","@id":"https:\/\/secure.gravatar.com\/avatar\/3a8de04a2656d44082be478bd6c086daa447c4651605818287b9532d3d0bd435?s=96&d=mm&r=g","url":"https:\/\/secure.gravatar.com\/avatar\/3a8de04a2656d44082be478bd6c086daa447c4651605818287b9532d3d0bd435?s=96&d=mm&r=g","contentUrl":"https:\/\/secure.gravatar.com\/avatar\/3a8de04a2656d44082be478bd6c086daa447c4651605818287b9532d3d0bd435?s=96&d=mm&r=g","caption":"Lo viste en Los Pol\u00edticos"},"url":"https:\/\/lospoliticosveracruz.com\/?author=2"}]}},"_links":{"self":[{"href":"https:\/\/lospoliticosveracruz.com\/index.php?rest_route=\/wp\/v2\/posts\/179512","targetHints":{"allow":["GET"]}}],"collection":[{"href":"https:\/\/lospoliticosveracruz.com\/index.php?rest_route=\/wp\/v2\/posts"}],"about":[{"href":"https:\/\/lospoliticosveracruz.com\/index.php?rest_route=\/wp\/v2\/types\/post"}],"author":[{"embeddable":true,"href":"https:\/\/lospoliticosveracruz.com\/index.php?rest_route=\/wp\/v2\/users\/2"}],"replies":[{"embeddable":true,"href":"https:\/\/lospoliticosveracruz.com\/index.php?rest_route=%2Fwp%2Fv2%2Fcomments&post=179512"}],"version-history":[{"count":1,"href":"https:\/\/lospoliticosveracruz.com\/index.php?rest_route=\/wp\/v2\/posts\/179512\/revisions"}],"predecessor-version":[{"id":179514,"href":"https:\/\/lospoliticosveracruz.com\/index.php?rest_route=\/wp\/v2\/posts\/179512\/revisions\/179514"}],"wp:featuredmedia":[{"embeddable":true,"href":"https:\/\/lospoliticosveracruz.com\/index.php?rest_route=\/wp\/v2\/media\/179513"}],"wp:attachment":[{"href":"https:\/\/lospoliticosveracruz.com\/index.php?rest_route=%2Fwp%2Fv2%2Fmedia&parent=179512"}],"wp:term":[{"taxonomy":"category","embeddable":true,"href":"https:\/\/lospoliticosveracruz.com\/index.php?rest_route=%2Fwp%2Fv2%2Fcategories&post=179512"},{"taxonomy":"post_tag","embeddable":true,"href":"https:\/\/lospoliticosveracruz.com\/index.php?rest_route=%2Fwp%2Fv2%2Ftags&post=179512"}],"curies":[{"name":"wp","href":"https:\/\/api.w.org\/{rel}","templated":true}]}}