{"id":179515,"date":"2026-08-29T14:27:22","date_gmt":"2026-08-29T20:27:22","guid":{"rendered":"https:\/\/lospoliticosveracruz.com\/?p=179515"},"modified":"2026-08-29T14:27:23","modified_gmt":"2026-08-29T20:27:23","slug":"ya-van-mas-de-2-mil-toneladas-de-cacharros","status":"publish","type":"post","link":"https:\/\/lospoliticosveracruz.com\/?p=179515","title":{"rendered":"YA VAN M\u00c1S DE 2 mil TONELADAS DE CACHARROS!"},"content":{"rendered":"<div class=\"wp-block-image\">\n<figure class=\"alignleft size-large is-resized\"><a href=\"https:\/\/lospoliticosveracruz.com\/wp-content\/uploads\/2026\/08\/Contribuciones-VER-scaled.jpg\"><img loading=\"lazy\" decoding=\"async\" width=\"1024\" height=\"127\" src=\"https:\/\/lospoliticosveracruz.com\/wp-content\/uploads\/2026\/08\/Contribuciones-VER-1024x127.jpg\" alt=\"\" class=\"wp-image-178578\" style=\"aspect-ratio:8.063745019920319;width:783px;height:auto\" srcset=\"https:\/\/lospoliticosveracruz.com\/wp-content\/uploads\/2026\/08\/Contribuciones-VER-1024x127.jpg 1024w, https:\/\/lospoliticosveracruz.com\/wp-content\/uploads\/2026\/08\/Contribuciones-VER-300x37.jpg 300w, https:\/\/lospoliticosveracruz.com\/wp-content\/uploads\/2026\/08\/Contribuciones-VER-768x95.jpg 768w, https:\/\/lospoliticosveracruz.com\/wp-content\/uploads\/2026\/08\/Contribuciones-VER-1536x190.jpg 1536w, https:\/\/lospoliticosveracruz.com\/wp-content\/uploads\/2026\/08\/Contribuciones-VER-2048x253.jpg 2048w, https:\/\/lospoliticosveracruz.com\/wp-content\/uploads\/2026\/08\/Contribuciones-VER-150x19.jpg 150w, https:\/\/lospoliticosveracruz.com\/wp-content\/uploads\/2026\/08\/Contribuciones-VER-696x86.jpg 696w, https:\/\/lospoliticosveracruz.com\/wp-content\/uploads\/2026\/08\/Contribuciones-VER-1068x132.jpg 1068w, https:\/\/lospoliticosveracruz.com\/wp-content\/uploads\/2026\/08\/Contribuciones-VER-1920x237.jpg 1920w\" sizes=\"auto, (max-width: 1024px) 100vw, 1024px\" \/><\/a><\/figure>\n<\/div>\n\n<div class=\"wp-block-image\">\n<figure class=\"alignleft size-full is-resized\"><a href=\"https:\/\/www.facebook.com\/ViveVeracruzCultura\/posts\/pfbid0RVyf5bm7vC1RyRraD63geXbMuFMMiSpkZcysmk9Z2ShmGQMEdh1GbjDgbYFyeyNZl\" target=\"_blank\" rel=\"https:\/\/www.facebook.com\/ViveVeracruzCultura\/posts\/pfbid0RVyf5bm7vC1RyRraD63geXbMuFMMiSpkZcysmk9Z2ShmGQMEdh1GbjDgbYFyeyNZl\"><img loading=\"lazy\" decoding=\"async\" width=\"701\" height=\"561\" src=\"https:\/\/lospoliticosveracruz.com\/wp-content\/uploads\/2026\/07\/Verano.png\" alt=\"\" class=\"wp-image-177651\" style=\"aspect-ratio:1.2495613179957106;width:422px;height:auto\" srcset=\"https:\/\/lospoliticosveracruz.com\/wp-content\/uploads\/2026\/07\/Verano.png 701w, https:\/\/lospoliticosveracruz.com\/wp-content\/uploads\/2026\/07\/Verano-300x240.png 300w, https:\/\/lospoliticosveracruz.com\/wp-content\/uploads\/2026\/07\/Verano-525x420.png 525w, https:\/\/lospoliticosveracruz.com\/wp-content\/uploads\/2026\/07\/Verano-150x120.png 150w, https:\/\/lospoliticosveracruz.com\/wp-content\/uploads\/2026\/07\/Verano-696x557.png 696w\" sizes=\"auto, (max-width: 701px) 100vw, 701px\" \/><\/a><\/figure>\n<\/div>\n\n\n<p>La presidenta municipal de Veracruz, Rosa Mar\u00eda Hern\u00e1ndez Espejo, encabez\u00f3 en el Infonavit Las Brisas la jornada 25 del programa de descacharrizaci\u00f3n, alcanzando m\u00e1s de dos mil toneladas de cacharros recolectadas en distintas colonias de enero a la fecha para fortalecer la limpieza urbana en toda la ciudad.<\/p>\n\n\n\n<p>Durante el recorrido por esta zona habitacional, la presidenta municipal camin\u00f3 junto a ediles, regidores y personal operativo del Ayuntamiento, logrando adem\u00e1s una respuesta positiva de la ciudadan\u00eda al sumar esfuerzos con vecinos para retirar todo tipo de desechos acumulados en casas y patios.<\/p>\n\n\n\n<p>La alcaldesa explic\u00f3 que el programa consiste en recorrer las colonias para erradicar criaderos de mosquitos y exhortar a las y los ciudadanos a participar porque es una tarea conjunta.<\/p>\n\n\n\n<p>Mediante estas acciones continuas por colonias y fraccionamientos, la administraci\u00f3n municipal reafirma su labor permanente para erradicar criaderos de mosquitos ante la temporada de lluvias, manteniendo el compromiso de impulsar mejores condiciones de vida, salud y bienestar general para toda la comunidad veracruzana de manera constante.<\/p>\n","protected":false},"excerpt":{"rendered":"<p>La presidenta municipal de Veracruz, Rosa Mar\u00eda Hern\u00e1ndez Espejo, encabez\u00f3 en el Infonavit Las Brisas la jornada 25 del programa de descacharrizaci\u00f3n, alcanzando m\u00e1s de dos mil toneladas de cacharros recolectadas en distintas colonias de enero a la fecha para fortalecer la limpieza urbana en toda la ciudad. Durante el recorrido por esta zona habitacional, [&hellip;]<\/p>\n","protected":false},"author":2,"featured_media":179516,"comment_status":"closed","ping_status":"closed","sticky":false,"template":"","format":"standard","meta":{"tdm_status":"","tdm_grid_status":"","footnotes":""},"categories":[56121],"tags":[10049,11900,195],"class_list":{"0":"post-179515","1":"post","2":"type-post","3":"status-publish","4":"format-standard","5":"has-post-thumbnail","7":"category-desde-jarochilandia","8":"tag-jornada-de-descacharrizacion","9":"tag-rosa-maria-hernandez-espejo","10":"tag-veracruz"},"yoast_head":"<!-- This site is optimized with the Yoast SEO plugin v28.1 - https:\/\/yoast.com\/product\/yoast-seo-wordpress\/ -->\n<title>YA VAN M\u00c1S DE 2 mil TONELADAS DE CACHARROS! - Los pol\u00edticos Veracruz<\/title>\n<meta name=\"robots\" content=\"index, follow, max-snippet:-1, max-image-preview:large, max-video-preview:-1\" \/>\n<link rel=\"canonical\" href=\"https:\/\/lospoliticosveracruz.com\/?p=179515\" \/>\n<meta property=\"og:locale\" content=\"es_ES\" \/>\n<meta property=\"og:type\" content=\"article\" \/>\n<meta property=\"og:title\" content=\"YA VAN M\u00c1S DE 2 mil TONELADAS DE CACHARROS! - Los pol\u00edticos Veracruz\" \/>\n<meta property=\"og:description\" content=\"La presidenta municipal de Veracruz, Rosa Mar\u00eda Hern\u00e1ndez Espejo, encabez\u00f3 en el Infonavit Las Brisas la jornada 25 del programa de descacharrizaci\u00f3n, alcanzando m\u00e1s de dos mil toneladas de cacharros recolectadas en distintas colonias de enero a la fecha para fortalecer la limpieza urbana en toda la ciudad. Durante el recorrido por esta zona habitacional, [&hellip;]\" \/>\n<meta property=\"og:url\" content=\"https:\/\/lospoliticosveracruz.com\/?p=179515\" \/>\n<meta property=\"og:site_name\" content=\"Los pol\u00edticos Veracruz\" \/>\n<meta property=\"article:publisher\" content=\"https:\/\/www.facebook.com\/people\/Notimemes-de-los-Polticos\/61565672886568\/\" \/>\n<meta property=\"article:published_time\" content=\"2026-08-29T20:27:22+00:00\" \/>\n<meta property=\"article:modified_time\" content=\"2026-08-29T20:27:23+00:00\" \/>\n<meta property=\"og:image\" content=\"https:\/\/lospoliticosveracruz.com\/wp-content\/uploads\/2026\/08\/Espejo-basura.jpg\" \/>\n\t<meta property=\"og:image:width\" content=\"600\" \/>\n\t<meta property=\"og:image:height\" content=\"320\" \/>\n\t<meta property=\"og:image:type\" content=\"image\/jpeg\" \/>\n<meta name=\"author\" content=\"Lo viste en Los Pol\u00edticos\" \/>\n<meta name=\"twitter:card\" content=\"summary_large_image\" \/>\n<meta name=\"twitter:creator\" content=\"@LosPoliticosVer\" \/>\n<meta name=\"twitter:site\" content=\"@LosPoliticosVer\" \/>\n<meta name=\"twitter:label1\" content=\"Escrito por\" \/>\n\t<meta name=\"twitter:data1\" content=\"Lo viste en Los Pol\u00edticos\" \/>\n\t<meta name=\"twitter:label2\" content=\"Tiempo de lectura\" \/>\n\t<meta name=\"twitter:data2\" content=\"2 minutos\" \/>\n<script type=\"application\/ld+json\" class=\"yoast-schema-graph\">{\"@context\":\"https:\\\/\\\/schema.org\",\"@graph\":[{\"@type\":\"Article\",\"@id\":\"https:\\\/\\\/lospoliticosveracruz.com\\\/?p=179515#article\",\"isPartOf\":{\"@id\":\"https:\\\/\\\/lospoliticosveracruz.com\\\/?p=179515\"},\"author\":{\"name\":\"Lo viste en Los Pol\u00edticos\",\"@id\":\"https:\\\/\\\/lospoliticosveracruz.com\\\/#\\\/schema\\\/person\\\/b8702bb0e538456e6efd07080bf2a4a2\"},\"headline\":\"YA VAN M\u00c1S DE 2 mil TONELADAS DE CACHARROS!\",\"datePublished\":\"2026-08-29T20:27:22+00:00\",\"dateModified\":\"2026-08-29T20:27:23+00:00\",\"mainEntityOfPage\":{\"@id\":\"https:\\\/\\\/lospoliticosveracruz.com\\\/?p=179515\"},\"wordCount\":183,\"publisher\":{\"@id\":\"https:\\\/\\\/lospoliticosveracruz.com\\\/#organization\"},\"image\":{\"@id\":\"https:\\\/\\\/lospoliticosveracruz.com\\\/?p=179515#primaryimage\"},\"thumbnailUrl\":\"https:\\\/\\\/lospoliticosveracruz.com\\\/wp-content\\\/uploads\\\/2026\\\/08\\\/Espejo-basura.jpg\",\"keywords\":[\"Jornada de descacharrizaci\u00f3n\",\"Rosa Mar\u00eda Hern\u00e1ndez Espejo\",\"Veracruz\"],\"articleSection\":[\"DESDE JAROCHILANDIA\"],\"inLanguage\":\"es\"},{\"@type\":\"WebPage\",\"@id\":\"https:\\\/\\\/lospoliticosveracruz.com\\\/?p=179515\",\"url\":\"https:\\\/\\\/lospoliticosveracruz.com\\\/?p=179515\",\"name\":\"YA VAN M\u00c1S DE 2 mil TONELADAS DE CACHARROS! - Los pol\u00edticos Veracruz\",\"isPartOf\":{\"@id\":\"https:\\\/\\\/lospoliticosveracruz.com\\\/#website\"},\"primaryImageOfPage\":{\"@id\":\"https:\\\/\\\/lospoliticosveracruz.com\\\/?p=179515#primaryimage\"},\"image\":{\"@id\":\"https:\\\/\\\/lospoliticosveracruz.com\\\/?p=179515#primaryimage\"},\"thumbnailUrl\":\"https:\\\/\\\/lospoliticosveracruz.com\\\/wp-content\\\/uploads\\\/2026\\\/08\\\/Espejo-basura.jpg\",\"datePublished\":\"2026-08-29T20:27:22+00:00\",\"dateModified\":\"2026-08-29T20:27:23+00:00\",\"breadcrumb\":{\"@id\":\"https:\\\/\\\/lospoliticosveracruz.com\\\/?p=179515#breadcrumb\"},\"inLanguage\":\"es\",\"potentialAction\":[{\"@type\":\"ReadAction\",\"target\":[\"https:\\\/\\\/lospoliticosveracruz.com\\\/?p=179515\"]}]},{\"@type\":\"ImageObject\",\"inLanguage\":\"es\",\"@id\":\"https:\\\/\\\/lospoliticosveracruz.com\\\/?p=179515#primaryimage\",\"url\":\"https:\\\/\\\/lospoliticosveracruz.com\\\/wp-content\\\/uploads\\\/2026\\\/08\\\/Espejo-basura.jpg\",\"contentUrl\":\"https:\\\/\\\/lospoliticosveracruz.com\\\/wp-content\\\/uploads\\\/2026\\\/08\\\/Espejo-basura.jpg\",\"width\":600,\"height\":320},{\"@type\":\"BreadcrumbList\",\"@id\":\"https:\\\/\\\/lospoliticosveracruz.com\\\/?p=179515#breadcrumb\",\"itemListElement\":[{\"@type\":\"ListItem\",\"position\":1,\"name\":\"Portada\",\"item\":\"https:\\\/\\\/lospoliticosveracruz.com\\\/\"},{\"@type\":\"ListItem\",\"position\":2,\"name\":\"YA VAN M\u00c1S DE 2 mil TONELADAS DE CACHARROS!\"}]},{\"@type\":\"WebSite\",\"@id\":\"https:\\\/\\\/lospoliticosveracruz.com\\\/#website\",\"url\":\"https:\\\/\\\/lospoliticosveracruz.com\\\/\",\"name\":\"Los pol\u00edticos Veracruz\",\"description\":\"\",\"publisher\":{\"@id\":\"https:\\\/\\\/lospoliticosveracruz.com\\\/#organization\"},\"potentialAction\":[{\"@type\":\"SearchAction\",\"target\":{\"@type\":\"EntryPoint\",\"urlTemplate\":\"https:\\\/\\\/lospoliticosveracruz.com\\\/?s={search_term_string}\"},\"query-input\":{\"@type\":\"PropertyValueSpecification\",\"valueRequired\":true,\"valueName\":\"search_term_string\"}}],\"inLanguage\":\"es\"},{\"@type\":\"Organization\",\"@id\":\"https:\\\/\\\/lospoliticosveracruz.com\\\/#organization\",\"name\":\"Los pol\u00edticos Veracruz\",\"url\":\"https:\\\/\\\/lospoliticosveracruz.com\\\/\",\"logo\":{\"@type\":\"ImageObject\",\"inLanguage\":\"es\",\"@id\":\"https:\\\/\\\/lospoliticosveracruz.com\\\/#\\\/schema\\\/logo\\\/image\\\/\",\"url\":\"https:\\\/\\\/lospoliticosveracruz.com\\\/wp-content\\\/uploads\\\/2025\\\/12\\\/Logo-Nuevo-LOS-POLITICOS-1.jpg\",\"contentUrl\":\"https:\\\/\\\/lospoliticosveracruz.com\\\/wp-content\\\/uploads\\\/2025\\\/12\\\/Logo-Nuevo-LOS-POLITICOS-1.jpg\",\"width\":260,\"height\":70,\"caption\":\"Los pol\u00edticos Veracruz\"},\"image\":{\"@id\":\"https:\\\/\\\/lospoliticosveracruz.com\\\/#\\\/schema\\\/logo\\\/image\\\/\"},\"sameAs\":[\"https:\\\/\\\/www.facebook.com\\\/people\\\/Notimemes-de-los-Polticos\\\/61565672886568\\\/\",\"https:\\\/\\\/x.com\\\/LosPoliticosVer\"]},{\"@type\":\"Person\",\"@id\":\"https:\\\/\\\/lospoliticosveracruz.com\\\/#\\\/schema\\\/person\\\/b8702bb0e538456e6efd07080bf2a4a2\",\"name\":\"Lo viste en Los Pol\u00edticos\",\"image\":{\"@type\":\"ImageObject\",\"inLanguage\":\"es\",\"@id\":\"https:\\\/\\\/secure.gravatar.com\\\/avatar\\\/3a8de04a2656d44082be478bd6c086daa447c4651605818287b9532d3d0bd435?s=96&d=mm&r=g\",\"url\":\"https:\\\/\\\/secure.gravatar.com\\\/avatar\\\/3a8de04a2656d44082be478bd6c086daa447c4651605818287b9532d3d0bd435?s=96&d=mm&r=g\",\"contentUrl\":\"https:\\\/\\\/secure.gravatar.com\\\/avatar\\\/3a8de04a2656d44082be478bd6c086daa447c4651605818287b9532d3d0bd435?s=96&d=mm&r=g\",\"caption\":\"Lo viste en Los Pol\u00edticos\"},\"url\":\"https:\\\/\\\/lospoliticosveracruz.com\\\/?author=2\"}]}<\/script>\n<!-- \/ Yoast SEO plugin. -->","yoast_head_json":{"title":"YA VAN M\u00c1S DE 2 mil TONELADAS DE CACHARROS! - Los pol\u00edticos Veracruz","robots":{"index":"index","follow":"follow","max-snippet":"max-snippet:-1","max-image-preview":"max-image-preview:large","max-video-preview":"max-video-preview:-1"},"canonical":"https:\/\/lospoliticosveracruz.com\/?p=179515","og_locale":"es_ES","og_type":"article","og_title":"YA VAN M\u00c1S DE 2 mil TONELADAS DE CACHARROS! - Los pol\u00edticos Veracruz","og_description":"La presidenta municipal de Veracruz, Rosa Mar\u00eda Hern\u00e1ndez Espejo, encabez\u00f3 en el Infonavit Las Brisas la jornada 25 del programa de descacharrizaci\u00f3n, alcanzando m\u00e1s de dos mil toneladas de cacharros recolectadas en distintas colonias de enero a la fecha para fortalecer la limpieza urbana en toda la ciudad. Durante el recorrido por esta zona habitacional, [&hellip;]","og_url":"https:\/\/lospoliticosveracruz.com\/?p=179515","og_site_name":"Los pol\u00edticos Veracruz","article_publisher":"https:\/\/www.facebook.com\/people\/Notimemes-de-los-Polticos\/61565672886568\/","article_published_time":"2026-08-29T20:27:22+00:00","article_modified_time":"2026-08-29T20:27:23+00:00","og_image":[{"width":600,"height":320,"url":"https:\/\/lospoliticosveracruz.com\/wp-content\/uploads\/2026\/08\/Espejo-basura.jpg","type":"image\/jpeg"}],"author":"Lo viste en Los Pol\u00edticos","twitter_card":"summary_large_image","twitter_creator":"@LosPoliticosVer","twitter_site":"@LosPoliticosVer","twitter_misc":{"Escrito por":"Lo viste en Los Pol\u00edticos","Tiempo de lectura":"2 minutos"},"schema":{"@context":"https:\/\/schema.org","@graph":[{"@type":"Article","@id":"https:\/\/lospoliticosveracruz.com\/?p=179515#article","isPartOf":{"@id":"https:\/\/lospoliticosveracruz.com\/?p=179515"},"author":{"name":"Lo viste en Los Pol\u00edticos","@id":"https:\/\/lospoliticosveracruz.com\/#\/schema\/person\/b8702bb0e538456e6efd07080bf2a4a2"},"headline":"YA VAN M\u00c1S DE 2 mil TONELADAS DE CACHARROS!","datePublished":"2026-08-29T20:27:22+00:00","dateModified":"2026-08-29T20:27:23+00:00","mainEntityOfPage":{"@id":"https:\/\/lospoliticosveracruz.com\/?p=179515"},"wordCount":183,"publisher":{"@id":"https:\/\/lospoliticosveracruz.com\/#organization"},"image":{"@id":"https:\/\/lospoliticosveracruz.com\/?p=179515#primaryimage"},"thumbnailUrl":"https:\/\/lospoliticosveracruz.com\/wp-content\/uploads\/2026\/08\/Espejo-basura.jpg","keywords":["Jornada de descacharrizaci\u00f3n","Rosa Mar\u00eda Hern\u00e1ndez Espejo","Veracruz"],"articleSection":["DESDE JAROCHILANDIA"],"inLanguage":"es"},{"@type":"WebPage","@id":"https:\/\/lospoliticosveracruz.com\/?p=179515","url":"https:\/\/lospoliticosveracruz.com\/?p=179515","name":"YA VAN M\u00c1S DE 2 mil TONELADAS DE CACHARROS! - Los pol\u00edticos Veracruz","isPartOf":{"@id":"https:\/\/lospoliticosveracruz.com\/#website"},"primaryImageOfPage":{"@id":"https:\/\/lospoliticosveracruz.com\/?p=179515#primaryimage"},"image":{"@id":"https:\/\/lospoliticosveracruz.com\/?p=179515#primaryimage"},"thumbnailUrl":"https:\/\/lospoliticosveracruz.com\/wp-content\/uploads\/2026\/08\/Espejo-basura.jpg","datePublished":"2026-08-29T20:27:22+00:00","dateModified":"2026-08-29T20:27:23+00:00","breadcrumb":{"@id":"https:\/\/lospoliticosveracruz.com\/?p=179515#breadcrumb"},"inLanguage":"es","potentialAction":[{"@type":"ReadAction","target":["https:\/\/lospoliticosveracruz.com\/?p=179515"]}]},{"@type":"ImageObject","inLanguage":"es","@id":"https:\/\/lospoliticosveracruz.com\/?p=179515#primaryimage","url":"https:\/\/lospoliticosveracruz.com\/wp-content\/uploads\/2026\/08\/Espejo-basura.jpg","contentUrl":"https:\/\/lospoliticosveracruz.com\/wp-content\/uploads\/2026\/08\/Espejo-basura.jpg","width":600,"height":320},{"@type":"BreadcrumbList","@id":"https:\/\/lospoliticosveracruz.com\/?p=179515#breadcrumb","itemListElement":[{"@type":"ListItem","position":1,"name":"Portada","item":"https:\/\/lospoliticosveracruz.com\/"},{"@type":"ListItem","position":2,"name":"YA VAN M\u00c1S DE 2 mil TONELADAS DE CACHARROS!"}]},{"@type":"WebSite","@id":"https:\/\/lospoliticosveracruz.com\/#website","url":"https:\/\/lospoliticosveracruz.com\/","name":"Los pol\u00edticos Veracruz","description":"","publisher":{"@id":"https:\/\/lospoliticosveracruz.com\/#organization"},"potentialAction":[{"@type":"SearchAction","target":{"@type":"EntryPoint","urlTemplate":"https:\/\/lospoliticosveracruz.com\/?s={search_term_string}"},"query-input":{"@type":"PropertyValueSpecification","valueRequired":true,"valueName":"search_term_string"}}],"inLanguage":"es"},{"@type":"Organization","@id":"https:\/\/lospoliticosveracruz.com\/#organization","name":"Los pol\u00edticos Veracruz","url":"https:\/\/lospoliticosveracruz.com\/","logo":{"@type":"ImageObject","inLanguage":"es","@id":"https:\/\/lospoliticosveracruz.com\/#\/schema\/logo\/image\/","url":"https:\/\/lospoliticosveracruz.com\/wp-content\/uploads\/2025\/12\/Logo-Nuevo-LOS-POLITICOS-1.jpg","contentUrl":"https:\/\/lospoliticosveracruz.com\/wp-content\/uploads\/2025\/12\/Logo-Nuevo-LOS-POLITICOS-1.jpg","width":260,"height":70,"caption":"Los pol\u00edticos Veracruz"},"image":{"@id":"https:\/\/lospoliticosveracruz.com\/#\/schema\/logo\/image\/"},"sameAs":["https:\/\/www.facebook.com\/people\/Notimemes-de-los-Polticos\/61565672886568\/","https:\/\/x.com\/LosPoliticosVer"]},{"@type":"Person","@id":"https:\/\/lospoliticosveracruz.com\/#\/schema\/person\/b8702bb0e538456e6efd07080bf2a4a2","name":"Lo viste en Los Pol\u00edticos","image":{"@type":"ImageObject","inLanguage":"es","@id":"https:\/\/secure.gravatar.com\/avatar\/3a8de04a2656d44082be478bd6c086daa447c4651605818287b9532d3d0bd435?s=96&d=mm&r=g","url":"https:\/\/secure.gravatar.com\/avatar\/3a8de04a2656d44082be478bd6c086daa447c4651605818287b9532d3d0bd435?s=96&d=mm&r=g","contentUrl":"https:\/\/secure.gravatar.com\/avatar\/3a8de04a2656d44082be478bd6c086daa447c4651605818287b9532d3d0bd435?s=96&d=mm&r=g","caption":"Lo viste en Los Pol\u00edticos"},"url":"https:\/\/lospoliticosveracruz.com\/?author=2"}]}},"_links":{"self":[{"href":"https:\/\/lospoliticosveracruz.com\/index.php?rest_route=\/wp\/v2\/posts\/179515","targetHints":{"allow":["GET"]}}],"collection":[{"href":"https:\/\/lospoliticosveracruz.com\/index.php?rest_route=\/wp\/v2\/posts"}],"about":[{"href":"https:\/\/lospoliticosveracruz.com\/index.php?rest_route=\/wp\/v2\/types\/post"}],"author":[{"embeddable":true,"href":"https:\/\/lospoliticosveracruz.com\/index.php?rest_route=\/wp\/v2\/users\/2"}],"replies":[{"embeddable":true,"href":"https:\/\/lospoliticosveracruz.com\/index.php?rest_route=%2Fwp%2Fv2%2Fcomments&post=179515"}],"version-history":[{"count":1,"href":"https:\/\/lospoliticosveracruz.com\/index.php?rest_route=\/wp\/v2\/posts\/179515\/revisions"}],"predecessor-version":[{"id":179517,"href":"https:\/\/lospoliticosveracruz.com\/index.php?rest_route=\/wp\/v2\/posts\/179515\/revisions\/179517"}],"wp:featuredmedia":[{"embeddable":true,"href":"https:\/\/lospoliticosveracruz.com\/index.php?rest_route=\/wp\/v2\/media\/179516"}],"wp:attachment":[{"href":"https:\/\/lospoliticosveracruz.com\/index.php?rest_route=%2Fwp%2Fv2%2Fmedia&parent=179515"}],"wp:term":[{"taxonomy":"category","embeddable":true,"href":"https:\/\/lospoliticosveracruz.com\/index.php?rest_route=%2Fwp%2Fv2%2Fcategories&post=179515"},{"taxonomy":"post_tag","embeddable":true,"href":"https:\/\/lospoliticosveracruz.com\/index.php?rest_route=%2Fwp%2Fv2%2Ftags&post=179515"}],"curies":[{"name":"wp","href":"https:\/\/api.w.org\/{rel}","templated":true}]}}