{"id":179531,"date":"2026-08-29T20:04:14","date_gmt":"2026-08-30T02:04:14","guid":{"rendered":"https:\/\/lospoliticosveracruz.com\/?p=179531"},"modified":"2026-08-29T20:04:15","modified_gmt":"2026-08-30T02:04:15","slug":"periodistas-cierran-filas","status":"publish","type":"post","link":"https:\/\/lospoliticosveracruz.com\/?p=179531","title":{"rendered":"PERIODISTAS CIERRAN FILAS"},"content":{"rendered":"<div class=\"wp-block-image\">\n<figure class=\"alignleft size-large is-resized\"><a href=\"https:\/\/lospoliticosveracruz.com\/wp-content\/uploads\/2026\/08\/Contribuciones-VER-scaled.jpg\"><img loading=\"lazy\" decoding=\"async\" width=\"1024\" height=\"127\" src=\"https:\/\/lospoliticosveracruz.com\/wp-content\/uploads\/2026\/08\/Contribuciones-VER-1024x127.jpg\" alt=\"\" class=\"wp-image-178578\" style=\"aspect-ratio:8.063745019920319;width:783px;height:auto\" srcset=\"https:\/\/lospoliticosveracruz.com\/wp-content\/uploads\/2026\/08\/Contribuciones-VER-1024x127.jpg 1024w, https:\/\/lospoliticosveracruz.com\/wp-content\/uploads\/2026\/08\/Contribuciones-VER-300x37.jpg 300w, https:\/\/lospoliticosveracruz.com\/wp-content\/uploads\/2026\/08\/Contribuciones-VER-768x95.jpg 768w, https:\/\/lospoliticosveracruz.com\/wp-content\/uploads\/2026\/08\/Contribuciones-VER-1536x190.jpg 1536w, https:\/\/lospoliticosveracruz.com\/wp-content\/uploads\/2026\/08\/Contribuciones-VER-2048x253.jpg 2048w, https:\/\/lospoliticosveracruz.com\/wp-content\/uploads\/2026\/08\/Contribuciones-VER-150x19.jpg 150w, https:\/\/lospoliticosveracruz.com\/wp-content\/uploads\/2026\/08\/Contribuciones-VER-696x86.jpg 696w, https:\/\/lospoliticosveracruz.com\/wp-content\/uploads\/2026\/08\/Contribuciones-VER-1068x132.jpg 1068w, https:\/\/lospoliticosveracruz.com\/wp-content\/uploads\/2026\/08\/Contribuciones-VER-1920x237.jpg 1920w\" sizes=\"auto, (max-width: 1024px) 100vw, 1024px\" \/><\/a><\/figure>\n<\/div>\n\n<div class=\"wp-block-image\">\n<figure class=\"alignleft size-full is-resized\"><a href=\"https:\/\/www.facebook.com\/ViveVeracruzCultura\/posts\/pfbid0RVyf5bm7vC1RyRraD63geXbMuFMMiSpkZcysmk9Z2ShmGQMEdh1GbjDgbYFyeyNZl\" target=\"_blank\" rel=\"https:\/\/www.facebook.com\/ViveVeracruzCultura\/posts\/pfbid0RVyf5bm7vC1RyRraD63geXbMuFMMiSpkZcysmk9Z2ShmGQMEdh1GbjDgbYFyeyNZl\"><img loading=\"lazy\" decoding=\"async\" width=\"701\" height=\"561\" src=\"https:\/\/lospoliticosveracruz.com\/wp-content\/uploads\/2026\/07\/Verano.png\" alt=\"\" class=\"wp-image-177651\" style=\"aspect-ratio:1.2495613179957106;width:422px;height:auto\" srcset=\"https:\/\/lospoliticosveracruz.com\/wp-content\/uploads\/2026\/07\/Verano.png 701w, https:\/\/lospoliticosveracruz.com\/wp-content\/uploads\/2026\/07\/Verano-300x240.png 300w, https:\/\/lospoliticosveracruz.com\/wp-content\/uploads\/2026\/07\/Verano-525x420.png 525w, https:\/\/lospoliticosveracruz.com\/wp-content\/uploads\/2026\/07\/Verano-150x120.png 150w, https:\/\/lospoliticosveracruz.com\/wp-content\/uploads\/2026\/07\/Verano-696x557.png 696w\" sizes=\"auto, (max-width: 701px) 100vw, 701px\" \/><\/a><\/figure>\n<\/div>\n\n\n<p><strong>Juan de Dios S\u00e1nchez Abreu<\/strong><br><em>El Gordito de Oro<\/em><\/p>\n\n\n\n<p class=\"dropcapp1\">Con gran \u00e9xito se llev\u00f3 a cabo la toma de protesta de la Asociaci\u00f3n Nacional de Periodistas \u00abLibertad de Expresi\u00f3n\u00bb, este fin de semana en la ciudad de Xalapa, Veracruz, donde se cont\u00f3 con la presencia de m\u00e1s de 300 invitados de todo el pa\u00eds y del estado de Veracruz. Se integraron 19 coordinaciones estatales, a las cuales el nuevo presidente nacional, Lic. Juan de Dios S\u00e1nchez Abreu, les tom\u00f3 la protesta de ley y les agradeci\u00f3 su voluntad de unirse a este gran esfuerzo de los comunicadores y periodistas del pa\u00eds, ya que ejercer actualmente el periodismo es muy peligroso y dif\u00edcil. Actualmente, \u00bfa cu\u00e1ntos compa\u00f1eros los han amenazado, investigado e incluso asesinado? Por eso, crear y pertenecer a una nueva asociaci\u00f3n nacional de periodistas es muy delicado, pero nosotros venimos con \u00e1nimo y esfuerzo para poder apoyar con todo a los amigos periodistas. Hoy dimos un gran paso al organizarnos y salir adelante. Tendremos una labor de enlace entre las autoridades federales, estatales y municipales para la protecci\u00f3n de los amigos de los medios. Haremos una asociaci\u00f3n que tenga movilidad y para ello tocaremos puertas a nivel federal, nacional e internacional, para lograr convenios de trabajo en varios rubros de marketing period\u00edstico y social. Por eso, APLE hoy da un paso importante y demostraremos a los amigos periodistas que venimos con el mejor \u00e1nimo de colaborar en equipo para la protecci\u00f3n de los comunicadores del pa\u00eds.<\/p>\n\n\n\n<p><em>\u00bfQu\u00e9 es la Asociaci\u00f3n de Periodistas Libertad de Expresi\u00f3n (APLE)?<\/em><\/p>\n\n\n\n<p>La Asociaci\u00f3n de Periodistas Libertad de Expresi\u00f3n (APLE) nace como respuesta a la crisis de libertad de prensa en M\u00e9xico, donde la violencia y la censura han convertido al pa\u00eds en uno de los m\u00e1s peligrosos para ejercer el periodismo. Su lema oficial, \u00abRompe el silencio, defiende la verdad\u00bb, refleja el compromiso \u00e9tico de informar con rigor y responsabilidad.<\/p>\n\n\n\n<p>El problema central es la contradicci\u00f3n entre la garant\u00eda constitucional de la libertad de expresi\u00f3n y la falta de mecanismos efectivos de protecci\u00f3n. Desde el a\u00f1o 2000, m\u00e1s de 181 periodistas han sido asesinados y decenas permanecen desaparecidos. Ante ello, la APLE busca consolidar un espacio gremial que fortalezca la unidad profesional.<\/p>\n\n\n\n<p>Sus objetivos incluyen: brindar orientaci\u00f3n legal y social, promover capacitaci\u00f3n en \u00e9tica y seguridad, establecer redes de colaboraci\u00f3n nacionales e internacionales, fomentar la solidaridad gremial y visibilizar las problem\u00e1ticas del sector para generar conciencia social.<\/p>\n\n\n\n<p>El marco de referencia se sustenta en la Constituci\u00f3n Mexicana, la Declaraci\u00f3n Universal de los Derechos Humanos y la Convenci\u00f3n Americana sobre Derechos Humanos, adem\u00e1s de la teor\u00eda democr\u00e1tica de la comunicaci\u00f3n que reconoce a la prensa libre como pilar de la democracia.<\/p>\n\n\n\n<p>La metodolog\u00eda combina an\u00e1lisis cuantitativo (estad\u00edsticas de agresiones) y cualitativo (testimonios y documentos acad\u00e9micos), con encuestas, entrevistas y revisi\u00f3n documental, garantizando conclusiones s\u00f3lidas.<\/p>\n\n\n\n<p>En s\u00edntesis, la APLE se proyecta como un organismo \u00e9tico e institucional que articula orientaci\u00f3n legal, formaci\u00f3n profesional e incidencia p\u00fablica, convirti\u00e9ndose en un referente nacional e internacional. Su misi\u00f3n es clara: romper el silencio y defender la verdad, asegurando que el periodismo mexicano siga siendo instrumento de democracia, justicia y dignidad social. Estamos convencidos de que, con su respaldo, podremos construir una asociaci\u00f3n s\u00f3lida que represente la voz de quienes creen en el poder de la palabra y en la defensa de la verdad.<\/p>\n\n\n\n<p>Nos leemos la pr\u00f3xima semana. Te invitamos a que nos sigas en todas nuestras plataformas y redes digitales, con entrevistas y noticias INNOVA, con el Gordito de Oro, la revista impresa y digital, nuestro portal http:\/\/www.agenciainnovadigital.com.mx<\/p>\n","protected":false},"excerpt":{"rendered":"<p>Juan de Dios S\u00e1nchez AbreuEl Gordito de Oro Con gran \u00e9xito se llev\u00f3 a cabo la toma de protesta de la Asociaci\u00f3n Nacional de Periodistas \u00abLibertad de Expresi\u00f3n\u00bb, este fin de semana en la ciudad de Xalapa, Veracruz, donde se cont\u00f3 con la presencia de m\u00e1s de 300 invitados de todo el pa\u00eds y del [&hellip;]<\/p>\n","protected":false},"author":2,"featured_media":141389,"comment_status":"closed","ping_status":"closed","sticky":false,"template":"","format":"standard","meta":{"tdm_status":"","tdm_grid_status":"","footnotes":""},"categories":[70],"tags":[70923,436,195],"class_list":{"0":"post-179531","1":"post","2":"type-post","3":"status-publish","4":"format-standard","5":"has-post-thumbnail","7":"category-de-opinion","8":"tag-aple","9":"tag-juan-de-dios-sanchez-abreu","10":"tag-veracruz"},"yoast_head":"<!-- This site is optimized with the Yoast SEO plugin v28.1 - https:\/\/yoast.com\/product\/yoast-seo-wordpress\/ -->\n<title>PERIODISTAS CIERRAN FILAS - Los pol\u00edticos Veracruz<\/title>\n<meta name=\"robots\" content=\"index, follow, max-snippet:-1, max-image-preview:large, max-video-preview:-1\" \/>\n<link rel=\"canonical\" href=\"https:\/\/lospoliticosveracruz.com\/?p=179531\" \/>\n<meta property=\"og:locale\" content=\"es_ES\" \/>\n<meta property=\"og:type\" content=\"article\" \/>\n<meta property=\"og:title\" content=\"PERIODISTAS CIERRAN FILAS - Los pol\u00edticos Veracruz\" \/>\n<meta property=\"og:description\" content=\"Juan de Dios S\u00e1nchez AbreuEl Gordito de Oro Con gran \u00e9xito se llev\u00f3 a cabo la toma de protesta de la Asociaci\u00f3n Nacional de Periodistas \u00abLibertad de Expresi\u00f3n\u00bb, este fin de semana en la ciudad de Xalapa, Veracruz, donde se cont\u00f3 con la presencia de m\u00e1s de 300 invitados de todo el pa\u00eds y del [&hellip;]\" \/>\n<meta property=\"og:url\" content=\"https:\/\/lospoliticosveracruz.com\/?p=179531\" \/>\n<meta property=\"og:site_name\" content=\"Los pol\u00edticos Veracruz\" \/>\n<meta property=\"article:publisher\" content=\"https:\/\/www.facebook.com\/people\/Notimemes-de-los-Polticos\/61565672886568\/\" \/>\n<meta property=\"article:published_time\" content=\"2026-08-30T02:04:14+00:00\" \/>\n<meta property=\"article:modified_time\" content=\"2026-08-30T02:04:15+00:00\" \/>\n<meta property=\"og:image\" content=\"https:\/\/lospoliticosveracruz.com\/wp-content\/uploads\/2025\/04\/J-de-D-Sanchez-Abreu-e1778101223351.jpg\" \/>\n\t<meta property=\"og:image:width\" content=\"600\" \/>\n\t<meta property=\"og:image:height\" content=\"320\" \/>\n\t<meta property=\"og:image:type\" content=\"image\/jpeg\" \/>\n<meta name=\"author\" content=\"Lo viste en Los Pol\u00edticos\" \/>\n<meta name=\"twitter:card\" content=\"summary_large_image\" \/>\n<meta name=\"twitter:creator\" content=\"@LosPoliticosVer\" \/>\n<meta name=\"twitter:site\" content=\"@LosPoliticosVer\" \/>\n<meta name=\"twitter:label1\" content=\"Escrito por\" \/>\n\t<meta name=\"twitter:data1\" content=\"Lo viste en Los Pol\u00edticos\" \/>\n\t<meta name=\"twitter:label2\" content=\"Tiempo de lectura\" \/>\n\t<meta name=\"twitter:data2\" content=\"4 minutos\" \/>\n<script type=\"application\/ld+json\" class=\"yoast-schema-graph\">{\"@context\":\"https:\\\/\\\/schema.org\",\"@graph\":[{\"@type\":\"Article\",\"@id\":\"https:\\\/\\\/lospoliticosveracruz.com\\\/?p=179531#article\",\"isPartOf\":{\"@id\":\"https:\\\/\\\/lospoliticosveracruz.com\\\/?p=179531\"},\"author\":{\"name\":\"Lo viste en Los Pol\u00edticos\",\"@id\":\"https:\\\/\\\/lospoliticosveracruz.com\\\/#\\\/schema\\\/person\\\/b8702bb0e538456e6efd07080bf2a4a2\"},\"headline\":\"PERIODISTAS CIERRAN FILAS\",\"datePublished\":\"2026-08-30T02:04:14+00:00\",\"dateModified\":\"2026-08-30T02:04:15+00:00\",\"mainEntityOfPage\":{\"@id\":\"https:\\\/\\\/lospoliticosveracruz.com\\\/?p=179531\"},\"wordCount\":648,\"publisher\":{\"@id\":\"https:\\\/\\\/lospoliticosveracruz.com\\\/#organization\"},\"image\":{\"@id\":\"https:\\\/\\\/lospoliticosveracruz.com\\\/?p=179531#primaryimage\"},\"thumbnailUrl\":\"https:\\\/\\\/lospoliticosveracruz.com\\\/wp-content\\\/uploads\\\/2025\\\/04\\\/J-de-D-Sanchez-Abreu-e1778101223351.jpg\",\"keywords\":[\"APLE\",\"Juan de Dios S\u00e1nchez Abreu\",\"Veracruz\"],\"articleSection\":[\"De Opini\u00f3n\"],\"inLanguage\":\"es\"},{\"@type\":\"WebPage\",\"@id\":\"https:\\\/\\\/lospoliticosveracruz.com\\\/?p=179531\",\"url\":\"https:\\\/\\\/lospoliticosveracruz.com\\\/?p=179531\",\"name\":\"PERIODISTAS CIERRAN FILAS - Los pol\u00edticos Veracruz\",\"isPartOf\":{\"@id\":\"https:\\\/\\\/lospoliticosveracruz.com\\\/#website\"},\"primaryImageOfPage\":{\"@id\":\"https:\\\/\\\/lospoliticosveracruz.com\\\/?p=179531#primaryimage\"},\"image\":{\"@id\":\"https:\\\/\\\/lospoliticosveracruz.com\\\/?p=179531#primaryimage\"},\"thumbnailUrl\":\"https:\\\/\\\/lospoliticosveracruz.com\\\/wp-content\\\/uploads\\\/2025\\\/04\\\/J-de-D-Sanchez-Abreu-e1778101223351.jpg\",\"datePublished\":\"2026-08-30T02:04:14+00:00\",\"dateModified\":\"2026-08-30T02:04:15+00:00\",\"breadcrumb\":{\"@id\":\"https:\\\/\\\/lospoliticosveracruz.com\\\/?p=179531#breadcrumb\"},\"inLanguage\":\"es\",\"potentialAction\":[{\"@type\":\"ReadAction\",\"target\":[\"https:\\\/\\\/lospoliticosveracruz.com\\\/?p=179531\"]}]},{\"@type\":\"ImageObject\",\"inLanguage\":\"es\",\"@id\":\"https:\\\/\\\/lospoliticosveracruz.com\\\/?p=179531#primaryimage\",\"url\":\"https:\\\/\\\/lospoliticosveracruz.com\\\/wp-content\\\/uploads\\\/2025\\\/04\\\/J-de-D-Sanchez-Abreu-e1778101223351.jpg\",\"contentUrl\":\"https:\\\/\\\/lospoliticosveracruz.com\\\/wp-content\\\/uploads\\\/2025\\\/04\\\/J-de-D-Sanchez-Abreu-e1778101223351.jpg\",\"width\":600,\"height\":320},{\"@type\":\"BreadcrumbList\",\"@id\":\"https:\\\/\\\/lospoliticosveracruz.com\\\/?p=179531#breadcrumb\",\"itemListElement\":[{\"@type\":\"ListItem\",\"position\":1,\"name\":\"Portada\",\"item\":\"https:\\\/\\\/lospoliticosveracruz.com\\\/\"},{\"@type\":\"ListItem\",\"position\":2,\"name\":\"PERIODISTAS CIERRAN FILAS\"}]},{\"@type\":\"WebSite\",\"@id\":\"https:\\\/\\\/lospoliticosveracruz.com\\\/#website\",\"url\":\"https:\\\/\\\/lospoliticosveracruz.com\\\/\",\"name\":\"Los pol\u00edticos Veracruz\",\"description\":\"\",\"publisher\":{\"@id\":\"https:\\\/\\\/lospoliticosveracruz.com\\\/#organization\"},\"potentialAction\":[{\"@type\":\"SearchAction\",\"target\":{\"@type\":\"EntryPoint\",\"urlTemplate\":\"https:\\\/\\\/lospoliticosveracruz.com\\\/?s={search_term_string}\"},\"query-input\":{\"@type\":\"PropertyValueSpecification\",\"valueRequired\":true,\"valueName\":\"search_term_string\"}}],\"inLanguage\":\"es\"},{\"@type\":\"Organization\",\"@id\":\"https:\\\/\\\/lospoliticosveracruz.com\\\/#organization\",\"name\":\"Los pol\u00edticos Veracruz\",\"url\":\"https:\\\/\\\/lospoliticosveracruz.com\\\/\",\"logo\":{\"@type\":\"ImageObject\",\"inLanguage\":\"es\",\"@id\":\"https:\\\/\\\/lospoliticosveracruz.com\\\/#\\\/schema\\\/logo\\\/image\\\/\",\"url\":\"https:\\\/\\\/lospoliticosveracruz.com\\\/wp-content\\\/uploads\\\/2025\\\/12\\\/Logo-Nuevo-LOS-POLITICOS-1.jpg\",\"contentUrl\":\"https:\\\/\\\/lospoliticosveracruz.com\\\/wp-content\\\/uploads\\\/2025\\\/12\\\/Logo-Nuevo-LOS-POLITICOS-1.jpg\",\"width\":260,\"height\":70,\"caption\":\"Los pol\u00edticos Veracruz\"},\"image\":{\"@id\":\"https:\\\/\\\/lospoliticosveracruz.com\\\/#\\\/schema\\\/logo\\\/image\\\/\"},\"sameAs\":[\"https:\\\/\\\/www.facebook.com\\\/people\\\/Notimemes-de-los-Polticos\\\/61565672886568\\\/\",\"https:\\\/\\\/x.com\\\/LosPoliticosVer\"]},{\"@type\":\"Person\",\"@id\":\"https:\\\/\\\/lospoliticosveracruz.com\\\/#\\\/schema\\\/person\\\/b8702bb0e538456e6efd07080bf2a4a2\",\"name\":\"Lo viste en Los Pol\u00edticos\",\"image\":{\"@type\":\"ImageObject\",\"inLanguage\":\"es\",\"@id\":\"https:\\\/\\\/secure.gravatar.com\\\/avatar\\\/3a8de04a2656d44082be478bd6c086daa447c4651605818287b9532d3d0bd435?s=96&d=mm&r=g\",\"url\":\"https:\\\/\\\/secure.gravatar.com\\\/avatar\\\/3a8de04a2656d44082be478bd6c086daa447c4651605818287b9532d3d0bd435?s=96&d=mm&r=g\",\"contentUrl\":\"https:\\\/\\\/secure.gravatar.com\\\/avatar\\\/3a8de04a2656d44082be478bd6c086daa447c4651605818287b9532d3d0bd435?s=96&d=mm&r=g\",\"caption\":\"Lo viste en Los Pol\u00edticos\"},\"url\":\"https:\\\/\\\/lospoliticosveracruz.com\\\/?author=2\"}]}<\/script>\n<!-- \/ Yoast SEO plugin. -->","yoast_head_json":{"title":"PERIODISTAS CIERRAN FILAS - Los pol\u00edticos Veracruz","robots":{"index":"index","follow":"follow","max-snippet":"max-snippet:-1","max-image-preview":"max-image-preview:large","max-video-preview":"max-video-preview:-1"},"canonical":"https:\/\/lospoliticosveracruz.com\/?p=179531","og_locale":"es_ES","og_type":"article","og_title":"PERIODISTAS CIERRAN FILAS - Los pol\u00edticos Veracruz","og_description":"Juan de Dios S\u00e1nchez AbreuEl Gordito de Oro Con gran \u00e9xito se llev\u00f3 a cabo la toma de protesta de la Asociaci\u00f3n Nacional de Periodistas \u00abLibertad de Expresi\u00f3n\u00bb, este fin de semana en la ciudad de Xalapa, Veracruz, donde se cont\u00f3 con la presencia de m\u00e1s de 300 invitados de todo el pa\u00eds y del [&hellip;]","og_url":"https:\/\/lospoliticosveracruz.com\/?p=179531","og_site_name":"Los pol\u00edticos Veracruz","article_publisher":"https:\/\/www.facebook.com\/people\/Notimemes-de-los-Polticos\/61565672886568\/","article_published_time":"2026-08-30T02:04:14+00:00","article_modified_time":"2026-08-30T02:04:15+00:00","og_image":[{"width":600,"height":320,"url":"https:\/\/lospoliticosveracruz.com\/wp-content\/uploads\/2025\/04\/J-de-D-Sanchez-Abreu-e1778101223351.jpg","type":"image\/jpeg"}],"author":"Lo viste en Los Pol\u00edticos","twitter_card":"summary_large_image","twitter_creator":"@LosPoliticosVer","twitter_site":"@LosPoliticosVer","twitter_misc":{"Escrito por":"Lo viste en Los Pol\u00edticos","Tiempo de lectura":"4 minutos"},"schema":{"@context":"https:\/\/schema.org","@graph":[{"@type":"Article","@id":"https:\/\/lospoliticosveracruz.com\/?p=179531#article","isPartOf":{"@id":"https:\/\/lospoliticosveracruz.com\/?p=179531"},"author":{"name":"Lo viste en Los Pol\u00edticos","@id":"https:\/\/lospoliticosveracruz.com\/#\/schema\/person\/b8702bb0e538456e6efd07080bf2a4a2"},"headline":"PERIODISTAS CIERRAN FILAS","datePublished":"2026-08-30T02:04:14+00:00","dateModified":"2026-08-30T02:04:15+00:00","mainEntityOfPage":{"@id":"https:\/\/lospoliticosveracruz.com\/?p=179531"},"wordCount":648,"publisher":{"@id":"https:\/\/lospoliticosveracruz.com\/#organization"},"image":{"@id":"https:\/\/lospoliticosveracruz.com\/?p=179531#primaryimage"},"thumbnailUrl":"https:\/\/lospoliticosveracruz.com\/wp-content\/uploads\/2025\/04\/J-de-D-Sanchez-Abreu-e1778101223351.jpg","keywords":["APLE","Juan de Dios S\u00e1nchez Abreu","Veracruz"],"articleSection":["De Opini\u00f3n"],"inLanguage":"es"},{"@type":"WebPage","@id":"https:\/\/lospoliticosveracruz.com\/?p=179531","url":"https:\/\/lospoliticosveracruz.com\/?p=179531","name":"PERIODISTAS CIERRAN FILAS - Los pol\u00edticos Veracruz","isPartOf":{"@id":"https:\/\/lospoliticosveracruz.com\/#website"},"primaryImageOfPage":{"@id":"https:\/\/lospoliticosveracruz.com\/?p=179531#primaryimage"},"image":{"@id":"https:\/\/lospoliticosveracruz.com\/?p=179531#primaryimage"},"thumbnailUrl":"https:\/\/lospoliticosveracruz.com\/wp-content\/uploads\/2025\/04\/J-de-D-Sanchez-Abreu-e1778101223351.jpg","datePublished":"2026-08-30T02:04:14+00:00","dateModified":"2026-08-30T02:04:15+00:00","breadcrumb":{"@id":"https:\/\/lospoliticosveracruz.com\/?p=179531#breadcrumb"},"inLanguage":"es","potentialAction":[{"@type":"ReadAction","target":["https:\/\/lospoliticosveracruz.com\/?p=179531"]}]},{"@type":"ImageObject","inLanguage":"es","@id":"https:\/\/lospoliticosveracruz.com\/?p=179531#primaryimage","url":"https:\/\/lospoliticosveracruz.com\/wp-content\/uploads\/2025\/04\/J-de-D-Sanchez-Abreu-e1778101223351.jpg","contentUrl":"https:\/\/lospoliticosveracruz.com\/wp-content\/uploads\/2025\/04\/J-de-D-Sanchez-Abreu-e1778101223351.jpg","width":600,"height":320},{"@type":"BreadcrumbList","@id":"https:\/\/lospoliticosveracruz.com\/?p=179531#breadcrumb","itemListElement":[{"@type":"ListItem","position":1,"name":"Portada","item":"https:\/\/lospoliticosveracruz.com\/"},{"@type":"ListItem","position":2,"name":"PERIODISTAS CIERRAN FILAS"}]},{"@type":"WebSite","@id":"https:\/\/lospoliticosveracruz.com\/#website","url":"https:\/\/lospoliticosveracruz.com\/","name":"Los pol\u00edticos Veracruz","description":"","publisher":{"@id":"https:\/\/lospoliticosveracruz.com\/#organization"},"potentialAction":[{"@type":"SearchAction","target":{"@type":"EntryPoint","urlTemplate":"https:\/\/lospoliticosveracruz.com\/?s={search_term_string}"},"query-input":{"@type":"PropertyValueSpecification","valueRequired":true,"valueName":"search_term_string"}}],"inLanguage":"es"},{"@type":"Organization","@id":"https:\/\/lospoliticosveracruz.com\/#organization","name":"Los pol\u00edticos Veracruz","url":"https:\/\/lospoliticosveracruz.com\/","logo":{"@type":"ImageObject","inLanguage":"es","@id":"https:\/\/lospoliticosveracruz.com\/#\/schema\/logo\/image\/","url":"https:\/\/lospoliticosveracruz.com\/wp-content\/uploads\/2025\/12\/Logo-Nuevo-LOS-POLITICOS-1.jpg","contentUrl":"https:\/\/lospoliticosveracruz.com\/wp-content\/uploads\/2025\/12\/Logo-Nuevo-LOS-POLITICOS-1.jpg","width":260,"height":70,"caption":"Los pol\u00edticos Veracruz"},"image":{"@id":"https:\/\/lospoliticosveracruz.com\/#\/schema\/logo\/image\/"},"sameAs":["https:\/\/www.facebook.com\/people\/Notimemes-de-los-Polticos\/61565672886568\/","https:\/\/x.com\/LosPoliticosVer"]},{"@type":"Person","@id":"https:\/\/lospoliticosveracruz.com\/#\/schema\/person\/b8702bb0e538456e6efd07080bf2a4a2","name":"Lo viste en Los Pol\u00edticos","image":{"@type":"ImageObject","inLanguage":"es","@id":"https:\/\/secure.gravatar.com\/avatar\/3a8de04a2656d44082be478bd6c086daa447c4651605818287b9532d3d0bd435?s=96&d=mm&r=g","url":"https:\/\/secure.gravatar.com\/avatar\/3a8de04a2656d44082be478bd6c086daa447c4651605818287b9532d3d0bd435?s=96&d=mm&r=g","contentUrl":"https:\/\/secure.gravatar.com\/avatar\/3a8de04a2656d44082be478bd6c086daa447c4651605818287b9532d3d0bd435?s=96&d=mm&r=g","caption":"Lo viste en Los Pol\u00edticos"},"url":"https:\/\/lospoliticosveracruz.com\/?author=2"}]}},"_links":{"self":[{"href":"https:\/\/lospoliticosveracruz.com\/index.php?rest_route=\/wp\/v2\/posts\/179531","targetHints":{"allow":["GET"]}}],"collection":[{"href":"https:\/\/lospoliticosveracruz.com\/index.php?rest_route=\/wp\/v2\/posts"}],"about":[{"href":"https:\/\/lospoliticosveracruz.com\/index.php?rest_route=\/wp\/v2\/types\/post"}],"author":[{"embeddable":true,"href":"https:\/\/lospoliticosveracruz.com\/index.php?rest_route=\/wp\/v2\/users\/2"}],"replies":[{"embeddable":true,"href":"https:\/\/lospoliticosveracruz.com\/index.php?rest_route=%2Fwp%2Fv2%2Fcomments&post=179531"}],"version-history":[{"count":1,"href":"https:\/\/lospoliticosveracruz.com\/index.php?rest_route=\/wp\/v2\/posts\/179531\/revisions"}],"predecessor-version":[{"id":179532,"href":"https:\/\/lospoliticosveracruz.com\/index.php?rest_route=\/wp\/v2\/posts\/179531\/revisions\/179532"}],"wp:featuredmedia":[{"embeddable":true,"href":"https:\/\/lospoliticosveracruz.com\/index.php?rest_route=\/wp\/v2\/media\/141389"}],"wp:attachment":[{"href":"https:\/\/lospoliticosveracruz.com\/index.php?rest_route=%2Fwp%2Fv2%2Fmedia&parent=179531"}],"wp:term":[{"taxonomy":"category","embeddable":true,"href":"https:\/\/lospoliticosveracruz.com\/index.php?rest_route=%2Fwp%2Fv2%2Fcategories&post=179531"},{"taxonomy":"post_tag","embeddable":true,"href":"https:\/\/lospoliticosveracruz.com\/index.php?rest_route=%2Fwp%2Fv2%2Ftags&post=179531"}],"curies":[{"name":"wp","href":"https:\/\/api.w.org\/{rel}","templated":true}]}}