{"id":179563,"date":"2026-08-30T21:30:00","date_gmt":"2026-08-31T03:30:00","guid":{"rendered":"https:\/\/lospoliticosveracruz.com\/?p=179563"},"modified":"2026-08-30T16:13:22","modified_gmt":"2026-08-30T22:13:22","slug":"desapariciones-5","status":"publish","type":"post","link":"https:\/\/lospoliticosveracruz.com\/?p=179563","title":{"rendered":"DESAPARICIONES"},"content":{"rendered":"<div class=\"wp-block-image\">\n<figure class=\"alignleft size-large is-resized\"><a href=\"https:\/\/lospoliticosveracruz.com\/wp-content\/uploads\/2026\/08\/Contribuciones-VER-scaled.jpg\"><img loading=\"lazy\" decoding=\"async\" width=\"1024\" height=\"127\" src=\"https:\/\/lospoliticosveracruz.com\/wp-content\/uploads\/2026\/08\/Contribuciones-VER-1024x127.jpg\" alt=\"\" class=\"wp-image-178578\" style=\"aspect-ratio:8.063745019920319;width:783px;height:auto\" srcset=\"https:\/\/lospoliticosveracruz.com\/wp-content\/uploads\/2026\/08\/Contribuciones-VER-1024x127.jpg 1024w, https:\/\/lospoliticosveracruz.com\/wp-content\/uploads\/2026\/08\/Contribuciones-VER-300x37.jpg 300w, https:\/\/lospoliticosveracruz.com\/wp-content\/uploads\/2026\/08\/Contribuciones-VER-768x95.jpg 768w, https:\/\/lospoliticosveracruz.com\/wp-content\/uploads\/2026\/08\/Contribuciones-VER-1536x190.jpg 1536w, https:\/\/lospoliticosveracruz.com\/wp-content\/uploads\/2026\/08\/Contribuciones-VER-2048x253.jpg 2048w, https:\/\/lospoliticosveracruz.com\/wp-content\/uploads\/2026\/08\/Contribuciones-VER-150x19.jpg 150w, https:\/\/lospoliticosveracruz.com\/wp-content\/uploads\/2026\/08\/Contribuciones-VER-696x86.jpg 696w, https:\/\/lospoliticosveracruz.com\/wp-content\/uploads\/2026\/08\/Contribuciones-VER-1068x132.jpg 1068w, https:\/\/lospoliticosveracruz.com\/wp-content\/uploads\/2026\/08\/Contribuciones-VER-1920x237.jpg 1920w\" sizes=\"auto, (max-width: 1024px) 100vw, 1024px\" \/><\/a><\/figure>\n<\/div>\n\n<div class=\"wp-block-image\">\n<figure class=\"alignleft size-full is-resized\"><a href=\"https:\/\/www.facebook.com\/ViveVeracruzCultura\/posts\/pfbid0RVyf5bm7vC1RyRraD63geXbMuFMMiSpkZcysmk9Z2ShmGQMEdh1GbjDgbYFyeyNZl\" target=\"_blank\" rel=\"https:\/\/www.facebook.com\/ViveVeracruzCultura\/posts\/pfbid0RVyf5bm7vC1RyRraD63geXbMuFMMiSpkZcysmk9Z2ShmGQMEdh1GbjDgbYFyeyNZl\"><img loading=\"lazy\" decoding=\"async\" width=\"701\" height=\"561\" src=\"https:\/\/lospoliticosveracruz.com\/wp-content\/uploads\/2026\/07\/Verano.png\" alt=\"\" class=\"wp-image-177651\" style=\"aspect-ratio:1.2495613179957106;width:422px;height:auto\" srcset=\"https:\/\/lospoliticosveracruz.com\/wp-content\/uploads\/2026\/07\/Verano.png 701w, https:\/\/lospoliticosveracruz.com\/wp-content\/uploads\/2026\/07\/Verano-300x240.png 300w, https:\/\/lospoliticosveracruz.com\/wp-content\/uploads\/2026\/07\/Verano-525x420.png 525w, https:\/\/lospoliticosveracruz.com\/wp-content\/uploads\/2026\/07\/Verano-150x120.png 150w, https:\/\/lospoliticosveracruz.com\/wp-content\/uploads\/2026\/07\/Verano-696x557.png 696w\" sizes=\"auto, (max-width: 701px) 100vw, 701px\" \/><\/a><\/figure>\n<\/div>\n\n\n<p><strong>Guadalupe H. Mar<br><\/strong><em>Mira Pol\u00edtica<\/em><\/p>\n\n\n\n<p><strong>FORZADAS \u2026 <\/strong>Desde el a\u00f1o de 2010, la Asamblea General de las Naciones Unidas (ONU), declar\u00f3 cada 30 de agosto como el D\u00eda Internacional de las V\u00edctimas de Desapariciones Forzadas, para recordar a las personas sustra\u00eddas, detenidas o trasladadas contra su voluntad por agentes estatales o grupos organizados y apoyar a sus familias en la exigencia de verdad y justicia.<br>Han pasado 16 a\u00f1os de esa declaratoria oficial y la ONU lamenta que este delito sigue perpetr\u00e1ndose diariamente en todas las regiones del mundo.<br>Por eso ayer domingo, amables lectoras y lectores, en casi todo el pa\u00eds se realizaron diversas actividades por parte de los familiares de los desaparecidos en M\u00e9xico y por supuesto en Veracruz, donde se llevaron a cabo misas, caminatas, marchas y concentraciones de quienes tienen una consigna \u00a1Hasta encontrarlos!<br>Ellos y ellas, los familiares, son los que han mantenido vivo el recuerdo de sus desaparecidos, exigiendo se les busque, se investigue, se les encuentre, lucha en la que muchas veces parece se han quedado solos.<br>Si bien los familiares de los desaparecidos son considerados legal y psicosocialmente como v\u00edctimas indirectas o secundarias de la desaparici\u00f3n forzada, ellas y ellos no se arredran, por el contrario, se crecen e insisten su b\u00fasqueda.<br>Fue gracias a la persistencia de ellos como el grupo Solecito en la zona conurbada Veracruz- Boca del R\u00edo, se conoci\u00f3 del predio Colinas de Santa Fe, considerado el fosario m\u00e1s grande de M\u00e9xico.<br>Gracias a este grupo de b\u00fasqueda, a 10 a\u00f1os de los hallazgos en Colinas de Santa Fe, se recuerda a las decenas de identificados cuyos familiares tuvieron al menos la tranquilidad de localizar sus restos mortales.<br>Cierto es que Veracruz no es de los primeros estados de la rep\u00fablica mexicana con el mayor n\u00famero de personas desaparecidas, pero s\u00ed de los que m\u00e1s presencia tienen los grupos de buscadores.<br>Para que no queden con la duda, los estados de la rep\u00fablica mexicana con el mayor n\u00famero de personas desaparecidas hasta el 27de agosto, o sea la semana pasada son: Estado de M\u00e9xico con 14 mil 377, Tamaulipas con 13 mil 839, Jalisco con 12 mil 970, Michoac\u00e1n con ocho mil 25 y Nuevo Le\u00f3n con siete mil 545.<br>Veracruz ocupa el s\u00e9ptimo lugar, con algo as\u00ed como siete mil personas desaparecidas.<br>Veracruz, Xalapa, C\u00f3rdoba, Poza Rica y Coatzacoalcos, son las ciudades de la entidad veracruzana con el mayor n\u00famero de personas desaparecidas.<br>Por todos ellos hay tambi\u00e9n miles de familiares busc\u00e1ndolos \u00a1hasta encontrarlos!<br><strong>NO ERAN ARISCOS \u2026 <\/strong>El pasado fin de semana, en el fraccionamiento Dorado Real, all\u00e1 por las inmediaciones de la f\u00e1brica TAMSA, los vecinos impidieron el retiro de una cuadrilla de trabajadores de la Comisi\u00f3n Federal de Electricidad (CFE), a los que dejar\u00edan salir hasta que hubieran restablecido el servicio de energ\u00eda el\u00e9ctrica y tuvieran \u201cluz\u201d.<br>Desde horas antes los trabajadores de la CFE estuvieron detectando por qu\u00e9 en esa zona del municipio de Veracruz no contaban con energ\u00eda el\u00e9ctrica, por lo que una vez identificada la falla, decidieron guardar sus equipos y volver al d\u00eda siguiente.<br>Sin embargo, los vecinos del fraccionamiento Dorado Real les cerraron el paso a los de la CFE y les advirtieron que los dejar\u00edan irse hasta que restablecieran el servicio de energ\u00eda el\u00e9ctrica.<br><strong>CAMINANTE NO HAY CAMINO \u2026<\/strong> Pues tal y como se hab\u00eda dado a conocer, hace un par de d\u00edas all\u00e1 en la ciudad de Xalapa, se llev\u00f3 a cabo la toma de protesta del Comit\u00e9 Ejecutivo Nacional de la Asociaci\u00f3n de Periodistas Libertad de Expresi\u00f3n (APLE), que preside el comunicador Juan de Dios S\u00e1nchez Abreu y acompa\u00f1an en la directiva destacados profesionales del periodismo de diversas partes del pa\u00eds y por supuesto del estado de Veracruz, como Jos\u00e9 Sarmiento Morales, de la zona de Mart\u00ednez de la Torre.<br>El surgimiento y conformaci\u00f3n de la APLE se da en momentos in\u00e9ditos para el pa\u00eds, en los que la \u00e9lite gubernamental decide qu\u00e9 medios de comunicaci\u00f3n deben existir y cu\u00e1les desaparecer, comprobando que para ellos la pol\u00edtica no es un arte, sino el recuerdo de tiempos pasados.<br>Representar a periodistas de todo el pa\u00eds ser\u00e1 entonces una tit\u00e1nica labor, sobre todo para actualizar al sector y prepararlo para subsistir en esta \u00e9poca en que como dec\u00eda el bien recordado periodista del sur de Veracruz, Fausto Fern\u00e1ndez Ponte, se hace queso sin leche, vino sin uvas y peri\u00f3dicos sin periodistas.<br>D\u00cdGALO SIN MIEDO \u2026 Al correo electr\u00f3nico guadalupehmar@gmail.com<\/p>\n","protected":false},"excerpt":{"rendered":"<p>Guadalupe H. MarMira Pol\u00edtica FORZADAS \u2026 Desde el a\u00f1o de 2010, la Asamblea General de las Naciones Unidas (ONU), declar\u00f3 cada 30 de agosto como el D\u00eda Internacional de las V\u00edctimas de Desapariciones Forzadas, para recordar a las personas sustra\u00eddas, detenidas o trasladadas contra su voluntad por agentes estatales o grupos organizados y apoyar a [&hellip;]<\/p>\n","protected":false},"author":2,"featured_media":141398,"comment_status":"closed","ping_status":"closed","sticky":false,"template":"","format":"standard","meta":{"tdm_status":"","tdm_grid_status":"","footnotes":""},"categories":[70],"tags":[11120,7700,6219,1606,385,12848,195],"class_list":{"0":"post-179563","1":"post","2":"type-post","3":"status-publish","4":"format-standard","5":"has-post-thumbnail","7":"category-de-opinion","8":"tag-colectivos-de-busqueda","9":"tag-colinas-de-santa-fe","10":"tag-desapariciones-forzadas","11":"tag-guadalupe-h-mar","12":"tag-onu","13":"tag-personas-desaparecidas","14":"tag-veracruz"},"yoast_head":"<!-- This site is optimized with the Yoast SEO plugin v28.1 - https:\/\/yoast.com\/product\/yoast-seo-wordpress\/ -->\n<title>DESAPARICIONES - Los pol\u00edticos Veracruz<\/title>\n<meta name=\"robots\" content=\"index, follow, max-snippet:-1, max-image-preview:large, max-video-preview:-1\" \/>\n<link rel=\"canonical\" href=\"https:\/\/lospoliticosveracruz.com\/?p=179563\" \/>\n<meta property=\"og:locale\" content=\"es_ES\" \/>\n<meta property=\"og:type\" content=\"article\" \/>\n<meta property=\"og:title\" content=\"DESAPARICIONES - Los pol\u00edticos Veracruz\" \/>\n<meta property=\"og:description\" content=\"Guadalupe H. MarMira Pol\u00edtica FORZADAS \u2026 Desde el a\u00f1o de 2010, la Asamblea General de las Naciones Unidas (ONU), declar\u00f3 cada 30 de agosto como el D\u00eda Internacional de las V\u00edctimas de Desapariciones Forzadas, para recordar a las personas sustra\u00eddas, detenidas o trasladadas contra su voluntad por agentes estatales o grupos organizados y apoyar a [&hellip;]\" \/>\n<meta property=\"og:url\" content=\"https:\/\/lospoliticosveracruz.com\/?p=179563\" \/>\n<meta property=\"og:site_name\" content=\"Los pol\u00edticos Veracruz\" \/>\n<meta property=\"article:publisher\" content=\"https:\/\/www.facebook.com\/people\/Notimemes-de-los-Polticos\/61565672886568\/\" \/>\n<meta property=\"article:published_time\" content=\"2026-08-31T03:30:00+00:00\" \/>\n<meta property=\"og:image\" content=\"https:\/\/lospoliticosveracruz.com\/wp-content\/uploads\/2025\/04\/Lupita-H-Mar-e1778101455506.jpg\" \/>\n\t<meta property=\"og:image:width\" content=\"600\" \/>\n\t<meta property=\"og:image:height\" content=\"320\" \/>\n\t<meta property=\"og:image:type\" content=\"image\/jpeg\" \/>\n<meta name=\"author\" content=\"Lo viste en Los Pol\u00edticos\" \/>\n<meta name=\"twitter:card\" content=\"summary_large_image\" \/>\n<meta name=\"twitter:creator\" content=\"@LosPoliticosVer\" \/>\n<meta name=\"twitter:site\" content=\"@LosPoliticosVer\" \/>\n<meta name=\"twitter:label1\" content=\"Escrito por\" \/>\n\t<meta name=\"twitter:data1\" content=\"Lo viste en Los Pol\u00edticos\" \/>\n\t<meta name=\"twitter:label2\" content=\"Tiempo de lectura\" \/>\n\t<meta name=\"twitter:data2\" content=\"4 minutos\" \/>\n<script type=\"application\/ld+json\" class=\"yoast-schema-graph\">{\"@context\":\"https:\\\/\\\/schema.org\",\"@graph\":[{\"@type\":\"Article\",\"@id\":\"https:\\\/\\\/lospoliticosveracruz.com\\\/?p=179563#article\",\"isPartOf\":{\"@id\":\"https:\\\/\\\/lospoliticosveracruz.com\\\/?p=179563\"},\"author\":{\"name\":\"Lo viste en Los Pol\u00edticos\",\"@id\":\"https:\\\/\\\/lospoliticosveracruz.com\\\/#\\\/schema\\\/person\\\/b8702bb0e538456e6efd07080bf2a4a2\"},\"headline\":\"DESAPARICIONES\",\"datePublished\":\"2026-08-31T03:30:00+00:00\",\"mainEntityOfPage\":{\"@id\":\"https:\\\/\\\/lospoliticosveracruz.com\\\/?p=179563\"},\"wordCount\":790,\"publisher\":{\"@id\":\"https:\\\/\\\/lospoliticosveracruz.com\\\/#organization\"},\"image\":{\"@id\":\"https:\\\/\\\/lospoliticosveracruz.com\\\/?p=179563#primaryimage\"},\"thumbnailUrl\":\"https:\\\/\\\/lospoliticosveracruz.com\\\/wp-content\\\/uploads\\\/2025\\\/04\\\/Lupita-H-Mar-e1778101455506.jpg\",\"keywords\":[\"Colectivos de b\u00fasqueda\",\"Colinas de Santa Fe\",\"Desapariciones forzadas\",\"Guadalupe H. Mar\",\"ONU\",\"personas desaparecidas\",\"Veracruz\"],\"articleSection\":[\"De Opini\u00f3n\"],\"inLanguage\":\"es\"},{\"@type\":\"WebPage\",\"@id\":\"https:\\\/\\\/lospoliticosveracruz.com\\\/?p=179563\",\"url\":\"https:\\\/\\\/lospoliticosveracruz.com\\\/?p=179563\",\"name\":\"DESAPARICIONES - Los pol\u00edticos Veracruz\",\"isPartOf\":{\"@id\":\"https:\\\/\\\/lospoliticosveracruz.com\\\/#website\"},\"primaryImageOfPage\":{\"@id\":\"https:\\\/\\\/lospoliticosveracruz.com\\\/?p=179563#primaryimage\"},\"image\":{\"@id\":\"https:\\\/\\\/lospoliticosveracruz.com\\\/?p=179563#primaryimage\"},\"thumbnailUrl\":\"https:\\\/\\\/lospoliticosveracruz.com\\\/wp-content\\\/uploads\\\/2025\\\/04\\\/Lupita-H-Mar-e1778101455506.jpg\",\"datePublished\":\"2026-08-31T03:30:00+00:00\",\"breadcrumb\":{\"@id\":\"https:\\\/\\\/lospoliticosveracruz.com\\\/?p=179563#breadcrumb\"},\"inLanguage\":\"es\",\"potentialAction\":[{\"@type\":\"ReadAction\",\"target\":[\"https:\\\/\\\/lospoliticosveracruz.com\\\/?p=179563\"]}]},{\"@type\":\"ImageObject\",\"inLanguage\":\"es\",\"@id\":\"https:\\\/\\\/lospoliticosveracruz.com\\\/?p=179563#primaryimage\",\"url\":\"https:\\\/\\\/lospoliticosveracruz.com\\\/wp-content\\\/uploads\\\/2025\\\/04\\\/Lupita-H-Mar-e1778101455506.jpg\",\"contentUrl\":\"https:\\\/\\\/lospoliticosveracruz.com\\\/wp-content\\\/uploads\\\/2025\\\/04\\\/Lupita-H-Mar-e1778101455506.jpg\",\"width\":600,\"height\":320},{\"@type\":\"BreadcrumbList\",\"@id\":\"https:\\\/\\\/lospoliticosveracruz.com\\\/?p=179563#breadcrumb\",\"itemListElement\":[{\"@type\":\"ListItem\",\"position\":1,\"name\":\"Portada\",\"item\":\"https:\\\/\\\/lospoliticosveracruz.com\\\/\"},{\"@type\":\"ListItem\",\"position\":2,\"name\":\"DESAPARICIONES\"}]},{\"@type\":\"WebSite\",\"@id\":\"https:\\\/\\\/lospoliticosveracruz.com\\\/#website\",\"url\":\"https:\\\/\\\/lospoliticosveracruz.com\\\/\",\"name\":\"Los pol\u00edticos Veracruz\",\"description\":\"\",\"publisher\":{\"@id\":\"https:\\\/\\\/lospoliticosveracruz.com\\\/#organization\"},\"potentialAction\":[{\"@type\":\"SearchAction\",\"target\":{\"@type\":\"EntryPoint\",\"urlTemplate\":\"https:\\\/\\\/lospoliticosveracruz.com\\\/?s={search_term_string}\"},\"query-input\":{\"@type\":\"PropertyValueSpecification\",\"valueRequired\":true,\"valueName\":\"search_term_string\"}}],\"inLanguage\":\"es\"},{\"@type\":\"Organization\",\"@id\":\"https:\\\/\\\/lospoliticosveracruz.com\\\/#organization\",\"name\":\"Los pol\u00edticos Veracruz\",\"url\":\"https:\\\/\\\/lospoliticosveracruz.com\\\/\",\"logo\":{\"@type\":\"ImageObject\",\"inLanguage\":\"es\",\"@id\":\"https:\\\/\\\/lospoliticosveracruz.com\\\/#\\\/schema\\\/logo\\\/image\\\/\",\"url\":\"https:\\\/\\\/lospoliticosveracruz.com\\\/wp-content\\\/uploads\\\/2025\\\/12\\\/Logo-Nuevo-LOS-POLITICOS-1.jpg\",\"contentUrl\":\"https:\\\/\\\/lospoliticosveracruz.com\\\/wp-content\\\/uploads\\\/2025\\\/12\\\/Logo-Nuevo-LOS-POLITICOS-1.jpg\",\"width\":260,\"height\":70,\"caption\":\"Los pol\u00edticos Veracruz\"},\"image\":{\"@id\":\"https:\\\/\\\/lospoliticosveracruz.com\\\/#\\\/schema\\\/logo\\\/image\\\/\"},\"sameAs\":[\"https:\\\/\\\/www.facebook.com\\\/people\\\/Notimemes-de-los-Polticos\\\/61565672886568\\\/\",\"https:\\\/\\\/x.com\\\/LosPoliticosVer\"]},{\"@type\":\"Person\",\"@id\":\"https:\\\/\\\/lospoliticosveracruz.com\\\/#\\\/schema\\\/person\\\/b8702bb0e538456e6efd07080bf2a4a2\",\"name\":\"Lo viste en Los Pol\u00edticos\",\"image\":{\"@type\":\"ImageObject\",\"inLanguage\":\"es\",\"@id\":\"https:\\\/\\\/secure.gravatar.com\\\/avatar\\\/3a8de04a2656d44082be478bd6c086daa447c4651605818287b9532d3d0bd435?s=96&d=mm&r=g\",\"url\":\"https:\\\/\\\/secure.gravatar.com\\\/avatar\\\/3a8de04a2656d44082be478bd6c086daa447c4651605818287b9532d3d0bd435?s=96&d=mm&r=g\",\"contentUrl\":\"https:\\\/\\\/secure.gravatar.com\\\/avatar\\\/3a8de04a2656d44082be478bd6c086daa447c4651605818287b9532d3d0bd435?s=96&d=mm&r=g\",\"caption\":\"Lo viste en Los Pol\u00edticos\"},\"url\":\"https:\\\/\\\/lospoliticosveracruz.com\\\/?author=2\"}]}<\/script>\n<!-- \/ Yoast SEO plugin. -->","yoast_head_json":{"title":"DESAPARICIONES - Los pol\u00edticos Veracruz","robots":{"index":"index","follow":"follow","max-snippet":"max-snippet:-1","max-image-preview":"max-image-preview:large","max-video-preview":"max-video-preview:-1"},"canonical":"https:\/\/lospoliticosveracruz.com\/?p=179563","og_locale":"es_ES","og_type":"article","og_title":"DESAPARICIONES - Los pol\u00edticos Veracruz","og_description":"Guadalupe H. MarMira Pol\u00edtica FORZADAS \u2026 Desde el a\u00f1o de 2010, la Asamblea General de las Naciones Unidas (ONU), declar\u00f3 cada 30 de agosto como el D\u00eda Internacional de las V\u00edctimas de Desapariciones Forzadas, para recordar a las personas sustra\u00eddas, detenidas o trasladadas contra su voluntad por agentes estatales o grupos organizados y apoyar a [&hellip;]","og_url":"https:\/\/lospoliticosveracruz.com\/?p=179563","og_site_name":"Los pol\u00edticos Veracruz","article_publisher":"https:\/\/www.facebook.com\/people\/Notimemes-de-los-Polticos\/61565672886568\/","article_published_time":"2026-08-31T03:30:00+00:00","og_image":[{"width":600,"height":320,"url":"https:\/\/lospoliticosveracruz.com\/wp-content\/uploads\/2025\/04\/Lupita-H-Mar-e1778101455506.jpg","type":"image\/jpeg"}],"author":"Lo viste en Los Pol\u00edticos","twitter_card":"summary_large_image","twitter_creator":"@LosPoliticosVer","twitter_site":"@LosPoliticosVer","twitter_misc":{"Escrito por":"Lo viste en Los Pol\u00edticos","Tiempo de lectura":"4 minutos"},"schema":{"@context":"https:\/\/schema.org","@graph":[{"@type":"Article","@id":"https:\/\/lospoliticosveracruz.com\/?p=179563#article","isPartOf":{"@id":"https:\/\/lospoliticosveracruz.com\/?p=179563"},"author":{"name":"Lo viste en Los Pol\u00edticos","@id":"https:\/\/lospoliticosveracruz.com\/#\/schema\/person\/b8702bb0e538456e6efd07080bf2a4a2"},"headline":"DESAPARICIONES","datePublished":"2026-08-31T03:30:00+00:00","mainEntityOfPage":{"@id":"https:\/\/lospoliticosveracruz.com\/?p=179563"},"wordCount":790,"publisher":{"@id":"https:\/\/lospoliticosveracruz.com\/#organization"},"image":{"@id":"https:\/\/lospoliticosveracruz.com\/?p=179563#primaryimage"},"thumbnailUrl":"https:\/\/lospoliticosveracruz.com\/wp-content\/uploads\/2025\/04\/Lupita-H-Mar-e1778101455506.jpg","keywords":["Colectivos de b\u00fasqueda","Colinas de Santa Fe","Desapariciones forzadas","Guadalupe H. Mar","ONU","personas desaparecidas","Veracruz"],"articleSection":["De Opini\u00f3n"],"inLanguage":"es"},{"@type":"WebPage","@id":"https:\/\/lospoliticosveracruz.com\/?p=179563","url":"https:\/\/lospoliticosveracruz.com\/?p=179563","name":"DESAPARICIONES - Los pol\u00edticos Veracruz","isPartOf":{"@id":"https:\/\/lospoliticosveracruz.com\/#website"},"primaryImageOfPage":{"@id":"https:\/\/lospoliticosveracruz.com\/?p=179563#primaryimage"},"image":{"@id":"https:\/\/lospoliticosveracruz.com\/?p=179563#primaryimage"},"thumbnailUrl":"https:\/\/lospoliticosveracruz.com\/wp-content\/uploads\/2025\/04\/Lupita-H-Mar-e1778101455506.jpg","datePublished":"2026-08-31T03:30:00+00:00","breadcrumb":{"@id":"https:\/\/lospoliticosveracruz.com\/?p=179563#breadcrumb"},"inLanguage":"es","potentialAction":[{"@type":"ReadAction","target":["https:\/\/lospoliticosveracruz.com\/?p=179563"]}]},{"@type":"ImageObject","inLanguage":"es","@id":"https:\/\/lospoliticosveracruz.com\/?p=179563#primaryimage","url":"https:\/\/lospoliticosveracruz.com\/wp-content\/uploads\/2025\/04\/Lupita-H-Mar-e1778101455506.jpg","contentUrl":"https:\/\/lospoliticosveracruz.com\/wp-content\/uploads\/2025\/04\/Lupita-H-Mar-e1778101455506.jpg","width":600,"height":320},{"@type":"BreadcrumbList","@id":"https:\/\/lospoliticosveracruz.com\/?p=179563#breadcrumb","itemListElement":[{"@type":"ListItem","position":1,"name":"Portada","item":"https:\/\/lospoliticosveracruz.com\/"},{"@type":"ListItem","position":2,"name":"DESAPARICIONES"}]},{"@type":"WebSite","@id":"https:\/\/lospoliticosveracruz.com\/#website","url":"https:\/\/lospoliticosveracruz.com\/","name":"Los pol\u00edticos Veracruz","description":"","publisher":{"@id":"https:\/\/lospoliticosveracruz.com\/#organization"},"potentialAction":[{"@type":"SearchAction","target":{"@type":"EntryPoint","urlTemplate":"https:\/\/lospoliticosveracruz.com\/?s={search_term_string}"},"query-input":{"@type":"PropertyValueSpecification","valueRequired":true,"valueName":"search_term_string"}}],"inLanguage":"es"},{"@type":"Organization","@id":"https:\/\/lospoliticosveracruz.com\/#organization","name":"Los pol\u00edticos Veracruz","url":"https:\/\/lospoliticosveracruz.com\/","logo":{"@type":"ImageObject","inLanguage":"es","@id":"https:\/\/lospoliticosveracruz.com\/#\/schema\/logo\/image\/","url":"https:\/\/lospoliticosveracruz.com\/wp-content\/uploads\/2025\/12\/Logo-Nuevo-LOS-POLITICOS-1.jpg","contentUrl":"https:\/\/lospoliticosveracruz.com\/wp-content\/uploads\/2025\/12\/Logo-Nuevo-LOS-POLITICOS-1.jpg","width":260,"height":70,"caption":"Los pol\u00edticos Veracruz"},"image":{"@id":"https:\/\/lospoliticosveracruz.com\/#\/schema\/logo\/image\/"},"sameAs":["https:\/\/www.facebook.com\/people\/Notimemes-de-los-Polticos\/61565672886568\/","https:\/\/x.com\/LosPoliticosVer"]},{"@type":"Person","@id":"https:\/\/lospoliticosveracruz.com\/#\/schema\/person\/b8702bb0e538456e6efd07080bf2a4a2","name":"Lo viste en Los Pol\u00edticos","image":{"@type":"ImageObject","inLanguage":"es","@id":"https:\/\/secure.gravatar.com\/avatar\/3a8de04a2656d44082be478bd6c086daa447c4651605818287b9532d3d0bd435?s=96&d=mm&r=g","url":"https:\/\/secure.gravatar.com\/avatar\/3a8de04a2656d44082be478bd6c086daa447c4651605818287b9532d3d0bd435?s=96&d=mm&r=g","contentUrl":"https:\/\/secure.gravatar.com\/avatar\/3a8de04a2656d44082be478bd6c086daa447c4651605818287b9532d3d0bd435?s=96&d=mm&r=g","caption":"Lo viste en Los Pol\u00edticos"},"url":"https:\/\/lospoliticosveracruz.com\/?author=2"}]}},"_links":{"self":[{"href":"https:\/\/lospoliticosveracruz.com\/index.php?rest_route=\/wp\/v2\/posts\/179563","targetHints":{"allow":["GET"]}}],"collection":[{"href":"https:\/\/lospoliticosveracruz.com\/index.php?rest_route=\/wp\/v2\/posts"}],"about":[{"href":"https:\/\/lospoliticosveracruz.com\/index.php?rest_route=\/wp\/v2\/types\/post"}],"author":[{"embeddable":true,"href":"https:\/\/lospoliticosveracruz.com\/index.php?rest_route=\/wp\/v2\/users\/2"}],"replies":[{"embeddable":true,"href":"https:\/\/lospoliticosveracruz.com\/index.php?rest_route=%2Fwp%2Fv2%2Fcomments&post=179563"}],"version-history":[{"count":1,"href":"https:\/\/lospoliticosveracruz.com\/index.php?rest_route=\/wp\/v2\/posts\/179563\/revisions"}],"predecessor-version":[{"id":179564,"href":"https:\/\/lospoliticosveracruz.com\/index.php?rest_route=\/wp\/v2\/posts\/179563\/revisions\/179564"}],"wp:featuredmedia":[{"embeddable":true,"href":"https:\/\/lospoliticosveracruz.com\/index.php?rest_route=\/wp\/v2\/media\/141398"}],"wp:attachment":[{"href":"https:\/\/lospoliticosveracruz.com\/index.php?rest_route=%2Fwp%2Fv2%2Fmedia&parent=179563"}],"wp:term":[{"taxonomy":"category","embeddable":true,"href":"https:\/\/lospoliticosveracruz.com\/index.php?rest_route=%2Fwp%2Fv2%2Fcategories&post=179563"},{"taxonomy":"post_tag","embeddable":true,"href":"https:\/\/lospoliticosveracruz.com\/index.php?rest_route=%2Fwp%2Fv2%2Ftags&post=179563"}],"curies":[{"name":"wp","href":"https:\/\/api.w.org\/{rel}","templated":true}]}}