{"id":179565,"date":"2026-08-30T16:17:22","date_gmt":"2026-08-30T22:17:22","guid":{"rendered":"https:\/\/lospoliticosveracruz.com\/?p=179565"},"modified":"2026-08-30T16:17:24","modified_gmt":"2026-08-30T22:17:24","slug":"hoy-toco-ruta-recreativa","status":"publish","type":"post","link":"https:\/\/lospoliticosveracruz.com\/?p=179565","title":{"rendered":"HOY TOC\u00d3 RUTA RECREATIVA!"},"content":{"rendered":"<div class=\"wp-block-image\">\n<figure class=\"alignleft size-large is-resized\"><a href=\"https:\/\/lospoliticosveracruz.com\/wp-content\/uploads\/2026\/08\/Tu-Plan-Xalapa.jpg\"><img loading=\"lazy\" decoding=\"async\" width=\"1024\" height=\"854\" src=\"https:\/\/lospoliticosveracruz.com\/wp-content\/uploads\/2026\/08\/Tu-Plan-Xalapa-1024x854.jpg\" alt=\"\" class=\"wp-image-177789\" style=\"width:421px;height:auto\" srcset=\"https:\/\/lospoliticosveracruz.com\/wp-content\/uploads\/2026\/08\/Tu-Plan-Xalapa-1024x854.jpg 1024w, https:\/\/lospoliticosveracruz.com\/wp-content\/uploads\/2026\/08\/Tu-Plan-Xalapa-300x250.jpg 300w, https:\/\/lospoliticosveracruz.com\/wp-content\/uploads\/2026\/08\/Tu-Plan-Xalapa-768x640.jpg 768w, https:\/\/lospoliticosveracruz.com\/wp-content\/uploads\/2026\/08\/Tu-Plan-Xalapa-504x420.jpg 504w, https:\/\/lospoliticosveracruz.com\/wp-content\/uploads\/2026\/08\/Tu-Plan-Xalapa-150x125.jpg 150w, https:\/\/lospoliticosveracruz.com\/wp-content\/uploads\/2026\/08\/Tu-Plan-Xalapa-696x580.jpg 696w, https:\/\/lospoliticosveracruz.com\/wp-content\/uploads\/2026\/08\/Tu-Plan-Xalapa-1068x890.jpg 1068w, https:\/\/lospoliticosveracruz.com\/wp-content\/uploads\/2026\/08\/Tu-Plan-Xalapa.jpg 1400w\" sizes=\"auto, (max-width: 1024px) 100vw, 1024px\" \/><\/a><\/figure>\n<\/div>\n\n\n<p>El Ayuntamiento de Xalapa, encabezado por la Alcaldesa, Lic. Daniela Griego Ceballos, llev\u00f3 a cabo la tercera edici\u00f3n de Xalapa se Mueve: Ruta Recreativa, una jornada que reuni\u00f3 a familias, ni\u00f1as, ni\u00f1os, juventudes, personas adultas y adultas mayores, as\u00ed como a sus mascotas, en un ambiente de sana convivencia y energ\u00eda.<\/p>\n\n\n\n<p>Durante la jornada estuvieron presentes el Director de Asuntos Jur\u00eddicos, Lic. Eduardo Antonio Arres Garc\u00eda; el Coordinador de Atenci\u00f3n Ciudadana, Lic. Juan Manuel Gonz\u00e1lez Mu\u00f1oz; la titular del Departamento de Desarrollo e Integraci\u00f3n Social del DIF Municipal, Mtra. Rosa Mar\u00eda D\u00edaz Meza; el Subdirector de Gobierno Electr\u00f3nico, Lic. Erick Guti\u00e9rrez Rend\u00f3n, y el Jefe del Departamento de Tecnolog\u00eda de la Informaci\u00f3n del Instituto de Pensiones del Estado de Veracruz (IPE), Ing. Jos\u00e9 Antonio Rodr\u00edguez Castillo.<\/p>\n\n\n\n<p>La Ruta Recreativa es organizada por la Direcci\u00f3n de Desarrollo Urbano, a cargo del Lic. Aldo Ponce Ram\u00edrez, a trav\u00e9s del Departamento de Movilidad Urbana, Centro Hist\u00f3rico e Imagen Urbana, como parte de las acciones para promover el uso y disfrute del espacio p\u00fablico.<\/p>\n\n\n\n<p>En esta edici\u00f3n participaron las Direcciones de Salud, a cargo de la Dra. Vianed Mart\u00ednez Cabrera; Cultura, a cargo del Mtro. Marco Dar\u00edo Garc\u00eda Franco; Cultura F\u00edsica, a cargo del Lic. Rafael Manuel Herrera Moguel; Juventud, a cargo del Lic. Rafael Alarc\u00f3n Barrientos; Educaci\u00f3n, a cargo del Lic. Irving Aguirre Landa; Desarrollo Social, a cargo de la Lic. Mar\u00eda Consuelo Niembro, y Medio Ambiente, a cargo del Lic. Joaqu\u00edn Saucedo Herver; adem\u00e1s del Instituto Municipal de las Mujeres de Xalapa (IMMX), a cargo de la Mtra. Mar\u00eda Fernanda Medina Mariscal; el DIF Municipal, a cargo de la Psic. Olivia Aguilar Dorantes, y el Sistema de Protecci\u00f3n Integral de Ni\u00f1as, Ni\u00f1os y Adolescentes de Xalapa (SIPINNA), a cargo de la Mtra. Sonia Contreras Brito.<\/p>\n\n\n\n<p>A estas actividades se sum\u00f3 la Direcci\u00f3n General de Tr\u00e1nsito y Seguridad Vial, con acciones relacionadas con la seguridad vial y el alcohol\u00edmetro.<\/p>\n\n\n\n<p>A lo largo de la ruta, bicicletas, patines, corredores y trotadores compartieron el espacio p\u00fablico, mientras que en los distintos m\u00f3dulos de las dependencias municipales se brind\u00f3 atenci\u00f3n a la poblaci\u00f3n mediante pruebas de glucosa, actividades inclusivas, juegos e informaci\u00f3n sobre dengue.<\/p>\n\n\n\n<p>Participaron los Centros Comunitarios Plan de Ayala y Arroyo Blanco, con talleres de taich\u00ed, karate, manualidades y herbolaria.<\/p>\n\n\n\n<p>La jornada tambi\u00e9n cont\u00f3 con actividades culturales, entre estas un concierto en el Teatro J. J. Herrera, adem\u00e1s del Punto Verde, espacio destinado al acopio de residuos.<\/p>\n\n\n\n<p>En este \u00faltimo punto, la Alcaldesa, Lic. Daniela Griego Ceballos, hizo entrega de residuos al centro de acopio. En cada edici\u00f3n de la Ruta Recreativa se habilita este espacio para que la ciudadan\u00eda deposite PET, cart\u00f3n y otros materiales, a cambio de una planta.<\/p>\n\n\n\n<p>Tambi\u00e9n se sum\u00f3 personal del Centro de Longevidad, a cargo del Dr. Erick Gerardo Ruiz Moya, donde personas adultas mayores y p\u00fablico en general participaron en una carrera dedicada a este sector de la poblaci\u00f3n.<\/p>\n\n\n\n<p><\/p>\n","protected":false},"excerpt":{"rendered":"<p>El Ayuntamiento de Xalapa, encabezado por la Alcaldesa, Lic. Daniela Griego Ceballos, llev\u00f3 a cabo la tercera edici\u00f3n de Xalapa se Mueve: Ruta Recreativa, una jornada que reuni\u00f3 a familias, ni\u00f1as, ni\u00f1os, juventudes, personas adultas y adultas mayores, as\u00ed como a sus mascotas, en un ambiente de sana convivencia y energ\u00eda. Durante la jornada estuvieron [&hellip;]<\/p>\n","protected":false},"author":2,"featured_media":179566,"comment_status":"closed","ping_status":"closed","sticky":false,"template":"","format":"standard","meta":{"tdm_status":"","tdm_grid_status":"","footnotes":""},"categories":[52572],"tags":[26179,5622,5393,5795,18428,70027,96],"class_list":{"0":"post-179565","1":"post","2":"type-post","3":"status-publish","4":"format-standard","5":"has-post-thumbnail","7":"category-desdelaatenas","8":"tag-convivencia-familiar","9":"tag-daniela-griego","10":"tag-deporte","11":"tag-espacios-publicos","12":"tag-movilidad","13":"tag-ruta-recreativa","14":"tag-xalapa"},"yoast_head":"<!-- This site is optimized with the Yoast SEO plugin v28.1 - https:\/\/yoast.com\/product\/yoast-seo-wordpress\/ -->\n<title>HOY TOC\u00d3 RUTA RECREATIVA! - Los pol\u00edticos Veracruz<\/title>\n<meta name=\"robots\" content=\"index, follow, max-snippet:-1, max-image-preview:large, max-video-preview:-1\" \/>\n<link rel=\"canonical\" href=\"https:\/\/lospoliticosveracruz.com\/?p=179565\" \/>\n<meta property=\"og:locale\" content=\"es_ES\" \/>\n<meta property=\"og:type\" content=\"article\" \/>\n<meta property=\"og:title\" content=\"HOY TOC\u00d3 RUTA RECREATIVA! - Los pol\u00edticos Veracruz\" \/>\n<meta property=\"og:description\" content=\"El Ayuntamiento de Xalapa, encabezado por la Alcaldesa, Lic. Daniela Griego Ceballos, llev\u00f3 a cabo la tercera edici\u00f3n de Xalapa se Mueve: Ruta Recreativa, una jornada que reuni\u00f3 a familias, ni\u00f1as, ni\u00f1os, juventudes, personas adultas y adultas mayores, as\u00ed como a sus mascotas, en un ambiente de sana convivencia y energ\u00eda. Durante la jornada estuvieron [&hellip;]\" \/>\n<meta property=\"og:url\" content=\"https:\/\/lospoliticosveracruz.com\/?p=179565\" \/>\n<meta property=\"og:site_name\" content=\"Los pol\u00edticos Veracruz\" \/>\n<meta property=\"article:publisher\" content=\"https:\/\/www.facebook.com\/people\/Notimemes-de-los-Polticos\/61565672886568\/\" \/>\n<meta property=\"article:published_time\" content=\"2026-08-30T22:17:22+00:00\" \/>\n<meta property=\"article:modified_time\" content=\"2026-08-30T22:17:24+00:00\" \/>\n<meta property=\"og:image\" content=\"https:\/\/lospoliticosveracruz.com\/wp-content\/uploads\/2026\/08\/Dani-4.jpg\" \/>\n\t<meta property=\"og:image:width\" content=\"600\" \/>\n\t<meta property=\"og:image:height\" content=\"320\" \/>\n\t<meta property=\"og:image:type\" content=\"image\/jpeg\" \/>\n<meta name=\"author\" content=\"Lo viste en Los Pol\u00edticos\" \/>\n<meta name=\"twitter:card\" content=\"summary_large_image\" \/>\n<meta name=\"twitter:creator\" content=\"@LosPoliticosVer\" \/>\n<meta name=\"twitter:site\" content=\"@LosPoliticosVer\" \/>\n<meta name=\"twitter:label1\" content=\"Escrito por\" \/>\n\t<meta name=\"twitter:data1\" content=\"Lo viste en Los Pol\u00edticos\" \/>\n\t<meta name=\"twitter:label2\" content=\"Tiempo de lectura\" \/>\n\t<meta name=\"twitter:data2\" content=\"3 minutos\" \/>\n<script type=\"application\/ld+json\" class=\"yoast-schema-graph\">{\"@context\":\"https:\\\/\\\/schema.org\",\"@graph\":[{\"@type\":\"Article\",\"@id\":\"https:\\\/\\\/lospoliticosveracruz.com\\\/?p=179565#article\",\"isPartOf\":{\"@id\":\"https:\\\/\\\/lospoliticosveracruz.com\\\/?p=179565\"},\"author\":{\"name\":\"Lo viste en Los Pol\u00edticos\",\"@id\":\"https:\\\/\\\/lospoliticosveracruz.com\\\/#\\\/schema\\\/person\\\/b8702bb0e538456e6efd07080bf2a4a2\"},\"headline\":\"HOY TOC\u00d3 RUTA RECREATIVA!\",\"datePublished\":\"2026-08-30T22:17:22+00:00\",\"dateModified\":\"2026-08-30T22:17:24+00:00\",\"mainEntityOfPage\":{\"@id\":\"https:\\\/\\\/lospoliticosveracruz.com\\\/?p=179565\"},\"wordCount\":539,\"publisher\":{\"@id\":\"https:\\\/\\\/lospoliticosveracruz.com\\\/#organization\"},\"image\":{\"@id\":\"https:\\\/\\\/lospoliticosveracruz.com\\\/?p=179565#primaryimage\"},\"thumbnailUrl\":\"https:\\\/\\\/lospoliticosveracruz.com\\\/wp-content\\\/uploads\\\/2026\\\/08\\\/Dani-4.jpg\",\"keywords\":[\"Convivencia familiar\",\"Daniela Griego\",\"deporte\",\"Espacios P\u00fablicos\",\"movilidad\",\"Ruta Recreativa\",\"Xalapa\"],\"articleSection\":[\"Desde La Atenas\"],\"inLanguage\":\"es\"},{\"@type\":\"WebPage\",\"@id\":\"https:\\\/\\\/lospoliticosveracruz.com\\\/?p=179565\",\"url\":\"https:\\\/\\\/lospoliticosveracruz.com\\\/?p=179565\",\"name\":\"HOY TOC\u00d3 RUTA RECREATIVA! - Los pol\u00edticos Veracruz\",\"isPartOf\":{\"@id\":\"https:\\\/\\\/lospoliticosveracruz.com\\\/#website\"},\"primaryImageOfPage\":{\"@id\":\"https:\\\/\\\/lospoliticosveracruz.com\\\/?p=179565#primaryimage\"},\"image\":{\"@id\":\"https:\\\/\\\/lospoliticosveracruz.com\\\/?p=179565#primaryimage\"},\"thumbnailUrl\":\"https:\\\/\\\/lospoliticosveracruz.com\\\/wp-content\\\/uploads\\\/2026\\\/08\\\/Dani-4.jpg\",\"datePublished\":\"2026-08-30T22:17:22+00:00\",\"dateModified\":\"2026-08-30T22:17:24+00:00\",\"breadcrumb\":{\"@id\":\"https:\\\/\\\/lospoliticosveracruz.com\\\/?p=179565#breadcrumb\"},\"inLanguage\":\"es\",\"potentialAction\":[{\"@type\":\"ReadAction\",\"target\":[\"https:\\\/\\\/lospoliticosveracruz.com\\\/?p=179565\"]}]},{\"@type\":\"ImageObject\",\"inLanguage\":\"es\",\"@id\":\"https:\\\/\\\/lospoliticosveracruz.com\\\/?p=179565#primaryimage\",\"url\":\"https:\\\/\\\/lospoliticosveracruz.com\\\/wp-content\\\/uploads\\\/2026\\\/08\\\/Dani-4.jpg\",\"contentUrl\":\"https:\\\/\\\/lospoliticosveracruz.com\\\/wp-content\\\/uploads\\\/2026\\\/08\\\/Dani-4.jpg\",\"width\":600,\"height\":320},{\"@type\":\"BreadcrumbList\",\"@id\":\"https:\\\/\\\/lospoliticosveracruz.com\\\/?p=179565#breadcrumb\",\"itemListElement\":[{\"@type\":\"ListItem\",\"position\":1,\"name\":\"Portada\",\"item\":\"https:\\\/\\\/lospoliticosveracruz.com\\\/\"},{\"@type\":\"ListItem\",\"position\":2,\"name\":\"HOY TOC\u00d3 RUTA RECREATIVA!\"}]},{\"@type\":\"WebSite\",\"@id\":\"https:\\\/\\\/lospoliticosveracruz.com\\\/#website\",\"url\":\"https:\\\/\\\/lospoliticosveracruz.com\\\/\",\"name\":\"Los pol\u00edticos Veracruz\",\"description\":\"\",\"publisher\":{\"@id\":\"https:\\\/\\\/lospoliticosveracruz.com\\\/#organization\"},\"potentialAction\":[{\"@type\":\"SearchAction\",\"target\":{\"@type\":\"EntryPoint\",\"urlTemplate\":\"https:\\\/\\\/lospoliticosveracruz.com\\\/?s={search_term_string}\"},\"query-input\":{\"@type\":\"PropertyValueSpecification\",\"valueRequired\":true,\"valueName\":\"search_term_string\"}}],\"inLanguage\":\"es\"},{\"@type\":\"Organization\",\"@id\":\"https:\\\/\\\/lospoliticosveracruz.com\\\/#organization\",\"name\":\"Los pol\u00edticos Veracruz\",\"url\":\"https:\\\/\\\/lospoliticosveracruz.com\\\/\",\"logo\":{\"@type\":\"ImageObject\",\"inLanguage\":\"es\",\"@id\":\"https:\\\/\\\/lospoliticosveracruz.com\\\/#\\\/schema\\\/logo\\\/image\\\/\",\"url\":\"https:\\\/\\\/lospoliticosveracruz.com\\\/wp-content\\\/uploads\\\/2025\\\/12\\\/Logo-Nuevo-LOS-POLITICOS-1.jpg\",\"contentUrl\":\"https:\\\/\\\/lospoliticosveracruz.com\\\/wp-content\\\/uploads\\\/2025\\\/12\\\/Logo-Nuevo-LOS-POLITICOS-1.jpg\",\"width\":260,\"height\":70,\"caption\":\"Los pol\u00edticos Veracruz\"},\"image\":{\"@id\":\"https:\\\/\\\/lospoliticosveracruz.com\\\/#\\\/schema\\\/logo\\\/image\\\/\"},\"sameAs\":[\"https:\\\/\\\/www.facebook.com\\\/people\\\/Notimemes-de-los-Polticos\\\/61565672886568\\\/\",\"https:\\\/\\\/x.com\\\/LosPoliticosVer\"]},{\"@type\":\"Person\",\"@id\":\"https:\\\/\\\/lospoliticosveracruz.com\\\/#\\\/schema\\\/person\\\/b8702bb0e538456e6efd07080bf2a4a2\",\"name\":\"Lo viste en Los Pol\u00edticos\",\"image\":{\"@type\":\"ImageObject\",\"inLanguage\":\"es\",\"@id\":\"https:\\\/\\\/secure.gravatar.com\\\/avatar\\\/3a8de04a2656d44082be478bd6c086daa447c4651605818287b9532d3d0bd435?s=96&d=mm&r=g\",\"url\":\"https:\\\/\\\/secure.gravatar.com\\\/avatar\\\/3a8de04a2656d44082be478bd6c086daa447c4651605818287b9532d3d0bd435?s=96&d=mm&r=g\",\"contentUrl\":\"https:\\\/\\\/secure.gravatar.com\\\/avatar\\\/3a8de04a2656d44082be478bd6c086daa447c4651605818287b9532d3d0bd435?s=96&d=mm&r=g\",\"caption\":\"Lo viste en Los Pol\u00edticos\"},\"url\":\"https:\\\/\\\/lospoliticosveracruz.com\\\/?author=2\"}]}<\/script>\n<!-- \/ Yoast SEO plugin. -->","yoast_head_json":{"title":"HOY TOC\u00d3 RUTA RECREATIVA! - Los pol\u00edticos Veracruz","robots":{"index":"index","follow":"follow","max-snippet":"max-snippet:-1","max-image-preview":"max-image-preview:large","max-video-preview":"max-video-preview:-1"},"canonical":"https:\/\/lospoliticosveracruz.com\/?p=179565","og_locale":"es_ES","og_type":"article","og_title":"HOY TOC\u00d3 RUTA RECREATIVA! - Los pol\u00edticos Veracruz","og_description":"El Ayuntamiento de Xalapa, encabezado por la Alcaldesa, Lic. Daniela Griego Ceballos, llev\u00f3 a cabo la tercera edici\u00f3n de Xalapa se Mueve: Ruta Recreativa, una jornada que reuni\u00f3 a familias, ni\u00f1as, ni\u00f1os, juventudes, personas adultas y adultas mayores, as\u00ed como a sus mascotas, en un ambiente de sana convivencia y energ\u00eda. Durante la jornada estuvieron [&hellip;]","og_url":"https:\/\/lospoliticosveracruz.com\/?p=179565","og_site_name":"Los pol\u00edticos Veracruz","article_publisher":"https:\/\/www.facebook.com\/people\/Notimemes-de-los-Polticos\/61565672886568\/","article_published_time":"2026-08-30T22:17:22+00:00","article_modified_time":"2026-08-30T22:17:24+00:00","og_image":[{"width":600,"height":320,"url":"https:\/\/lospoliticosveracruz.com\/wp-content\/uploads\/2026\/08\/Dani-4.jpg","type":"image\/jpeg"}],"author":"Lo viste en Los Pol\u00edticos","twitter_card":"summary_large_image","twitter_creator":"@LosPoliticosVer","twitter_site":"@LosPoliticosVer","twitter_misc":{"Escrito por":"Lo viste en Los Pol\u00edticos","Tiempo de lectura":"3 minutos"},"schema":{"@context":"https:\/\/schema.org","@graph":[{"@type":"Article","@id":"https:\/\/lospoliticosveracruz.com\/?p=179565#article","isPartOf":{"@id":"https:\/\/lospoliticosveracruz.com\/?p=179565"},"author":{"name":"Lo viste en Los Pol\u00edticos","@id":"https:\/\/lospoliticosveracruz.com\/#\/schema\/person\/b8702bb0e538456e6efd07080bf2a4a2"},"headline":"HOY TOC\u00d3 RUTA RECREATIVA!","datePublished":"2026-08-30T22:17:22+00:00","dateModified":"2026-08-30T22:17:24+00:00","mainEntityOfPage":{"@id":"https:\/\/lospoliticosveracruz.com\/?p=179565"},"wordCount":539,"publisher":{"@id":"https:\/\/lospoliticosveracruz.com\/#organization"},"image":{"@id":"https:\/\/lospoliticosveracruz.com\/?p=179565#primaryimage"},"thumbnailUrl":"https:\/\/lospoliticosveracruz.com\/wp-content\/uploads\/2026\/08\/Dani-4.jpg","keywords":["Convivencia familiar","Daniela Griego","deporte","Espacios P\u00fablicos","movilidad","Ruta Recreativa","Xalapa"],"articleSection":["Desde La Atenas"],"inLanguage":"es"},{"@type":"WebPage","@id":"https:\/\/lospoliticosveracruz.com\/?p=179565","url":"https:\/\/lospoliticosveracruz.com\/?p=179565","name":"HOY TOC\u00d3 RUTA RECREATIVA! - Los pol\u00edticos Veracruz","isPartOf":{"@id":"https:\/\/lospoliticosveracruz.com\/#website"},"primaryImageOfPage":{"@id":"https:\/\/lospoliticosveracruz.com\/?p=179565#primaryimage"},"image":{"@id":"https:\/\/lospoliticosveracruz.com\/?p=179565#primaryimage"},"thumbnailUrl":"https:\/\/lospoliticosveracruz.com\/wp-content\/uploads\/2026\/08\/Dani-4.jpg","datePublished":"2026-08-30T22:17:22+00:00","dateModified":"2026-08-30T22:17:24+00:00","breadcrumb":{"@id":"https:\/\/lospoliticosveracruz.com\/?p=179565#breadcrumb"},"inLanguage":"es","potentialAction":[{"@type":"ReadAction","target":["https:\/\/lospoliticosveracruz.com\/?p=179565"]}]},{"@type":"ImageObject","inLanguage":"es","@id":"https:\/\/lospoliticosveracruz.com\/?p=179565#primaryimage","url":"https:\/\/lospoliticosveracruz.com\/wp-content\/uploads\/2026\/08\/Dani-4.jpg","contentUrl":"https:\/\/lospoliticosveracruz.com\/wp-content\/uploads\/2026\/08\/Dani-4.jpg","width":600,"height":320},{"@type":"BreadcrumbList","@id":"https:\/\/lospoliticosveracruz.com\/?p=179565#breadcrumb","itemListElement":[{"@type":"ListItem","position":1,"name":"Portada","item":"https:\/\/lospoliticosveracruz.com\/"},{"@type":"ListItem","position":2,"name":"HOY TOC\u00d3 RUTA RECREATIVA!"}]},{"@type":"WebSite","@id":"https:\/\/lospoliticosveracruz.com\/#website","url":"https:\/\/lospoliticosveracruz.com\/","name":"Los pol\u00edticos Veracruz","description":"","publisher":{"@id":"https:\/\/lospoliticosveracruz.com\/#organization"},"potentialAction":[{"@type":"SearchAction","target":{"@type":"EntryPoint","urlTemplate":"https:\/\/lospoliticosveracruz.com\/?s={search_term_string}"},"query-input":{"@type":"PropertyValueSpecification","valueRequired":true,"valueName":"search_term_string"}}],"inLanguage":"es"},{"@type":"Organization","@id":"https:\/\/lospoliticosveracruz.com\/#organization","name":"Los pol\u00edticos Veracruz","url":"https:\/\/lospoliticosveracruz.com\/","logo":{"@type":"ImageObject","inLanguage":"es","@id":"https:\/\/lospoliticosveracruz.com\/#\/schema\/logo\/image\/","url":"https:\/\/lospoliticosveracruz.com\/wp-content\/uploads\/2025\/12\/Logo-Nuevo-LOS-POLITICOS-1.jpg","contentUrl":"https:\/\/lospoliticosveracruz.com\/wp-content\/uploads\/2025\/12\/Logo-Nuevo-LOS-POLITICOS-1.jpg","width":260,"height":70,"caption":"Los pol\u00edticos Veracruz"},"image":{"@id":"https:\/\/lospoliticosveracruz.com\/#\/schema\/logo\/image\/"},"sameAs":["https:\/\/www.facebook.com\/people\/Notimemes-de-los-Polticos\/61565672886568\/","https:\/\/x.com\/LosPoliticosVer"]},{"@type":"Person","@id":"https:\/\/lospoliticosveracruz.com\/#\/schema\/person\/b8702bb0e538456e6efd07080bf2a4a2","name":"Lo viste en Los Pol\u00edticos","image":{"@type":"ImageObject","inLanguage":"es","@id":"https:\/\/secure.gravatar.com\/avatar\/3a8de04a2656d44082be478bd6c086daa447c4651605818287b9532d3d0bd435?s=96&d=mm&r=g","url":"https:\/\/secure.gravatar.com\/avatar\/3a8de04a2656d44082be478bd6c086daa447c4651605818287b9532d3d0bd435?s=96&d=mm&r=g","contentUrl":"https:\/\/secure.gravatar.com\/avatar\/3a8de04a2656d44082be478bd6c086daa447c4651605818287b9532d3d0bd435?s=96&d=mm&r=g","caption":"Lo viste en Los Pol\u00edticos"},"url":"https:\/\/lospoliticosveracruz.com\/?author=2"}]}},"_links":{"self":[{"href":"https:\/\/lospoliticosveracruz.com\/index.php?rest_route=\/wp\/v2\/posts\/179565","targetHints":{"allow":["GET"]}}],"collection":[{"href":"https:\/\/lospoliticosveracruz.com\/index.php?rest_route=\/wp\/v2\/posts"}],"about":[{"href":"https:\/\/lospoliticosveracruz.com\/index.php?rest_route=\/wp\/v2\/types\/post"}],"author":[{"embeddable":true,"href":"https:\/\/lospoliticosveracruz.com\/index.php?rest_route=\/wp\/v2\/users\/2"}],"replies":[{"embeddable":true,"href":"https:\/\/lospoliticosveracruz.com\/index.php?rest_route=%2Fwp%2Fv2%2Fcomments&post=179565"}],"version-history":[{"count":1,"href":"https:\/\/lospoliticosveracruz.com\/index.php?rest_route=\/wp\/v2\/posts\/179565\/revisions"}],"predecessor-version":[{"id":179567,"href":"https:\/\/lospoliticosveracruz.com\/index.php?rest_route=\/wp\/v2\/posts\/179565\/revisions\/179567"}],"wp:featuredmedia":[{"embeddable":true,"href":"https:\/\/lospoliticosveracruz.com\/index.php?rest_route=\/wp\/v2\/media\/179566"}],"wp:attachment":[{"href":"https:\/\/lospoliticosveracruz.com\/index.php?rest_route=%2Fwp%2Fv2%2Fmedia&parent=179565"}],"wp:term":[{"taxonomy":"category","embeddable":true,"href":"https:\/\/lospoliticosveracruz.com\/index.php?rest_route=%2Fwp%2Fv2%2Fcategories&post=179565"},{"taxonomy":"post_tag","embeddable":true,"href":"https:\/\/lospoliticosveracruz.com\/index.php?rest_route=%2Fwp%2Fv2%2Ftags&post=179565"}],"curies":[{"name":"wp","href":"https:\/\/api.w.org\/{rel}","templated":true}]}}