{"id":179579,"date":"2026-08-30T20:02:13","date_gmt":"2026-08-31T02:02:13","guid":{"rendered":"https:\/\/lospoliticosveracruz.com\/?p=179579"},"modified":"2026-08-30T20:04:49","modified_gmt":"2026-08-31T02:04:49","slug":"alianzas-algo-mas-que-sumar-siglas-partidistas","status":"publish","type":"post","link":"https:\/\/lospoliticosveracruz.com\/?p=179579","title":{"rendered":"ALIANZAS: ALGO M\u00c1S QUE SUMAR SIGLAS PARTIDISTAS"},"content":{"rendered":"<div class=\"wp-block-image\">\n<figure class=\"alignleft size-large is-resized\"><a href=\"https:\/\/lospoliticosveracruz.com\/wp-content\/uploads\/2026\/08\/Tu-Plan-Xalapa.jpg\"><img loading=\"lazy\" decoding=\"async\" width=\"1024\" height=\"854\" src=\"https:\/\/lospoliticosveracruz.com\/wp-content\/uploads\/2026\/08\/Tu-Plan-Xalapa-1024x854.jpg\" alt=\"\" class=\"wp-image-177789\" style=\"width:421px;height:auto\" srcset=\"https:\/\/lospoliticosveracruz.com\/wp-content\/uploads\/2026\/08\/Tu-Plan-Xalapa-1024x854.jpg 1024w, https:\/\/lospoliticosveracruz.com\/wp-content\/uploads\/2026\/08\/Tu-Plan-Xalapa-300x250.jpg 300w, https:\/\/lospoliticosveracruz.com\/wp-content\/uploads\/2026\/08\/Tu-Plan-Xalapa-768x640.jpg 768w, https:\/\/lospoliticosveracruz.com\/wp-content\/uploads\/2026\/08\/Tu-Plan-Xalapa-504x420.jpg 504w, https:\/\/lospoliticosveracruz.com\/wp-content\/uploads\/2026\/08\/Tu-Plan-Xalapa-150x125.jpg 150w, https:\/\/lospoliticosveracruz.com\/wp-content\/uploads\/2026\/08\/Tu-Plan-Xalapa-696x580.jpg 696w, https:\/\/lospoliticosveracruz.com\/wp-content\/uploads\/2026\/08\/Tu-Plan-Xalapa-1068x890.jpg 1068w, https:\/\/lospoliticosveracruz.com\/wp-content\/uploads\/2026\/08\/Tu-Plan-Xalapa.jpg 1400w\" sizes=\"auto, (max-width: 1024px) 100vw, 1024px\" \/><\/a><\/figure>\n<\/div>\n\n\n<p><strong>Vicente Luna Hern\u00e1ndez<\/strong><\/p>\n\n\n\n<p>Dicen que en pol\u00edtica 1+1 no son 2, pueden ser 1, 0, o m\u00e1s que 1, y en algunos casos, la suma de fuerzas partidistas provoca que los que integran la alianza obtengan menos votos que los obtenidos cuando fueron solos, sin embargo, siempre las alianzas permiten \u201cvender\u201d al electorado que el proyecto de gobierno que se impulsa cuenta con el aval y la suma de varias maneras de pensar y por lo consiguiente, reflejan el deseo mayoritario para alcanzarlo.<br>Hay alianzas que la o el candidato al estar fuerte pol\u00edticamente y bien posesionado en el imaginario colectivo, &#8211; con la soberbia a flor de piel &#8211; solo espera que otros partidos se sumen a su propuesta, otras ocasiones, es la o el candidato \u2013 con humildad \u2013 quien busca tender puentes de comunicaci\u00f3n con otras fuerzas pol\u00edticas en aras de consolidar un proyecto de gobierno.<br>Lo cierto es que \u201csanto que no es visto, no es adorado\u201d dice el dicho popular y en pol\u00edtica se aplica de manera contundente, no hay nada como mantener, buscar y estrechar los lazos de comunicaci\u00f3n con los diversos sectores sociales en aras de escuchar e ir integrando un Plan de Gobierno para el proceso electoral 2030, una fecha que se ve tan lejana pero las circunstancias pol\u00edticas van acercando cada vez m\u00e1s, \u00bfacaso no despu\u00e9s del pr\u00f3ximo proceso electoral se empezar\u00e1 a pensar en el 2030? \u00bfCu\u00e1ntos de las y los ganadores del 27 estar\u00e1n en la boleta electoral en el 29?<br>Algunos analistas pol\u00edticos critican ciertas alianzas partidistas en Veracruz y a nivel nacional, se habla de ideolog\u00edas y antecedentes pol\u00edticos, sin embargo, \u00bfqui\u00e9n cr\u00edtica la alianza 2018 entre Morena, un partido evang\u00e9lico y un partido \u2013 presuntamente &#8211; ecologista? \u00bfPor qu\u00e9 se critica tanto una alianza entre el PAN y el PRI? \u00bfAcaso se cuestion\u00f3 con tanta severidad la alianza 2018 entre PAN, PRD y MC? \u00bfPor qu\u00e9 no se cuestiona con la misma severidad la alianza entre Morena, PT y el Partido Verde? \u00bfAcaso no el Verde pidi\u00f3 el voto en el 2018 en contra de la alianza que hoy gobierna el pa\u00eds? \u00bfAcaso pusieron cara de disgusto aquellos \u201cpuros\u201d del oficialismo cuando el verde sum\u00f3 sus votos legislativos a favor de todas las reformad impulsadas por Palacio Nacional?<br>El escenario pol\u00edtico ir\u00e1 dibujando las pr\u00f3ximas alianzas electorales, el Verde y el PT sienten que cuentan con la fuerza electoral para \u201ccaminar\u201d solos en ciertos procesos electorales, \u00bfqu\u00e9 \u201cpecado\u201d cometen al querer crecer electoralmente? \u00bfAcaso no muchas veces han sido minimizados por su propio aliado mayor?<br>La realidad es que ya hay pol\u00edticos de oposici\u00f3n y oficialistas caminando en Veracruz, construyendo estructuras propias y sumando nuevos liderazgos a sus proyectos pol\u00edticos, est\u00e1 claro que le apuestan a consolidar una fuerza electoral que les permita ser protagonistas en los futuros procesos electorales m\u00e1s all\u00e1 del 2027.<br>Es l\u00f3gico el desgaste pol\u00edtico del partido en el poder, lo cierto es que a m\u00e1s poder m\u00e1s conflictos al interior de la fuerza pol\u00edtica mayoritaria, \u00bfqu\u00e9 de raro tiene? Sin embargo, los se\u00f1alamientos de corrupci\u00f3n, exhibicionismo de riquezas materiales y complicidades con el crimen organizado desgastan la marca guinda sin intervenci\u00f3n ni responsabilidad de la oposici\u00f3n.<br>Cada proceso electoral se desarrolla en circunstancias diferentes, el PRI en el 2015 en Veracruz arras\u00f3 en las diputaci\u00f3n federales y en el 2016 perdi\u00f3 la gubernatura, el PAN en el 2017 gano la mayor\u00eda de ayuntamientos y perdi\u00f3 en el 2018 el gobierno estatal, Morena arras\u00f3 en el 2024 y sali\u00f3 \u201clastimado\u201d en la elecci\u00f3n municipal 2025, \u00bfen serio est\u00e1 \u201cmuy lejos\u201d el proceso electoral 2030?<br>La realidad es que una alianza ganadora no solo es aquella que presume de aglutinar muchas siglas partidistas o asociaciones pol\u00edticas con registro ante los organismos electorales o \u201csumar\u201d a organizaciones de la sociedad civil, \u00bfalguien conoce los trabajos pol\u00edticos de las asociaciones con registro ante el OPLE?<br>Pregunto por simple curiosidad, hoy \u2013 ante la \u201chuida\u201d voluntaria o involuntariamente de alcaldes -, \u00bfpuede el PT presumir de tener los votos obtenidos en el 2025? \u00bf En serio Morena puede sentirse satisfecho de la manera en como aument\u00f3 su n\u00famero de municipios color guinda?<br>Es cierto, durante el pr\u00f3ximo proceso electoral las y los presidentes municipales son factor de opini\u00f3n y de movilizaci\u00f3n, unos aportar\u00e1n dinero, otros aportar\u00e1n votos, otros aportar\u00e1n dinero y votos y otros simular\u00e1n aportar pero en realidad ser\u00e1n una carga para la o el candidato de su partido, otros jugar\u00e1n a favor m\u00e1s de una baraja electoral, sin embargo, al final del proceso \u2013 m\u00e1s all\u00e1 de los resultados electorales \u2013 las y los aspirantes al gobierno del Estado tendr\u00e1n que sumar nuevos integrantes a sus equipos de trabajo e ir\u00e1n perfilando la alianza futura que las y los cobijar\u00e1.<br>Que nadie se \u201casuste\u201d de ver a aquellos que hoy son \u201cenemigos electorales\u201d sentados en la misma mesa, tampoco de los acercamientos que se dar\u00e1n entre fuerzas pol\u00edticas ayer lejanas entre s\u00ed, lo cierto es que se debe elevar el nivel del debate pol\u00edtico, no ser\u00e1 qui\u00e9n lance m\u00e1s ofensas y majader\u00edas al aire el que tenga mayor aceptaci\u00f3n popular, \u00bf en serio habr\u00e1 un \u201casesor\u201d pol\u00edtico que aconseje lanzar majader\u00edas e insultos corrientes para ganar apoyo popular?<br>El trabajo territorial es la base de toda campa\u00f1a electoral m\u00e1s la buena imagen y aceptaci\u00f3n de las y os aliados que se van cultivando en el caminar, est\u00e1 claro que la oposici\u00f3n tiene mucho por hacer, si un aspirante del partido en el poder tiene que \u201ccaminar\u201d, mucho m\u00e1s lo tiene que hacer un opositor, no ser\u00e1 con descalificaciones y criticas permanentes como se ganar\u00e1n simpat\u00edas pero tampoco cerrando los ojos ante una realidad social que lastima a Veracruz y al pa\u00eds.<br>Los partidos de oposici\u00f3n deben de fortalecer y reestructurar sus Comit\u00e9s municipales m\u00e1s all\u00e1 de una Toma de Protesta, todos podr\u00e1n presumir de tener un directorio telef\u00f3nico y llena una libreta de nombres, la pregunta es \u00bfcuantos Comit\u00e9s realmente est\u00e1n integrados? \u00bfCu\u00e1ntos Comit\u00e9s realmente est\u00e1n operando en territorio? \u00bfRealmente que aportan las y los integrantes de los Comit\u00e9s Estatales m\u00e1s all\u00e1 de zalamer\u00edas a la o el presidente partidista?<br>La sociedad en su conjunto tiene tambi\u00e9n una responsabilidad, esta consiste en estar informada y cuestionar a la clase pol\u00edtica &#8211; muchos lo que menos tienen es clase \u2013 m\u00e1s all\u00e1 de ir a un cajero a retirar el apoyo otorgado con los impuestos de todos, la participaci\u00f3n ciudadana es parte fundamental de toda democracia.<br>Soy de los que creen que la suma de siglas partidistas no es suficiente para ganar a Morena y aliados, &#8211; por cierto, \u00bfcuando veremos al Verde o al PT impulsar una o un candidato propio al gobierno de Estado? \u2013 si lo \u00fanico que tienen para presumir son solo las siglas algo anda mal, el imaginario pensar\u00e1 que muchos impulsar\u00e1n una o un candidato, la realidad es que la simulaci\u00f3n territorial opositora ha permitido que la alianza oficial sonr\u00eda despu\u00e9s de cada proceso electoral.<br>M\u00e1s all\u00e1 de alg\u00fan nombre en particular hay que insistir en la organizaci\u00f3n ciudadana y partidista, hay que apostar al contacto permanente y a consolidar canales de comunicaci\u00f3n con el pueblo m\u00e1s all\u00e1 de solo los pobres, el proyecto de gobierno opositor debe ser una apuesta a la Reconciliaci\u00f3n de todos los sectores sociales, el discurso demag\u00f3gico debe ser rechazado por una ciudadan\u00eda informada y dispuesta a ser protagonista en el pr\u00f3ximo proceso electoral.<br>Bienvenida la construcci\u00f3n de una alianza opositora m\u00e1s all\u00e1 de un nombre en particular, bienvenida la cr\u00edtica constructiva, el protagonismo barato, las ambiciones vulgares y la soberbia deben quedar fuera del proyecto a consolidar, \u00bfa qui\u00e9n fortalece que f\u00e9rreos opositores de ayer, ma\u00f1ana sean candidatos de un partido integrante o de la alianza oficial? \u00bfSe quiere sacar a quienes \u2013 desde el punto de vista de la oposici\u00f3n &#8211; gobiernan mal o aspiran a ser convidados a disfrutar parte del bot\u00edn?<br>Lo cierto es que no se trata \u2013 para armar la \u201cfiesta electoral\u201d &#8211; solo de \u201ctocar puertas\u201d partidistas, se trata que al abrirse se vean invitados.<br>P.D.- Con el \u00e1nimo que en la mesa de debate entre las y los aspirantes a Diputados Federales y Diputados Locales se conozca \u2013 de acuerdo a un reportaje de la Revista Proceso de Septiembre &#8211; una triste realidad social:<br>\u201cEn las monta\u00f1as altas de Veracruz se concentra la prevalencia m\u00e1s alta de \u201cictiosis lamelar\u201d del mundo, esto es, la mutaci\u00f3n del gen TGM 1 que impide retener agua en la piel causando descamaci\u00f3n masiva\u201d lastimando a los afectados, familiares y todo su desarrollo humano \u2026Escribir\u00e9 otro d\u00eda.<\/p>\n","protected":false},"excerpt":{"rendered":"<p>Vicente Luna Hern\u00e1ndez Dicen que en pol\u00edtica 1+1 no son 2, pueden ser 1, 0, o m\u00e1s que 1, y en algunos casos, la suma de fuerzas partidistas provoca que los que integran la alianza obtengan menos votos que los obtenidos cuando fueron solos, sin embargo, siempre las alianzas permiten \u201cvender\u201d al electorado que el [&hellip;]<\/p>\n","protected":false},"author":2,"featured_media":141415,"comment_status":"closed","ping_status":"closed","sticky":false,"template":"","format":"standard","meta":{"tdm_status":"","tdm_grid_status":"","footnotes":""},"categories":[70],"tags":[69538,721,1026,600,1709,195,15667],"class_list":{"0":"post-179579","1":"post","2":"type-post","3":"status-publish","4":"format-standard","5":"has-post-thumbnail","7":"category-de-opinion","8":"tag-alianzas-electorales","9":"tag-elecciones","10":"tag-morena","11":"tag-oposicion","12":"tag-partidos-politicos","13":"tag-veracruz","14":"tag-vicente-luna-hernandez"},"yoast_head":"<!-- This site is optimized with the Yoast SEO plugin v28.1 - https:\/\/yoast.com\/product\/yoast-seo-wordpress\/ -->\n<title>ALIANZAS: ALGO M\u00c1S QUE SUMAR SIGLAS PARTIDISTAS - Los pol\u00edticos Veracruz<\/title>\n<meta name=\"robots\" content=\"index, follow, max-snippet:-1, max-image-preview:large, max-video-preview:-1\" \/>\n<link rel=\"canonical\" href=\"https:\/\/lospoliticosveracruz.com\/?p=179579\" \/>\n<meta property=\"og:locale\" content=\"es_ES\" \/>\n<meta property=\"og:type\" content=\"article\" \/>\n<meta property=\"og:title\" content=\"ALIANZAS: ALGO M\u00c1S QUE SUMAR SIGLAS PARTIDISTAS - Los pol\u00edticos Veracruz\" \/>\n<meta property=\"og:description\" content=\"Vicente Luna Hern\u00e1ndez Dicen que en pol\u00edtica 1+1 no son 2, pueden ser 1, 0, o m\u00e1s que 1, y en algunos casos, la suma de fuerzas partidistas provoca que los que integran la alianza obtengan menos votos que los obtenidos cuando fueron solos, sin embargo, siempre las alianzas permiten \u201cvender\u201d al electorado que el [&hellip;]\" \/>\n<meta property=\"og:url\" content=\"https:\/\/lospoliticosveracruz.com\/?p=179579\" \/>\n<meta property=\"og:site_name\" content=\"Los pol\u00edticos Veracruz\" \/>\n<meta property=\"article:publisher\" content=\"https:\/\/www.facebook.com\/people\/Notimemes-de-los-Polticos\/61565672886568\/\" \/>\n<meta property=\"article:published_time\" content=\"2026-08-31T02:02:13+00:00\" \/>\n<meta property=\"article:modified_time\" content=\"2026-08-31T02:04:49+00:00\" \/>\n<meta property=\"og:image\" content=\"https:\/\/lospoliticosveracruz.com\/wp-content\/uploads\/2025\/04\/Vicente-Luna-Hernandez.jpg\" \/>\n\t<meta property=\"og:image:width\" content=\"1250\" \/>\n\t<meta property=\"og:image:height\" content=\"667\" \/>\n\t<meta property=\"og:image:type\" content=\"image\/jpeg\" \/>\n<meta name=\"author\" content=\"Lo viste en Los Pol\u00edticos\" \/>\n<meta name=\"twitter:card\" content=\"summary_large_image\" \/>\n<meta name=\"twitter:creator\" content=\"@LosPoliticosVer\" \/>\n<meta name=\"twitter:site\" content=\"@LosPoliticosVer\" \/>\n<meta name=\"twitter:label1\" content=\"Escrito por\" \/>\n\t<meta name=\"twitter:data1\" content=\"Lo viste en Los Pol\u00edticos\" \/>\n\t<meta name=\"twitter:label2\" content=\"Tiempo de lectura\" \/>\n\t<meta name=\"twitter:data2\" content=\"14 minutos\" \/>\n<script type=\"application\/ld+json\" class=\"yoast-schema-graph\">{\"@context\":\"https:\\\/\\\/schema.org\",\"@graph\":[{\"@type\":\"Article\",\"@id\":\"https:\\\/\\\/lospoliticosveracruz.com\\\/?p=179579#article\",\"isPartOf\":{\"@id\":\"https:\\\/\\\/lospoliticosveracruz.com\\\/?p=179579\"},\"author\":{\"name\":\"Lo viste en Los Pol\u00edticos\",\"@id\":\"https:\\\/\\\/lospoliticosveracruz.com\\\/#\\\/schema\\\/person\\\/b8702bb0e538456e6efd07080bf2a4a2\"},\"headline\":\"ALIANZAS: ALGO M\u00c1S QUE SUMAR SIGLAS PARTIDISTAS\",\"datePublished\":\"2026-08-31T02:02:13+00:00\",\"dateModified\":\"2026-08-31T02:04:49+00:00\",\"mainEntityOfPage\":{\"@id\":\"https:\\\/\\\/lospoliticosveracruz.com\\\/?p=179579\"},\"wordCount\":1526,\"publisher\":{\"@id\":\"https:\\\/\\\/lospoliticosveracruz.com\\\/#organization\"},\"image\":{\"@id\":\"https:\\\/\\\/lospoliticosveracruz.com\\\/?p=179579#primaryimage\"},\"thumbnailUrl\":\"https:\\\/\\\/lospoliticosveracruz.com\\\/wp-content\\\/uploads\\\/2025\\\/04\\\/Vicente-Luna-Hernandez.jpg\",\"keywords\":[\"alianzas electorales\",\"elecciones\",\"Morena\",\"oposici\u00f3n\",\"partidos pol\u00edticos\",\"Veracruz\",\"Vicente Luna Hern\u00e1ndez\"],\"articleSection\":[\"De Opini\u00f3n\"],\"inLanguage\":\"es\"},{\"@type\":\"WebPage\",\"@id\":\"https:\\\/\\\/lospoliticosveracruz.com\\\/?p=179579\",\"url\":\"https:\\\/\\\/lospoliticosveracruz.com\\\/?p=179579\",\"name\":\"ALIANZAS: ALGO M\u00c1S QUE SUMAR SIGLAS PARTIDISTAS - Los pol\u00edticos Veracruz\",\"isPartOf\":{\"@id\":\"https:\\\/\\\/lospoliticosveracruz.com\\\/#website\"},\"primaryImageOfPage\":{\"@id\":\"https:\\\/\\\/lospoliticosveracruz.com\\\/?p=179579#primaryimage\"},\"image\":{\"@id\":\"https:\\\/\\\/lospoliticosveracruz.com\\\/?p=179579#primaryimage\"},\"thumbnailUrl\":\"https:\\\/\\\/lospoliticosveracruz.com\\\/wp-content\\\/uploads\\\/2025\\\/04\\\/Vicente-Luna-Hernandez.jpg\",\"datePublished\":\"2026-08-31T02:02:13+00:00\",\"dateModified\":\"2026-08-31T02:04:49+00:00\",\"breadcrumb\":{\"@id\":\"https:\\\/\\\/lospoliticosveracruz.com\\\/?p=179579#breadcrumb\"},\"inLanguage\":\"es\",\"potentialAction\":[{\"@type\":\"ReadAction\",\"target\":[\"https:\\\/\\\/lospoliticosveracruz.com\\\/?p=179579\"]}]},{\"@type\":\"ImageObject\",\"inLanguage\":\"es\",\"@id\":\"https:\\\/\\\/lospoliticosveracruz.com\\\/?p=179579#primaryimage\",\"url\":\"https:\\\/\\\/lospoliticosveracruz.com\\\/wp-content\\\/uploads\\\/2025\\\/04\\\/Vicente-Luna-Hernandez.jpg\",\"contentUrl\":\"https:\\\/\\\/lospoliticosveracruz.com\\\/wp-content\\\/uploads\\\/2025\\\/04\\\/Vicente-Luna-Hernandez.jpg\",\"width\":1250,\"height\":667},{\"@type\":\"BreadcrumbList\",\"@id\":\"https:\\\/\\\/lospoliticosveracruz.com\\\/?p=179579#breadcrumb\",\"itemListElement\":[{\"@type\":\"ListItem\",\"position\":1,\"name\":\"Portada\",\"item\":\"https:\\\/\\\/lospoliticosveracruz.com\\\/\"},{\"@type\":\"ListItem\",\"position\":2,\"name\":\"ALIANZAS: ALGO M\u00c1S QUE SUMAR SIGLAS PARTIDISTAS\"}]},{\"@type\":\"WebSite\",\"@id\":\"https:\\\/\\\/lospoliticosveracruz.com\\\/#website\",\"url\":\"https:\\\/\\\/lospoliticosveracruz.com\\\/\",\"name\":\"Los pol\u00edticos Veracruz\",\"description\":\"\",\"publisher\":{\"@id\":\"https:\\\/\\\/lospoliticosveracruz.com\\\/#organization\"},\"potentialAction\":[{\"@type\":\"SearchAction\",\"target\":{\"@type\":\"EntryPoint\",\"urlTemplate\":\"https:\\\/\\\/lospoliticosveracruz.com\\\/?s={search_term_string}\"},\"query-input\":{\"@type\":\"PropertyValueSpecification\",\"valueRequired\":true,\"valueName\":\"search_term_string\"}}],\"inLanguage\":\"es\"},{\"@type\":\"Organization\",\"@id\":\"https:\\\/\\\/lospoliticosveracruz.com\\\/#organization\",\"name\":\"Los pol\u00edticos Veracruz\",\"url\":\"https:\\\/\\\/lospoliticosveracruz.com\\\/\",\"logo\":{\"@type\":\"ImageObject\",\"inLanguage\":\"es\",\"@id\":\"https:\\\/\\\/lospoliticosveracruz.com\\\/#\\\/schema\\\/logo\\\/image\\\/\",\"url\":\"https:\\\/\\\/lospoliticosveracruz.com\\\/wp-content\\\/uploads\\\/2025\\\/12\\\/Logo-Nuevo-LOS-POLITICOS-1.jpg\",\"contentUrl\":\"https:\\\/\\\/lospoliticosveracruz.com\\\/wp-content\\\/uploads\\\/2025\\\/12\\\/Logo-Nuevo-LOS-POLITICOS-1.jpg\",\"width\":260,\"height\":70,\"caption\":\"Los pol\u00edticos Veracruz\"},\"image\":{\"@id\":\"https:\\\/\\\/lospoliticosveracruz.com\\\/#\\\/schema\\\/logo\\\/image\\\/\"},\"sameAs\":[\"https:\\\/\\\/www.facebook.com\\\/people\\\/Notimemes-de-los-Polticos\\\/61565672886568\\\/\",\"https:\\\/\\\/x.com\\\/LosPoliticosVer\"]},{\"@type\":\"Person\",\"@id\":\"https:\\\/\\\/lospoliticosveracruz.com\\\/#\\\/schema\\\/person\\\/b8702bb0e538456e6efd07080bf2a4a2\",\"name\":\"Lo viste en Los Pol\u00edticos\",\"image\":{\"@type\":\"ImageObject\",\"inLanguage\":\"es\",\"@id\":\"https:\\\/\\\/secure.gravatar.com\\\/avatar\\\/3a8de04a2656d44082be478bd6c086daa447c4651605818287b9532d3d0bd435?s=96&d=mm&r=g\",\"url\":\"https:\\\/\\\/secure.gravatar.com\\\/avatar\\\/3a8de04a2656d44082be478bd6c086daa447c4651605818287b9532d3d0bd435?s=96&d=mm&r=g\",\"contentUrl\":\"https:\\\/\\\/secure.gravatar.com\\\/avatar\\\/3a8de04a2656d44082be478bd6c086daa447c4651605818287b9532d3d0bd435?s=96&d=mm&r=g\",\"caption\":\"Lo viste en Los Pol\u00edticos\"},\"url\":\"https:\\\/\\\/lospoliticosveracruz.com\\\/?author=2\"}]}<\/script>\n<!-- \/ Yoast SEO plugin. -->","yoast_head_json":{"title":"ALIANZAS: ALGO M\u00c1S QUE SUMAR SIGLAS PARTIDISTAS - Los pol\u00edticos Veracruz","robots":{"index":"index","follow":"follow","max-snippet":"max-snippet:-1","max-image-preview":"max-image-preview:large","max-video-preview":"max-video-preview:-1"},"canonical":"https:\/\/lospoliticosveracruz.com\/?p=179579","og_locale":"es_ES","og_type":"article","og_title":"ALIANZAS: ALGO M\u00c1S QUE SUMAR SIGLAS PARTIDISTAS - Los pol\u00edticos Veracruz","og_description":"Vicente Luna Hern\u00e1ndez Dicen que en pol\u00edtica 1+1 no son 2, pueden ser 1, 0, o m\u00e1s que 1, y en algunos casos, la suma de fuerzas partidistas provoca que los que integran la alianza obtengan menos votos que los obtenidos cuando fueron solos, sin embargo, siempre las alianzas permiten \u201cvender\u201d al electorado que el [&hellip;]","og_url":"https:\/\/lospoliticosveracruz.com\/?p=179579","og_site_name":"Los pol\u00edticos Veracruz","article_publisher":"https:\/\/www.facebook.com\/people\/Notimemes-de-los-Polticos\/61565672886568\/","article_published_time":"2026-08-31T02:02:13+00:00","article_modified_time":"2026-08-31T02:04:49+00:00","og_image":[{"width":1250,"height":667,"url":"https:\/\/lospoliticosveracruz.com\/wp-content\/uploads\/2025\/04\/Vicente-Luna-Hernandez.jpg","type":"image\/jpeg"}],"author":"Lo viste en Los Pol\u00edticos","twitter_card":"summary_large_image","twitter_creator":"@LosPoliticosVer","twitter_site":"@LosPoliticosVer","twitter_misc":{"Escrito por":"Lo viste en Los Pol\u00edticos","Tiempo de lectura":"14 minutos"},"schema":{"@context":"https:\/\/schema.org","@graph":[{"@type":"Article","@id":"https:\/\/lospoliticosveracruz.com\/?p=179579#article","isPartOf":{"@id":"https:\/\/lospoliticosveracruz.com\/?p=179579"},"author":{"name":"Lo viste en Los Pol\u00edticos","@id":"https:\/\/lospoliticosveracruz.com\/#\/schema\/person\/b8702bb0e538456e6efd07080bf2a4a2"},"headline":"ALIANZAS: ALGO M\u00c1S QUE SUMAR SIGLAS PARTIDISTAS","datePublished":"2026-08-31T02:02:13+00:00","dateModified":"2026-08-31T02:04:49+00:00","mainEntityOfPage":{"@id":"https:\/\/lospoliticosveracruz.com\/?p=179579"},"wordCount":1526,"publisher":{"@id":"https:\/\/lospoliticosveracruz.com\/#organization"},"image":{"@id":"https:\/\/lospoliticosveracruz.com\/?p=179579#primaryimage"},"thumbnailUrl":"https:\/\/lospoliticosveracruz.com\/wp-content\/uploads\/2025\/04\/Vicente-Luna-Hernandez.jpg","keywords":["alianzas electorales","elecciones","Morena","oposici\u00f3n","partidos pol\u00edticos","Veracruz","Vicente Luna Hern\u00e1ndez"],"articleSection":["De Opini\u00f3n"],"inLanguage":"es"},{"@type":"WebPage","@id":"https:\/\/lospoliticosveracruz.com\/?p=179579","url":"https:\/\/lospoliticosveracruz.com\/?p=179579","name":"ALIANZAS: ALGO M\u00c1S QUE SUMAR SIGLAS PARTIDISTAS - Los pol\u00edticos Veracruz","isPartOf":{"@id":"https:\/\/lospoliticosveracruz.com\/#website"},"primaryImageOfPage":{"@id":"https:\/\/lospoliticosveracruz.com\/?p=179579#primaryimage"},"image":{"@id":"https:\/\/lospoliticosveracruz.com\/?p=179579#primaryimage"},"thumbnailUrl":"https:\/\/lospoliticosveracruz.com\/wp-content\/uploads\/2025\/04\/Vicente-Luna-Hernandez.jpg","datePublished":"2026-08-31T02:02:13+00:00","dateModified":"2026-08-31T02:04:49+00:00","breadcrumb":{"@id":"https:\/\/lospoliticosveracruz.com\/?p=179579#breadcrumb"},"inLanguage":"es","potentialAction":[{"@type":"ReadAction","target":["https:\/\/lospoliticosveracruz.com\/?p=179579"]}]},{"@type":"ImageObject","inLanguage":"es","@id":"https:\/\/lospoliticosveracruz.com\/?p=179579#primaryimage","url":"https:\/\/lospoliticosveracruz.com\/wp-content\/uploads\/2025\/04\/Vicente-Luna-Hernandez.jpg","contentUrl":"https:\/\/lospoliticosveracruz.com\/wp-content\/uploads\/2025\/04\/Vicente-Luna-Hernandez.jpg","width":1250,"height":667},{"@type":"BreadcrumbList","@id":"https:\/\/lospoliticosveracruz.com\/?p=179579#breadcrumb","itemListElement":[{"@type":"ListItem","position":1,"name":"Portada","item":"https:\/\/lospoliticosveracruz.com\/"},{"@type":"ListItem","position":2,"name":"ALIANZAS: ALGO M\u00c1S QUE SUMAR SIGLAS PARTIDISTAS"}]},{"@type":"WebSite","@id":"https:\/\/lospoliticosveracruz.com\/#website","url":"https:\/\/lospoliticosveracruz.com\/","name":"Los pol\u00edticos Veracruz","description":"","publisher":{"@id":"https:\/\/lospoliticosveracruz.com\/#organization"},"potentialAction":[{"@type":"SearchAction","target":{"@type":"EntryPoint","urlTemplate":"https:\/\/lospoliticosveracruz.com\/?s={search_term_string}"},"query-input":{"@type":"PropertyValueSpecification","valueRequired":true,"valueName":"search_term_string"}}],"inLanguage":"es"},{"@type":"Organization","@id":"https:\/\/lospoliticosveracruz.com\/#organization","name":"Los pol\u00edticos Veracruz","url":"https:\/\/lospoliticosveracruz.com\/","logo":{"@type":"ImageObject","inLanguage":"es","@id":"https:\/\/lospoliticosveracruz.com\/#\/schema\/logo\/image\/","url":"https:\/\/lospoliticosveracruz.com\/wp-content\/uploads\/2025\/12\/Logo-Nuevo-LOS-POLITICOS-1.jpg","contentUrl":"https:\/\/lospoliticosveracruz.com\/wp-content\/uploads\/2025\/12\/Logo-Nuevo-LOS-POLITICOS-1.jpg","width":260,"height":70,"caption":"Los pol\u00edticos Veracruz"},"image":{"@id":"https:\/\/lospoliticosveracruz.com\/#\/schema\/logo\/image\/"},"sameAs":["https:\/\/www.facebook.com\/people\/Notimemes-de-los-Polticos\/61565672886568\/","https:\/\/x.com\/LosPoliticosVer"]},{"@type":"Person","@id":"https:\/\/lospoliticosveracruz.com\/#\/schema\/person\/b8702bb0e538456e6efd07080bf2a4a2","name":"Lo viste en Los Pol\u00edticos","image":{"@type":"ImageObject","inLanguage":"es","@id":"https:\/\/secure.gravatar.com\/avatar\/3a8de04a2656d44082be478bd6c086daa447c4651605818287b9532d3d0bd435?s=96&d=mm&r=g","url":"https:\/\/secure.gravatar.com\/avatar\/3a8de04a2656d44082be478bd6c086daa447c4651605818287b9532d3d0bd435?s=96&d=mm&r=g","contentUrl":"https:\/\/secure.gravatar.com\/avatar\/3a8de04a2656d44082be478bd6c086daa447c4651605818287b9532d3d0bd435?s=96&d=mm&r=g","caption":"Lo viste en Los Pol\u00edticos"},"url":"https:\/\/lospoliticosveracruz.com\/?author=2"}]}},"_links":{"self":[{"href":"https:\/\/lospoliticosveracruz.com\/index.php?rest_route=\/wp\/v2\/posts\/179579","targetHints":{"allow":["GET"]}}],"collection":[{"href":"https:\/\/lospoliticosveracruz.com\/index.php?rest_route=\/wp\/v2\/posts"}],"about":[{"href":"https:\/\/lospoliticosveracruz.com\/index.php?rest_route=\/wp\/v2\/types\/post"}],"author":[{"embeddable":true,"href":"https:\/\/lospoliticosveracruz.com\/index.php?rest_route=\/wp\/v2\/users\/2"}],"replies":[{"embeddable":true,"href":"https:\/\/lospoliticosveracruz.com\/index.php?rest_route=%2Fwp%2Fv2%2Fcomments&post=179579"}],"version-history":[{"count":1,"href":"https:\/\/lospoliticosveracruz.com\/index.php?rest_route=\/wp\/v2\/posts\/179579\/revisions"}],"predecessor-version":[{"id":179580,"href":"https:\/\/lospoliticosveracruz.com\/index.php?rest_route=\/wp\/v2\/posts\/179579\/revisions\/179580"}],"wp:featuredmedia":[{"embeddable":true,"href":"https:\/\/lospoliticosveracruz.com\/index.php?rest_route=\/wp\/v2\/media\/141415"}],"wp:attachment":[{"href":"https:\/\/lospoliticosveracruz.com\/index.php?rest_route=%2Fwp%2Fv2%2Fmedia&parent=179579"}],"wp:term":[{"taxonomy":"category","embeddable":true,"href":"https:\/\/lospoliticosveracruz.com\/index.php?rest_route=%2Fwp%2Fv2%2Fcategories&post=179579"},{"taxonomy":"post_tag","embeddable":true,"href":"https:\/\/lospoliticosveracruz.com\/index.php?rest_route=%2Fwp%2Fv2%2Ftags&post=179579"}],"curies":[{"name":"wp","href":"https:\/\/api.w.org\/{rel}","templated":true}]}}