{"id":179581,"date":"2026-08-30T20:15:57","date_gmt":"2026-08-31T02:15:57","guid":{"rendered":"https:\/\/lospoliticosveracruz.com\/?p=179581"},"modified":"2026-08-30T20:16:00","modified_gmt":"2026-08-31T02:16:00","slug":"216-aniversario-del-inicio-de-la-independencia","status":"publish","type":"post","link":"https:\/\/lospoliticosveracruz.com\/?p=179581","title":{"rendered":"216 ANIVERSARIO DEL INICIO DE LA INDEPENDENCIA"},"content":{"rendered":"<div class=\"wp-block-image\">\n<figure class=\"alignleft size-large is-resized\"><a href=\"https:\/\/lospoliticosveracruz.com\/wp-content\/uploads\/2026\/08\/Contribuciones-VER-scaled.jpg\"><img loading=\"lazy\" decoding=\"async\" width=\"1024\" height=\"127\" src=\"https:\/\/lospoliticosveracruz.com\/wp-content\/uploads\/2026\/08\/Contribuciones-VER-1024x127.jpg\" alt=\"\" class=\"wp-image-178578\" style=\"aspect-ratio:8.063745019920319;width:783px;height:auto\" srcset=\"https:\/\/lospoliticosveracruz.com\/wp-content\/uploads\/2026\/08\/Contribuciones-VER-1024x127.jpg 1024w, https:\/\/lospoliticosveracruz.com\/wp-content\/uploads\/2026\/08\/Contribuciones-VER-300x37.jpg 300w, https:\/\/lospoliticosveracruz.com\/wp-content\/uploads\/2026\/08\/Contribuciones-VER-768x95.jpg 768w, https:\/\/lospoliticosveracruz.com\/wp-content\/uploads\/2026\/08\/Contribuciones-VER-1536x190.jpg 1536w, https:\/\/lospoliticosveracruz.com\/wp-content\/uploads\/2026\/08\/Contribuciones-VER-2048x253.jpg 2048w, https:\/\/lospoliticosveracruz.com\/wp-content\/uploads\/2026\/08\/Contribuciones-VER-150x19.jpg 150w, https:\/\/lospoliticosveracruz.com\/wp-content\/uploads\/2026\/08\/Contribuciones-VER-696x86.jpg 696w, https:\/\/lospoliticosveracruz.com\/wp-content\/uploads\/2026\/08\/Contribuciones-VER-1068x132.jpg 1068w, https:\/\/lospoliticosveracruz.com\/wp-content\/uploads\/2026\/08\/Contribuciones-VER-1920x237.jpg 1920w\" sizes=\"auto, (max-width: 1024px) 100vw, 1024px\" \/><\/a><\/figure>\n<\/div>\n\n<div class=\"wp-block-image\">\n<figure class=\"alignleft size-full is-resized\"><a href=\"https:\/\/www.facebook.com\/ViveVeracruzCultura\/posts\/pfbid0RVyf5bm7vC1RyRraD63geXbMuFMMiSpkZcysmk9Z2ShmGQMEdh1GbjDgbYFyeyNZl\" target=\"_blank\" rel=\"https:\/\/www.facebook.com\/ViveVeracruzCultura\/posts\/pfbid0RVyf5bm7vC1RyRraD63geXbMuFMMiSpkZcysmk9Z2ShmGQMEdh1GbjDgbYFyeyNZl\"><img loading=\"lazy\" decoding=\"async\" width=\"701\" height=\"561\" src=\"https:\/\/lospoliticosveracruz.com\/wp-content\/uploads\/2026\/07\/Verano.png\" alt=\"\" class=\"wp-image-177651\" style=\"aspect-ratio:1.2495613179957106;width:422px;height:auto\" srcset=\"https:\/\/lospoliticosveracruz.com\/wp-content\/uploads\/2026\/07\/Verano.png 701w, https:\/\/lospoliticosveracruz.com\/wp-content\/uploads\/2026\/07\/Verano-300x240.png 300w, https:\/\/lospoliticosveracruz.com\/wp-content\/uploads\/2026\/07\/Verano-525x420.png 525w, https:\/\/lospoliticosveracruz.com\/wp-content\/uploads\/2026\/07\/Verano-150x120.png 150w, https:\/\/lospoliticosveracruz.com\/wp-content\/uploads\/2026\/07\/Verano-696x557.png 696w\" sizes=\"auto, (max-width: 701px) 100vw, 701px\" \/><\/a><\/figure>\n<\/div>\n\n\n<p><strong>Jos\u00e9 Luis Enr\u00edquez Ambell<br><\/strong><em>Caf\u00e9 de Ma\u00f1ana<br><\/em><\/p>\n\n\n\n<p>A mediados de septiembre de este 2026 se habr\u00e1 llegado al 216 aniversario del inicio de la Independencia de M\u00e9xico y se celebrar\u00e1 el d\u00eda mi\u00e9rcoles 16, pero horas antes \u2014la noche del 15\u2014 se realizar\u00e1 la tradicional arenga relativa al Grito de Independencia, desde el balc\u00f3n central del Palacio de Gobierno en Xalapa, por la gobernadora Roc\u00edo Nahle, acompa\u00f1ada de su gabinete, as\u00ed como invitados especiales.<\/p>\n\n\n\n<p>Ese d\u00eda por la noche podr\u00e1n apreciarse los avances de la rehabilitaci\u00f3n y remozamiento de la sede del Poder Ejecutivo de Veracruz, y habr\u00e1 de reconocerse que est\u00e1 siendo a la altura de lo que merece el pueblo y gobierno, e incluso el gasto p\u00fablico ah\u00ed es una gran inversi\u00f3n, pues encierra mucha historia que se potenciar\u00e1 en lo tur\u00edstico seguramente.<\/p>\n\n\n\n<p>El primer d\u00eda del noveno mes del a\u00f1o inician las tradicionales guardias de honor ante el Monumento del Padre de la Patria, don Miguel Hidalgo y Costilla, ubicado en el Parque de los Berros, y donde todos los organismos de gobierno y uno que otro privado habr\u00e1n de colocar ofrenda floral y entonar nuestro Himno Nacional, as\u00ed como pronunciar palabras que hagan preservar con mucho orgullo el ser mexicanos.<\/p>\n\n\n\n<p>Esa ceremonia igualmente se convierte en la oportunidad de emitir l\u00edneas de expresi\u00f3n en lo pol\u00edtico, social y econ\u00f3mico que enriquecen la agenda de Veracruz, y que muchas veces dan de qu\u00e9 hablar.<\/p>\n\n\n\n<p>El programa de guardias puede ir cambiando, pero dos cosas son poco modificables: una, el que inicia esa ronda es el titular de la Secretar\u00eda de Gobierno, Ricardo Ahued; y dos, previo al desfile c\u00edvico del d\u00eda 16, es la gobernadora Roc\u00edo Nahle y todo su gabinete legal quienes encabezar\u00e1n el evento en recuerdo del movimiento emancipador.<\/p>\n\n\n\n<p>Toda esa tradici\u00f3n del Grito de Independencia en M\u00e9xico es un hecho que nos preserva nuestra historia y recuerda que juntos debemos promover, preservar y conmemorar el llamado que hizo el cura Miguel Hidalgo en la madrugada del 16 de septiembre de 1810 e iniciar la lucha armada en Dolores, Guanajuato. Y donde, al tocar las campanas el sacerdote desde la parroquia de Dolores para reunir a los pobladores e incitarlos a levantarse contra el dominio virreinal, dio origen a este movimiento de la historia, y que a\u00f1o con a\u00f1o sostiene la organizaci\u00f3n de la ceremonia oficial y la verbena popular que se realiza, en este caso, en la Plaza Lerdo de Xalapa y en casi todos los municipios y en las localidades de Veracruz, la llamada noche del Grito, el 15 de septiembre.<\/p>\n\n\n\n<p>Con el tiempo, la formalidad de esta ceremonia del Grito desde el Palacio de Gobierno, con la gobernadora Nahle tocando la campana \u2014momento al que se suma la campana principal de la Catedral de Xalapa\u2014 y as\u00ed tambi\u00e9n ondeando la bandera nacional.<\/p>\n\n\n\n<p>Cabe decir que la celebraci\u00f3n fue instituida por Porfirio D\u00edaz en 1896, o sea, casi cien a\u00f1os despu\u00e9s del momento inicial de la emancipaci\u00f3n en 1810.<\/p>\n\n\n\n<p>Ahora bien, se espera que en breve haya el anuncio oficial en relaci\u00f3n con el programa c\u00edvico, musical y art\u00edstico en la Plaza Lerdo.<\/p>\n\n\n\n<p>Y ya, el mi\u00e9rcoles 16 se llevar\u00e1 a cabo el Desfile C\u00edvico-Militar en la zona centro de la capital veracruzana.<\/p>\n\n\n\n<p><strong>DE SOBREMESA<\/strong><\/p>\n\n\n\n<p>La organizaci\u00f3n log\u00edstica y el protocolo en torno al evento \u2014quiz\u00e1 el m\u00e1s protocolario de la gobernadora Roc\u00edo Nahle en su agenda anual\u2014 para cumplir con la ceremonia del Grito de Independencia en el Palacio de Gobierno de Xalapa reviste un particular cuidado en todos los sentidos, pues es una actividad en la que participan miles de personas, visibles y poco o nada visibles, lo cual incluso encierra an\u00e9cdotas, pero igual circunstancias de tensi\u00f3n y a veces de alto riesgo.<\/p>\n\n\n\n<p>La preparaci\u00f3n tan solo del protocolo y la convivencia para la celebraci\u00f3n de la noche del Grito de Independencia en el Palacio de Gobierno demanda que la minuciosa tarea en cada tramo de control del equipo humano responsable sea as\u00ed perfecta.<\/p>\n\n\n\n<p>Cuidar el programa interno y externo ante la vista de miles de miradas es un reto que no deja conciliar el sue\u00f1o y menos sabiendo que debe levantarse todo el escenario y limpieza de la zona centro de Xalapa para que todo amanezca impecable para el desfile del d\u00eda 16.<\/p>\n\n\n\n<p>Sincronizar tiempos entre el programa previo a la arenga del Grito, acomodar al gabinete y familias, invitados y \u201ccolados\u201d que alteran el armado para la seguridad en el balc\u00f3n, pasillos y salones del Palacio, entre otros conceptos, no es una tarea menor.<\/p>\n\n\n\n<p>Lo que tambi\u00e9n no sobra decir es que en torno a la noche del Grito y todas las actividades del mes patrio \u2014incluyendo el 13 por los Ni\u00f1os H\u00e9roes\u2014 permiten que la cortes\u00eda institucional prevalezca y represente un ejercicio de civilidad pol\u00edtica y respeto que debe trascender los \u00e1nimos o coyunturas del momento de la discusi\u00f3n pol\u00edtica que a veces calienta el lenguaje de algunos actores.<\/p>\n\n\n\n<p><strong>UN CAF\u00c9 CON TEQUILA<\/strong><\/p>\n\n\n\n<p>La arenga que ya debe estar afinando la gobernadora Roc\u00edo Nahle para la noche del Grito en unos d\u00edas seguramente habr\u00e1 de mostrarnos su sello en el texto y lenguaje, o tambi\u00e9n en la emoci\u00f3n improvisada que un evento de esta naturaleza a veces suele dictar a quien lo pronuncia, dado que le rodean circunstancias diversas y propias por tiempos previos al proceso de elecci\u00f3n intermedia del sexenio.<\/p>\n\n\n\n<p><strong>UN CAF\u00c9 LECHERO LIGHT<\/strong><\/p>\n\n\n\n<p>Y, por cierto, en esta ocasi\u00f3n el ORFIS presentar\u00e1 al Congreso del Estado dos (2) informes importantes en el mes de septiembre.<\/p>\n\n\n\n<p>Uno, relativo al seguimiento que ordena el Congreso al aprobar las cuentas p\u00fablicas, y que se presenta en los primeros 5 d\u00edas de los meses de marzo y de \u201cseptiembre\u201d.<\/p>\n\n\n\n<p>El otro es el relativo al Informe de Resultados de la Cuenta P\u00fablica 2025, que tiene como fecha l\u00edmite el 1 de octubre.<\/p>\n\n\n\n<p>Y con motivo de la conclusi\u00f3n del encargo de la titular Delia Gonz\u00e1lez Cobos, este informe, que incluir\u00e1 el primer a\u00f1o de ejercicio de la administraci\u00f3n estatal actual y el \u00faltimo de las administraciones municipales, lo presentar\u00e1 antes de irse, es decir, antes del d\u00eda 26 de septiembre de 2026; o sea, en pr\u00f3ximas horas y d\u00edas habr\u00e1 materia fiscalizadora en la agenda de Veracruz.<\/p>\n\n\n\n<p>\u00a1ES CUANTO!<\/p>\n\n\n\n<p>enriquezambell@gmail.com;<br>enamjl62@gmail.com<\/p>\n","protected":false},"excerpt":{"rendered":"<p>Jos\u00e9 Luis Enr\u00edquez AmbellCaf\u00e9 de Ma\u00f1ana A mediados de septiembre de este 2026 se habr\u00e1 llegado al 216 aniversario del inicio de la Independencia de M\u00e9xico y se celebrar\u00e1 el d\u00eda mi\u00e9rcoles 16, pero horas antes \u2014la noche del 15\u2014 se realizar\u00e1 la tradicional arenga relativa al Grito de Independencia, desde el balc\u00f3n central del [&hellip;]<\/p>\n","protected":false},"author":2,"featured_media":141435,"comment_status":"closed","ping_status":"closed","sticky":false,"template":"","format":"standard","meta":{"tdm_status":"","tdm_grid_status":"","footnotes":""},"categories":[70],"tags":[3397,21290,8383,30414,3578,195,96],"class_list":{"0":"post-179581","1":"post","2":"type-post","3":"status-publish","4":"format-standard","5":"has-post-thumbnail","7":"category-de-opinion","8":"tag-grito-de-independencia","9":"tag-independencia-de-mexico","10":"tag-jose-luis-enriquez-ambell","11":"tag-miguel-hidalgo","12":"tag-rocio-nahle","13":"tag-veracruz","14":"tag-xalapa"},"yoast_head":"<!-- This site is optimized with the Yoast SEO plugin v28.1 - https:\/\/yoast.com\/product\/yoast-seo-wordpress\/ -->\n<title>216 ANIVERSARIO DEL INICIO DE LA INDEPENDENCIA - Los pol\u00edticos Veracruz<\/title>\n<meta name=\"robots\" content=\"index, follow, max-snippet:-1, max-image-preview:large, max-video-preview:-1\" \/>\n<link rel=\"canonical\" href=\"https:\/\/lospoliticosveracruz.com\/?p=179581\" \/>\n<meta property=\"og:locale\" content=\"es_ES\" \/>\n<meta property=\"og:type\" content=\"article\" \/>\n<meta property=\"og:title\" content=\"216 ANIVERSARIO DEL INICIO DE LA INDEPENDENCIA - Los pol\u00edticos Veracruz\" \/>\n<meta property=\"og:description\" content=\"Jos\u00e9 Luis Enr\u00edquez AmbellCaf\u00e9 de Ma\u00f1ana A mediados de septiembre de este 2026 se habr\u00e1 llegado al 216 aniversario del inicio de la Independencia de M\u00e9xico y se celebrar\u00e1 el d\u00eda mi\u00e9rcoles 16, pero horas antes \u2014la noche del 15\u2014 se realizar\u00e1 la tradicional arenga relativa al Grito de Independencia, desde el balc\u00f3n central del [&hellip;]\" \/>\n<meta property=\"og:url\" content=\"https:\/\/lospoliticosveracruz.com\/?p=179581\" \/>\n<meta property=\"og:site_name\" content=\"Los pol\u00edticos Veracruz\" \/>\n<meta property=\"article:publisher\" content=\"https:\/\/www.facebook.com\/people\/Notimemes-de-los-Polticos\/61565672886568\/\" \/>\n<meta property=\"article:published_time\" content=\"2026-08-31T02:15:57+00:00\" \/>\n<meta property=\"article:modified_time\" content=\"2026-08-31T02:16:00+00:00\" \/>\n<meta property=\"og:image\" content=\"https:\/\/lospoliticosveracruz.com\/wp-content\/uploads\/2025\/04\/Ambell-e1783888410832.jpg\" \/>\n\t<meta property=\"og:image:width\" content=\"600\" \/>\n\t<meta property=\"og:image:height\" content=\"320\" \/>\n\t<meta property=\"og:image:type\" content=\"image\/jpeg\" \/>\n<meta name=\"author\" content=\"Lo viste en Los Pol\u00edticos\" \/>\n<meta name=\"twitter:card\" content=\"summary_large_image\" \/>\n<meta name=\"twitter:creator\" content=\"@LosPoliticosVer\" \/>\n<meta name=\"twitter:site\" content=\"@LosPoliticosVer\" \/>\n<meta name=\"twitter:label1\" content=\"Escrito por\" \/>\n\t<meta name=\"twitter:data1\" content=\"Lo viste en Los Pol\u00edticos\" \/>\n\t<meta name=\"twitter:label2\" content=\"Tiempo de lectura\" \/>\n\t<meta name=\"twitter:data2\" content=\"6 minutos\" \/>\n<script type=\"application\/ld+json\" class=\"yoast-schema-graph\">{\"@context\":\"https:\\\/\\\/schema.org\",\"@graph\":[{\"@type\":\"Article\",\"@id\":\"https:\\\/\\\/lospoliticosveracruz.com\\\/?p=179581#article\",\"isPartOf\":{\"@id\":\"https:\\\/\\\/lospoliticosveracruz.com\\\/?p=179581\"},\"author\":{\"name\":\"Lo viste en Los Pol\u00edticos\",\"@id\":\"https:\\\/\\\/lospoliticosveracruz.com\\\/#\\\/schema\\\/person\\\/b8702bb0e538456e6efd07080bf2a4a2\"},\"headline\":\"216 ANIVERSARIO DEL INICIO DE LA INDEPENDENCIA\",\"datePublished\":\"2026-08-31T02:15:57+00:00\",\"dateModified\":\"2026-08-31T02:16:00+00:00\",\"mainEntityOfPage\":{\"@id\":\"https:\\\/\\\/lospoliticosveracruz.com\\\/?p=179581\"},\"wordCount\":1109,\"publisher\":{\"@id\":\"https:\\\/\\\/lospoliticosveracruz.com\\\/#organization\"},\"image\":{\"@id\":\"https:\\\/\\\/lospoliticosveracruz.com\\\/?p=179581#primaryimage\"},\"thumbnailUrl\":\"https:\\\/\\\/lospoliticosveracruz.com\\\/wp-content\\\/uploads\\\/2025\\\/04\\\/Ambell-e1783888410832.jpg\",\"keywords\":[\"Grito de Independencia\",\"Independencia de M\u00e9xico\",\"Jos\u00e9 Luis Enr\u00edquez Ambell\",\"Miguel Hidalgo\",\"Roc\u00edo Nahle\",\"Veracruz\",\"Xalapa\"],\"articleSection\":[\"De Opini\u00f3n\"],\"inLanguage\":\"es\"},{\"@type\":\"WebPage\",\"@id\":\"https:\\\/\\\/lospoliticosveracruz.com\\\/?p=179581\",\"url\":\"https:\\\/\\\/lospoliticosveracruz.com\\\/?p=179581\",\"name\":\"216 ANIVERSARIO DEL INICIO DE LA INDEPENDENCIA - Los pol\u00edticos Veracruz\",\"isPartOf\":{\"@id\":\"https:\\\/\\\/lospoliticosveracruz.com\\\/#website\"},\"primaryImageOfPage\":{\"@id\":\"https:\\\/\\\/lospoliticosveracruz.com\\\/?p=179581#primaryimage\"},\"image\":{\"@id\":\"https:\\\/\\\/lospoliticosveracruz.com\\\/?p=179581#primaryimage\"},\"thumbnailUrl\":\"https:\\\/\\\/lospoliticosveracruz.com\\\/wp-content\\\/uploads\\\/2025\\\/04\\\/Ambell-e1783888410832.jpg\",\"datePublished\":\"2026-08-31T02:15:57+00:00\",\"dateModified\":\"2026-08-31T02:16:00+00:00\",\"breadcrumb\":{\"@id\":\"https:\\\/\\\/lospoliticosveracruz.com\\\/?p=179581#breadcrumb\"},\"inLanguage\":\"es\",\"potentialAction\":[{\"@type\":\"ReadAction\",\"target\":[\"https:\\\/\\\/lospoliticosveracruz.com\\\/?p=179581\"]}]},{\"@type\":\"ImageObject\",\"inLanguage\":\"es\",\"@id\":\"https:\\\/\\\/lospoliticosveracruz.com\\\/?p=179581#primaryimage\",\"url\":\"https:\\\/\\\/lospoliticosveracruz.com\\\/wp-content\\\/uploads\\\/2025\\\/04\\\/Ambell-e1783888410832.jpg\",\"contentUrl\":\"https:\\\/\\\/lospoliticosveracruz.com\\\/wp-content\\\/uploads\\\/2025\\\/04\\\/Ambell-e1783888410832.jpg\",\"width\":600,\"height\":320},{\"@type\":\"BreadcrumbList\",\"@id\":\"https:\\\/\\\/lospoliticosveracruz.com\\\/?p=179581#breadcrumb\",\"itemListElement\":[{\"@type\":\"ListItem\",\"position\":1,\"name\":\"Portada\",\"item\":\"https:\\\/\\\/lospoliticosveracruz.com\\\/\"},{\"@type\":\"ListItem\",\"position\":2,\"name\":\"216 ANIVERSARIO DEL INICIO DE LA INDEPENDENCIA\"}]},{\"@type\":\"WebSite\",\"@id\":\"https:\\\/\\\/lospoliticosveracruz.com\\\/#website\",\"url\":\"https:\\\/\\\/lospoliticosveracruz.com\\\/\",\"name\":\"Los pol\u00edticos Veracruz\",\"description\":\"\",\"publisher\":{\"@id\":\"https:\\\/\\\/lospoliticosveracruz.com\\\/#organization\"},\"potentialAction\":[{\"@type\":\"SearchAction\",\"target\":{\"@type\":\"EntryPoint\",\"urlTemplate\":\"https:\\\/\\\/lospoliticosveracruz.com\\\/?s={search_term_string}\"},\"query-input\":{\"@type\":\"PropertyValueSpecification\",\"valueRequired\":true,\"valueName\":\"search_term_string\"}}],\"inLanguage\":\"es\"},{\"@type\":\"Organization\",\"@id\":\"https:\\\/\\\/lospoliticosveracruz.com\\\/#organization\",\"name\":\"Los pol\u00edticos Veracruz\",\"url\":\"https:\\\/\\\/lospoliticosveracruz.com\\\/\",\"logo\":{\"@type\":\"ImageObject\",\"inLanguage\":\"es\",\"@id\":\"https:\\\/\\\/lospoliticosveracruz.com\\\/#\\\/schema\\\/logo\\\/image\\\/\",\"url\":\"https:\\\/\\\/lospoliticosveracruz.com\\\/wp-content\\\/uploads\\\/2025\\\/12\\\/Logo-Nuevo-LOS-POLITICOS-1.jpg\",\"contentUrl\":\"https:\\\/\\\/lospoliticosveracruz.com\\\/wp-content\\\/uploads\\\/2025\\\/12\\\/Logo-Nuevo-LOS-POLITICOS-1.jpg\",\"width\":260,\"height\":70,\"caption\":\"Los pol\u00edticos Veracruz\"},\"image\":{\"@id\":\"https:\\\/\\\/lospoliticosveracruz.com\\\/#\\\/schema\\\/logo\\\/image\\\/\"},\"sameAs\":[\"https:\\\/\\\/www.facebook.com\\\/people\\\/Notimemes-de-los-Polticos\\\/61565672886568\\\/\",\"https:\\\/\\\/x.com\\\/LosPoliticosVer\"]},{\"@type\":\"Person\",\"@id\":\"https:\\\/\\\/lospoliticosveracruz.com\\\/#\\\/schema\\\/person\\\/b8702bb0e538456e6efd07080bf2a4a2\",\"name\":\"Lo viste en Los Pol\u00edticos\",\"image\":{\"@type\":\"ImageObject\",\"inLanguage\":\"es\",\"@id\":\"https:\\\/\\\/secure.gravatar.com\\\/avatar\\\/3a8de04a2656d44082be478bd6c086daa447c4651605818287b9532d3d0bd435?s=96&d=mm&r=g\",\"url\":\"https:\\\/\\\/secure.gravatar.com\\\/avatar\\\/3a8de04a2656d44082be478bd6c086daa447c4651605818287b9532d3d0bd435?s=96&d=mm&r=g\",\"contentUrl\":\"https:\\\/\\\/secure.gravatar.com\\\/avatar\\\/3a8de04a2656d44082be478bd6c086daa447c4651605818287b9532d3d0bd435?s=96&d=mm&r=g\",\"caption\":\"Lo viste en Los Pol\u00edticos\"},\"url\":\"https:\\\/\\\/lospoliticosveracruz.com\\\/?author=2\"}]}<\/script>\n<!-- \/ Yoast SEO plugin. -->","yoast_head_json":{"title":"216 ANIVERSARIO DEL INICIO DE LA INDEPENDENCIA - Los pol\u00edticos Veracruz","robots":{"index":"index","follow":"follow","max-snippet":"max-snippet:-1","max-image-preview":"max-image-preview:large","max-video-preview":"max-video-preview:-1"},"canonical":"https:\/\/lospoliticosveracruz.com\/?p=179581","og_locale":"es_ES","og_type":"article","og_title":"216 ANIVERSARIO DEL INICIO DE LA INDEPENDENCIA - Los pol\u00edticos Veracruz","og_description":"Jos\u00e9 Luis Enr\u00edquez AmbellCaf\u00e9 de Ma\u00f1ana A mediados de septiembre de este 2026 se habr\u00e1 llegado al 216 aniversario del inicio de la Independencia de M\u00e9xico y se celebrar\u00e1 el d\u00eda mi\u00e9rcoles 16, pero horas antes \u2014la noche del 15\u2014 se realizar\u00e1 la tradicional arenga relativa al Grito de Independencia, desde el balc\u00f3n central del [&hellip;]","og_url":"https:\/\/lospoliticosveracruz.com\/?p=179581","og_site_name":"Los pol\u00edticos Veracruz","article_publisher":"https:\/\/www.facebook.com\/people\/Notimemes-de-los-Polticos\/61565672886568\/","article_published_time":"2026-08-31T02:15:57+00:00","article_modified_time":"2026-08-31T02:16:00+00:00","og_image":[{"width":600,"height":320,"url":"https:\/\/lospoliticosveracruz.com\/wp-content\/uploads\/2025\/04\/Ambell-e1783888410832.jpg","type":"image\/jpeg"}],"author":"Lo viste en Los Pol\u00edticos","twitter_card":"summary_large_image","twitter_creator":"@LosPoliticosVer","twitter_site":"@LosPoliticosVer","twitter_misc":{"Escrito por":"Lo viste en Los Pol\u00edticos","Tiempo de lectura":"6 minutos"},"schema":{"@context":"https:\/\/schema.org","@graph":[{"@type":"Article","@id":"https:\/\/lospoliticosveracruz.com\/?p=179581#article","isPartOf":{"@id":"https:\/\/lospoliticosveracruz.com\/?p=179581"},"author":{"name":"Lo viste en Los Pol\u00edticos","@id":"https:\/\/lospoliticosveracruz.com\/#\/schema\/person\/b8702bb0e538456e6efd07080bf2a4a2"},"headline":"216 ANIVERSARIO DEL INICIO DE LA INDEPENDENCIA","datePublished":"2026-08-31T02:15:57+00:00","dateModified":"2026-08-31T02:16:00+00:00","mainEntityOfPage":{"@id":"https:\/\/lospoliticosveracruz.com\/?p=179581"},"wordCount":1109,"publisher":{"@id":"https:\/\/lospoliticosveracruz.com\/#organization"},"image":{"@id":"https:\/\/lospoliticosveracruz.com\/?p=179581#primaryimage"},"thumbnailUrl":"https:\/\/lospoliticosveracruz.com\/wp-content\/uploads\/2025\/04\/Ambell-e1783888410832.jpg","keywords":["Grito de Independencia","Independencia de M\u00e9xico","Jos\u00e9 Luis Enr\u00edquez Ambell","Miguel Hidalgo","Roc\u00edo Nahle","Veracruz","Xalapa"],"articleSection":["De Opini\u00f3n"],"inLanguage":"es"},{"@type":"WebPage","@id":"https:\/\/lospoliticosveracruz.com\/?p=179581","url":"https:\/\/lospoliticosveracruz.com\/?p=179581","name":"216 ANIVERSARIO DEL INICIO DE LA INDEPENDENCIA - Los pol\u00edticos Veracruz","isPartOf":{"@id":"https:\/\/lospoliticosveracruz.com\/#website"},"primaryImageOfPage":{"@id":"https:\/\/lospoliticosveracruz.com\/?p=179581#primaryimage"},"image":{"@id":"https:\/\/lospoliticosveracruz.com\/?p=179581#primaryimage"},"thumbnailUrl":"https:\/\/lospoliticosveracruz.com\/wp-content\/uploads\/2025\/04\/Ambell-e1783888410832.jpg","datePublished":"2026-08-31T02:15:57+00:00","dateModified":"2026-08-31T02:16:00+00:00","breadcrumb":{"@id":"https:\/\/lospoliticosveracruz.com\/?p=179581#breadcrumb"},"inLanguage":"es","potentialAction":[{"@type":"ReadAction","target":["https:\/\/lospoliticosveracruz.com\/?p=179581"]}]},{"@type":"ImageObject","inLanguage":"es","@id":"https:\/\/lospoliticosveracruz.com\/?p=179581#primaryimage","url":"https:\/\/lospoliticosveracruz.com\/wp-content\/uploads\/2025\/04\/Ambell-e1783888410832.jpg","contentUrl":"https:\/\/lospoliticosveracruz.com\/wp-content\/uploads\/2025\/04\/Ambell-e1783888410832.jpg","width":600,"height":320},{"@type":"BreadcrumbList","@id":"https:\/\/lospoliticosveracruz.com\/?p=179581#breadcrumb","itemListElement":[{"@type":"ListItem","position":1,"name":"Portada","item":"https:\/\/lospoliticosveracruz.com\/"},{"@type":"ListItem","position":2,"name":"216 ANIVERSARIO DEL INICIO DE LA INDEPENDENCIA"}]},{"@type":"WebSite","@id":"https:\/\/lospoliticosveracruz.com\/#website","url":"https:\/\/lospoliticosveracruz.com\/","name":"Los pol\u00edticos Veracruz","description":"","publisher":{"@id":"https:\/\/lospoliticosveracruz.com\/#organization"},"potentialAction":[{"@type":"SearchAction","target":{"@type":"EntryPoint","urlTemplate":"https:\/\/lospoliticosveracruz.com\/?s={search_term_string}"},"query-input":{"@type":"PropertyValueSpecification","valueRequired":true,"valueName":"search_term_string"}}],"inLanguage":"es"},{"@type":"Organization","@id":"https:\/\/lospoliticosveracruz.com\/#organization","name":"Los pol\u00edticos Veracruz","url":"https:\/\/lospoliticosveracruz.com\/","logo":{"@type":"ImageObject","inLanguage":"es","@id":"https:\/\/lospoliticosveracruz.com\/#\/schema\/logo\/image\/","url":"https:\/\/lospoliticosveracruz.com\/wp-content\/uploads\/2025\/12\/Logo-Nuevo-LOS-POLITICOS-1.jpg","contentUrl":"https:\/\/lospoliticosveracruz.com\/wp-content\/uploads\/2025\/12\/Logo-Nuevo-LOS-POLITICOS-1.jpg","width":260,"height":70,"caption":"Los pol\u00edticos Veracruz"},"image":{"@id":"https:\/\/lospoliticosveracruz.com\/#\/schema\/logo\/image\/"},"sameAs":["https:\/\/www.facebook.com\/people\/Notimemes-de-los-Polticos\/61565672886568\/","https:\/\/x.com\/LosPoliticosVer"]},{"@type":"Person","@id":"https:\/\/lospoliticosveracruz.com\/#\/schema\/person\/b8702bb0e538456e6efd07080bf2a4a2","name":"Lo viste en Los Pol\u00edticos","image":{"@type":"ImageObject","inLanguage":"es","@id":"https:\/\/secure.gravatar.com\/avatar\/3a8de04a2656d44082be478bd6c086daa447c4651605818287b9532d3d0bd435?s=96&d=mm&r=g","url":"https:\/\/secure.gravatar.com\/avatar\/3a8de04a2656d44082be478bd6c086daa447c4651605818287b9532d3d0bd435?s=96&d=mm&r=g","contentUrl":"https:\/\/secure.gravatar.com\/avatar\/3a8de04a2656d44082be478bd6c086daa447c4651605818287b9532d3d0bd435?s=96&d=mm&r=g","caption":"Lo viste en Los Pol\u00edticos"},"url":"https:\/\/lospoliticosveracruz.com\/?author=2"}]}},"_links":{"self":[{"href":"https:\/\/lospoliticosveracruz.com\/index.php?rest_route=\/wp\/v2\/posts\/179581","targetHints":{"allow":["GET"]}}],"collection":[{"href":"https:\/\/lospoliticosveracruz.com\/index.php?rest_route=\/wp\/v2\/posts"}],"about":[{"href":"https:\/\/lospoliticosveracruz.com\/index.php?rest_route=\/wp\/v2\/types\/post"}],"author":[{"embeddable":true,"href":"https:\/\/lospoliticosveracruz.com\/index.php?rest_route=\/wp\/v2\/users\/2"}],"replies":[{"embeddable":true,"href":"https:\/\/lospoliticosveracruz.com\/index.php?rest_route=%2Fwp%2Fv2%2Fcomments&post=179581"}],"version-history":[{"count":1,"href":"https:\/\/lospoliticosveracruz.com\/index.php?rest_route=\/wp\/v2\/posts\/179581\/revisions"}],"predecessor-version":[{"id":179582,"href":"https:\/\/lospoliticosveracruz.com\/index.php?rest_route=\/wp\/v2\/posts\/179581\/revisions\/179582"}],"wp:featuredmedia":[{"embeddable":true,"href":"https:\/\/lospoliticosveracruz.com\/index.php?rest_route=\/wp\/v2\/media\/141435"}],"wp:attachment":[{"href":"https:\/\/lospoliticosveracruz.com\/index.php?rest_route=%2Fwp%2Fv2%2Fmedia&parent=179581"}],"wp:term":[{"taxonomy":"category","embeddable":true,"href":"https:\/\/lospoliticosveracruz.com\/index.php?rest_route=%2Fwp%2Fv2%2Fcategories&post=179581"},{"taxonomy":"post_tag","embeddable":true,"href":"https:\/\/lospoliticosveracruz.com\/index.php?rest_route=%2Fwp%2Fv2%2Ftags&post=179581"}],"curies":[{"name":"wp","href":"https:\/\/api.w.org\/{rel}","templated":true}]}}