{"id":179583,"date":"2026-08-31T05:23:36","date_gmt":"2026-08-31T11:23:36","guid":{"rendered":"https:\/\/lospoliticosveracruz.com\/?p=179583"},"modified":"2026-08-31T05:23:38","modified_gmt":"2026-08-31T11:23:38","slug":"dante-y-aquella-microcharla-en-cdmx","status":"publish","type":"post","link":"https:\/\/lospoliticosveracruz.com\/?p=179583","title":{"rendered":"DANTE Y AQUELLA MICROCHARLA EN CDMX"},"content":{"rendered":"<div class=\"wp-block-image\">\n<figure class=\"alignleft size-large is-resized\"><a href=\"https:\/\/lospoliticosveracruz.com\/wp-content\/uploads\/2026\/08\/Contribuciones-VER-scaled.jpg\"><img loading=\"lazy\" decoding=\"async\" width=\"1024\" height=\"127\" src=\"https:\/\/lospoliticosveracruz.com\/wp-content\/uploads\/2026\/08\/Contribuciones-VER-1024x127.jpg\" alt=\"\" class=\"wp-image-178578\" style=\"aspect-ratio:8.063745019920319;width:783px;height:auto\" srcset=\"https:\/\/lospoliticosveracruz.com\/wp-content\/uploads\/2026\/08\/Contribuciones-VER-1024x127.jpg 1024w, https:\/\/lospoliticosveracruz.com\/wp-content\/uploads\/2026\/08\/Contribuciones-VER-300x37.jpg 300w, https:\/\/lospoliticosveracruz.com\/wp-content\/uploads\/2026\/08\/Contribuciones-VER-768x95.jpg 768w, https:\/\/lospoliticosveracruz.com\/wp-content\/uploads\/2026\/08\/Contribuciones-VER-1536x190.jpg 1536w, https:\/\/lospoliticosveracruz.com\/wp-content\/uploads\/2026\/08\/Contribuciones-VER-2048x253.jpg 2048w, https:\/\/lospoliticosveracruz.com\/wp-content\/uploads\/2026\/08\/Contribuciones-VER-150x19.jpg 150w, https:\/\/lospoliticosveracruz.com\/wp-content\/uploads\/2026\/08\/Contribuciones-VER-696x86.jpg 696w, https:\/\/lospoliticosveracruz.com\/wp-content\/uploads\/2026\/08\/Contribuciones-VER-1068x132.jpg 1068w, https:\/\/lospoliticosveracruz.com\/wp-content\/uploads\/2026\/08\/Contribuciones-VER-1920x237.jpg 1920w\" sizes=\"auto, (max-width: 1024px) 100vw, 1024px\" \/><\/a><\/figure>\n<\/div>\n\n<div class=\"wp-block-image\">\n<figure class=\"alignleft size-full is-resized\"><a href=\"https:\/\/www.facebook.com\/ViveVeracruzCultura\/posts\/pfbid0RVyf5bm7vC1RyRraD63geXbMuFMMiSpkZcysmk9Z2ShmGQMEdh1GbjDgbYFyeyNZl\" target=\"_blank\" rel=\"https:\/\/www.facebook.com\/ViveVeracruzCultura\/posts\/pfbid0RVyf5bm7vC1RyRraD63geXbMuFMMiSpkZcysmk9Z2ShmGQMEdh1GbjDgbYFyeyNZl\"><img loading=\"lazy\" decoding=\"async\" width=\"701\" height=\"561\" src=\"https:\/\/lospoliticosveracruz.com\/wp-content\/uploads\/2026\/07\/Verano.png\" alt=\"\" class=\"wp-image-177651\" style=\"aspect-ratio:1.2495613179957106;width:422px;height:auto\" srcset=\"https:\/\/lospoliticosveracruz.com\/wp-content\/uploads\/2026\/07\/Verano.png 701w, https:\/\/lospoliticosveracruz.com\/wp-content\/uploads\/2026\/07\/Verano-300x240.png 300w, https:\/\/lospoliticosveracruz.com\/wp-content\/uploads\/2026\/07\/Verano-525x420.png 525w, https:\/\/lospoliticosveracruz.com\/wp-content\/uploads\/2026\/07\/Verano-150x120.png 150w, https:\/\/lospoliticosveracruz.com\/wp-content\/uploads\/2026\/07\/Verano-696x557.png 696w\" sizes=\"auto, (max-width: 701px) 100vw, 701px\" \/><\/a><\/figure>\n<\/div>\n\n\n<p><strong>Alejandro Aguirre Guerrero<\/strong><\/p>\n\n\n\n<p><em>Al respecto\u2026<br><\/em><\/p>\n\n\n\n<p>Dante Delgado vino a Veracruz y habl\u00f3 tanto del 2027 como del 2030; b\u00e1sicamente dijo que MC quiere ganar estados, capitales y zonas metropolitanas el pr\u00f3ximo a\u00f1o, y que Veracruz forma parte de esa apuesta.<\/p>\n\n\n\n<p>Hasta ah\u00ed podr\u00eda parecer un dirigente partidista promedio haciendo lo que corresponde: anunciar que quiere ganar.<\/p>\n\n\n\n<p>Pero hay algo m\u00e1s: a su lado estuvieron Pepe Yunes y H\u00e9ctor Yunes.<\/p>\n\n\n\n<p>No significa, por supuesto, que exista una alianza. Tampoco que haya candidatura alguna, pero en pol\u00edtica las fotograf\u00edas hablan, y Dante lo sabe.<\/p>\n\n\n\n<p>Porque lo que podr\u00eda estar comenzando a moverse no es todav\u00eda una candidatura, sino (quiz\u00e1), un intento por recomponer a la oposici\u00f3n veracruzana.<\/p>\n\n\n\n<p>Y para que Dante pueda hablar seriamente de buscar ganar Veracruz en el 2030, primero tendr\u00e1 que pasar por el 2027.<\/p>\n\n\n\n<p>MC necesita demostrar (si desea avanzar), que puede ganar municipios importantes, conservar los que ya gobierna, crecer territorialmente, construir estructura, y sobre todo, atraer perfiles competitivos (a pesar de la guerra sucia que asegura libra con el partido oficial).<\/p>\n\n\n\n<p>Pero hay algo todav\u00eda m\u00e1s dif\u00edcil: convencer a buena parte del ciudadano opositor de que ellos, MC, pueden ser algo m\u00e1s que una fuerza que fragmenta o pulveriza el voto.<\/p>\n\n\n\n<p>Los resultados del 2027 ser\u00e1n, en ese sentido, mucho m\u00e1s que una elecci\u00f3n intermedia: ser\u00e1n la primera medici\u00f3n de fuerzas rumbo al 2030.<\/p>\n\n\n\n<p>Y aqu\u00ed aparece Pepe Yunes.<\/p>\n\n\n\n<p>En alguna conversaci\u00f3n que tuvimos, Pepe me dijo algo que, le\u00eddo a la luz de lo ocurrido este fin de semana, cobra particular relevancia: no quiere pasar a la historia como el necio que insiste una y otra vez en buscar la gubernatura sin dejar espacio a otros perfiles\u2026 pero tampoco se descarta.<\/p>\n\n\n\n<p>Me dijo que estar\u00eda dispuesto a competir nuevamente si no aparece otro perfil fuerte y si la oposici\u00f3n consigue unirse. Y que, si surgiera una figura con mayor fortaleza, estar\u00eda dispuesto a sumarse.<\/p>\n\n\n\n<p>Dicho de otra manera: no se est\u00e1 bajando del tablero, pero tampoco pretende abandonarlo. Y eso explica, quiz\u00e1, que siga haciendo pol\u00edtica.<\/p>\n\n\n\n<p>Porque si el escenario que hoy observamos termina por confirmarse, tendr\u00e1 que competir nuevamente, y entonces Jos\u00e9 Yunes deber\u00e1 construir.<\/p>\n\n\n\n<p>H\u00e9ctor Yunes tambi\u00e9n form\u00f3 parte de esa fotograf\u00eda. No s\u00e9 todav\u00eda qu\u00e9 papel jugar\u00e1, pero su presencia junto a Dante y Pepe no puede obviarse.<\/p>\n\n\n\n<p>Falta mucho para el 2030. Y ser\u00eda absurdo adelantar candidaturas, pero no para el 2027. Ah\u00ed est\u00e1 la primera prueba.<\/p>\n\n\n\n<p>Si MC quiere que su apuesta por Veracruz en el 2030 sea algo m\u00e1s que una frase de Dante, tendr\u00e1 que demostrar el pr\u00f3ximo a\u00f1o que puede ganar territorio, sumar figuras, y sobre todo, construir una oposici\u00f3n capaz de competir\u2026 y no est\u00e1 nada f\u00e1cil.<\/p>\n\n\n\n<p>Imposible evitar recordar aquella contundente frase de Dante Delgado, \u201ccon los Yunes ni a la esquina\u201d\u2026 y aunque dicen que solo aplicaba para Miguel \u00c1ngel Yunes Linares e hijos, nunca lo aclar\u00f3 de \u201cviva voz\u201d.<\/p>\n\n\n\n<p>Alguna vez, al salir de una entrevista en el estudio de Ciro G\u00f3mez Leyva (con quien me honro en colaborar como editoralista), Dante Delgado me dijo, de manera r\u00e1pida, que ten\u00eda la esperanza de hacer que MC gobernara Veracruz antes de dejar este mundo\u2026 y se sonri\u00f3. \u00bfPodr\u00e1? Se antoja dif\u00edcil.<\/p>\n\n\n\n<p>Veremos qu\u00e9 ocurre, y si de verdad ocurre.<\/p>\n\n\n\n<p>X: @aaguirre_g<\/p>\n","protected":false},"excerpt":{"rendered":"<p>Alejandro Aguirre Guerrero Al respecto\u2026 Dante Delgado vino a Veracruz y habl\u00f3 tanto del 2027 como del 2030; b\u00e1sicamente dijo que MC quiere ganar estados, capitales y zonas metropolitanas el pr\u00f3ximo a\u00f1o, y que Veracruz forma parte de esa apuesta. Hasta ah\u00ed podr\u00eda parecer un dirigente partidista promedio haciendo lo que corresponde: anunciar que quiere [&hellip;]<\/p>\n","protected":false},"author":2,"featured_media":141373,"comment_status":"closed","ping_status":"closed","sticky":false,"template":"","format":"standard","meta":{"tdm_status":"","tdm_grid_status":"","footnotes":""},"categories":[70],"tags":[2219,44891,119,2327,600,570,195],"class_list":{"0":"post-179583","1":"post","2":"type-post","3":"status-publish","4":"format-standard","5":"has-post-thumbnail","7":"category-de-opinion","8":"tag-dante-delgado","9":"tag-elecciones-2027","10":"tag-hector-yunes","11":"tag-movimiento-ciudadano","12":"tag-oposicion","13":"tag-pepe-yunes","14":"tag-veracruz"},"yoast_head":"<!-- This site is optimized with the Yoast SEO plugin v28.1 - https:\/\/yoast.com\/product\/yoast-seo-wordpress\/ -->\n<title>DANTE Y AQUELLA MICROCHARLA EN CDMX - Los pol\u00edticos Veracruz<\/title>\n<meta name=\"robots\" content=\"index, follow, max-snippet:-1, max-image-preview:large, max-video-preview:-1\" \/>\n<link rel=\"canonical\" href=\"https:\/\/lospoliticosveracruz.com\/?p=179583\" \/>\n<meta property=\"og:locale\" content=\"es_ES\" \/>\n<meta property=\"og:type\" content=\"article\" \/>\n<meta property=\"og:title\" content=\"DANTE Y AQUELLA MICROCHARLA EN CDMX - Los pol\u00edticos Veracruz\" \/>\n<meta property=\"og:description\" content=\"Alejandro Aguirre Guerrero Al respecto\u2026 Dante Delgado vino a Veracruz y habl\u00f3 tanto del 2027 como del 2030; b\u00e1sicamente dijo que MC quiere ganar estados, capitales y zonas metropolitanas el pr\u00f3ximo a\u00f1o, y que Veracruz forma parte de esa apuesta. Hasta ah\u00ed podr\u00eda parecer un dirigente partidista promedio haciendo lo que corresponde: anunciar que quiere [&hellip;]\" \/>\n<meta property=\"og:url\" content=\"https:\/\/lospoliticosveracruz.com\/?p=179583\" \/>\n<meta property=\"og:site_name\" content=\"Los pol\u00edticos Veracruz\" \/>\n<meta property=\"article:publisher\" content=\"https:\/\/www.facebook.com\/people\/Notimemes-de-los-Polticos\/61565672886568\/\" \/>\n<meta property=\"article:published_time\" content=\"2026-08-31T11:23:36+00:00\" \/>\n<meta property=\"article:modified_time\" content=\"2026-08-31T11:23:38+00:00\" \/>\n<meta property=\"og:image\" content=\"https:\/\/lospoliticosveracruz.com\/wp-content\/uploads\/2025\/04\/Alejandro-Aguirre-Guerrero-e1778077327549.jpg\" \/>\n\t<meta property=\"og:image:width\" content=\"600\" \/>\n\t<meta property=\"og:image:height\" content=\"320\" \/>\n\t<meta property=\"og:image:type\" content=\"image\/jpeg\" \/>\n<meta name=\"author\" content=\"Lo viste en Los Pol\u00edticos\" \/>\n<meta name=\"twitter:card\" content=\"summary_large_image\" \/>\n<meta name=\"twitter:creator\" content=\"@LosPoliticosVer\" \/>\n<meta name=\"twitter:site\" content=\"@LosPoliticosVer\" \/>\n<meta name=\"twitter:label1\" content=\"Escrito por\" \/>\n\t<meta name=\"twitter:data1\" content=\"Lo viste en Los Pol\u00edticos\" \/>\n\t<meta name=\"twitter:label2\" content=\"Tiempo de lectura\" \/>\n\t<meta name=\"twitter:data2\" content=\"8 minutos\" \/>\n<script type=\"application\/ld+json\" class=\"yoast-schema-graph\">{\"@context\":\"https:\\\/\\\/schema.org\",\"@graph\":[{\"@type\":\"Article\",\"@id\":\"https:\\\/\\\/lospoliticosveracruz.com\\\/?p=179583#article\",\"isPartOf\":{\"@id\":\"https:\\\/\\\/lospoliticosveracruz.com\\\/?p=179583\"},\"author\":{\"name\":\"Lo viste en Los Pol\u00edticos\",\"@id\":\"https:\\\/\\\/lospoliticosveracruz.com\\\/#\\\/schema\\\/person\\\/b8702bb0e538456e6efd07080bf2a4a2\"},\"headline\":\"DANTE Y AQUELLA MICROCHARLA EN CDMX\",\"datePublished\":\"2026-08-31T11:23:36+00:00\",\"dateModified\":\"2026-08-31T11:23:38+00:00\",\"mainEntityOfPage\":{\"@id\":\"https:\\\/\\\/lospoliticosveracruz.com\\\/?p=179583\"},\"wordCount\":585,\"publisher\":{\"@id\":\"https:\\\/\\\/lospoliticosveracruz.com\\\/#organization\"},\"image\":{\"@id\":\"https:\\\/\\\/lospoliticosveracruz.com\\\/?p=179583#primaryimage\"},\"thumbnailUrl\":\"https:\\\/\\\/lospoliticosveracruz.com\\\/wp-content\\\/uploads\\\/2025\\\/04\\\/Alejandro-Aguirre-Guerrero-e1778077327549.jpg\",\"keywords\":[\"Dante Delgado\",\"elecciones 2027\",\"H\u00e9ctor Yunes\",\"Movimiento Ciudadano\",\"oposici\u00f3n\",\"Pepe Yunes\",\"Veracruz\"],\"articleSection\":[\"De Opini\u00f3n\"],\"inLanguage\":\"es\"},{\"@type\":\"WebPage\",\"@id\":\"https:\\\/\\\/lospoliticosveracruz.com\\\/?p=179583\",\"url\":\"https:\\\/\\\/lospoliticosveracruz.com\\\/?p=179583\",\"name\":\"DANTE Y AQUELLA MICROCHARLA EN CDMX - Los pol\u00edticos Veracruz\",\"isPartOf\":{\"@id\":\"https:\\\/\\\/lospoliticosveracruz.com\\\/#website\"},\"primaryImageOfPage\":{\"@id\":\"https:\\\/\\\/lospoliticosveracruz.com\\\/?p=179583#primaryimage\"},\"image\":{\"@id\":\"https:\\\/\\\/lospoliticosveracruz.com\\\/?p=179583#primaryimage\"},\"thumbnailUrl\":\"https:\\\/\\\/lospoliticosveracruz.com\\\/wp-content\\\/uploads\\\/2025\\\/04\\\/Alejandro-Aguirre-Guerrero-e1778077327549.jpg\",\"datePublished\":\"2026-08-31T11:23:36+00:00\",\"dateModified\":\"2026-08-31T11:23:38+00:00\",\"breadcrumb\":{\"@id\":\"https:\\\/\\\/lospoliticosveracruz.com\\\/?p=179583#breadcrumb\"},\"inLanguage\":\"es\",\"potentialAction\":[{\"@type\":\"ReadAction\",\"target\":[\"https:\\\/\\\/lospoliticosveracruz.com\\\/?p=179583\"]}]},{\"@type\":\"ImageObject\",\"inLanguage\":\"es\",\"@id\":\"https:\\\/\\\/lospoliticosveracruz.com\\\/?p=179583#primaryimage\",\"url\":\"https:\\\/\\\/lospoliticosveracruz.com\\\/wp-content\\\/uploads\\\/2025\\\/04\\\/Alejandro-Aguirre-Guerrero-e1778077327549.jpg\",\"contentUrl\":\"https:\\\/\\\/lospoliticosveracruz.com\\\/wp-content\\\/uploads\\\/2025\\\/04\\\/Alejandro-Aguirre-Guerrero-e1778077327549.jpg\",\"width\":600,\"height\":320},{\"@type\":\"BreadcrumbList\",\"@id\":\"https:\\\/\\\/lospoliticosveracruz.com\\\/?p=179583#breadcrumb\",\"itemListElement\":[{\"@type\":\"ListItem\",\"position\":1,\"name\":\"Portada\",\"item\":\"https:\\\/\\\/lospoliticosveracruz.com\\\/\"},{\"@type\":\"ListItem\",\"position\":2,\"name\":\"DANTE Y AQUELLA MICROCHARLA EN CDMX\"}]},{\"@type\":\"WebSite\",\"@id\":\"https:\\\/\\\/lospoliticosveracruz.com\\\/#website\",\"url\":\"https:\\\/\\\/lospoliticosveracruz.com\\\/\",\"name\":\"Los pol\u00edticos Veracruz\",\"description\":\"\",\"publisher\":{\"@id\":\"https:\\\/\\\/lospoliticosveracruz.com\\\/#organization\"},\"potentialAction\":[{\"@type\":\"SearchAction\",\"target\":{\"@type\":\"EntryPoint\",\"urlTemplate\":\"https:\\\/\\\/lospoliticosveracruz.com\\\/?s={search_term_string}\"},\"query-input\":{\"@type\":\"PropertyValueSpecification\",\"valueRequired\":true,\"valueName\":\"search_term_string\"}}],\"inLanguage\":\"es\"},{\"@type\":\"Organization\",\"@id\":\"https:\\\/\\\/lospoliticosveracruz.com\\\/#organization\",\"name\":\"Los pol\u00edticos Veracruz\",\"url\":\"https:\\\/\\\/lospoliticosveracruz.com\\\/\",\"logo\":{\"@type\":\"ImageObject\",\"inLanguage\":\"es\",\"@id\":\"https:\\\/\\\/lospoliticosveracruz.com\\\/#\\\/schema\\\/logo\\\/image\\\/\",\"url\":\"https:\\\/\\\/lospoliticosveracruz.com\\\/wp-content\\\/uploads\\\/2025\\\/12\\\/Logo-Nuevo-LOS-POLITICOS-1.jpg\",\"contentUrl\":\"https:\\\/\\\/lospoliticosveracruz.com\\\/wp-content\\\/uploads\\\/2025\\\/12\\\/Logo-Nuevo-LOS-POLITICOS-1.jpg\",\"width\":260,\"height\":70,\"caption\":\"Los pol\u00edticos Veracruz\"},\"image\":{\"@id\":\"https:\\\/\\\/lospoliticosveracruz.com\\\/#\\\/schema\\\/logo\\\/image\\\/\"},\"sameAs\":[\"https:\\\/\\\/www.facebook.com\\\/people\\\/Notimemes-de-los-Polticos\\\/61565672886568\\\/\",\"https:\\\/\\\/x.com\\\/LosPoliticosVer\"]},{\"@type\":\"Person\",\"@id\":\"https:\\\/\\\/lospoliticosveracruz.com\\\/#\\\/schema\\\/person\\\/b8702bb0e538456e6efd07080bf2a4a2\",\"name\":\"Lo viste en Los Pol\u00edticos\",\"image\":{\"@type\":\"ImageObject\",\"inLanguage\":\"es\",\"@id\":\"https:\\\/\\\/secure.gravatar.com\\\/avatar\\\/3a8de04a2656d44082be478bd6c086daa447c4651605818287b9532d3d0bd435?s=96&d=mm&r=g\",\"url\":\"https:\\\/\\\/secure.gravatar.com\\\/avatar\\\/3a8de04a2656d44082be478bd6c086daa447c4651605818287b9532d3d0bd435?s=96&d=mm&r=g\",\"contentUrl\":\"https:\\\/\\\/secure.gravatar.com\\\/avatar\\\/3a8de04a2656d44082be478bd6c086daa447c4651605818287b9532d3d0bd435?s=96&d=mm&r=g\",\"caption\":\"Lo viste en Los Pol\u00edticos\"},\"url\":\"https:\\\/\\\/lospoliticosveracruz.com\\\/?author=2\"}]}<\/script>\n<!-- \/ Yoast SEO plugin. -->","yoast_head_json":{"title":"DANTE Y AQUELLA MICROCHARLA EN CDMX - Los pol\u00edticos Veracruz","robots":{"index":"index","follow":"follow","max-snippet":"max-snippet:-1","max-image-preview":"max-image-preview:large","max-video-preview":"max-video-preview:-1"},"canonical":"https:\/\/lospoliticosveracruz.com\/?p=179583","og_locale":"es_ES","og_type":"article","og_title":"DANTE Y AQUELLA MICROCHARLA EN CDMX - Los pol\u00edticos Veracruz","og_description":"Alejandro Aguirre Guerrero Al respecto\u2026 Dante Delgado vino a Veracruz y habl\u00f3 tanto del 2027 como del 2030; b\u00e1sicamente dijo que MC quiere ganar estados, capitales y zonas metropolitanas el pr\u00f3ximo a\u00f1o, y que Veracruz forma parte de esa apuesta. Hasta ah\u00ed podr\u00eda parecer un dirigente partidista promedio haciendo lo que corresponde: anunciar que quiere [&hellip;]","og_url":"https:\/\/lospoliticosveracruz.com\/?p=179583","og_site_name":"Los pol\u00edticos Veracruz","article_publisher":"https:\/\/www.facebook.com\/people\/Notimemes-de-los-Polticos\/61565672886568\/","article_published_time":"2026-08-31T11:23:36+00:00","article_modified_time":"2026-08-31T11:23:38+00:00","og_image":[{"width":600,"height":320,"url":"https:\/\/lospoliticosveracruz.com\/wp-content\/uploads\/2025\/04\/Alejandro-Aguirre-Guerrero-e1778077327549.jpg","type":"image\/jpeg"}],"author":"Lo viste en Los Pol\u00edticos","twitter_card":"summary_large_image","twitter_creator":"@LosPoliticosVer","twitter_site":"@LosPoliticosVer","twitter_misc":{"Escrito por":"Lo viste en Los Pol\u00edticos","Tiempo de lectura":"8 minutos"},"schema":{"@context":"https:\/\/schema.org","@graph":[{"@type":"Article","@id":"https:\/\/lospoliticosveracruz.com\/?p=179583#article","isPartOf":{"@id":"https:\/\/lospoliticosveracruz.com\/?p=179583"},"author":{"name":"Lo viste en Los Pol\u00edticos","@id":"https:\/\/lospoliticosveracruz.com\/#\/schema\/person\/b8702bb0e538456e6efd07080bf2a4a2"},"headline":"DANTE Y AQUELLA MICROCHARLA EN CDMX","datePublished":"2026-08-31T11:23:36+00:00","dateModified":"2026-08-31T11:23:38+00:00","mainEntityOfPage":{"@id":"https:\/\/lospoliticosveracruz.com\/?p=179583"},"wordCount":585,"publisher":{"@id":"https:\/\/lospoliticosveracruz.com\/#organization"},"image":{"@id":"https:\/\/lospoliticosveracruz.com\/?p=179583#primaryimage"},"thumbnailUrl":"https:\/\/lospoliticosveracruz.com\/wp-content\/uploads\/2025\/04\/Alejandro-Aguirre-Guerrero-e1778077327549.jpg","keywords":["Dante Delgado","elecciones 2027","H\u00e9ctor Yunes","Movimiento Ciudadano","oposici\u00f3n","Pepe Yunes","Veracruz"],"articleSection":["De Opini\u00f3n"],"inLanguage":"es"},{"@type":"WebPage","@id":"https:\/\/lospoliticosveracruz.com\/?p=179583","url":"https:\/\/lospoliticosveracruz.com\/?p=179583","name":"DANTE Y AQUELLA MICROCHARLA EN CDMX - Los pol\u00edticos Veracruz","isPartOf":{"@id":"https:\/\/lospoliticosveracruz.com\/#website"},"primaryImageOfPage":{"@id":"https:\/\/lospoliticosveracruz.com\/?p=179583#primaryimage"},"image":{"@id":"https:\/\/lospoliticosveracruz.com\/?p=179583#primaryimage"},"thumbnailUrl":"https:\/\/lospoliticosveracruz.com\/wp-content\/uploads\/2025\/04\/Alejandro-Aguirre-Guerrero-e1778077327549.jpg","datePublished":"2026-08-31T11:23:36+00:00","dateModified":"2026-08-31T11:23:38+00:00","breadcrumb":{"@id":"https:\/\/lospoliticosveracruz.com\/?p=179583#breadcrumb"},"inLanguage":"es","potentialAction":[{"@type":"ReadAction","target":["https:\/\/lospoliticosveracruz.com\/?p=179583"]}]},{"@type":"ImageObject","inLanguage":"es","@id":"https:\/\/lospoliticosveracruz.com\/?p=179583#primaryimage","url":"https:\/\/lospoliticosveracruz.com\/wp-content\/uploads\/2025\/04\/Alejandro-Aguirre-Guerrero-e1778077327549.jpg","contentUrl":"https:\/\/lospoliticosveracruz.com\/wp-content\/uploads\/2025\/04\/Alejandro-Aguirre-Guerrero-e1778077327549.jpg","width":600,"height":320},{"@type":"BreadcrumbList","@id":"https:\/\/lospoliticosveracruz.com\/?p=179583#breadcrumb","itemListElement":[{"@type":"ListItem","position":1,"name":"Portada","item":"https:\/\/lospoliticosveracruz.com\/"},{"@type":"ListItem","position":2,"name":"DANTE Y AQUELLA MICROCHARLA EN CDMX"}]},{"@type":"WebSite","@id":"https:\/\/lospoliticosveracruz.com\/#website","url":"https:\/\/lospoliticosveracruz.com\/","name":"Los pol\u00edticos Veracruz","description":"","publisher":{"@id":"https:\/\/lospoliticosveracruz.com\/#organization"},"potentialAction":[{"@type":"SearchAction","target":{"@type":"EntryPoint","urlTemplate":"https:\/\/lospoliticosveracruz.com\/?s={search_term_string}"},"query-input":{"@type":"PropertyValueSpecification","valueRequired":true,"valueName":"search_term_string"}}],"inLanguage":"es"},{"@type":"Organization","@id":"https:\/\/lospoliticosveracruz.com\/#organization","name":"Los pol\u00edticos Veracruz","url":"https:\/\/lospoliticosveracruz.com\/","logo":{"@type":"ImageObject","inLanguage":"es","@id":"https:\/\/lospoliticosveracruz.com\/#\/schema\/logo\/image\/","url":"https:\/\/lospoliticosveracruz.com\/wp-content\/uploads\/2025\/12\/Logo-Nuevo-LOS-POLITICOS-1.jpg","contentUrl":"https:\/\/lospoliticosveracruz.com\/wp-content\/uploads\/2025\/12\/Logo-Nuevo-LOS-POLITICOS-1.jpg","width":260,"height":70,"caption":"Los pol\u00edticos Veracruz"},"image":{"@id":"https:\/\/lospoliticosveracruz.com\/#\/schema\/logo\/image\/"},"sameAs":["https:\/\/www.facebook.com\/people\/Notimemes-de-los-Polticos\/61565672886568\/","https:\/\/x.com\/LosPoliticosVer"]},{"@type":"Person","@id":"https:\/\/lospoliticosveracruz.com\/#\/schema\/person\/b8702bb0e538456e6efd07080bf2a4a2","name":"Lo viste en Los Pol\u00edticos","image":{"@type":"ImageObject","inLanguage":"es","@id":"https:\/\/secure.gravatar.com\/avatar\/3a8de04a2656d44082be478bd6c086daa447c4651605818287b9532d3d0bd435?s=96&d=mm&r=g","url":"https:\/\/secure.gravatar.com\/avatar\/3a8de04a2656d44082be478bd6c086daa447c4651605818287b9532d3d0bd435?s=96&d=mm&r=g","contentUrl":"https:\/\/secure.gravatar.com\/avatar\/3a8de04a2656d44082be478bd6c086daa447c4651605818287b9532d3d0bd435?s=96&d=mm&r=g","caption":"Lo viste en Los Pol\u00edticos"},"url":"https:\/\/lospoliticosveracruz.com\/?author=2"}]}},"_links":{"self":[{"href":"https:\/\/lospoliticosveracruz.com\/index.php?rest_route=\/wp\/v2\/posts\/179583","targetHints":{"allow":["GET"]}}],"collection":[{"href":"https:\/\/lospoliticosveracruz.com\/index.php?rest_route=\/wp\/v2\/posts"}],"about":[{"href":"https:\/\/lospoliticosveracruz.com\/index.php?rest_route=\/wp\/v2\/types\/post"}],"author":[{"embeddable":true,"href":"https:\/\/lospoliticosveracruz.com\/index.php?rest_route=\/wp\/v2\/users\/2"}],"replies":[{"embeddable":true,"href":"https:\/\/lospoliticosveracruz.com\/index.php?rest_route=%2Fwp%2Fv2%2Fcomments&post=179583"}],"version-history":[{"count":1,"href":"https:\/\/lospoliticosveracruz.com\/index.php?rest_route=\/wp\/v2\/posts\/179583\/revisions"}],"predecessor-version":[{"id":179584,"href":"https:\/\/lospoliticosveracruz.com\/index.php?rest_route=\/wp\/v2\/posts\/179583\/revisions\/179584"}],"wp:featuredmedia":[{"embeddable":true,"href":"https:\/\/lospoliticosveracruz.com\/index.php?rest_route=\/wp\/v2\/media\/141373"}],"wp:attachment":[{"href":"https:\/\/lospoliticosveracruz.com\/index.php?rest_route=%2Fwp%2Fv2%2Fmedia&parent=179583"}],"wp:term":[{"taxonomy":"category","embeddable":true,"href":"https:\/\/lospoliticosveracruz.com\/index.php?rest_route=%2Fwp%2Fv2%2Fcategories&post=179583"},{"taxonomy":"post_tag","embeddable":true,"href":"https:\/\/lospoliticosveracruz.com\/index.php?rest_route=%2Fwp%2Fv2%2Ftags&post=179583"}],"curies":[{"name":"wp","href":"https:\/\/api.w.org\/{rel}","templated":true}]}}