{"id":179585,"date":"2026-08-30T21:11:20","date_gmt":"2026-08-31T03:11:20","guid":{"rendered":"https:\/\/lospoliticosveracruz.com\/?p=179585"},"modified":"2026-08-30T21:11:22","modified_gmt":"2026-08-31T03:11:22","slug":"los-primeros-logros-de-nahle","status":"publish","type":"post","link":"https:\/\/lospoliticosveracruz.com\/?p=179585","title":{"rendered":"LOS PRIMEROS LOGROS DE NAHLE"},"content":{"rendered":"<div class=\"wp-block-image\">\n<figure class=\"alignleft size-large is-resized\"><a href=\"https:\/\/lospoliticosveracruz.com\/wp-content\/uploads\/2026\/08\/Tu-Plan-Xalapa.jpg\"><img loading=\"lazy\" decoding=\"async\" width=\"1024\" height=\"854\" src=\"https:\/\/lospoliticosveracruz.com\/wp-content\/uploads\/2026\/08\/Tu-Plan-Xalapa-1024x854.jpg\" alt=\"\" class=\"wp-image-177789\" style=\"width:421px;height:auto\" srcset=\"https:\/\/lospoliticosveracruz.com\/wp-content\/uploads\/2026\/08\/Tu-Plan-Xalapa-1024x854.jpg 1024w, https:\/\/lospoliticosveracruz.com\/wp-content\/uploads\/2026\/08\/Tu-Plan-Xalapa-300x250.jpg 300w, https:\/\/lospoliticosveracruz.com\/wp-content\/uploads\/2026\/08\/Tu-Plan-Xalapa-768x640.jpg 768w, https:\/\/lospoliticosveracruz.com\/wp-content\/uploads\/2026\/08\/Tu-Plan-Xalapa-504x420.jpg 504w, https:\/\/lospoliticosveracruz.com\/wp-content\/uploads\/2026\/08\/Tu-Plan-Xalapa-150x125.jpg 150w, https:\/\/lospoliticosveracruz.com\/wp-content\/uploads\/2026\/08\/Tu-Plan-Xalapa-696x580.jpg 696w, https:\/\/lospoliticosveracruz.com\/wp-content\/uploads\/2026\/08\/Tu-Plan-Xalapa-1068x890.jpg 1068w, https:\/\/lospoliticosveracruz.com\/wp-content\/uploads\/2026\/08\/Tu-Plan-Xalapa.jpg 1400w\" sizes=\"auto, (max-width: 1024px) 100vw, 1024px\" \/><\/a><\/figure>\n<\/div>\n\n\n<p><strong>Miguel Valera<br><\/strong><em>Contrase\u00f1as<\/em><\/p>\n\n\n\n<p>Cuentan los historiadores que all\u00e1 por el a\u00f1o 47 antes de Cristo, luego de una r\u00e1pida batalla en contra del rey Fernando II del Ponto, el emperador Julio C\u00e9sar inmortaliz\u00f3 la victoria con una frase contundente: \u201cVeni, vidi, vici\u201d (Llegu\u00e9, vi, venc\u00ed). La frase ha trascendido en la historia y se utiliza cuando se act\u00faa con rapidez y destreza frente a los enemigos.<\/p>\n\n\n\n<p>El viernes pasado \u201428 de agosto\u2014 la gobernadora Roc\u00edo Nahle Garc\u00eda la utiliz\u00f3, no s\u00e9 si consciente o inconscientemente, al hacer un recuento de c\u00f3mo ha venido resolviendo el cierre del ingenio San Pedro, un tema que bien pudo batear a la federaci\u00f3n, dado que la explotaci\u00f3n de los ingenios son un asunto que compete al Gobierno de la Rep\u00fablica.<\/p>\n\n\n\n<p>\u201cYa vine y vi\u2026 y vamos a solucionar\u201d dijo ante hombres y mujeres de Lerdo de Tejada, Alvarado, Tlacotalpan, \u00c1ngel R. Cabada y Saltabarranca, entre otras demarcaciones. \u201cTienen una gobernadora que no va a dejar solo al pueblo\u201d, refrend\u00f3 enf\u00e1tica, en un evento, hay que decirlo porque somos mirones profesionales, en donde se not\u00f3 el afecto de los asistentes, mujeres en su gran mayor\u00eda.<\/p>\n\n\n\n<p>A diferencia del emperador romano, la mandataria veracruzana a\u00fan le falta para solucionar el problema de este ingenio, pero lo cierto es que ya tiene tomado al toro por los cuernos y se ha puesto manos a la obra, para darle una soluci\u00f3n que repercutir\u00e1 en miles de familias que dependen de la producci\u00f3n de ca\u00f1a de az\u00facar.<\/p>\n\n\n\n<p>\u201cLe vamos a entrar con todo al Ingenio San Pedro\u201d, dijo una gobernadora sonriente, quien, por cierto, este domingo subi\u00f3 un video confeccionado seguramente con IA en donde se ve su avatar bailando, con el casco de obrero con el nombre de Veracruz, con la m\u00fasica de fondo de \u201cBig Boom\u201d del DJ ILHAM.<\/p>\n\n\n\n<p>El video, de 28 segundos, est\u00e1 escenificado en las escolleras del Malec\u00f3n de Coatzacoalcos y se ve al avatar de la mandataria veracruzana bailando con la m\u00fasica del artista: Big boom, In the room, I go kaboom kaboom (Gran estruendo en la habitaci\u00f3n, hago kaboom, kaboom). Buena, pegajosa la m\u00fasica que se ha viralizado en TikTok debido a sus potentes ca\u00eddas de sonido (drops), como dicen los music\u00f3logos.<\/p>\n\n\n\n<p>De esta manera, \u201cfeliz, feliz, feliz\u201d, la mandataria responde indirectamente a quienes este fin de semana se le han lanzado, una vez m\u00e1s, en algo que parece ser deporte favorito de opositores. Pero ella ha respondido que lo \u00fanico que le interesa es seguir trabajando por los veracruzanos.<\/p>\n\n\n\n<p>Al enlistar los logros de este a\u00f1o y ocho meses de su mandato, dijo que, por ejemplo, tom\u00f3 el problema del transporte urbano tambi\u00e9n como una prioridad y as\u00ed cre\u00f3 una empresa de transporte p\u00fablico, primero con los Ul\u00faa en Veracruz, Boca del R\u00edo y Medell\u00edn.<\/p>\n\n\n\n<p>En Coatzacoalcos lanz\u00f3 los camiones Quetzalli. En Xalapa ya se est\u00e1 concretando el proyecto de los camiones Atenas; en Poza Rica los camiones Totonacos y en la Cuenca el servicio Papaloapan de Carlos A. Carrillo a Cosamaloapan.<\/p>\n\n\n\n<p>Otro tema que ha abordado tambi\u00e9n de frente \u2014as\u00ed lo dijo en Lerdo de Tejada\u2014 fue el del problema de los trabajadores de limpieza de los hospitales, que operaba con una empresa que incumpl\u00eda a las y los trabajadores.<\/p>\n\n\n\n<p>Por ello, cre\u00f3 el Sistema de Gesti\u00f3n Integral de Limpieza del Estado de Veracruz (LIMPIAVER), sectorizado a la Secretar\u00eda de Salud que estar\u00e1 a cargo de los servicios de limpieza, higiene, asepsia y lavander\u00eda en hospitales, cl\u00ednicas, laboratorios y dem\u00e1s unidades m\u00e9dicas del sector p\u00fablico estatal.<\/p>\n\n\n\n<p>Esta empresa forma parte del proceso de ordenamiento del sistema estatal de salud, particularmente tras la transici\u00f3n al modelo coordinado con IMSS-Bienestar.<\/p>\n\n\n\n<p>\u201cEra indispensable asumir la responsabilidad desde el Estado. La limpieza hospitalaria es un tema delicado: requiere capacitaci\u00f3n, productos adecuados, supervisi\u00f3n permanente y pagos puntuales al personal. No pod\u00edamos dejar un servicio tan sensible en manos de empresas sin control directo\u201d, ha precisado la jefa de las instituciones.<\/p>\n\n\n\n<p>As\u00ed que ah\u00ed, lo tiene, amable lector, tres problemas, tres soluciones que ha dado un gobierno que no para en atender las demandas de los veracruzanos. As\u00ed que como diera el DJ ILHAM \u201ckaboom, kaboom\u201d en logros y resultados.<\/p>\n\n\n\n<p>Este lunes, informe de la Magistrada Rosalba Hern\u00e1ndez<\/p>\n\n\n\n<p>La Magistrada Rosalba Hern\u00e1ndez Hern\u00e1ndez, presidenta del Tribunal Superior de Justicia del Estado de Veracruz, rendir\u00e1 su Primer Informe de Resultados 2025-2026 este lunes 31 de agosto, a las 13:00 horas, en el Auditorio C, del Edificio C, de la Ciudad Judicial de Xalapa. Ya les contaremos en una pr\u00f3xima entrega de logros y resultados en este poder del estado de Veracruz. Tan tan.<\/p>\n\n\n\n<p>@MValeraH<\/p>\n\n\n\n<p><\/p>\n","protected":false},"excerpt":{"rendered":"<p>Miguel ValeraContrase\u00f1as Cuentan los historiadores que all\u00e1 por el a\u00f1o 47 antes de Cristo, luego de una r\u00e1pida batalla en contra del rey Fernando II del Ponto, el emperador Julio C\u00e9sar inmortaliz\u00f3 la victoria con una frase contundente: \u201cVeni, vidi, vici\u201d (Llegu\u00e9, vi, venc\u00ed). La frase ha trascendido en la historia y se utiliza cuando [&hellip;]<\/p>\n","protected":false},"author":2,"featured_media":141429,"comment_status":"closed","ping_status":"closed","sticky":false,"template":"","format":"standard","meta":{"tdm_status":"","tdm_grid_status":"","footnotes":""},"categories":[70],"tags":[6794,1779,70937,9776,3578,7601,195],"class_list":{"0":"post-179585","1":"post","2":"type-post","3":"status-publish","4":"format-standard","5":"has-post-thumbnail","7":"category-de-opinion","8":"tag-gobierno-estatal","9":"tag-ingenio-san-pedro","10":"tag-limpiaver","11":"tag-miguel-valera","12":"tag-rocio-nahle","13":"tag-transporte-publico","14":"tag-veracruz"},"yoast_head":"<!-- This site is optimized with the Yoast SEO plugin v28.1 - https:\/\/yoast.com\/product\/yoast-seo-wordpress\/ -->\n<title>LOS PRIMEROS LOGROS DE NAHLE - Los pol\u00edticos Veracruz<\/title>\n<meta name=\"robots\" content=\"index, follow, max-snippet:-1, max-image-preview:large, max-video-preview:-1\" \/>\n<link rel=\"canonical\" href=\"https:\/\/lospoliticosveracruz.com\/?p=179585\" \/>\n<meta property=\"og:locale\" content=\"es_ES\" \/>\n<meta property=\"og:type\" content=\"article\" \/>\n<meta property=\"og:title\" content=\"LOS PRIMEROS LOGROS DE NAHLE - Los pol\u00edticos Veracruz\" \/>\n<meta property=\"og:description\" content=\"Miguel ValeraContrase\u00f1as Cuentan los historiadores que all\u00e1 por el a\u00f1o 47 antes de Cristo, luego de una r\u00e1pida batalla en contra del rey Fernando II del Ponto, el emperador Julio C\u00e9sar inmortaliz\u00f3 la victoria con una frase contundente: \u201cVeni, vidi, vici\u201d (Llegu\u00e9, vi, venc\u00ed). La frase ha trascendido en la historia y se utiliza cuando [&hellip;]\" \/>\n<meta property=\"og:url\" content=\"https:\/\/lospoliticosveracruz.com\/?p=179585\" \/>\n<meta property=\"og:site_name\" content=\"Los pol\u00edticos Veracruz\" \/>\n<meta property=\"article:publisher\" content=\"https:\/\/www.facebook.com\/people\/Notimemes-de-los-Polticos\/61565672886568\/\" \/>\n<meta property=\"article:published_time\" content=\"2026-08-31T03:11:20+00:00\" \/>\n<meta property=\"article:modified_time\" content=\"2026-08-31T03:11:22+00:00\" \/>\n<meta property=\"og:image\" content=\"https:\/\/lospoliticosveracruz.com\/wp-content\/uploads\/2025\/04\/Miguel-Valera-e1785731940684.jpg\" \/>\n\t<meta property=\"og:image:width\" content=\"600\" \/>\n\t<meta property=\"og:image:height\" content=\"320\" \/>\n\t<meta property=\"og:image:type\" content=\"image\/jpeg\" \/>\n<meta name=\"author\" content=\"Lo viste en Los Pol\u00edticos\" \/>\n<meta name=\"twitter:card\" content=\"summary_large_image\" \/>\n<meta name=\"twitter:creator\" content=\"@LosPoliticosVer\" \/>\n<meta name=\"twitter:site\" content=\"@LosPoliticosVer\" \/>\n<meta name=\"twitter:label1\" content=\"Escrito por\" \/>\n\t<meta name=\"twitter:data1\" content=\"Lo viste en Los Pol\u00edticos\" \/>\n\t<meta name=\"twitter:label2\" content=\"Tiempo de lectura\" \/>\n\t<meta name=\"twitter:data2\" content=\"4 minutos\" \/>\n<script type=\"application\/ld+json\" class=\"yoast-schema-graph\">{\"@context\":\"https:\\\/\\\/schema.org\",\"@graph\":[{\"@type\":\"Article\",\"@id\":\"https:\\\/\\\/lospoliticosveracruz.com\\\/?p=179585#article\",\"isPartOf\":{\"@id\":\"https:\\\/\\\/lospoliticosveracruz.com\\\/?p=179585\"},\"author\":{\"name\":\"Lo viste en Los Pol\u00edticos\",\"@id\":\"https:\\\/\\\/lospoliticosveracruz.com\\\/#\\\/schema\\\/person\\\/b8702bb0e538456e6efd07080bf2a4a2\"},\"headline\":\"LOS PRIMEROS LOGROS DE NAHLE\",\"datePublished\":\"2026-08-31T03:11:20+00:00\",\"dateModified\":\"2026-08-31T03:11:22+00:00\",\"mainEntityOfPage\":{\"@id\":\"https:\\\/\\\/lospoliticosveracruz.com\\\/?p=179585\"},\"wordCount\":816,\"publisher\":{\"@id\":\"https:\\\/\\\/lospoliticosveracruz.com\\\/#organization\"},\"image\":{\"@id\":\"https:\\\/\\\/lospoliticosveracruz.com\\\/?p=179585#primaryimage\"},\"thumbnailUrl\":\"https:\\\/\\\/lospoliticosveracruz.com\\\/wp-content\\\/uploads\\\/2025\\\/04\\\/Miguel-Valera-e1785731940684.jpg\",\"keywords\":[\"Gobierno estatal\",\"ingenio San Pedro\",\"LIMPIAVER\",\"Miguel Valera\",\"Roc\u00edo Nahle\",\"Transporte p\u00fablico\",\"Veracruz\"],\"articleSection\":[\"De Opini\u00f3n\"],\"inLanguage\":\"es\"},{\"@type\":\"WebPage\",\"@id\":\"https:\\\/\\\/lospoliticosveracruz.com\\\/?p=179585\",\"url\":\"https:\\\/\\\/lospoliticosveracruz.com\\\/?p=179585\",\"name\":\"LOS PRIMEROS LOGROS DE NAHLE - Los pol\u00edticos Veracruz\",\"isPartOf\":{\"@id\":\"https:\\\/\\\/lospoliticosveracruz.com\\\/#website\"},\"primaryImageOfPage\":{\"@id\":\"https:\\\/\\\/lospoliticosveracruz.com\\\/?p=179585#primaryimage\"},\"image\":{\"@id\":\"https:\\\/\\\/lospoliticosveracruz.com\\\/?p=179585#primaryimage\"},\"thumbnailUrl\":\"https:\\\/\\\/lospoliticosveracruz.com\\\/wp-content\\\/uploads\\\/2025\\\/04\\\/Miguel-Valera-e1785731940684.jpg\",\"datePublished\":\"2026-08-31T03:11:20+00:00\",\"dateModified\":\"2026-08-31T03:11:22+00:00\",\"breadcrumb\":{\"@id\":\"https:\\\/\\\/lospoliticosveracruz.com\\\/?p=179585#breadcrumb\"},\"inLanguage\":\"es\",\"potentialAction\":[{\"@type\":\"ReadAction\",\"target\":[\"https:\\\/\\\/lospoliticosveracruz.com\\\/?p=179585\"]}]},{\"@type\":\"ImageObject\",\"inLanguage\":\"es\",\"@id\":\"https:\\\/\\\/lospoliticosveracruz.com\\\/?p=179585#primaryimage\",\"url\":\"https:\\\/\\\/lospoliticosveracruz.com\\\/wp-content\\\/uploads\\\/2025\\\/04\\\/Miguel-Valera-e1785731940684.jpg\",\"contentUrl\":\"https:\\\/\\\/lospoliticosveracruz.com\\\/wp-content\\\/uploads\\\/2025\\\/04\\\/Miguel-Valera-e1785731940684.jpg\",\"width\":600,\"height\":320},{\"@type\":\"BreadcrumbList\",\"@id\":\"https:\\\/\\\/lospoliticosveracruz.com\\\/?p=179585#breadcrumb\",\"itemListElement\":[{\"@type\":\"ListItem\",\"position\":1,\"name\":\"Portada\",\"item\":\"https:\\\/\\\/lospoliticosveracruz.com\\\/\"},{\"@type\":\"ListItem\",\"position\":2,\"name\":\"LOS PRIMEROS LOGROS DE NAHLE\"}]},{\"@type\":\"WebSite\",\"@id\":\"https:\\\/\\\/lospoliticosveracruz.com\\\/#website\",\"url\":\"https:\\\/\\\/lospoliticosveracruz.com\\\/\",\"name\":\"Los pol\u00edticos Veracruz\",\"description\":\"\",\"publisher\":{\"@id\":\"https:\\\/\\\/lospoliticosveracruz.com\\\/#organization\"},\"potentialAction\":[{\"@type\":\"SearchAction\",\"target\":{\"@type\":\"EntryPoint\",\"urlTemplate\":\"https:\\\/\\\/lospoliticosveracruz.com\\\/?s={search_term_string}\"},\"query-input\":{\"@type\":\"PropertyValueSpecification\",\"valueRequired\":true,\"valueName\":\"search_term_string\"}}],\"inLanguage\":\"es\"},{\"@type\":\"Organization\",\"@id\":\"https:\\\/\\\/lospoliticosveracruz.com\\\/#organization\",\"name\":\"Los pol\u00edticos Veracruz\",\"url\":\"https:\\\/\\\/lospoliticosveracruz.com\\\/\",\"logo\":{\"@type\":\"ImageObject\",\"inLanguage\":\"es\",\"@id\":\"https:\\\/\\\/lospoliticosveracruz.com\\\/#\\\/schema\\\/logo\\\/image\\\/\",\"url\":\"https:\\\/\\\/lospoliticosveracruz.com\\\/wp-content\\\/uploads\\\/2025\\\/12\\\/Logo-Nuevo-LOS-POLITICOS-1.jpg\",\"contentUrl\":\"https:\\\/\\\/lospoliticosveracruz.com\\\/wp-content\\\/uploads\\\/2025\\\/12\\\/Logo-Nuevo-LOS-POLITICOS-1.jpg\",\"width\":260,\"height\":70,\"caption\":\"Los pol\u00edticos Veracruz\"},\"image\":{\"@id\":\"https:\\\/\\\/lospoliticosveracruz.com\\\/#\\\/schema\\\/logo\\\/image\\\/\"},\"sameAs\":[\"https:\\\/\\\/www.facebook.com\\\/people\\\/Notimemes-de-los-Polticos\\\/61565672886568\\\/\",\"https:\\\/\\\/x.com\\\/LosPoliticosVer\"]},{\"@type\":\"Person\",\"@id\":\"https:\\\/\\\/lospoliticosveracruz.com\\\/#\\\/schema\\\/person\\\/b8702bb0e538456e6efd07080bf2a4a2\",\"name\":\"Lo viste en Los Pol\u00edticos\",\"image\":{\"@type\":\"ImageObject\",\"inLanguage\":\"es\",\"@id\":\"https:\\\/\\\/secure.gravatar.com\\\/avatar\\\/3a8de04a2656d44082be478bd6c086daa447c4651605818287b9532d3d0bd435?s=96&d=mm&r=g\",\"url\":\"https:\\\/\\\/secure.gravatar.com\\\/avatar\\\/3a8de04a2656d44082be478bd6c086daa447c4651605818287b9532d3d0bd435?s=96&d=mm&r=g\",\"contentUrl\":\"https:\\\/\\\/secure.gravatar.com\\\/avatar\\\/3a8de04a2656d44082be478bd6c086daa447c4651605818287b9532d3d0bd435?s=96&d=mm&r=g\",\"caption\":\"Lo viste en Los Pol\u00edticos\"},\"url\":\"https:\\\/\\\/lospoliticosveracruz.com\\\/?author=2\"}]}<\/script>\n<!-- \/ Yoast SEO plugin. -->","yoast_head_json":{"title":"LOS PRIMEROS LOGROS DE NAHLE - Los pol\u00edticos Veracruz","robots":{"index":"index","follow":"follow","max-snippet":"max-snippet:-1","max-image-preview":"max-image-preview:large","max-video-preview":"max-video-preview:-1"},"canonical":"https:\/\/lospoliticosveracruz.com\/?p=179585","og_locale":"es_ES","og_type":"article","og_title":"LOS PRIMEROS LOGROS DE NAHLE - Los pol\u00edticos Veracruz","og_description":"Miguel ValeraContrase\u00f1as Cuentan los historiadores que all\u00e1 por el a\u00f1o 47 antes de Cristo, luego de una r\u00e1pida batalla en contra del rey Fernando II del Ponto, el emperador Julio C\u00e9sar inmortaliz\u00f3 la victoria con una frase contundente: \u201cVeni, vidi, vici\u201d (Llegu\u00e9, vi, venc\u00ed). La frase ha trascendido en la historia y se utiliza cuando [&hellip;]","og_url":"https:\/\/lospoliticosveracruz.com\/?p=179585","og_site_name":"Los pol\u00edticos Veracruz","article_publisher":"https:\/\/www.facebook.com\/people\/Notimemes-de-los-Polticos\/61565672886568\/","article_published_time":"2026-08-31T03:11:20+00:00","article_modified_time":"2026-08-31T03:11:22+00:00","og_image":[{"width":600,"height":320,"url":"https:\/\/lospoliticosveracruz.com\/wp-content\/uploads\/2025\/04\/Miguel-Valera-e1785731940684.jpg","type":"image\/jpeg"}],"author":"Lo viste en Los Pol\u00edticos","twitter_card":"summary_large_image","twitter_creator":"@LosPoliticosVer","twitter_site":"@LosPoliticosVer","twitter_misc":{"Escrito por":"Lo viste en Los Pol\u00edticos","Tiempo de lectura":"4 minutos"},"schema":{"@context":"https:\/\/schema.org","@graph":[{"@type":"Article","@id":"https:\/\/lospoliticosveracruz.com\/?p=179585#article","isPartOf":{"@id":"https:\/\/lospoliticosveracruz.com\/?p=179585"},"author":{"name":"Lo viste en Los Pol\u00edticos","@id":"https:\/\/lospoliticosveracruz.com\/#\/schema\/person\/b8702bb0e538456e6efd07080bf2a4a2"},"headline":"LOS PRIMEROS LOGROS DE NAHLE","datePublished":"2026-08-31T03:11:20+00:00","dateModified":"2026-08-31T03:11:22+00:00","mainEntityOfPage":{"@id":"https:\/\/lospoliticosveracruz.com\/?p=179585"},"wordCount":816,"publisher":{"@id":"https:\/\/lospoliticosveracruz.com\/#organization"},"image":{"@id":"https:\/\/lospoliticosveracruz.com\/?p=179585#primaryimage"},"thumbnailUrl":"https:\/\/lospoliticosveracruz.com\/wp-content\/uploads\/2025\/04\/Miguel-Valera-e1785731940684.jpg","keywords":["Gobierno estatal","ingenio San Pedro","LIMPIAVER","Miguel Valera","Roc\u00edo Nahle","Transporte p\u00fablico","Veracruz"],"articleSection":["De Opini\u00f3n"],"inLanguage":"es"},{"@type":"WebPage","@id":"https:\/\/lospoliticosveracruz.com\/?p=179585","url":"https:\/\/lospoliticosveracruz.com\/?p=179585","name":"LOS PRIMEROS LOGROS DE NAHLE - Los pol\u00edticos Veracruz","isPartOf":{"@id":"https:\/\/lospoliticosveracruz.com\/#website"},"primaryImageOfPage":{"@id":"https:\/\/lospoliticosveracruz.com\/?p=179585#primaryimage"},"image":{"@id":"https:\/\/lospoliticosveracruz.com\/?p=179585#primaryimage"},"thumbnailUrl":"https:\/\/lospoliticosveracruz.com\/wp-content\/uploads\/2025\/04\/Miguel-Valera-e1785731940684.jpg","datePublished":"2026-08-31T03:11:20+00:00","dateModified":"2026-08-31T03:11:22+00:00","breadcrumb":{"@id":"https:\/\/lospoliticosveracruz.com\/?p=179585#breadcrumb"},"inLanguage":"es","potentialAction":[{"@type":"ReadAction","target":["https:\/\/lospoliticosveracruz.com\/?p=179585"]}]},{"@type":"ImageObject","inLanguage":"es","@id":"https:\/\/lospoliticosveracruz.com\/?p=179585#primaryimage","url":"https:\/\/lospoliticosveracruz.com\/wp-content\/uploads\/2025\/04\/Miguel-Valera-e1785731940684.jpg","contentUrl":"https:\/\/lospoliticosveracruz.com\/wp-content\/uploads\/2025\/04\/Miguel-Valera-e1785731940684.jpg","width":600,"height":320},{"@type":"BreadcrumbList","@id":"https:\/\/lospoliticosveracruz.com\/?p=179585#breadcrumb","itemListElement":[{"@type":"ListItem","position":1,"name":"Portada","item":"https:\/\/lospoliticosveracruz.com\/"},{"@type":"ListItem","position":2,"name":"LOS PRIMEROS LOGROS DE NAHLE"}]},{"@type":"WebSite","@id":"https:\/\/lospoliticosveracruz.com\/#website","url":"https:\/\/lospoliticosveracruz.com\/","name":"Los pol\u00edticos Veracruz","description":"","publisher":{"@id":"https:\/\/lospoliticosveracruz.com\/#organization"},"potentialAction":[{"@type":"SearchAction","target":{"@type":"EntryPoint","urlTemplate":"https:\/\/lospoliticosveracruz.com\/?s={search_term_string}"},"query-input":{"@type":"PropertyValueSpecification","valueRequired":true,"valueName":"search_term_string"}}],"inLanguage":"es"},{"@type":"Organization","@id":"https:\/\/lospoliticosveracruz.com\/#organization","name":"Los pol\u00edticos Veracruz","url":"https:\/\/lospoliticosveracruz.com\/","logo":{"@type":"ImageObject","inLanguage":"es","@id":"https:\/\/lospoliticosveracruz.com\/#\/schema\/logo\/image\/","url":"https:\/\/lospoliticosveracruz.com\/wp-content\/uploads\/2025\/12\/Logo-Nuevo-LOS-POLITICOS-1.jpg","contentUrl":"https:\/\/lospoliticosveracruz.com\/wp-content\/uploads\/2025\/12\/Logo-Nuevo-LOS-POLITICOS-1.jpg","width":260,"height":70,"caption":"Los pol\u00edticos Veracruz"},"image":{"@id":"https:\/\/lospoliticosveracruz.com\/#\/schema\/logo\/image\/"},"sameAs":["https:\/\/www.facebook.com\/people\/Notimemes-de-los-Polticos\/61565672886568\/","https:\/\/x.com\/LosPoliticosVer"]},{"@type":"Person","@id":"https:\/\/lospoliticosveracruz.com\/#\/schema\/person\/b8702bb0e538456e6efd07080bf2a4a2","name":"Lo viste en Los Pol\u00edticos","image":{"@type":"ImageObject","inLanguage":"es","@id":"https:\/\/secure.gravatar.com\/avatar\/3a8de04a2656d44082be478bd6c086daa447c4651605818287b9532d3d0bd435?s=96&d=mm&r=g","url":"https:\/\/secure.gravatar.com\/avatar\/3a8de04a2656d44082be478bd6c086daa447c4651605818287b9532d3d0bd435?s=96&d=mm&r=g","contentUrl":"https:\/\/secure.gravatar.com\/avatar\/3a8de04a2656d44082be478bd6c086daa447c4651605818287b9532d3d0bd435?s=96&d=mm&r=g","caption":"Lo viste en Los Pol\u00edticos"},"url":"https:\/\/lospoliticosveracruz.com\/?author=2"}]}},"_links":{"self":[{"href":"https:\/\/lospoliticosveracruz.com\/index.php?rest_route=\/wp\/v2\/posts\/179585","targetHints":{"allow":["GET"]}}],"collection":[{"href":"https:\/\/lospoliticosveracruz.com\/index.php?rest_route=\/wp\/v2\/posts"}],"about":[{"href":"https:\/\/lospoliticosveracruz.com\/index.php?rest_route=\/wp\/v2\/types\/post"}],"author":[{"embeddable":true,"href":"https:\/\/lospoliticosveracruz.com\/index.php?rest_route=\/wp\/v2\/users\/2"}],"replies":[{"embeddable":true,"href":"https:\/\/lospoliticosveracruz.com\/index.php?rest_route=%2Fwp%2Fv2%2Fcomments&post=179585"}],"version-history":[{"count":1,"href":"https:\/\/lospoliticosveracruz.com\/index.php?rest_route=\/wp\/v2\/posts\/179585\/revisions"}],"predecessor-version":[{"id":179586,"href":"https:\/\/lospoliticosveracruz.com\/index.php?rest_route=\/wp\/v2\/posts\/179585\/revisions\/179586"}],"wp:featuredmedia":[{"embeddable":true,"href":"https:\/\/lospoliticosveracruz.com\/index.php?rest_route=\/wp\/v2\/media\/141429"}],"wp:attachment":[{"href":"https:\/\/lospoliticosveracruz.com\/index.php?rest_route=%2Fwp%2Fv2%2Fmedia&parent=179585"}],"wp:term":[{"taxonomy":"category","embeddable":true,"href":"https:\/\/lospoliticosveracruz.com\/index.php?rest_route=%2Fwp%2Fv2%2Fcategories&post=179585"},{"taxonomy":"post_tag","embeddable":true,"href":"https:\/\/lospoliticosveracruz.com\/index.php?rest_route=%2Fwp%2Fv2%2Ftags&post=179585"}],"curies":[{"name":"wp","href":"https:\/\/api.w.org\/{rel}","templated":true}]}}