{"id":179589,"date":"2026-08-31T05:22:40","date_gmt":"2026-08-31T11:22:40","guid":{"rendered":"https:\/\/lospoliticosveracruz.com\/?p=179589"},"modified":"2026-08-31T05:28:36","modified_gmt":"2026-08-31T11:28:36","slug":"los-relampagos-politicos-de-agosto","status":"publish","type":"post","link":"https:\/\/lospoliticosveracruz.com\/?p=179589","title":{"rendered":"LOS REL\u00c1MPAGOS POL\u00cdTICOS DE AGOSTO"},"content":{"rendered":"<div class=\"wp-block-image\">\n<figure class=\"alignleft size-full is-resized\"><a href=\"https:\/\/lospoliticosveracruz.com\/wp-content\/uploads\/2026\/05\/IMG_1092.png\"><img loading=\"lazy\" decoding=\"async\" width=\"640\" height=\"600\" src=\"https:\/\/lospoliticosveracruz.com\/wp-content\/uploads\/2026\/05\/IMG_1092.png\" alt=\"\" class=\"wp-image-172799\" style=\"width:375px;height:auto\" srcset=\"https:\/\/lospoliticosveracruz.com\/wp-content\/uploads\/2026\/05\/IMG_1092.png 640w, https:\/\/lospoliticosveracruz.com\/wp-content\/uploads\/2026\/05\/IMG_1092-300x281.png 300w, https:\/\/lospoliticosveracruz.com\/wp-content\/uploads\/2026\/05\/IMG_1092-448x420.png 448w, https:\/\/lospoliticosveracruz.com\/wp-content\/uploads\/2026\/05\/IMG_1092-150x141.png 150w\" sizes=\"auto, (max-width: 640px) 100vw, 640px\" \/><\/a><\/figure>\n<\/div>\n\n\n<p><strong>Jos\u00e9 Luis Ortega Vidal<\/strong><br><em>Claroscuros<\/em><\/p>\n\n\n\n<p class=\"dropcapp1\">Agosto 2026 ha sido el mes con el m\u00e1s elevado nivel de tensi\u00f3n pol\u00edtica interna de M\u00e9xico durante lo que va del sexenio de la presidenta Claudia Sheinbaum Pardo.<br>Una duda evidente es: hasta d\u00f3nde esa tensi\u00f3n ha incidido en el \u00e1mbito pol\u00edtico interno de cada entidad; y en este caso, en Veracruz.<br>Luego, siempre desde un an\u00e1lisis deductivo, debemos reflexionar sobre el impacto de estos escenarios a nivel distrital.<br>\u00bfPor qu\u00e9 distrital y no municipal?<br>La respuesta es simple: porque si algo se ha sacudido desde las consecuencias para Claudia Sheinbaum a partir de la carta de Andr\u00e9s Manuel L\u00f3pez Beltr\u00e1n a Donald Trump (13\/08\/2026) y el retorno intempestivo de Rub\u00e9n Rocha Moya a la gubernatura de Sinaloa (21\/08\/2026), es el pre\u00e1mbulo de la elecci\u00f3n intermedia del 2027; es decir los comicios que definir\u00e1n el destino pol\u00edtico de la presidenta y su administraci\u00f3n.<br>(2)<br>No ha existido hasta el momento una lista completa de precandidatos(as) de MORENA a las 17 gubernaturas y cientos de cargos legislativos a disputarse el pr\u00f3ximo a\u00f1o.<br>No obstante, la prelista existente antes del agosto que concluye este lunes 31, ya no existe como tal a consecuencia de la referida carta de Andy y el escandaloso retorno del gobernador sinaloense bajo segunda licencia.<br>Ahora, dicha lista se determinar\u00eda -obligadamente- con el visto bueno directo desde la presidencia de la Rep\u00fablica.<br>(3)<br>Si pensamos en el caso de Sinaloa -por ejemplo- los aspirantes rochistas al gobierno local y a las diputaciones federales de dicha entidad, han quedado eliminados.<br>Detalles m\u00e1s, detalles menos, Rub\u00e9n Rocha no cuenta m\u00e1s con el poder para palomear a nadie; adem\u00e1s de emanar desde su persona un sospechoso olor a prisi\u00f3n estadounidense.<br>\u00bfAcabar\u00e1 preso don Rub\u00e9n?<br>No lo s\u00e9; solo afirm\u00f3 que huele a prisi\u00f3n como sus exsecretarios de Seguridad, el general Genaro M\u00e9rida S\u00e1nchez, y de Finanzas, Enrique Alfonso D\u00edaz Vega.<br>(4)<br>Respecto al caso Veracruz, las 19 candidaturas federales guindas tambi\u00e9n ser\u00edan aprobadas desde el escritorio de la agredida presidenta Claudia Sheinbaum; a\u00fan cuando lleven recomendaciones de Roc\u00edo Nahle y Ariadna Montiel.<br>Como nunca, quedar\u00eda claro que no es lo mismo recomendar que autorizar.<br>(5)<br>Listados de candidaturas desde siempre se han compartido entre gobernadores, el presidente en turno y la dirigencia nacional del partido correspondiente.<br>El punto novedoso con respecto al 2027 pasa por un elemento denominado confianza; m\u00e1s espec\u00edficamente, confianza de Estado.<br>Y es que al referirnos a la modificaci\u00f3n del escenario de poder del pa\u00eds por lo que bien podemos parafrasear -con el permiso del siempre l\u00facido escritor Jorge Ibarg\u00fcengoitia (qepd)-: Los rel\u00e1mpagos pol\u00edticos de agosto, topamos con la urgente necesidad de la presidenta Claudia Sheinbaum de forjar un Poder Legislativo bajo su liderazgo, para garantizar lealtad a ella, y a nadie m\u00e1s\u2026<br>(6)<br>Se ha escrito por parte de columnistas desde la Ciudad de M\u00e9xico que el expresidente Andr\u00e9s Manuel L\u00f3pez Obrador conf\u00eda plenamente en la gobernadora de Veracruz, Roc\u00edo Nahle Garc\u00eda, y que a partir de ello la ha convertido en su enlace con figuras clave como Rub\u00e9n Rocha Moya.<br>La gobernadora ha declarado que AMLO es un hombre al que admira y quiere mucho, al tiempo de calificar de mentira la especie de operar para el exmandatario.<br>Ciertamente, a favor de la versi\u00f3n de Nahle Garc\u00eda, no existen pruebas que sustenten los dichos de los periodistas defe\u00f1os.<br>(7)<br>De lo que no se puede dudar es del sacudimiento pol\u00edtico al m\u00e1s alto nivel del pa\u00eds no solo respecto a MORENA sino en nuestro Congreso Federal y en la relaci\u00f3n bilateral M\u00e9xico-Estados Unidos, a partir de los referidos rel\u00e1mpagos pol\u00edticos de agosto.<br>(8)<br>La carta de Claudia Sheinbaum publicada el s\u00e1bado 22 de agosto a prop\u00f3sito del regreso de Rocha Moya a la gubernatura de Sinaloa -apegado a derecho pero desapegado al poder presidencial- ha marcado un antes y un despu\u00e9s en la relaci\u00f3n entre Claudia Sheinbaum Pardo y Andr\u00e9s Manuel L\u00f3pez Obrador.<br>Tal vinculaci\u00f3n entre el ex con poder pol\u00edtico vigente y la actual con poder pol\u00edtico vigente, pero adem\u00e1s con poder constitucional y de Estado, luce vapuleada, modificada, un tanto confusa porque a\u00fan no se conocen sus consecuencias a plenitud, pero finalmente decantada a favor de un lado de la mesa como no lo hab\u00edamos visto antes: el de la presidenta Claudia Sheinbaum Pardo, electa para mandar en M\u00e9xico durante el sexenio 2024-2030.<br>(9)<br>La carta de la doctora Sheinbaum ha ratificado su poder oficial, dos a\u00f1os despu\u00e9s del relevo de la banda presidencial.<br>(10)<br>Nihil Nove Sub Sole, dijeron los latinos.<br>No hay nada nuevo bajo el sol\u2026<br>Ocurre, simplemente, que los rel\u00e1mpagos pol\u00edticos de agosto han dejado dos reclamos esenciales para el devenir pol\u00edtico de M\u00e9xico -y Veracruz- a partir de ya:<br>a) Confianza basada en lealtad probada al poder presidencial oficial.<br>b) Mano firme para cerrar el ciclo de maximato operado desde Palenque.<\/p>\n","protected":false},"excerpt":{"rendered":"<p>Jos\u00e9 Luis Ortega VidalClaroscuros Agosto 2026 ha sido el mes con el m\u00e1s elevado nivel de tensi\u00f3n pol\u00edtica interna de M\u00e9xico durante lo que va del sexenio de la presidenta Claudia Sheinbaum Pardo.Una duda evidente es: hasta d\u00f3nde esa tensi\u00f3n ha incidido en el \u00e1mbito pol\u00edtico interno de cada entidad; y en este caso, en [&hellip;]<\/p>\n","protected":false},"author":2,"featured_media":141392,"comment_status":"closed","ping_status":"closed","sticky":false,"template":"","format":"standard","meta":{"tdm_status":"","tdm_grid_status":"","footnotes":""},"categories":[70],"tags":[618,9627,3578,6868,195],"class_list":{"0":"post-179589","1":"post","2":"type-post","3":"status-publish","4":"format-standard","5":"has-post-thumbnail","7":"category-de-opinion","8":"tag-andres-manuel-lopez-obrador","9":"tag-claudia-sheinbaum","10":"tag-rocio-nahle","11":"tag-sinaloa","12":"tag-veracruz"},"yoast_head":"<!-- This site is optimized with the Yoast SEO plugin v28.1 - https:\/\/yoast.com\/product\/yoast-seo-wordpress\/ -->\n<title>LOS REL\u00c1MPAGOS POL\u00cdTICOS DE AGOSTO - Los pol\u00edticos Veracruz<\/title>\n<meta name=\"robots\" content=\"index, follow, max-snippet:-1, max-image-preview:large, max-video-preview:-1\" \/>\n<link rel=\"canonical\" href=\"https:\/\/lospoliticosveracruz.com\/?p=179589\" \/>\n<meta property=\"og:locale\" content=\"es_ES\" \/>\n<meta property=\"og:type\" content=\"article\" \/>\n<meta property=\"og:title\" content=\"LOS REL\u00c1MPAGOS POL\u00cdTICOS DE AGOSTO - Los pol\u00edticos Veracruz\" \/>\n<meta property=\"og:description\" content=\"Jos\u00e9 Luis Ortega VidalClaroscuros Agosto 2026 ha sido el mes con el m\u00e1s elevado nivel de tensi\u00f3n pol\u00edtica interna de M\u00e9xico durante lo que va del sexenio de la presidenta Claudia Sheinbaum Pardo.Una duda evidente es: hasta d\u00f3nde esa tensi\u00f3n ha incidido en el \u00e1mbito pol\u00edtico interno de cada entidad; y en este caso, en [&hellip;]\" \/>\n<meta property=\"og:url\" content=\"https:\/\/lospoliticosveracruz.com\/?p=179589\" \/>\n<meta property=\"og:site_name\" content=\"Los pol\u00edticos Veracruz\" \/>\n<meta property=\"article:publisher\" content=\"https:\/\/www.facebook.com\/people\/Notimemes-de-los-Polticos\/61565672886568\/\" \/>\n<meta property=\"article:published_time\" content=\"2026-08-31T11:22:40+00:00\" \/>\n<meta property=\"article:modified_time\" content=\"2026-08-31T11:28:36+00:00\" \/>\n<meta property=\"og:image\" content=\"https:\/\/lospoliticosveracruz.com\/wp-content\/uploads\/2025\/04\/Jose-Luis-Ortega-Vidal.jpg\" \/>\n\t<meta property=\"og:image:width\" content=\"1250\" \/>\n\t<meta property=\"og:image:height\" content=\"667\" \/>\n\t<meta property=\"og:image:type\" content=\"image\/jpeg\" \/>\n<meta name=\"author\" content=\"Lo viste en Los Pol\u00edticos\" \/>\n<meta name=\"twitter:card\" content=\"summary_large_image\" \/>\n<meta name=\"twitter:creator\" content=\"@LosPoliticosVer\" \/>\n<meta name=\"twitter:site\" content=\"@LosPoliticosVer\" \/>\n<meta name=\"twitter:label1\" content=\"Escrito por\" \/>\n\t<meta name=\"twitter:data1\" content=\"Lo viste en Los Pol\u00edticos\" \/>\n\t<meta name=\"twitter:label2\" content=\"Tiempo de lectura\" \/>\n\t<meta name=\"twitter:data2\" content=\"5 minutos\" \/>\n<script type=\"application\/ld+json\" class=\"yoast-schema-graph\">{\"@context\":\"https:\\\/\\\/schema.org\",\"@graph\":[{\"@type\":\"Article\",\"@id\":\"https:\\\/\\\/lospoliticosveracruz.com\\\/?p=179589#article\",\"isPartOf\":{\"@id\":\"https:\\\/\\\/lospoliticosveracruz.com\\\/?p=179589\"},\"author\":{\"name\":\"Lo viste en Los Pol\u00edticos\",\"@id\":\"https:\\\/\\\/lospoliticosveracruz.com\\\/#\\\/schema\\\/person\\\/b8702bb0e538456e6efd07080bf2a4a2\"},\"headline\":\"LOS REL\u00c1MPAGOS POL\u00cdTICOS DE AGOSTO\",\"datePublished\":\"2026-08-31T11:22:40+00:00\",\"dateModified\":\"2026-08-31T11:28:36+00:00\",\"mainEntityOfPage\":{\"@id\":\"https:\\\/\\\/lospoliticosveracruz.com\\\/?p=179589\"},\"wordCount\":880,\"publisher\":{\"@id\":\"https:\\\/\\\/lospoliticosveracruz.com\\\/#organization\"},\"image\":{\"@id\":\"https:\\\/\\\/lospoliticosveracruz.com\\\/?p=179589#primaryimage\"},\"thumbnailUrl\":\"https:\\\/\\\/lospoliticosveracruz.com\\\/wp-content\\\/uploads\\\/2025\\\/04\\\/Jose-Luis-Ortega-Vidal.jpg\",\"keywords\":[\"Andr\u00e9s Manuel L\u00f3pez Obrador\",\"Claudia Sheinbaum\",\"Roc\u00edo Nahle\",\"Sinaloa\",\"Veracruz\"],\"articleSection\":[\"De Opini\u00f3n\"],\"inLanguage\":\"es\"},{\"@type\":\"WebPage\",\"@id\":\"https:\\\/\\\/lospoliticosveracruz.com\\\/?p=179589\",\"url\":\"https:\\\/\\\/lospoliticosveracruz.com\\\/?p=179589\",\"name\":\"LOS REL\u00c1MPAGOS POL\u00cdTICOS DE AGOSTO - Los pol\u00edticos Veracruz\",\"isPartOf\":{\"@id\":\"https:\\\/\\\/lospoliticosveracruz.com\\\/#website\"},\"primaryImageOfPage\":{\"@id\":\"https:\\\/\\\/lospoliticosveracruz.com\\\/?p=179589#primaryimage\"},\"image\":{\"@id\":\"https:\\\/\\\/lospoliticosveracruz.com\\\/?p=179589#primaryimage\"},\"thumbnailUrl\":\"https:\\\/\\\/lospoliticosveracruz.com\\\/wp-content\\\/uploads\\\/2025\\\/04\\\/Jose-Luis-Ortega-Vidal.jpg\",\"datePublished\":\"2026-08-31T11:22:40+00:00\",\"dateModified\":\"2026-08-31T11:28:36+00:00\",\"breadcrumb\":{\"@id\":\"https:\\\/\\\/lospoliticosveracruz.com\\\/?p=179589#breadcrumb\"},\"inLanguage\":\"es\",\"potentialAction\":[{\"@type\":\"ReadAction\",\"target\":[\"https:\\\/\\\/lospoliticosveracruz.com\\\/?p=179589\"]}]},{\"@type\":\"ImageObject\",\"inLanguage\":\"es\",\"@id\":\"https:\\\/\\\/lospoliticosveracruz.com\\\/?p=179589#primaryimage\",\"url\":\"https:\\\/\\\/lospoliticosveracruz.com\\\/wp-content\\\/uploads\\\/2025\\\/04\\\/Jose-Luis-Ortega-Vidal.jpg\",\"contentUrl\":\"https:\\\/\\\/lospoliticosveracruz.com\\\/wp-content\\\/uploads\\\/2025\\\/04\\\/Jose-Luis-Ortega-Vidal.jpg\",\"width\":1250,\"height\":667},{\"@type\":\"BreadcrumbList\",\"@id\":\"https:\\\/\\\/lospoliticosveracruz.com\\\/?p=179589#breadcrumb\",\"itemListElement\":[{\"@type\":\"ListItem\",\"position\":1,\"name\":\"Portada\",\"item\":\"https:\\\/\\\/lospoliticosveracruz.com\\\/\"},{\"@type\":\"ListItem\",\"position\":2,\"name\":\"LOS REL\u00c1MPAGOS POL\u00cdTICOS DE AGOSTO\"}]},{\"@type\":\"WebSite\",\"@id\":\"https:\\\/\\\/lospoliticosveracruz.com\\\/#website\",\"url\":\"https:\\\/\\\/lospoliticosveracruz.com\\\/\",\"name\":\"Los pol\u00edticos Veracruz\",\"description\":\"\",\"publisher\":{\"@id\":\"https:\\\/\\\/lospoliticosveracruz.com\\\/#organization\"},\"potentialAction\":[{\"@type\":\"SearchAction\",\"target\":{\"@type\":\"EntryPoint\",\"urlTemplate\":\"https:\\\/\\\/lospoliticosveracruz.com\\\/?s={search_term_string}\"},\"query-input\":{\"@type\":\"PropertyValueSpecification\",\"valueRequired\":true,\"valueName\":\"search_term_string\"}}],\"inLanguage\":\"es\"},{\"@type\":\"Organization\",\"@id\":\"https:\\\/\\\/lospoliticosveracruz.com\\\/#organization\",\"name\":\"Los pol\u00edticos Veracruz\",\"url\":\"https:\\\/\\\/lospoliticosveracruz.com\\\/\",\"logo\":{\"@type\":\"ImageObject\",\"inLanguage\":\"es\",\"@id\":\"https:\\\/\\\/lospoliticosveracruz.com\\\/#\\\/schema\\\/logo\\\/image\\\/\",\"url\":\"https:\\\/\\\/lospoliticosveracruz.com\\\/wp-content\\\/uploads\\\/2025\\\/12\\\/Logo-Nuevo-LOS-POLITICOS-1.jpg\",\"contentUrl\":\"https:\\\/\\\/lospoliticosveracruz.com\\\/wp-content\\\/uploads\\\/2025\\\/12\\\/Logo-Nuevo-LOS-POLITICOS-1.jpg\",\"width\":260,\"height\":70,\"caption\":\"Los pol\u00edticos Veracruz\"},\"image\":{\"@id\":\"https:\\\/\\\/lospoliticosveracruz.com\\\/#\\\/schema\\\/logo\\\/image\\\/\"},\"sameAs\":[\"https:\\\/\\\/www.facebook.com\\\/people\\\/Notimemes-de-los-Polticos\\\/61565672886568\\\/\",\"https:\\\/\\\/x.com\\\/LosPoliticosVer\"]},{\"@type\":\"Person\",\"@id\":\"https:\\\/\\\/lospoliticosveracruz.com\\\/#\\\/schema\\\/person\\\/b8702bb0e538456e6efd07080bf2a4a2\",\"name\":\"Lo viste en Los Pol\u00edticos\",\"image\":{\"@type\":\"ImageObject\",\"inLanguage\":\"es\",\"@id\":\"https:\\\/\\\/secure.gravatar.com\\\/avatar\\\/3a8de04a2656d44082be478bd6c086daa447c4651605818287b9532d3d0bd435?s=96&d=mm&r=g\",\"url\":\"https:\\\/\\\/secure.gravatar.com\\\/avatar\\\/3a8de04a2656d44082be478bd6c086daa447c4651605818287b9532d3d0bd435?s=96&d=mm&r=g\",\"contentUrl\":\"https:\\\/\\\/secure.gravatar.com\\\/avatar\\\/3a8de04a2656d44082be478bd6c086daa447c4651605818287b9532d3d0bd435?s=96&d=mm&r=g\",\"caption\":\"Lo viste en Los Pol\u00edticos\"},\"url\":\"https:\\\/\\\/lospoliticosveracruz.com\\\/?author=2\"}]}<\/script>\n<!-- \/ Yoast SEO plugin. -->","yoast_head_json":{"title":"LOS REL\u00c1MPAGOS POL\u00cdTICOS DE AGOSTO - Los pol\u00edticos Veracruz","robots":{"index":"index","follow":"follow","max-snippet":"max-snippet:-1","max-image-preview":"max-image-preview:large","max-video-preview":"max-video-preview:-1"},"canonical":"https:\/\/lospoliticosveracruz.com\/?p=179589","og_locale":"es_ES","og_type":"article","og_title":"LOS REL\u00c1MPAGOS POL\u00cdTICOS DE AGOSTO - Los pol\u00edticos Veracruz","og_description":"Jos\u00e9 Luis Ortega VidalClaroscuros Agosto 2026 ha sido el mes con el m\u00e1s elevado nivel de tensi\u00f3n pol\u00edtica interna de M\u00e9xico durante lo que va del sexenio de la presidenta Claudia Sheinbaum Pardo.Una duda evidente es: hasta d\u00f3nde esa tensi\u00f3n ha incidido en el \u00e1mbito pol\u00edtico interno de cada entidad; y en este caso, en [&hellip;]","og_url":"https:\/\/lospoliticosveracruz.com\/?p=179589","og_site_name":"Los pol\u00edticos Veracruz","article_publisher":"https:\/\/www.facebook.com\/people\/Notimemes-de-los-Polticos\/61565672886568\/","article_published_time":"2026-08-31T11:22:40+00:00","article_modified_time":"2026-08-31T11:28:36+00:00","og_image":[{"width":1250,"height":667,"url":"https:\/\/lospoliticosveracruz.com\/wp-content\/uploads\/2025\/04\/Jose-Luis-Ortega-Vidal.jpg","type":"image\/jpeg"}],"author":"Lo viste en Los Pol\u00edticos","twitter_card":"summary_large_image","twitter_creator":"@LosPoliticosVer","twitter_site":"@LosPoliticosVer","twitter_misc":{"Escrito por":"Lo viste en Los Pol\u00edticos","Tiempo de lectura":"5 minutos"},"schema":{"@context":"https:\/\/schema.org","@graph":[{"@type":"Article","@id":"https:\/\/lospoliticosveracruz.com\/?p=179589#article","isPartOf":{"@id":"https:\/\/lospoliticosveracruz.com\/?p=179589"},"author":{"name":"Lo viste en Los Pol\u00edticos","@id":"https:\/\/lospoliticosveracruz.com\/#\/schema\/person\/b8702bb0e538456e6efd07080bf2a4a2"},"headline":"LOS REL\u00c1MPAGOS POL\u00cdTICOS DE AGOSTO","datePublished":"2026-08-31T11:22:40+00:00","dateModified":"2026-08-31T11:28:36+00:00","mainEntityOfPage":{"@id":"https:\/\/lospoliticosveracruz.com\/?p=179589"},"wordCount":880,"publisher":{"@id":"https:\/\/lospoliticosveracruz.com\/#organization"},"image":{"@id":"https:\/\/lospoliticosveracruz.com\/?p=179589#primaryimage"},"thumbnailUrl":"https:\/\/lospoliticosveracruz.com\/wp-content\/uploads\/2025\/04\/Jose-Luis-Ortega-Vidal.jpg","keywords":["Andr\u00e9s Manuel L\u00f3pez Obrador","Claudia Sheinbaum","Roc\u00edo Nahle","Sinaloa","Veracruz"],"articleSection":["De Opini\u00f3n"],"inLanguage":"es"},{"@type":"WebPage","@id":"https:\/\/lospoliticosveracruz.com\/?p=179589","url":"https:\/\/lospoliticosveracruz.com\/?p=179589","name":"LOS REL\u00c1MPAGOS POL\u00cdTICOS DE AGOSTO - Los pol\u00edticos Veracruz","isPartOf":{"@id":"https:\/\/lospoliticosveracruz.com\/#website"},"primaryImageOfPage":{"@id":"https:\/\/lospoliticosveracruz.com\/?p=179589#primaryimage"},"image":{"@id":"https:\/\/lospoliticosveracruz.com\/?p=179589#primaryimage"},"thumbnailUrl":"https:\/\/lospoliticosveracruz.com\/wp-content\/uploads\/2025\/04\/Jose-Luis-Ortega-Vidal.jpg","datePublished":"2026-08-31T11:22:40+00:00","dateModified":"2026-08-31T11:28:36+00:00","breadcrumb":{"@id":"https:\/\/lospoliticosveracruz.com\/?p=179589#breadcrumb"},"inLanguage":"es","potentialAction":[{"@type":"ReadAction","target":["https:\/\/lospoliticosveracruz.com\/?p=179589"]}]},{"@type":"ImageObject","inLanguage":"es","@id":"https:\/\/lospoliticosveracruz.com\/?p=179589#primaryimage","url":"https:\/\/lospoliticosveracruz.com\/wp-content\/uploads\/2025\/04\/Jose-Luis-Ortega-Vidal.jpg","contentUrl":"https:\/\/lospoliticosveracruz.com\/wp-content\/uploads\/2025\/04\/Jose-Luis-Ortega-Vidal.jpg","width":1250,"height":667},{"@type":"BreadcrumbList","@id":"https:\/\/lospoliticosveracruz.com\/?p=179589#breadcrumb","itemListElement":[{"@type":"ListItem","position":1,"name":"Portada","item":"https:\/\/lospoliticosveracruz.com\/"},{"@type":"ListItem","position":2,"name":"LOS REL\u00c1MPAGOS POL\u00cdTICOS DE AGOSTO"}]},{"@type":"WebSite","@id":"https:\/\/lospoliticosveracruz.com\/#website","url":"https:\/\/lospoliticosveracruz.com\/","name":"Los pol\u00edticos Veracruz","description":"","publisher":{"@id":"https:\/\/lospoliticosveracruz.com\/#organization"},"potentialAction":[{"@type":"SearchAction","target":{"@type":"EntryPoint","urlTemplate":"https:\/\/lospoliticosveracruz.com\/?s={search_term_string}"},"query-input":{"@type":"PropertyValueSpecification","valueRequired":true,"valueName":"search_term_string"}}],"inLanguage":"es"},{"@type":"Organization","@id":"https:\/\/lospoliticosveracruz.com\/#organization","name":"Los pol\u00edticos Veracruz","url":"https:\/\/lospoliticosveracruz.com\/","logo":{"@type":"ImageObject","inLanguage":"es","@id":"https:\/\/lospoliticosveracruz.com\/#\/schema\/logo\/image\/","url":"https:\/\/lospoliticosveracruz.com\/wp-content\/uploads\/2025\/12\/Logo-Nuevo-LOS-POLITICOS-1.jpg","contentUrl":"https:\/\/lospoliticosveracruz.com\/wp-content\/uploads\/2025\/12\/Logo-Nuevo-LOS-POLITICOS-1.jpg","width":260,"height":70,"caption":"Los pol\u00edticos Veracruz"},"image":{"@id":"https:\/\/lospoliticosveracruz.com\/#\/schema\/logo\/image\/"},"sameAs":["https:\/\/www.facebook.com\/people\/Notimemes-de-los-Polticos\/61565672886568\/","https:\/\/x.com\/LosPoliticosVer"]},{"@type":"Person","@id":"https:\/\/lospoliticosveracruz.com\/#\/schema\/person\/b8702bb0e538456e6efd07080bf2a4a2","name":"Lo viste en Los Pol\u00edticos","image":{"@type":"ImageObject","inLanguage":"es","@id":"https:\/\/secure.gravatar.com\/avatar\/3a8de04a2656d44082be478bd6c086daa447c4651605818287b9532d3d0bd435?s=96&d=mm&r=g","url":"https:\/\/secure.gravatar.com\/avatar\/3a8de04a2656d44082be478bd6c086daa447c4651605818287b9532d3d0bd435?s=96&d=mm&r=g","contentUrl":"https:\/\/secure.gravatar.com\/avatar\/3a8de04a2656d44082be478bd6c086daa447c4651605818287b9532d3d0bd435?s=96&d=mm&r=g","caption":"Lo viste en Los Pol\u00edticos"},"url":"https:\/\/lospoliticosveracruz.com\/?author=2"}]}},"_links":{"self":[{"href":"https:\/\/lospoliticosveracruz.com\/index.php?rest_route=\/wp\/v2\/posts\/179589","targetHints":{"allow":["GET"]}}],"collection":[{"href":"https:\/\/lospoliticosveracruz.com\/index.php?rest_route=\/wp\/v2\/posts"}],"about":[{"href":"https:\/\/lospoliticosveracruz.com\/index.php?rest_route=\/wp\/v2\/types\/post"}],"author":[{"embeddable":true,"href":"https:\/\/lospoliticosveracruz.com\/index.php?rest_route=\/wp\/v2\/users\/2"}],"replies":[{"embeddable":true,"href":"https:\/\/lospoliticosveracruz.com\/index.php?rest_route=%2Fwp%2Fv2%2Fcomments&post=179589"}],"version-history":[{"count":2,"href":"https:\/\/lospoliticosveracruz.com\/index.php?rest_route=\/wp\/v2\/posts\/179589\/revisions"}],"predecessor-version":[{"id":179593,"href":"https:\/\/lospoliticosveracruz.com\/index.php?rest_route=\/wp\/v2\/posts\/179589\/revisions\/179593"}],"wp:featuredmedia":[{"embeddable":true,"href":"https:\/\/lospoliticosveracruz.com\/index.php?rest_route=\/wp\/v2\/media\/141392"}],"wp:attachment":[{"href":"https:\/\/lospoliticosveracruz.com\/index.php?rest_route=%2Fwp%2Fv2%2Fmedia&parent=179589"}],"wp:term":[{"taxonomy":"category","embeddable":true,"href":"https:\/\/lospoliticosveracruz.com\/index.php?rest_route=%2Fwp%2Fv2%2Fcategories&post=179589"},{"taxonomy":"post_tag","embeddable":true,"href":"https:\/\/lospoliticosveracruz.com\/index.php?rest_route=%2Fwp%2Fv2%2Ftags&post=179589"}],"curies":[{"name":"wp","href":"https:\/\/api.w.org\/{rel}","templated":true}]}}