{"id":179594,"date":"2026-08-31T05:33:05","date_gmt":"2026-08-31T11:33:05","guid":{"rendered":"https:\/\/lospoliticosveracruz.com\/?p=179594"},"modified":"2026-08-31T05:33:07","modified_gmt":"2026-08-31T11:33:07","slug":"crisis-logistica-en-la-frontera-norte","status":"publish","type":"post","link":"https:\/\/lospoliticosveracruz.com\/?p=179594","title":{"rendered":"CRISIS LOG\u00cdSTICA EN LA FRONTERA NORTE"},"content":{"rendered":"<div class=\"wp-block-image\">\n<figure class=\"alignleft size-large is-resized\"><a href=\"https:\/\/lospoliticosveracruz.com\/wp-content\/uploads\/2026\/08\/Contribuciones-VER-scaled.jpg\"><img loading=\"lazy\" decoding=\"async\" width=\"1024\" height=\"127\" src=\"https:\/\/lospoliticosveracruz.com\/wp-content\/uploads\/2026\/08\/Contribuciones-VER-1024x127.jpg\" alt=\"\" class=\"wp-image-178578\" style=\"aspect-ratio:8.063745019920319;width:783px;height:auto\" srcset=\"https:\/\/lospoliticosveracruz.com\/wp-content\/uploads\/2026\/08\/Contribuciones-VER-1024x127.jpg 1024w, https:\/\/lospoliticosveracruz.com\/wp-content\/uploads\/2026\/08\/Contribuciones-VER-300x37.jpg 300w, https:\/\/lospoliticosveracruz.com\/wp-content\/uploads\/2026\/08\/Contribuciones-VER-768x95.jpg 768w, https:\/\/lospoliticosveracruz.com\/wp-content\/uploads\/2026\/08\/Contribuciones-VER-1536x190.jpg 1536w, https:\/\/lospoliticosveracruz.com\/wp-content\/uploads\/2026\/08\/Contribuciones-VER-2048x253.jpg 2048w, https:\/\/lospoliticosveracruz.com\/wp-content\/uploads\/2026\/08\/Contribuciones-VER-150x19.jpg 150w, https:\/\/lospoliticosveracruz.com\/wp-content\/uploads\/2026\/08\/Contribuciones-VER-696x86.jpg 696w, https:\/\/lospoliticosveracruz.com\/wp-content\/uploads\/2026\/08\/Contribuciones-VER-1068x132.jpg 1068w, https:\/\/lospoliticosveracruz.com\/wp-content\/uploads\/2026\/08\/Contribuciones-VER-1920x237.jpg 1920w\" sizes=\"auto, (max-width: 1024px) 100vw, 1024px\" \/><\/a><\/figure>\n<\/div>\n\n<div class=\"wp-block-image\">\n<figure class=\"alignleft size-full is-resized\"><a href=\"https:\/\/www.facebook.com\/ViveVeracruzCultura\/posts\/pfbid0RVyf5bm7vC1RyRraD63geXbMuFMMiSpkZcysmk9Z2ShmGQMEdh1GbjDgbYFyeyNZl\" target=\"_blank\" rel=\"https:\/\/www.facebook.com\/ViveVeracruzCultura\/posts\/pfbid0RVyf5bm7vC1RyRraD63geXbMuFMMiSpkZcysmk9Z2ShmGQMEdh1GbjDgbYFyeyNZl\"><img loading=\"lazy\" decoding=\"async\" width=\"701\" height=\"561\" src=\"https:\/\/lospoliticosveracruz.com\/wp-content\/uploads\/2026\/07\/Verano.png\" alt=\"\" class=\"wp-image-177651\" style=\"aspect-ratio:1.2495613179957106;width:422px;height:auto\" srcset=\"https:\/\/lospoliticosveracruz.com\/wp-content\/uploads\/2026\/07\/Verano.png 701w, https:\/\/lospoliticosveracruz.com\/wp-content\/uploads\/2026\/07\/Verano-300x240.png 300w, https:\/\/lospoliticosveracruz.com\/wp-content\/uploads\/2026\/07\/Verano-525x420.png 525w, https:\/\/lospoliticosveracruz.com\/wp-content\/uploads\/2026\/07\/Verano-150x120.png 150w, https:\/\/lospoliticosveracruz.com\/wp-content\/uploads\/2026\/07\/Verano-696x557.png 696w\" sizes=\"auto, (max-width: 701px) 100vw, 701px\" \/><\/a><\/figure>\n<\/div>\n\n\n<p><strong>Carlos Miguel Acosta Bravo<\/strong><br><em>Impronta<\/em><\/p>\n\n\n\n<p class=\"dropcapp1\">La cancelaci\u00f3n de al menos 25,000 visas tipo B-1 a operadores mexicanos de carga internacional est\u00e1 generando una crisis log\u00edstica en la frontera norte que ya est\u00e1 afectando las exportaciones de M\u00e9xico hacia Estados Unidos, particularmente hacia California, con operaciones que han ca\u00eddo de 4,500 a solo 2,000 cruces diarios y productos agr\u00edcolas en riesgo de descomposici\u00f3n por las demoras.<\/p>\n\n\n\n<p>Seg\u00fan alert\u00f3 la C\u00e1mara Nacional del Autotransporte de Carga (Canacar) el 30 de agosto de 2026, al menos 25,000 visas B-1 han sido retiradas a operadores mexicanos de carga internacional entre enero de 2025 y agosto de 2026.<\/p>\n\n\n\n<p>Esta medida ha sido impulsada por autoridades estadounidenses como la Oficina de Aduanas y Protecci\u00f3n Fronteriza (CBP), el Servicio de Inmigraci\u00f3n y Control de Aduanas (ICE) y el Departamento de Transporte (DOT), respondiendo a un endurecimiento en la vigilancia de las reglas de cabotaje y a la exigencia del dominio del idioma ingl\u00e9s para los conductores.<\/p>\n\n\n\n<p>Las 25,000 visas se han retirado b\u00e1sicamente por dos motivos&nbsp;un&nbsp;supuesto \u00abcabotaje dom\u00e9stico\u00bb,&nbsp;Pr\u00e1ctica prohibida donde unidades con visa B-1 realizan traslados entre dos puntos dentro del territorio estadounidense, mientras que la visa solo permite cruces internacionales.Tambi\u00e9n se ha aludido falta de&nbsp;cumplimiento al&nbsp;protocolo estandarizado,&nbsp;las entrevistas de inspecci\u00f3n est\u00e1n sujetas al criterio de un oficial de la CBP o de ICE para suspender o cancelar la visa del operador,&nbsp;todo esto&nbsp;sin un protocolo claro.<\/p>\n\n\n\n<p>A partir de junio de 2025, se implement\u00f3 la obligatoriedad del dominio del ingl\u00e9s para los operadores de veh\u00edculos comerciales en Estados Unidos, un factor determinante en la cancelaci\u00f3n de miles de visas, ya que muchos conductores mexicanos no cumplen con este requisito durante las entrevistas de inspecci\u00f3n.<\/p>\n\n\n\n<p>El efecto inmediato ha sido dram\u00e1tico,&nbsp;las operaciones de cruce de camiones de carga han disminuido de 4,500 a solo 2,000 por d\u00eda, una reducci\u00f3n de m\u00e1s del 55% en la capacidad de transporte transfronterizo.&nbsp;Esta contracci\u00f3n tiene consecuencias directas en m\u00faltiples sectores.&nbsp;Los productos perecederos y alimentos, especialmente cargas agr\u00edcolas provenientes de San Quint\u00edn,&nbsp;Baja California y Nogales,Sonora, est\u00e1n expuestos a penalizaciones por descomposici\u00f3n en caso de demoras prolongadas.<\/p>\n\n\n\n<p>Frutas y verduras&nbsp;como&nbsp;tomates, pimientos, berries y hortalizas que requieren entrega r\u00e1pida pueden perderse antes de llegar a los centros de distribuci\u00f3n en California.Productos del mar&nbsp;como&nbsp;pescados y mariscos frescos tienen ventanas de entrega muy cortas&nbsp;y por \u00faltimo flores&nbsp;yproductos ornamentales de alta perecibilidad.<\/p>\n\n\n\n<p>Otra de&nbsp;las industrias con mayor riesgo de afectaci\u00f3n est\u00e1n las del sector m\u00e9dico, con productos fabricados en Baja California y destinados a California, Estados Unidos.Dispositivos m\u00e9dicos&nbsp;y&nbsp;equipos y suministros que requieren entrega oportuna a hospitales y cl\u00ednicas.&nbsp;Componentes electr\u00f3nicos&nbsp;como&nbsp;servidores y partes tecnol\u00f3gicas que alimentan las cadenas de suministro de Silicon Valley y otras zonas industriales.<\/p>\n\n\n\n<p>La industria automotriz y de autopartes, que depende de entregas just-in-time, enfrenta riesgos de interrupci\u00f3n en sus cadenas de suministro, especialmente para plantas en California que reciben componentes desde Baja California y otros estados del norte de M\u00e9xico.<\/p>\n\n\n\n<p>La incertidumbre en los tiempos de entrega hace que los compradores estadounidenses busquen proveedores alternativos en otros pa\u00edses,&nbsp;afectando&nbsp;la ventaja competitiva de M\u00e9xico por&nbsp;la&nbsp;proximidad geogr\u00e1fica.<\/p>\n\n\n\n<p>El sector del autotransporte de carga emplea a cientos de miles de mexicanos directamente conductores, operadores, personal de log\u00edstica e indirectamente agricultores, manufactureros, comerciantes. Una contracci\u00f3n sostenida de las operaciones fronterizas pone en riesgo estos empleos.<\/p>\n\n\n\n<p>La industria automotriz, que ya enfrenta ca\u00eddas en exportaciones&nbsp;hasta del&nbsp;9.7% en julio de 2026, podr\u00eda ver agravada su situaci\u00f3n si los componentes no llegan a tiempo a las plantas de ensamblaje en Estados Unidos.<\/p>\n\n\n\n<p>La Canacar ha solicitado a las autoridades estadounidenses establecer est\u00e1ndares uniformes de aplicaci\u00f3n de las reglas de cabotaje y claridad en los procedimientos para sancionar y retirar visas.&nbsp;Israel Delgado, vicepresidente de la Regi\u00f3n Noroeste de la Canacar, advirti\u00f3 el 30 de agosto: \u00abEl flujo comercial de mercanc\u00edas entre M\u00e9xico y Estados Unidos enfrenta una nueva presi\u00f3n en la frontera norte, ya que al menos 25 mil visas B-1 han sido retiradas a operadores mexicanos de carga internacional, lo que amenaza la log\u00edstica de fin de a\u00f1o\u00bb.<\/p>\n\n\n\n<p>Augusto Ramos Melo, presidente nacional de la Canacar, se\u00f1al\u00f3 en junio de 2026: \u00abLa cancelaci\u00f3n de visas a conductores mexicanos que no cumplen requisitos del idioma ingl\u00e9s en Estados Unidos a\u00f1ade una presi\u00f3n adicional al sector\u00bb.<\/p>\n\n\n\n<p>La cancelaci\u00f3n de 25,000 visas B-1 a operadores mexicanos de carga no es un problema menor: es una crisis log\u00edstica que ya est\u00e1 afectando las exportaciones de M\u00e9xico hacia Estados Unidos, con operaciones que han ca\u00eddo m\u00e1s del 55% (de 4,500 a 2,000 cruces diarios) y productos agr\u00edcolas en riesgo de descomposici\u00f3n.<\/p>\n\n\n\n<p>Sin una respuesta gubernamental urgente que combine negociaci\u00f3n diplom\u00e1tica, apoyo al sector transportista y diversificaci\u00f3n de mercados, el riesgo es que esta crisis se profundice en los pr\u00f3ximos meses, afectando no solo las exportaciones sino tambi\u00e9n el&nbsp;empleo y la confianza de los inversionistas en la capacidad de M\u00e9xico para cumplir con sus compromisos comerciales.&nbsp;Importa mucho la agilidad del gobierno mexicano y en concreto del Secretario de Econom\u00eda&nbsp;Marcelo&nbsp;Ebrard para impedir mayores da\u00f1os a la econom\u00eda mexicana.<\/p>\n\n\n\n<p>Comente u opine a:<br>cacostabravo@yahoo.com.mx<\/p>\n\n\n\n<p><em>Maestro en Comunicaci\u00f3n por la Universidad Iberoamericana. Form\u00f3 parte &nbsp;del cuerpo<\/em><em>&nbsp;acad\u00e9mico de la Licenciatura en Comunicaci\u00f3n en esa instituci\u00f3n, as\u00ed como de la Universidad An\u00e1huac, camp\u00fas norte.<\/em><\/p>\n","protected":false},"excerpt":{"rendered":"<p>Carlos Miguel Acosta BravoImpronta La cancelaci\u00f3n de al menos 25,000 visas tipo B-1 a operadores mexicanos de carga internacional est\u00e1 generando una crisis log\u00edstica en la frontera norte que ya est\u00e1 afectando las exportaciones de M\u00e9xico hacia Estados Unidos, particularmente hacia California, con operaciones que han ca\u00eddo de 4,500 a solo 2,000 cruces diarios y [&hellip;]<\/p>\n","protected":false},"author":2,"featured_media":141377,"comment_status":"closed","ping_status":"closed","sticky":false,"template":"","format":"standard","meta":{"tdm_status":"","tdm_grid_status":"","footnotes":""},"categories":[70],"tags":[2371,8251,70938,43303,123,395],"class_list":{"0":"post-179594","1":"post","2":"type-post","3":"status-publish","4":"format-standard","5":"has-post-thumbnail","7":"category-de-opinion","8":"tag-california","9":"tag-canacar","10":"tag-cancelacion-de-visas","11":"tag-carlos-miguel-acosta-bravo-2","12":"tag-estados-unidos","13":"tag-mexico"},"yoast_head":"<!-- This site is optimized with the Yoast SEO plugin v28.1 - https:\/\/yoast.com\/product\/yoast-seo-wordpress\/ -->\n<title>CRISIS LOG\u00cdSTICA EN LA FRONTERA NORTE - Los pol\u00edticos Veracruz<\/title>\n<meta name=\"robots\" content=\"index, follow, max-snippet:-1, max-image-preview:large, max-video-preview:-1\" \/>\n<link rel=\"canonical\" href=\"https:\/\/lospoliticosveracruz.com\/?p=179594\" \/>\n<meta property=\"og:locale\" content=\"es_ES\" \/>\n<meta property=\"og:type\" content=\"article\" \/>\n<meta property=\"og:title\" content=\"CRISIS LOG\u00cdSTICA EN LA FRONTERA NORTE - Los pol\u00edticos Veracruz\" \/>\n<meta property=\"og:description\" content=\"Carlos Miguel Acosta BravoImpronta La cancelaci\u00f3n de al menos 25,000 visas tipo B-1 a operadores mexicanos de carga internacional est\u00e1 generando una crisis log\u00edstica en la frontera norte que ya est\u00e1 afectando las exportaciones de M\u00e9xico hacia Estados Unidos, particularmente hacia California, con operaciones que han ca\u00eddo de 4,500 a solo 2,000 cruces diarios y [&hellip;]\" \/>\n<meta property=\"og:url\" content=\"https:\/\/lospoliticosveracruz.com\/?p=179594\" \/>\n<meta property=\"og:site_name\" content=\"Los pol\u00edticos Veracruz\" \/>\n<meta property=\"article:publisher\" content=\"https:\/\/www.facebook.com\/people\/Notimemes-de-los-Polticos\/61565672886568\/\" \/>\n<meta property=\"article:published_time\" content=\"2026-08-31T11:33:05+00:00\" \/>\n<meta property=\"article:modified_time\" content=\"2026-08-31T11:33:07+00:00\" \/>\n<meta property=\"og:image\" content=\"https:\/\/lospoliticosveracruz.com\/wp-content\/uploads\/2025\/04\/Carlos-Miguel-Acosta-Bravo-e1780964715690.jpg\" \/>\n\t<meta property=\"og:image:width\" content=\"600\" \/>\n\t<meta property=\"og:image:height\" content=\"320\" \/>\n\t<meta property=\"og:image:type\" content=\"image\/jpeg\" \/>\n<meta name=\"author\" content=\"Lo viste en Los Pol\u00edticos\" \/>\n<meta name=\"twitter:card\" content=\"summary_large_image\" \/>\n<meta name=\"twitter:creator\" content=\"@LosPoliticosVer\" \/>\n<meta name=\"twitter:site\" content=\"@LosPoliticosVer\" \/>\n<meta name=\"twitter:label1\" content=\"Escrito por\" \/>\n\t<meta name=\"twitter:data1\" content=\"Lo viste en Los Pol\u00edticos\" \/>\n\t<meta name=\"twitter:label2\" content=\"Tiempo de lectura\" \/>\n\t<meta name=\"twitter:data2\" content=\"5 minutos\" \/>\n<script type=\"application\/ld+json\" class=\"yoast-schema-graph\">{\"@context\":\"https:\\\/\\\/schema.org\",\"@graph\":[{\"@type\":\"Article\",\"@id\":\"https:\\\/\\\/lospoliticosveracruz.com\\\/?p=179594#article\",\"isPartOf\":{\"@id\":\"https:\\\/\\\/lospoliticosveracruz.com\\\/?p=179594\"},\"author\":{\"name\":\"Lo viste en Los Pol\u00edticos\",\"@id\":\"https:\\\/\\\/lospoliticosveracruz.com\\\/#\\\/schema\\\/person\\\/b8702bb0e538456e6efd07080bf2a4a2\"},\"headline\":\"CRISIS LOG\u00cdSTICA EN LA FRONTERA NORTE\",\"datePublished\":\"2026-08-31T11:33:05+00:00\",\"dateModified\":\"2026-08-31T11:33:07+00:00\",\"mainEntityOfPage\":{\"@id\":\"https:\\\/\\\/lospoliticosveracruz.com\\\/?p=179594\"},\"wordCount\":1000,\"publisher\":{\"@id\":\"https:\\\/\\\/lospoliticosveracruz.com\\\/#organization\"},\"image\":{\"@id\":\"https:\\\/\\\/lospoliticosveracruz.com\\\/?p=179594#primaryimage\"},\"thumbnailUrl\":\"https:\\\/\\\/lospoliticosveracruz.com\\\/wp-content\\\/uploads\\\/2025\\\/04\\\/Carlos-Miguel-Acosta-Bravo-e1780964715690.jpg\",\"keywords\":[\"California\",\"Canacar\",\"Cancelaci\u00f3n de visas\",\"Carlos Miguel Acosta Bravo\",\"Estados Unidos\",\"M\u00e9xico\"],\"articleSection\":[\"De Opini\u00f3n\"],\"inLanguage\":\"es\"},{\"@type\":\"WebPage\",\"@id\":\"https:\\\/\\\/lospoliticosveracruz.com\\\/?p=179594\",\"url\":\"https:\\\/\\\/lospoliticosveracruz.com\\\/?p=179594\",\"name\":\"CRISIS LOG\u00cdSTICA EN LA FRONTERA NORTE - Los pol\u00edticos Veracruz\",\"isPartOf\":{\"@id\":\"https:\\\/\\\/lospoliticosveracruz.com\\\/#website\"},\"primaryImageOfPage\":{\"@id\":\"https:\\\/\\\/lospoliticosveracruz.com\\\/?p=179594#primaryimage\"},\"image\":{\"@id\":\"https:\\\/\\\/lospoliticosveracruz.com\\\/?p=179594#primaryimage\"},\"thumbnailUrl\":\"https:\\\/\\\/lospoliticosveracruz.com\\\/wp-content\\\/uploads\\\/2025\\\/04\\\/Carlos-Miguel-Acosta-Bravo-e1780964715690.jpg\",\"datePublished\":\"2026-08-31T11:33:05+00:00\",\"dateModified\":\"2026-08-31T11:33:07+00:00\",\"breadcrumb\":{\"@id\":\"https:\\\/\\\/lospoliticosveracruz.com\\\/?p=179594#breadcrumb\"},\"inLanguage\":\"es\",\"potentialAction\":[{\"@type\":\"ReadAction\",\"target\":[\"https:\\\/\\\/lospoliticosveracruz.com\\\/?p=179594\"]}]},{\"@type\":\"ImageObject\",\"inLanguage\":\"es\",\"@id\":\"https:\\\/\\\/lospoliticosveracruz.com\\\/?p=179594#primaryimage\",\"url\":\"https:\\\/\\\/lospoliticosveracruz.com\\\/wp-content\\\/uploads\\\/2025\\\/04\\\/Carlos-Miguel-Acosta-Bravo-e1780964715690.jpg\",\"contentUrl\":\"https:\\\/\\\/lospoliticosveracruz.com\\\/wp-content\\\/uploads\\\/2025\\\/04\\\/Carlos-Miguel-Acosta-Bravo-e1780964715690.jpg\",\"width\":600,\"height\":320},{\"@type\":\"BreadcrumbList\",\"@id\":\"https:\\\/\\\/lospoliticosveracruz.com\\\/?p=179594#breadcrumb\",\"itemListElement\":[{\"@type\":\"ListItem\",\"position\":1,\"name\":\"Portada\",\"item\":\"https:\\\/\\\/lospoliticosveracruz.com\\\/\"},{\"@type\":\"ListItem\",\"position\":2,\"name\":\"CRISIS LOG\u00cdSTICA EN LA FRONTERA NORTE\"}]},{\"@type\":\"WebSite\",\"@id\":\"https:\\\/\\\/lospoliticosveracruz.com\\\/#website\",\"url\":\"https:\\\/\\\/lospoliticosveracruz.com\\\/\",\"name\":\"Los pol\u00edticos Veracruz\",\"description\":\"\",\"publisher\":{\"@id\":\"https:\\\/\\\/lospoliticosveracruz.com\\\/#organization\"},\"potentialAction\":[{\"@type\":\"SearchAction\",\"target\":{\"@type\":\"EntryPoint\",\"urlTemplate\":\"https:\\\/\\\/lospoliticosveracruz.com\\\/?s={search_term_string}\"},\"query-input\":{\"@type\":\"PropertyValueSpecification\",\"valueRequired\":true,\"valueName\":\"search_term_string\"}}],\"inLanguage\":\"es\"},{\"@type\":\"Organization\",\"@id\":\"https:\\\/\\\/lospoliticosveracruz.com\\\/#organization\",\"name\":\"Los pol\u00edticos Veracruz\",\"url\":\"https:\\\/\\\/lospoliticosveracruz.com\\\/\",\"logo\":{\"@type\":\"ImageObject\",\"inLanguage\":\"es\",\"@id\":\"https:\\\/\\\/lospoliticosveracruz.com\\\/#\\\/schema\\\/logo\\\/image\\\/\",\"url\":\"https:\\\/\\\/lospoliticosveracruz.com\\\/wp-content\\\/uploads\\\/2025\\\/12\\\/Logo-Nuevo-LOS-POLITICOS-1.jpg\",\"contentUrl\":\"https:\\\/\\\/lospoliticosveracruz.com\\\/wp-content\\\/uploads\\\/2025\\\/12\\\/Logo-Nuevo-LOS-POLITICOS-1.jpg\",\"width\":260,\"height\":70,\"caption\":\"Los pol\u00edticos Veracruz\"},\"image\":{\"@id\":\"https:\\\/\\\/lospoliticosveracruz.com\\\/#\\\/schema\\\/logo\\\/image\\\/\"},\"sameAs\":[\"https:\\\/\\\/www.facebook.com\\\/people\\\/Notimemes-de-los-Polticos\\\/61565672886568\\\/\",\"https:\\\/\\\/x.com\\\/LosPoliticosVer\"]},{\"@type\":\"Person\",\"@id\":\"https:\\\/\\\/lospoliticosveracruz.com\\\/#\\\/schema\\\/person\\\/b8702bb0e538456e6efd07080bf2a4a2\",\"name\":\"Lo viste en Los Pol\u00edticos\",\"image\":{\"@type\":\"ImageObject\",\"inLanguage\":\"es\",\"@id\":\"https:\\\/\\\/secure.gravatar.com\\\/avatar\\\/3a8de04a2656d44082be478bd6c086daa447c4651605818287b9532d3d0bd435?s=96&d=mm&r=g\",\"url\":\"https:\\\/\\\/secure.gravatar.com\\\/avatar\\\/3a8de04a2656d44082be478bd6c086daa447c4651605818287b9532d3d0bd435?s=96&d=mm&r=g\",\"contentUrl\":\"https:\\\/\\\/secure.gravatar.com\\\/avatar\\\/3a8de04a2656d44082be478bd6c086daa447c4651605818287b9532d3d0bd435?s=96&d=mm&r=g\",\"caption\":\"Lo viste en Los Pol\u00edticos\"},\"url\":\"https:\\\/\\\/lospoliticosveracruz.com\\\/?author=2\"}]}<\/script>\n<!-- \/ Yoast SEO plugin. -->","yoast_head_json":{"title":"CRISIS LOG\u00cdSTICA EN LA FRONTERA NORTE - Los pol\u00edticos Veracruz","robots":{"index":"index","follow":"follow","max-snippet":"max-snippet:-1","max-image-preview":"max-image-preview:large","max-video-preview":"max-video-preview:-1"},"canonical":"https:\/\/lospoliticosveracruz.com\/?p=179594","og_locale":"es_ES","og_type":"article","og_title":"CRISIS LOG\u00cdSTICA EN LA FRONTERA NORTE - Los pol\u00edticos Veracruz","og_description":"Carlos Miguel Acosta BravoImpronta La cancelaci\u00f3n de al menos 25,000 visas tipo B-1 a operadores mexicanos de carga internacional est\u00e1 generando una crisis log\u00edstica en la frontera norte que ya est\u00e1 afectando las exportaciones de M\u00e9xico hacia Estados Unidos, particularmente hacia California, con operaciones que han ca\u00eddo de 4,500 a solo 2,000 cruces diarios y [&hellip;]","og_url":"https:\/\/lospoliticosveracruz.com\/?p=179594","og_site_name":"Los pol\u00edticos Veracruz","article_publisher":"https:\/\/www.facebook.com\/people\/Notimemes-de-los-Polticos\/61565672886568\/","article_published_time":"2026-08-31T11:33:05+00:00","article_modified_time":"2026-08-31T11:33:07+00:00","og_image":[{"width":600,"height":320,"url":"https:\/\/lospoliticosveracruz.com\/wp-content\/uploads\/2025\/04\/Carlos-Miguel-Acosta-Bravo-e1780964715690.jpg","type":"image\/jpeg"}],"author":"Lo viste en Los Pol\u00edticos","twitter_card":"summary_large_image","twitter_creator":"@LosPoliticosVer","twitter_site":"@LosPoliticosVer","twitter_misc":{"Escrito por":"Lo viste en Los Pol\u00edticos","Tiempo de lectura":"5 minutos"},"schema":{"@context":"https:\/\/schema.org","@graph":[{"@type":"Article","@id":"https:\/\/lospoliticosveracruz.com\/?p=179594#article","isPartOf":{"@id":"https:\/\/lospoliticosveracruz.com\/?p=179594"},"author":{"name":"Lo viste en Los Pol\u00edticos","@id":"https:\/\/lospoliticosveracruz.com\/#\/schema\/person\/b8702bb0e538456e6efd07080bf2a4a2"},"headline":"CRISIS LOG\u00cdSTICA EN LA FRONTERA NORTE","datePublished":"2026-08-31T11:33:05+00:00","dateModified":"2026-08-31T11:33:07+00:00","mainEntityOfPage":{"@id":"https:\/\/lospoliticosveracruz.com\/?p=179594"},"wordCount":1000,"publisher":{"@id":"https:\/\/lospoliticosveracruz.com\/#organization"},"image":{"@id":"https:\/\/lospoliticosveracruz.com\/?p=179594#primaryimage"},"thumbnailUrl":"https:\/\/lospoliticosveracruz.com\/wp-content\/uploads\/2025\/04\/Carlos-Miguel-Acosta-Bravo-e1780964715690.jpg","keywords":["California","Canacar","Cancelaci\u00f3n de visas","Carlos Miguel Acosta Bravo","Estados Unidos","M\u00e9xico"],"articleSection":["De Opini\u00f3n"],"inLanguage":"es"},{"@type":"WebPage","@id":"https:\/\/lospoliticosveracruz.com\/?p=179594","url":"https:\/\/lospoliticosveracruz.com\/?p=179594","name":"CRISIS LOG\u00cdSTICA EN LA FRONTERA NORTE - Los pol\u00edticos Veracruz","isPartOf":{"@id":"https:\/\/lospoliticosveracruz.com\/#website"},"primaryImageOfPage":{"@id":"https:\/\/lospoliticosveracruz.com\/?p=179594#primaryimage"},"image":{"@id":"https:\/\/lospoliticosveracruz.com\/?p=179594#primaryimage"},"thumbnailUrl":"https:\/\/lospoliticosveracruz.com\/wp-content\/uploads\/2025\/04\/Carlos-Miguel-Acosta-Bravo-e1780964715690.jpg","datePublished":"2026-08-31T11:33:05+00:00","dateModified":"2026-08-31T11:33:07+00:00","breadcrumb":{"@id":"https:\/\/lospoliticosveracruz.com\/?p=179594#breadcrumb"},"inLanguage":"es","potentialAction":[{"@type":"ReadAction","target":["https:\/\/lospoliticosveracruz.com\/?p=179594"]}]},{"@type":"ImageObject","inLanguage":"es","@id":"https:\/\/lospoliticosveracruz.com\/?p=179594#primaryimage","url":"https:\/\/lospoliticosveracruz.com\/wp-content\/uploads\/2025\/04\/Carlos-Miguel-Acosta-Bravo-e1780964715690.jpg","contentUrl":"https:\/\/lospoliticosveracruz.com\/wp-content\/uploads\/2025\/04\/Carlos-Miguel-Acosta-Bravo-e1780964715690.jpg","width":600,"height":320},{"@type":"BreadcrumbList","@id":"https:\/\/lospoliticosveracruz.com\/?p=179594#breadcrumb","itemListElement":[{"@type":"ListItem","position":1,"name":"Portada","item":"https:\/\/lospoliticosveracruz.com\/"},{"@type":"ListItem","position":2,"name":"CRISIS LOG\u00cdSTICA EN LA FRONTERA NORTE"}]},{"@type":"WebSite","@id":"https:\/\/lospoliticosveracruz.com\/#website","url":"https:\/\/lospoliticosveracruz.com\/","name":"Los pol\u00edticos Veracruz","description":"","publisher":{"@id":"https:\/\/lospoliticosveracruz.com\/#organization"},"potentialAction":[{"@type":"SearchAction","target":{"@type":"EntryPoint","urlTemplate":"https:\/\/lospoliticosveracruz.com\/?s={search_term_string}"},"query-input":{"@type":"PropertyValueSpecification","valueRequired":true,"valueName":"search_term_string"}}],"inLanguage":"es"},{"@type":"Organization","@id":"https:\/\/lospoliticosveracruz.com\/#organization","name":"Los pol\u00edticos Veracruz","url":"https:\/\/lospoliticosveracruz.com\/","logo":{"@type":"ImageObject","inLanguage":"es","@id":"https:\/\/lospoliticosveracruz.com\/#\/schema\/logo\/image\/","url":"https:\/\/lospoliticosveracruz.com\/wp-content\/uploads\/2025\/12\/Logo-Nuevo-LOS-POLITICOS-1.jpg","contentUrl":"https:\/\/lospoliticosveracruz.com\/wp-content\/uploads\/2025\/12\/Logo-Nuevo-LOS-POLITICOS-1.jpg","width":260,"height":70,"caption":"Los pol\u00edticos Veracruz"},"image":{"@id":"https:\/\/lospoliticosveracruz.com\/#\/schema\/logo\/image\/"},"sameAs":["https:\/\/www.facebook.com\/people\/Notimemes-de-los-Polticos\/61565672886568\/","https:\/\/x.com\/LosPoliticosVer"]},{"@type":"Person","@id":"https:\/\/lospoliticosveracruz.com\/#\/schema\/person\/b8702bb0e538456e6efd07080bf2a4a2","name":"Lo viste en Los Pol\u00edticos","image":{"@type":"ImageObject","inLanguage":"es","@id":"https:\/\/secure.gravatar.com\/avatar\/3a8de04a2656d44082be478bd6c086daa447c4651605818287b9532d3d0bd435?s=96&d=mm&r=g","url":"https:\/\/secure.gravatar.com\/avatar\/3a8de04a2656d44082be478bd6c086daa447c4651605818287b9532d3d0bd435?s=96&d=mm&r=g","contentUrl":"https:\/\/secure.gravatar.com\/avatar\/3a8de04a2656d44082be478bd6c086daa447c4651605818287b9532d3d0bd435?s=96&d=mm&r=g","caption":"Lo viste en Los Pol\u00edticos"},"url":"https:\/\/lospoliticosveracruz.com\/?author=2"}]}},"_links":{"self":[{"href":"https:\/\/lospoliticosveracruz.com\/index.php?rest_route=\/wp\/v2\/posts\/179594","targetHints":{"allow":["GET"]}}],"collection":[{"href":"https:\/\/lospoliticosveracruz.com\/index.php?rest_route=\/wp\/v2\/posts"}],"about":[{"href":"https:\/\/lospoliticosveracruz.com\/index.php?rest_route=\/wp\/v2\/types\/post"}],"author":[{"embeddable":true,"href":"https:\/\/lospoliticosveracruz.com\/index.php?rest_route=\/wp\/v2\/users\/2"}],"replies":[{"embeddable":true,"href":"https:\/\/lospoliticosveracruz.com\/index.php?rest_route=%2Fwp%2Fv2%2Fcomments&post=179594"}],"version-history":[{"count":1,"href":"https:\/\/lospoliticosveracruz.com\/index.php?rest_route=\/wp\/v2\/posts\/179594\/revisions"}],"predecessor-version":[{"id":179595,"href":"https:\/\/lospoliticosveracruz.com\/index.php?rest_route=\/wp\/v2\/posts\/179594\/revisions\/179595"}],"wp:featuredmedia":[{"embeddable":true,"href":"https:\/\/lospoliticosveracruz.com\/index.php?rest_route=\/wp\/v2\/media\/141377"}],"wp:attachment":[{"href":"https:\/\/lospoliticosveracruz.com\/index.php?rest_route=%2Fwp%2Fv2%2Fmedia&parent=179594"}],"wp:term":[{"taxonomy":"category","embeddable":true,"href":"https:\/\/lospoliticosveracruz.com\/index.php?rest_route=%2Fwp%2Fv2%2Fcategories&post=179594"},{"taxonomy":"post_tag","embeddable":true,"href":"https:\/\/lospoliticosveracruz.com\/index.php?rest_route=%2Fwp%2Fv2%2Ftags&post=179594"}],"curies":[{"name":"wp","href":"https:\/\/api.w.org\/{rel}","templated":true}]}}