{"id":179598,"date":"2026-08-31T05:43:09","date_gmt":"2026-08-31T11:43:09","guid":{"rendered":"https:\/\/lospoliticosveracruz.com\/?p=179598"},"modified":"2026-08-31T05:43:11","modified_gmt":"2026-08-31T11:43:11","slug":"toma-nahle-al-toro-por-los-cuernos","status":"publish","type":"post","link":"https:\/\/lospoliticosveracruz.com\/?p=179598","title":{"rendered":"TOMA NAHLE AL TORO POR LOS CUERNOS"},"content":{"rendered":"<div class=\"wp-block-image\">\n<figure class=\"alignleft size-full is-resized\"><a href=\"https:\/\/lospoliticosveracruz.com\/wp-content\/uploads\/2026\/05\/IMG_1092.png\"><img loading=\"lazy\" decoding=\"async\" width=\"640\" height=\"600\" src=\"https:\/\/lospoliticosveracruz.com\/wp-content\/uploads\/2026\/05\/IMG_1092.png\" alt=\"\" class=\"wp-image-172799\" style=\"width:375px;height:auto\" srcset=\"https:\/\/lospoliticosveracruz.com\/wp-content\/uploads\/2026\/05\/IMG_1092.png 640w, https:\/\/lospoliticosveracruz.com\/wp-content\/uploads\/2026\/05\/IMG_1092-300x281.png 300w, https:\/\/lospoliticosveracruz.com\/wp-content\/uploads\/2026\/05\/IMG_1092-448x420.png 448w, https:\/\/lospoliticosveracruz.com\/wp-content\/uploads\/2026\/05\/IMG_1092-150x141.png 150w\" sizes=\"auto, (max-width: 640px) 100vw, 640px\" \/><\/a><\/figure>\n<\/div>\n\n\n<p><strong>Alejandra Herrera<\/strong><br><em>Resulta y Resalta<\/em><\/p>\n\n\n\n<p class=\"dropcapp1\">RESULTA que\u2026 en Lerdo de Tejada, el pasado viernes, la gobernadora Roc\u00edo Nahle Garc\u00eda recibi\u00f3 un aut\u00e9ntico ba\u00f1o de pueblo durante la entrega de 5 mil 236 apoyos a habitantes de Lerdo de Tejada, Alvarado, Tlacotalpan, \u00c1ngel R. Cabada y Saltabarranca.<\/p>\n\n\n\n<p>Entre saludos, abrazos, peticiones y selfies, la mandataria dijo emocionada que \u201cel amor del pueblo se siente\u201d, pero aclar\u00f3 que \u201ces de ida y vuelta\u201d.<\/p>\n\n\n\n<p>Y fue precisamente ah\u00ed donde Nahle habl\u00f3 de tres decisiones que han marcado su gobierno y que tienen algo en com\u00fan: ante problemas que durante a\u00f1os nadie quiso o pudo resolver, decidi\u00f3 tomar al toro por los cuernos.<\/p>\n\n\n\n<p>La primera fue el transporte p\u00fablico.<\/p>\n\n\n\n<p>\u201cNuestra gente necesita moverse con decoro, con dignidad y los camiones ya estaban muy viejitos\u201d, explic\u00f3 la gobernadora.<\/p>\n\n\n\n<p>Ante la falta de renovaci\u00f3n de unidades por parte de los concesionarios, el gobierno decidi\u00f3 entrarle al problema y puso en marcha nuevos servicios: Ul\u00faa en Veracruz, Boca del R\u00edo y Medell\u00edn; Quetzalli en Coatzacoalcos; Atenas en Xalapa; Totonacos en Poza Rica y Papaloapan en la Cuenca.<\/p>\n\n\n\n<p>Es decir, si los transportistas no quisieron tomar al toro por los cuernos, el gobierno decidi\u00f3 hacerlo.<\/p>\n\n\n\n<p>RESALTA que\u2026 esa misma f\u00f3rmula se repiti\u00f3 con LIMPIAVER, creado despu\u00e9s del conflicto que llev\u00f3 a m\u00e1s de 3 mil trabajadores a reclamar incumplimientos de la empresa privada encargada de los servicios de limpieza en unidades m\u00e9dicas.<\/p>\n\n\n\n<p>La respuesta de Nahle fue nuevamente meter al Estado.<\/p>\n\n\n\n<p>As\u00ed naci\u00f3 el Sistema de Gesti\u00f3n Integral de Limpieza del Estado de Veracruz, para que sea el propio gobierno el que se haga cargo de los servicios de limpieza, higiene, asepsia y lavander\u00eda en hospitales y unidades m\u00e9dicas estatales.<\/p>\n\n\n\n<p>\u201cCreamos una empresa en donde los servicios los contrata el gobierno, les paga el gobierno, las capacita el gobierno, las uniformiza el gobierno y ah\u00ed est\u00e1n trabajando\u201d, explic\u00f3 Nahle.<\/p>\n\n\n\n<p>Pero viene una tercera decisi\u00f3n y quiz\u00e1 sea la m\u00e1s complicada de todas.<\/p>\n\n\n\n<p>El Ingenio San Pedro.<\/p>\n\n\n\n<p>Ah\u00ed mismo, en Lerdo de Tejada, la gobernadora confirm\u00f3 que su administraci\u00f3n prepara el decreto para crear el organismo estatal que se har\u00e1 cargo de su operaci\u00f3n.<\/p>\n\n\n\n<p>La empresa actual deber\u00e1 terminar su relaci\u00f3n laboral con trabajadores sindicalizados y eventuales, liquidarlos y cumplir con sus compromisos antes de dar paso al nuevo esquema.<\/p>\n\n\n\n<p>Y aqu\u00ed habr\u00e1 que estar muy atentos.<\/p>\n\n\n\n<p>Porque administrar transporte p\u00fablico es un reto; hacerse cargo de los servicios de limpieza tambi\u00e9n, pero operar un ingenio azucarero son palabras mayores.<\/p>\n\n\n\n<p>Habr\u00e1 que conocer cu\u00e1nto dinero necesitar\u00e1 el gobierno, c\u00f3mo funcionar\u00e1 el nuevo organismo, qui\u00e9n lo administrar\u00e1, etc\u00e9tera.<\/p>\n\n\n\n<p>Pero algo hay que reconocerle a Roc\u00edo Nahle: car\u00e1cter para entrarle a los problemas no le ha faltado.<\/p>\n\n\n\n<p>Transporte, LIMPIAVER y ahora el Ingenio San Pedro.<\/p>\n\n\n\n<p>Tres problemas distintos y una misma forma de enfrentarlos, si la iniciativa privada no responde o un servicio falla, el gobierno toma al toro por los cuernos.<\/p>\n\n\n\n<p>Por ahora, Roc\u00edo Nahle est\u00e1 dejando claro que no le tiene miedo a entrarle a problemas que otros prefirieron dejar pasar.<\/p>\n\n\n\n<p><\/p>\n","protected":false},"excerpt":{"rendered":"<p>Alejandra HerreraResulta y Resalta RESULTA que\u2026 en Lerdo de Tejada, el pasado viernes, la gobernadora Roc\u00edo Nahle Garc\u00eda recibi\u00f3 un aut\u00e9ntico ba\u00f1o de pueblo durante la entrega de 5 mil 236 apoyos a habitantes de Lerdo de Tejada, Alvarado, Tlacotalpan, \u00c1ngel R. Cabada y Saltabarranca. Entre saludos, abrazos, peticiones y selfies, la mandataria dijo emocionada [&hellip;]<\/p>\n","protected":false},"author":2,"featured_media":169900,"comment_status":"closed","ping_status":"closed","sticky":false,"template":"","format":"standard","meta":{"tdm_status":"","tdm_grid_status":"","footnotes":""},"categories":[70],"tags":[62514,1779,70937,1026,3578,7601,195],"class_list":{"0":"post-179598","1":"post","2":"type-post","3":"status-publish","4":"format-standard","5":"has-post-thumbnail","7":"category-de-opinion","8":"tag-alejandra-herrera","9":"tag-ingenio-san-pedro","10":"tag-limpiaver","11":"tag-morena","12":"tag-rocio-nahle","13":"tag-transporte-publico","14":"tag-veracruz"},"yoast_head":"<!-- This site is optimized with the Yoast SEO plugin v28.1 - https:\/\/yoast.com\/product\/yoast-seo-wordpress\/ -->\n<title>TOMA NAHLE AL TORO POR LOS CUERNOS - Los pol\u00edticos Veracruz<\/title>\n<meta name=\"robots\" content=\"index, follow, max-snippet:-1, max-image-preview:large, max-video-preview:-1\" \/>\n<link rel=\"canonical\" href=\"https:\/\/lospoliticosveracruz.com\/?p=179598\" \/>\n<meta property=\"og:locale\" content=\"es_ES\" \/>\n<meta property=\"og:type\" content=\"article\" \/>\n<meta property=\"og:title\" content=\"TOMA NAHLE AL TORO POR LOS CUERNOS - Los pol\u00edticos Veracruz\" \/>\n<meta property=\"og:description\" content=\"Alejandra HerreraResulta y Resalta RESULTA que\u2026 en Lerdo de Tejada, el pasado viernes, la gobernadora Roc\u00edo Nahle Garc\u00eda recibi\u00f3 un aut\u00e9ntico ba\u00f1o de pueblo durante la entrega de 5 mil 236 apoyos a habitantes de Lerdo de Tejada, Alvarado, Tlacotalpan, \u00c1ngel R. Cabada y Saltabarranca. Entre saludos, abrazos, peticiones y selfies, la mandataria dijo emocionada [&hellip;]\" \/>\n<meta property=\"og:url\" content=\"https:\/\/lospoliticosveracruz.com\/?p=179598\" \/>\n<meta property=\"og:site_name\" content=\"Los pol\u00edticos Veracruz\" \/>\n<meta property=\"article:publisher\" content=\"https:\/\/www.facebook.com\/people\/Notimemes-de-los-Polticos\/61565672886568\/\" \/>\n<meta property=\"article:published_time\" content=\"2026-08-31T11:43:09+00:00\" \/>\n<meta property=\"article:modified_time\" content=\"2026-08-31T11:43:11+00:00\" \/>\n<meta property=\"og:image\" content=\"https:\/\/lospoliticosveracruz.com\/wp-content\/uploads\/2026\/04\/Alejandra-Herrera-e1778253059458.jpg\" \/>\n\t<meta property=\"og:image:width\" content=\"600\" \/>\n\t<meta property=\"og:image:height\" content=\"320\" \/>\n\t<meta property=\"og:image:type\" content=\"image\/jpeg\" \/>\n<meta name=\"author\" content=\"Lo viste en Los Pol\u00edticos\" \/>\n<meta name=\"twitter:card\" content=\"summary_large_image\" \/>\n<meta name=\"twitter:creator\" content=\"@LosPoliticosVer\" \/>\n<meta name=\"twitter:site\" content=\"@LosPoliticosVer\" \/>\n<meta name=\"twitter:label1\" content=\"Escrito por\" \/>\n\t<meta name=\"twitter:data1\" content=\"Lo viste en Los Pol\u00edticos\" \/>\n\t<meta name=\"twitter:label2\" content=\"Tiempo de lectura\" \/>\n\t<meta name=\"twitter:data2\" content=\"3 minutos\" \/>\n<script type=\"application\/ld+json\" class=\"yoast-schema-graph\">{\"@context\":\"https:\\\/\\\/schema.org\",\"@graph\":[{\"@type\":\"Article\",\"@id\":\"https:\\\/\\\/lospoliticosveracruz.com\\\/?p=179598#article\",\"isPartOf\":{\"@id\":\"https:\\\/\\\/lospoliticosveracruz.com\\\/?p=179598\"},\"author\":{\"name\":\"Lo viste en Los Pol\u00edticos\",\"@id\":\"https:\\\/\\\/lospoliticosveracruz.com\\\/#\\\/schema\\\/person\\\/b8702bb0e538456e6efd07080bf2a4a2\"},\"headline\":\"TOMA NAHLE AL TORO POR LOS CUERNOS\",\"datePublished\":\"2026-08-31T11:43:09+00:00\",\"dateModified\":\"2026-08-31T11:43:11+00:00\",\"mainEntityOfPage\":{\"@id\":\"https:\\\/\\\/lospoliticosveracruz.com\\\/?p=179598\"},\"wordCount\":539,\"publisher\":{\"@id\":\"https:\\\/\\\/lospoliticosveracruz.com\\\/#organization\"},\"image\":{\"@id\":\"https:\\\/\\\/lospoliticosveracruz.com\\\/?p=179598#primaryimage\"},\"thumbnailUrl\":\"https:\\\/\\\/lospoliticosveracruz.com\\\/wp-content\\\/uploads\\\/2026\\\/04\\\/Alejandra-Herrera-e1778253059458.jpg\",\"keywords\":[\"Alejandra Herrera\",\"ingenio San Pedro\",\"LIMPIAVER\",\"Morena\",\"Roc\u00edo Nahle\",\"Transporte p\u00fablico\",\"Veracruz\"],\"articleSection\":[\"De Opini\u00f3n\"],\"inLanguage\":\"es\"},{\"@type\":\"WebPage\",\"@id\":\"https:\\\/\\\/lospoliticosveracruz.com\\\/?p=179598\",\"url\":\"https:\\\/\\\/lospoliticosveracruz.com\\\/?p=179598\",\"name\":\"TOMA NAHLE AL TORO POR LOS CUERNOS - Los pol\u00edticos Veracruz\",\"isPartOf\":{\"@id\":\"https:\\\/\\\/lospoliticosveracruz.com\\\/#website\"},\"primaryImageOfPage\":{\"@id\":\"https:\\\/\\\/lospoliticosveracruz.com\\\/?p=179598#primaryimage\"},\"image\":{\"@id\":\"https:\\\/\\\/lospoliticosveracruz.com\\\/?p=179598#primaryimage\"},\"thumbnailUrl\":\"https:\\\/\\\/lospoliticosveracruz.com\\\/wp-content\\\/uploads\\\/2026\\\/04\\\/Alejandra-Herrera-e1778253059458.jpg\",\"datePublished\":\"2026-08-31T11:43:09+00:00\",\"dateModified\":\"2026-08-31T11:43:11+00:00\",\"breadcrumb\":{\"@id\":\"https:\\\/\\\/lospoliticosveracruz.com\\\/?p=179598#breadcrumb\"},\"inLanguage\":\"es\",\"potentialAction\":[{\"@type\":\"ReadAction\",\"target\":[\"https:\\\/\\\/lospoliticosveracruz.com\\\/?p=179598\"]}]},{\"@type\":\"ImageObject\",\"inLanguage\":\"es\",\"@id\":\"https:\\\/\\\/lospoliticosveracruz.com\\\/?p=179598#primaryimage\",\"url\":\"https:\\\/\\\/lospoliticosveracruz.com\\\/wp-content\\\/uploads\\\/2026\\\/04\\\/Alejandra-Herrera-e1778253059458.jpg\",\"contentUrl\":\"https:\\\/\\\/lospoliticosveracruz.com\\\/wp-content\\\/uploads\\\/2026\\\/04\\\/Alejandra-Herrera-e1778253059458.jpg\",\"width\":600,\"height\":320},{\"@type\":\"BreadcrumbList\",\"@id\":\"https:\\\/\\\/lospoliticosveracruz.com\\\/?p=179598#breadcrumb\",\"itemListElement\":[{\"@type\":\"ListItem\",\"position\":1,\"name\":\"Portada\",\"item\":\"https:\\\/\\\/lospoliticosveracruz.com\\\/\"},{\"@type\":\"ListItem\",\"position\":2,\"name\":\"TOMA NAHLE AL TORO POR LOS CUERNOS\"}]},{\"@type\":\"WebSite\",\"@id\":\"https:\\\/\\\/lospoliticosveracruz.com\\\/#website\",\"url\":\"https:\\\/\\\/lospoliticosveracruz.com\\\/\",\"name\":\"Los pol\u00edticos Veracruz\",\"description\":\"\",\"publisher\":{\"@id\":\"https:\\\/\\\/lospoliticosveracruz.com\\\/#organization\"},\"potentialAction\":[{\"@type\":\"SearchAction\",\"target\":{\"@type\":\"EntryPoint\",\"urlTemplate\":\"https:\\\/\\\/lospoliticosveracruz.com\\\/?s={search_term_string}\"},\"query-input\":{\"@type\":\"PropertyValueSpecification\",\"valueRequired\":true,\"valueName\":\"search_term_string\"}}],\"inLanguage\":\"es\"},{\"@type\":\"Organization\",\"@id\":\"https:\\\/\\\/lospoliticosveracruz.com\\\/#organization\",\"name\":\"Los pol\u00edticos Veracruz\",\"url\":\"https:\\\/\\\/lospoliticosveracruz.com\\\/\",\"logo\":{\"@type\":\"ImageObject\",\"inLanguage\":\"es\",\"@id\":\"https:\\\/\\\/lospoliticosveracruz.com\\\/#\\\/schema\\\/logo\\\/image\\\/\",\"url\":\"https:\\\/\\\/lospoliticosveracruz.com\\\/wp-content\\\/uploads\\\/2025\\\/12\\\/Logo-Nuevo-LOS-POLITICOS-1.jpg\",\"contentUrl\":\"https:\\\/\\\/lospoliticosveracruz.com\\\/wp-content\\\/uploads\\\/2025\\\/12\\\/Logo-Nuevo-LOS-POLITICOS-1.jpg\",\"width\":260,\"height\":70,\"caption\":\"Los pol\u00edticos Veracruz\"},\"image\":{\"@id\":\"https:\\\/\\\/lospoliticosveracruz.com\\\/#\\\/schema\\\/logo\\\/image\\\/\"},\"sameAs\":[\"https:\\\/\\\/www.facebook.com\\\/people\\\/Notimemes-de-los-Polticos\\\/61565672886568\\\/\",\"https:\\\/\\\/x.com\\\/LosPoliticosVer\"]},{\"@type\":\"Person\",\"@id\":\"https:\\\/\\\/lospoliticosveracruz.com\\\/#\\\/schema\\\/person\\\/b8702bb0e538456e6efd07080bf2a4a2\",\"name\":\"Lo viste en Los Pol\u00edticos\",\"image\":{\"@type\":\"ImageObject\",\"inLanguage\":\"es\",\"@id\":\"https:\\\/\\\/secure.gravatar.com\\\/avatar\\\/3a8de04a2656d44082be478bd6c086daa447c4651605818287b9532d3d0bd435?s=96&d=mm&r=g\",\"url\":\"https:\\\/\\\/secure.gravatar.com\\\/avatar\\\/3a8de04a2656d44082be478bd6c086daa447c4651605818287b9532d3d0bd435?s=96&d=mm&r=g\",\"contentUrl\":\"https:\\\/\\\/secure.gravatar.com\\\/avatar\\\/3a8de04a2656d44082be478bd6c086daa447c4651605818287b9532d3d0bd435?s=96&d=mm&r=g\",\"caption\":\"Lo viste en Los Pol\u00edticos\"},\"url\":\"https:\\\/\\\/lospoliticosveracruz.com\\\/?author=2\"}]}<\/script>\n<!-- \/ Yoast SEO plugin. -->","yoast_head_json":{"title":"TOMA NAHLE AL TORO POR LOS CUERNOS - Los pol\u00edticos Veracruz","robots":{"index":"index","follow":"follow","max-snippet":"max-snippet:-1","max-image-preview":"max-image-preview:large","max-video-preview":"max-video-preview:-1"},"canonical":"https:\/\/lospoliticosveracruz.com\/?p=179598","og_locale":"es_ES","og_type":"article","og_title":"TOMA NAHLE AL TORO POR LOS CUERNOS - Los pol\u00edticos Veracruz","og_description":"Alejandra HerreraResulta y Resalta RESULTA que\u2026 en Lerdo de Tejada, el pasado viernes, la gobernadora Roc\u00edo Nahle Garc\u00eda recibi\u00f3 un aut\u00e9ntico ba\u00f1o de pueblo durante la entrega de 5 mil 236 apoyos a habitantes de Lerdo de Tejada, Alvarado, Tlacotalpan, \u00c1ngel R. Cabada y Saltabarranca. Entre saludos, abrazos, peticiones y selfies, la mandataria dijo emocionada [&hellip;]","og_url":"https:\/\/lospoliticosveracruz.com\/?p=179598","og_site_name":"Los pol\u00edticos Veracruz","article_publisher":"https:\/\/www.facebook.com\/people\/Notimemes-de-los-Polticos\/61565672886568\/","article_published_time":"2026-08-31T11:43:09+00:00","article_modified_time":"2026-08-31T11:43:11+00:00","og_image":[{"width":600,"height":320,"url":"https:\/\/lospoliticosveracruz.com\/wp-content\/uploads\/2026\/04\/Alejandra-Herrera-e1778253059458.jpg","type":"image\/jpeg"}],"author":"Lo viste en Los Pol\u00edticos","twitter_card":"summary_large_image","twitter_creator":"@LosPoliticosVer","twitter_site":"@LosPoliticosVer","twitter_misc":{"Escrito por":"Lo viste en Los Pol\u00edticos","Tiempo de lectura":"3 minutos"},"schema":{"@context":"https:\/\/schema.org","@graph":[{"@type":"Article","@id":"https:\/\/lospoliticosveracruz.com\/?p=179598#article","isPartOf":{"@id":"https:\/\/lospoliticosveracruz.com\/?p=179598"},"author":{"name":"Lo viste en Los Pol\u00edticos","@id":"https:\/\/lospoliticosveracruz.com\/#\/schema\/person\/b8702bb0e538456e6efd07080bf2a4a2"},"headline":"TOMA NAHLE AL TORO POR LOS CUERNOS","datePublished":"2026-08-31T11:43:09+00:00","dateModified":"2026-08-31T11:43:11+00:00","mainEntityOfPage":{"@id":"https:\/\/lospoliticosveracruz.com\/?p=179598"},"wordCount":539,"publisher":{"@id":"https:\/\/lospoliticosveracruz.com\/#organization"},"image":{"@id":"https:\/\/lospoliticosveracruz.com\/?p=179598#primaryimage"},"thumbnailUrl":"https:\/\/lospoliticosveracruz.com\/wp-content\/uploads\/2026\/04\/Alejandra-Herrera-e1778253059458.jpg","keywords":["Alejandra Herrera","ingenio San Pedro","LIMPIAVER","Morena","Roc\u00edo Nahle","Transporte p\u00fablico","Veracruz"],"articleSection":["De Opini\u00f3n"],"inLanguage":"es"},{"@type":"WebPage","@id":"https:\/\/lospoliticosveracruz.com\/?p=179598","url":"https:\/\/lospoliticosveracruz.com\/?p=179598","name":"TOMA NAHLE AL TORO POR LOS CUERNOS - Los pol\u00edticos Veracruz","isPartOf":{"@id":"https:\/\/lospoliticosveracruz.com\/#website"},"primaryImageOfPage":{"@id":"https:\/\/lospoliticosveracruz.com\/?p=179598#primaryimage"},"image":{"@id":"https:\/\/lospoliticosveracruz.com\/?p=179598#primaryimage"},"thumbnailUrl":"https:\/\/lospoliticosveracruz.com\/wp-content\/uploads\/2026\/04\/Alejandra-Herrera-e1778253059458.jpg","datePublished":"2026-08-31T11:43:09+00:00","dateModified":"2026-08-31T11:43:11+00:00","breadcrumb":{"@id":"https:\/\/lospoliticosveracruz.com\/?p=179598#breadcrumb"},"inLanguage":"es","potentialAction":[{"@type":"ReadAction","target":["https:\/\/lospoliticosveracruz.com\/?p=179598"]}]},{"@type":"ImageObject","inLanguage":"es","@id":"https:\/\/lospoliticosveracruz.com\/?p=179598#primaryimage","url":"https:\/\/lospoliticosveracruz.com\/wp-content\/uploads\/2026\/04\/Alejandra-Herrera-e1778253059458.jpg","contentUrl":"https:\/\/lospoliticosveracruz.com\/wp-content\/uploads\/2026\/04\/Alejandra-Herrera-e1778253059458.jpg","width":600,"height":320},{"@type":"BreadcrumbList","@id":"https:\/\/lospoliticosveracruz.com\/?p=179598#breadcrumb","itemListElement":[{"@type":"ListItem","position":1,"name":"Portada","item":"https:\/\/lospoliticosveracruz.com\/"},{"@type":"ListItem","position":2,"name":"TOMA NAHLE AL TORO POR LOS CUERNOS"}]},{"@type":"WebSite","@id":"https:\/\/lospoliticosveracruz.com\/#website","url":"https:\/\/lospoliticosveracruz.com\/","name":"Los pol\u00edticos Veracruz","description":"","publisher":{"@id":"https:\/\/lospoliticosveracruz.com\/#organization"},"potentialAction":[{"@type":"SearchAction","target":{"@type":"EntryPoint","urlTemplate":"https:\/\/lospoliticosveracruz.com\/?s={search_term_string}"},"query-input":{"@type":"PropertyValueSpecification","valueRequired":true,"valueName":"search_term_string"}}],"inLanguage":"es"},{"@type":"Organization","@id":"https:\/\/lospoliticosveracruz.com\/#organization","name":"Los pol\u00edticos Veracruz","url":"https:\/\/lospoliticosveracruz.com\/","logo":{"@type":"ImageObject","inLanguage":"es","@id":"https:\/\/lospoliticosveracruz.com\/#\/schema\/logo\/image\/","url":"https:\/\/lospoliticosveracruz.com\/wp-content\/uploads\/2025\/12\/Logo-Nuevo-LOS-POLITICOS-1.jpg","contentUrl":"https:\/\/lospoliticosveracruz.com\/wp-content\/uploads\/2025\/12\/Logo-Nuevo-LOS-POLITICOS-1.jpg","width":260,"height":70,"caption":"Los pol\u00edticos Veracruz"},"image":{"@id":"https:\/\/lospoliticosveracruz.com\/#\/schema\/logo\/image\/"},"sameAs":["https:\/\/www.facebook.com\/people\/Notimemes-de-los-Polticos\/61565672886568\/","https:\/\/x.com\/LosPoliticosVer"]},{"@type":"Person","@id":"https:\/\/lospoliticosveracruz.com\/#\/schema\/person\/b8702bb0e538456e6efd07080bf2a4a2","name":"Lo viste en Los Pol\u00edticos","image":{"@type":"ImageObject","inLanguage":"es","@id":"https:\/\/secure.gravatar.com\/avatar\/3a8de04a2656d44082be478bd6c086daa447c4651605818287b9532d3d0bd435?s=96&d=mm&r=g","url":"https:\/\/secure.gravatar.com\/avatar\/3a8de04a2656d44082be478bd6c086daa447c4651605818287b9532d3d0bd435?s=96&d=mm&r=g","contentUrl":"https:\/\/secure.gravatar.com\/avatar\/3a8de04a2656d44082be478bd6c086daa447c4651605818287b9532d3d0bd435?s=96&d=mm&r=g","caption":"Lo viste en Los Pol\u00edticos"},"url":"https:\/\/lospoliticosveracruz.com\/?author=2"}]}},"_links":{"self":[{"href":"https:\/\/lospoliticosveracruz.com\/index.php?rest_route=\/wp\/v2\/posts\/179598","targetHints":{"allow":["GET"]}}],"collection":[{"href":"https:\/\/lospoliticosveracruz.com\/index.php?rest_route=\/wp\/v2\/posts"}],"about":[{"href":"https:\/\/lospoliticosveracruz.com\/index.php?rest_route=\/wp\/v2\/types\/post"}],"author":[{"embeddable":true,"href":"https:\/\/lospoliticosveracruz.com\/index.php?rest_route=\/wp\/v2\/users\/2"}],"replies":[{"embeddable":true,"href":"https:\/\/lospoliticosveracruz.com\/index.php?rest_route=%2Fwp%2Fv2%2Fcomments&post=179598"}],"version-history":[{"count":1,"href":"https:\/\/lospoliticosveracruz.com\/index.php?rest_route=\/wp\/v2\/posts\/179598\/revisions"}],"predecessor-version":[{"id":179599,"href":"https:\/\/lospoliticosveracruz.com\/index.php?rest_route=\/wp\/v2\/posts\/179598\/revisions\/179599"}],"wp:featuredmedia":[{"embeddable":true,"href":"https:\/\/lospoliticosveracruz.com\/index.php?rest_route=\/wp\/v2\/media\/169900"}],"wp:attachment":[{"href":"https:\/\/lospoliticosveracruz.com\/index.php?rest_route=%2Fwp%2Fv2%2Fmedia&parent=179598"}],"wp:term":[{"taxonomy":"category","embeddable":true,"href":"https:\/\/lospoliticosveracruz.com\/index.php?rest_route=%2Fwp%2Fv2%2Fcategories&post=179598"},{"taxonomy":"post_tag","embeddable":true,"href":"https:\/\/lospoliticosveracruz.com\/index.php?rest_route=%2Fwp%2Fv2%2Ftags&post=179598"}],"curies":[{"name":"wp","href":"https:\/\/api.w.org\/{rel}","templated":true}]}}