{"id":179600,"date":"2026-08-31T06:19:56","date_gmt":"2026-08-31T12:19:56","guid":{"rendered":"https:\/\/lospoliticosveracruz.com\/?p=179600"},"modified":"2026-08-31T06:19:58","modified_gmt":"2026-08-31T12:19:58","slug":"dante-hector-y-pepe","status":"publish","type":"post","link":"https:\/\/lospoliticosveracruz.com\/?p=179600","title":{"rendered":"DANTE, H\u00c9CTOR Y PEPE"},"content":{"rendered":"<div class=\"wp-block-image\">\n<figure class=\"alignleft size-large is-resized\"><a href=\"https:\/\/lospoliticosveracruz.com\/wp-content\/uploads\/2026\/08\/Contribuciones-VER-scaled.jpg\"><img loading=\"lazy\" decoding=\"async\" width=\"1024\" height=\"127\" src=\"https:\/\/lospoliticosveracruz.com\/wp-content\/uploads\/2026\/08\/Contribuciones-VER-1024x127.jpg\" alt=\"\" class=\"wp-image-178578\" style=\"aspect-ratio:8.063745019920319;width:783px;height:auto\" srcset=\"https:\/\/lospoliticosveracruz.com\/wp-content\/uploads\/2026\/08\/Contribuciones-VER-1024x127.jpg 1024w, https:\/\/lospoliticosveracruz.com\/wp-content\/uploads\/2026\/08\/Contribuciones-VER-300x37.jpg 300w, https:\/\/lospoliticosveracruz.com\/wp-content\/uploads\/2026\/08\/Contribuciones-VER-768x95.jpg 768w, https:\/\/lospoliticosveracruz.com\/wp-content\/uploads\/2026\/08\/Contribuciones-VER-1536x190.jpg 1536w, https:\/\/lospoliticosveracruz.com\/wp-content\/uploads\/2026\/08\/Contribuciones-VER-2048x253.jpg 2048w, https:\/\/lospoliticosveracruz.com\/wp-content\/uploads\/2026\/08\/Contribuciones-VER-150x19.jpg 150w, https:\/\/lospoliticosveracruz.com\/wp-content\/uploads\/2026\/08\/Contribuciones-VER-696x86.jpg 696w, https:\/\/lospoliticosveracruz.com\/wp-content\/uploads\/2026\/08\/Contribuciones-VER-1068x132.jpg 1068w, https:\/\/lospoliticosveracruz.com\/wp-content\/uploads\/2026\/08\/Contribuciones-VER-1920x237.jpg 1920w\" sizes=\"auto, (max-width: 1024px) 100vw, 1024px\" \/><\/a><\/figure>\n<\/div>\n\n<div class=\"wp-block-image\">\n<figure class=\"alignleft size-full is-resized\"><a href=\"https:\/\/www.facebook.com\/ViveVeracruzCultura\/posts\/pfbid0RVyf5bm7vC1RyRraD63geXbMuFMMiSpkZcysmk9Z2ShmGQMEdh1GbjDgbYFyeyNZl\" target=\"_blank\" rel=\"https:\/\/www.facebook.com\/ViveVeracruzCultura\/posts\/pfbid0RVyf5bm7vC1RyRraD63geXbMuFMMiSpkZcysmk9Z2ShmGQMEdh1GbjDgbYFyeyNZl\"><img loading=\"lazy\" decoding=\"async\" width=\"701\" height=\"561\" src=\"https:\/\/lospoliticosveracruz.com\/wp-content\/uploads\/2026\/07\/Verano.png\" alt=\"\" class=\"wp-image-177651\" style=\"aspect-ratio:1.2495613179957106;width:422px;height:auto\" srcset=\"https:\/\/lospoliticosveracruz.com\/wp-content\/uploads\/2026\/07\/Verano.png 701w, https:\/\/lospoliticosveracruz.com\/wp-content\/uploads\/2026\/07\/Verano-300x240.png 300w, https:\/\/lospoliticosveracruz.com\/wp-content\/uploads\/2026\/07\/Verano-525x420.png 525w, https:\/\/lospoliticosveracruz.com\/wp-content\/uploads\/2026\/07\/Verano-150x120.png 150w, https:\/\/lospoliticosveracruz.com\/wp-content\/uploads\/2026\/07\/Verano-696x557.png 696w\" sizes=\"auto, (max-width: 701px) 100vw, 701px\" \/><\/a><\/figure>\n<\/div>\n\n\n<p><strong>Omar Z\u00fa\u00f1iga<\/strong><br><em>De Primera Mano<\/em><\/p>\n\n\n\n<p class=\"dropcapp1\">La pol\u00edtica, no es, va siendo.<\/p>\n\n\n\n<p>Lo&nbsp;ocurrido en&nbsp;Boca del R\u00edo&nbsp;este fin de semana, el mensaje que&nbsp;<strong>Dante Delgado Rannauro<\/strong>&nbsp;ofreci\u00f3 este 29 de agosto, hay que leerlo menos por lo que dijo \u2014que fue mucho y con nombre y apellido\u2014 que por qui\u00e9n lo acompa\u00f1aba\u2026&nbsp;y qui\u00e9n no.<\/p>\n\n\n\n<p>Ah\u00ed estuvieron a un lado de&nbsp;quien en los hechos es el l\u00edder&nbsp;nacional&nbsp;de Movimiento Ciudadano,&nbsp;<strong>Jos\u00e9 Francisco&nbsp;<\/strong><strong><em>Pepe<\/em><\/strong><strong>&nbsp;Yunes Zorrilla<\/strong>, excandidato del PRI al gobierno de Veracruz, y&nbsp;<strong>H\u00e9ctor Yunes Landa<\/strong>,&nbsp;tambi\u00e9n excandidato y&nbsp;hoy presidente del partido estatal&nbsp;Alianza Generacional por Veracruz.&nbsp;<\/p>\n\n\n\n<p>Ninguna de las dos presencias es casual, y ninguna deber\u00eda leerse en&nbsp;singular.<\/p>\n\n\n\n<p>H\u00e9ctor&nbsp;y&nbsp;Alianza Generacional ir\u00e1n&nbsp;en alianza con Movimiento Ciudadano&nbsp;en 2029 y en 2030, pues reitera que la aspiraci\u00f3n de Alianza Generacional no es s\u00f3lo conservar el registro en 2027, sino formar bancada en el Congreso local, es decir, m\u00ednimo tener 3 diputados.<\/p>\n\n\n\n<p>Boca del R\u00edo fue, en ese sentido, la puesta en escena de un acuerdo que ya exist\u00eda en los hechos y que ahora se exhibe en p\u00fablico, con el propio Dante como maestro de ceremonias.<\/p>\n\n\n\n<p><strong>Pepe Yunes<\/strong>, por su parte, atendi\u00f3 la invitaci\u00f3n de Dante a suscribir un posicionamiento que, adem\u00e1s de las reformas a las fiscal\u00edas, contiene se\u00f1alamientos duros \u2014deficiencia, corrupci\u00f3n, autoritarismo\u2014 contra los gobiernos federal y, en particular, el estatal.&nbsp;<\/p>\n\n\n\n<p>Lo hizo, seg\u00fan sus propias palabras, \u201cen el marco del reconocimiento que me merece Dante Delgado\u201d y con el inter\u00e9s de contribuir, \u201cdesde mi militancia priista\u201d, a la configuraci\u00f3n de un frente opositor amplio que luche por un buen gobierno para Veracruz.&nbsp;<\/p>\n\n\n\n<p>Que un excandidato del PRI a la gubernatura&nbsp;y personaje respetado a nivel estatal aparezca&nbsp;junto al fundador de Movimiento Ciudadano no es folclore pol\u00edtico: es la confirmaci\u00f3n de que el PRI veracruzano, o al menos su ala m\u00e1s visible, ya se piensa a s\u00ed mismo como parte de una coalici\u00f3n opositora que trasciende sus siglas.<\/p>\n\n\n\n<p>*****<\/p>\n\n\n\n<p>El fondo del mensaje de Dante fue tan contundente como se esperaba.&nbsp;<\/p>\n\n\n\n<p>Acus\u00f3 a la gobernadora&nbsp;<strong>Roc\u00edo Nahle Garc\u00eda<\/strong>&nbsp;y a Morena de encabezar una persecuci\u00f3n pol\u00edtica contra Movimiento Ciudadano, con la Fiscal\u00eda General del Estado como instrumento.&nbsp;<\/p>\n\n\n\n<p>\u201cLa justicia lleva d\u00e9cadas sometida a los intereses del poder\u201d, dijo, y denunci\u00f3 expedientes fabricados y debido proceso violado.<\/p>\n\n\n\n<p>Anunci\u00f3, adem\u00e1s, una propuesta nacional para devolver el control de las fiscal\u00edas federal y estatales a los poderes ejecutivos, con el argumento de acabar con la simulaci\u00f3n de los organismos aut\u00f3nomos y obligar a los gobernantes a asumir el costo pol\u00edtico de sus decisiones.&nbsp;<\/p>\n\n\n\n<p>Es una propuesta discutible en lo t\u00e9cnico \u2014hay buenas razones para preservar la autonom\u00eda de las fiscal\u00edas\u2014 pero pol\u00edticamente eficaz: traduce en una sola frase la sensaci\u00f3n, cada vez m\u00e1s extendida en Veracruz, de que la justicia se usa como arma.<\/p>\n\n\n\n<p>*****<\/p>\n\n\n\n<p>Para documentar el optimismo, y&nbsp;en el terreno de las ausencias,&nbsp;es donde el mensaje se vuelve m\u00e1s interesante.&nbsp;<\/p>\n\n\n\n<p>Ah\u00ed no estuvo&nbsp;<strong>Jos\u00e9 Manuel del R\u00edo Virgen<\/strong>, fundador de MC&nbsp;y quien ha sido agraviado por la dirigencia estatal que encabeza&nbsp;<strong>Luis Carbonell de la Hoz<\/strong>;&nbsp;su ausencia pesa m\u00e1s que&nbsp;la&nbsp;presencia, del mismo Carbonell.<\/p>\n\n\n\n<p>Marca el contraste con su antecesor y hoy delegado nacional,&nbsp;<strong>Sergio Gil Rull\u00e1n<\/strong>, cuya cercan\u00eda con la militancia hist\u00f3rica del partido en el estado no tiene comparaci\u00f3n con el&nbsp;\u201cliderazgo\u201d&nbsp;actual.&nbsp;<\/p>\n\n\n\n<p>Carbonell, dicho sea de paso,&nbsp;a pesar de estar en las fotos, dist\u00f3 mucho de estar en primer plano&nbsp;en Boca del R\u00edo, lo cual, visto el patr\u00f3n de fracturas internas que&nbsp;se&nbsp;ha&nbsp;documentado en este espacio, no deber\u00eda sorprender a nadie.<\/p>\n\n\n\n<p>*****<\/p>\n\n\n\n<p>La falta de liderazgo de Carbonell no es un tema aparte del discurso de Boca del R\u00edo: es, en buena medida, la causa de que ese discurso tenga que pronunciarse.<\/p>\n\n\n\n<p>Lo que queda claro, en todo caso, es que el mapa de 2030 empez\u00f3 a dibujarse este viernes en Boca del R\u00edo.&nbsp;<\/p>\n\n\n\n<p>Ah\u00ed, junto a Dante, estaban los&nbsp;personajes&nbsp;que decidieron apostar por el frente amplio, Pepe y H\u00e9ctor.<\/p>\n\n\n\n<p>Si bien para que exista el 29 y el 30, debe haber un 27, las cosas se van perfilando&nbsp;y&nbsp;poni\u00e9ndose en su lugar y si Dante y su gente de confianza y operadores con capacidad probada y&nbsp;buen&nbsp;pol\u00edtico como&nbsp;<strong>Sergio Gil<\/strong>, empiezan a negociar un freta amplio opositor que inicie en el 2027, sumado a las fracturas internas de los grupos de Morena, otro gallo puede cantar y H\u00e9ctor, Pepe y Dante sin duda ser\u00e1n protagonistas.<\/p>\n\n\n\n<p>*****<\/p>\n\n\n\n<p>Ah, por cierto, tambi\u00e9n fue presentado en sociedad el exalcalde panista de Boca del R\u00edo Humberto Alonso Morelli.<\/p>\n\n\n\n<p>\u00a1Qu\u00e9 barbaridad!<\/p>\n\n\n\n<p>deprimera.mano2020@gmail.com<\/p>\n\n\n\n<p><\/p>\n","protected":false},"excerpt":{"rendered":"<p>Omar Z\u00fa\u00f1igaDe Primera Mano La pol\u00edtica, no es, va siendo. Lo&nbsp;ocurrido en&nbsp;Boca del R\u00edo&nbsp;este fin de semana, el mensaje que&nbsp;Dante Delgado Rannauro&nbsp;ofreci\u00f3 este 29 de agosto, hay que leerlo menos por lo que dijo \u2014que fue mucho y con nombre y apellido\u2014 que por qui\u00e9n lo acompa\u00f1aba\u2026&nbsp;y qui\u00e9n no. Ah\u00ed estuvieron a un lado de&nbsp;quien [&hellip;]<\/p>\n","protected":false},"author":2,"featured_media":141427,"comment_status":"closed","ping_status":"closed","sticky":false,"template":"","format":"standard","meta":{"tdm_status":"","tdm_grid_status":"","footnotes":""},"categories":[70],"tags":[1006,348,38769,23734,2327,28705,570,3578,11240,195],"class_list":{"0":"post-179600","1":"post","2":"type-post","3":"status-publish","4":"format-standard","5":"has-post-thumbnail","7":"category-de-opinion","8":"tag-dante-delgado-rannauro","9":"tag-hector-yunes-landa","10":"tag-jose-manuel-del-rio-virgen-3","11":"tag-luis-carbonell-de-la-hoz","12":"tag-movimiento-ciudadano","13":"tag-omar-zuniga","14":"tag-pepe-yunes","15":"tag-rocio-nahle","16":"tag-sergio-gil-rullan","17":"tag-veracruz"},"yoast_head":"<!-- This site is optimized with the Yoast SEO plugin v28.1 - https:\/\/yoast.com\/product\/yoast-seo-wordpress\/ -->\n<title>DANTE, H\u00c9CTOR Y PEPE - Los pol\u00edticos Veracruz<\/title>\n<meta name=\"robots\" content=\"index, follow, max-snippet:-1, max-image-preview:large, max-video-preview:-1\" \/>\n<link rel=\"canonical\" href=\"https:\/\/lospoliticosveracruz.com\/?p=179600\" \/>\n<meta property=\"og:locale\" content=\"es_ES\" \/>\n<meta property=\"og:type\" content=\"article\" \/>\n<meta property=\"og:title\" content=\"DANTE, H\u00c9CTOR Y PEPE - Los pol\u00edticos Veracruz\" \/>\n<meta property=\"og:description\" content=\"Omar Z\u00fa\u00f1igaDe Primera Mano La pol\u00edtica, no es, va siendo. Lo&nbsp;ocurrido en&nbsp;Boca del R\u00edo&nbsp;este fin de semana, el mensaje que&nbsp;Dante Delgado Rannauro&nbsp;ofreci\u00f3 este 29 de agosto, hay que leerlo menos por lo que dijo \u2014que fue mucho y con nombre y apellido\u2014 que por qui\u00e9n lo acompa\u00f1aba\u2026&nbsp;y qui\u00e9n no. Ah\u00ed estuvieron a un lado de&nbsp;quien [&hellip;]\" \/>\n<meta property=\"og:url\" content=\"https:\/\/lospoliticosveracruz.com\/?p=179600\" \/>\n<meta property=\"og:site_name\" content=\"Los pol\u00edticos Veracruz\" \/>\n<meta property=\"article:publisher\" content=\"https:\/\/www.facebook.com\/people\/Notimemes-de-los-Polticos\/61565672886568\/\" \/>\n<meta property=\"article:published_time\" content=\"2026-08-31T12:19:56+00:00\" \/>\n<meta property=\"article:modified_time\" content=\"2026-08-31T12:19:58+00:00\" \/>\n<meta property=\"og:image\" content=\"https:\/\/lospoliticosveracruz.com\/wp-content\/uploads\/2025\/04\/Omar-Zuniga-e1787103094745.jpg\" \/>\n\t<meta property=\"og:image:width\" content=\"600\" \/>\n\t<meta property=\"og:image:height\" content=\"320\" \/>\n\t<meta property=\"og:image:type\" content=\"image\/jpeg\" \/>\n<meta name=\"author\" content=\"Lo viste en Los Pol\u00edticos\" \/>\n<meta name=\"twitter:card\" content=\"summary_large_image\" \/>\n<meta name=\"twitter:creator\" content=\"@LosPoliticosVer\" \/>\n<meta name=\"twitter:site\" content=\"@LosPoliticosVer\" \/>\n<meta name=\"twitter:label1\" content=\"Escrito por\" \/>\n\t<meta name=\"twitter:data1\" content=\"Lo viste en Los Pol\u00edticos\" \/>\n\t<meta name=\"twitter:label2\" content=\"Tiempo de lectura\" \/>\n\t<meta name=\"twitter:data2\" content=\"5 minutos\" \/>\n<script type=\"application\/ld+json\" class=\"yoast-schema-graph\">{\"@context\":\"https:\\\/\\\/schema.org\",\"@graph\":[{\"@type\":\"Article\",\"@id\":\"https:\\\/\\\/lospoliticosveracruz.com\\\/?p=179600#article\",\"isPartOf\":{\"@id\":\"https:\\\/\\\/lospoliticosveracruz.com\\\/?p=179600\"},\"author\":{\"name\":\"Lo viste en Los Pol\u00edticos\",\"@id\":\"https:\\\/\\\/lospoliticosveracruz.com\\\/#\\\/schema\\\/person\\\/b8702bb0e538456e6efd07080bf2a4a2\"},\"headline\":\"DANTE, H\u00c9CTOR Y PEPE\",\"datePublished\":\"2026-08-31T12:19:56+00:00\",\"dateModified\":\"2026-08-31T12:19:58+00:00\",\"mainEntityOfPage\":{\"@id\":\"https:\\\/\\\/lospoliticosveracruz.com\\\/?p=179600\"},\"wordCount\":889,\"publisher\":{\"@id\":\"https:\\\/\\\/lospoliticosveracruz.com\\\/#organization\"},\"image\":{\"@id\":\"https:\\\/\\\/lospoliticosveracruz.com\\\/?p=179600#primaryimage\"},\"thumbnailUrl\":\"https:\\\/\\\/lospoliticosveracruz.com\\\/wp-content\\\/uploads\\\/2025\\\/04\\\/Omar-Zuniga-e1787103094745.jpg\",\"keywords\":[\"Dante Delgado Rannauro\",\"H\u00e9ctor Yunes Landa\",\"Jos\u00e9 Manuel del R\u00edo V\u00edrgen\",\"Luis Carbonell de la Hoz\",\"Movimiento Ciudadano\",\"Omar Z\u00fa\u00f1iga\",\"Pepe Yunes\",\"Roc\u00edo Nahle\",\"Sergio Gil Rull\u00e1n\",\"Veracruz\"],\"articleSection\":[\"De Opini\u00f3n\"],\"inLanguage\":\"es\"},{\"@type\":\"WebPage\",\"@id\":\"https:\\\/\\\/lospoliticosveracruz.com\\\/?p=179600\",\"url\":\"https:\\\/\\\/lospoliticosveracruz.com\\\/?p=179600\",\"name\":\"DANTE, H\u00c9CTOR Y PEPE - Los pol\u00edticos Veracruz\",\"isPartOf\":{\"@id\":\"https:\\\/\\\/lospoliticosveracruz.com\\\/#website\"},\"primaryImageOfPage\":{\"@id\":\"https:\\\/\\\/lospoliticosveracruz.com\\\/?p=179600#primaryimage\"},\"image\":{\"@id\":\"https:\\\/\\\/lospoliticosveracruz.com\\\/?p=179600#primaryimage\"},\"thumbnailUrl\":\"https:\\\/\\\/lospoliticosveracruz.com\\\/wp-content\\\/uploads\\\/2025\\\/04\\\/Omar-Zuniga-e1787103094745.jpg\",\"datePublished\":\"2026-08-31T12:19:56+00:00\",\"dateModified\":\"2026-08-31T12:19:58+00:00\",\"breadcrumb\":{\"@id\":\"https:\\\/\\\/lospoliticosveracruz.com\\\/?p=179600#breadcrumb\"},\"inLanguage\":\"es\",\"potentialAction\":[{\"@type\":\"ReadAction\",\"target\":[\"https:\\\/\\\/lospoliticosveracruz.com\\\/?p=179600\"]}]},{\"@type\":\"ImageObject\",\"inLanguage\":\"es\",\"@id\":\"https:\\\/\\\/lospoliticosveracruz.com\\\/?p=179600#primaryimage\",\"url\":\"https:\\\/\\\/lospoliticosveracruz.com\\\/wp-content\\\/uploads\\\/2025\\\/04\\\/Omar-Zuniga-e1787103094745.jpg\",\"contentUrl\":\"https:\\\/\\\/lospoliticosveracruz.com\\\/wp-content\\\/uploads\\\/2025\\\/04\\\/Omar-Zuniga-e1787103094745.jpg\",\"width\":600,\"height\":320},{\"@type\":\"BreadcrumbList\",\"@id\":\"https:\\\/\\\/lospoliticosveracruz.com\\\/?p=179600#breadcrumb\",\"itemListElement\":[{\"@type\":\"ListItem\",\"position\":1,\"name\":\"Portada\",\"item\":\"https:\\\/\\\/lospoliticosveracruz.com\\\/\"},{\"@type\":\"ListItem\",\"position\":2,\"name\":\"DANTE, H\u00c9CTOR Y PEPE\"}]},{\"@type\":\"WebSite\",\"@id\":\"https:\\\/\\\/lospoliticosveracruz.com\\\/#website\",\"url\":\"https:\\\/\\\/lospoliticosveracruz.com\\\/\",\"name\":\"Los pol\u00edticos Veracruz\",\"description\":\"\",\"publisher\":{\"@id\":\"https:\\\/\\\/lospoliticosveracruz.com\\\/#organization\"},\"potentialAction\":[{\"@type\":\"SearchAction\",\"target\":{\"@type\":\"EntryPoint\",\"urlTemplate\":\"https:\\\/\\\/lospoliticosveracruz.com\\\/?s={search_term_string}\"},\"query-input\":{\"@type\":\"PropertyValueSpecification\",\"valueRequired\":true,\"valueName\":\"search_term_string\"}}],\"inLanguage\":\"es\"},{\"@type\":\"Organization\",\"@id\":\"https:\\\/\\\/lospoliticosveracruz.com\\\/#organization\",\"name\":\"Los pol\u00edticos Veracruz\",\"url\":\"https:\\\/\\\/lospoliticosveracruz.com\\\/\",\"logo\":{\"@type\":\"ImageObject\",\"inLanguage\":\"es\",\"@id\":\"https:\\\/\\\/lospoliticosveracruz.com\\\/#\\\/schema\\\/logo\\\/image\\\/\",\"url\":\"https:\\\/\\\/lospoliticosveracruz.com\\\/wp-content\\\/uploads\\\/2025\\\/12\\\/Logo-Nuevo-LOS-POLITICOS-1.jpg\",\"contentUrl\":\"https:\\\/\\\/lospoliticosveracruz.com\\\/wp-content\\\/uploads\\\/2025\\\/12\\\/Logo-Nuevo-LOS-POLITICOS-1.jpg\",\"width\":260,\"height\":70,\"caption\":\"Los pol\u00edticos Veracruz\"},\"image\":{\"@id\":\"https:\\\/\\\/lospoliticosveracruz.com\\\/#\\\/schema\\\/logo\\\/image\\\/\"},\"sameAs\":[\"https:\\\/\\\/www.facebook.com\\\/people\\\/Notimemes-de-los-Polticos\\\/61565672886568\\\/\",\"https:\\\/\\\/x.com\\\/LosPoliticosVer\"]},{\"@type\":\"Person\",\"@id\":\"https:\\\/\\\/lospoliticosveracruz.com\\\/#\\\/schema\\\/person\\\/b8702bb0e538456e6efd07080bf2a4a2\",\"name\":\"Lo viste en Los Pol\u00edticos\",\"image\":{\"@type\":\"ImageObject\",\"inLanguage\":\"es\",\"@id\":\"https:\\\/\\\/secure.gravatar.com\\\/avatar\\\/3a8de04a2656d44082be478bd6c086daa447c4651605818287b9532d3d0bd435?s=96&d=mm&r=g\",\"url\":\"https:\\\/\\\/secure.gravatar.com\\\/avatar\\\/3a8de04a2656d44082be478bd6c086daa447c4651605818287b9532d3d0bd435?s=96&d=mm&r=g\",\"contentUrl\":\"https:\\\/\\\/secure.gravatar.com\\\/avatar\\\/3a8de04a2656d44082be478bd6c086daa447c4651605818287b9532d3d0bd435?s=96&d=mm&r=g\",\"caption\":\"Lo viste en Los Pol\u00edticos\"},\"url\":\"https:\\\/\\\/lospoliticosveracruz.com\\\/?author=2\"}]}<\/script>\n<!-- \/ Yoast SEO plugin. -->","yoast_head_json":{"title":"DANTE, H\u00c9CTOR Y PEPE - Los pol\u00edticos Veracruz","robots":{"index":"index","follow":"follow","max-snippet":"max-snippet:-1","max-image-preview":"max-image-preview:large","max-video-preview":"max-video-preview:-1"},"canonical":"https:\/\/lospoliticosveracruz.com\/?p=179600","og_locale":"es_ES","og_type":"article","og_title":"DANTE, H\u00c9CTOR Y PEPE - Los pol\u00edticos Veracruz","og_description":"Omar Z\u00fa\u00f1igaDe Primera Mano La pol\u00edtica, no es, va siendo. Lo&nbsp;ocurrido en&nbsp;Boca del R\u00edo&nbsp;este fin de semana, el mensaje que&nbsp;Dante Delgado Rannauro&nbsp;ofreci\u00f3 este 29 de agosto, hay que leerlo menos por lo que dijo \u2014que fue mucho y con nombre y apellido\u2014 que por qui\u00e9n lo acompa\u00f1aba\u2026&nbsp;y qui\u00e9n no. Ah\u00ed estuvieron a un lado de&nbsp;quien [&hellip;]","og_url":"https:\/\/lospoliticosveracruz.com\/?p=179600","og_site_name":"Los pol\u00edticos Veracruz","article_publisher":"https:\/\/www.facebook.com\/people\/Notimemes-de-los-Polticos\/61565672886568\/","article_published_time":"2026-08-31T12:19:56+00:00","article_modified_time":"2026-08-31T12:19:58+00:00","og_image":[{"width":600,"height":320,"url":"https:\/\/lospoliticosveracruz.com\/wp-content\/uploads\/2025\/04\/Omar-Zuniga-e1787103094745.jpg","type":"image\/jpeg"}],"author":"Lo viste en Los Pol\u00edticos","twitter_card":"summary_large_image","twitter_creator":"@LosPoliticosVer","twitter_site":"@LosPoliticosVer","twitter_misc":{"Escrito por":"Lo viste en Los Pol\u00edticos","Tiempo de lectura":"5 minutos"},"schema":{"@context":"https:\/\/schema.org","@graph":[{"@type":"Article","@id":"https:\/\/lospoliticosveracruz.com\/?p=179600#article","isPartOf":{"@id":"https:\/\/lospoliticosveracruz.com\/?p=179600"},"author":{"name":"Lo viste en Los Pol\u00edticos","@id":"https:\/\/lospoliticosveracruz.com\/#\/schema\/person\/b8702bb0e538456e6efd07080bf2a4a2"},"headline":"DANTE, H\u00c9CTOR Y PEPE","datePublished":"2026-08-31T12:19:56+00:00","dateModified":"2026-08-31T12:19:58+00:00","mainEntityOfPage":{"@id":"https:\/\/lospoliticosveracruz.com\/?p=179600"},"wordCount":889,"publisher":{"@id":"https:\/\/lospoliticosveracruz.com\/#organization"},"image":{"@id":"https:\/\/lospoliticosveracruz.com\/?p=179600#primaryimage"},"thumbnailUrl":"https:\/\/lospoliticosveracruz.com\/wp-content\/uploads\/2025\/04\/Omar-Zuniga-e1787103094745.jpg","keywords":["Dante Delgado Rannauro","H\u00e9ctor Yunes Landa","Jos\u00e9 Manuel del R\u00edo V\u00edrgen","Luis Carbonell de la Hoz","Movimiento Ciudadano","Omar Z\u00fa\u00f1iga","Pepe Yunes","Roc\u00edo Nahle","Sergio Gil Rull\u00e1n","Veracruz"],"articleSection":["De Opini\u00f3n"],"inLanguage":"es"},{"@type":"WebPage","@id":"https:\/\/lospoliticosveracruz.com\/?p=179600","url":"https:\/\/lospoliticosveracruz.com\/?p=179600","name":"DANTE, H\u00c9CTOR Y PEPE - Los pol\u00edticos Veracruz","isPartOf":{"@id":"https:\/\/lospoliticosveracruz.com\/#website"},"primaryImageOfPage":{"@id":"https:\/\/lospoliticosveracruz.com\/?p=179600#primaryimage"},"image":{"@id":"https:\/\/lospoliticosveracruz.com\/?p=179600#primaryimage"},"thumbnailUrl":"https:\/\/lospoliticosveracruz.com\/wp-content\/uploads\/2025\/04\/Omar-Zuniga-e1787103094745.jpg","datePublished":"2026-08-31T12:19:56+00:00","dateModified":"2026-08-31T12:19:58+00:00","breadcrumb":{"@id":"https:\/\/lospoliticosveracruz.com\/?p=179600#breadcrumb"},"inLanguage":"es","potentialAction":[{"@type":"ReadAction","target":["https:\/\/lospoliticosveracruz.com\/?p=179600"]}]},{"@type":"ImageObject","inLanguage":"es","@id":"https:\/\/lospoliticosveracruz.com\/?p=179600#primaryimage","url":"https:\/\/lospoliticosveracruz.com\/wp-content\/uploads\/2025\/04\/Omar-Zuniga-e1787103094745.jpg","contentUrl":"https:\/\/lospoliticosveracruz.com\/wp-content\/uploads\/2025\/04\/Omar-Zuniga-e1787103094745.jpg","width":600,"height":320},{"@type":"BreadcrumbList","@id":"https:\/\/lospoliticosveracruz.com\/?p=179600#breadcrumb","itemListElement":[{"@type":"ListItem","position":1,"name":"Portada","item":"https:\/\/lospoliticosveracruz.com\/"},{"@type":"ListItem","position":2,"name":"DANTE, H\u00c9CTOR Y PEPE"}]},{"@type":"WebSite","@id":"https:\/\/lospoliticosveracruz.com\/#website","url":"https:\/\/lospoliticosveracruz.com\/","name":"Los pol\u00edticos Veracruz","description":"","publisher":{"@id":"https:\/\/lospoliticosveracruz.com\/#organization"},"potentialAction":[{"@type":"SearchAction","target":{"@type":"EntryPoint","urlTemplate":"https:\/\/lospoliticosveracruz.com\/?s={search_term_string}"},"query-input":{"@type":"PropertyValueSpecification","valueRequired":true,"valueName":"search_term_string"}}],"inLanguage":"es"},{"@type":"Organization","@id":"https:\/\/lospoliticosveracruz.com\/#organization","name":"Los pol\u00edticos Veracruz","url":"https:\/\/lospoliticosveracruz.com\/","logo":{"@type":"ImageObject","inLanguage":"es","@id":"https:\/\/lospoliticosveracruz.com\/#\/schema\/logo\/image\/","url":"https:\/\/lospoliticosveracruz.com\/wp-content\/uploads\/2025\/12\/Logo-Nuevo-LOS-POLITICOS-1.jpg","contentUrl":"https:\/\/lospoliticosveracruz.com\/wp-content\/uploads\/2025\/12\/Logo-Nuevo-LOS-POLITICOS-1.jpg","width":260,"height":70,"caption":"Los pol\u00edticos Veracruz"},"image":{"@id":"https:\/\/lospoliticosveracruz.com\/#\/schema\/logo\/image\/"},"sameAs":["https:\/\/www.facebook.com\/people\/Notimemes-de-los-Polticos\/61565672886568\/","https:\/\/x.com\/LosPoliticosVer"]},{"@type":"Person","@id":"https:\/\/lospoliticosveracruz.com\/#\/schema\/person\/b8702bb0e538456e6efd07080bf2a4a2","name":"Lo viste en Los Pol\u00edticos","image":{"@type":"ImageObject","inLanguage":"es","@id":"https:\/\/secure.gravatar.com\/avatar\/3a8de04a2656d44082be478bd6c086daa447c4651605818287b9532d3d0bd435?s=96&d=mm&r=g","url":"https:\/\/secure.gravatar.com\/avatar\/3a8de04a2656d44082be478bd6c086daa447c4651605818287b9532d3d0bd435?s=96&d=mm&r=g","contentUrl":"https:\/\/secure.gravatar.com\/avatar\/3a8de04a2656d44082be478bd6c086daa447c4651605818287b9532d3d0bd435?s=96&d=mm&r=g","caption":"Lo viste en Los Pol\u00edticos"},"url":"https:\/\/lospoliticosveracruz.com\/?author=2"}]}},"_links":{"self":[{"href":"https:\/\/lospoliticosveracruz.com\/index.php?rest_route=\/wp\/v2\/posts\/179600","targetHints":{"allow":["GET"]}}],"collection":[{"href":"https:\/\/lospoliticosveracruz.com\/index.php?rest_route=\/wp\/v2\/posts"}],"about":[{"href":"https:\/\/lospoliticosveracruz.com\/index.php?rest_route=\/wp\/v2\/types\/post"}],"author":[{"embeddable":true,"href":"https:\/\/lospoliticosveracruz.com\/index.php?rest_route=\/wp\/v2\/users\/2"}],"replies":[{"embeddable":true,"href":"https:\/\/lospoliticosveracruz.com\/index.php?rest_route=%2Fwp%2Fv2%2Fcomments&post=179600"}],"version-history":[{"count":1,"href":"https:\/\/lospoliticosveracruz.com\/index.php?rest_route=\/wp\/v2\/posts\/179600\/revisions"}],"predecessor-version":[{"id":179601,"href":"https:\/\/lospoliticosveracruz.com\/index.php?rest_route=\/wp\/v2\/posts\/179600\/revisions\/179601"}],"wp:featuredmedia":[{"embeddable":true,"href":"https:\/\/lospoliticosveracruz.com\/index.php?rest_route=\/wp\/v2\/media\/141427"}],"wp:attachment":[{"href":"https:\/\/lospoliticosveracruz.com\/index.php?rest_route=%2Fwp%2Fv2%2Fmedia&parent=179600"}],"wp:term":[{"taxonomy":"category","embeddable":true,"href":"https:\/\/lospoliticosveracruz.com\/index.php?rest_route=%2Fwp%2Fv2%2Fcategories&post=179600"},{"taxonomy":"post_tag","embeddable":true,"href":"https:\/\/lospoliticosveracruz.com\/index.php?rest_route=%2Fwp%2Fv2%2Ftags&post=179600"}],"curies":[{"name":"wp","href":"https:\/\/api.w.org\/{rel}","templated":true}]}}