{"id":179604,"date":"2026-08-31T06:41:14","date_gmt":"2026-08-31T12:41:14","guid":{"rendered":"https:\/\/lospoliticosveracruz.com\/?p=179604"},"modified":"2026-08-31T06:41:15","modified_gmt":"2026-08-31T12:41:15","slug":"donde-quedo-la-dignidad-congruencia-y-decoro-de-dante","status":"publish","type":"post","link":"https:\/\/lospoliticosveracruz.com\/?p=179604","title":{"rendered":"D\u00d3NDE QUED\u00d3 LA DIGNIDAD, CONGRUENCIA Y DECORO DE DANTE"},"content":{"rendered":"<div class=\"wp-block-image\">\n<figure class=\"alignleft size-full is-resized\"><a href=\"https:\/\/lospoliticosveracruz.com\/wp-content\/uploads\/2026\/05\/IMG_1092.png\"><img loading=\"lazy\" decoding=\"async\" width=\"640\" height=\"600\" src=\"https:\/\/lospoliticosveracruz.com\/wp-content\/uploads\/2026\/05\/IMG_1092.png\" alt=\"\" class=\"wp-image-172799\" style=\"width:375px;height:auto\" srcset=\"https:\/\/lospoliticosveracruz.com\/wp-content\/uploads\/2026\/05\/IMG_1092.png 640w, https:\/\/lospoliticosveracruz.com\/wp-content\/uploads\/2026\/05\/IMG_1092-300x281.png 300w, https:\/\/lospoliticosveracruz.com\/wp-content\/uploads\/2026\/05\/IMG_1092-448x420.png 448w, https:\/\/lospoliticosveracruz.com\/wp-content\/uploads\/2026\/05\/IMG_1092-150x141.png 150w\" sizes=\"auto, (max-width: 640px) 100vw, 640px\" \/><\/a><\/figure>\n<\/div>\n\n\n<p><strong>Fanny Y\u00e9pez<\/strong><br><em>La Columna<\/em><\/p>\n\n\n\n<p class=\"dropcapp1\">Unos d\u00edas antes de que fuera aprendido, mi entonces jefe, el Ingeniero Pedro Ferriz de Con me llamo por tel\u00e9fono y me dijo \u201cFanny te adelanto que van a detener a Dante, por favor hay que estar pendiente de las reacciones\u201d, efectivamente, el l 17 de diciembre de 1996 fue aprendido en la ciudad de M\u00e9xico, cuando sal\u00eda del hospital ABC de la capital del pa\u00eds, donde hab\u00eda acudido a visitar a su padre que se encontraba delicado de salud.<br>Fue el propio Pedro Ferriz quien en otra llamada me informo que Dante Delgado hab\u00eda sido detenido y que estaba siendo trasladado al penal de Pacho Viejo, en Coatepec, Veracruz, acusado de peculado, enriquecimiento il\u00edcito y abuso de autoridad.<br>Dante estuvo encarcelado aproximadamente 15 meses, durante el gobierno estatal de Patricio Chirinos Calero, y su verdugo fue Miguel \u00c1ngel Yunes Linares, entonces era el temido secretario de gobierno del estado. \u00c9l se encarg\u00f3 de ejecutar la orden y peri\u00f3dicamente acud\u00eda al reclusorio, sobre todo cuando le tocaba comparecer al ex gobernador interino.<br>Por all\u00e1 del mes de febrero recib\u00ed una orden de mi jefe Pedro Ferriz, \u201cno s\u00e9 c\u00f3mo les vas hacer Fanny, pero entrevista a Dante\u201d y viaje de la ciudad de Veracruz hasta Pacho Viejo, la garita del reclusorio estaba sumamente vigilada, espere la autorizaci\u00f3n, pero las autoridades me ganaron el acceso.<br>Pero una tarde, alrededor de las 16:00 horas se me ocurri\u00f3 una idea descabellada, le dije a Uriel, el chofer de la unidad del noticiero NotiGlobo, que iba a dejar todo, mi libreta y mi inseparable grabadora de casete normal y me enfil\u00e9 a la garita del penal. Me pare frente al vigilante y me presente \u201csoy la maestra Rosa Jim\u00e9nez\u201d. Que desea me respondi\u00f3. \u201cvenga a visitar al Licenciado Dante Delgado\u201d de donde viene usted me contesto \u201cvengo de Naranjos\u201d. Perm\u00edtame, advirti\u00f3.<br>Los segundos se me hicieron interminables rogaba que no me pidieran una identificaci\u00f3n y para mi sorpresa no lo hicieron, en cinco minutos retorno el vigilante y me indico que pod\u00eda pasar y una persona me condujo hacia donde se encontraba Dante Delgado.<br>Me lo encontr\u00e9 sentado, encima de un escritorio y me dijo con sorpresa \u201c\u00a1como lograste entrar!\u201d le respond\u00ed si se lo cuento no me lo va a creer, vengo a entrevistarlo\u201d.<br>R\u00e1pidamente le pregunte sobre cu\u00e1l era su opini\u00f3n de su detenci\u00f3n, por su supuesto arremeti\u00f3 con toda su fuerza y elocuencia contra Miguel \u00c1ngel Yunes Linares y contra el gobierno federal priista. Se autocalifico como preso pol\u00edtico.<br>Dante Delgado declar\u00f3 que su encarcelamiento en la d\u00e9cada de 1990 ocurri\u00f3 por un exceso de abuso de poder e impunidad del gobierno, siendo una represalia y una detenci\u00f3n ilegal y arbitraria por cuestionar y confrontar al r\u00e9gimen de esa \u00e9poca.<br>Sostuvo que la diferencia entre un secuestro del crimen organizado y una detenci\u00f3n gubernamental ilegal es que, el gobierno encierra a la persona en prisi\u00f3n para buscar su desprestigio pol\u00edtico y social.<br>Me dieron escasos 10 minutos y cuando menos me lo esperaba otra persona del reclusorio me apresuro abandonar el lugar, me desped\u00ed e inmediatamente avis\u00e9 a la redacci\u00f3n del noticiero \u201cPara Empezar\u201d, que se trasmit\u00eda a nivel nacional, que ten\u00eda una entrevista exclusiva con Dante Delgado.<br>Empec\u00e9 a redactar la cr\u00f3nica donde relate que con un nombre falso logre entrar al reclusorio y hab\u00eda logrado una declaraci\u00f3n exclusiva, con el ahora dirigente moral de Movimiento Ciudadano.<br>Javier Solorzano conductor de la tercera emisi\u00f3n del noticiero me concedi\u00f3 15 minutos para hacer mi cr\u00f3nica, donde describ\u00ed c\u00f3mo encontr\u00e9 a Dante Delgado, como iba vestido como era su semblante y dem\u00e1s situaciones.<br>Al regresar a la estaci\u00f3n me encontr\u00e9 que el gerente quien con un gesto adusto me comunico que hab\u00edan hablado a la emisora un funcionario de comunicaci\u00f3n social de gobierno del estado para cancelar el convenio y que mi empleo iba revisar y efectivamente meses despu\u00e9s me despidieron. Miguel \u00c1ngel Yunes le puso precio a mi cabeza entre empresarios y los poderosos, entend\u00ed que el dinero sale ganando, lamentablemente.<br>Por todo ello y m\u00e1s que recuerdo, confirmo que no hay pol\u00edticos agradecidos, ahora Dante Delgado si me ve ni me saluda. Olvid\u00f3 que por esa entrevista perd\u00ed mi trabajo y fui perseguida por Yunes Linares.<br>Pero lo peor es que al parecer hubo un \u00abpacto\u00bb formal entre Dante Delgado y Miguel \u00c1ngel y ocurri\u00f3 en el marco del Frente Ciudadano por M\u00e9xico. Movimiento Ciudadano (dirigido por Delgado) se ali\u00f3 con el PAN y el PRD, lo que llev\u00f3 a Dante a respaldar la gubernatura de Yunes Linares en 2016 y, posteriormente, la candidatura de su hijo, Miguel \u00c1ngel Yunes M\u00e1rquez, en 2018. En su momento, Delgado argument\u00f3 que las causas superiores del pa\u00eds estaban por encima de cualquier rencor personal. D\u00f3nde qued\u00f3 la dignidad, la congruencia y el decoro.<br>Dante inicio su carrera pol\u00edtica como miembro del Partido Revolucionario Institucional, donde fue secretario de Organizaci\u00f3n del Comit\u00e9 Ejecutivo Nacional y presidente del Comit\u00e9 Directivo Estatal en Veracruz. Fue subsecretario de Gobierno (1983-1985) y secretario general de Gobierno del Estado de Veracruz (1986-1988).<br>Entre los cargos p\u00fablicos que ha desempe\u00f1ado se destacan como coordinador de la Comisi\u00f3n para el Bienestar Social y Desarrollo Econ\u00f3mico Sustentable para el Estado de Chiapas en 1995; procurador agrario de 1994 a 1995; embajador de M\u00e9xico en Italia y, representante permanente ante la Organizaci\u00f3n de las Naciones Unidas para la Agricultura y la Alimentaci\u00f3n (FAO) de 1993 a 1994.<br>Fue coordinador general del Partido Convergencia Democr\u00e1tica de 1999 hasta febrero de 2006, cuando fue elegido presidente del Consejo Nacional de Convergencia, actualmente Movimiento Naranja.<br>Dante Delgado Rannauro fue gobernador interino (sustituto) de Veracruz del 1 de diciembre de 1988 al 30 de noviembre de 1992, en sustituci\u00f3n de Don Fernando Guti\u00e9rrez Barrios, quien solicit\u00f3 licencia para ser el secretario de Gobernaci\u00f3n en el gobierno de Carlos Salinas de Gortari.<\/p>\n","protected":false},"excerpt":{"rendered":"<p>Fanny Y\u00e9pezLa Columna Unos d\u00edas antes de que fuera aprendido, mi entonces jefe, el Ingeniero Pedro Ferriz de Con me llamo por tel\u00e9fono y me dijo \u201cFanny te adelanto que van a detener a Dante, por favor hay que estar pendiente de las reacciones\u201d, efectivamente, el l 17 de diciembre de 1996 fue aprendido en [&hellip;]<\/p>\n","protected":false},"author":2,"featured_media":141383,"comment_status":"closed","ping_status":"closed","sticky":false,"template":"","format":"standard","meta":{"tdm_status":"","tdm_grid_status":"","footnotes":""},"categories":[70],"tags":[1006,3398,42163,70944,195],"class_list":{"0":"post-179604","1":"post","2":"type-post","3":"status-publish","4":"format-standard","5":"has-post-thumbnail","7":"category-de-opinion","8":"tag-dante-delgado-rannauro","9":"tag-fanny-yepez","10":"tag-miguel-angel-yunes-linares-4","11":"tag-pedro-ferriz-de-con","12":"tag-veracruz"},"yoast_head":"<!-- This site is optimized with the Yoast SEO plugin v28.1 - https:\/\/yoast.com\/product\/yoast-seo-wordpress\/ -->\n<title>D\u00d3NDE QUED\u00d3 LA DIGNIDAD, CONGRUENCIA Y DECORO DE DANTE - Los pol\u00edticos Veracruz<\/title>\n<meta name=\"robots\" content=\"index, follow, max-snippet:-1, max-image-preview:large, max-video-preview:-1\" \/>\n<link rel=\"canonical\" href=\"https:\/\/lospoliticosveracruz.com\/?p=179604\" \/>\n<meta property=\"og:locale\" content=\"es_ES\" \/>\n<meta property=\"og:type\" content=\"article\" \/>\n<meta property=\"og:title\" content=\"D\u00d3NDE QUED\u00d3 LA DIGNIDAD, CONGRUENCIA Y DECORO DE DANTE - Los pol\u00edticos Veracruz\" \/>\n<meta property=\"og:description\" content=\"Fanny Y\u00e9pezLa Columna Unos d\u00edas antes de que fuera aprendido, mi entonces jefe, el Ingeniero Pedro Ferriz de Con me llamo por tel\u00e9fono y me dijo \u201cFanny te adelanto que van a detener a Dante, por favor hay que estar pendiente de las reacciones\u201d, efectivamente, el l 17 de diciembre de 1996 fue aprendido en [&hellip;]\" \/>\n<meta property=\"og:url\" content=\"https:\/\/lospoliticosveracruz.com\/?p=179604\" \/>\n<meta property=\"og:site_name\" content=\"Los pol\u00edticos Veracruz\" \/>\n<meta property=\"article:publisher\" content=\"https:\/\/www.facebook.com\/people\/Notimemes-de-los-Polticos\/61565672886568\/\" \/>\n<meta property=\"article:published_time\" content=\"2026-08-31T12:41:14+00:00\" \/>\n<meta property=\"article:modified_time\" content=\"2026-08-31T12:41:15+00:00\" \/>\n<meta property=\"og:image\" content=\"https:\/\/lospoliticosveracruz.com\/wp-content\/uploads\/2025\/04\/Fanny-Yepez-Luna.jpg\" \/>\n\t<meta property=\"og:image:width\" content=\"1250\" \/>\n\t<meta property=\"og:image:height\" content=\"667\" \/>\n\t<meta property=\"og:image:type\" content=\"image\/jpeg\" \/>\n<meta name=\"author\" content=\"Lo viste en Los Pol\u00edticos\" \/>\n<meta name=\"twitter:card\" content=\"summary_large_image\" \/>\n<meta name=\"twitter:creator\" content=\"@LosPoliticosVer\" \/>\n<meta name=\"twitter:site\" content=\"@LosPoliticosVer\" \/>\n<meta name=\"twitter:label1\" content=\"Escrito por\" \/>\n\t<meta name=\"twitter:data1\" content=\"Lo viste en Los Pol\u00edticos\" \/>\n\t<meta name=\"twitter:label2\" content=\"Tiempo de lectura\" \/>\n\t<meta name=\"twitter:data2\" content=\"5 minutos\" \/>\n<script type=\"application\/ld+json\" class=\"yoast-schema-graph\">{\"@context\":\"https:\\\/\\\/schema.org\",\"@graph\":[{\"@type\":\"Article\",\"@id\":\"https:\\\/\\\/lospoliticosveracruz.com\\\/?p=179604#article\",\"isPartOf\":{\"@id\":\"https:\\\/\\\/lospoliticosveracruz.com\\\/?p=179604\"},\"author\":{\"name\":\"Lo viste en Los Pol\u00edticos\",\"@id\":\"https:\\\/\\\/lospoliticosveracruz.com\\\/#\\\/schema\\\/person\\\/b8702bb0e538456e6efd07080bf2a4a2\"},\"headline\":\"D\u00d3NDE QUED\u00d3 LA DIGNIDAD, CONGRUENCIA Y DECORO DE DANTE\",\"datePublished\":\"2026-08-31T12:41:14+00:00\",\"dateModified\":\"2026-08-31T12:41:15+00:00\",\"mainEntityOfPage\":{\"@id\":\"https:\\\/\\\/lospoliticosveracruz.com\\\/?p=179604\"},\"wordCount\":1029,\"publisher\":{\"@id\":\"https:\\\/\\\/lospoliticosveracruz.com\\\/#organization\"},\"image\":{\"@id\":\"https:\\\/\\\/lospoliticosveracruz.com\\\/?p=179604#primaryimage\"},\"thumbnailUrl\":\"https:\\\/\\\/lospoliticosveracruz.com\\\/wp-content\\\/uploads\\\/2025\\\/04\\\/Fanny-Yepez-Luna.jpg\",\"keywords\":[\"Dante Delgado Rannauro\",\"Fanny Y\u00e9pez\",\"Miguel \u00c1ngel\u00a0\u00a0Yunes Linares\",\"Pedro Ferriz de Con\",\"Veracruz\"],\"articleSection\":[\"De Opini\u00f3n\"],\"inLanguage\":\"es\"},{\"@type\":\"WebPage\",\"@id\":\"https:\\\/\\\/lospoliticosveracruz.com\\\/?p=179604\",\"url\":\"https:\\\/\\\/lospoliticosveracruz.com\\\/?p=179604\",\"name\":\"D\u00d3NDE QUED\u00d3 LA DIGNIDAD, CONGRUENCIA Y DECORO DE DANTE - Los pol\u00edticos Veracruz\",\"isPartOf\":{\"@id\":\"https:\\\/\\\/lospoliticosveracruz.com\\\/#website\"},\"primaryImageOfPage\":{\"@id\":\"https:\\\/\\\/lospoliticosveracruz.com\\\/?p=179604#primaryimage\"},\"image\":{\"@id\":\"https:\\\/\\\/lospoliticosveracruz.com\\\/?p=179604#primaryimage\"},\"thumbnailUrl\":\"https:\\\/\\\/lospoliticosveracruz.com\\\/wp-content\\\/uploads\\\/2025\\\/04\\\/Fanny-Yepez-Luna.jpg\",\"datePublished\":\"2026-08-31T12:41:14+00:00\",\"dateModified\":\"2026-08-31T12:41:15+00:00\",\"breadcrumb\":{\"@id\":\"https:\\\/\\\/lospoliticosveracruz.com\\\/?p=179604#breadcrumb\"},\"inLanguage\":\"es\",\"potentialAction\":[{\"@type\":\"ReadAction\",\"target\":[\"https:\\\/\\\/lospoliticosveracruz.com\\\/?p=179604\"]}]},{\"@type\":\"ImageObject\",\"inLanguage\":\"es\",\"@id\":\"https:\\\/\\\/lospoliticosveracruz.com\\\/?p=179604#primaryimage\",\"url\":\"https:\\\/\\\/lospoliticosveracruz.com\\\/wp-content\\\/uploads\\\/2025\\\/04\\\/Fanny-Yepez-Luna.jpg\",\"contentUrl\":\"https:\\\/\\\/lospoliticosveracruz.com\\\/wp-content\\\/uploads\\\/2025\\\/04\\\/Fanny-Yepez-Luna.jpg\",\"width\":1250,\"height\":667},{\"@type\":\"BreadcrumbList\",\"@id\":\"https:\\\/\\\/lospoliticosveracruz.com\\\/?p=179604#breadcrumb\",\"itemListElement\":[{\"@type\":\"ListItem\",\"position\":1,\"name\":\"Portada\",\"item\":\"https:\\\/\\\/lospoliticosveracruz.com\\\/\"},{\"@type\":\"ListItem\",\"position\":2,\"name\":\"D\u00d3NDE QUED\u00d3 LA DIGNIDAD, CONGRUENCIA Y DECORO DE DANTE\"}]},{\"@type\":\"WebSite\",\"@id\":\"https:\\\/\\\/lospoliticosveracruz.com\\\/#website\",\"url\":\"https:\\\/\\\/lospoliticosveracruz.com\\\/\",\"name\":\"Los pol\u00edticos Veracruz\",\"description\":\"\",\"publisher\":{\"@id\":\"https:\\\/\\\/lospoliticosveracruz.com\\\/#organization\"},\"potentialAction\":[{\"@type\":\"SearchAction\",\"target\":{\"@type\":\"EntryPoint\",\"urlTemplate\":\"https:\\\/\\\/lospoliticosveracruz.com\\\/?s={search_term_string}\"},\"query-input\":{\"@type\":\"PropertyValueSpecification\",\"valueRequired\":true,\"valueName\":\"search_term_string\"}}],\"inLanguage\":\"es\"},{\"@type\":\"Organization\",\"@id\":\"https:\\\/\\\/lospoliticosveracruz.com\\\/#organization\",\"name\":\"Los pol\u00edticos Veracruz\",\"url\":\"https:\\\/\\\/lospoliticosveracruz.com\\\/\",\"logo\":{\"@type\":\"ImageObject\",\"inLanguage\":\"es\",\"@id\":\"https:\\\/\\\/lospoliticosveracruz.com\\\/#\\\/schema\\\/logo\\\/image\\\/\",\"url\":\"https:\\\/\\\/lospoliticosveracruz.com\\\/wp-content\\\/uploads\\\/2025\\\/12\\\/Logo-Nuevo-LOS-POLITICOS-1.jpg\",\"contentUrl\":\"https:\\\/\\\/lospoliticosveracruz.com\\\/wp-content\\\/uploads\\\/2025\\\/12\\\/Logo-Nuevo-LOS-POLITICOS-1.jpg\",\"width\":260,\"height\":70,\"caption\":\"Los pol\u00edticos Veracruz\"},\"image\":{\"@id\":\"https:\\\/\\\/lospoliticosveracruz.com\\\/#\\\/schema\\\/logo\\\/image\\\/\"},\"sameAs\":[\"https:\\\/\\\/www.facebook.com\\\/people\\\/Notimemes-de-los-Polticos\\\/61565672886568\\\/\",\"https:\\\/\\\/x.com\\\/LosPoliticosVer\"]},{\"@type\":\"Person\",\"@id\":\"https:\\\/\\\/lospoliticosveracruz.com\\\/#\\\/schema\\\/person\\\/b8702bb0e538456e6efd07080bf2a4a2\",\"name\":\"Lo viste en Los Pol\u00edticos\",\"image\":{\"@type\":\"ImageObject\",\"inLanguage\":\"es\",\"@id\":\"https:\\\/\\\/secure.gravatar.com\\\/avatar\\\/3a8de04a2656d44082be478bd6c086daa447c4651605818287b9532d3d0bd435?s=96&d=mm&r=g\",\"url\":\"https:\\\/\\\/secure.gravatar.com\\\/avatar\\\/3a8de04a2656d44082be478bd6c086daa447c4651605818287b9532d3d0bd435?s=96&d=mm&r=g\",\"contentUrl\":\"https:\\\/\\\/secure.gravatar.com\\\/avatar\\\/3a8de04a2656d44082be478bd6c086daa447c4651605818287b9532d3d0bd435?s=96&d=mm&r=g\",\"caption\":\"Lo viste en Los Pol\u00edticos\"},\"url\":\"https:\\\/\\\/lospoliticosveracruz.com\\\/?author=2\"}]}<\/script>\n<!-- \/ Yoast SEO plugin. -->","yoast_head_json":{"title":"D\u00d3NDE QUED\u00d3 LA DIGNIDAD, CONGRUENCIA Y DECORO DE DANTE - Los pol\u00edticos Veracruz","robots":{"index":"index","follow":"follow","max-snippet":"max-snippet:-1","max-image-preview":"max-image-preview:large","max-video-preview":"max-video-preview:-1"},"canonical":"https:\/\/lospoliticosveracruz.com\/?p=179604","og_locale":"es_ES","og_type":"article","og_title":"D\u00d3NDE QUED\u00d3 LA DIGNIDAD, CONGRUENCIA Y DECORO DE DANTE - Los pol\u00edticos Veracruz","og_description":"Fanny Y\u00e9pezLa Columna Unos d\u00edas antes de que fuera aprendido, mi entonces jefe, el Ingeniero Pedro Ferriz de Con me llamo por tel\u00e9fono y me dijo \u201cFanny te adelanto que van a detener a Dante, por favor hay que estar pendiente de las reacciones\u201d, efectivamente, el l 17 de diciembre de 1996 fue aprendido en [&hellip;]","og_url":"https:\/\/lospoliticosveracruz.com\/?p=179604","og_site_name":"Los pol\u00edticos Veracruz","article_publisher":"https:\/\/www.facebook.com\/people\/Notimemes-de-los-Polticos\/61565672886568\/","article_published_time":"2026-08-31T12:41:14+00:00","article_modified_time":"2026-08-31T12:41:15+00:00","og_image":[{"width":1250,"height":667,"url":"https:\/\/lospoliticosveracruz.com\/wp-content\/uploads\/2025\/04\/Fanny-Yepez-Luna.jpg","type":"image\/jpeg"}],"author":"Lo viste en Los Pol\u00edticos","twitter_card":"summary_large_image","twitter_creator":"@LosPoliticosVer","twitter_site":"@LosPoliticosVer","twitter_misc":{"Escrito por":"Lo viste en Los Pol\u00edticos","Tiempo de lectura":"5 minutos"},"schema":{"@context":"https:\/\/schema.org","@graph":[{"@type":"Article","@id":"https:\/\/lospoliticosveracruz.com\/?p=179604#article","isPartOf":{"@id":"https:\/\/lospoliticosveracruz.com\/?p=179604"},"author":{"name":"Lo viste en Los Pol\u00edticos","@id":"https:\/\/lospoliticosveracruz.com\/#\/schema\/person\/b8702bb0e538456e6efd07080bf2a4a2"},"headline":"D\u00d3NDE QUED\u00d3 LA DIGNIDAD, CONGRUENCIA Y DECORO DE DANTE","datePublished":"2026-08-31T12:41:14+00:00","dateModified":"2026-08-31T12:41:15+00:00","mainEntityOfPage":{"@id":"https:\/\/lospoliticosveracruz.com\/?p=179604"},"wordCount":1029,"publisher":{"@id":"https:\/\/lospoliticosveracruz.com\/#organization"},"image":{"@id":"https:\/\/lospoliticosveracruz.com\/?p=179604#primaryimage"},"thumbnailUrl":"https:\/\/lospoliticosveracruz.com\/wp-content\/uploads\/2025\/04\/Fanny-Yepez-Luna.jpg","keywords":["Dante Delgado Rannauro","Fanny Y\u00e9pez","Miguel \u00c1ngel\u00a0\u00a0Yunes Linares","Pedro Ferriz de Con","Veracruz"],"articleSection":["De Opini\u00f3n"],"inLanguage":"es"},{"@type":"WebPage","@id":"https:\/\/lospoliticosveracruz.com\/?p=179604","url":"https:\/\/lospoliticosveracruz.com\/?p=179604","name":"D\u00d3NDE QUED\u00d3 LA DIGNIDAD, CONGRUENCIA Y DECORO DE DANTE - Los pol\u00edticos Veracruz","isPartOf":{"@id":"https:\/\/lospoliticosveracruz.com\/#website"},"primaryImageOfPage":{"@id":"https:\/\/lospoliticosveracruz.com\/?p=179604#primaryimage"},"image":{"@id":"https:\/\/lospoliticosveracruz.com\/?p=179604#primaryimage"},"thumbnailUrl":"https:\/\/lospoliticosveracruz.com\/wp-content\/uploads\/2025\/04\/Fanny-Yepez-Luna.jpg","datePublished":"2026-08-31T12:41:14+00:00","dateModified":"2026-08-31T12:41:15+00:00","breadcrumb":{"@id":"https:\/\/lospoliticosveracruz.com\/?p=179604#breadcrumb"},"inLanguage":"es","potentialAction":[{"@type":"ReadAction","target":["https:\/\/lospoliticosveracruz.com\/?p=179604"]}]},{"@type":"ImageObject","inLanguage":"es","@id":"https:\/\/lospoliticosveracruz.com\/?p=179604#primaryimage","url":"https:\/\/lospoliticosveracruz.com\/wp-content\/uploads\/2025\/04\/Fanny-Yepez-Luna.jpg","contentUrl":"https:\/\/lospoliticosveracruz.com\/wp-content\/uploads\/2025\/04\/Fanny-Yepez-Luna.jpg","width":1250,"height":667},{"@type":"BreadcrumbList","@id":"https:\/\/lospoliticosveracruz.com\/?p=179604#breadcrumb","itemListElement":[{"@type":"ListItem","position":1,"name":"Portada","item":"https:\/\/lospoliticosveracruz.com\/"},{"@type":"ListItem","position":2,"name":"D\u00d3NDE QUED\u00d3 LA DIGNIDAD, CONGRUENCIA Y DECORO DE DANTE"}]},{"@type":"WebSite","@id":"https:\/\/lospoliticosveracruz.com\/#website","url":"https:\/\/lospoliticosveracruz.com\/","name":"Los pol\u00edticos Veracruz","description":"","publisher":{"@id":"https:\/\/lospoliticosveracruz.com\/#organization"},"potentialAction":[{"@type":"SearchAction","target":{"@type":"EntryPoint","urlTemplate":"https:\/\/lospoliticosveracruz.com\/?s={search_term_string}"},"query-input":{"@type":"PropertyValueSpecification","valueRequired":true,"valueName":"search_term_string"}}],"inLanguage":"es"},{"@type":"Organization","@id":"https:\/\/lospoliticosveracruz.com\/#organization","name":"Los pol\u00edticos Veracruz","url":"https:\/\/lospoliticosveracruz.com\/","logo":{"@type":"ImageObject","inLanguage":"es","@id":"https:\/\/lospoliticosveracruz.com\/#\/schema\/logo\/image\/","url":"https:\/\/lospoliticosveracruz.com\/wp-content\/uploads\/2025\/12\/Logo-Nuevo-LOS-POLITICOS-1.jpg","contentUrl":"https:\/\/lospoliticosveracruz.com\/wp-content\/uploads\/2025\/12\/Logo-Nuevo-LOS-POLITICOS-1.jpg","width":260,"height":70,"caption":"Los pol\u00edticos Veracruz"},"image":{"@id":"https:\/\/lospoliticosveracruz.com\/#\/schema\/logo\/image\/"},"sameAs":["https:\/\/www.facebook.com\/people\/Notimemes-de-los-Polticos\/61565672886568\/","https:\/\/x.com\/LosPoliticosVer"]},{"@type":"Person","@id":"https:\/\/lospoliticosveracruz.com\/#\/schema\/person\/b8702bb0e538456e6efd07080bf2a4a2","name":"Lo viste en Los Pol\u00edticos","image":{"@type":"ImageObject","inLanguage":"es","@id":"https:\/\/secure.gravatar.com\/avatar\/3a8de04a2656d44082be478bd6c086daa447c4651605818287b9532d3d0bd435?s=96&d=mm&r=g","url":"https:\/\/secure.gravatar.com\/avatar\/3a8de04a2656d44082be478bd6c086daa447c4651605818287b9532d3d0bd435?s=96&d=mm&r=g","contentUrl":"https:\/\/secure.gravatar.com\/avatar\/3a8de04a2656d44082be478bd6c086daa447c4651605818287b9532d3d0bd435?s=96&d=mm&r=g","caption":"Lo viste en Los Pol\u00edticos"},"url":"https:\/\/lospoliticosveracruz.com\/?author=2"}]}},"_links":{"self":[{"href":"https:\/\/lospoliticosveracruz.com\/index.php?rest_route=\/wp\/v2\/posts\/179604","targetHints":{"allow":["GET"]}}],"collection":[{"href":"https:\/\/lospoliticosveracruz.com\/index.php?rest_route=\/wp\/v2\/posts"}],"about":[{"href":"https:\/\/lospoliticosveracruz.com\/index.php?rest_route=\/wp\/v2\/types\/post"}],"author":[{"embeddable":true,"href":"https:\/\/lospoliticosveracruz.com\/index.php?rest_route=\/wp\/v2\/users\/2"}],"replies":[{"embeddable":true,"href":"https:\/\/lospoliticosveracruz.com\/index.php?rest_route=%2Fwp%2Fv2%2Fcomments&post=179604"}],"version-history":[{"count":1,"href":"https:\/\/lospoliticosveracruz.com\/index.php?rest_route=\/wp\/v2\/posts\/179604\/revisions"}],"predecessor-version":[{"id":179605,"href":"https:\/\/lospoliticosveracruz.com\/index.php?rest_route=\/wp\/v2\/posts\/179604\/revisions\/179605"}],"wp:featuredmedia":[{"embeddable":true,"href":"https:\/\/lospoliticosveracruz.com\/index.php?rest_route=\/wp\/v2\/media\/141383"}],"wp:attachment":[{"href":"https:\/\/lospoliticosveracruz.com\/index.php?rest_route=%2Fwp%2Fv2%2Fmedia&parent=179604"}],"wp:term":[{"taxonomy":"category","embeddable":true,"href":"https:\/\/lospoliticosveracruz.com\/index.php?rest_route=%2Fwp%2Fv2%2Fcategories&post=179604"},{"taxonomy":"post_tag","embeddable":true,"href":"https:\/\/lospoliticosveracruz.com\/index.php?rest_route=%2Fwp%2Fv2%2Ftags&post=179604"}],"curies":[{"name":"wp","href":"https:\/\/api.w.org\/{rel}","templated":true}]}}