{"id":179606,"date":"2026-08-31T07:41:49","date_gmt":"2026-08-31T13:41:49","guid":{"rendered":"https:\/\/lospoliticosveracruz.com\/?p=179606"},"modified":"2026-08-31T07:41:50","modified_gmt":"2026-08-31T13:41:50","slug":"prendio-las-redes","status":"publish","type":"post","link":"https:\/\/lospoliticosveracruz.com\/?p=179606","title":{"rendered":"PRENDI\u00d3 LAS REDES\u2026"},"content":{"rendered":"<div class=\"wp-block-image\">\n<figure class=\"alignleft size-full is-resized\"><a href=\"https:\/\/lospoliticosveracruz.com\/wp-content\/uploads\/2026\/05\/IMG_1092.png\"><img loading=\"lazy\" decoding=\"async\" width=\"640\" height=\"600\" src=\"https:\/\/lospoliticosveracruz.com\/wp-content\/uploads\/2026\/05\/IMG_1092.png\" alt=\"\" class=\"wp-image-172799\" style=\"width:375px;height:auto\" srcset=\"https:\/\/lospoliticosveracruz.com\/wp-content\/uploads\/2026\/05\/IMG_1092.png 640w, https:\/\/lospoliticosveracruz.com\/wp-content\/uploads\/2026\/05\/IMG_1092-300x281.png 300w, https:\/\/lospoliticosveracruz.com\/wp-content\/uploads\/2026\/05\/IMG_1092-448x420.png 448w, https:\/\/lospoliticosveracruz.com\/wp-content\/uploads\/2026\/05\/IMG_1092-150x141.png 150w\" sizes=\"auto, (max-width: 640px) 100vw, 640px\" \/><\/a><\/figure>\n<\/div>\n\n\n<p><strong>Oved Contreras<\/strong><\/p>\n\n\n\n<p><em>Secas Mecas<br><\/em><\/p>\n\n\n\n<p>La t\u00eda Ch\u00edo prendi\u00f3 las redes ayer con un video para contestar a sus detractores que en d\u00edas previos se ocuparon de ella: \u201cFeliz, feliz, feliz. Buen domingo para todos\u201d, escribe en sus redes con un video generado por Inteligencia Artificial donde aparece bailando la mandataria.<\/p>\n\n\n\n<p>La publicaci\u00f3n desat\u00f3 todo tipo de comentarios, desde muestras de apoyo de usuarios simpatizantes de la Cuarta Transformaci\u00f3n que destacan el trabajo realizado en el estado, pero tambi\u00e9n fuertes cr\u00edticas por todo lo que se ha publicado de la refiner\u00eda \u201cDos Bocas\u201d incluso una reciente visita de la gobernadora Nahle al ingenio San Pedro, que gener\u00f3 pol\u00e9mica por el saludo a un trabajador.<\/p>\n\n\n\n<p>Si la idea del video de Fito Bouzas, era prender al gallinero pues le sali\u00f3 bastante bien\u2026ardi\u00f3 Troya con ese bailecito de la t\u00eda Ch\u00edo que seguro le revent\u00f3 el h\u00edgado a m\u00e1s de dos\u2026pero no hay que perder de vista que se polariza m\u00e1s el debate y da pie a las agresiones contra la gobernadora\u2026es rudeza innecesaria\u2026<\/p>\n\n\n\n<p>NI LUTO GUARD\u00d3\u2026a d\u00edas del fallecimiento del profesor Atanasio Garc\u00eda Guzm\u00e1n, usuarios exhibieron en redes sociales un video del ex gobernador Cuitl\u00e1huac Garc\u00eda durante la celebraci\u00f3n de un aniversario m\u00e1s del Centro Nacional de Gas, cantando unas coplas a ritmo del tradicional son \u201cEl Querreque\u201d, acompa\u00f1ado de huapangueros huastecos\u2026y el comentario era que se le ve\u00eda muy contento al Ku\u00edkaras, que ni luto le guard\u00f3 al pap\u00e1 reci\u00e9n fallecido.<\/p>\n\n\n\n<p>Que tan contento andaba que hasta pidi\u00f3 que le pusieran en karaoke esa de \u00abla gente me critica\u2026me apunta con el dedo\u2026murmura a mis espaldas\u2026\u00bb Juar juar juar\u2026Quesque se la ech\u00f3 a capela junto con el Capulinita Ju\u00e1rez y el Karetruza Iv\u00e1n Luna, y toda la runfla de colaboradores de su gobierno que meti\u00f3 a cobrar al Cenegas\u2026que con la cantada todos se soltaron la gre\u00f1a como la Trevi\u2026rejuaaarrr.<\/p>\n\n\n\n<p>El ex gobernador fue grabado cantando durante la celebraci\u00f3n oficial por el 12 aniversario de este organismo que se llev\u00f3 a cabo el pasado 28 de agosto. El material audiovisual comenz\u00f3 a circular en diversas redes sociales mientras el Ku\u00edkaras se aventaba el \u201cQuerreque\u201d a capela.<\/p>\n\n\n\n<p>En d\u00edas pasados, se supo que el profesor Atanasio Garc\u00eda se quejaba del desapego familiar de su hijo Cuitl\u00e1huac, quien poco los visitaba o les hablaba por tel\u00e9fono\u2026que eso lo contaba \u201cTatanacho\u201d con sus amigos cercanos\u2026y que tambi\u00e9n le doli\u00f3 mucho que el hijo le haya dado la espalda cuando critic\u00f3 a la gobernadora Roc\u00edo Nahle\u2026bien dice la Biblia que el hijo est\u00fapido es la verg\u00fcenza de sus padres y el hijo sabio es el orgullo de su madre\u2026que en su conciencia quede.<\/p>\n\n\n\n<p>LA TRAGEDIA DE LOS DESAPARECIDOS\u2026Al cierre del mes de agosto, el Registro Nacional de Personas Desaparecidas y No Localizadas contabiliza 7 mil 232 personas desaparecidas en Veracruz, y la acusaci\u00f3n constante de los colectivos contra el gobienro es que \u201csi no buscamos nosotros, ella tampoco lo hacen\u201d.<\/p>\n\n\n\n<p>Familiares de personas desaparecidas, con fotograf\u00edas de sus hijos, esposos, hermanos y padres, volvieron a ocupar este domingo las calles de Xalapa para exigir verdad, justicia y resultados en las investigaciones, en una jornada marcada por la denuncia de que la crisis de desapariciones contin\u00faa creciendo en Veracruz mientras miles de casos permanecen sin resolver.<\/p>\n\n\n\n<p>La movilizaci\u00f3n se realiz\u00f3 este 30 de agosto, en el marco del D\u00eda Internacional de las V\u00edctimas de Desapariciones Forzadas, y reuni\u00f3 a integrantes de colectivos de b\u00fasqueda y familiares que partieron de la plaza Sebasti\u00e1n Lerdo de Tejada, frente al Palacio de Gobierno, rumbo al Memorial de las Personas Desaparecidas, ubicado en la zona de las avenidas Xalapa y Orizaba.<\/p>\n\n\n\n<p>\u201c\u00a1Vivos se los llevaron, vivos los queremos!\u201d y \u201c\u00a1Ahora se hace indispensable presentaci\u00f3n con vida y castigo a los culpables!\u201d fueron algunas de las consignas lanzadas durante el recorrido, mientras los participantes portaban lonas, pancartas y fotograf\u00edas con los rostros de quienes siguen sin regresar a casa.<\/p>\n\n\n\n<p>La protesta estuvo precedida por una rodada por calles de la capital veracruzana para visibilizar la problem\u00e1tica. Durante el trayecto, los familiares coincidieron en la avenida Manuel \u00c1vila Camacho con una movilizaci\u00f3n de colectivos animalistas, cuyos participantes intercambiaron muestras de respaldo con las familias de personas desaparecidas.<\/p>\n\n\n\n<p>VIOLENCIA IMPARABLE\u2026Una mujer y un hombre murieron luego de un ataque armado registrado durante la noche de este s\u00e1bado en el boulevard Cristo Rey, en la cabecera municipal de Alto Lucero.<br>La informaci\u00f3n disponible hasta ahora se\u00f1ala que ambos habr\u00edan sido v\u00edctimas de un intercambio de disparos en el que presuntamente estuvieron involucrados dos veh\u00edculos, uno rojo y otro negro.<\/p>\n\n\n\n<p>Las circunstancias que llevaron al enfrentamiento todav\u00eda no han sido establecidas de manera oficial.<br>Una balacera registrada la noche de este s\u00e1bado en el municipio de Alto Lucero, Veracruz, dej\u00f3 como saldo a dos personas fallecidas: una mujer y un hombre, cuyas identidades permanecen sin confirmar.<\/p>\n","protected":false},"excerpt":{"rendered":"<p>Oved Contreras Secas Mecas La t\u00eda Ch\u00edo prendi\u00f3 las redes ayer con un video para contestar a sus detractores que en d\u00edas previos se ocuparon de ella: \u201cFeliz, feliz, feliz. Buen domingo para todos\u201d, escribe en sus redes con un video generado por Inteligencia Artificial donde aparece bailando la mandataria. La publicaci\u00f3n desat\u00f3 todo tipo [&hellip;]<\/p>\n","protected":false},"author":2,"featured_media":141426,"comment_status":"closed","ping_status":"closed","sticky":false,"template":"","format":"standard","meta":{"tdm_status":"","tdm_grid_status":"","footnotes":""},"categories":[70],"tags":[1681,580,39715,3578,195,463,96],"class_list":{"0":"post-179606","1":"post","2":"type-post","3":"status-publish","4":"format-standard","5":"has-post-thumbnail","7":"category-de-opinion","8":"tag-cuitlahuac-garcia","9":"tag-desaparecidos","10":"tag-oved-contreras","11":"tag-rocio-nahle","12":"tag-veracruz","13":"tag-violencia","14":"tag-xalapa"},"yoast_head":"<!-- This site is optimized with the Yoast SEO plugin v28.1 - https:\/\/yoast.com\/product\/yoast-seo-wordpress\/ -->\n<title>PRENDI\u00d3 LAS REDES\u2026 - Los pol\u00edticos Veracruz<\/title>\n<meta name=\"robots\" content=\"index, follow, max-snippet:-1, max-image-preview:large, max-video-preview:-1\" \/>\n<link rel=\"canonical\" href=\"https:\/\/lospoliticosveracruz.com\/?p=179606\" \/>\n<meta property=\"og:locale\" content=\"es_ES\" \/>\n<meta property=\"og:type\" content=\"article\" \/>\n<meta property=\"og:title\" content=\"PRENDI\u00d3 LAS REDES\u2026 - Los pol\u00edticos Veracruz\" \/>\n<meta property=\"og:description\" content=\"Oved Contreras Secas Mecas La t\u00eda Ch\u00edo prendi\u00f3 las redes ayer con un video para contestar a sus detractores que en d\u00edas previos se ocuparon de ella: \u201cFeliz, feliz, feliz. Buen domingo para todos\u201d, escribe en sus redes con un video generado por Inteligencia Artificial donde aparece bailando la mandataria. La publicaci\u00f3n desat\u00f3 todo tipo [&hellip;]\" \/>\n<meta property=\"og:url\" content=\"https:\/\/lospoliticosveracruz.com\/?p=179606\" \/>\n<meta property=\"og:site_name\" content=\"Los pol\u00edticos Veracruz\" \/>\n<meta property=\"article:publisher\" content=\"https:\/\/www.facebook.com\/people\/Notimemes-de-los-Polticos\/61565672886568\/\" \/>\n<meta property=\"article:published_time\" content=\"2026-08-31T13:41:49+00:00\" \/>\n<meta property=\"article:modified_time\" content=\"2026-08-31T13:41:50+00:00\" \/>\n<meta property=\"og:image\" content=\"https:\/\/lospoliticosveracruz.com\/wp-content\/uploads\/2025\/04\/Oved-Contreras-e1768066319253.jpg\" \/>\n\t<meta property=\"og:image:width\" content=\"600\" \/>\n\t<meta property=\"og:image:height\" content=\"320\" \/>\n\t<meta property=\"og:image:type\" content=\"image\/jpeg\" \/>\n<meta name=\"author\" content=\"Lo viste en Los Pol\u00edticos\" \/>\n<meta name=\"twitter:card\" content=\"summary_large_image\" \/>\n<meta name=\"twitter:creator\" content=\"@LosPoliticosVer\" \/>\n<meta name=\"twitter:site\" content=\"@LosPoliticosVer\" \/>\n<meta name=\"twitter:label1\" content=\"Escrito por\" \/>\n\t<meta name=\"twitter:data1\" content=\"Lo viste en Los Pol\u00edticos\" \/>\n\t<meta name=\"twitter:label2\" content=\"Tiempo de lectura\" \/>\n\t<meta name=\"twitter:data2\" content=\"5 minutos\" \/>\n<script type=\"application\/ld+json\" class=\"yoast-schema-graph\">{\"@context\":\"https:\\\/\\\/schema.org\",\"@graph\":[{\"@type\":\"Article\",\"@id\":\"https:\\\/\\\/lospoliticosveracruz.com\\\/?p=179606#article\",\"isPartOf\":{\"@id\":\"https:\\\/\\\/lospoliticosveracruz.com\\\/?p=179606\"},\"author\":{\"name\":\"Lo viste en Los Pol\u00edticos\",\"@id\":\"https:\\\/\\\/lospoliticosveracruz.com\\\/#\\\/schema\\\/person\\\/b8702bb0e538456e6efd07080bf2a4a2\"},\"headline\":\"PRENDI\u00d3 LAS REDES\u2026\",\"datePublished\":\"2026-08-31T13:41:49+00:00\",\"dateModified\":\"2026-08-31T13:41:50+00:00\",\"mainEntityOfPage\":{\"@id\":\"https:\\\/\\\/lospoliticosveracruz.com\\\/?p=179606\"},\"wordCount\":873,\"publisher\":{\"@id\":\"https:\\\/\\\/lospoliticosveracruz.com\\\/#organization\"},\"image\":{\"@id\":\"https:\\\/\\\/lospoliticosveracruz.com\\\/?p=179606#primaryimage\"},\"thumbnailUrl\":\"https:\\\/\\\/lospoliticosveracruz.com\\\/wp-content\\\/uploads\\\/2025\\\/04\\\/Oved-Contreras-e1768066319253.jpg\",\"keywords\":[\"Cuitl\u00e1huac Garc\u00eda\",\"desaparecidos\",\"Oved Contreras\",\"Roc\u00edo Nahle\",\"Veracruz\",\"violencia\",\"Xalapa\"],\"articleSection\":[\"De Opini\u00f3n\"],\"inLanguage\":\"es\"},{\"@type\":\"WebPage\",\"@id\":\"https:\\\/\\\/lospoliticosveracruz.com\\\/?p=179606\",\"url\":\"https:\\\/\\\/lospoliticosveracruz.com\\\/?p=179606\",\"name\":\"PRENDI\u00d3 LAS REDES\u2026 - Los pol\u00edticos Veracruz\",\"isPartOf\":{\"@id\":\"https:\\\/\\\/lospoliticosveracruz.com\\\/#website\"},\"primaryImageOfPage\":{\"@id\":\"https:\\\/\\\/lospoliticosveracruz.com\\\/?p=179606#primaryimage\"},\"image\":{\"@id\":\"https:\\\/\\\/lospoliticosveracruz.com\\\/?p=179606#primaryimage\"},\"thumbnailUrl\":\"https:\\\/\\\/lospoliticosveracruz.com\\\/wp-content\\\/uploads\\\/2025\\\/04\\\/Oved-Contreras-e1768066319253.jpg\",\"datePublished\":\"2026-08-31T13:41:49+00:00\",\"dateModified\":\"2026-08-31T13:41:50+00:00\",\"breadcrumb\":{\"@id\":\"https:\\\/\\\/lospoliticosveracruz.com\\\/?p=179606#breadcrumb\"},\"inLanguage\":\"es\",\"potentialAction\":[{\"@type\":\"ReadAction\",\"target\":[\"https:\\\/\\\/lospoliticosveracruz.com\\\/?p=179606\"]}]},{\"@type\":\"ImageObject\",\"inLanguage\":\"es\",\"@id\":\"https:\\\/\\\/lospoliticosveracruz.com\\\/?p=179606#primaryimage\",\"url\":\"https:\\\/\\\/lospoliticosveracruz.com\\\/wp-content\\\/uploads\\\/2025\\\/04\\\/Oved-Contreras-e1768066319253.jpg\",\"contentUrl\":\"https:\\\/\\\/lospoliticosveracruz.com\\\/wp-content\\\/uploads\\\/2025\\\/04\\\/Oved-Contreras-e1768066319253.jpg\",\"width\":600,\"height\":320},{\"@type\":\"BreadcrumbList\",\"@id\":\"https:\\\/\\\/lospoliticosveracruz.com\\\/?p=179606#breadcrumb\",\"itemListElement\":[{\"@type\":\"ListItem\",\"position\":1,\"name\":\"Portada\",\"item\":\"https:\\\/\\\/lospoliticosveracruz.com\\\/\"},{\"@type\":\"ListItem\",\"position\":2,\"name\":\"PRENDI\u00d3 LAS REDES\u2026\"}]},{\"@type\":\"WebSite\",\"@id\":\"https:\\\/\\\/lospoliticosveracruz.com\\\/#website\",\"url\":\"https:\\\/\\\/lospoliticosveracruz.com\\\/\",\"name\":\"Los pol\u00edticos Veracruz\",\"description\":\"\",\"publisher\":{\"@id\":\"https:\\\/\\\/lospoliticosveracruz.com\\\/#organization\"},\"potentialAction\":[{\"@type\":\"SearchAction\",\"target\":{\"@type\":\"EntryPoint\",\"urlTemplate\":\"https:\\\/\\\/lospoliticosveracruz.com\\\/?s={search_term_string}\"},\"query-input\":{\"@type\":\"PropertyValueSpecification\",\"valueRequired\":true,\"valueName\":\"search_term_string\"}}],\"inLanguage\":\"es\"},{\"@type\":\"Organization\",\"@id\":\"https:\\\/\\\/lospoliticosveracruz.com\\\/#organization\",\"name\":\"Los pol\u00edticos Veracruz\",\"url\":\"https:\\\/\\\/lospoliticosveracruz.com\\\/\",\"logo\":{\"@type\":\"ImageObject\",\"inLanguage\":\"es\",\"@id\":\"https:\\\/\\\/lospoliticosveracruz.com\\\/#\\\/schema\\\/logo\\\/image\\\/\",\"url\":\"https:\\\/\\\/lospoliticosveracruz.com\\\/wp-content\\\/uploads\\\/2025\\\/12\\\/Logo-Nuevo-LOS-POLITICOS-1.jpg\",\"contentUrl\":\"https:\\\/\\\/lospoliticosveracruz.com\\\/wp-content\\\/uploads\\\/2025\\\/12\\\/Logo-Nuevo-LOS-POLITICOS-1.jpg\",\"width\":260,\"height\":70,\"caption\":\"Los pol\u00edticos Veracruz\"},\"image\":{\"@id\":\"https:\\\/\\\/lospoliticosveracruz.com\\\/#\\\/schema\\\/logo\\\/image\\\/\"},\"sameAs\":[\"https:\\\/\\\/www.facebook.com\\\/people\\\/Notimemes-de-los-Polticos\\\/61565672886568\\\/\",\"https:\\\/\\\/x.com\\\/LosPoliticosVer\"]},{\"@type\":\"Person\",\"@id\":\"https:\\\/\\\/lospoliticosveracruz.com\\\/#\\\/schema\\\/person\\\/b8702bb0e538456e6efd07080bf2a4a2\",\"name\":\"Lo viste en Los Pol\u00edticos\",\"image\":{\"@type\":\"ImageObject\",\"inLanguage\":\"es\",\"@id\":\"https:\\\/\\\/secure.gravatar.com\\\/avatar\\\/3a8de04a2656d44082be478bd6c086daa447c4651605818287b9532d3d0bd435?s=96&d=mm&r=g\",\"url\":\"https:\\\/\\\/secure.gravatar.com\\\/avatar\\\/3a8de04a2656d44082be478bd6c086daa447c4651605818287b9532d3d0bd435?s=96&d=mm&r=g\",\"contentUrl\":\"https:\\\/\\\/secure.gravatar.com\\\/avatar\\\/3a8de04a2656d44082be478bd6c086daa447c4651605818287b9532d3d0bd435?s=96&d=mm&r=g\",\"caption\":\"Lo viste en Los Pol\u00edticos\"},\"url\":\"https:\\\/\\\/lospoliticosveracruz.com\\\/?author=2\"}]}<\/script>\n<!-- \/ Yoast SEO plugin. -->","yoast_head_json":{"title":"PRENDI\u00d3 LAS REDES\u2026 - Los pol\u00edticos Veracruz","robots":{"index":"index","follow":"follow","max-snippet":"max-snippet:-1","max-image-preview":"max-image-preview:large","max-video-preview":"max-video-preview:-1"},"canonical":"https:\/\/lospoliticosveracruz.com\/?p=179606","og_locale":"es_ES","og_type":"article","og_title":"PRENDI\u00d3 LAS REDES\u2026 - Los pol\u00edticos Veracruz","og_description":"Oved Contreras Secas Mecas La t\u00eda Ch\u00edo prendi\u00f3 las redes ayer con un video para contestar a sus detractores que en d\u00edas previos se ocuparon de ella: \u201cFeliz, feliz, feliz. Buen domingo para todos\u201d, escribe en sus redes con un video generado por Inteligencia Artificial donde aparece bailando la mandataria. La publicaci\u00f3n desat\u00f3 todo tipo [&hellip;]","og_url":"https:\/\/lospoliticosveracruz.com\/?p=179606","og_site_name":"Los pol\u00edticos Veracruz","article_publisher":"https:\/\/www.facebook.com\/people\/Notimemes-de-los-Polticos\/61565672886568\/","article_published_time":"2026-08-31T13:41:49+00:00","article_modified_time":"2026-08-31T13:41:50+00:00","og_image":[{"width":600,"height":320,"url":"https:\/\/lospoliticosveracruz.com\/wp-content\/uploads\/2025\/04\/Oved-Contreras-e1768066319253.jpg","type":"image\/jpeg"}],"author":"Lo viste en Los Pol\u00edticos","twitter_card":"summary_large_image","twitter_creator":"@LosPoliticosVer","twitter_site":"@LosPoliticosVer","twitter_misc":{"Escrito por":"Lo viste en Los Pol\u00edticos","Tiempo de lectura":"5 minutos"},"schema":{"@context":"https:\/\/schema.org","@graph":[{"@type":"Article","@id":"https:\/\/lospoliticosveracruz.com\/?p=179606#article","isPartOf":{"@id":"https:\/\/lospoliticosveracruz.com\/?p=179606"},"author":{"name":"Lo viste en Los Pol\u00edticos","@id":"https:\/\/lospoliticosveracruz.com\/#\/schema\/person\/b8702bb0e538456e6efd07080bf2a4a2"},"headline":"PRENDI\u00d3 LAS REDES\u2026","datePublished":"2026-08-31T13:41:49+00:00","dateModified":"2026-08-31T13:41:50+00:00","mainEntityOfPage":{"@id":"https:\/\/lospoliticosveracruz.com\/?p=179606"},"wordCount":873,"publisher":{"@id":"https:\/\/lospoliticosveracruz.com\/#organization"},"image":{"@id":"https:\/\/lospoliticosveracruz.com\/?p=179606#primaryimage"},"thumbnailUrl":"https:\/\/lospoliticosveracruz.com\/wp-content\/uploads\/2025\/04\/Oved-Contreras-e1768066319253.jpg","keywords":["Cuitl\u00e1huac Garc\u00eda","desaparecidos","Oved Contreras","Roc\u00edo Nahle","Veracruz","violencia","Xalapa"],"articleSection":["De Opini\u00f3n"],"inLanguage":"es"},{"@type":"WebPage","@id":"https:\/\/lospoliticosveracruz.com\/?p=179606","url":"https:\/\/lospoliticosveracruz.com\/?p=179606","name":"PRENDI\u00d3 LAS REDES\u2026 - Los pol\u00edticos Veracruz","isPartOf":{"@id":"https:\/\/lospoliticosveracruz.com\/#website"},"primaryImageOfPage":{"@id":"https:\/\/lospoliticosveracruz.com\/?p=179606#primaryimage"},"image":{"@id":"https:\/\/lospoliticosveracruz.com\/?p=179606#primaryimage"},"thumbnailUrl":"https:\/\/lospoliticosveracruz.com\/wp-content\/uploads\/2025\/04\/Oved-Contreras-e1768066319253.jpg","datePublished":"2026-08-31T13:41:49+00:00","dateModified":"2026-08-31T13:41:50+00:00","breadcrumb":{"@id":"https:\/\/lospoliticosveracruz.com\/?p=179606#breadcrumb"},"inLanguage":"es","potentialAction":[{"@type":"ReadAction","target":["https:\/\/lospoliticosveracruz.com\/?p=179606"]}]},{"@type":"ImageObject","inLanguage":"es","@id":"https:\/\/lospoliticosveracruz.com\/?p=179606#primaryimage","url":"https:\/\/lospoliticosveracruz.com\/wp-content\/uploads\/2025\/04\/Oved-Contreras-e1768066319253.jpg","contentUrl":"https:\/\/lospoliticosveracruz.com\/wp-content\/uploads\/2025\/04\/Oved-Contreras-e1768066319253.jpg","width":600,"height":320},{"@type":"BreadcrumbList","@id":"https:\/\/lospoliticosveracruz.com\/?p=179606#breadcrumb","itemListElement":[{"@type":"ListItem","position":1,"name":"Portada","item":"https:\/\/lospoliticosveracruz.com\/"},{"@type":"ListItem","position":2,"name":"PRENDI\u00d3 LAS REDES\u2026"}]},{"@type":"WebSite","@id":"https:\/\/lospoliticosveracruz.com\/#website","url":"https:\/\/lospoliticosveracruz.com\/","name":"Los pol\u00edticos Veracruz","description":"","publisher":{"@id":"https:\/\/lospoliticosveracruz.com\/#organization"},"potentialAction":[{"@type":"SearchAction","target":{"@type":"EntryPoint","urlTemplate":"https:\/\/lospoliticosveracruz.com\/?s={search_term_string}"},"query-input":{"@type":"PropertyValueSpecification","valueRequired":true,"valueName":"search_term_string"}}],"inLanguage":"es"},{"@type":"Organization","@id":"https:\/\/lospoliticosveracruz.com\/#organization","name":"Los pol\u00edticos Veracruz","url":"https:\/\/lospoliticosveracruz.com\/","logo":{"@type":"ImageObject","inLanguage":"es","@id":"https:\/\/lospoliticosveracruz.com\/#\/schema\/logo\/image\/","url":"https:\/\/lospoliticosveracruz.com\/wp-content\/uploads\/2025\/12\/Logo-Nuevo-LOS-POLITICOS-1.jpg","contentUrl":"https:\/\/lospoliticosveracruz.com\/wp-content\/uploads\/2025\/12\/Logo-Nuevo-LOS-POLITICOS-1.jpg","width":260,"height":70,"caption":"Los pol\u00edticos Veracruz"},"image":{"@id":"https:\/\/lospoliticosveracruz.com\/#\/schema\/logo\/image\/"},"sameAs":["https:\/\/www.facebook.com\/people\/Notimemes-de-los-Polticos\/61565672886568\/","https:\/\/x.com\/LosPoliticosVer"]},{"@type":"Person","@id":"https:\/\/lospoliticosveracruz.com\/#\/schema\/person\/b8702bb0e538456e6efd07080bf2a4a2","name":"Lo viste en Los Pol\u00edticos","image":{"@type":"ImageObject","inLanguage":"es","@id":"https:\/\/secure.gravatar.com\/avatar\/3a8de04a2656d44082be478bd6c086daa447c4651605818287b9532d3d0bd435?s=96&d=mm&r=g","url":"https:\/\/secure.gravatar.com\/avatar\/3a8de04a2656d44082be478bd6c086daa447c4651605818287b9532d3d0bd435?s=96&d=mm&r=g","contentUrl":"https:\/\/secure.gravatar.com\/avatar\/3a8de04a2656d44082be478bd6c086daa447c4651605818287b9532d3d0bd435?s=96&d=mm&r=g","caption":"Lo viste en Los Pol\u00edticos"},"url":"https:\/\/lospoliticosveracruz.com\/?author=2"}]}},"_links":{"self":[{"href":"https:\/\/lospoliticosveracruz.com\/index.php?rest_route=\/wp\/v2\/posts\/179606","targetHints":{"allow":["GET"]}}],"collection":[{"href":"https:\/\/lospoliticosveracruz.com\/index.php?rest_route=\/wp\/v2\/posts"}],"about":[{"href":"https:\/\/lospoliticosveracruz.com\/index.php?rest_route=\/wp\/v2\/types\/post"}],"author":[{"embeddable":true,"href":"https:\/\/lospoliticosveracruz.com\/index.php?rest_route=\/wp\/v2\/users\/2"}],"replies":[{"embeddable":true,"href":"https:\/\/lospoliticosveracruz.com\/index.php?rest_route=%2Fwp%2Fv2%2Fcomments&post=179606"}],"version-history":[{"count":1,"href":"https:\/\/lospoliticosveracruz.com\/index.php?rest_route=\/wp\/v2\/posts\/179606\/revisions"}],"predecessor-version":[{"id":179607,"href":"https:\/\/lospoliticosveracruz.com\/index.php?rest_route=\/wp\/v2\/posts\/179606\/revisions\/179607"}],"wp:featuredmedia":[{"embeddable":true,"href":"https:\/\/lospoliticosveracruz.com\/index.php?rest_route=\/wp\/v2\/media\/141426"}],"wp:attachment":[{"href":"https:\/\/lospoliticosveracruz.com\/index.php?rest_route=%2Fwp%2Fv2%2Fmedia&parent=179606"}],"wp:term":[{"taxonomy":"category","embeddable":true,"href":"https:\/\/lospoliticosveracruz.com\/index.php?rest_route=%2Fwp%2Fv2%2Fcategories&post=179606"},{"taxonomy":"post_tag","embeddable":true,"href":"https:\/\/lospoliticosveracruz.com\/index.php?rest_route=%2Fwp%2Fv2%2Ftags&post=179606"}],"curies":[{"name":"wp","href":"https:\/\/api.w.org\/{rel}","templated":true}]}}